{"id":86933,"date":"2022-02-09T12:33:17","date_gmt":"2022-02-09T17:33:17","guid":{"rendered":"https:\/\/www.cuballama.com\/noticias\/?p=86933"},"modified":"2022-02-09T12:33:20","modified_gmt":"2022-02-09T17:33:20","slug":"familia-cubana-con-5-ninos-cruza-a-nado-el-rio-bravo","status":"publish","type":"post","link":"https:\/\/www.cuballama.com\/noticias\/familia-cubana-con-5-ninos-cruza-a-nado-el-rio-bravo\/","title":{"rendered":"Familia cubana con 5 ni\u00f1os cruza a nado el R\u00edo Bravo"},"content":{"rendered":"\n<p>Una familia cubana compuesta por tres personas adultas y 3 menores de edad, lleg\u00f3 a las m\u00e1rgenes del r\u00edo Bravo, accidente geogr\u00e1fico que divide de modo natural la frontera de M\u00e9xico con los EE.UU. y se lanzaron a nado a trav\u00e9s del r\u00edo.<\/p>\n\n\n\n<p>Las im\u00e1genes fueron divulgadas por el canal mexicano <a href=\"https:\/\/www.facebook.com\/watch\/?v=1122072168557257&amp;extid=NS-UNK-UNK-UNK-IOS_GK0T-GK1C&amp;ref=sharing\" target=\"_blank\" rel=\"noreferrer noopener nofollow\">M\u00e1s Televisi\u00f3n<\/a>.<\/p>\n\n\n\n<p>En ellas puede verse a la familia cubana llegar, y mientras analizan por d\u00f3nde cruzar y a pesar de las bajas temperaturas, el hombre adulto se quita su chaqueta.<\/p>\n\n\n\n<p>Un reportero mexicano entrevist\u00f3 en vivo a los miembros de la familia cubana, aunque los adultos no se mostraban especialmente abiertos a la conversaci\u00f3n. <\/p>\n\n\n\n<p>Confirmaron que eran cubanos, y mientras uno de ellos hablaba, expel\u00eda aire fr\u00edo de su boca. <\/p>\n\n\n\n<p>El video no puede ser m\u00e1s dr\u00e1matico. Los ni\u00f1os, temerosos de entrar al r\u00edo y con el fr\u00edo reinante lloraban, mientras sus padres los obligan a entrar en el agua fr\u00eda.<\/p>\n\n\n\n<p>Parte de la ropa la introdujeron en bolsas de pl\u00e1stico.<\/p>\n\n\n\n<p>La parte m\u00e1s dram\u00e1tica es cuando se ve que uno de los ni\u00f1os comenz\u00f3 a ser arrastrado por la corriente, pero uno de los adultos lo agarr\u00f3 y salv\u00f3 a tiempo.<\/p>\n\n\n\n<iframe loading=\"lazy\" src=\"https:\/\/www.facebook.com\/plugins\/video.php?height=314&#038;href=https%3A%2F%2Fwww.facebook.com%2Fmastv03%2Fvideos%2F1122072168557257%2F&#038;show_text=true&#038;width=560&#038;t=0\" width=\"560\" height=\"429\" style=\"border:none;overflow:hidden\" scrolling=\"no\" frameborder=\"0\" allowfullscreen=\"true\" allow=\"autoplay; clipboard-write; encrypted-media; picture-in-picture; web-share\" allowFullScreen=\"true\"><\/iframe>\n\n\n\n<p>En las im\u00e1genes puede apreciarse c\u00f3mo, desde la otra orilla los agentes uniformados de los Estados Unidos se encontraban esper\u00e1ndolos<\/p>\n\n\n\n<p>Una vez ya todos en suelo norteamericano, la familia cubana fue subida a los autos de la patrulla fronteriza de los EE-.UU. quienes presuntamente los llevaron a un centro de detenci\u00f3n, coment\u00f3 el periodista de la televisora mexicana.<\/p>\n\n\n\n<p>Este asisti\u00f3 a lo que sin dudas es un momento crucial en la vida de cientos de miles de migrantes cubanos que, cansados de la vida en la isla, venden sus pertenencias y propiedades y se lanzan a un viaje que, en ocasiones, los ha llevado a caminar miles de kil\u00f3metros a trav\u00e9s de las selvas enfrent\u00e1ndose a peligros y bajas o altas temperaturas.<\/p>\n\n\n\n<p>Insectos, reptiles,&#8230; y m\u00e1s, han encontrado miles de cubanos que, ya sea a trav\u00e9s de Guyana o ahora Nicaragua &#8211; pa\u00edses que no exigen visado a los cubanos &#8211; se han aventurado a una traves\u00eda inimaginable, que a muchos les pareciera que culmina con el cruce hacia los Estados Unidos, pero no.<\/p>\n\n\n\n<p><strong>tal vez quieras leer: <\/strong><\/p>\n\n\n\n<p><strong><a href=\"https:\/\/www.cuballama.com\/noticias\/como-pudo-viajar-tan-rapido-buena-fe-a-panama\/\" target=\"_blank\" rel=\"noreferrer noopener\">\u00bfC\u00f3mo pudo viajar tan r\u00e1pido y a qu\u00e9 fue Buena Fe a Panam\u00e1?<\/a><\/strong><\/p>\n","protected":false},"excerpt":{"rendered":"<p>Una familia cubana compuesta por tres personas adultas y 3 menores de edad, lleg\u00f3 a las m\u00e1rgenes del r\u00edo Bravo, accidente geogr\u00e1fico que divide de modo natural la frontera de M\u00e9xico con los EE.UU. y se lanzaron a nado a trav\u00e9s del r\u00edo. Las im\u00e1genes fueron divulgadas por el canal mexicano M\u00e1s Televisi\u00f3n. En ellas [&hellip;]<\/p>\n","protected":false},"author":13,"featured_media":86945,"comment_status":"closed","ping_status":"closed","sticky":false,"template":"","format":"standard","meta":{"_acf_changed":false,"footnotes":""},"categories":[955],"tags":[12559],"class_list":{"0":"post-86933","1":"post","2":"type-post","3":"status-publish","4":"format-standard","5":"has-post-thumbnail","7":"category-noticias-de-cuba","8":"tag-migrantes-cubano"},"acf":[],"yoast_head":"<!-- This site is optimized with the Yoast SEO plugin v27.5 - https:\/\/yoast.com\/product\/yoast-seo-wordpress\/ -->\n<title>Familia cubana con 5 ni\u00f1os cruza a nado el R\u00edo Bravo<\/title>\n<meta name=\"description\" content=\"Todo sucedi\u00f3 delante de los agentes de la Patrulla Fronteriza de los EE.UU., quienes llevaron a la familia cubana a sus autos.\" \/>\n<meta name=\"robots\" content=\"index, follow, max-snippet:-1, max-image-preview:large, max-video-preview:-1\" \/>\n<link rel=\"canonical\" href=\"https:\/\/www.cuballama.com\/noticias\/familia-cubana-con-5-ninos-cruza-a-nado-el-rio-bravo\/\" \/>\n<meta property=\"og:locale\" content=\"es_ES\" \/>\n<meta property=\"og:type\" content=\"article\" \/>\n<meta property=\"og:title\" content=\"Familia cubana con 5 ni\u00f1os cruza a nado el R\u00edo Bravo\" \/>\n<meta property=\"og:description\" content=\"Todo sucedi\u00f3 delante de los agentes de la Patrulla Fronteriza de los EE.UU., quienes llevaron a la familia cubana a sus autos.\" \/>\n<meta property=\"og:url\" content=\"https:\/\/www.cuballama.com\/noticias\/familia-cubana-con-5-ninos-cruza-a-nado-el-rio-bravo\/\" \/>\n<meta property=\"og:site_name\" content=\"Cuballama Noticias\" \/>\n<meta property=\"article:publisher\" content=\"https:\/\/www.facebook.com\/CubaLlama\" \/>\n<meta property=\"article:published_time\" content=\"2022-02-09T17:33:17+00:00\" \/>\n<meta property=\"article:modified_time\" content=\"2022-02-09T17:33:20+00:00\" \/>\n<meta property=\"og:image\" content=\"https:\/\/www.cuballama.com\/noticias\/wp-content\/uploads\/2022\/02\/familia-de-cuba.jpg\" \/>\n\t<meta property=\"og:image:width\" content=\"1770\" \/>\n\t<meta property=\"og:image:height\" content=\"969\" \/>\n\t<meta property=\"og:image:type\" content=\"image\/jpeg\" \/>\n<meta name=\"author\" content=\"Roberto A.\" \/>\n<meta name=\"twitter:card\" content=\"summary_large_image\" \/>\n<meta name=\"twitter:creator\" content=\"@cuballama\" \/>\n<meta name=\"twitter:site\" content=\"@cuballama\" \/>\n<meta name=\"twitter:label1\" content=\"Escrito por\" \/>\n\t<meta name=\"twitter:data1\" content=\"Roberto A.\" \/>\n\t<meta name=\"twitter:label2\" content=\"Tiempo de lectura\" \/>\n\t<meta name=\"twitter:data2\" content=\"2 minutos\" \/>\n<script type=\"application\/ld+json\" class=\"yoast-schema-graph\">{\"@context\":\"https:\\\/\\\/schema.org\",\"@graph\":[{\"@type\":\"Article\",\"@id\":\"https:\\\/\\\/www.cuballama.com\\\/noticias\\\/familia-cubana-con-5-ninos-cruza-a-nado-el-rio-bravo\\\/#article\",\"isPartOf\":{\"@id\":\"https:\\\/\\\/www.cuballama.com\\\/noticias\\\/familia-cubana-con-5-ninos-cruza-a-nado-el-rio-bravo\\\/\"},\"author\":{\"name\":\"Roberto A.\",\"@id\":\"https:\\\/\\\/www.cuballama.com\\\/noticias\\\/#\\\/schema\\\/person\\\/a58502ed4146c8e9f83872e897c76cd2\"},\"headline\":\"Familia cubana con 5 ni\u00f1os cruza a nado el R\u00edo Bravo\",\"datePublished\":\"2022-02-09T17:33:17+00:00\",\"dateModified\":\"2022-02-09T17:33:20+00:00\",\"mainEntityOfPage\":{\"@id\":\"https:\\\/\\\/www.cuballama.com\\\/noticias\\\/familia-cubana-con-5-ninos-cruza-a-nado-el-rio-bravo\\\/\"},\"wordCount\":434,\"publisher\":{\"@id\":\"https:\\\/\\\/www.cuballama.com\\\/noticias\\\/#organization\"},\"image\":{\"@id\":\"https:\\\/\\\/www.cuballama.com\\\/noticias\\\/familia-cubana-con-5-ninos-cruza-a-nado-el-rio-bravo\\\/#primaryimage\"},\"thumbnailUrl\":\"https:\\\/\\\/cdn1.mediawpaccore.net\\\/wp-content\\\/uploads\\\/2022\\\/02\\\/09123025\\\/familia-de-cuba.jpg\",\"keywords\":[\"migrantes cubano\"],\"articleSection\":[\"Noticias de Cuba\"],\"inLanguage\":\"es\"},{\"@type\":\"WebPage\",\"@id\":\"https:\\\/\\\/www.cuballama.com\\\/noticias\\\/familia-cubana-con-5-ninos-cruza-a-nado-el-rio-bravo\\\/\",\"url\":\"https:\\\/\\\/www.cuballama.com\\\/noticias\\\/familia-cubana-con-5-ninos-cruza-a-nado-el-rio-bravo\\\/\",\"name\":\"Familia cubana con 5 ni\u00f1os cruza a nado el R\u00edo Bravo\",\"isPartOf\":{\"@id\":\"https:\\\/\\\/www.cuballama.com\\\/noticias\\\/#website\"},\"primaryImageOfPage\":{\"@id\":\"https:\\\/\\\/www.cuballama.com\\\/noticias\\\/familia-cubana-con-5-ninos-cruza-a-nado-el-rio-bravo\\\/#primaryimage\"},\"image\":{\"@id\":\"https:\\\/\\\/www.cuballama.com\\\/noticias\\\/familia-cubana-con-5-ninos-cruza-a-nado-el-rio-bravo\\\/#primaryimage\"},\"thumbnailUrl\":\"https:\\\/\\\/cdn1.mediawpaccore.net\\\/wp-content\\\/uploads\\\/2022\\\/02\\\/09123025\\\/familia-de-cuba.jpg\",\"datePublished\":\"2022-02-09T17:33:17+00:00\",\"dateModified\":\"2022-02-09T17:33:20+00:00\",\"description\":\"Todo sucedi\u00f3 delante de los agentes de la Patrulla Fronteriza de los EE.UU., quienes llevaron a la familia cubana a sus autos.\",\"breadcrumb\":{\"@id\":\"https:\\\/\\\/www.cuballama.com\\\/noticias\\\/familia-cubana-con-5-ninos-cruza-a-nado-el-rio-bravo\\\/#breadcrumb\"},\"inLanguage\":\"es\",\"potentialAction\":[{\"@type\":\"ReadAction\",\"target\":[\"https:\\\/\\\/www.cuballama.com\\\/noticias\\\/familia-cubana-con-5-ninos-cruza-a-nado-el-rio-bravo\\\/\"]}]},{\"@type\":\"ImageObject\",\"inLanguage\":\"es\",\"@id\":\"https:\\\/\\\/www.cuballama.com\\\/noticias\\\/familia-cubana-con-5-ninos-cruza-a-nado-el-rio-bravo\\\/#primaryimage\",\"url\":\"https:\\\/\\\/cdn1.mediawpaccore.net\\\/wp-content\\\/uploads\\\/2022\\\/02\\\/09123025\\\/familia-de-cuba.jpg\",\"contentUrl\":\"https:\\\/\\\/cdn1.mediawpaccore.net\\\/wp-content\\\/uploads\\\/2022\\\/02\\\/09123025\\\/familia-de-cuba.jpg\",\"width\":1770,\"height\":969,\"caption\":\"Una familia cubana se aventura a cruzar el r\u00edo Bravo. Foto: Video captura \\\/ Mas Televisi\u00f3n\"},{\"@type\":\"BreadcrumbList\",\"@id\":\"https:\\\/\\\/www.cuballama.com\\\/noticias\\\/familia-cubana-con-5-ninos-cruza-a-nado-el-rio-bravo\\\/#breadcrumb\",\"itemListElement\":[{\"@type\":\"ListItem\",\"position\":1,\"name\":\"Home\",\"item\":\"https:\\\/\\\/www.cuballama.com\\\/noticias\\\/\"},{\"@type\":\"ListItem\",\"position\":2,\"name\":\"Familia cubana con 5 ni\u00f1os cruza a nado el R\u00edo Bravo\"}]},{\"@type\":\"WebSite\",\"@id\":\"https:\\\/\\\/www.cuballama.com\\\/noticias\\\/#website\",\"url\":\"https:\\\/\\\/www.cuballama.com\\\/noticias\\\/\",\"name\":\"Cuballama Noticias\",\"description\":\"Medio digital sobre Cuba y el mundo\",\"publisher\":{\"@id\":\"https:\\\/\\\/www.cuballama.com\\\/noticias\\\/#organization\"},\"potentialAction\":[{\"@type\":\"SearchAction\",\"target\":{\"@type\":\"EntryPoint\",\"urlTemplate\":\"https:\\\/\\\/www.cuballama.com\\\/noticias\\\/?s={search_term_string}\"},\"query-input\":{\"@type\":\"PropertyValueSpecification\",\"valueRequired\":true,\"valueName\":\"search_term_string\"}}],\"inLanguage\":\"es\"},{\"@type\":\"Organization\",\"@id\":\"https:\\\/\\\/www.cuballama.com\\\/noticias\\\/#organization\",\"name\":\"Cuballama\",\"url\":\"https:\\\/\\\/www.cuballama.com\\\/noticias\\\/\",\"logo\":{\"@type\":\"ImageObject\",\"inLanguage\":\"es\",\"@id\":\"https:\\\/\\\/www.cuballama.com\\\/noticias\\\/#\\\/schema\\\/logo\\\/image\\\/\",\"url\":\"https:\\\/\\\/cdn1.mediawpaccore.net\\\/wp-content\\\/uploads\\\/2021\\\/12\\\/28171206\\\/cbll-logo-color-sm.png\",\"contentUrl\":\"https:\\\/\\\/cdn1.mediawpaccore.net\\\/wp-content\\\/uploads\\\/2021\\\/12\\\/28171206\\\/cbll-logo-color-sm.png\",\"width\":600,\"height\":133,\"caption\":\"Cuballama\"},\"image\":{\"@id\":\"https:\\\/\\\/www.cuballama.com\\\/noticias\\\/#\\\/schema\\\/logo\\\/image\\\/\"},\"sameAs\":[\"https:\\\/\\\/www.facebook.com\\\/CubaLlama\",\"https:\\\/\\\/x.com\\\/cuballama\",\"https:\\\/\\\/www.instagram.com\\\/stories\\\/cuballama_oficial\\\/\",\"https:\\\/\\\/www.youtube.com\\\/channel\\\/UCKkFE-d_axENGZcrc4as0IA\"]},{\"@type\":\"Person\",\"@id\":\"https:\\\/\\\/www.cuballama.com\\\/noticias\\\/#\\\/schema\\\/person\\\/a58502ed4146c8e9f83872e897c76cd2\",\"name\":\"Roberto A.\",\"description\":\"Roberto A. Periodista por decisi\u00f3n propia. Interesado en cualquier tema que me apasione y cada vez m\u00e1s comprometido con la verdad y la objetividad period\u00edstica. Graduado en La Habana hace ya muchos a\u00f1os, luego de una accidentada y polvorienta b\u00fasqueda de informaci\u00f3n sobre un tema in\u00e9dito. La Tesis, por cierto, desapareci\u00f3 de la biblioteca y no se conservan copias de la misma.\",\"url\":\"https:\\\/\\\/www.cuballama.com\\\/noticias\\\/author\\\/roberto\\\/\"}]}<\/script>\n<!-- \/ Yoast SEO plugin. -->","yoast_head_json":{"title":"Familia cubana con 5 ni\u00f1os cruza a nado el R\u00edo Bravo","description":"Todo sucedi\u00f3 delante de los agentes de la Patrulla Fronteriza de los EE.UU., quienes llevaron a la familia cubana a sus autos.","robots":{"index":"index","follow":"follow","max-snippet":"max-snippet:-1","max-image-preview":"max-image-preview:large","max-video-preview":"max-video-preview:-1"},"canonical":"https:\/\/www.cuballama.com\/noticias\/familia-cubana-con-5-ninos-cruza-a-nado-el-rio-bravo\/","og_locale":"es_ES","og_type":"article","og_title":"Familia cubana con 5 ni\u00f1os cruza a nado el R\u00edo Bravo","og_description":"Todo sucedi\u00f3 delante de los agentes de la Patrulla Fronteriza de los EE.UU., quienes llevaron a la familia cubana a sus autos.","og_url":"https:\/\/www.cuballama.com\/noticias\/familia-cubana-con-5-ninos-cruza-a-nado-el-rio-bravo\/","og_site_name":"Cuballama Noticias","article_publisher":"https:\/\/www.facebook.com\/CubaLlama","article_published_time":"2022-02-09T17:33:17+00:00","article_modified_time":"2022-02-09T17:33:20+00:00","og_image":[{"width":1770,"height":969,"url":"https:\/\/www.cuballama.com\/noticias\/wp-content\/uploads\/2022\/02\/familia-de-cuba.jpg","type":"image\/jpeg"}],"author":"Roberto A.","twitter_card":"summary_large_image","twitter_creator":"@cuballama","twitter_site":"@cuballama","twitter_misc":{"Escrito por":"Roberto A.","Tiempo de lectura":"2 minutos"},"schema":{"@context":"https:\/\/schema.org","@graph":[{"@type":"Article","@id":"https:\/\/www.cuballama.com\/noticias\/familia-cubana-con-5-ninos-cruza-a-nado-el-rio-bravo\/#article","isPartOf":{"@id":"https:\/\/www.cuballama.com\/noticias\/familia-cubana-con-5-ninos-cruza-a-nado-el-rio-bravo\/"},"author":{"name":"Roberto A.","@id":"https:\/\/www.cuballama.com\/noticias\/#\/schema\/person\/a58502ed4146c8e9f83872e897c76cd2"},"headline":"Familia cubana con 5 ni\u00f1os cruza a nado el R\u00edo Bravo","datePublished":"2022-02-09T17:33:17+00:00","dateModified":"2022-02-09T17:33:20+00:00","mainEntityOfPage":{"@id":"https:\/\/www.cuballama.com\/noticias\/familia-cubana-con-5-ninos-cruza-a-nado-el-rio-bravo\/"},"wordCount":434,"publisher":{"@id":"https:\/\/www.cuballama.com\/noticias\/#organization"},"image":{"@id":"https:\/\/www.cuballama.com\/noticias\/familia-cubana-con-5-ninos-cruza-a-nado-el-rio-bravo\/#primaryimage"},"thumbnailUrl":"https:\/\/cdn1.mediawpaccore.net\/wp-content\/uploads\/2022\/02\/09123025\/familia-de-cuba.jpg","keywords":["migrantes cubano"],"articleSection":["Noticias de Cuba"],"inLanguage":"es"},{"@type":"WebPage","@id":"https:\/\/www.cuballama.com\/noticias\/familia-cubana-con-5-ninos-cruza-a-nado-el-rio-bravo\/","url":"https:\/\/www.cuballama.com\/noticias\/familia-cubana-con-5-ninos-cruza-a-nado-el-rio-bravo\/","name":"Familia cubana con 5 ni\u00f1os cruza a nado el R\u00edo Bravo","isPartOf":{"@id":"https:\/\/www.cuballama.com\/noticias\/#website"},"primaryImageOfPage":{"@id":"https:\/\/www.cuballama.com\/noticias\/familia-cubana-con-5-ninos-cruza-a-nado-el-rio-bravo\/#primaryimage"},"image":{"@id":"https:\/\/www.cuballama.com\/noticias\/familia-cubana-con-5-ninos-cruza-a-nado-el-rio-bravo\/#primaryimage"},"thumbnailUrl":"https:\/\/cdn1.mediawpaccore.net\/wp-content\/uploads\/2022\/02\/09123025\/familia-de-cuba.jpg","datePublished":"2022-02-09T17:33:17+00:00","dateModified":"2022-02-09T17:33:20+00:00","description":"Todo sucedi\u00f3 delante de los agentes de la Patrulla Fronteriza de los EE.UU., quienes llevaron a la familia cubana a sus autos.","breadcrumb":{"@id":"https:\/\/www.cuballama.com\/noticias\/familia-cubana-con-5-ninos-cruza-a-nado-el-rio-bravo\/#breadcrumb"},"inLanguage":"es","potentialAction":[{"@type":"ReadAction","target":["https:\/\/www.cuballama.com\/noticias\/familia-cubana-con-5-ninos-cruza-a-nado-el-rio-bravo\/"]}]},{"@type":"ImageObject","inLanguage":"es","@id":"https:\/\/www.cuballama.com\/noticias\/familia-cubana-con-5-ninos-cruza-a-nado-el-rio-bravo\/#primaryimage","url":"https:\/\/cdn1.mediawpaccore.net\/wp-content\/uploads\/2022\/02\/09123025\/familia-de-cuba.jpg","contentUrl":"https:\/\/cdn1.mediawpaccore.net\/wp-content\/uploads\/2022\/02\/09123025\/familia-de-cuba.jpg","width":1770,"height":969,"caption":"Una familia cubana se aventura a cruzar el r\u00edo Bravo. Foto: Video captura \/ Mas Televisi\u00f3n"},{"@type":"BreadcrumbList","@id":"https:\/\/www.cuballama.com\/noticias\/familia-cubana-con-5-ninos-cruza-a-nado-el-rio-bravo\/#breadcrumb","itemListElement":[{"@type":"ListItem","position":1,"name":"Home","item":"https:\/\/www.cuballama.com\/noticias\/"},{"@type":"ListItem","position":2,"name":"Familia cubana con 5 ni\u00f1os cruza a nado el R\u00edo Bravo"}]},{"@type":"WebSite","@id":"https:\/\/www.cuballama.com\/noticias\/#website","url":"https:\/\/www.cuballama.com\/noticias\/","name":"Cuballama Noticias","description":"Medio digital sobre Cuba y el mundo","publisher":{"@id":"https:\/\/www.cuballama.com\/noticias\/#organization"},"potentialAction":[{"@type":"SearchAction","target":{"@type":"EntryPoint","urlTemplate":"https:\/\/www.cuballama.com\/noticias\/?s={search_term_string}"},"query-input":{"@type":"PropertyValueSpecification","valueRequired":true,"valueName":"search_term_string"}}],"inLanguage":"es"},{"@type":"Organization","@id":"https:\/\/www.cuballama.com\/noticias\/#organization","name":"Cuballama","url":"https:\/\/www.cuballama.com\/noticias\/","logo":{"@type":"ImageObject","inLanguage":"es","@id":"https:\/\/www.cuballama.com\/noticias\/#\/schema\/logo\/image\/","url":"https:\/\/cdn1.mediawpaccore.net\/wp-content\/uploads\/2021\/12\/28171206\/cbll-logo-color-sm.png","contentUrl":"https:\/\/cdn1.mediawpaccore.net\/wp-content\/uploads\/2021\/12\/28171206\/cbll-logo-color-sm.png","width":600,"height":133,"caption":"Cuballama"},"image":{"@id":"https:\/\/www.cuballama.com\/noticias\/#\/schema\/logo\/image\/"},"sameAs":["https:\/\/www.facebook.com\/CubaLlama","https:\/\/x.com\/cuballama","https:\/\/www.instagram.com\/stories\/cuballama_oficial\/","https:\/\/www.youtube.com\/channel\/UCKkFE-d_axENGZcrc4as0IA"]},{"@type":"Person","@id":"https:\/\/www.cuballama.com\/noticias\/#\/schema\/person\/a58502ed4146c8e9f83872e897c76cd2","name":"Roberto A.","description":"Roberto A. Periodista por decisi\u00f3n propia. Interesado en cualquier tema que me apasione y cada vez m\u00e1s comprometido con la verdad y la objetividad period\u00edstica. Graduado en La Habana hace ya muchos a\u00f1os, luego de una accidentada y polvorienta b\u00fasqueda de informaci\u00f3n sobre un tema in\u00e9dito. La Tesis, por cierto, desapareci\u00f3 de la biblioteca y no se conservan copias de la misma.","url":"https:\/\/www.cuballama.com\/noticias\/author\/roberto\/"}]}},"_links":{"self":[{"href":"https:\/\/www.cuballama.com\/noticias\/wp-json\/wp\/v2\/posts\/86933","targetHints":{"allow":["GET"]}}],"collection":[{"href":"https:\/\/www.cuballama.com\/noticias\/wp-json\/wp\/v2\/posts"}],"about":[{"href":"https:\/\/www.cuballama.com\/noticias\/wp-json\/wp\/v2\/types\/post"}],"author":[{"embeddable":true,"href":"https:\/\/www.cuballama.com\/noticias\/wp-json\/wp\/v2\/users\/13"}],"replies":[{"embeddable":true,"href":"https:\/\/www.cuballama.com\/noticias\/wp-json\/wp\/v2\/comments?post=86933"}],"version-history":[{"count":3,"href":"https:\/\/www.cuballama.com\/noticias\/wp-json\/wp\/v2\/posts\/86933\/revisions"}],"predecessor-version":[{"id":86947,"href":"https:\/\/www.cuballama.com\/noticias\/wp-json\/wp\/v2\/posts\/86933\/revisions\/86947"}],"wp:featuredmedia":[{"embeddable":true,"href":"https:\/\/www.cuballama.com\/noticias\/wp-json\/wp\/v2\/media\/86945"}],"wp:attachment":[{"href":"https:\/\/www.cuballama.com\/noticias\/wp-json\/wp\/v2\/media?parent=86933"}],"wp:term":[{"taxonomy":"category","embeddable":true,"href":"https:\/\/www.cuballama.com\/noticias\/wp-json\/wp\/v2\/categories?post=86933"},{"taxonomy":"post_tag","embeddable":true,"href":"https:\/\/www.cuballama.com\/noticias\/wp-json\/wp\/v2\/tags?post=86933"}],"curies":[{"name":"wp","href":"https:\/\/api.w.org\/{rel}","templated":true}]}}