{"id":86680,"date":"2022-02-05T07:40:51","date_gmt":"2022-02-05T12:40:51","guid":{"rendered":"https:\/\/www.cuballama.com\/noticias\/?p=86680"},"modified":"2022-02-05T07:42:04","modified_gmt":"2022-02-05T12:42:04","slug":"cancelan-conciertos-a-buena-fe-en-canada-por-no-estar-legalmente-vacunados","status":"publish","type":"post","link":"https:\/\/www.cuballama.com\/noticias\/cancelan-conciertos-a-buena-fe-en-canada-por-no-estar-legalmente-vacunados\/","title":{"rendered":"Cancelan conciertos a Buena Fe en Canad\u00e1"},"content":{"rendered":"\n<p>Los conciertos del d\u00fao Buena Fe programados desde hace dos a\u00f1os por The Opera House de Canad\u00e1 en las ciudades de Montreal, Toronto y Edmonton fueron cancelados por motivos de bioseguridad cuando se acercaban a su final realizaci\u00f3n entre el 20 y el 22 de mayo pr\u00f3ximo.<\/p>\n\n\n\n<p>En un comunicado oficial, la entidad declar\u00f3 que la cancelaci\u00f3n la hac\u00edan con \u201cgran tristeza\u201d y por razones tan fuera de su control como que \u201ctodos los extranjeros que entren al pa\u00eds deben tener una vacuna aceptada por Canad\u00e1 para poder ingresar por la frontera, y Buena Fe a\u00fan no tiene este requisito\u201d, ya que no se ha inoculado con la AstraZeneca\/COVISHIELD, la Bharat Biotech, Janssen\/Johnson &amp; Jonhson, Moderna, Pfizer-BioNTech, Sinopharm o Sinovac, que cuentan adem\u00e1s con los certificados de la Organizaci\u00f3n Mundial de la Salud (OMS) y la Organizaci\u00f3n Panamericana de la Salud (OPS).<\/p>\n\n\n\n<p>Ante las numerosas expresiones de j\u00fabilo en las redes sociales por estas <a href=\"https:\/\/diariodecuba.com\/cultura\/1644013459_37288.html\" target=\"_blank\" rel=\"noreferrer noopener nofollow\">cancelaciones<\/a>, que suceden a la par del masivo desmarque de artistas internacionales y cubanos del evento San Remo Musica Award Cuba, organizado por Lis Cuesta, esposa de Miguel D\u00edaz-Canel,<a href=\"https:\/\/www.cuballama.com\/noticias\/pedir-ayuda-buena-fe-prensa-independiente\/\" target=\"_blank\" rel=\"noreferrer noopener\"> Israel Rojas<\/a> y Yoel Mart\u00ednez publicaron en sus redes sociales un video de un minuto de duraci\u00f3n donde refrendan que la decisi\u00f3n de la Opera House no sucedi\u00f3 por la presi\u00f3n de los cubanos en Canad\u00e1.<\/p>\n\n\n\n<p>\u201cAquellos que creyeron, que creen que es un \u00e9xito que no se hayan hecho los conciertos en Canad\u00e1, cosa que realmente no es as\u00ed. La informaci\u00f3n est\u00e1, una vez m\u00e1s, manipulada\u201d, declara primero Mart\u00ednez.<\/p>\n\n\n\n<p>\u201cEn el 2020, nosotros, conjuntamente con una empresa canadiense, se organizaron unos conciertos para lanzar el disco Carnal\u201d, explica acto seguido Israel Rojas. \u201cLleg\u00f3 la pandemia y se pospuso para el a\u00f1o 2021. Result\u00f3 que en el a\u00f1o 2021 nadie de los que hab\u00eda comprado esos conciertos en Canad\u00e1, lo mismo en Toronto, que en Montreal, que en Ottawa, pidi\u00f3 el dinero para atr\u00e1s. Lo cual hizo que se mantuvieran las fechas. Resultado: que la pandemia no lo permiti\u00f3. Y ahora en el 2022 pues resulta que es el gobierno de Canad\u00e1 el que no acepta, no reconoce las vacunas cubanas.\u201d<\/p>\n\n\n\n<p><a href=\"https:\/\/www.cuballama.com\/noticias\/buena-o-mala-fe-concierto-con-covid-a-2000-cup\/\" target=\"_blank\" rel=\"noreferrer noopener\">El dueto de cantautores<\/a> est\u00e1n vacunados con los candidatos cubanos, a los cuales incluso han compuesto un tema musical muy utilizado por los medios oficiales cubanos en la promoci\u00f3n nacional de estos medicamentos, que a\u00fan no son aceptados como soluciones de emergencia por las organizaciones globales referidas para su aplicaci\u00f3n global.<\/p>\n\n\n\n<p>Aunque la Opera House ofrece como \u00fanico motivo la cuesti\u00f3n m\u00e9dica, asegurando que esperan reprogramar \u201cla gira nuevamente cuando sea el momento adecuado; cuando sea seguro hacerlo y cuando la banda tenga permiso legal para entrar\u201d, numerosos cubanos residentes en Canad\u00e1 convocaron desde hace varios d\u00edas a cancelar los conciertos de los cubanos dadas sus continuadas manifestaciones de apoyo al gobierno cubano y sus soluciones represivas para lidiar con los descontentos sociales, pol\u00edticos y econ\u00f3micos que alcanzaron su pico m\u00e1ximo hasta ahora en las protestas multitudinarias del 11J.<\/p>\n\n\n\n<p>Una petici\u00f3n publicada en la plataforma Change.org solicita la suspensi\u00f3n de las presentaciones de Buena Fe alegando que \u201chan despertado la indignaci\u00f3n de la comunidad de cubanos residentes en Canad\u00e1. La raz\u00f3n de tanta indignaci\u00f3n es que el director de esta agrupaci\u00f3n, Israel Rojas, es un firme vocero de la dictadura cubana y ha apoyado los abusos y las violaciones de derechos humanos cometidas por el r\u00e9gimen de la Habana contra el pueblo de Cuba\u201d.<\/p>\n\n\n\n<p>Los cubanos movilizados contra las actuaciones de Buena Fe expresan en la petici\u00f3n no querer que estas personas propaguen su mensaje de odio en nuestras queridas ciudades\u201d, pues esto resulta \u201csencillamente inadmisible y constituye una afrenta a la dignidad de los miles y miles de cubanos residentes en Canad\u00e1 que luchamos por una Cuba Libre y Democr\u00e1tica\u00bb.<\/p>\n","protected":false},"excerpt":{"rendered":"<p>Los conciertos del d\u00fao Buena Fe programados desde hace dos a\u00f1os por The Opera House de Canad\u00e1 en las ciudades de Montreal, Toronto y Edmonton fueron cancelados por motivos de bioseguridad cuando se acercaban a su final realizaci\u00f3n entre el 20 y el 22 de mayo pr\u00f3ximo. En un comunicado oficial, la entidad declar\u00f3 que [&hellip;]<\/p>\n","protected":false},"author":24,"featured_media":0,"comment_status":"closed","ping_status":"closed","sticky":false,"template":"","format":"standard","meta":{"_acf_changed":false,"footnotes":""},"categories":[18,955],"tags":[252,7128,941],"class_list":{"0":"post-86680","1":"post","2":"type-post","3":"status-publish","4":"format-standard","6":"category-noticias","7":"category-noticias-de-cuba","8":"tag-artistas-cubanos","9":"tag-buena-fe","10":"tag-destacado"},"acf":[],"yoast_head":"<!-- This site is optimized with the Yoast SEO plugin v27.4 - https:\/\/yoast.com\/product\/yoast-seo-wordpress\/ -->\n<title>Cancelan conciertos a Buena Fe en Canad\u00e1<\/title>\n<meta name=\"description\" content=\"Los conciertos del d\u00fao Buena Fe programados en las ciudades de Montreal, Toronto y Edmonton fueron cancelados por motivos de bioseguridad\" \/>\n<meta name=\"robots\" content=\"index, follow, max-snippet:-1, max-image-preview:large, max-video-preview:-1\" \/>\n<link rel=\"canonical\" href=\"https:\/\/www.cuballama.com\/noticias\/cancelan-conciertos-a-buena-fe-en-canada-por-no-estar-legalmente-vacunados\/\" \/>\n<meta property=\"og:locale\" content=\"es_ES\" \/>\n<meta property=\"og:type\" content=\"article\" \/>\n<meta property=\"og:title\" content=\"Cancelan conciertos a Buena Fe en Canad\u00e1\" \/>\n<meta property=\"og:description\" content=\"Los conciertos del d\u00fao Buena Fe programados en las ciudades de Montreal, Toronto y Edmonton fueron cancelados por motivos de bioseguridad\" \/>\n<meta property=\"og:url\" content=\"https:\/\/www.cuballama.com\/noticias\/cancelan-conciertos-a-buena-fe-en-canada-por-no-estar-legalmente-vacunados\/\" \/>\n<meta property=\"og:site_name\" content=\"Cuballama Noticias\" \/>\n<meta property=\"article:publisher\" content=\"https:\/\/www.facebook.com\/CubaLlama\" \/>\n<meta property=\"article:published_time\" content=\"2022-02-05T12:40:51+00:00\" \/>\n<meta property=\"article:modified_time\" content=\"2022-02-05T12:42:04+00:00\" \/>\n<meta property=\"og:image\" content=\"https:\/\/www.cuballama.com\/noticias\/wp-content\/uploads\/2021\/09\/BF.jpg\" \/>\n\t<meta property=\"og:image:width\" content=\"1199\" \/>\n\t<meta property=\"og:image:height\" content=\"628\" \/>\n\t<meta property=\"og:image:type\" content=\"image\/jpeg\" \/>\n<meta name=\"author\" content=\"Manu\" \/>\n<meta name=\"twitter:card\" content=\"summary_large_image\" \/>\n<meta name=\"twitter:creator\" content=\"@cuballama\" \/>\n<meta name=\"twitter:site\" content=\"@cuballama\" \/>\n<meta name=\"twitter:label1\" content=\"Escrito por\" \/>\n\t<meta name=\"twitter:data1\" content=\"Manu\" \/>\n\t<meta name=\"twitter:label2\" content=\"Tiempo de lectura\" \/>\n\t<meta name=\"twitter:data2\" content=\"3 minutos\" \/>\n<script type=\"application\/ld+json\" class=\"yoast-schema-graph\">{\"@context\":\"https:\\\/\\\/schema.org\",\"@graph\":[{\"@type\":\"Article\",\"@id\":\"https:\\\/\\\/www.cuballama.com\\\/noticias\\\/cancelan-conciertos-a-buena-fe-en-canada-por-no-estar-legalmente-vacunados\\\/#article\",\"isPartOf\":{\"@id\":\"https:\\\/\\\/www.cuballama.com\\\/noticias\\\/cancelan-conciertos-a-buena-fe-en-canada-por-no-estar-legalmente-vacunados\\\/\"},\"author\":{\"name\":\"Manu\",\"@id\":\"https:\\\/\\\/www.cuballama.com\\\/noticias\\\/#\\\/schema\\\/person\\\/5889f7d070564f8386e7944d14d436cd\"},\"headline\":\"Cancelan conciertos a Buena Fe en Canad\u00e1\",\"datePublished\":\"2022-02-05T12:40:51+00:00\",\"dateModified\":\"2022-02-05T12:42:04+00:00\",\"mainEntityOfPage\":{\"@id\":\"https:\\\/\\\/www.cuballama.com\\\/noticias\\\/cancelan-conciertos-a-buena-fe-en-canada-por-no-estar-legalmente-vacunados\\\/\"},\"wordCount\":672,\"publisher\":{\"@id\":\"https:\\\/\\\/www.cuballama.com\\\/noticias\\\/#organization\"},\"keywords\":[\"Artistas cubanos\",\"Buena Fe\",\"destacado\"],\"articleSection\":[\"Noticias\",\"Noticias de Cuba\"],\"inLanguage\":\"es\"},{\"@type\":\"WebPage\",\"@id\":\"https:\\\/\\\/www.cuballama.com\\\/noticias\\\/cancelan-conciertos-a-buena-fe-en-canada-por-no-estar-legalmente-vacunados\\\/\",\"url\":\"https:\\\/\\\/www.cuballama.com\\\/noticias\\\/cancelan-conciertos-a-buena-fe-en-canada-por-no-estar-legalmente-vacunados\\\/\",\"name\":\"Cancelan conciertos a Buena Fe en Canad\u00e1\",\"isPartOf\":{\"@id\":\"https:\\\/\\\/www.cuballama.com\\\/noticias\\\/#website\"},\"datePublished\":\"2022-02-05T12:40:51+00:00\",\"dateModified\":\"2022-02-05T12:42:04+00:00\",\"description\":\"Los conciertos del d\u00fao Buena Fe programados en las ciudades de Montreal, Toronto y Edmonton fueron cancelados por motivos de bioseguridad\",\"breadcrumb\":{\"@id\":\"https:\\\/\\\/www.cuballama.com\\\/noticias\\\/cancelan-conciertos-a-buena-fe-en-canada-por-no-estar-legalmente-vacunados\\\/#breadcrumb\"},\"inLanguage\":\"es\",\"potentialAction\":[{\"@type\":\"ReadAction\",\"target\":[\"https:\\\/\\\/www.cuballama.com\\\/noticias\\\/cancelan-conciertos-a-buena-fe-en-canada-por-no-estar-legalmente-vacunados\\\/\"]}]},{\"@type\":\"BreadcrumbList\",\"@id\":\"https:\\\/\\\/www.cuballama.com\\\/noticias\\\/cancelan-conciertos-a-buena-fe-en-canada-por-no-estar-legalmente-vacunados\\\/#breadcrumb\",\"itemListElement\":[{\"@type\":\"ListItem\",\"position\":1,\"name\":\"Home\",\"item\":\"https:\\\/\\\/www.cuballama.com\\\/noticias\\\/\"},{\"@type\":\"ListItem\",\"position\":2,\"name\":\"Cancelan conciertos a Buena Fe en Canad\u00e1\"}]},{\"@type\":\"WebSite\",\"@id\":\"https:\\\/\\\/www.cuballama.com\\\/noticias\\\/#website\",\"url\":\"https:\\\/\\\/www.cuballama.com\\\/noticias\\\/\",\"name\":\"Cuballama Noticias\",\"description\":\"Medio digital sobre Cuba y el mundo\",\"publisher\":{\"@id\":\"https:\\\/\\\/www.cuballama.com\\\/noticias\\\/#organization\"},\"potentialAction\":[{\"@type\":\"SearchAction\",\"target\":{\"@type\":\"EntryPoint\",\"urlTemplate\":\"https:\\\/\\\/www.cuballama.com\\\/noticias\\\/?s={search_term_string}\"},\"query-input\":{\"@type\":\"PropertyValueSpecification\",\"valueRequired\":true,\"valueName\":\"search_term_string\"}}],\"inLanguage\":\"es\"},{\"@type\":\"Organization\",\"@id\":\"https:\\\/\\\/www.cuballama.com\\\/noticias\\\/#organization\",\"name\":\"Cuballama\",\"url\":\"https:\\\/\\\/www.cuballama.com\\\/noticias\\\/\",\"logo\":{\"@type\":\"ImageObject\",\"inLanguage\":\"es\",\"@id\":\"https:\\\/\\\/www.cuballama.com\\\/noticias\\\/#\\\/schema\\\/logo\\\/image\\\/\",\"url\":\"https:\\\/\\\/cdn1.mediawpaccore.net\\\/wp-content\\\/uploads\\\/2021\\\/12\\\/28171206\\\/cbll-logo-color-sm.png\",\"contentUrl\":\"https:\\\/\\\/cdn1.mediawpaccore.net\\\/wp-content\\\/uploads\\\/2021\\\/12\\\/28171206\\\/cbll-logo-color-sm.png\",\"width\":600,\"height\":133,\"caption\":\"Cuballama\"},\"image\":{\"@id\":\"https:\\\/\\\/www.cuballama.com\\\/noticias\\\/#\\\/schema\\\/logo\\\/image\\\/\"},\"sameAs\":[\"https:\\\/\\\/www.facebook.com\\\/CubaLlama\",\"https:\\\/\\\/x.com\\\/cuballama\",\"https:\\\/\\\/www.instagram.com\\\/stories\\\/cuballama_oficial\\\/\",\"https:\\\/\\\/www.youtube.com\\\/channel\\\/UCKkFE-d_axENGZcrc4as0IA\"]},{\"@type\":\"Person\",\"@id\":\"https:\\\/\\\/www.cuballama.com\\\/noticias\\\/#\\\/schema\\\/person\\\/5889f7d070564f8386e7944d14d436cd\",\"name\":\"Manu\",\"url\":\"https:\\\/\\\/www.cuballama.com\\\/noticias\\\/author\\\/manu\\\/\"}]}<\/script>\n<!-- \/ Yoast SEO plugin. -->","yoast_head_json":{"title":"Cancelan conciertos a Buena Fe en Canad\u00e1","description":"Los conciertos del d\u00fao Buena Fe programados en las ciudades de Montreal, Toronto y Edmonton fueron cancelados por motivos de bioseguridad","robots":{"index":"index","follow":"follow","max-snippet":"max-snippet:-1","max-image-preview":"max-image-preview:large","max-video-preview":"max-video-preview:-1"},"canonical":"https:\/\/www.cuballama.com\/noticias\/cancelan-conciertos-a-buena-fe-en-canada-por-no-estar-legalmente-vacunados\/","og_locale":"es_ES","og_type":"article","og_title":"Cancelan conciertos a Buena Fe en Canad\u00e1","og_description":"Los conciertos del d\u00fao Buena Fe programados en las ciudades de Montreal, Toronto y Edmonton fueron cancelados por motivos de bioseguridad","og_url":"https:\/\/www.cuballama.com\/noticias\/cancelan-conciertos-a-buena-fe-en-canada-por-no-estar-legalmente-vacunados\/","og_site_name":"Cuballama Noticias","article_publisher":"https:\/\/www.facebook.com\/CubaLlama","article_published_time":"2022-02-05T12:40:51+00:00","article_modified_time":"2022-02-05T12:42:04+00:00","og_image":[{"width":1199,"height":628,"url":"https:\/\/www.cuballama.com\/noticias\/wp-content\/uploads\/2021\/09\/BF.jpg","type":"image\/jpeg"}],"author":"Manu","twitter_card":"summary_large_image","twitter_creator":"@cuballama","twitter_site":"@cuballama","twitter_misc":{"Escrito por":"Manu","Tiempo de lectura":"3 minutos"},"schema":{"@context":"https:\/\/schema.org","@graph":[{"@type":"Article","@id":"https:\/\/www.cuballama.com\/noticias\/cancelan-conciertos-a-buena-fe-en-canada-por-no-estar-legalmente-vacunados\/#article","isPartOf":{"@id":"https:\/\/www.cuballama.com\/noticias\/cancelan-conciertos-a-buena-fe-en-canada-por-no-estar-legalmente-vacunados\/"},"author":{"name":"Manu","@id":"https:\/\/www.cuballama.com\/noticias\/#\/schema\/person\/5889f7d070564f8386e7944d14d436cd"},"headline":"Cancelan conciertos a Buena Fe en Canad\u00e1","datePublished":"2022-02-05T12:40:51+00:00","dateModified":"2022-02-05T12:42:04+00:00","mainEntityOfPage":{"@id":"https:\/\/www.cuballama.com\/noticias\/cancelan-conciertos-a-buena-fe-en-canada-por-no-estar-legalmente-vacunados\/"},"wordCount":672,"publisher":{"@id":"https:\/\/www.cuballama.com\/noticias\/#organization"},"keywords":["Artistas cubanos","Buena Fe","destacado"],"articleSection":["Noticias","Noticias de Cuba"],"inLanguage":"es"},{"@type":"WebPage","@id":"https:\/\/www.cuballama.com\/noticias\/cancelan-conciertos-a-buena-fe-en-canada-por-no-estar-legalmente-vacunados\/","url":"https:\/\/www.cuballama.com\/noticias\/cancelan-conciertos-a-buena-fe-en-canada-por-no-estar-legalmente-vacunados\/","name":"Cancelan conciertos a Buena Fe en Canad\u00e1","isPartOf":{"@id":"https:\/\/www.cuballama.com\/noticias\/#website"},"datePublished":"2022-02-05T12:40:51+00:00","dateModified":"2022-02-05T12:42:04+00:00","description":"Los conciertos del d\u00fao Buena Fe programados en las ciudades de Montreal, Toronto y Edmonton fueron cancelados por motivos de bioseguridad","breadcrumb":{"@id":"https:\/\/www.cuballama.com\/noticias\/cancelan-conciertos-a-buena-fe-en-canada-por-no-estar-legalmente-vacunados\/#breadcrumb"},"inLanguage":"es","potentialAction":[{"@type":"ReadAction","target":["https:\/\/www.cuballama.com\/noticias\/cancelan-conciertos-a-buena-fe-en-canada-por-no-estar-legalmente-vacunados\/"]}]},{"@type":"BreadcrumbList","@id":"https:\/\/www.cuballama.com\/noticias\/cancelan-conciertos-a-buena-fe-en-canada-por-no-estar-legalmente-vacunados\/#breadcrumb","itemListElement":[{"@type":"ListItem","position":1,"name":"Home","item":"https:\/\/www.cuballama.com\/noticias\/"},{"@type":"ListItem","position":2,"name":"Cancelan conciertos a Buena Fe en Canad\u00e1"}]},{"@type":"WebSite","@id":"https:\/\/www.cuballama.com\/noticias\/#website","url":"https:\/\/www.cuballama.com\/noticias\/","name":"Cuballama Noticias","description":"Medio digital sobre Cuba y el mundo","publisher":{"@id":"https:\/\/www.cuballama.com\/noticias\/#organization"},"potentialAction":[{"@type":"SearchAction","target":{"@type":"EntryPoint","urlTemplate":"https:\/\/www.cuballama.com\/noticias\/?s={search_term_string}"},"query-input":{"@type":"PropertyValueSpecification","valueRequired":true,"valueName":"search_term_string"}}],"inLanguage":"es"},{"@type":"Organization","@id":"https:\/\/www.cuballama.com\/noticias\/#organization","name":"Cuballama","url":"https:\/\/www.cuballama.com\/noticias\/","logo":{"@type":"ImageObject","inLanguage":"es","@id":"https:\/\/www.cuballama.com\/noticias\/#\/schema\/logo\/image\/","url":"https:\/\/cdn1.mediawpaccore.net\/wp-content\/uploads\/2021\/12\/28171206\/cbll-logo-color-sm.png","contentUrl":"https:\/\/cdn1.mediawpaccore.net\/wp-content\/uploads\/2021\/12\/28171206\/cbll-logo-color-sm.png","width":600,"height":133,"caption":"Cuballama"},"image":{"@id":"https:\/\/www.cuballama.com\/noticias\/#\/schema\/logo\/image\/"},"sameAs":["https:\/\/www.facebook.com\/CubaLlama","https:\/\/x.com\/cuballama","https:\/\/www.instagram.com\/stories\/cuballama_oficial\/","https:\/\/www.youtube.com\/channel\/UCKkFE-d_axENGZcrc4as0IA"]},{"@type":"Person","@id":"https:\/\/www.cuballama.com\/noticias\/#\/schema\/person\/5889f7d070564f8386e7944d14d436cd","name":"Manu","url":"https:\/\/www.cuballama.com\/noticias\/author\/manu\/"}]}},"_links":{"self":[{"href":"https:\/\/www.cuballama.com\/noticias\/wp-json\/wp\/v2\/posts\/86680","targetHints":{"allow":["GET"]}}],"collection":[{"href":"https:\/\/www.cuballama.com\/noticias\/wp-json\/wp\/v2\/posts"}],"about":[{"href":"https:\/\/www.cuballama.com\/noticias\/wp-json\/wp\/v2\/types\/post"}],"author":[{"embeddable":true,"href":"https:\/\/www.cuballama.com\/noticias\/wp-json\/wp\/v2\/users\/24"}],"replies":[{"embeddable":true,"href":"https:\/\/www.cuballama.com\/noticias\/wp-json\/wp\/v2\/comments?post=86680"}],"version-history":[{"count":2,"href":"https:\/\/www.cuballama.com\/noticias\/wp-json\/wp\/v2\/posts\/86680\/revisions"}],"predecessor-version":[{"id":86682,"href":"https:\/\/www.cuballama.com\/noticias\/wp-json\/wp\/v2\/posts\/86680\/revisions\/86682"}],"wp:attachment":[{"href":"https:\/\/www.cuballama.com\/noticias\/wp-json\/wp\/v2\/media?parent=86680"}],"wp:term":[{"taxonomy":"category","embeddable":true,"href":"https:\/\/www.cuballama.com\/noticias\/wp-json\/wp\/v2\/categories?post=86680"},{"taxonomy":"post_tag","embeddable":true,"href":"https:\/\/www.cuballama.com\/noticias\/wp-json\/wp\/v2\/tags?post=86680"}],"curies":[{"name":"wp","href":"https:\/\/api.w.org\/{rel}","templated":true}]}}