{"id":86513,"date":"2022-02-03T10:23:14","date_gmt":"2022-02-03T15:23:14","guid":{"rendered":"https:\/\/www.cuballama.com\/noticias\/?p=86513"},"modified":"2022-02-03T10:23:18","modified_gmt":"2022-02-03T15:23:18","slug":"espana-pide-garantias-para-libertad-de-expresion-en-cuba","status":"publish","type":"post","link":"https:\/\/www.cuballama.com\/noticias\/espana-pide-garantias-para-libertad-de-expresion-en-cuba\/","title":{"rendered":"Espa\u00f1a pide garant\u00edas para libertad de expresi\u00f3n en Cuba\u00a0"},"content":{"rendered":"\n<p>El ministro de Asuntos Exteriores de Espa\u00f1a Jos\u00e9 Manuel Albares, expres\u00f3 que su gobierno ve \u201ccon gran preocupaci\u00f3n\u201d los acontecimientos a ra\u00edz de las protestas del 11 de julio y de la movilizaci\u00f3n fallida del 15 de noviembre del pasado a\u00f1o en Cuba.<\/p>\n\n\n\n<p>En este sentido, ha aprovechado para pedir nuevamente que \u201cse respete y garantice el derecho de manifestaci\u00f3n y expresi\u00f3n pac\u00edfica de todos los ciudadanos\u201d.<\/p>\n\n\n\n<p>En una comparecencia ante el senado ofreci\u00f3 el apoyo de su gobierno para que Cuba inicie un verdadero proceso de transformaci\u00f3n, pues para el diplom\u00e1tico esto es parte del \u201cproceso de reforma, trasformaci\u00f3n y apertura de espacios que debe llevarse a cabo en Cuba y que Espa\u00f1a est\u00e1 dispuesta a respaldar\u201d.<\/p>\n\n\n\n<p>Actualmente el gobierno cubano aun retiene varias de las credenciales de la <a href=\"https:\/\/www.cuballama.com\/noticias\/gobierno-de-cuba-afirma-que-efe-trabaja-con-absoluta-libertad-en-la-isla\/\" target=\"_blank\" rel=\"noreferrer noopener\">agencia espa\u00f1ola EFE,<\/a> lo cual inicialmente devino en un incidente diplom\u00e1tico entre ambos pa\u00edses. Asimismo, la embajada de Espa\u00f1a en Cuba mantiene cerrada la tramitaci\u00f3n de visados de corta estancia, turista o negocios. <\/p>\n\n\n\n<p>Esta orden establece restricciones de viajes no imprescindibles desde terceros pa\u00edses, en este caso Cuba, hacia la Uni\u00f3n Europea y el espacio Schengen.<\/p>\n\n\n\n<p>Por su parte el<a href=\"https:\/\/www.elperiodico.com\/es\/politica\/20210713\/gobierno-cuba-respetar-manifestacion-podemos-dictadura-pp-vox-11907008\" target=\"_blank\" rel=\"noreferrer noopener nofollow\"> gobierno espa\u00f1ol,<\/a> en su ya larga tradici\u00f3n de venta y comercio armament\u00edstico, es uno de los principales socios del gobierno cubano en este rubro, al venderle armamento a las autoridades cubanas por un valor de 2 millones de euros en el a\u00f1o 2020, seg\u00fan trascendi\u00f3 en varios medios de prensa despu\u00e9s de las protestas del 11 de julio de 2021.<\/p>\n\n\n\n<p>Albares tambi\u00e9n se refiri\u00f3 a Venezuela en su comparecencia ante el senado espa\u00f1ol. El funcionario reconoci\u00f3 que las recientes elecciones municipales y regionales han representado \u201cavances\u201d pero \u201cno han cumplido los est\u00e1ndares democr\u00e1ticos\u201d.<\/p>\n\n\n\n<p>El jefe de la diplomacia aprovech\u00f3 para recordarle a la oposici\u00f3n que Am\u00e9rica Latina no son solo Cuba y Venezuela y que es un error hacerle cree eso a los espa\u00f1oles a trav\u00e9s de los discursos oficiales. <\/p>\n\n\n\n<p>En ese sentido habl\u00f3 de la situaci\u00f3n de otros pa\u00edses del subcontinente, alertando entre otras cosas de la situaci\u00f3n en Hait\u00ed, as\u00ed como \u201cla situaci\u00f3n de erosi\u00f3n de la independencia judicial y el Estado de Derecho\u201d que est\u00e1 teniendo lugar en El Salvador o Guatemala o la reciente elecci\u00f3n de Gabriel Boric en Chile.<\/p>\n","protected":false},"excerpt":{"rendered":"<p>El ministro de Asuntos Exteriores de Espa\u00f1a Jos\u00e9 Manuel Albares, expres\u00f3 que su gobierno ve \u201ccon gran preocupaci\u00f3n\u201d los acontecimientos a ra\u00edz de las protestas del 11 de julio y de la movilizaci\u00f3n fallida del 15 de noviembre del pasado a\u00f1o en Cuba. En este sentido, ha aprovechado para pedir nuevamente que \u201cse respete y [&hellip;]<\/p>\n","protected":false},"author":24,"featured_media":86514,"comment_status":"closed","ping_status":"closed","sticky":false,"template":"","format":"standard","meta":{"_acf_changed":false,"footnotes":""},"categories":[18,955,957],"tags":[11332,941,11239,9986],"class_list":{"0":"post-86513","1":"post","2":"type-post","3":"status-publish","4":"format-standard","5":"has-post-thumbnail","7":"category-noticias","8":"category-noticias-de-cuba","9":"category-noticias-internacionales","10":"tag-11j","12":"tag-gobierno-espanol","13":"tag-protestas-en-cuba"},"acf":[],"yoast_head":"<!-- This site is optimized with the Yoast SEO plugin v27.5 - https:\/\/yoast.com\/product\/yoast-seo-wordpress\/ -->\n<title>Espa\u00f1a pide garant\u00edas para libertad de expresi\u00f3n en Cuba\u00a0<\/title>\n<meta name=\"description\" content=\"El ministro de Asuntos Exteriores de Espa\u00f1a expres\u00f3 que su gobierno ve \u201ccon gran preocupaci\u00f3n\u201d los acontecimientos a ra\u00edz del 11 de julio\" \/>\n<meta name=\"robots\" content=\"index, follow, max-snippet:-1, max-image-preview:large, max-video-preview:-1\" \/>\n<link rel=\"canonical\" href=\"https:\/\/www.cuballama.com\/noticias\/espana-pide-garantias-para-libertad-de-expresion-en-cuba\/\" \/>\n<meta property=\"og:locale\" content=\"es_ES\" \/>\n<meta property=\"og:type\" content=\"article\" \/>\n<meta property=\"og:title\" content=\"Espa\u00f1a pide garant\u00edas para libertad de expresi\u00f3n en Cuba\u00a0\" \/>\n<meta property=\"og:description\" content=\"El ministro de Asuntos Exteriores de Espa\u00f1a expres\u00f3 que su gobierno ve \u201ccon gran preocupaci\u00f3n\u201d los acontecimientos a ra\u00edz del 11 de julio\" \/>\n<meta property=\"og:url\" content=\"https:\/\/www.cuballama.com\/noticias\/espana-pide-garantias-para-libertad-de-expresion-en-cuba\/\" \/>\n<meta property=\"og:site_name\" content=\"Cuballama Noticias\" \/>\n<meta property=\"article:publisher\" content=\"https:\/\/www.facebook.com\/CubaLlama\" \/>\n<meta property=\"article:published_time\" content=\"2022-02-03T15:23:14+00:00\" \/>\n<meta property=\"article:modified_time\" content=\"2022-02-03T15:23:18+00:00\" \/>\n<meta property=\"og:image\" content=\"https:\/\/www.cuballama.com\/noticias\/wp-content\/uploads\/2022\/02\/canciller.jpg\" \/>\n\t<meta property=\"og:image:width\" content=\"210\" \/>\n\t<meta property=\"og:image:height\" content=\"240\" \/>\n\t<meta property=\"og:image:type\" content=\"image\/jpeg\" \/>\n<meta name=\"author\" content=\"Manu\" \/>\n<meta name=\"twitter:card\" content=\"summary_large_image\" \/>\n<meta name=\"twitter:creator\" content=\"@cuballama\" \/>\n<meta name=\"twitter:site\" content=\"@cuballama\" \/>\n<meta name=\"twitter:label1\" content=\"Escrito por\" \/>\n\t<meta name=\"twitter:data1\" content=\"Manu\" \/>\n\t<meta name=\"twitter:label2\" content=\"Tiempo de lectura\" \/>\n\t<meta name=\"twitter:data2\" content=\"2 minutos\" \/>\n<script type=\"application\/ld+json\" class=\"yoast-schema-graph\">{\"@context\":\"https:\\\/\\\/schema.org\",\"@graph\":[{\"@type\":\"Article\",\"@id\":\"https:\\\/\\\/www.cuballama.com\\\/noticias\\\/espana-pide-garantias-para-libertad-de-expresion-en-cuba\\\/#article\",\"isPartOf\":{\"@id\":\"https:\\\/\\\/www.cuballama.com\\\/noticias\\\/espana-pide-garantias-para-libertad-de-expresion-en-cuba\\\/\"},\"author\":{\"name\":\"Manu\",\"@id\":\"https:\\\/\\\/www.cuballama.com\\\/noticias\\\/#\\\/schema\\\/person\\\/5889f7d070564f8386e7944d14d436cd\"},\"headline\":\"Espa\u00f1a pide garant\u00edas para libertad de expresi\u00f3n en Cuba\u00a0\",\"datePublished\":\"2022-02-03T15:23:14+00:00\",\"dateModified\":\"2022-02-03T15:23:18+00:00\",\"mainEntityOfPage\":{\"@id\":\"https:\\\/\\\/www.cuballama.com\\\/noticias\\\/espana-pide-garantias-para-libertad-de-expresion-en-cuba\\\/\"},\"wordCount\":419,\"publisher\":{\"@id\":\"https:\\\/\\\/www.cuballama.com\\\/noticias\\\/#organization\"},\"image\":{\"@id\":\"https:\\\/\\\/www.cuballama.com\\\/noticias\\\/espana-pide-garantias-para-libertad-de-expresion-en-cuba\\\/#primaryimage\"},\"thumbnailUrl\":\"https:\\\/\\\/cdn1.mediawpaccore.net\\\/wp-content\\\/uploads\\\/2022\\\/02\\\/03101811\\\/canciller.jpg\",\"keywords\":[\"11J\",\"destacado\",\"Gobierno Espa\u00f1ol\",\"protestas en Cuba\"],\"articleSection\":[\"Noticias\",\"Noticias de Cuba\",\"Noticias Internacionales\"],\"inLanguage\":\"es\"},{\"@type\":\"WebPage\",\"@id\":\"https:\\\/\\\/www.cuballama.com\\\/noticias\\\/espana-pide-garantias-para-libertad-de-expresion-en-cuba\\\/\",\"url\":\"https:\\\/\\\/www.cuballama.com\\\/noticias\\\/espana-pide-garantias-para-libertad-de-expresion-en-cuba\\\/\",\"name\":\"Espa\u00f1a pide garant\u00edas para libertad de expresi\u00f3n en Cuba\u00a0\",\"isPartOf\":{\"@id\":\"https:\\\/\\\/www.cuballama.com\\\/noticias\\\/#website\"},\"primaryImageOfPage\":{\"@id\":\"https:\\\/\\\/www.cuballama.com\\\/noticias\\\/espana-pide-garantias-para-libertad-de-expresion-en-cuba\\\/#primaryimage\"},\"image\":{\"@id\":\"https:\\\/\\\/www.cuballama.com\\\/noticias\\\/espana-pide-garantias-para-libertad-de-expresion-en-cuba\\\/#primaryimage\"},\"thumbnailUrl\":\"https:\\\/\\\/cdn1.mediawpaccore.net\\\/wp-content\\\/uploads\\\/2022\\\/02\\\/03101811\\\/canciller.jpg\",\"datePublished\":\"2022-02-03T15:23:14+00:00\",\"dateModified\":\"2022-02-03T15:23:18+00:00\",\"description\":\"El ministro de Asuntos Exteriores de Espa\u00f1a expres\u00f3 que su gobierno ve \u201ccon gran preocupaci\u00f3n\u201d los acontecimientos a ra\u00edz del 11 de julio\",\"breadcrumb\":{\"@id\":\"https:\\\/\\\/www.cuballama.com\\\/noticias\\\/espana-pide-garantias-para-libertad-de-expresion-en-cuba\\\/#breadcrumb\"},\"inLanguage\":\"es\",\"potentialAction\":[{\"@type\":\"ReadAction\",\"target\":[\"https:\\\/\\\/www.cuballama.com\\\/noticias\\\/espana-pide-garantias-para-libertad-de-expresion-en-cuba\\\/\"]}]},{\"@type\":\"ImageObject\",\"inLanguage\":\"es\",\"@id\":\"https:\\\/\\\/www.cuballama.com\\\/noticias\\\/espana-pide-garantias-para-libertad-de-expresion-en-cuba\\\/#primaryimage\",\"url\":\"https:\\\/\\\/cdn1.mediawpaccore.net\\\/wp-content\\\/uploads\\\/2022\\\/02\\\/03101811\\\/canciller.jpg\",\"contentUrl\":\"https:\\\/\\\/cdn1.mediawpaccore.net\\\/wp-content\\\/uploads\\\/2022\\\/02\\\/03101811\\\/canciller.jpg\",\"width\":210,\"height\":240,\"caption\":\"En una comparecencia ante el senado ofreci\u00f3 el apoyo de su gobierno para que Cuba inicie un verdadero proceso de transformaci\u00f3n.\"},{\"@type\":\"BreadcrumbList\",\"@id\":\"https:\\\/\\\/www.cuballama.com\\\/noticias\\\/espana-pide-garantias-para-libertad-de-expresion-en-cuba\\\/#breadcrumb\",\"itemListElement\":[{\"@type\":\"ListItem\",\"position\":1,\"name\":\"Home\",\"item\":\"https:\\\/\\\/www.cuballama.com\\\/noticias\\\/\"},{\"@type\":\"ListItem\",\"position\":2,\"name\":\"Espa\u00f1a pide garant\u00edas para libertad de expresi\u00f3n en Cuba\u00a0\"}]},{\"@type\":\"WebSite\",\"@id\":\"https:\\\/\\\/www.cuballama.com\\\/noticias\\\/#website\",\"url\":\"https:\\\/\\\/www.cuballama.com\\\/noticias\\\/\",\"name\":\"Cuballama Noticias\",\"description\":\"Medio digital sobre Cuba y el mundo\",\"publisher\":{\"@id\":\"https:\\\/\\\/www.cuballama.com\\\/noticias\\\/#organization\"},\"potentialAction\":[{\"@type\":\"SearchAction\",\"target\":{\"@type\":\"EntryPoint\",\"urlTemplate\":\"https:\\\/\\\/www.cuballama.com\\\/noticias\\\/?s={search_term_string}\"},\"query-input\":{\"@type\":\"PropertyValueSpecification\",\"valueRequired\":true,\"valueName\":\"search_term_string\"}}],\"inLanguage\":\"es\"},{\"@type\":\"Organization\",\"@id\":\"https:\\\/\\\/www.cuballama.com\\\/noticias\\\/#organization\",\"name\":\"Cuballama\",\"url\":\"https:\\\/\\\/www.cuballama.com\\\/noticias\\\/\",\"logo\":{\"@type\":\"ImageObject\",\"inLanguage\":\"es\",\"@id\":\"https:\\\/\\\/www.cuballama.com\\\/noticias\\\/#\\\/schema\\\/logo\\\/image\\\/\",\"url\":\"https:\\\/\\\/cdn1.mediawpaccore.net\\\/wp-content\\\/uploads\\\/2021\\\/12\\\/28171206\\\/cbll-logo-color-sm.png\",\"contentUrl\":\"https:\\\/\\\/cdn1.mediawpaccore.net\\\/wp-content\\\/uploads\\\/2021\\\/12\\\/28171206\\\/cbll-logo-color-sm.png\",\"width\":600,\"height\":133,\"caption\":\"Cuballama\"},\"image\":{\"@id\":\"https:\\\/\\\/www.cuballama.com\\\/noticias\\\/#\\\/schema\\\/logo\\\/image\\\/\"},\"sameAs\":[\"https:\\\/\\\/www.facebook.com\\\/CubaLlama\",\"https:\\\/\\\/x.com\\\/cuballama\",\"https:\\\/\\\/www.instagram.com\\\/stories\\\/cuballama_oficial\\\/\",\"https:\\\/\\\/www.youtube.com\\\/channel\\\/UCKkFE-d_axENGZcrc4as0IA\"]},{\"@type\":\"Person\",\"@id\":\"https:\\\/\\\/www.cuballama.com\\\/noticias\\\/#\\\/schema\\\/person\\\/5889f7d070564f8386e7944d14d436cd\",\"name\":\"Manu\",\"url\":\"https:\\\/\\\/www.cuballama.com\\\/noticias\\\/author\\\/manu\\\/\"}]}<\/script>\n<!-- \/ Yoast SEO plugin. -->","yoast_head_json":{"title":"Espa\u00f1a pide garant\u00edas para libertad de expresi\u00f3n en Cuba\u00a0","description":"El ministro de Asuntos Exteriores de Espa\u00f1a expres\u00f3 que su gobierno ve \u201ccon gran preocupaci\u00f3n\u201d los acontecimientos a ra\u00edz del 11 de julio","robots":{"index":"index","follow":"follow","max-snippet":"max-snippet:-1","max-image-preview":"max-image-preview:large","max-video-preview":"max-video-preview:-1"},"canonical":"https:\/\/www.cuballama.com\/noticias\/espana-pide-garantias-para-libertad-de-expresion-en-cuba\/","og_locale":"es_ES","og_type":"article","og_title":"Espa\u00f1a pide garant\u00edas para libertad de expresi\u00f3n en Cuba\u00a0","og_description":"El ministro de Asuntos Exteriores de Espa\u00f1a expres\u00f3 que su gobierno ve \u201ccon gran preocupaci\u00f3n\u201d los acontecimientos a ra\u00edz del 11 de julio","og_url":"https:\/\/www.cuballama.com\/noticias\/espana-pide-garantias-para-libertad-de-expresion-en-cuba\/","og_site_name":"Cuballama Noticias","article_publisher":"https:\/\/www.facebook.com\/CubaLlama","article_published_time":"2022-02-03T15:23:14+00:00","article_modified_time":"2022-02-03T15:23:18+00:00","og_image":[{"width":210,"height":240,"url":"https:\/\/www.cuballama.com\/noticias\/wp-content\/uploads\/2022\/02\/canciller.jpg","type":"image\/jpeg"}],"author":"Manu","twitter_card":"summary_large_image","twitter_creator":"@cuballama","twitter_site":"@cuballama","twitter_misc":{"Escrito por":"Manu","Tiempo de lectura":"2 minutos"},"schema":{"@context":"https:\/\/schema.org","@graph":[{"@type":"Article","@id":"https:\/\/www.cuballama.com\/noticias\/espana-pide-garantias-para-libertad-de-expresion-en-cuba\/#article","isPartOf":{"@id":"https:\/\/www.cuballama.com\/noticias\/espana-pide-garantias-para-libertad-de-expresion-en-cuba\/"},"author":{"name":"Manu","@id":"https:\/\/www.cuballama.com\/noticias\/#\/schema\/person\/5889f7d070564f8386e7944d14d436cd"},"headline":"Espa\u00f1a pide garant\u00edas para libertad de expresi\u00f3n en Cuba\u00a0","datePublished":"2022-02-03T15:23:14+00:00","dateModified":"2022-02-03T15:23:18+00:00","mainEntityOfPage":{"@id":"https:\/\/www.cuballama.com\/noticias\/espana-pide-garantias-para-libertad-de-expresion-en-cuba\/"},"wordCount":419,"publisher":{"@id":"https:\/\/www.cuballama.com\/noticias\/#organization"},"image":{"@id":"https:\/\/www.cuballama.com\/noticias\/espana-pide-garantias-para-libertad-de-expresion-en-cuba\/#primaryimage"},"thumbnailUrl":"https:\/\/cdn1.mediawpaccore.net\/wp-content\/uploads\/2022\/02\/03101811\/canciller.jpg","keywords":["11J","destacado","Gobierno Espa\u00f1ol","protestas en Cuba"],"articleSection":["Noticias","Noticias de Cuba","Noticias Internacionales"],"inLanguage":"es"},{"@type":"WebPage","@id":"https:\/\/www.cuballama.com\/noticias\/espana-pide-garantias-para-libertad-de-expresion-en-cuba\/","url":"https:\/\/www.cuballama.com\/noticias\/espana-pide-garantias-para-libertad-de-expresion-en-cuba\/","name":"Espa\u00f1a pide garant\u00edas para libertad de expresi\u00f3n en Cuba\u00a0","isPartOf":{"@id":"https:\/\/www.cuballama.com\/noticias\/#website"},"primaryImageOfPage":{"@id":"https:\/\/www.cuballama.com\/noticias\/espana-pide-garantias-para-libertad-de-expresion-en-cuba\/#primaryimage"},"image":{"@id":"https:\/\/www.cuballama.com\/noticias\/espana-pide-garantias-para-libertad-de-expresion-en-cuba\/#primaryimage"},"thumbnailUrl":"https:\/\/cdn1.mediawpaccore.net\/wp-content\/uploads\/2022\/02\/03101811\/canciller.jpg","datePublished":"2022-02-03T15:23:14+00:00","dateModified":"2022-02-03T15:23:18+00:00","description":"El ministro de Asuntos Exteriores de Espa\u00f1a expres\u00f3 que su gobierno ve \u201ccon gran preocupaci\u00f3n\u201d los acontecimientos a ra\u00edz del 11 de julio","breadcrumb":{"@id":"https:\/\/www.cuballama.com\/noticias\/espana-pide-garantias-para-libertad-de-expresion-en-cuba\/#breadcrumb"},"inLanguage":"es","potentialAction":[{"@type":"ReadAction","target":["https:\/\/www.cuballama.com\/noticias\/espana-pide-garantias-para-libertad-de-expresion-en-cuba\/"]}]},{"@type":"ImageObject","inLanguage":"es","@id":"https:\/\/www.cuballama.com\/noticias\/espana-pide-garantias-para-libertad-de-expresion-en-cuba\/#primaryimage","url":"https:\/\/cdn1.mediawpaccore.net\/wp-content\/uploads\/2022\/02\/03101811\/canciller.jpg","contentUrl":"https:\/\/cdn1.mediawpaccore.net\/wp-content\/uploads\/2022\/02\/03101811\/canciller.jpg","width":210,"height":240,"caption":"En una comparecencia ante el senado ofreci\u00f3 el apoyo de su gobierno para que Cuba inicie un verdadero proceso de transformaci\u00f3n."},{"@type":"BreadcrumbList","@id":"https:\/\/www.cuballama.com\/noticias\/espana-pide-garantias-para-libertad-de-expresion-en-cuba\/#breadcrumb","itemListElement":[{"@type":"ListItem","position":1,"name":"Home","item":"https:\/\/www.cuballama.com\/noticias\/"},{"@type":"ListItem","position":2,"name":"Espa\u00f1a pide garant\u00edas para libertad de expresi\u00f3n en Cuba\u00a0"}]},{"@type":"WebSite","@id":"https:\/\/www.cuballama.com\/noticias\/#website","url":"https:\/\/www.cuballama.com\/noticias\/","name":"Cuballama Noticias","description":"Medio digital sobre Cuba y el mundo","publisher":{"@id":"https:\/\/www.cuballama.com\/noticias\/#organization"},"potentialAction":[{"@type":"SearchAction","target":{"@type":"EntryPoint","urlTemplate":"https:\/\/www.cuballama.com\/noticias\/?s={search_term_string}"},"query-input":{"@type":"PropertyValueSpecification","valueRequired":true,"valueName":"search_term_string"}}],"inLanguage":"es"},{"@type":"Organization","@id":"https:\/\/www.cuballama.com\/noticias\/#organization","name":"Cuballama","url":"https:\/\/www.cuballama.com\/noticias\/","logo":{"@type":"ImageObject","inLanguage":"es","@id":"https:\/\/www.cuballama.com\/noticias\/#\/schema\/logo\/image\/","url":"https:\/\/cdn1.mediawpaccore.net\/wp-content\/uploads\/2021\/12\/28171206\/cbll-logo-color-sm.png","contentUrl":"https:\/\/cdn1.mediawpaccore.net\/wp-content\/uploads\/2021\/12\/28171206\/cbll-logo-color-sm.png","width":600,"height":133,"caption":"Cuballama"},"image":{"@id":"https:\/\/www.cuballama.com\/noticias\/#\/schema\/logo\/image\/"},"sameAs":["https:\/\/www.facebook.com\/CubaLlama","https:\/\/x.com\/cuballama","https:\/\/www.instagram.com\/stories\/cuballama_oficial\/","https:\/\/www.youtube.com\/channel\/UCKkFE-d_axENGZcrc4as0IA"]},{"@type":"Person","@id":"https:\/\/www.cuballama.com\/noticias\/#\/schema\/person\/5889f7d070564f8386e7944d14d436cd","name":"Manu","url":"https:\/\/www.cuballama.com\/noticias\/author\/manu\/"}]}},"_links":{"self":[{"href":"https:\/\/www.cuballama.com\/noticias\/wp-json\/wp\/v2\/posts\/86513","targetHints":{"allow":["GET"]}}],"collection":[{"href":"https:\/\/www.cuballama.com\/noticias\/wp-json\/wp\/v2\/posts"}],"about":[{"href":"https:\/\/www.cuballama.com\/noticias\/wp-json\/wp\/v2\/types\/post"}],"author":[{"embeddable":true,"href":"https:\/\/www.cuballama.com\/noticias\/wp-json\/wp\/v2\/users\/24"}],"replies":[{"embeddable":true,"href":"https:\/\/www.cuballama.com\/noticias\/wp-json\/wp\/v2\/comments?post=86513"}],"version-history":[{"count":1,"href":"https:\/\/www.cuballama.com\/noticias\/wp-json\/wp\/v2\/posts\/86513\/revisions"}],"predecessor-version":[{"id":86515,"href":"https:\/\/www.cuballama.com\/noticias\/wp-json\/wp\/v2\/posts\/86513\/revisions\/86515"}],"wp:featuredmedia":[{"embeddable":true,"href":"https:\/\/www.cuballama.com\/noticias\/wp-json\/wp\/v2\/media\/86514"}],"wp:attachment":[{"href":"https:\/\/www.cuballama.com\/noticias\/wp-json\/wp\/v2\/media?parent=86513"}],"wp:term":[{"taxonomy":"category","embeddable":true,"href":"https:\/\/www.cuballama.com\/noticias\/wp-json\/wp\/v2\/categories?post=86513"},{"taxonomy":"post_tag","embeddable":true,"href":"https:\/\/www.cuballama.com\/noticias\/wp-json\/wp\/v2\/tags?post=86513"}],"curies":[{"name":"wp","href":"https:\/\/api.w.org\/{rel}","templated":true}]}}