{"id":86467,"date":"2022-02-02T17:08:01","date_gmt":"2022-02-02T22:08:01","guid":{"rendered":"https:\/\/www.cuballama.com\/noticias\/?p=86467"},"modified":"2022-02-02T17:09:23","modified_gmt":"2022-02-02T22:09:23","slug":"gobierno-de-cuba-afirma-que-efe-trabaja-con-absoluta-libertad-en-la-isla","status":"publish","type":"post","link":"https:\/\/www.cuballama.com\/noticias\/gobierno-de-cuba-afirma-que-efe-trabaja-con-absoluta-libertad-en-la-isla\/","title":{"rendered":"Gobierno de Cuba afirma que EFE trabaja \u201ccon absoluta libertad\u201d en la isla"},"content":{"rendered":"\n<p><\/p>\n\n\n\n<p>El gobierno cubano afirm\u00f3 este martes que la agencia de noticias EFE \u201cse mantiene trabajando con absoluta libertad en Cuba\u201d, pese a que retir\u00f3 las credenciales a la mayor\u00eda de sus periodistas y fotorreporteros en la isla desde noviembre pasado.<\/p>\n\n\n\n<p>A trav\u00e9s de una publicaci\u00f3n en Twitter, el Centro de Prensa Internacional (CPI), perteneciente al <a href=\"https:\/\/www.cuballama.com\/noticias\/la-mayor-parte-del-equipo-de-la-agencia-espanola-efe-aun-sin-las-acreditaciones-retiradas-por-el-gobierno-cubano\/\" target=\"_blank\" rel=\"noreferrer noopener\">Ministerio de Relaciones Exteriores cubano<\/a>, reiter\u00f3 \u201csu disposici\u00f3n a encontrar una soluci\u00f3n sobre la base del respeto irrestricto al orden constitucional de la Rep\u00fablica de Cuba, para el ejercicio de un periodismo objetivo, veraz, imparcial y no tendencioso\u201d.<\/p>\n\n\n\n<p>La reacci\u00f3n de La Habana ocurre un d\u00eda despu\u00e9s de que el ministro de Exteriores del pa\u00eds ib\u00e9rico, Jos\u00e9 Manuel Albares, declarara que \u201ctodos, tambi\u00e9n las autoridades cubanas, tenemos inter\u00e9s en que EFE pueda seguir trabajando desde Cuba y no desde otros sitios\u201d.<\/p>\n\n\n\n<figure class=\"wp-block-embed is-type-rich is-provider-twitter wp-block-embed-twitter\"><div class=\"wp-block-embed__wrapper\">\n<blockquote class=\"twitter-tweet\" data-width=\"550\" data-dnt=\"true\"><p lang=\"es\" dir=\"ltr\">EFE se mantiene trabajando con absoluta libertad en <a href=\"https:\/\/twitter.com\/hashtag\/Cuba?src=hash&amp;ref_src=twsrc%5Etfw\">#Cuba<\/a>, al igual que lo hacen 148 corresponsales de 89 medios de 23 pa\u00edses.<\/p>&mdash; Centro Prensa Internacional (@MinrexCpi) <a href=\"https:\/\/twitter.com\/MinrexCpi\/status\/1488628547015122953?ref_src=twsrc%5Etfw\">February 1, 2022<\/a><\/blockquote><script async src=\"https:\/\/platform.twitter.com\/widgets.js\" charset=\"utf-8\"><\/script>\n<\/div><\/figure>\n\n\n\n<p>En su intervenci\u00f3n ante la comisi\u00f3n de Asuntos Iberoamericanos del Senado espa\u00f1ol, Albares asegur\u00f3 que \u201cestamos luchando para que EFE se mantenga en Cuba, y para que se mantenga en Cuba la tienen que dejar trabajar igual que trabaja en Espa\u00f1a\u201d.<\/p>\n\n\n\n<p><a href=\"https:\/\/www.cuballama.com\/noticias\/gobierno-espanol-union-europea-y-varios-partidos-politicos-reclaman-a-cuba-devolucion-de-credenciales-a-efe\/\" target=\"_blank\" rel=\"noreferrer noopener\">A mediados de noviembre<\/a> y en v\u00edsperas de una manifestaciones antigubernamentales convocadas por grupos de la sociedad civil cubana, el gobierno presidido por Miguel D\u00edaz-Canel retir\u00f3 las credenciales de prensa a todo el personal de la corresponsal\u00eda de Efe en La Habana.<\/p>\n\n\n\n<p>A inicios de este a\u00f1o s\u00f3lo dos de los trabajadores de la agencia noticiosa contaban autorizaci\u00f3n para ejercer el periodismo en la isla, por lo que la presidenta de Efe, Gabriela Ca\u00f1as, advirti\u00f3 que la organizaci\u00f3n se estaba considerando su permanencia en pa\u00eds caribe\u00f1o.&nbsp;<\/p>\n\n\n\n<p>\u201c<a href=\"https:\/\/www.cuballama.com\/noticias\/presidenta-de-efe-nos-estan-echando-de-cuba\/\" target=\"_blank\" rel=\"noreferrer noopener\">Nos est\u00e1n echando de Cub<\/a>a. No podemos actualmente, con tan s\u00f3lo dos periodistas, mantener los est\u00e1ndares de calidad que la Agencia Efe ofrec\u00eda hasta el momento en el pa\u00eds. Es muy penoso\u201d, dijo Ca\u00f1as durante un evento celebrado en Madrid.<\/p>\n\n\n\n<p>La directiva denunci\u00f3 s\u00f3lo una redactora y un c\u00e1mara disponen de acreditaci\u00f3n de prensa, y a\u00f1adi\u00f3 que las autoridades de la isla pospusieron sin explicaci\u00f3n alguna la concesi\u00f3n del visado de prensa del nuevo delegado de la agencia, que hasta el momento no ha podido viajar Cuba.<\/p>\n\n\n\n<p>\u201cNos estamos empezando a plantear nuestra permanencia en la isla. No podemos ejercer el periodismo libremente\u201d, reiter\u00f3 Ca\u00f1as.&nbsp;<\/p>\n","protected":false},"excerpt":{"rendered":"<p>El gobierno cubano afirm\u00f3 este martes que la agencia de noticias EFE \u201cse mantiene trabajando con absoluta libertad en Cuba\u201d, pese a que retir\u00f3 las credenciales a la mayor\u00eda de sus periodistas y fotorreporteros en la isla desde noviembre pasado. A trav\u00e9s de una publicaci\u00f3n en Twitter, el Centro de Prensa Internacional (CPI), perteneciente al [&hellip;]<\/p>\n","protected":false},"author":25,"featured_media":0,"comment_status":"closed","ping_status":"closed","sticky":false,"template":"","format":"standard","meta":{"_acf_changed":false,"footnotes":""},"categories":[18,955],"tags":[941,11920,2639],"class_list":{"0":"post-86467","1":"post","2":"type-post","3":"status-publish","4":"format-standard","6":"category-noticias","7":"category-noticias-de-cuba","8":"tag-destacado","9":"tag-efe","10":"tag-periodistas"},"acf":[],"yoast_head":"<!-- This site is optimized with the Yoast SEO plugin v27.5 - https:\/\/yoast.com\/product\/yoast-seo-wordpress\/ -->\n<title>Gobierno de Cuba afirma que Efe trabaja \u201ccon absoluta libertad\u201d en la isla<\/title>\n<meta name=\"description\" content=\"El gobierno cubano afirm\u00f3 este martes que la agencia de noticias EFE \u201cse mantiene trabajando con absoluta libertad en Cuba\u201d.\" \/>\n<meta name=\"robots\" content=\"index, follow, max-snippet:-1, max-image-preview:large, max-video-preview:-1\" \/>\n<link rel=\"canonical\" href=\"https:\/\/www.cuballama.com\/noticias\/gobierno-de-cuba-afirma-que-efe-trabaja-con-absoluta-libertad-en-la-isla\/\" \/>\n<meta property=\"og:locale\" content=\"es_ES\" \/>\n<meta property=\"og:type\" content=\"article\" \/>\n<meta property=\"og:title\" content=\"Gobierno de Cuba afirma que Efe trabaja \u201ccon absoluta libertad\u201d en la isla\" \/>\n<meta property=\"og:description\" content=\"El gobierno cubano afirm\u00f3 este martes que la agencia de noticias EFE \u201cse mantiene trabajando con absoluta libertad en Cuba\u201d.\" \/>\n<meta property=\"og:url\" content=\"https:\/\/www.cuballama.com\/noticias\/gobierno-de-cuba-afirma-que-efe-trabaja-con-absoluta-libertad-en-la-isla\/\" \/>\n<meta property=\"og:site_name\" content=\"Cuballama Noticias\" \/>\n<meta property=\"article:publisher\" content=\"https:\/\/www.facebook.com\/CubaLlama\" \/>\n<meta property=\"article:published_time\" content=\"2022-02-02T22:08:01+00:00\" \/>\n<meta property=\"article:modified_time\" content=\"2022-02-02T22:09:23+00:00\" \/>\n<meta property=\"og:image\" content=\"https:\/\/www.cuballama.com\/noticias\/wp-content\/uploads\/2021\/11\/efe.jpg\" \/>\n\t<meta property=\"og:image:width\" content=\"853\" \/>\n\t<meta property=\"og:image:height\" content=\"480\" \/>\n\t<meta property=\"og:image:type\" content=\"image\/jpeg\" \/>\n<meta name=\"author\" content=\"Luis\" \/>\n<meta name=\"twitter:card\" content=\"summary_large_image\" \/>\n<meta name=\"twitter:creator\" content=\"@cuballama\" \/>\n<meta name=\"twitter:site\" content=\"@cuballama\" \/>\n<meta name=\"twitter:label1\" content=\"Escrito por\" \/>\n\t<meta name=\"twitter:data1\" content=\"Luis\" \/>\n\t<meta name=\"twitter:label2\" content=\"Tiempo de lectura\" \/>\n\t<meta name=\"twitter:data2\" content=\"2 minutos\" \/>\n<script type=\"application\/ld+json\" class=\"yoast-schema-graph\">{\"@context\":\"https:\\\/\\\/schema.org\",\"@graph\":[{\"@type\":\"Article\",\"@id\":\"https:\\\/\\\/www.cuballama.com\\\/noticias\\\/gobierno-de-cuba-afirma-que-efe-trabaja-con-absoluta-libertad-en-la-isla\\\/#article\",\"isPartOf\":{\"@id\":\"https:\\\/\\\/www.cuballama.com\\\/noticias\\\/gobierno-de-cuba-afirma-que-efe-trabaja-con-absoluta-libertad-en-la-isla\\\/\"},\"author\":{\"name\":\"Luis\",\"@id\":\"https:\\\/\\\/www.cuballama.com\\\/noticias\\\/#\\\/schema\\\/person\\\/f102d7591288049f09742b8a66c0a0e7\"},\"headline\":\"Gobierno de Cuba afirma que EFE trabaja \u201ccon absoluta libertad\u201d en la isla\",\"datePublished\":\"2022-02-02T22:08:01+00:00\",\"dateModified\":\"2022-02-02T22:09:23+00:00\",\"mainEntityOfPage\":{\"@id\":\"https:\\\/\\\/www.cuballama.com\\\/noticias\\\/gobierno-de-cuba-afirma-que-efe-trabaja-con-absoluta-libertad-en-la-isla\\\/\"},\"wordCount\":429,\"publisher\":{\"@id\":\"https:\\\/\\\/www.cuballama.com\\\/noticias\\\/#organization\"},\"keywords\":[\"destacado\",\"efe\",\"periodistas\"],\"articleSection\":[\"Noticias\",\"Noticias de Cuba\"],\"inLanguage\":\"es\"},{\"@type\":\"WebPage\",\"@id\":\"https:\\\/\\\/www.cuballama.com\\\/noticias\\\/gobierno-de-cuba-afirma-que-efe-trabaja-con-absoluta-libertad-en-la-isla\\\/\",\"url\":\"https:\\\/\\\/www.cuballama.com\\\/noticias\\\/gobierno-de-cuba-afirma-que-efe-trabaja-con-absoluta-libertad-en-la-isla\\\/\",\"name\":\"Gobierno de Cuba afirma que Efe trabaja \u201ccon absoluta libertad\u201d en la isla\",\"isPartOf\":{\"@id\":\"https:\\\/\\\/www.cuballama.com\\\/noticias\\\/#website\"},\"datePublished\":\"2022-02-02T22:08:01+00:00\",\"dateModified\":\"2022-02-02T22:09:23+00:00\",\"description\":\"El gobierno cubano afirm\u00f3 este martes que la agencia de noticias EFE \u201cse mantiene trabajando con absoluta libertad en Cuba\u201d.\",\"breadcrumb\":{\"@id\":\"https:\\\/\\\/www.cuballama.com\\\/noticias\\\/gobierno-de-cuba-afirma-que-efe-trabaja-con-absoluta-libertad-en-la-isla\\\/#breadcrumb\"},\"inLanguage\":\"es\",\"potentialAction\":[{\"@type\":\"ReadAction\",\"target\":[\"https:\\\/\\\/www.cuballama.com\\\/noticias\\\/gobierno-de-cuba-afirma-que-efe-trabaja-con-absoluta-libertad-en-la-isla\\\/\"]}]},{\"@type\":\"BreadcrumbList\",\"@id\":\"https:\\\/\\\/www.cuballama.com\\\/noticias\\\/gobierno-de-cuba-afirma-que-efe-trabaja-con-absoluta-libertad-en-la-isla\\\/#breadcrumb\",\"itemListElement\":[{\"@type\":\"ListItem\",\"position\":1,\"name\":\"Home\",\"item\":\"https:\\\/\\\/www.cuballama.com\\\/noticias\\\/\"},{\"@type\":\"ListItem\",\"position\":2,\"name\":\"Gobierno de Cuba afirma que EFE trabaja \u201ccon absoluta libertad\u201d en la isla\"}]},{\"@type\":\"WebSite\",\"@id\":\"https:\\\/\\\/www.cuballama.com\\\/noticias\\\/#website\",\"url\":\"https:\\\/\\\/www.cuballama.com\\\/noticias\\\/\",\"name\":\"Cuballama Noticias\",\"description\":\"Medio digital sobre Cuba y el mundo\",\"publisher\":{\"@id\":\"https:\\\/\\\/www.cuballama.com\\\/noticias\\\/#organization\"},\"potentialAction\":[{\"@type\":\"SearchAction\",\"target\":{\"@type\":\"EntryPoint\",\"urlTemplate\":\"https:\\\/\\\/www.cuballama.com\\\/noticias\\\/?s={search_term_string}\"},\"query-input\":{\"@type\":\"PropertyValueSpecification\",\"valueRequired\":true,\"valueName\":\"search_term_string\"}}],\"inLanguage\":\"es\"},{\"@type\":\"Organization\",\"@id\":\"https:\\\/\\\/www.cuballama.com\\\/noticias\\\/#organization\",\"name\":\"Cuballama\",\"url\":\"https:\\\/\\\/www.cuballama.com\\\/noticias\\\/\",\"logo\":{\"@type\":\"ImageObject\",\"inLanguage\":\"es\",\"@id\":\"https:\\\/\\\/www.cuballama.com\\\/noticias\\\/#\\\/schema\\\/logo\\\/image\\\/\",\"url\":\"https:\\\/\\\/cdn1.mediawpaccore.net\\\/wp-content\\\/uploads\\\/2021\\\/12\\\/28171206\\\/cbll-logo-color-sm.png\",\"contentUrl\":\"https:\\\/\\\/cdn1.mediawpaccore.net\\\/wp-content\\\/uploads\\\/2021\\\/12\\\/28171206\\\/cbll-logo-color-sm.png\",\"width\":600,\"height\":133,\"caption\":\"Cuballama\"},\"image\":{\"@id\":\"https:\\\/\\\/www.cuballama.com\\\/noticias\\\/#\\\/schema\\\/logo\\\/image\\\/\"},\"sameAs\":[\"https:\\\/\\\/www.facebook.com\\\/CubaLlama\",\"https:\\\/\\\/x.com\\\/cuballama\",\"https:\\\/\\\/www.instagram.com\\\/stories\\\/cuballama_oficial\\\/\",\"https:\\\/\\\/www.youtube.com\\\/channel\\\/UCKkFE-d_axENGZcrc4as0IA\"]},{\"@type\":\"Person\",\"@id\":\"https:\\\/\\\/www.cuballama.com\\\/noticias\\\/#\\\/schema\\\/person\\\/f102d7591288049f09742b8a66c0a0e7\",\"name\":\"Luis\",\"url\":\"https:\\\/\\\/www.cuballama.com\\\/noticias\\\/author\\\/luis\\\/\"}]}<\/script>\n<!-- \/ Yoast SEO plugin. -->","yoast_head_json":{"title":"Gobierno de Cuba afirma que Efe trabaja \u201ccon absoluta libertad\u201d en la isla","description":"El gobierno cubano afirm\u00f3 este martes que la agencia de noticias EFE \u201cse mantiene trabajando con absoluta libertad en Cuba\u201d.","robots":{"index":"index","follow":"follow","max-snippet":"max-snippet:-1","max-image-preview":"max-image-preview:large","max-video-preview":"max-video-preview:-1"},"canonical":"https:\/\/www.cuballama.com\/noticias\/gobierno-de-cuba-afirma-que-efe-trabaja-con-absoluta-libertad-en-la-isla\/","og_locale":"es_ES","og_type":"article","og_title":"Gobierno de Cuba afirma que Efe trabaja \u201ccon absoluta libertad\u201d en la isla","og_description":"El gobierno cubano afirm\u00f3 este martes que la agencia de noticias EFE \u201cse mantiene trabajando con absoluta libertad en Cuba\u201d.","og_url":"https:\/\/www.cuballama.com\/noticias\/gobierno-de-cuba-afirma-que-efe-trabaja-con-absoluta-libertad-en-la-isla\/","og_site_name":"Cuballama Noticias","article_publisher":"https:\/\/www.facebook.com\/CubaLlama","article_published_time":"2022-02-02T22:08:01+00:00","article_modified_time":"2022-02-02T22:09:23+00:00","og_image":[{"width":853,"height":480,"url":"https:\/\/www.cuballama.com\/noticias\/wp-content\/uploads\/2021\/11\/efe.jpg","type":"image\/jpeg"}],"author":"Luis","twitter_card":"summary_large_image","twitter_creator":"@cuballama","twitter_site":"@cuballama","twitter_misc":{"Escrito por":"Luis","Tiempo de lectura":"2 minutos"},"schema":{"@context":"https:\/\/schema.org","@graph":[{"@type":"Article","@id":"https:\/\/www.cuballama.com\/noticias\/gobierno-de-cuba-afirma-que-efe-trabaja-con-absoluta-libertad-en-la-isla\/#article","isPartOf":{"@id":"https:\/\/www.cuballama.com\/noticias\/gobierno-de-cuba-afirma-que-efe-trabaja-con-absoluta-libertad-en-la-isla\/"},"author":{"name":"Luis","@id":"https:\/\/www.cuballama.com\/noticias\/#\/schema\/person\/f102d7591288049f09742b8a66c0a0e7"},"headline":"Gobierno de Cuba afirma que EFE trabaja \u201ccon absoluta libertad\u201d en la isla","datePublished":"2022-02-02T22:08:01+00:00","dateModified":"2022-02-02T22:09:23+00:00","mainEntityOfPage":{"@id":"https:\/\/www.cuballama.com\/noticias\/gobierno-de-cuba-afirma-que-efe-trabaja-con-absoluta-libertad-en-la-isla\/"},"wordCount":429,"publisher":{"@id":"https:\/\/www.cuballama.com\/noticias\/#organization"},"keywords":["destacado","efe","periodistas"],"articleSection":["Noticias","Noticias de Cuba"],"inLanguage":"es"},{"@type":"WebPage","@id":"https:\/\/www.cuballama.com\/noticias\/gobierno-de-cuba-afirma-que-efe-trabaja-con-absoluta-libertad-en-la-isla\/","url":"https:\/\/www.cuballama.com\/noticias\/gobierno-de-cuba-afirma-que-efe-trabaja-con-absoluta-libertad-en-la-isla\/","name":"Gobierno de Cuba afirma que Efe trabaja \u201ccon absoluta libertad\u201d en la isla","isPartOf":{"@id":"https:\/\/www.cuballama.com\/noticias\/#website"},"datePublished":"2022-02-02T22:08:01+00:00","dateModified":"2022-02-02T22:09:23+00:00","description":"El gobierno cubano afirm\u00f3 este martes que la agencia de noticias EFE \u201cse mantiene trabajando con absoluta libertad en Cuba\u201d.","breadcrumb":{"@id":"https:\/\/www.cuballama.com\/noticias\/gobierno-de-cuba-afirma-que-efe-trabaja-con-absoluta-libertad-en-la-isla\/#breadcrumb"},"inLanguage":"es","potentialAction":[{"@type":"ReadAction","target":["https:\/\/www.cuballama.com\/noticias\/gobierno-de-cuba-afirma-que-efe-trabaja-con-absoluta-libertad-en-la-isla\/"]}]},{"@type":"BreadcrumbList","@id":"https:\/\/www.cuballama.com\/noticias\/gobierno-de-cuba-afirma-que-efe-trabaja-con-absoluta-libertad-en-la-isla\/#breadcrumb","itemListElement":[{"@type":"ListItem","position":1,"name":"Home","item":"https:\/\/www.cuballama.com\/noticias\/"},{"@type":"ListItem","position":2,"name":"Gobierno de Cuba afirma que EFE trabaja \u201ccon absoluta libertad\u201d en la isla"}]},{"@type":"WebSite","@id":"https:\/\/www.cuballama.com\/noticias\/#website","url":"https:\/\/www.cuballama.com\/noticias\/","name":"Cuballama Noticias","description":"Medio digital sobre Cuba y el mundo","publisher":{"@id":"https:\/\/www.cuballama.com\/noticias\/#organization"},"potentialAction":[{"@type":"SearchAction","target":{"@type":"EntryPoint","urlTemplate":"https:\/\/www.cuballama.com\/noticias\/?s={search_term_string}"},"query-input":{"@type":"PropertyValueSpecification","valueRequired":true,"valueName":"search_term_string"}}],"inLanguage":"es"},{"@type":"Organization","@id":"https:\/\/www.cuballama.com\/noticias\/#organization","name":"Cuballama","url":"https:\/\/www.cuballama.com\/noticias\/","logo":{"@type":"ImageObject","inLanguage":"es","@id":"https:\/\/www.cuballama.com\/noticias\/#\/schema\/logo\/image\/","url":"https:\/\/cdn1.mediawpaccore.net\/wp-content\/uploads\/2021\/12\/28171206\/cbll-logo-color-sm.png","contentUrl":"https:\/\/cdn1.mediawpaccore.net\/wp-content\/uploads\/2021\/12\/28171206\/cbll-logo-color-sm.png","width":600,"height":133,"caption":"Cuballama"},"image":{"@id":"https:\/\/www.cuballama.com\/noticias\/#\/schema\/logo\/image\/"},"sameAs":["https:\/\/www.facebook.com\/CubaLlama","https:\/\/x.com\/cuballama","https:\/\/www.instagram.com\/stories\/cuballama_oficial\/","https:\/\/www.youtube.com\/channel\/UCKkFE-d_axENGZcrc4as0IA"]},{"@type":"Person","@id":"https:\/\/www.cuballama.com\/noticias\/#\/schema\/person\/f102d7591288049f09742b8a66c0a0e7","name":"Luis","url":"https:\/\/www.cuballama.com\/noticias\/author\/luis\/"}]}},"_links":{"self":[{"href":"https:\/\/www.cuballama.com\/noticias\/wp-json\/wp\/v2\/posts\/86467","targetHints":{"allow":["GET"]}}],"collection":[{"href":"https:\/\/www.cuballama.com\/noticias\/wp-json\/wp\/v2\/posts"}],"about":[{"href":"https:\/\/www.cuballama.com\/noticias\/wp-json\/wp\/v2\/types\/post"}],"author":[{"embeddable":true,"href":"https:\/\/www.cuballama.com\/noticias\/wp-json\/wp\/v2\/users\/25"}],"replies":[{"embeddable":true,"href":"https:\/\/www.cuballama.com\/noticias\/wp-json\/wp\/v2\/comments?post=86467"}],"version-history":[{"count":3,"href":"https:\/\/www.cuballama.com\/noticias\/wp-json\/wp\/v2\/posts\/86467\/revisions"}],"predecessor-version":[{"id":86472,"href":"https:\/\/www.cuballama.com\/noticias\/wp-json\/wp\/v2\/posts\/86467\/revisions\/86472"}],"wp:attachment":[{"href":"https:\/\/www.cuballama.com\/noticias\/wp-json\/wp\/v2\/media?parent=86467"}],"wp:term":[{"taxonomy":"category","embeddable":true,"href":"https:\/\/www.cuballama.com\/noticias\/wp-json\/wp\/v2\/categories?post=86467"},{"taxonomy":"post_tag","embeddable":true,"href":"https:\/\/www.cuballama.com\/noticias\/wp-json\/wp\/v2\/tags?post=86467"}],"curies":[{"name":"wp","href":"https:\/\/api.w.org\/{rel}","templated":true}]}}