{"id":86066,"date":"2022-01-28T11:50:37","date_gmt":"2022-01-28T16:50:37","guid":{"rendered":"https:\/\/www.cuballama.com\/noticias\/?p=86066"},"modified":"2022-01-28T11:52:21","modified_gmt":"2022-01-28T16:52:21","slug":"suylen-milanes-hija-de-pablo-milanes-sufre-grave-accidente-cerebrovascular","status":"publish","type":"post","link":"https:\/\/www.cuballama.com\/noticias\/suylen-milanes-hija-de-pablo-milanes-sufre-grave-accidente-cerebrovascular\/","title":{"rendered":"Suyl\u00e9n Milan\u00e9s, hija de Pablo Milan\u00e9s sufre grave accidente cerebrovascular"},"content":{"rendered":"\n<p>Suyl\u00e9n Milan\u00e9s Bennet, hija del cantautor cubano Pablo Milan\u00e9s y de la Yolanda que inspirara la c\u00e9lebre canci\u00f3n hom\u00f3nima, sufri\u00f3 un accidente cerebrovascular de gravedad por el que fue ingresada ayer en el Instituto Nacional de Neurolog\u00eda y Neurocirug\u00eda, en el Vedado, seg\u00fan informaron fuentes familiares.&nbsp;&nbsp;<\/p>\n\n\n\n<p>La situaci\u00f3n de la cantante y productora de 50 a\u00f1os de edad es cr\u00edtica y el pron\u00f3stico es reservado, dadas las afectaciones sufridas, que fueron calificadas de \u201cseveras\u201d.<\/p>\n\n\n\n<p>Suyl\u00e9n, su hermana gemela Liam, Lynn y Hayd\u00e9e son igualmente hijas de Yolanda Bennet, quien inspirara el m\u00edtico \u201cYolanda\u201d, uno de las m\u00e1s c\u00e9lebres del trovador de 79 a\u00f1os, quien se halla de gira por Estados Unidos, Portugal y Espa\u00f1a, desde finales de 2021, y de la cancion\u00edstica hispanoamericana toda.<\/p>\n\n\n\n<p>Suyl\u00e9n Milan\u00e9s se gradu\u00f3 de Canto y Direcci\u00f3n Coral en el Conservatorio \u00abAmadeo Rold\u00e1n\u00bb de La Habana, y desde principios de los a\u00f1os noventa fue cantante cantante de la agrupaci\u00f3n Monte de Espuma, fundada y dirigida por el fallecido m\u00fasico Mario Dali, iniciando luego una carrera como solista. M\u00e1s recientemente fue vocalista l\u00edder del grupo Tesis de Menta.<\/p>\n\n\n\n<p>Suyl\u00e9n es adem\u00e1s fundadora del Festival Eyeife, que desde 2017 promueve la m\u00fasica que fusiona las sonoridades electr\u00f3nicas, los g\u00e9neros musicales de la Isla, y otros ritmos alternativos, pues \u201csi realmente queremos estar conectados con el panorama de la m\u00fasica internacional, tenemos que trabajar con nuestras propias ra\u00edces y nuestra cultura. Esa es la esencia\u201d, seg\u00fan declarara en 2018 al medio El Caim\u00e1n Barbudo, a\u00f1adiendo que \u201cEyeife es en el tablero de Orula el s\u00ed, el s\u00ed absoluto\u2026Es como una respuesta a que s\u00ed vamos a lograrlo y, por supuesto, es una manera de mezclarnos con nuestra identidad, con nuestra cultura yoruba\u201d.<\/p>\n\n\n\n<p>A partir del impacto de este evento, se ha convertido en una de las m\u00e1s importantes promotoras de este campo mel\u00f3dico de alta experimentaci\u00f3n y riesgo.<\/p>\n\n\n\n<p>Es la directora general del sello PM Records, y a inicios de diciembre de 2020 organiz\u00f3 la m\u00e1s reciente y quinta edici\u00f3n de Eyeife, que transcurri\u00f3 entre los d\u00edas 9 y 12 de ese mes de manera virtual, dada la situaci\u00f3n pand\u00e9mica que imped\u00eda entonces cualquier celebraci\u00f3n masiva en el pa\u00eds.<\/p>\n\n\n\n<p>En ese mismo a\u00f1o fund\u00f3 la agrupaci\u00f3n Somos para visibilizar la impronta femenina en la industria musical de la isla, a la vez que busca rescatar r\u00edtmicas zonas alternativas del panorama sonoro cubano. Por sus m\u00e9ritos creativos, Somos mereci\u00f3 entonces el premio del Festival Cuerda Viva 2021 a la Mejor banda de Rock.<\/p>\n","protected":false},"excerpt":{"rendered":"<p>Suyl\u00e9n Milan\u00e9s Bennet, hija del cantautor cubano Pablo Milan\u00e9s y de la Yolanda que inspirara la c\u00e9lebre canci\u00f3n hom\u00f3nima, sufri\u00f3 un accidente cerebrovascular de gravedad por el que fue ingresada ayer en el Instituto Nacional de Neurolog\u00eda y Neurocirug\u00eda, en el Vedado, seg\u00fan informaron fuentes familiares.&nbsp;&nbsp; La situaci\u00f3n de la cantante y productora de 50 [&hellip;]<\/p>\n","protected":false},"author":24,"featured_media":86068,"comment_status":"closed","ping_status":"closed","sticky":false,"template":"","format":"standard","meta":{"_acf_changed":false,"footnotes":""},"categories":[18,955],"tags":[252,941,12461],"class_list":{"0":"post-86066","1":"post","2":"type-post","3":"status-publish","4":"format-standard","5":"has-post-thumbnail","7":"category-noticias","8":"category-noticias-de-cuba","9":"tag-artistas-cubanos","10":"tag-destacado","11":"tag-suylen-milanes"},"acf":[],"yoast_head":"<!-- This site is optimized with the Yoast SEO plugin v27.5 - https:\/\/yoast.com\/product\/yoast-seo-wordpress\/ -->\n<title>Suyl\u00e9n Milan\u00e9s, hija de Pablo Milan\u00e9s sufre accidente cerebrovascular<\/title>\n<meta name=\"description\" content=\"Suyl\u00e9n Milan\u00e9s , hija de Pablo Milan\u00e9s y de la Yolanda que inspirara la c\u00e9lebre canci\u00f3n hom\u00f3nima, sufri\u00f3 un accidente cerebrovascular\" \/>\n<meta name=\"robots\" content=\"index, follow, max-snippet:-1, max-image-preview:large, max-video-preview:-1\" \/>\n<link rel=\"canonical\" href=\"https:\/\/www.cuballama.com\/noticias\/suylen-milanes-hija-de-pablo-milanes-sufre-grave-accidente-cerebrovascular\/\" \/>\n<meta property=\"og:locale\" content=\"es_ES\" \/>\n<meta property=\"og:type\" content=\"article\" \/>\n<meta property=\"og:title\" content=\"Suyl\u00e9n Milan\u00e9s, hija de Pablo Milan\u00e9s sufre accidente cerebrovascular\" \/>\n<meta property=\"og:description\" content=\"Suyl\u00e9n Milan\u00e9s , hija de Pablo Milan\u00e9s y de la Yolanda que inspirara la c\u00e9lebre canci\u00f3n hom\u00f3nima, sufri\u00f3 un accidente cerebrovascular\" \/>\n<meta property=\"og:url\" content=\"https:\/\/www.cuballama.com\/noticias\/suylen-milanes-hija-de-pablo-milanes-sufre-grave-accidente-cerebrovascular\/\" \/>\n<meta property=\"og:site_name\" content=\"Cuballama Noticias\" \/>\n<meta property=\"article:publisher\" content=\"https:\/\/www.facebook.com\/CubaLlama\" \/>\n<meta property=\"article:published_time\" content=\"2022-01-28T16:50:37+00:00\" \/>\n<meta property=\"article:modified_time\" content=\"2022-01-28T16:52:21+00:00\" \/>\n<meta property=\"og:image\" content=\"https:\/\/www.cuballama.com\/noticias\/wp-content\/uploads\/2022\/01\/suylen-milanes-e1549623377973.jpg\" \/>\n\t<meta property=\"og:image:width\" content=\"715\" \/>\n\t<meta property=\"og:image:height\" content=\"532\" \/>\n\t<meta property=\"og:image:type\" content=\"image\/jpeg\" \/>\n<meta name=\"author\" content=\"Manu\" \/>\n<meta name=\"twitter:card\" content=\"summary_large_image\" \/>\n<meta name=\"twitter:creator\" content=\"@cuballama\" \/>\n<meta name=\"twitter:site\" content=\"@cuballama\" \/>\n<meta name=\"twitter:label1\" content=\"Escrito por\" \/>\n\t<meta name=\"twitter:data1\" content=\"Manu\" \/>\n\t<meta name=\"twitter:label2\" content=\"Tiempo de lectura\" \/>\n\t<meta name=\"twitter:data2\" content=\"2 minutos\" \/>\n<script type=\"application\/ld+json\" class=\"yoast-schema-graph\">{\"@context\":\"https:\\\/\\\/schema.org\",\"@graph\":[{\"@type\":\"Article\",\"@id\":\"https:\\\/\\\/www.cuballama.com\\\/noticias\\\/suylen-milanes-hija-de-pablo-milanes-sufre-grave-accidente-cerebrovascular\\\/#article\",\"isPartOf\":{\"@id\":\"https:\\\/\\\/www.cuballama.com\\\/noticias\\\/suylen-milanes-hija-de-pablo-milanes-sufre-grave-accidente-cerebrovascular\\\/\"},\"author\":{\"name\":\"Manu\",\"@id\":\"https:\\\/\\\/www.cuballama.com\\\/noticias\\\/#\\\/schema\\\/person\\\/5889f7d070564f8386e7944d14d436cd\"},\"headline\":\"Suyl\u00e9n Milan\u00e9s, hija de Pablo Milan\u00e9s sufre grave accidente cerebrovascular\",\"datePublished\":\"2022-01-28T16:50:37+00:00\",\"dateModified\":\"2022-01-28T16:52:21+00:00\",\"mainEntityOfPage\":{\"@id\":\"https:\\\/\\\/www.cuballama.com\\\/noticias\\\/suylen-milanes-hija-de-pablo-milanes-sufre-grave-accidente-cerebrovascular\\\/\"},\"wordCount\":476,\"publisher\":{\"@id\":\"https:\\\/\\\/www.cuballama.com\\\/noticias\\\/#organization\"},\"image\":{\"@id\":\"https:\\\/\\\/www.cuballama.com\\\/noticias\\\/suylen-milanes-hija-de-pablo-milanes-sufre-grave-accidente-cerebrovascular\\\/#primaryimage\"},\"thumbnailUrl\":\"https:\\\/\\\/cdn1.mediawpaccore.net\\\/wp-content\\\/uploads\\\/2022\\\/01\\\/28114236\\\/suylen-milanes-e1549623377973.jpg\",\"keywords\":[\"Artistas cubanos\",\"destacado\",\"suylen Milanes\"],\"articleSection\":[\"Noticias\",\"Noticias de Cuba\"],\"inLanguage\":\"es\"},{\"@type\":\"WebPage\",\"@id\":\"https:\\\/\\\/www.cuballama.com\\\/noticias\\\/suylen-milanes-hija-de-pablo-milanes-sufre-grave-accidente-cerebrovascular\\\/\",\"url\":\"https:\\\/\\\/www.cuballama.com\\\/noticias\\\/suylen-milanes-hija-de-pablo-milanes-sufre-grave-accidente-cerebrovascular\\\/\",\"name\":\"Suyl\u00e9n Milan\u00e9s, hija de Pablo Milan\u00e9s sufre accidente cerebrovascular\",\"isPartOf\":{\"@id\":\"https:\\\/\\\/www.cuballama.com\\\/noticias\\\/#website\"},\"primaryImageOfPage\":{\"@id\":\"https:\\\/\\\/www.cuballama.com\\\/noticias\\\/suylen-milanes-hija-de-pablo-milanes-sufre-grave-accidente-cerebrovascular\\\/#primaryimage\"},\"image\":{\"@id\":\"https:\\\/\\\/www.cuballama.com\\\/noticias\\\/suylen-milanes-hija-de-pablo-milanes-sufre-grave-accidente-cerebrovascular\\\/#primaryimage\"},\"thumbnailUrl\":\"https:\\\/\\\/cdn1.mediawpaccore.net\\\/wp-content\\\/uploads\\\/2022\\\/01\\\/28114236\\\/suylen-milanes-e1549623377973.jpg\",\"datePublished\":\"2022-01-28T16:50:37+00:00\",\"dateModified\":\"2022-01-28T16:52:21+00:00\",\"description\":\"Suyl\u00e9n Milan\u00e9s , hija de Pablo Milan\u00e9s y de la Yolanda que inspirara la c\u00e9lebre canci\u00f3n hom\u00f3nima, sufri\u00f3 un accidente cerebrovascular\",\"breadcrumb\":{\"@id\":\"https:\\\/\\\/www.cuballama.com\\\/noticias\\\/suylen-milanes-hija-de-pablo-milanes-sufre-grave-accidente-cerebrovascular\\\/#breadcrumb\"},\"inLanguage\":\"es\",\"potentialAction\":[{\"@type\":\"ReadAction\",\"target\":[\"https:\\\/\\\/www.cuballama.com\\\/noticias\\\/suylen-milanes-hija-de-pablo-milanes-sufre-grave-accidente-cerebrovascular\\\/\"]}]},{\"@type\":\"ImageObject\",\"inLanguage\":\"es\",\"@id\":\"https:\\\/\\\/www.cuballama.com\\\/noticias\\\/suylen-milanes-hija-de-pablo-milanes-sufre-grave-accidente-cerebrovascular\\\/#primaryimage\",\"url\":\"https:\\\/\\\/cdn1.mediawpaccore.net\\\/wp-content\\\/uploads\\\/2022\\\/01\\\/28114236\\\/suylen-milanes-e1549623377973.jpg\",\"contentUrl\":\"https:\\\/\\\/cdn1.mediawpaccore.net\\\/wp-content\\\/uploads\\\/2022\\\/01\\\/28114236\\\/suylen-milanes-e1549623377973.jpg\",\"width\":715,\"height\":532,\"caption\":\"La situaci\u00f3n de la cantante y productora de 50 a\u00f1os de edad es cr\u00edtica y el pron\u00f3stico es reservado, dadas las afectaciones sufridas, que fueron calificadas de \u201cseveras\u201d.\"},{\"@type\":\"BreadcrumbList\",\"@id\":\"https:\\\/\\\/www.cuballama.com\\\/noticias\\\/suylen-milanes-hija-de-pablo-milanes-sufre-grave-accidente-cerebrovascular\\\/#breadcrumb\",\"itemListElement\":[{\"@type\":\"ListItem\",\"position\":1,\"name\":\"Home\",\"item\":\"https:\\\/\\\/www.cuballama.com\\\/noticias\\\/\"},{\"@type\":\"ListItem\",\"position\":2,\"name\":\"Suyl\u00e9n Milan\u00e9s, hija de Pablo Milan\u00e9s sufre grave accidente cerebrovascular\"}]},{\"@type\":\"WebSite\",\"@id\":\"https:\\\/\\\/www.cuballama.com\\\/noticias\\\/#website\",\"url\":\"https:\\\/\\\/www.cuballama.com\\\/noticias\\\/\",\"name\":\"Cuballama Noticias\",\"description\":\"Medio digital sobre Cuba y el mundo\",\"publisher\":{\"@id\":\"https:\\\/\\\/www.cuballama.com\\\/noticias\\\/#organization\"},\"potentialAction\":[{\"@type\":\"SearchAction\",\"target\":{\"@type\":\"EntryPoint\",\"urlTemplate\":\"https:\\\/\\\/www.cuballama.com\\\/noticias\\\/?s={search_term_string}\"},\"query-input\":{\"@type\":\"PropertyValueSpecification\",\"valueRequired\":true,\"valueName\":\"search_term_string\"}}],\"inLanguage\":\"es\"},{\"@type\":\"Organization\",\"@id\":\"https:\\\/\\\/www.cuballama.com\\\/noticias\\\/#organization\",\"name\":\"Cuballama\",\"url\":\"https:\\\/\\\/www.cuballama.com\\\/noticias\\\/\",\"logo\":{\"@type\":\"ImageObject\",\"inLanguage\":\"es\",\"@id\":\"https:\\\/\\\/www.cuballama.com\\\/noticias\\\/#\\\/schema\\\/logo\\\/image\\\/\",\"url\":\"https:\\\/\\\/cdn1.mediawpaccore.net\\\/wp-content\\\/uploads\\\/2021\\\/12\\\/28171206\\\/cbll-logo-color-sm.png\",\"contentUrl\":\"https:\\\/\\\/cdn1.mediawpaccore.net\\\/wp-content\\\/uploads\\\/2021\\\/12\\\/28171206\\\/cbll-logo-color-sm.png\",\"width\":600,\"height\":133,\"caption\":\"Cuballama\"},\"image\":{\"@id\":\"https:\\\/\\\/www.cuballama.com\\\/noticias\\\/#\\\/schema\\\/logo\\\/image\\\/\"},\"sameAs\":[\"https:\\\/\\\/www.facebook.com\\\/CubaLlama\",\"https:\\\/\\\/x.com\\\/cuballama\",\"https:\\\/\\\/www.instagram.com\\\/stories\\\/cuballama_oficial\\\/\",\"https:\\\/\\\/www.youtube.com\\\/channel\\\/UCKkFE-d_axENGZcrc4as0IA\"]},{\"@type\":\"Person\",\"@id\":\"https:\\\/\\\/www.cuballama.com\\\/noticias\\\/#\\\/schema\\\/person\\\/5889f7d070564f8386e7944d14d436cd\",\"name\":\"Manu\",\"url\":\"https:\\\/\\\/www.cuballama.com\\\/noticias\\\/author\\\/manu\\\/\"}]}<\/script>\n<!-- \/ Yoast SEO plugin. -->","yoast_head_json":{"title":"Suyl\u00e9n Milan\u00e9s, hija de Pablo Milan\u00e9s sufre accidente cerebrovascular","description":"Suyl\u00e9n Milan\u00e9s , hija de Pablo Milan\u00e9s y de la Yolanda que inspirara la c\u00e9lebre canci\u00f3n hom\u00f3nima, sufri\u00f3 un accidente cerebrovascular","robots":{"index":"index","follow":"follow","max-snippet":"max-snippet:-1","max-image-preview":"max-image-preview:large","max-video-preview":"max-video-preview:-1"},"canonical":"https:\/\/www.cuballama.com\/noticias\/suylen-milanes-hija-de-pablo-milanes-sufre-grave-accidente-cerebrovascular\/","og_locale":"es_ES","og_type":"article","og_title":"Suyl\u00e9n Milan\u00e9s, hija de Pablo Milan\u00e9s sufre accidente cerebrovascular","og_description":"Suyl\u00e9n Milan\u00e9s , hija de Pablo Milan\u00e9s y de la Yolanda que inspirara la c\u00e9lebre canci\u00f3n hom\u00f3nima, sufri\u00f3 un accidente cerebrovascular","og_url":"https:\/\/www.cuballama.com\/noticias\/suylen-milanes-hija-de-pablo-milanes-sufre-grave-accidente-cerebrovascular\/","og_site_name":"Cuballama Noticias","article_publisher":"https:\/\/www.facebook.com\/CubaLlama","article_published_time":"2022-01-28T16:50:37+00:00","article_modified_time":"2022-01-28T16:52:21+00:00","og_image":[{"width":715,"height":532,"url":"https:\/\/www.cuballama.com\/noticias\/wp-content\/uploads\/2022\/01\/suylen-milanes-e1549623377973.jpg","type":"image\/jpeg"}],"author":"Manu","twitter_card":"summary_large_image","twitter_creator":"@cuballama","twitter_site":"@cuballama","twitter_misc":{"Escrito por":"Manu","Tiempo de lectura":"2 minutos"},"schema":{"@context":"https:\/\/schema.org","@graph":[{"@type":"Article","@id":"https:\/\/www.cuballama.com\/noticias\/suylen-milanes-hija-de-pablo-milanes-sufre-grave-accidente-cerebrovascular\/#article","isPartOf":{"@id":"https:\/\/www.cuballama.com\/noticias\/suylen-milanes-hija-de-pablo-milanes-sufre-grave-accidente-cerebrovascular\/"},"author":{"name":"Manu","@id":"https:\/\/www.cuballama.com\/noticias\/#\/schema\/person\/5889f7d070564f8386e7944d14d436cd"},"headline":"Suyl\u00e9n Milan\u00e9s, hija de Pablo Milan\u00e9s sufre grave accidente cerebrovascular","datePublished":"2022-01-28T16:50:37+00:00","dateModified":"2022-01-28T16:52:21+00:00","mainEntityOfPage":{"@id":"https:\/\/www.cuballama.com\/noticias\/suylen-milanes-hija-de-pablo-milanes-sufre-grave-accidente-cerebrovascular\/"},"wordCount":476,"publisher":{"@id":"https:\/\/www.cuballama.com\/noticias\/#organization"},"image":{"@id":"https:\/\/www.cuballama.com\/noticias\/suylen-milanes-hija-de-pablo-milanes-sufre-grave-accidente-cerebrovascular\/#primaryimage"},"thumbnailUrl":"https:\/\/cdn1.mediawpaccore.net\/wp-content\/uploads\/2022\/01\/28114236\/suylen-milanes-e1549623377973.jpg","keywords":["Artistas cubanos","destacado","suylen Milanes"],"articleSection":["Noticias","Noticias de Cuba"],"inLanguage":"es"},{"@type":"WebPage","@id":"https:\/\/www.cuballama.com\/noticias\/suylen-milanes-hija-de-pablo-milanes-sufre-grave-accidente-cerebrovascular\/","url":"https:\/\/www.cuballama.com\/noticias\/suylen-milanes-hija-de-pablo-milanes-sufre-grave-accidente-cerebrovascular\/","name":"Suyl\u00e9n Milan\u00e9s, hija de Pablo Milan\u00e9s sufre accidente cerebrovascular","isPartOf":{"@id":"https:\/\/www.cuballama.com\/noticias\/#website"},"primaryImageOfPage":{"@id":"https:\/\/www.cuballama.com\/noticias\/suylen-milanes-hija-de-pablo-milanes-sufre-grave-accidente-cerebrovascular\/#primaryimage"},"image":{"@id":"https:\/\/www.cuballama.com\/noticias\/suylen-milanes-hija-de-pablo-milanes-sufre-grave-accidente-cerebrovascular\/#primaryimage"},"thumbnailUrl":"https:\/\/cdn1.mediawpaccore.net\/wp-content\/uploads\/2022\/01\/28114236\/suylen-milanes-e1549623377973.jpg","datePublished":"2022-01-28T16:50:37+00:00","dateModified":"2022-01-28T16:52:21+00:00","description":"Suyl\u00e9n Milan\u00e9s , hija de Pablo Milan\u00e9s y de la Yolanda que inspirara la c\u00e9lebre canci\u00f3n hom\u00f3nima, sufri\u00f3 un accidente cerebrovascular","breadcrumb":{"@id":"https:\/\/www.cuballama.com\/noticias\/suylen-milanes-hija-de-pablo-milanes-sufre-grave-accidente-cerebrovascular\/#breadcrumb"},"inLanguage":"es","potentialAction":[{"@type":"ReadAction","target":["https:\/\/www.cuballama.com\/noticias\/suylen-milanes-hija-de-pablo-milanes-sufre-grave-accidente-cerebrovascular\/"]}]},{"@type":"ImageObject","inLanguage":"es","@id":"https:\/\/www.cuballama.com\/noticias\/suylen-milanes-hija-de-pablo-milanes-sufre-grave-accidente-cerebrovascular\/#primaryimage","url":"https:\/\/cdn1.mediawpaccore.net\/wp-content\/uploads\/2022\/01\/28114236\/suylen-milanes-e1549623377973.jpg","contentUrl":"https:\/\/cdn1.mediawpaccore.net\/wp-content\/uploads\/2022\/01\/28114236\/suylen-milanes-e1549623377973.jpg","width":715,"height":532,"caption":"La situaci\u00f3n de la cantante y productora de 50 a\u00f1os de edad es cr\u00edtica y el pron\u00f3stico es reservado, dadas las afectaciones sufridas, que fueron calificadas de \u201cseveras\u201d."},{"@type":"BreadcrumbList","@id":"https:\/\/www.cuballama.com\/noticias\/suylen-milanes-hija-de-pablo-milanes-sufre-grave-accidente-cerebrovascular\/#breadcrumb","itemListElement":[{"@type":"ListItem","position":1,"name":"Home","item":"https:\/\/www.cuballama.com\/noticias\/"},{"@type":"ListItem","position":2,"name":"Suyl\u00e9n Milan\u00e9s, hija de Pablo Milan\u00e9s sufre grave accidente cerebrovascular"}]},{"@type":"WebSite","@id":"https:\/\/www.cuballama.com\/noticias\/#website","url":"https:\/\/www.cuballama.com\/noticias\/","name":"Cuballama Noticias","description":"Medio digital sobre Cuba y el mundo","publisher":{"@id":"https:\/\/www.cuballama.com\/noticias\/#organization"},"potentialAction":[{"@type":"SearchAction","target":{"@type":"EntryPoint","urlTemplate":"https:\/\/www.cuballama.com\/noticias\/?s={search_term_string}"},"query-input":{"@type":"PropertyValueSpecification","valueRequired":true,"valueName":"search_term_string"}}],"inLanguage":"es"},{"@type":"Organization","@id":"https:\/\/www.cuballama.com\/noticias\/#organization","name":"Cuballama","url":"https:\/\/www.cuballama.com\/noticias\/","logo":{"@type":"ImageObject","inLanguage":"es","@id":"https:\/\/www.cuballama.com\/noticias\/#\/schema\/logo\/image\/","url":"https:\/\/cdn1.mediawpaccore.net\/wp-content\/uploads\/2021\/12\/28171206\/cbll-logo-color-sm.png","contentUrl":"https:\/\/cdn1.mediawpaccore.net\/wp-content\/uploads\/2021\/12\/28171206\/cbll-logo-color-sm.png","width":600,"height":133,"caption":"Cuballama"},"image":{"@id":"https:\/\/www.cuballama.com\/noticias\/#\/schema\/logo\/image\/"},"sameAs":["https:\/\/www.facebook.com\/CubaLlama","https:\/\/x.com\/cuballama","https:\/\/www.instagram.com\/stories\/cuballama_oficial\/","https:\/\/www.youtube.com\/channel\/UCKkFE-d_axENGZcrc4as0IA"]},{"@type":"Person","@id":"https:\/\/www.cuballama.com\/noticias\/#\/schema\/person\/5889f7d070564f8386e7944d14d436cd","name":"Manu","url":"https:\/\/www.cuballama.com\/noticias\/author\/manu\/"}]}},"_links":{"self":[{"href":"https:\/\/www.cuballama.com\/noticias\/wp-json\/wp\/v2\/posts\/86066","targetHints":{"allow":["GET"]}}],"collection":[{"href":"https:\/\/www.cuballama.com\/noticias\/wp-json\/wp\/v2\/posts"}],"about":[{"href":"https:\/\/www.cuballama.com\/noticias\/wp-json\/wp\/v2\/types\/post"}],"author":[{"embeddable":true,"href":"https:\/\/www.cuballama.com\/noticias\/wp-json\/wp\/v2\/users\/24"}],"replies":[{"embeddable":true,"href":"https:\/\/www.cuballama.com\/noticias\/wp-json\/wp\/v2\/comments?post=86066"}],"version-history":[{"count":2,"href":"https:\/\/www.cuballama.com\/noticias\/wp-json\/wp\/v2\/posts\/86066\/revisions"}],"predecessor-version":[{"id":86071,"href":"https:\/\/www.cuballama.com\/noticias\/wp-json\/wp\/v2\/posts\/86066\/revisions\/86071"}],"wp:featuredmedia":[{"embeddable":true,"href":"https:\/\/www.cuballama.com\/noticias\/wp-json\/wp\/v2\/media\/86068"}],"wp:attachment":[{"href":"https:\/\/www.cuballama.com\/noticias\/wp-json\/wp\/v2\/media?parent=86066"}],"wp:term":[{"taxonomy":"category","embeddable":true,"href":"https:\/\/www.cuballama.com\/noticias\/wp-json\/wp\/v2\/categories?post=86066"},{"taxonomy":"post_tag","embeddable":true,"href":"https:\/\/www.cuballama.com\/noticias\/wp-json\/wp\/v2\/tags?post=86066"}],"curies":[{"name":"wp","href":"https:\/\/api.w.org\/{rel}","templated":true}]}}