{"id":85995,"date":"2022-01-27T13:25:27","date_gmt":"2022-01-27T18:25:27","guid":{"rendered":"https:\/\/www.cuballama.com\/noticias\/?p=85995"},"modified":"2022-01-27T13:25:31","modified_gmt":"2022-01-27T18:25:31","slug":"critican-a-diputado-socialista-espanol-por-visita-al-comite-central-del-pcc-en-la-habana","status":"publish","type":"post","link":"https:\/\/www.cuballama.com\/noticias\/critican-a-diputado-socialista-espanol-por-visita-al-comite-central-del-pcc-en-la-habana\/","title":{"rendered":"Critican a diputado socialista espa\u00f1ol por visita al Comit\u00e9 Central del PCC en La Habana\u00a0"},"content":{"rendered":"\n<p><\/p>\n\n\n\n<p>La reuni\u00f3n del diputado del Partido Socialista espa\u00f1ol, Julio Navalpotro, con el vicejefe del Departamento de Relaciones Internacionales del Partido Comunista de Cuba (PCC), \u00c1ngel Arzuaga Reyes, fue duramente criticada por la prensa del pa\u00eds ib\u00e9rico.<\/p>\n\n\n\n<p><a href=\"https:\/\/www.abc.es\/espana\/abci-granma-presume-cita-enviado-psoe-partido-comunista-cuba-202201252056_noticia.html\" target=\"_blank\" rel=\"noreferrer noopener nofollow\">El diario ABC<\/a> calific\u00f3 de opaco el encuentro, y asegur\u00f3 que la reuni\u00f3n no constaba en la agenda de la visita de Navalpotro a La Habana.<\/p>\n\n\n\n<p>Una escueta nota publicada por el peri\u00f3dico Granma, \u00f3rgano oficial del PCC, explica que la reuni\u00f3n tuvo como objetivo \u201cmantener y desarrollar el di\u00e1logo pol\u00edtico bilateral en beneficio de nuestros pueblos, as\u00ed como por apoyar el avance de las relaciones entre la Uni\u00f3n Europea y Cuba\u201d.<\/p>\n\n\n\n<p>Seg\u00fan la fuente, ambos funcionarios partidistas expusieron los resultados de los m\u00e1s recientes congresos de sus respectivas formaciones pol\u00edticas.<\/p>\n\n\n\n<p>Navalpotro, quien funge como vicepresidente de la Comisi\u00f3n de Sanidad del Congreso y secretario adjunto de Organizaci\u00f3n del<a href=\"https:\/\/www.cuballama.com\/blog\/concejala-espanola-viaje-cuba\/\" target=\"_blank\" rel=\"noreferrer noopener\"> PSOE, <\/a>no se ha pronunciado hasta el momento sobre los temas tratados en el encuentro, que ocurre en un momento de tensi\u00f3n pol\u00edtica entre la isla y el Parlamento Europeo debido a la ola represiva contra activistas opositores emprendida por parte gobierno de Miguel D\u00edaz-Canel tras las protestas del 11 de julio.<\/p>\n\n\n\n<p>Asimismo, se desconoce si el diputado habl\u00f3 sobre la delicada situaci\u00f3n de los corresponsales de la agencia espa\u00f1ola Efe en La Habana, a quienes las autoridades de la isla les retiraron sus acreditaciones en noviembre pasado.<\/p>\n\n\n\n<p>La presidenta de la agencia de noticias, Gabriela Ca\u00f1as, dijo recientemente que el gobierno cubano no les permite hacer su trabajo y advirti\u00f3 que la organizaci\u00f3n se est\u00e1 planteando su permanencia en la isla.<\/p>\n\n\n\n<p>\u201cNos est\u00e1n echando de Cuba. No podemos actualmente, con tan s\u00f3lo dos periodistas, mantener los est\u00e1ndares de calidad que la Agencia Efe ofrec\u00eda hasta el momento en el pa\u00eds. Es muy penoso\u201d, lament\u00f3 Ca\u00f1as durante un evento celebrado en Madrid.<\/p>\n\n\n\n<p>El peri\u00f3dico ABC a\u00f1ade que este no es \u201cel primer gesto de diputados del PSOE con la dictadura cubana\u201d.&nbsp;<\/p>\n\n\n\n<p>Record\u00f3 que a ra\u00edz del estallido social en varias ciudades de la isla en julio pasado, el partido que ocupa la presidencia espa\u00f1ola se neg\u00f3 a condenar la represi\u00f3n de las autoridades cubanas a los manifestantes pac\u00edficos.<\/p>\n\n\n\n<p>El medio cuestion\u00f3 adem\u00e1s la posici\u00f3n de los representantes del PSOE en el Parlamento Europeo, quienes se opusieron a tres resoluciones de condena a La Habana por vulnerar los derechos humanos, y que a la postre fueron aprobadas por amplia mayor\u00eda en la Euroc\u00e1mara.&nbsp;<\/p>\n","protected":false},"excerpt":{"rendered":"<p>La reuni\u00f3n del diputado del Partido Socialista espa\u00f1ol, Julio Navalpotro, con el vicejefe del Departamento de Relaciones Internacionales del Partido Comunista de Cuba (PCC), \u00c1ngel Arzuaga Reyes, fue duramente criticada por la prensa del pa\u00eds ib\u00e9rico. El diario ABC calific\u00f3 de opaco el encuentro, y asegur\u00f3 que la reuni\u00f3n no constaba en la agenda de [&hellip;]<\/p>\n","protected":false},"author":25,"featured_media":86010,"comment_status":"closed","ping_status":"closed","sticky":false,"template":"","format":"standard","meta":{"_acf_changed":false,"footnotes":""},"categories":[18,955],"tags":[941,5301,2578],"class_list":{"0":"post-85995","1":"post","2":"type-post","3":"status-publish","4":"format-standard","5":"has-post-thumbnail","7":"category-noticias","8":"category-noticias-de-cuba","9":"tag-destacado","10":"tag-pcc","11":"tag-psoe"},"acf":[],"yoast_head":"<!-- This site is optimized with the Yoast SEO plugin v27.5 - https:\/\/yoast.com\/product\/yoast-seo-wordpress\/ -->\n<title>Critican a diputado socialista espa\u00f1ol por visita al Comit\u00e9 Central del PCC<\/title>\n<meta name=\"description\" content=\"El diario ABC calific\u00f3 de opaco el encuentro, y asegur\u00f3 que la reuni\u00f3n no constaba en la agenda de la visita de Navalpotro a La Habana.\" \/>\n<meta name=\"robots\" content=\"index, follow, max-snippet:-1, max-image-preview:large, max-video-preview:-1\" \/>\n<link rel=\"canonical\" href=\"https:\/\/www.cuballama.com\/noticias\/critican-a-diputado-socialista-espanol-por-visita-al-comite-central-del-pcc-en-la-habana\/\" \/>\n<meta property=\"og:locale\" content=\"es_ES\" \/>\n<meta property=\"og:type\" content=\"article\" \/>\n<meta property=\"og:title\" content=\"Critican a diputado socialista espa\u00f1ol por visita al Comit\u00e9 Central del PCC\" \/>\n<meta property=\"og:description\" content=\"El diario ABC calific\u00f3 de opaco el encuentro, y asegur\u00f3 que la reuni\u00f3n no constaba en la agenda de la visita de Navalpotro a La Habana.\" \/>\n<meta property=\"og:url\" content=\"https:\/\/www.cuballama.com\/noticias\/critican-a-diputado-socialista-espanol-por-visita-al-comite-central-del-pcc-en-la-habana\/\" \/>\n<meta property=\"og:site_name\" content=\"Cuballama Noticias\" \/>\n<meta property=\"article:publisher\" content=\"https:\/\/www.facebook.com\/CubaLlama\" \/>\n<meta property=\"article:published_time\" content=\"2022-01-27T18:25:27+00:00\" \/>\n<meta property=\"article:modified_time\" content=\"2022-01-27T18:25:31+00:00\" \/>\n<meta property=\"og:image\" content=\"https:\/\/www.cuballama.com\/noticias\/wp-content\/uploads\/2022\/01\/encuentro-pcc-U401113124436g0G-U27452337206bmn-620x349@abc-1.jpg\" \/>\n\t<meta property=\"og:image:width\" content=\"620\" \/>\n\t<meta property=\"og:image:height\" content=\"349\" \/>\n\t<meta property=\"og:image:type\" content=\"image\/jpeg\" \/>\n<meta name=\"author\" content=\"Luis\" \/>\n<meta name=\"twitter:card\" content=\"summary_large_image\" \/>\n<meta name=\"twitter:creator\" content=\"@cuballama\" \/>\n<meta name=\"twitter:site\" content=\"@cuballama\" \/>\n<meta name=\"twitter:label1\" content=\"Escrito por\" \/>\n\t<meta name=\"twitter:data1\" content=\"Luis\" \/>\n\t<meta name=\"twitter:label2\" content=\"Tiempo de lectura\" \/>\n\t<meta name=\"twitter:data2\" content=\"2 minutos\" \/>\n<script type=\"application\/ld+json\" class=\"yoast-schema-graph\">{\"@context\":\"https:\\\/\\\/schema.org\",\"@graph\":[{\"@type\":\"Article\",\"@id\":\"https:\\\/\\\/www.cuballama.com\\\/noticias\\\/critican-a-diputado-socialista-espanol-por-visita-al-comite-central-del-pcc-en-la-habana\\\/#article\",\"isPartOf\":{\"@id\":\"https:\\\/\\\/www.cuballama.com\\\/noticias\\\/critican-a-diputado-socialista-espanol-por-visita-al-comite-central-del-pcc-en-la-habana\\\/\"},\"author\":{\"name\":\"Luis\",\"@id\":\"https:\\\/\\\/www.cuballama.com\\\/noticias\\\/#\\\/schema\\\/person\\\/f102d7591288049f09742b8a66c0a0e7\"},\"headline\":\"Critican a diputado socialista espa\u00f1ol por visita al Comit\u00e9 Central del PCC en La Habana\u00a0\",\"datePublished\":\"2022-01-27T18:25:27+00:00\",\"dateModified\":\"2022-01-27T18:25:31+00:00\",\"mainEntityOfPage\":{\"@id\":\"https:\\\/\\\/www.cuballama.com\\\/noticias\\\/critican-a-diputado-socialista-espanol-por-visita-al-comite-central-del-pcc-en-la-habana\\\/\"},\"wordCount\":462,\"publisher\":{\"@id\":\"https:\\\/\\\/www.cuballama.com\\\/noticias\\\/#organization\"},\"image\":{\"@id\":\"https:\\\/\\\/www.cuballama.com\\\/noticias\\\/critican-a-diputado-socialista-espanol-por-visita-al-comite-central-del-pcc-en-la-habana\\\/#primaryimage\"},\"thumbnailUrl\":\"https:\\\/\\\/cdn1.mediawpaccore.net\\\/wp-content\\\/uploads\\\/2022\\\/01\\\/27132105\\\/encuentro-pcc-U401113124436g0G-U27452337206bmn-620x349%40abc-1.jpg\",\"keywords\":[\"destacado\",\"PCC\",\"PSOE\"],\"articleSection\":[\"Noticias\",\"Noticias de Cuba\"],\"inLanguage\":\"es\"},{\"@type\":\"WebPage\",\"@id\":\"https:\\\/\\\/www.cuballama.com\\\/noticias\\\/critican-a-diputado-socialista-espanol-por-visita-al-comite-central-del-pcc-en-la-habana\\\/\",\"url\":\"https:\\\/\\\/www.cuballama.com\\\/noticias\\\/critican-a-diputado-socialista-espanol-por-visita-al-comite-central-del-pcc-en-la-habana\\\/\",\"name\":\"Critican a diputado socialista espa\u00f1ol por visita al Comit\u00e9 Central del PCC\",\"isPartOf\":{\"@id\":\"https:\\\/\\\/www.cuballama.com\\\/noticias\\\/#website\"},\"primaryImageOfPage\":{\"@id\":\"https:\\\/\\\/www.cuballama.com\\\/noticias\\\/critican-a-diputado-socialista-espanol-por-visita-al-comite-central-del-pcc-en-la-habana\\\/#primaryimage\"},\"image\":{\"@id\":\"https:\\\/\\\/www.cuballama.com\\\/noticias\\\/critican-a-diputado-socialista-espanol-por-visita-al-comite-central-del-pcc-en-la-habana\\\/#primaryimage\"},\"thumbnailUrl\":\"https:\\\/\\\/cdn1.mediawpaccore.net\\\/wp-content\\\/uploads\\\/2022\\\/01\\\/27132105\\\/encuentro-pcc-U401113124436g0G-U27452337206bmn-620x349%40abc-1.jpg\",\"datePublished\":\"2022-01-27T18:25:27+00:00\",\"dateModified\":\"2022-01-27T18:25:31+00:00\",\"description\":\"El diario ABC calific\u00f3 de opaco el encuentro, y asegur\u00f3 que la reuni\u00f3n no constaba en la agenda de la visita de Navalpotro a La Habana.\",\"breadcrumb\":{\"@id\":\"https:\\\/\\\/www.cuballama.com\\\/noticias\\\/critican-a-diputado-socialista-espanol-por-visita-al-comite-central-del-pcc-en-la-habana\\\/#breadcrumb\"},\"inLanguage\":\"es\",\"potentialAction\":[{\"@type\":\"ReadAction\",\"target\":[\"https:\\\/\\\/www.cuballama.com\\\/noticias\\\/critican-a-diputado-socialista-espanol-por-visita-al-comite-central-del-pcc-en-la-habana\\\/\"]}]},{\"@type\":\"ImageObject\",\"inLanguage\":\"es\",\"@id\":\"https:\\\/\\\/www.cuballama.com\\\/noticias\\\/critican-a-diputado-socialista-espanol-por-visita-al-comite-central-del-pcc-en-la-habana\\\/#primaryimage\",\"url\":\"https:\\\/\\\/cdn1.mediawpaccore.net\\\/wp-content\\\/uploads\\\/2022\\\/01\\\/27132105\\\/encuentro-pcc-U401113124436g0G-U27452337206bmn-620x349%40abc-1.jpg\",\"contentUrl\":\"https:\\\/\\\/cdn1.mediawpaccore.net\\\/wp-content\\\/uploads\\\/2022\\\/01\\\/27132105\\\/encuentro-pcc-U401113124436g0G-U27452337206bmn-620x349%40abc-1.jpg\",\"width\":620,\"height\":349,\"caption\":\"Una escueta nota publicada por el peri\u00f3dico Granma, \u00f3rgano oficial del PCC, explica que la reuni\u00f3n tuvo como objetivo \u201cmantener y desarrollar el di\u00e1logo pol\u00edtico bilateral en beneficio de nuestros pueblos, as\u00ed como por apoyar el avance de las relaciones entre la Uni\u00f3n Europea y Cuba\u201d. Foto Granma\"},{\"@type\":\"BreadcrumbList\",\"@id\":\"https:\\\/\\\/www.cuballama.com\\\/noticias\\\/critican-a-diputado-socialista-espanol-por-visita-al-comite-central-del-pcc-en-la-habana\\\/#breadcrumb\",\"itemListElement\":[{\"@type\":\"ListItem\",\"position\":1,\"name\":\"Home\",\"item\":\"https:\\\/\\\/www.cuballama.com\\\/noticias\\\/\"},{\"@type\":\"ListItem\",\"position\":2,\"name\":\"Critican a diputado socialista espa\u00f1ol por visita al Comit\u00e9 Central del PCC en La Habana\u00a0\"}]},{\"@type\":\"WebSite\",\"@id\":\"https:\\\/\\\/www.cuballama.com\\\/noticias\\\/#website\",\"url\":\"https:\\\/\\\/www.cuballama.com\\\/noticias\\\/\",\"name\":\"Cuballama Noticias\",\"description\":\"Medio digital sobre Cuba y el mundo\",\"publisher\":{\"@id\":\"https:\\\/\\\/www.cuballama.com\\\/noticias\\\/#organization\"},\"potentialAction\":[{\"@type\":\"SearchAction\",\"target\":{\"@type\":\"EntryPoint\",\"urlTemplate\":\"https:\\\/\\\/www.cuballama.com\\\/noticias\\\/?s={search_term_string}\"},\"query-input\":{\"@type\":\"PropertyValueSpecification\",\"valueRequired\":true,\"valueName\":\"search_term_string\"}}],\"inLanguage\":\"es\"},{\"@type\":\"Organization\",\"@id\":\"https:\\\/\\\/www.cuballama.com\\\/noticias\\\/#organization\",\"name\":\"Cuballama\",\"url\":\"https:\\\/\\\/www.cuballama.com\\\/noticias\\\/\",\"logo\":{\"@type\":\"ImageObject\",\"inLanguage\":\"es\",\"@id\":\"https:\\\/\\\/www.cuballama.com\\\/noticias\\\/#\\\/schema\\\/logo\\\/image\\\/\",\"url\":\"https:\\\/\\\/cdn1.mediawpaccore.net\\\/wp-content\\\/uploads\\\/2021\\\/12\\\/28171206\\\/cbll-logo-color-sm.png\",\"contentUrl\":\"https:\\\/\\\/cdn1.mediawpaccore.net\\\/wp-content\\\/uploads\\\/2021\\\/12\\\/28171206\\\/cbll-logo-color-sm.png\",\"width\":600,\"height\":133,\"caption\":\"Cuballama\"},\"image\":{\"@id\":\"https:\\\/\\\/www.cuballama.com\\\/noticias\\\/#\\\/schema\\\/logo\\\/image\\\/\"},\"sameAs\":[\"https:\\\/\\\/www.facebook.com\\\/CubaLlama\",\"https:\\\/\\\/x.com\\\/cuballama\",\"https:\\\/\\\/www.instagram.com\\\/stories\\\/cuballama_oficial\\\/\",\"https:\\\/\\\/www.youtube.com\\\/channel\\\/UCKkFE-d_axENGZcrc4as0IA\"]},{\"@type\":\"Person\",\"@id\":\"https:\\\/\\\/www.cuballama.com\\\/noticias\\\/#\\\/schema\\\/person\\\/f102d7591288049f09742b8a66c0a0e7\",\"name\":\"Luis\",\"url\":\"https:\\\/\\\/www.cuballama.com\\\/noticias\\\/author\\\/luis\\\/\"}]}<\/script>\n<!-- \/ Yoast SEO plugin. -->","yoast_head_json":{"title":"Critican a diputado socialista espa\u00f1ol por visita al Comit\u00e9 Central del PCC","description":"El diario ABC calific\u00f3 de opaco el encuentro, y asegur\u00f3 que la reuni\u00f3n no constaba en la agenda de la visita de Navalpotro a La Habana.","robots":{"index":"index","follow":"follow","max-snippet":"max-snippet:-1","max-image-preview":"max-image-preview:large","max-video-preview":"max-video-preview:-1"},"canonical":"https:\/\/www.cuballama.com\/noticias\/critican-a-diputado-socialista-espanol-por-visita-al-comite-central-del-pcc-en-la-habana\/","og_locale":"es_ES","og_type":"article","og_title":"Critican a diputado socialista espa\u00f1ol por visita al Comit\u00e9 Central del PCC","og_description":"El diario ABC calific\u00f3 de opaco el encuentro, y asegur\u00f3 que la reuni\u00f3n no constaba en la agenda de la visita de Navalpotro a La Habana.","og_url":"https:\/\/www.cuballama.com\/noticias\/critican-a-diputado-socialista-espanol-por-visita-al-comite-central-del-pcc-en-la-habana\/","og_site_name":"Cuballama Noticias","article_publisher":"https:\/\/www.facebook.com\/CubaLlama","article_published_time":"2022-01-27T18:25:27+00:00","article_modified_time":"2022-01-27T18:25:31+00:00","og_image":[{"width":620,"height":349,"url":"https:\/\/www.cuballama.com\/noticias\/wp-content\/uploads\/2022\/01\/encuentro-pcc-U401113124436g0G-U27452337206bmn-620x349@abc-1.jpg","type":"image\/jpeg"}],"author":"Luis","twitter_card":"summary_large_image","twitter_creator":"@cuballama","twitter_site":"@cuballama","twitter_misc":{"Escrito por":"Luis","Tiempo de lectura":"2 minutos"},"schema":{"@context":"https:\/\/schema.org","@graph":[{"@type":"Article","@id":"https:\/\/www.cuballama.com\/noticias\/critican-a-diputado-socialista-espanol-por-visita-al-comite-central-del-pcc-en-la-habana\/#article","isPartOf":{"@id":"https:\/\/www.cuballama.com\/noticias\/critican-a-diputado-socialista-espanol-por-visita-al-comite-central-del-pcc-en-la-habana\/"},"author":{"name":"Luis","@id":"https:\/\/www.cuballama.com\/noticias\/#\/schema\/person\/f102d7591288049f09742b8a66c0a0e7"},"headline":"Critican a diputado socialista espa\u00f1ol por visita al Comit\u00e9 Central del PCC en La Habana\u00a0","datePublished":"2022-01-27T18:25:27+00:00","dateModified":"2022-01-27T18:25:31+00:00","mainEntityOfPage":{"@id":"https:\/\/www.cuballama.com\/noticias\/critican-a-diputado-socialista-espanol-por-visita-al-comite-central-del-pcc-en-la-habana\/"},"wordCount":462,"publisher":{"@id":"https:\/\/www.cuballama.com\/noticias\/#organization"},"image":{"@id":"https:\/\/www.cuballama.com\/noticias\/critican-a-diputado-socialista-espanol-por-visita-al-comite-central-del-pcc-en-la-habana\/#primaryimage"},"thumbnailUrl":"https:\/\/cdn1.mediawpaccore.net\/wp-content\/uploads\/2022\/01\/27132105\/encuentro-pcc-U401113124436g0G-U27452337206bmn-620x349%40abc-1.jpg","keywords":["destacado","PCC","PSOE"],"articleSection":["Noticias","Noticias de Cuba"],"inLanguage":"es"},{"@type":"WebPage","@id":"https:\/\/www.cuballama.com\/noticias\/critican-a-diputado-socialista-espanol-por-visita-al-comite-central-del-pcc-en-la-habana\/","url":"https:\/\/www.cuballama.com\/noticias\/critican-a-diputado-socialista-espanol-por-visita-al-comite-central-del-pcc-en-la-habana\/","name":"Critican a diputado socialista espa\u00f1ol por visita al Comit\u00e9 Central del PCC","isPartOf":{"@id":"https:\/\/www.cuballama.com\/noticias\/#website"},"primaryImageOfPage":{"@id":"https:\/\/www.cuballama.com\/noticias\/critican-a-diputado-socialista-espanol-por-visita-al-comite-central-del-pcc-en-la-habana\/#primaryimage"},"image":{"@id":"https:\/\/www.cuballama.com\/noticias\/critican-a-diputado-socialista-espanol-por-visita-al-comite-central-del-pcc-en-la-habana\/#primaryimage"},"thumbnailUrl":"https:\/\/cdn1.mediawpaccore.net\/wp-content\/uploads\/2022\/01\/27132105\/encuentro-pcc-U401113124436g0G-U27452337206bmn-620x349%40abc-1.jpg","datePublished":"2022-01-27T18:25:27+00:00","dateModified":"2022-01-27T18:25:31+00:00","description":"El diario ABC calific\u00f3 de opaco el encuentro, y asegur\u00f3 que la reuni\u00f3n no constaba en la agenda de la visita de Navalpotro a La Habana.","breadcrumb":{"@id":"https:\/\/www.cuballama.com\/noticias\/critican-a-diputado-socialista-espanol-por-visita-al-comite-central-del-pcc-en-la-habana\/#breadcrumb"},"inLanguage":"es","potentialAction":[{"@type":"ReadAction","target":["https:\/\/www.cuballama.com\/noticias\/critican-a-diputado-socialista-espanol-por-visita-al-comite-central-del-pcc-en-la-habana\/"]}]},{"@type":"ImageObject","inLanguage":"es","@id":"https:\/\/www.cuballama.com\/noticias\/critican-a-diputado-socialista-espanol-por-visita-al-comite-central-del-pcc-en-la-habana\/#primaryimage","url":"https:\/\/cdn1.mediawpaccore.net\/wp-content\/uploads\/2022\/01\/27132105\/encuentro-pcc-U401113124436g0G-U27452337206bmn-620x349%40abc-1.jpg","contentUrl":"https:\/\/cdn1.mediawpaccore.net\/wp-content\/uploads\/2022\/01\/27132105\/encuentro-pcc-U401113124436g0G-U27452337206bmn-620x349%40abc-1.jpg","width":620,"height":349,"caption":"Una escueta nota publicada por el peri\u00f3dico Granma, \u00f3rgano oficial del PCC, explica que la reuni\u00f3n tuvo como objetivo \u201cmantener y desarrollar el di\u00e1logo pol\u00edtico bilateral en beneficio de nuestros pueblos, as\u00ed como por apoyar el avance de las relaciones entre la Uni\u00f3n Europea y Cuba\u201d. Foto Granma"},{"@type":"BreadcrumbList","@id":"https:\/\/www.cuballama.com\/noticias\/critican-a-diputado-socialista-espanol-por-visita-al-comite-central-del-pcc-en-la-habana\/#breadcrumb","itemListElement":[{"@type":"ListItem","position":1,"name":"Home","item":"https:\/\/www.cuballama.com\/noticias\/"},{"@type":"ListItem","position":2,"name":"Critican a diputado socialista espa\u00f1ol por visita al Comit\u00e9 Central del PCC en La Habana\u00a0"}]},{"@type":"WebSite","@id":"https:\/\/www.cuballama.com\/noticias\/#website","url":"https:\/\/www.cuballama.com\/noticias\/","name":"Cuballama Noticias","description":"Medio digital sobre Cuba y el mundo","publisher":{"@id":"https:\/\/www.cuballama.com\/noticias\/#organization"},"potentialAction":[{"@type":"SearchAction","target":{"@type":"EntryPoint","urlTemplate":"https:\/\/www.cuballama.com\/noticias\/?s={search_term_string}"},"query-input":{"@type":"PropertyValueSpecification","valueRequired":true,"valueName":"search_term_string"}}],"inLanguage":"es"},{"@type":"Organization","@id":"https:\/\/www.cuballama.com\/noticias\/#organization","name":"Cuballama","url":"https:\/\/www.cuballama.com\/noticias\/","logo":{"@type":"ImageObject","inLanguage":"es","@id":"https:\/\/www.cuballama.com\/noticias\/#\/schema\/logo\/image\/","url":"https:\/\/cdn1.mediawpaccore.net\/wp-content\/uploads\/2021\/12\/28171206\/cbll-logo-color-sm.png","contentUrl":"https:\/\/cdn1.mediawpaccore.net\/wp-content\/uploads\/2021\/12\/28171206\/cbll-logo-color-sm.png","width":600,"height":133,"caption":"Cuballama"},"image":{"@id":"https:\/\/www.cuballama.com\/noticias\/#\/schema\/logo\/image\/"},"sameAs":["https:\/\/www.facebook.com\/CubaLlama","https:\/\/x.com\/cuballama","https:\/\/www.instagram.com\/stories\/cuballama_oficial\/","https:\/\/www.youtube.com\/channel\/UCKkFE-d_axENGZcrc4as0IA"]},{"@type":"Person","@id":"https:\/\/www.cuballama.com\/noticias\/#\/schema\/person\/f102d7591288049f09742b8a66c0a0e7","name":"Luis","url":"https:\/\/www.cuballama.com\/noticias\/author\/luis\/"}]}},"_links":{"self":[{"href":"https:\/\/www.cuballama.com\/noticias\/wp-json\/wp\/v2\/posts\/85995","targetHints":{"allow":["GET"]}}],"collection":[{"href":"https:\/\/www.cuballama.com\/noticias\/wp-json\/wp\/v2\/posts"}],"about":[{"href":"https:\/\/www.cuballama.com\/noticias\/wp-json\/wp\/v2\/types\/post"}],"author":[{"embeddable":true,"href":"https:\/\/www.cuballama.com\/noticias\/wp-json\/wp\/v2\/users\/25"}],"replies":[{"embeddable":true,"href":"https:\/\/www.cuballama.com\/noticias\/wp-json\/wp\/v2\/comments?post=85995"}],"version-history":[{"count":3,"href":"https:\/\/www.cuballama.com\/noticias\/wp-json\/wp\/v2\/posts\/85995\/revisions"}],"predecessor-version":[{"id":86012,"href":"https:\/\/www.cuballama.com\/noticias\/wp-json\/wp\/v2\/posts\/85995\/revisions\/86012"}],"wp:featuredmedia":[{"embeddable":true,"href":"https:\/\/www.cuballama.com\/noticias\/wp-json\/wp\/v2\/media\/86010"}],"wp:attachment":[{"href":"https:\/\/www.cuballama.com\/noticias\/wp-json\/wp\/v2\/media?parent=85995"}],"wp:term":[{"taxonomy":"category","embeddable":true,"href":"https:\/\/www.cuballama.com\/noticias\/wp-json\/wp\/v2\/categories?post=85995"},{"taxonomy":"post_tag","embeddable":true,"href":"https:\/\/www.cuballama.com\/noticias\/wp-json\/wp\/v2\/tags?post=85995"}],"curies":[{"name":"wp","href":"https:\/\/api.w.org\/{rel}","templated":true}]}}