{"id":85934,"date":"2022-01-26T17:12:34","date_gmt":"2022-01-26T22:12:34","guid":{"rendered":"https:\/\/www.cuballama.com\/noticias\/?p=85934"},"modified":"2022-01-26T17:12:38","modified_gmt":"2022-01-26T22:12:38","slug":"industria-del-cafe-en-cuba-con-perdidas-de-mas-de-500-millones-de-pesos","status":"publish","type":"post","link":"https:\/\/www.cuballama.com\/noticias\/industria-del-cafe-en-cuba-con-perdidas-de-mas-de-500-millones-de-pesos\/","title":{"rendered":"Industria del caf\u00e9 en Cuba con p\u00e9rdidas de m\u00e1s de 500 millones de pesos"},"content":{"rendered":"\n<p><\/p>\n\n\n\n<p>El sector industrial del caf\u00e9 en Cuba registra p\u00e9rdidas de m\u00e1s de 500 millones de pesos a causa del desajuste provocado en los precios por la Tarea Ordenamiento, lo que afect\u00f3, adem\u00e1s los salarios de trabajadores de varias torrefactoras del pa\u00eds.&nbsp;<\/p>\n\n\n\n<p>De acuerdo con el director de Caf\u00e9, Cacao y Coco del Ministerio de la Agricultura cubano, Alexis Legr\u00e1, \u201cla Tarea Ordenamiento determin\u00f3 un precio de compra m\u00e1s alto al productor primario que el de venta de las procesadoras, y eso ha generado una p\u00e9rdida a estas de 508 millones de pesos en el pa\u00eds\u201d.<\/p>\n\n\n\n<p>Un reportaje del peri\u00f3dico de Artemisa se\u00f1ala que la Procesadora de Caf\u00e9 Luis Bocourt no cumpli\u00f3 sus planes de recogida, pero de haber producido m\u00e1s, mayores habr\u00edan sido sus p\u00e9rdidas. \u201cParece una paradoja. Pero no lo es\u201d, indica el medio local.<\/p>\n\n\n\n<p>El director de la Empresa, Carlos Espinosa, explic\u00f3 que al aumentar el precio de compra a los productores, \u201cno se tuvo en cuenta la cadena de valores del caf\u00e9, el cual lleva un proceso de tratamiento imprescindible despu\u00e9s de acopiarlo\u201d.<\/p>\n\n\n\n<p>\u201cNuestras p\u00e9rdidas en la actual cosecha, a causa de la diferencia de precios en la compra y venta, ascienden a 7,8 millones de pesos\u201d, revel\u00f3 Espinosa, quien adem\u00e1s reconoci\u00f3 ineficiencias y baja productividad durante la campa\u00f1a.<\/p>\n\n\n\n<p>Seg\u00fan la fuente, el problema mismo se repite en la Empresa Procesadora Eladio Mach\u00edn, de Cienfuegos, y en mayor medida en Guant\u00e1namo, una de las principales provincias <a href=\"https:\/\/www.cuballama.com\/blog\/la-llave-bustelo-como-consiguen-los-cubanos\/\" target=\"_blank\" rel=\"noreferrer noopener\">productoras del grano <\/a>en Cuba.<\/p>\n\n\n\n<p>La empresa guantanamera, distinguida por su solidez y buenos resultados productivos, ahora presenta p\u00e9rdidas que ascienden a 186.297 millones de pesos, de acuerdo con sus directivos.&nbsp;<\/p>\n\n\n\n<p>En medio de una profunda crisis econ\u00f3mica agudizada por la pandemia de COVID-19, el gobierno cubano emprendi\u00f3 una reforma monetaria y cambiaria que ya muestra sus fracasos en diversas esferas.<\/p>\n\n\n\n<p>El aumento de salarios anunciado con bombo y platillos por quienes dise\u00f1aron el \u201cordenamiento\u201d no consigui\u00f3 un aumento de las producciones de las empresas estatales, que ahora revelan la ineficiencia escondida tras el tipo de cambio de la era del CUC, cuando el peso cubano cotizaba a la par del d\u00f3lar en el sistema empresarial cubano.<\/p>\n\n\n\n<p>El gobierno cubano determin\u00f3 otorgar cierta autonom\u00eda a las empresas estatales, pero acostumbrados a recibir \u00f3rdenes de las instancias superiores, los empresarios no han sabido reaccionar ante los nuevos problemas provocados por la propia reforma econ\u00f3mica.&nbsp;<\/p>\n\n\n\n<p>El sector cafetalero no escapa al burocratismo: \u201cLa direcci\u00f3n del Gobierno est\u00e1 en funci\u00f3n de resolver ese problema. Se ha trabajado fuerte, se han dado varios recorridos y est\u00e1 en conocimiento de todos. El martes 18 hubo otra reuni\u00f3n. Se han dado varios pasos con el Ministerio de Finanzas y Precios para solucionarlo y que no afecte al sistema empresarial ni a los trabajadores\u201d, dijo Alexis Legr\u00e1, quien tiene a su cargo el Caf\u00e9, el Cacao y el Coco en el Ministerio de Agricultura.<\/p>\n","protected":false},"excerpt":{"rendered":"<p>El sector industrial del caf\u00e9 en Cuba registra p\u00e9rdidas de m\u00e1s de 500 millones de pesos a causa del desajuste provocado en los precios por la Tarea Ordenamiento, lo que afect\u00f3, adem\u00e1s los salarios de trabajadores de varias torrefactoras del pa\u00eds.&nbsp; De acuerdo con el director de Caf\u00e9, Cacao y Coco del Ministerio de la [&hellip;]<\/p>\n","protected":false},"author":25,"featured_media":0,"comment_status":"closed","ping_status":"closed","sticky":false,"template":"","format":"standard","meta":{"_acf_changed":false,"footnotes":""},"categories":[18,955],"tags":[407,6553,941],"class_list":{"0":"post-85934","1":"post","2":"type-post","3":"status-publish","4":"format-standard","6":"category-noticias","7":"category-noticias-de-cuba","8":"tag-cafe","9":"tag-cafe-cubano","10":"tag-destacado"},"acf":[],"yoast_head":"<!-- This site is optimized with the Yoast SEO plugin v27.5 - https:\/\/yoast.com\/product\/yoast-seo-wordpress\/ -->\n<title>Industria del caf\u00e9 en Cuba con p\u00e9rdidas de m\u00e1s de 500 millones de pesos<\/title>\n<meta name=\"description\" content=\"El sector industrial del caf\u00e9 en Cuba registra p\u00e9rdidas de m\u00e1s de 500 millones de pesos a causa de la Tarea Ordenamiento\" \/>\n<meta name=\"robots\" content=\"index, follow, max-snippet:-1, max-image-preview:large, max-video-preview:-1\" \/>\n<link rel=\"canonical\" href=\"https:\/\/www.cuballama.com\/noticias\/industria-del-cafe-en-cuba-con-perdidas-de-mas-de-500-millones-de-pesos\/\" \/>\n<meta property=\"og:locale\" content=\"es_ES\" \/>\n<meta property=\"og:type\" content=\"article\" \/>\n<meta property=\"og:title\" content=\"Industria del caf\u00e9 en Cuba con p\u00e9rdidas de m\u00e1s de 500 millones de pesos\" \/>\n<meta property=\"og:description\" content=\"El sector industrial del caf\u00e9 en Cuba registra p\u00e9rdidas de m\u00e1s de 500 millones de pesos a causa de la Tarea Ordenamiento\" \/>\n<meta property=\"og:url\" content=\"https:\/\/www.cuballama.com\/noticias\/industria-del-cafe-en-cuba-con-perdidas-de-mas-de-500-millones-de-pesos\/\" \/>\n<meta property=\"og:site_name\" content=\"Cuballama Noticias\" \/>\n<meta property=\"article:publisher\" content=\"https:\/\/www.facebook.com\/CubaLlama\" \/>\n<meta property=\"article:published_time\" content=\"2022-01-26T22:12:34+00:00\" \/>\n<meta property=\"article:modified_time\" content=\"2022-01-26T22:12:38+00:00\" \/>\n<meta property=\"og:image\" content=\"https:\/\/www.cuballama.com\/noticias\/wp-content\/uploads\/2021\/12\/hola.jpg\" \/>\n\t<meta property=\"og:image:width\" content=\"251\" \/>\n\t<meta property=\"og:image:height\" content=\"201\" \/>\n\t<meta property=\"og:image:type\" content=\"image\/jpeg\" \/>\n<meta name=\"author\" content=\"Luis\" \/>\n<meta name=\"twitter:card\" content=\"summary_large_image\" \/>\n<meta name=\"twitter:creator\" content=\"@cuballama\" \/>\n<meta name=\"twitter:site\" content=\"@cuballama\" \/>\n<meta name=\"twitter:label1\" content=\"Escrito por\" \/>\n\t<meta name=\"twitter:data1\" content=\"Luis\" \/>\n\t<meta name=\"twitter:label2\" content=\"Tiempo de lectura\" \/>\n\t<meta name=\"twitter:data2\" content=\"3 minutos\" \/>\n<script type=\"application\/ld+json\" class=\"yoast-schema-graph\">{\"@context\":\"https:\\\/\\\/schema.org\",\"@graph\":[{\"@type\":\"Article\",\"@id\":\"https:\\\/\\\/www.cuballama.com\\\/noticias\\\/industria-del-cafe-en-cuba-con-perdidas-de-mas-de-500-millones-de-pesos\\\/#article\",\"isPartOf\":{\"@id\":\"https:\\\/\\\/www.cuballama.com\\\/noticias\\\/industria-del-cafe-en-cuba-con-perdidas-de-mas-de-500-millones-de-pesos\\\/\"},\"author\":{\"name\":\"Luis\",\"@id\":\"https:\\\/\\\/www.cuballama.com\\\/noticias\\\/#\\\/schema\\\/person\\\/f102d7591288049f09742b8a66c0a0e7\"},\"headline\":\"Industria del caf\u00e9 en Cuba con p\u00e9rdidas de m\u00e1s de 500 millones de pesos\",\"datePublished\":\"2022-01-26T22:12:34+00:00\",\"dateModified\":\"2022-01-26T22:12:38+00:00\",\"mainEntityOfPage\":{\"@id\":\"https:\\\/\\\/www.cuballama.com\\\/noticias\\\/industria-del-cafe-en-cuba-con-perdidas-de-mas-de-500-millones-de-pesos\\\/\"},\"wordCount\":517,\"publisher\":{\"@id\":\"https:\\\/\\\/www.cuballama.com\\\/noticias\\\/#organization\"},\"keywords\":[\"Caf\u00e9\",\"Caf\u00e9 Cubano\",\"destacado\"],\"articleSection\":[\"Noticias\",\"Noticias de Cuba\"],\"inLanguage\":\"es\"},{\"@type\":\"WebPage\",\"@id\":\"https:\\\/\\\/www.cuballama.com\\\/noticias\\\/industria-del-cafe-en-cuba-con-perdidas-de-mas-de-500-millones-de-pesos\\\/\",\"url\":\"https:\\\/\\\/www.cuballama.com\\\/noticias\\\/industria-del-cafe-en-cuba-con-perdidas-de-mas-de-500-millones-de-pesos\\\/\",\"name\":\"Industria del caf\u00e9 en Cuba con p\u00e9rdidas de m\u00e1s de 500 millones de pesos\",\"isPartOf\":{\"@id\":\"https:\\\/\\\/www.cuballama.com\\\/noticias\\\/#website\"},\"datePublished\":\"2022-01-26T22:12:34+00:00\",\"dateModified\":\"2022-01-26T22:12:38+00:00\",\"description\":\"El sector industrial del caf\u00e9 en Cuba registra p\u00e9rdidas de m\u00e1s de 500 millones de pesos a causa de la Tarea Ordenamiento\",\"breadcrumb\":{\"@id\":\"https:\\\/\\\/www.cuballama.com\\\/noticias\\\/industria-del-cafe-en-cuba-con-perdidas-de-mas-de-500-millones-de-pesos\\\/#breadcrumb\"},\"inLanguage\":\"es\",\"potentialAction\":[{\"@type\":\"ReadAction\",\"target\":[\"https:\\\/\\\/www.cuballama.com\\\/noticias\\\/industria-del-cafe-en-cuba-con-perdidas-de-mas-de-500-millones-de-pesos\\\/\"]}]},{\"@type\":\"BreadcrumbList\",\"@id\":\"https:\\\/\\\/www.cuballama.com\\\/noticias\\\/industria-del-cafe-en-cuba-con-perdidas-de-mas-de-500-millones-de-pesos\\\/#breadcrumb\",\"itemListElement\":[{\"@type\":\"ListItem\",\"position\":1,\"name\":\"Home\",\"item\":\"https:\\\/\\\/www.cuballama.com\\\/noticias\\\/\"},{\"@type\":\"ListItem\",\"position\":2,\"name\":\"Industria del caf\u00e9 en Cuba con p\u00e9rdidas de m\u00e1s de 500 millones de pesos\"}]},{\"@type\":\"WebSite\",\"@id\":\"https:\\\/\\\/www.cuballama.com\\\/noticias\\\/#website\",\"url\":\"https:\\\/\\\/www.cuballama.com\\\/noticias\\\/\",\"name\":\"Cuballama Noticias\",\"description\":\"Medio digital sobre Cuba y el mundo\",\"publisher\":{\"@id\":\"https:\\\/\\\/www.cuballama.com\\\/noticias\\\/#organization\"},\"potentialAction\":[{\"@type\":\"SearchAction\",\"target\":{\"@type\":\"EntryPoint\",\"urlTemplate\":\"https:\\\/\\\/www.cuballama.com\\\/noticias\\\/?s={search_term_string}\"},\"query-input\":{\"@type\":\"PropertyValueSpecification\",\"valueRequired\":true,\"valueName\":\"search_term_string\"}}],\"inLanguage\":\"es\"},{\"@type\":\"Organization\",\"@id\":\"https:\\\/\\\/www.cuballama.com\\\/noticias\\\/#organization\",\"name\":\"Cuballama\",\"url\":\"https:\\\/\\\/www.cuballama.com\\\/noticias\\\/\",\"logo\":{\"@type\":\"ImageObject\",\"inLanguage\":\"es\",\"@id\":\"https:\\\/\\\/www.cuballama.com\\\/noticias\\\/#\\\/schema\\\/logo\\\/image\\\/\",\"url\":\"https:\\\/\\\/cdn1.mediawpaccore.net\\\/wp-content\\\/uploads\\\/2021\\\/12\\\/28171206\\\/cbll-logo-color-sm.png\",\"contentUrl\":\"https:\\\/\\\/cdn1.mediawpaccore.net\\\/wp-content\\\/uploads\\\/2021\\\/12\\\/28171206\\\/cbll-logo-color-sm.png\",\"width\":600,\"height\":133,\"caption\":\"Cuballama\"},\"image\":{\"@id\":\"https:\\\/\\\/www.cuballama.com\\\/noticias\\\/#\\\/schema\\\/logo\\\/image\\\/\"},\"sameAs\":[\"https:\\\/\\\/www.facebook.com\\\/CubaLlama\",\"https:\\\/\\\/x.com\\\/cuballama\",\"https:\\\/\\\/www.instagram.com\\\/stories\\\/cuballama_oficial\\\/\",\"https:\\\/\\\/www.youtube.com\\\/channel\\\/UCKkFE-d_axENGZcrc4as0IA\"]},{\"@type\":\"Person\",\"@id\":\"https:\\\/\\\/www.cuballama.com\\\/noticias\\\/#\\\/schema\\\/person\\\/f102d7591288049f09742b8a66c0a0e7\",\"name\":\"Luis\",\"url\":\"https:\\\/\\\/www.cuballama.com\\\/noticias\\\/author\\\/luis\\\/\"}]}<\/script>\n<!-- \/ Yoast SEO plugin. -->","yoast_head_json":{"title":"Industria del caf\u00e9 en Cuba con p\u00e9rdidas de m\u00e1s de 500 millones de pesos","description":"El sector industrial del caf\u00e9 en Cuba registra p\u00e9rdidas de m\u00e1s de 500 millones de pesos a causa de la Tarea Ordenamiento","robots":{"index":"index","follow":"follow","max-snippet":"max-snippet:-1","max-image-preview":"max-image-preview:large","max-video-preview":"max-video-preview:-1"},"canonical":"https:\/\/www.cuballama.com\/noticias\/industria-del-cafe-en-cuba-con-perdidas-de-mas-de-500-millones-de-pesos\/","og_locale":"es_ES","og_type":"article","og_title":"Industria del caf\u00e9 en Cuba con p\u00e9rdidas de m\u00e1s de 500 millones de pesos","og_description":"El sector industrial del caf\u00e9 en Cuba registra p\u00e9rdidas de m\u00e1s de 500 millones de pesos a causa de la Tarea Ordenamiento","og_url":"https:\/\/www.cuballama.com\/noticias\/industria-del-cafe-en-cuba-con-perdidas-de-mas-de-500-millones-de-pesos\/","og_site_name":"Cuballama Noticias","article_publisher":"https:\/\/www.facebook.com\/CubaLlama","article_published_time":"2022-01-26T22:12:34+00:00","article_modified_time":"2022-01-26T22:12:38+00:00","og_image":[{"width":251,"height":201,"url":"https:\/\/www.cuballama.com\/noticias\/wp-content\/uploads\/2021\/12\/hola.jpg","type":"image\/jpeg"}],"author":"Luis","twitter_card":"summary_large_image","twitter_creator":"@cuballama","twitter_site":"@cuballama","twitter_misc":{"Escrito por":"Luis","Tiempo de lectura":"3 minutos"},"schema":{"@context":"https:\/\/schema.org","@graph":[{"@type":"Article","@id":"https:\/\/www.cuballama.com\/noticias\/industria-del-cafe-en-cuba-con-perdidas-de-mas-de-500-millones-de-pesos\/#article","isPartOf":{"@id":"https:\/\/www.cuballama.com\/noticias\/industria-del-cafe-en-cuba-con-perdidas-de-mas-de-500-millones-de-pesos\/"},"author":{"name":"Luis","@id":"https:\/\/www.cuballama.com\/noticias\/#\/schema\/person\/f102d7591288049f09742b8a66c0a0e7"},"headline":"Industria del caf\u00e9 en Cuba con p\u00e9rdidas de m\u00e1s de 500 millones de pesos","datePublished":"2022-01-26T22:12:34+00:00","dateModified":"2022-01-26T22:12:38+00:00","mainEntityOfPage":{"@id":"https:\/\/www.cuballama.com\/noticias\/industria-del-cafe-en-cuba-con-perdidas-de-mas-de-500-millones-de-pesos\/"},"wordCount":517,"publisher":{"@id":"https:\/\/www.cuballama.com\/noticias\/#organization"},"keywords":["Caf\u00e9","Caf\u00e9 Cubano","destacado"],"articleSection":["Noticias","Noticias de Cuba"],"inLanguage":"es"},{"@type":"WebPage","@id":"https:\/\/www.cuballama.com\/noticias\/industria-del-cafe-en-cuba-con-perdidas-de-mas-de-500-millones-de-pesos\/","url":"https:\/\/www.cuballama.com\/noticias\/industria-del-cafe-en-cuba-con-perdidas-de-mas-de-500-millones-de-pesos\/","name":"Industria del caf\u00e9 en Cuba con p\u00e9rdidas de m\u00e1s de 500 millones de pesos","isPartOf":{"@id":"https:\/\/www.cuballama.com\/noticias\/#website"},"datePublished":"2022-01-26T22:12:34+00:00","dateModified":"2022-01-26T22:12:38+00:00","description":"El sector industrial del caf\u00e9 en Cuba registra p\u00e9rdidas de m\u00e1s de 500 millones de pesos a causa de la Tarea Ordenamiento","breadcrumb":{"@id":"https:\/\/www.cuballama.com\/noticias\/industria-del-cafe-en-cuba-con-perdidas-de-mas-de-500-millones-de-pesos\/#breadcrumb"},"inLanguage":"es","potentialAction":[{"@type":"ReadAction","target":["https:\/\/www.cuballama.com\/noticias\/industria-del-cafe-en-cuba-con-perdidas-de-mas-de-500-millones-de-pesos\/"]}]},{"@type":"BreadcrumbList","@id":"https:\/\/www.cuballama.com\/noticias\/industria-del-cafe-en-cuba-con-perdidas-de-mas-de-500-millones-de-pesos\/#breadcrumb","itemListElement":[{"@type":"ListItem","position":1,"name":"Home","item":"https:\/\/www.cuballama.com\/noticias\/"},{"@type":"ListItem","position":2,"name":"Industria del caf\u00e9 en Cuba con p\u00e9rdidas de m\u00e1s de 500 millones de pesos"}]},{"@type":"WebSite","@id":"https:\/\/www.cuballama.com\/noticias\/#website","url":"https:\/\/www.cuballama.com\/noticias\/","name":"Cuballama Noticias","description":"Medio digital sobre Cuba y el mundo","publisher":{"@id":"https:\/\/www.cuballama.com\/noticias\/#organization"},"potentialAction":[{"@type":"SearchAction","target":{"@type":"EntryPoint","urlTemplate":"https:\/\/www.cuballama.com\/noticias\/?s={search_term_string}"},"query-input":{"@type":"PropertyValueSpecification","valueRequired":true,"valueName":"search_term_string"}}],"inLanguage":"es"},{"@type":"Organization","@id":"https:\/\/www.cuballama.com\/noticias\/#organization","name":"Cuballama","url":"https:\/\/www.cuballama.com\/noticias\/","logo":{"@type":"ImageObject","inLanguage":"es","@id":"https:\/\/www.cuballama.com\/noticias\/#\/schema\/logo\/image\/","url":"https:\/\/cdn1.mediawpaccore.net\/wp-content\/uploads\/2021\/12\/28171206\/cbll-logo-color-sm.png","contentUrl":"https:\/\/cdn1.mediawpaccore.net\/wp-content\/uploads\/2021\/12\/28171206\/cbll-logo-color-sm.png","width":600,"height":133,"caption":"Cuballama"},"image":{"@id":"https:\/\/www.cuballama.com\/noticias\/#\/schema\/logo\/image\/"},"sameAs":["https:\/\/www.facebook.com\/CubaLlama","https:\/\/x.com\/cuballama","https:\/\/www.instagram.com\/stories\/cuballama_oficial\/","https:\/\/www.youtube.com\/channel\/UCKkFE-d_axENGZcrc4as0IA"]},{"@type":"Person","@id":"https:\/\/www.cuballama.com\/noticias\/#\/schema\/person\/f102d7591288049f09742b8a66c0a0e7","name":"Luis","url":"https:\/\/www.cuballama.com\/noticias\/author\/luis\/"}]}},"_links":{"self":[{"href":"https:\/\/www.cuballama.com\/noticias\/wp-json\/wp\/v2\/posts\/85934","targetHints":{"allow":["GET"]}}],"collection":[{"href":"https:\/\/www.cuballama.com\/noticias\/wp-json\/wp\/v2\/posts"}],"about":[{"href":"https:\/\/www.cuballama.com\/noticias\/wp-json\/wp\/v2\/types\/post"}],"author":[{"embeddable":true,"href":"https:\/\/www.cuballama.com\/noticias\/wp-json\/wp\/v2\/users\/25"}],"replies":[{"embeddable":true,"href":"https:\/\/www.cuballama.com\/noticias\/wp-json\/wp\/v2\/comments?post=85934"}],"version-history":[{"count":1,"href":"https:\/\/www.cuballama.com\/noticias\/wp-json\/wp\/v2\/posts\/85934\/revisions"}],"predecessor-version":[{"id":85936,"href":"https:\/\/www.cuballama.com\/noticias\/wp-json\/wp\/v2\/posts\/85934\/revisions\/85936"}],"wp:attachment":[{"href":"https:\/\/www.cuballama.com\/noticias\/wp-json\/wp\/v2\/media?parent=85934"}],"wp:term":[{"taxonomy":"category","embeddable":true,"href":"https:\/\/www.cuballama.com\/noticias\/wp-json\/wp\/v2\/categories?post=85934"},{"taxonomy":"post_tag","embeddable":true,"href":"https:\/\/www.cuballama.com\/noticias\/wp-json\/wp\/v2\/tags?post=85934"}],"curies":[{"name":"wp","href":"https:\/\/api.w.org\/{rel}","templated":true}]}}