{"id":85917,"date":"2022-01-26T13:54:29","date_gmt":"2022-01-26T18:54:29","guid":{"rendered":"https:\/\/www.cuballama.com\/noticias\/?p=85917"},"modified":"2022-01-26T13:55:33","modified_gmt":"2022-01-26T18:55:33","slug":"que-ha-pasado-con-yeilis-torres-la-opositora-presa-por-filmar-a-humberto-lopez","status":"publish","type":"post","link":"https:\/\/www.cuballama.com\/noticias\/que-ha-pasado-con-yeilis-torres-la-opositora-presa-por-filmar-a-humberto-lopez\/","title":{"rendered":"\u00bfQu\u00e9 ha pasado con Yeilis Torres, la opositora presa por filmar a Humberto L\u00f3pez?"},"content":{"rendered":"\n<p>El 8 de mayo de 2021, en pleno auge medi\u00e1tico de Humberto L\u00f3pez en espacios televisivos estatales, donde se convirti\u00f3 en el principal acusador de toda persona o movimiento disidente en Cuba, fue seguido por la activista opositora Yeilis Torres Cruz hasta un edificio del municipio habanero de La Lisa, y filmado saliendo de una vivienda donde presuntamente viv\u00eda una amante. Hip\u00f3tesis esta fruto de la especulaci\u00f3n popular.<\/p>\n\n\n\n<p>Luego la actitud violenta de L\u00f3pez para con la mujer que lo filmaba \u201csin permiso\u201d, hurgando en su privacidad, como \u00e9l hac\u00eda diariamente con las cuentas privadas de WhatsApp y otras redes y plataformas de sus acusados, Torres Cruz fue detenida el 10 de mayo.<\/p>\n\n\n\n<p>Yeilis hab\u00eda acudido a la polic\u00eda para presentar una acusaci\u00f3n formal contra el <a href=\"https:\/\/www.cuballama.com\/noticias\/manual-de-periodismo-para-humberto-lopez\/\" target=\"_blank\" rel=\"noreferrer noopener\">funcionario <\/a>Humberto L\u00f3pez por agresi\u00f3n, pues como hab\u00eda denunciado en una \u201cdirecta\u201d de Facebook, fue agredida por este y semi desnudada en la v\u00eda p\u00fablica por sus manejos agresivos. El cargo endilgado fue \u201catentado\u201d, aunque en la \u201cdirecta\u201d inicial donde interpela al vocero no se aprecia ninguna clase de ataque f\u00edsico por parte de ella.<\/p>\n\n\n\n<p>Poco tiempo despu\u00e9s, un chofer privado que manejaba a Humberto L\u00f3pez  apoy\u00f3 en sus redes sociales la conducta agresiva de este y manifest\u00f3 haberlo ayudado en su ataque a la <a href=\"https:\/\/www.radiotelevisionmarti.com\/a\/yeilis-torres-encarcelada-en-la-prisi%C3%B3n-de-mujeres-el-guatao\/298569.html\" target=\"_blank\" rel=\"noreferrer noopener nofollow\">mujer de 34 a\u00f1os <\/a>y madre de un ni\u00f1o que cuenta actualmente con seis a\u00f1os de edad.<\/p>\n\n\n\n<p>A casi un a\u00f1o de este suceso, Torres Cruz permanece en prisi\u00f3n sin juicio programado, ni avisos legales de otros procesos y causas, por lo que su situaci\u00f3n es una suerte de limbo impreciso que amenaza con extenderse hasta el olvido. El periodista Waldo Fern\u00e1ndez Cuenca, del medio independiente Diario de Cuba (DDC) contact\u00f3 a un familiar sin identificar que ofreci\u00f3 una actualizaci\u00f3n de su situaci\u00f3n.<\/p>\n\n\n\n<p>En junio de 2021, la tambi\u00e9n miembro de la Uni\u00f3n Patri\u00f3tica de Cuba (UNPACU) fue trasladada a la c\u00e1rcel en la Prisi\u00f3n de Mujeres de Occidente, ubicado en El Guatao, en el propio municipio de La Lisa, donde ha enfermado de \u201cdengue e infecci\u00f3n en los ri\u00f1ones\u201d, seg\u00fan inform\u00f3 la pariente a DDC, acotando que adem\u00e1s \u201cest\u00e1 es muy alterada con la indefinici\u00f3n de su caso, porque ya lleva ocho meses en prisi\u00f3n provisional\u201d.<\/p>\n\n\n\n<p>Torres Cruz le manifest\u00f3 a la persona testimoniante que \u201csi para febrero no hay una definici\u00f3n de su situaci\u00f3n legal, se plantar\u00e1 y har\u00e1 huelga de hambre. El abogado en tres ocasiones ha pedido un cambio de medida para que ella espere el supuesto juicio en libertad, pero siempre se lo han denegado\u201d, detall\u00f3.<\/p>\n\n\n\n<p>El expediente legal se encuentra en \u201cFiscal\u00eda hace m\u00e1s de tres meses y no hay ning\u00fan pronunciamiento hasta el momento sobre juicio ni nada\u201d, seg\u00fan comenta la fuente consultada, a pesar que seg\u00fan la legislaci\u00f3n cubana vigente, ninguna investigaci\u00f3n de este tipo debe tardar m\u00e1s de dos meses, aunque pudiera extenderse excepcionalmente a seis acorde la extrema complejidad que denote. La detenci\u00f3n sin encausamiento de Torres Cruz ya excede en dos meses cualquier plazo m\u00e1ximo legal.<\/p>\n\n\n\n<p>Marisol Cruz Sald\u00edvar, madre de Yeilis, ha demandado su libertad en la red social Facebook, donde mostr\u00f3 una foto de esta junto a su hijo, comentando que todos los d\u00edas el ni\u00f1o \u201cpregunta &#8216;\u00bfcu\u00e1ndo viene mi mam\u00e1?&#8217;. Y yo, su abuela, no s\u00e9 qu\u00e9 responderle. \u00bfD\u00f3nde est\u00e1n los derechos de un ni\u00f1o que, por solo su madre hacer una directa y una pregunta, se le prive de su libertad?\u201d.<\/p>\n","protected":false},"excerpt":{"rendered":"<p>El 8 de mayo de 2021, en pleno auge medi\u00e1tico de Humberto L\u00f3pez en espacios televisivos estatales, donde se convirti\u00f3 en el principal acusador de toda persona o movimiento disidente en Cuba, fue seguido por la activista opositora Yeilis Torres Cruz hasta un edificio del municipio habanero de La Lisa, y filmado saliendo de una [&hellip;]<\/p>\n","protected":false},"author":24,"featured_media":85918,"comment_status":"closed","ping_status":"closed","sticky":false,"template":"","format":"standard","meta":{"_acf_changed":false,"footnotes":""},"categories":[18,955],"tags":[941],"class_list":{"0":"post-85917","1":"post","2":"type-post","3":"status-publish","4":"format-standard","5":"has-post-thumbnail","7":"category-noticias","8":"category-noticias-de-cuba","9":"tag-destacado"},"acf":[],"yoast_head":"<!-- This site is optimized with the Yoast SEO plugin v27.5 - https:\/\/yoast.com\/product\/yoast-seo-wordpress\/ -->\n<title>\u00bfQu\u00e9 ha pasado con la opositora presa por filmar a Humberto L\u00f3pez?<\/title>\n<meta name=\"description\" content=\"Torres Cruz, agredida por Humberto L\u00f3pez, permanece en prisi\u00f3n sin juicio programado, ni avisos legales de otros procesos y causas.\" \/>\n<meta name=\"robots\" content=\"index, follow, max-snippet:-1, max-image-preview:large, max-video-preview:-1\" \/>\n<link rel=\"canonical\" href=\"https:\/\/www.cuballama.com\/noticias\/que-ha-pasado-con-yeilis-torres-la-opositora-presa-por-filmar-a-humberto-lopez\/\" \/>\n<meta property=\"og:locale\" content=\"es_ES\" \/>\n<meta property=\"og:type\" content=\"article\" \/>\n<meta property=\"og:title\" content=\"\u00bfQu\u00e9 ha pasado con la opositora presa por filmar a Humberto L\u00f3pez?\" \/>\n<meta property=\"og:description\" content=\"Torres Cruz, agredida por Humberto L\u00f3pez, permanece en prisi\u00f3n sin juicio programado, ni avisos legales de otros procesos y causas.\" \/>\n<meta property=\"og:url\" content=\"https:\/\/www.cuballama.com\/noticias\/que-ha-pasado-con-yeilis-torres-la-opositora-presa-por-filmar-a-humberto-lopez\/\" \/>\n<meta property=\"og:site_name\" content=\"Cuballama Noticias\" \/>\n<meta property=\"article:publisher\" content=\"https:\/\/www.facebook.com\/CubaLlama\" \/>\n<meta property=\"article:published_time\" content=\"2022-01-26T18:54:29+00:00\" \/>\n<meta property=\"article:modified_time\" content=\"2022-01-26T18:55:33+00:00\" \/>\n<meta property=\"og:image\" content=\"https:\/\/www.cuballama.com\/noticias\/wp-content\/uploads\/2022\/01\/Humberto-Lopez-y-Yeilis-Torres-Cruz-758x379-1.jpg\" \/>\n\t<meta property=\"og:image:width\" content=\"758\" \/>\n\t<meta property=\"og:image:height\" content=\"379\" \/>\n\t<meta property=\"og:image:type\" content=\"image\/jpeg\" \/>\n<meta name=\"author\" content=\"Manu\" \/>\n<meta name=\"twitter:card\" content=\"summary_large_image\" \/>\n<meta name=\"twitter:creator\" content=\"@cuballama\" \/>\n<meta name=\"twitter:site\" content=\"@cuballama\" \/>\n<meta name=\"twitter:label1\" content=\"Escrito por\" \/>\n\t<meta name=\"twitter:data1\" content=\"Manu\" \/>\n\t<meta name=\"twitter:label2\" content=\"Tiempo de lectura\" \/>\n\t<meta name=\"twitter:data2\" content=\"3 minutos\" \/>\n<script type=\"application\/ld+json\" class=\"yoast-schema-graph\">{\"@context\":\"https:\\\/\\\/schema.org\",\"@graph\":[{\"@type\":\"Article\",\"@id\":\"https:\\\/\\\/www.cuballama.com\\\/noticias\\\/que-ha-pasado-con-yeilis-torres-la-opositora-presa-por-filmar-a-humberto-lopez\\\/#article\",\"isPartOf\":{\"@id\":\"https:\\\/\\\/www.cuballama.com\\\/noticias\\\/que-ha-pasado-con-yeilis-torres-la-opositora-presa-por-filmar-a-humberto-lopez\\\/\"},\"author\":{\"name\":\"Manu\",\"@id\":\"https:\\\/\\\/www.cuballama.com\\\/noticias\\\/#\\\/schema\\\/person\\\/5889f7d070564f8386e7944d14d436cd\"},\"headline\":\"\u00bfQu\u00e9 ha pasado con Yeilis Torres, la opositora presa por filmar a Humberto L\u00f3pez?\",\"datePublished\":\"2022-01-26T18:54:29+00:00\",\"dateModified\":\"2022-01-26T18:55:33+00:00\",\"mainEntityOfPage\":{\"@id\":\"https:\\\/\\\/www.cuballama.com\\\/noticias\\\/que-ha-pasado-con-yeilis-torres-la-opositora-presa-por-filmar-a-humberto-lopez\\\/\"},\"wordCount\":636,\"publisher\":{\"@id\":\"https:\\\/\\\/www.cuballama.com\\\/noticias\\\/#organization\"},\"image\":{\"@id\":\"https:\\\/\\\/www.cuballama.com\\\/noticias\\\/que-ha-pasado-con-yeilis-torres-la-opositora-presa-por-filmar-a-humberto-lopez\\\/#primaryimage\"},\"thumbnailUrl\":\"https:\\\/\\\/cdn1.mediawpaccore.net\\\/wp-content\\\/uploads\\\/2022\\\/01\\\/26134921\\\/Humberto-Lopez-y-Yeilis-Torres-Cruz-758x379-1.jpg\",\"keywords\":[\"destacado\"],\"articleSection\":[\"Noticias\",\"Noticias de Cuba\"],\"inLanguage\":\"es\"},{\"@type\":\"WebPage\",\"@id\":\"https:\\\/\\\/www.cuballama.com\\\/noticias\\\/que-ha-pasado-con-yeilis-torres-la-opositora-presa-por-filmar-a-humberto-lopez\\\/\",\"url\":\"https:\\\/\\\/www.cuballama.com\\\/noticias\\\/que-ha-pasado-con-yeilis-torres-la-opositora-presa-por-filmar-a-humberto-lopez\\\/\",\"name\":\"\u00bfQu\u00e9 ha pasado con la opositora presa por filmar a Humberto L\u00f3pez?\",\"isPartOf\":{\"@id\":\"https:\\\/\\\/www.cuballama.com\\\/noticias\\\/#website\"},\"primaryImageOfPage\":{\"@id\":\"https:\\\/\\\/www.cuballama.com\\\/noticias\\\/que-ha-pasado-con-yeilis-torres-la-opositora-presa-por-filmar-a-humberto-lopez\\\/#primaryimage\"},\"image\":{\"@id\":\"https:\\\/\\\/www.cuballama.com\\\/noticias\\\/que-ha-pasado-con-yeilis-torres-la-opositora-presa-por-filmar-a-humberto-lopez\\\/#primaryimage\"},\"thumbnailUrl\":\"https:\\\/\\\/cdn1.mediawpaccore.net\\\/wp-content\\\/uploads\\\/2022\\\/01\\\/26134921\\\/Humberto-Lopez-y-Yeilis-Torres-Cruz-758x379-1.jpg\",\"datePublished\":\"2022-01-26T18:54:29+00:00\",\"dateModified\":\"2022-01-26T18:55:33+00:00\",\"description\":\"Torres Cruz, agredida por Humberto L\u00f3pez, permanece en prisi\u00f3n sin juicio programado, ni avisos legales de otros procesos y causas.\",\"breadcrumb\":{\"@id\":\"https:\\\/\\\/www.cuballama.com\\\/noticias\\\/que-ha-pasado-con-yeilis-torres-la-opositora-presa-por-filmar-a-humberto-lopez\\\/#breadcrumb\"},\"inLanguage\":\"es\",\"potentialAction\":[{\"@type\":\"ReadAction\",\"target\":[\"https:\\\/\\\/www.cuballama.com\\\/noticias\\\/que-ha-pasado-con-yeilis-torres-la-opositora-presa-por-filmar-a-humberto-lopez\\\/\"]}]},{\"@type\":\"ImageObject\",\"inLanguage\":\"es\",\"@id\":\"https:\\\/\\\/www.cuballama.com\\\/noticias\\\/que-ha-pasado-con-yeilis-torres-la-opositora-presa-por-filmar-a-humberto-lopez\\\/#primaryimage\",\"url\":\"https:\\\/\\\/cdn1.mediawpaccore.net\\\/wp-content\\\/uploads\\\/2022\\\/01\\\/26134921\\\/Humberto-Lopez-y-Yeilis-Torres-Cruz-758x379-1.jpg\",\"contentUrl\":\"https:\\\/\\\/cdn1.mediawpaccore.net\\\/wp-content\\\/uploads\\\/2022\\\/01\\\/26134921\\\/Humberto-Lopez-y-Yeilis-Torres-Cruz-758x379-1.jpg\",\"width\":758,\"height\":379,\"caption\":\"La e x fiscal cubana no fue la \u00fanica del grupo de inmigrantes ilegales cuya deportaci\u00f3n no fue aceptada por el gobierno de Cuba\"},{\"@type\":\"BreadcrumbList\",\"@id\":\"https:\\\/\\\/www.cuballama.com\\\/noticias\\\/que-ha-pasado-con-yeilis-torres-la-opositora-presa-por-filmar-a-humberto-lopez\\\/#breadcrumb\",\"itemListElement\":[{\"@type\":\"ListItem\",\"position\":1,\"name\":\"Home\",\"item\":\"https:\\\/\\\/www.cuballama.com\\\/noticias\\\/\"},{\"@type\":\"ListItem\",\"position\":2,\"name\":\"\u00bfQu\u00e9 ha pasado con Yeilis Torres, la opositora presa por filmar a Humberto L\u00f3pez?\"}]},{\"@type\":\"WebSite\",\"@id\":\"https:\\\/\\\/www.cuballama.com\\\/noticias\\\/#website\",\"url\":\"https:\\\/\\\/www.cuballama.com\\\/noticias\\\/\",\"name\":\"Cuballama Noticias\",\"description\":\"Medio digital sobre Cuba y el mundo\",\"publisher\":{\"@id\":\"https:\\\/\\\/www.cuballama.com\\\/noticias\\\/#organization\"},\"potentialAction\":[{\"@type\":\"SearchAction\",\"target\":{\"@type\":\"EntryPoint\",\"urlTemplate\":\"https:\\\/\\\/www.cuballama.com\\\/noticias\\\/?s={search_term_string}\"},\"query-input\":{\"@type\":\"PropertyValueSpecification\",\"valueRequired\":true,\"valueName\":\"search_term_string\"}}],\"inLanguage\":\"es\"},{\"@type\":\"Organization\",\"@id\":\"https:\\\/\\\/www.cuballama.com\\\/noticias\\\/#organization\",\"name\":\"Cuballama\",\"url\":\"https:\\\/\\\/www.cuballama.com\\\/noticias\\\/\",\"logo\":{\"@type\":\"ImageObject\",\"inLanguage\":\"es\",\"@id\":\"https:\\\/\\\/www.cuballama.com\\\/noticias\\\/#\\\/schema\\\/logo\\\/image\\\/\",\"url\":\"https:\\\/\\\/cdn1.mediawpaccore.net\\\/wp-content\\\/uploads\\\/2021\\\/12\\\/28171206\\\/cbll-logo-color-sm.png\",\"contentUrl\":\"https:\\\/\\\/cdn1.mediawpaccore.net\\\/wp-content\\\/uploads\\\/2021\\\/12\\\/28171206\\\/cbll-logo-color-sm.png\",\"width\":600,\"height\":133,\"caption\":\"Cuballama\"},\"image\":{\"@id\":\"https:\\\/\\\/www.cuballama.com\\\/noticias\\\/#\\\/schema\\\/logo\\\/image\\\/\"},\"sameAs\":[\"https:\\\/\\\/www.facebook.com\\\/CubaLlama\",\"https:\\\/\\\/x.com\\\/cuballama\",\"https:\\\/\\\/www.instagram.com\\\/stories\\\/cuballama_oficial\\\/\",\"https:\\\/\\\/www.youtube.com\\\/channel\\\/UCKkFE-d_axENGZcrc4as0IA\"]},{\"@type\":\"Person\",\"@id\":\"https:\\\/\\\/www.cuballama.com\\\/noticias\\\/#\\\/schema\\\/person\\\/5889f7d070564f8386e7944d14d436cd\",\"name\":\"Manu\",\"url\":\"https:\\\/\\\/www.cuballama.com\\\/noticias\\\/author\\\/manu\\\/\"}]}<\/script>\n<!-- \/ Yoast SEO plugin. -->","yoast_head_json":{"title":"\u00bfQu\u00e9 ha pasado con la opositora presa por filmar a Humberto L\u00f3pez?","description":"Torres Cruz, agredida por Humberto L\u00f3pez, permanece en prisi\u00f3n sin juicio programado, ni avisos legales de otros procesos y causas.","robots":{"index":"index","follow":"follow","max-snippet":"max-snippet:-1","max-image-preview":"max-image-preview:large","max-video-preview":"max-video-preview:-1"},"canonical":"https:\/\/www.cuballama.com\/noticias\/que-ha-pasado-con-yeilis-torres-la-opositora-presa-por-filmar-a-humberto-lopez\/","og_locale":"es_ES","og_type":"article","og_title":"\u00bfQu\u00e9 ha pasado con la opositora presa por filmar a Humberto L\u00f3pez?","og_description":"Torres Cruz, agredida por Humberto L\u00f3pez, permanece en prisi\u00f3n sin juicio programado, ni avisos legales de otros procesos y causas.","og_url":"https:\/\/www.cuballama.com\/noticias\/que-ha-pasado-con-yeilis-torres-la-opositora-presa-por-filmar-a-humberto-lopez\/","og_site_name":"Cuballama Noticias","article_publisher":"https:\/\/www.facebook.com\/CubaLlama","article_published_time":"2022-01-26T18:54:29+00:00","article_modified_time":"2022-01-26T18:55:33+00:00","og_image":[{"width":758,"height":379,"url":"https:\/\/www.cuballama.com\/noticias\/wp-content\/uploads\/2022\/01\/Humberto-Lopez-y-Yeilis-Torres-Cruz-758x379-1.jpg","type":"image\/jpeg"}],"author":"Manu","twitter_card":"summary_large_image","twitter_creator":"@cuballama","twitter_site":"@cuballama","twitter_misc":{"Escrito por":"Manu","Tiempo de lectura":"3 minutos"},"schema":{"@context":"https:\/\/schema.org","@graph":[{"@type":"Article","@id":"https:\/\/www.cuballama.com\/noticias\/que-ha-pasado-con-yeilis-torres-la-opositora-presa-por-filmar-a-humberto-lopez\/#article","isPartOf":{"@id":"https:\/\/www.cuballama.com\/noticias\/que-ha-pasado-con-yeilis-torres-la-opositora-presa-por-filmar-a-humberto-lopez\/"},"author":{"name":"Manu","@id":"https:\/\/www.cuballama.com\/noticias\/#\/schema\/person\/5889f7d070564f8386e7944d14d436cd"},"headline":"\u00bfQu\u00e9 ha pasado con Yeilis Torres, la opositora presa por filmar a Humberto L\u00f3pez?","datePublished":"2022-01-26T18:54:29+00:00","dateModified":"2022-01-26T18:55:33+00:00","mainEntityOfPage":{"@id":"https:\/\/www.cuballama.com\/noticias\/que-ha-pasado-con-yeilis-torres-la-opositora-presa-por-filmar-a-humberto-lopez\/"},"wordCount":636,"publisher":{"@id":"https:\/\/www.cuballama.com\/noticias\/#organization"},"image":{"@id":"https:\/\/www.cuballama.com\/noticias\/que-ha-pasado-con-yeilis-torres-la-opositora-presa-por-filmar-a-humberto-lopez\/#primaryimage"},"thumbnailUrl":"https:\/\/cdn1.mediawpaccore.net\/wp-content\/uploads\/2022\/01\/26134921\/Humberto-Lopez-y-Yeilis-Torres-Cruz-758x379-1.jpg","keywords":["destacado"],"articleSection":["Noticias","Noticias de Cuba"],"inLanguage":"es"},{"@type":"WebPage","@id":"https:\/\/www.cuballama.com\/noticias\/que-ha-pasado-con-yeilis-torres-la-opositora-presa-por-filmar-a-humberto-lopez\/","url":"https:\/\/www.cuballama.com\/noticias\/que-ha-pasado-con-yeilis-torres-la-opositora-presa-por-filmar-a-humberto-lopez\/","name":"\u00bfQu\u00e9 ha pasado con la opositora presa por filmar a Humberto L\u00f3pez?","isPartOf":{"@id":"https:\/\/www.cuballama.com\/noticias\/#website"},"primaryImageOfPage":{"@id":"https:\/\/www.cuballama.com\/noticias\/que-ha-pasado-con-yeilis-torres-la-opositora-presa-por-filmar-a-humberto-lopez\/#primaryimage"},"image":{"@id":"https:\/\/www.cuballama.com\/noticias\/que-ha-pasado-con-yeilis-torres-la-opositora-presa-por-filmar-a-humberto-lopez\/#primaryimage"},"thumbnailUrl":"https:\/\/cdn1.mediawpaccore.net\/wp-content\/uploads\/2022\/01\/26134921\/Humberto-Lopez-y-Yeilis-Torres-Cruz-758x379-1.jpg","datePublished":"2022-01-26T18:54:29+00:00","dateModified":"2022-01-26T18:55:33+00:00","description":"Torres Cruz, agredida por Humberto L\u00f3pez, permanece en prisi\u00f3n sin juicio programado, ni avisos legales de otros procesos y causas.","breadcrumb":{"@id":"https:\/\/www.cuballama.com\/noticias\/que-ha-pasado-con-yeilis-torres-la-opositora-presa-por-filmar-a-humberto-lopez\/#breadcrumb"},"inLanguage":"es","potentialAction":[{"@type":"ReadAction","target":["https:\/\/www.cuballama.com\/noticias\/que-ha-pasado-con-yeilis-torres-la-opositora-presa-por-filmar-a-humberto-lopez\/"]}]},{"@type":"ImageObject","inLanguage":"es","@id":"https:\/\/www.cuballama.com\/noticias\/que-ha-pasado-con-yeilis-torres-la-opositora-presa-por-filmar-a-humberto-lopez\/#primaryimage","url":"https:\/\/cdn1.mediawpaccore.net\/wp-content\/uploads\/2022\/01\/26134921\/Humberto-Lopez-y-Yeilis-Torres-Cruz-758x379-1.jpg","contentUrl":"https:\/\/cdn1.mediawpaccore.net\/wp-content\/uploads\/2022\/01\/26134921\/Humberto-Lopez-y-Yeilis-Torres-Cruz-758x379-1.jpg","width":758,"height":379,"caption":"La e x fiscal cubana no fue la \u00fanica del grupo de inmigrantes ilegales cuya deportaci\u00f3n no fue aceptada por el gobierno de Cuba"},{"@type":"BreadcrumbList","@id":"https:\/\/www.cuballama.com\/noticias\/que-ha-pasado-con-yeilis-torres-la-opositora-presa-por-filmar-a-humberto-lopez\/#breadcrumb","itemListElement":[{"@type":"ListItem","position":1,"name":"Home","item":"https:\/\/www.cuballama.com\/noticias\/"},{"@type":"ListItem","position":2,"name":"\u00bfQu\u00e9 ha pasado con Yeilis Torres, la opositora presa por filmar a Humberto L\u00f3pez?"}]},{"@type":"WebSite","@id":"https:\/\/www.cuballama.com\/noticias\/#website","url":"https:\/\/www.cuballama.com\/noticias\/","name":"Cuballama Noticias","description":"Medio digital sobre Cuba y el mundo","publisher":{"@id":"https:\/\/www.cuballama.com\/noticias\/#organization"},"potentialAction":[{"@type":"SearchAction","target":{"@type":"EntryPoint","urlTemplate":"https:\/\/www.cuballama.com\/noticias\/?s={search_term_string}"},"query-input":{"@type":"PropertyValueSpecification","valueRequired":true,"valueName":"search_term_string"}}],"inLanguage":"es"},{"@type":"Organization","@id":"https:\/\/www.cuballama.com\/noticias\/#organization","name":"Cuballama","url":"https:\/\/www.cuballama.com\/noticias\/","logo":{"@type":"ImageObject","inLanguage":"es","@id":"https:\/\/www.cuballama.com\/noticias\/#\/schema\/logo\/image\/","url":"https:\/\/cdn1.mediawpaccore.net\/wp-content\/uploads\/2021\/12\/28171206\/cbll-logo-color-sm.png","contentUrl":"https:\/\/cdn1.mediawpaccore.net\/wp-content\/uploads\/2021\/12\/28171206\/cbll-logo-color-sm.png","width":600,"height":133,"caption":"Cuballama"},"image":{"@id":"https:\/\/www.cuballama.com\/noticias\/#\/schema\/logo\/image\/"},"sameAs":["https:\/\/www.facebook.com\/CubaLlama","https:\/\/x.com\/cuballama","https:\/\/www.instagram.com\/stories\/cuballama_oficial\/","https:\/\/www.youtube.com\/channel\/UCKkFE-d_axENGZcrc4as0IA"]},{"@type":"Person","@id":"https:\/\/www.cuballama.com\/noticias\/#\/schema\/person\/5889f7d070564f8386e7944d14d436cd","name":"Manu","url":"https:\/\/www.cuballama.com\/noticias\/author\/manu\/"}]}},"_links":{"self":[{"href":"https:\/\/www.cuballama.com\/noticias\/wp-json\/wp\/v2\/posts\/85917","targetHints":{"allow":["GET"]}}],"collection":[{"href":"https:\/\/www.cuballama.com\/noticias\/wp-json\/wp\/v2\/posts"}],"about":[{"href":"https:\/\/www.cuballama.com\/noticias\/wp-json\/wp\/v2\/types\/post"}],"author":[{"embeddable":true,"href":"https:\/\/www.cuballama.com\/noticias\/wp-json\/wp\/v2\/users\/24"}],"replies":[{"embeddable":true,"href":"https:\/\/www.cuballama.com\/noticias\/wp-json\/wp\/v2\/comments?post=85917"}],"version-history":[{"count":2,"href":"https:\/\/www.cuballama.com\/noticias\/wp-json\/wp\/v2\/posts\/85917\/revisions"}],"predecessor-version":[{"id":85920,"href":"https:\/\/www.cuballama.com\/noticias\/wp-json\/wp\/v2\/posts\/85917\/revisions\/85920"}],"wp:featuredmedia":[{"embeddable":true,"href":"https:\/\/www.cuballama.com\/noticias\/wp-json\/wp\/v2\/media\/85918"}],"wp:attachment":[{"href":"https:\/\/www.cuballama.com\/noticias\/wp-json\/wp\/v2\/media?parent=85917"}],"wp:term":[{"taxonomy":"category","embeddable":true,"href":"https:\/\/www.cuballama.com\/noticias\/wp-json\/wp\/v2\/categories?post=85917"},{"taxonomy":"post_tag","embeddable":true,"href":"https:\/\/www.cuballama.com\/noticias\/wp-json\/wp\/v2\/tags?post=85917"}],"curies":[{"name":"wp","href":"https:\/\/api.w.org\/{rel}","templated":true}]}}