{"id":85695,"date":"2022-01-24T14:14:47","date_gmt":"2022-01-24T19:14:47","guid":{"rendered":"https:\/\/www.cuballama.com\/noticias\/?p=85695"},"modified":"2022-01-24T14:23:37","modified_gmt":"2022-01-24T19:23:37","slug":"aparece-cuerpo-sin-vida-de-una-gaceniga-en-la-habana","status":"publish","type":"post","link":"https:\/\/www.cuballama.com\/noticias\/aparece-cuerpo-sin-vida-de-una-gaceniga-en-la-habana\/","title":{"rendered":"Cafeter\u00edas estatales venden gace\u00f1iga envuelta en certificado de defunci\u00f3n"},"content":{"rendered":"\n<p>Desde tiempos ancestrales, en Cuba siempre ha sido un problema los materiales para empacar los diferentes productos alimenticios, por la escasez habitual de materiales adecuados para contenerlos.<\/p>\n\n\n\n<p>As\u00ed que resulta muy com\u00fan el empleo de papel de reciclaje de la m\u00e1s diversa \u00edndole para confeccionar los tradicionales cucuruchos para el man\u00ed tostado, extendidos ya a otras fritangas de diversa \u00edndoles, hasta las carnes y los dulces.<\/p>\n\n\n\n<p>El papel peri\u00f3dico ha protagonizado muchas soluciones, convirtiendo muchas veces los potenciales como envoltorio de los diarios <em>Granma<\/em> y <em>Juventud Rebelde<\/em>, en valores m\u00e1s importantes que sus contenidos informativos y propagand\u00edsticos. Los mismo para <em>Trabajadores<\/em>, las m\u00e1s raras <em>Bohemias<\/em>, y los respectivos \u00f3rganos oficiales del Partido Comunista de cada provincia.<\/p>\n\n\n\n<p>Pero adem\u00e1s de los peri\u00f3dicos, para envolver o soportar otros productos sirven papeles, cartulinas y cartones provenientes de d\u00f3nde se pueda, de los m\u00e1s diversos or\u00edgenes empresariales, con las m\u00e1s variadas impresiones, a veces hasta por las dos caras. Incluidos certificados de defunci\u00f3n\u2026<\/p>\n\n\n\n<p>En estos d\u00edas circula en las <a href=\"https:\/\/m.facebook.com\/story.php?story_fbid=4881502381913061&amp;id=100001600421544\" target=\"_blank\" rel=\"noreferrer noopener nofollow\">redes sociales <\/a>cubanas una composici\u00f3n fotogr\u00e1fica que revela una gace\u00f1iga \u201cespecial\u201d vendida en la cadena de tiendas estatales Sylvain, de La Habana, que aparece envuelta en un certificado de defunci\u00f3n, por lo que semeja m\u00e1s a un sudario, y el producto a un ser inerte, dado su desmejorado aspecto correoso, hueco, de extrema delgadez cadav\u00e9rica.<\/p>\n\n\n\n<p>La gace\u00f1iga en verdad no se ve bien, aunque estuviera envuelta en papel de regalo con lentejuelas, y el hecho de emplear un modelo legal como este remite a un posible acto de sinceridad por parte de sus productores, quiz\u00e1s hartos de la <a href=\"https:\/\/www.cuballama.com\/blog\/cafeteria-estatal-aumenta-hasta-el-precio-del-pan-con-pasta\/\" target=\"_blank\" rel=\"noreferrer noopener\">mala calidad <\/a>de los ingredientes a su disposici\u00f3n y de lo reducido de sus cantidades.<\/p>\n\n\n\n<p>Las diferencias entre la imagen promocional de la caja de color amarillo \u2014que en este caso har\u00eda las veces de sarc\u00f3fago\u2014 y el real aspecto del pretendido dulce agazapado en su interior, son verdaderamente abismales. Corteza y masa parecen casi del mismo color mortecino, mustio, triste, bien lejos de las texturas crujientes, grasosas y esponjosas que antes se esperaba de este dulce, listo para sumergirse en grandes tazones de caf\u00e9 con leche o leche.<\/p>\n\n\n\n<p>La leche es otra difunta contempor\u00e1nea. Su certificado de defunci\u00f3n se firm\u00f3 hace un buen rato y ni tumba a la que ir a llorar hay. Sencillamente responde al estatus de \u201cdesaparecida\u201d. Quiz\u00e1s se haga un monumento a la leche desconocida. El caf\u00e9 va por semejantes senderos de extinci\u00f3n, as\u00ed que el \u201ccad\u00e1ver\u201d de la gace\u00f1iga no podr\u00e1 ni disponer de la posibilidad de humedecerse un poco y recobrar un poco la vida.<\/p>\n","protected":false},"excerpt":{"rendered":"<p>Desde tiempos ancestrales, en Cuba siempre ha sido un problema los materiales para empacar los diferentes productos alimenticios, por la escasez habitual de materiales adecuados para contenerlos. As\u00ed que resulta muy com\u00fan el empleo de papel de reciclaje de la m\u00e1s diversa \u00edndole para confeccionar los tradicionales cucuruchos para el man\u00ed tostado, extendidos ya a [&hellip;]<\/p>\n","protected":false},"author":24,"featured_media":85729,"comment_status":"closed","ping_status":"closed","sticky":false,"template":"","format":"standard","meta":{"_acf_changed":false,"footnotes":""},"categories":[18,955],"tags":[941,12417],"class_list":{"0":"post-85695","1":"post","2":"type-post","3":"status-publish","4":"format-standard","5":"has-post-thumbnail","7":"category-noticias","8":"category-noticias-de-cuba","9":"tag-destacado","10":"tag-gaceniga"},"acf":[],"yoast_head":"<!-- This site is optimized with the Yoast SEO plugin v27.5 - https:\/\/yoast.com\/product\/yoast-seo-wordpress\/ -->\n<title>Aparece cuerpo sin vida de una gace\u00f1iga en La Habana<\/title>\n<meta name=\"description\" content=\"Una gace\u00f1iga \u201cespecial\u201d vendida en la cadena de tiendas estatales Sylvain, de La Habana, y envuelta en un certificado de defunci\u00f3n\" \/>\n<meta name=\"robots\" content=\"index, follow, max-snippet:-1, max-image-preview:large, max-video-preview:-1\" \/>\n<link rel=\"canonical\" href=\"https:\/\/www.cuballama.com\/noticias\/aparece-cuerpo-sin-vida-de-una-gaceniga-en-la-habana\/\" \/>\n<meta property=\"og:locale\" content=\"es_ES\" \/>\n<meta property=\"og:type\" content=\"article\" \/>\n<meta property=\"og:title\" content=\"Aparece cuerpo sin vida de una gace\u00f1iga en La Habana\" \/>\n<meta property=\"og:description\" content=\"Una gace\u00f1iga \u201cespecial\u201d vendida en la cadena de tiendas estatales Sylvain, de La Habana, y envuelta en un certificado de defunci\u00f3n\" \/>\n<meta property=\"og:url\" content=\"https:\/\/www.cuballama.com\/noticias\/aparece-cuerpo-sin-vida-de-una-gaceniga-en-la-habana\/\" \/>\n<meta property=\"og:site_name\" content=\"Cuballama Noticias\" \/>\n<meta property=\"article:publisher\" content=\"https:\/\/www.facebook.com\/CubaLlama\" \/>\n<meta property=\"article:published_time\" content=\"2022-01-24T19:14:47+00:00\" \/>\n<meta property=\"article:modified_time\" content=\"2022-01-24T19:23:37+00:00\" \/>\n<meta property=\"og:image\" content=\"https:\/\/www.cuballama.com\/noticias\/wp-content\/uploads\/2022\/01\/facebook_1643051079556_6891455715188101243.jpg\" \/>\n\t<meta property=\"og:image:width\" content=\"720\" \/>\n\t<meta property=\"og:image:height\" content=\"700\" \/>\n\t<meta property=\"og:image:type\" content=\"image\/jpeg\" \/>\n<meta name=\"author\" content=\"Manu\" \/>\n<meta name=\"twitter:card\" content=\"summary_large_image\" \/>\n<meta name=\"twitter:creator\" content=\"@cuballama\" \/>\n<meta name=\"twitter:site\" content=\"@cuballama\" \/>\n<meta name=\"twitter:label1\" content=\"Escrito por\" \/>\n\t<meta name=\"twitter:data1\" content=\"Manu\" \/>\n\t<meta name=\"twitter:label2\" content=\"Tiempo de lectura\" \/>\n\t<meta name=\"twitter:data2\" content=\"2 minutos\" \/>\n<script type=\"application\/ld+json\" class=\"yoast-schema-graph\">{\"@context\":\"https:\\\/\\\/schema.org\",\"@graph\":[{\"@type\":\"Article\",\"@id\":\"https:\\\/\\\/www.cuballama.com\\\/noticias\\\/aparece-cuerpo-sin-vida-de-una-gaceniga-en-la-habana\\\/#article\",\"isPartOf\":{\"@id\":\"https:\\\/\\\/www.cuballama.com\\\/noticias\\\/aparece-cuerpo-sin-vida-de-una-gaceniga-en-la-habana\\\/\"},\"author\":{\"name\":\"Manu\",\"@id\":\"https:\\\/\\\/www.cuballama.com\\\/noticias\\\/#\\\/schema\\\/person\\\/5889f7d070564f8386e7944d14d436cd\"},\"headline\":\"Cafeter\u00edas estatales venden gace\u00f1iga envuelta en certificado de defunci\u00f3n\",\"datePublished\":\"2022-01-24T19:14:47+00:00\",\"dateModified\":\"2022-01-24T19:23:37+00:00\",\"mainEntityOfPage\":{\"@id\":\"https:\\\/\\\/www.cuballama.com\\\/noticias\\\/aparece-cuerpo-sin-vida-de-una-gaceniga-en-la-habana\\\/\"},\"wordCount\":468,\"publisher\":{\"@id\":\"https:\\\/\\\/www.cuballama.com\\\/noticias\\\/#organization\"},\"image\":{\"@id\":\"https:\\\/\\\/www.cuballama.com\\\/noticias\\\/aparece-cuerpo-sin-vida-de-una-gaceniga-en-la-habana\\\/#primaryimage\"},\"thumbnailUrl\":\"https:\\\/\\\/cdn1.mediawpaccore.net\\\/wp-content\\\/uploads\\\/2022\\\/01\\\/24141154\\\/facebook_1643051079556_6891455715188101243.jpg\",\"keywords\":[\"destacado\",\"gace\u00f1iga\"],\"articleSection\":[\"Noticias\",\"Noticias de Cuba\"],\"inLanguage\":\"es\"},{\"@type\":\"WebPage\",\"@id\":\"https:\\\/\\\/www.cuballama.com\\\/noticias\\\/aparece-cuerpo-sin-vida-de-una-gaceniga-en-la-habana\\\/\",\"url\":\"https:\\\/\\\/www.cuballama.com\\\/noticias\\\/aparece-cuerpo-sin-vida-de-una-gaceniga-en-la-habana\\\/\",\"name\":\"Aparece cuerpo sin vida de una gace\u00f1iga en La Habana\",\"isPartOf\":{\"@id\":\"https:\\\/\\\/www.cuballama.com\\\/noticias\\\/#website\"},\"primaryImageOfPage\":{\"@id\":\"https:\\\/\\\/www.cuballama.com\\\/noticias\\\/aparece-cuerpo-sin-vida-de-una-gaceniga-en-la-habana\\\/#primaryimage\"},\"image\":{\"@id\":\"https:\\\/\\\/www.cuballama.com\\\/noticias\\\/aparece-cuerpo-sin-vida-de-una-gaceniga-en-la-habana\\\/#primaryimage\"},\"thumbnailUrl\":\"https:\\\/\\\/cdn1.mediawpaccore.net\\\/wp-content\\\/uploads\\\/2022\\\/01\\\/24141154\\\/facebook_1643051079556_6891455715188101243.jpg\",\"datePublished\":\"2022-01-24T19:14:47+00:00\",\"dateModified\":\"2022-01-24T19:23:37+00:00\",\"description\":\"Una gace\u00f1iga \u201cespecial\u201d vendida en la cadena de tiendas estatales Sylvain, de La Habana, y envuelta en un certificado de defunci\u00f3n\",\"breadcrumb\":{\"@id\":\"https:\\\/\\\/www.cuballama.com\\\/noticias\\\/aparece-cuerpo-sin-vida-de-una-gaceniga-en-la-habana\\\/#breadcrumb\"},\"inLanguage\":\"es\",\"potentialAction\":[{\"@type\":\"ReadAction\",\"target\":[\"https:\\\/\\\/www.cuballama.com\\\/noticias\\\/aparece-cuerpo-sin-vida-de-una-gaceniga-en-la-habana\\\/\"]}]},{\"@type\":\"ImageObject\",\"inLanguage\":\"es\",\"@id\":\"https:\\\/\\\/www.cuballama.com\\\/noticias\\\/aparece-cuerpo-sin-vida-de-una-gaceniga-en-la-habana\\\/#primaryimage\",\"url\":\"https:\\\/\\\/cdn1.mediawpaccore.net\\\/wp-content\\\/uploads\\\/2022\\\/01\\\/24141154\\\/facebook_1643051079556_6891455715188101243.jpg\",\"contentUrl\":\"https:\\\/\\\/cdn1.mediawpaccore.net\\\/wp-content\\\/uploads\\\/2022\\\/01\\\/24141154\\\/facebook_1643051079556_6891455715188101243.jpg\",\"width\":720,\"height\":700,\"caption\":\"En estos d\u00edas circula en las redes sociales cubanas una composici\u00f3n fotogr\u00e1fica que revela una gace\u00f1iga \u201cespecial\u201d expedida en la cadena de tiendas estatales Sylvain, de La Habana, que aparece envuelta en un certificado de defunci\u00f3n.\"},{\"@type\":\"BreadcrumbList\",\"@id\":\"https:\\\/\\\/www.cuballama.com\\\/noticias\\\/aparece-cuerpo-sin-vida-de-una-gaceniga-en-la-habana\\\/#breadcrumb\",\"itemListElement\":[{\"@type\":\"ListItem\",\"position\":1,\"name\":\"Home\",\"item\":\"https:\\\/\\\/www.cuballama.com\\\/noticias\\\/\"},{\"@type\":\"ListItem\",\"position\":2,\"name\":\"Cafeter\u00edas estatales venden gace\u00f1iga envuelta en certificado de defunci\u00f3n\"}]},{\"@type\":\"WebSite\",\"@id\":\"https:\\\/\\\/www.cuballama.com\\\/noticias\\\/#website\",\"url\":\"https:\\\/\\\/www.cuballama.com\\\/noticias\\\/\",\"name\":\"Cuballama Noticias\",\"description\":\"Medio digital sobre Cuba y el mundo\",\"publisher\":{\"@id\":\"https:\\\/\\\/www.cuballama.com\\\/noticias\\\/#organization\"},\"potentialAction\":[{\"@type\":\"SearchAction\",\"target\":{\"@type\":\"EntryPoint\",\"urlTemplate\":\"https:\\\/\\\/www.cuballama.com\\\/noticias\\\/?s={search_term_string}\"},\"query-input\":{\"@type\":\"PropertyValueSpecification\",\"valueRequired\":true,\"valueName\":\"search_term_string\"}}],\"inLanguage\":\"es\"},{\"@type\":\"Organization\",\"@id\":\"https:\\\/\\\/www.cuballama.com\\\/noticias\\\/#organization\",\"name\":\"Cuballama\",\"url\":\"https:\\\/\\\/www.cuballama.com\\\/noticias\\\/\",\"logo\":{\"@type\":\"ImageObject\",\"inLanguage\":\"es\",\"@id\":\"https:\\\/\\\/www.cuballama.com\\\/noticias\\\/#\\\/schema\\\/logo\\\/image\\\/\",\"url\":\"https:\\\/\\\/cdn1.mediawpaccore.net\\\/wp-content\\\/uploads\\\/2021\\\/12\\\/28171206\\\/cbll-logo-color-sm.png\",\"contentUrl\":\"https:\\\/\\\/cdn1.mediawpaccore.net\\\/wp-content\\\/uploads\\\/2021\\\/12\\\/28171206\\\/cbll-logo-color-sm.png\",\"width\":600,\"height\":133,\"caption\":\"Cuballama\"},\"image\":{\"@id\":\"https:\\\/\\\/www.cuballama.com\\\/noticias\\\/#\\\/schema\\\/logo\\\/image\\\/\"},\"sameAs\":[\"https:\\\/\\\/www.facebook.com\\\/CubaLlama\",\"https:\\\/\\\/x.com\\\/cuballama\",\"https:\\\/\\\/www.instagram.com\\\/stories\\\/cuballama_oficial\\\/\",\"https:\\\/\\\/www.youtube.com\\\/channel\\\/UCKkFE-d_axENGZcrc4as0IA\"]},{\"@type\":\"Person\",\"@id\":\"https:\\\/\\\/www.cuballama.com\\\/noticias\\\/#\\\/schema\\\/person\\\/5889f7d070564f8386e7944d14d436cd\",\"name\":\"Manu\",\"url\":\"https:\\\/\\\/www.cuballama.com\\\/noticias\\\/author\\\/manu\\\/\"}]}<\/script>\n<!-- \/ Yoast SEO plugin. -->","yoast_head_json":{"title":"Aparece cuerpo sin vida de una gace\u00f1iga en La Habana","description":"Una gace\u00f1iga \u201cespecial\u201d vendida en la cadena de tiendas estatales Sylvain, de La Habana, y envuelta en un certificado de defunci\u00f3n","robots":{"index":"index","follow":"follow","max-snippet":"max-snippet:-1","max-image-preview":"max-image-preview:large","max-video-preview":"max-video-preview:-1"},"canonical":"https:\/\/www.cuballama.com\/noticias\/aparece-cuerpo-sin-vida-de-una-gaceniga-en-la-habana\/","og_locale":"es_ES","og_type":"article","og_title":"Aparece cuerpo sin vida de una gace\u00f1iga en La Habana","og_description":"Una gace\u00f1iga \u201cespecial\u201d vendida en la cadena de tiendas estatales Sylvain, de La Habana, y envuelta en un certificado de defunci\u00f3n","og_url":"https:\/\/www.cuballama.com\/noticias\/aparece-cuerpo-sin-vida-de-una-gaceniga-en-la-habana\/","og_site_name":"Cuballama Noticias","article_publisher":"https:\/\/www.facebook.com\/CubaLlama","article_published_time":"2022-01-24T19:14:47+00:00","article_modified_time":"2022-01-24T19:23:37+00:00","og_image":[{"width":720,"height":700,"url":"https:\/\/www.cuballama.com\/noticias\/wp-content\/uploads\/2022\/01\/facebook_1643051079556_6891455715188101243.jpg","type":"image\/jpeg"}],"author":"Manu","twitter_card":"summary_large_image","twitter_creator":"@cuballama","twitter_site":"@cuballama","twitter_misc":{"Escrito por":"Manu","Tiempo de lectura":"2 minutos"},"schema":{"@context":"https:\/\/schema.org","@graph":[{"@type":"Article","@id":"https:\/\/www.cuballama.com\/noticias\/aparece-cuerpo-sin-vida-de-una-gaceniga-en-la-habana\/#article","isPartOf":{"@id":"https:\/\/www.cuballama.com\/noticias\/aparece-cuerpo-sin-vida-de-una-gaceniga-en-la-habana\/"},"author":{"name":"Manu","@id":"https:\/\/www.cuballama.com\/noticias\/#\/schema\/person\/5889f7d070564f8386e7944d14d436cd"},"headline":"Cafeter\u00edas estatales venden gace\u00f1iga envuelta en certificado de defunci\u00f3n","datePublished":"2022-01-24T19:14:47+00:00","dateModified":"2022-01-24T19:23:37+00:00","mainEntityOfPage":{"@id":"https:\/\/www.cuballama.com\/noticias\/aparece-cuerpo-sin-vida-de-una-gaceniga-en-la-habana\/"},"wordCount":468,"publisher":{"@id":"https:\/\/www.cuballama.com\/noticias\/#organization"},"image":{"@id":"https:\/\/www.cuballama.com\/noticias\/aparece-cuerpo-sin-vida-de-una-gaceniga-en-la-habana\/#primaryimage"},"thumbnailUrl":"https:\/\/cdn1.mediawpaccore.net\/wp-content\/uploads\/2022\/01\/24141154\/facebook_1643051079556_6891455715188101243.jpg","keywords":["destacado","gace\u00f1iga"],"articleSection":["Noticias","Noticias de Cuba"],"inLanguage":"es"},{"@type":"WebPage","@id":"https:\/\/www.cuballama.com\/noticias\/aparece-cuerpo-sin-vida-de-una-gaceniga-en-la-habana\/","url":"https:\/\/www.cuballama.com\/noticias\/aparece-cuerpo-sin-vida-de-una-gaceniga-en-la-habana\/","name":"Aparece cuerpo sin vida de una gace\u00f1iga en La Habana","isPartOf":{"@id":"https:\/\/www.cuballama.com\/noticias\/#website"},"primaryImageOfPage":{"@id":"https:\/\/www.cuballama.com\/noticias\/aparece-cuerpo-sin-vida-de-una-gaceniga-en-la-habana\/#primaryimage"},"image":{"@id":"https:\/\/www.cuballama.com\/noticias\/aparece-cuerpo-sin-vida-de-una-gaceniga-en-la-habana\/#primaryimage"},"thumbnailUrl":"https:\/\/cdn1.mediawpaccore.net\/wp-content\/uploads\/2022\/01\/24141154\/facebook_1643051079556_6891455715188101243.jpg","datePublished":"2022-01-24T19:14:47+00:00","dateModified":"2022-01-24T19:23:37+00:00","description":"Una gace\u00f1iga \u201cespecial\u201d vendida en la cadena de tiendas estatales Sylvain, de La Habana, y envuelta en un certificado de defunci\u00f3n","breadcrumb":{"@id":"https:\/\/www.cuballama.com\/noticias\/aparece-cuerpo-sin-vida-de-una-gaceniga-en-la-habana\/#breadcrumb"},"inLanguage":"es","potentialAction":[{"@type":"ReadAction","target":["https:\/\/www.cuballama.com\/noticias\/aparece-cuerpo-sin-vida-de-una-gaceniga-en-la-habana\/"]}]},{"@type":"ImageObject","inLanguage":"es","@id":"https:\/\/www.cuballama.com\/noticias\/aparece-cuerpo-sin-vida-de-una-gaceniga-en-la-habana\/#primaryimage","url":"https:\/\/cdn1.mediawpaccore.net\/wp-content\/uploads\/2022\/01\/24141154\/facebook_1643051079556_6891455715188101243.jpg","contentUrl":"https:\/\/cdn1.mediawpaccore.net\/wp-content\/uploads\/2022\/01\/24141154\/facebook_1643051079556_6891455715188101243.jpg","width":720,"height":700,"caption":"En estos d\u00edas circula en las redes sociales cubanas una composici\u00f3n fotogr\u00e1fica que revela una gace\u00f1iga \u201cespecial\u201d expedida en la cadena de tiendas estatales Sylvain, de La Habana, que aparece envuelta en un certificado de defunci\u00f3n."},{"@type":"BreadcrumbList","@id":"https:\/\/www.cuballama.com\/noticias\/aparece-cuerpo-sin-vida-de-una-gaceniga-en-la-habana\/#breadcrumb","itemListElement":[{"@type":"ListItem","position":1,"name":"Home","item":"https:\/\/www.cuballama.com\/noticias\/"},{"@type":"ListItem","position":2,"name":"Cafeter\u00edas estatales venden gace\u00f1iga envuelta en certificado de defunci\u00f3n"}]},{"@type":"WebSite","@id":"https:\/\/www.cuballama.com\/noticias\/#website","url":"https:\/\/www.cuballama.com\/noticias\/","name":"Cuballama Noticias","description":"Medio digital sobre Cuba y el mundo","publisher":{"@id":"https:\/\/www.cuballama.com\/noticias\/#organization"},"potentialAction":[{"@type":"SearchAction","target":{"@type":"EntryPoint","urlTemplate":"https:\/\/www.cuballama.com\/noticias\/?s={search_term_string}"},"query-input":{"@type":"PropertyValueSpecification","valueRequired":true,"valueName":"search_term_string"}}],"inLanguage":"es"},{"@type":"Organization","@id":"https:\/\/www.cuballama.com\/noticias\/#organization","name":"Cuballama","url":"https:\/\/www.cuballama.com\/noticias\/","logo":{"@type":"ImageObject","inLanguage":"es","@id":"https:\/\/www.cuballama.com\/noticias\/#\/schema\/logo\/image\/","url":"https:\/\/cdn1.mediawpaccore.net\/wp-content\/uploads\/2021\/12\/28171206\/cbll-logo-color-sm.png","contentUrl":"https:\/\/cdn1.mediawpaccore.net\/wp-content\/uploads\/2021\/12\/28171206\/cbll-logo-color-sm.png","width":600,"height":133,"caption":"Cuballama"},"image":{"@id":"https:\/\/www.cuballama.com\/noticias\/#\/schema\/logo\/image\/"},"sameAs":["https:\/\/www.facebook.com\/CubaLlama","https:\/\/x.com\/cuballama","https:\/\/www.instagram.com\/stories\/cuballama_oficial\/","https:\/\/www.youtube.com\/channel\/UCKkFE-d_axENGZcrc4as0IA"]},{"@type":"Person","@id":"https:\/\/www.cuballama.com\/noticias\/#\/schema\/person\/5889f7d070564f8386e7944d14d436cd","name":"Manu","url":"https:\/\/www.cuballama.com\/noticias\/author\/manu\/"}]}},"_links":{"self":[{"href":"https:\/\/www.cuballama.com\/noticias\/wp-json\/wp\/v2\/posts\/85695","targetHints":{"allow":["GET"]}}],"collection":[{"href":"https:\/\/www.cuballama.com\/noticias\/wp-json\/wp\/v2\/posts"}],"about":[{"href":"https:\/\/www.cuballama.com\/noticias\/wp-json\/wp\/v2\/types\/post"}],"author":[{"embeddable":true,"href":"https:\/\/www.cuballama.com\/noticias\/wp-json\/wp\/v2\/users\/24"}],"replies":[{"embeddable":true,"href":"https:\/\/www.cuballama.com\/noticias\/wp-json\/wp\/v2\/comments?post=85695"}],"version-history":[{"count":3,"href":"https:\/\/www.cuballama.com\/noticias\/wp-json\/wp\/v2\/posts\/85695\/revisions"}],"predecessor-version":[{"id":85738,"href":"https:\/\/www.cuballama.com\/noticias\/wp-json\/wp\/v2\/posts\/85695\/revisions\/85738"}],"wp:featuredmedia":[{"embeddable":true,"href":"https:\/\/www.cuballama.com\/noticias\/wp-json\/wp\/v2\/media\/85729"}],"wp:attachment":[{"href":"https:\/\/www.cuballama.com\/noticias\/wp-json\/wp\/v2\/media?parent=85695"}],"wp:term":[{"taxonomy":"category","embeddable":true,"href":"https:\/\/www.cuballama.com\/noticias\/wp-json\/wp\/v2\/categories?post=85695"},{"taxonomy":"post_tag","embeddable":true,"href":"https:\/\/www.cuballama.com\/noticias\/wp-json\/wp\/v2\/tags?post=85695"}],"curies":[{"name":"wp","href":"https:\/\/api.w.org\/{rel}","templated":true}]}}