{"id":85233,"date":"2022-01-17T12:20:07","date_gmt":"2022-01-17T17:20:07","guid":{"rendered":"https:\/\/www.cuballama.com\/noticias\/?p=85233"},"modified":"2022-01-17T12:31:15","modified_gmt":"2022-01-17T17:31:15","slug":"22-madres-cubanas-permanecen-presas-por-manifestarse-el-11j","status":"publish","type":"post","link":"https:\/\/www.cuballama.com\/noticias\/22-madres-cubanas-permanecen-presas-por-manifestarse-el-11j\/","title":{"rendered":"22 madres cubanas permanecen presas por manifestarse el 11J"},"content":{"rendered":"\n<p>De las 70 mujeres cubanas que permanecen en prisi\u00f3n por manifestarse el 11J contra el gobierno de la Isla, hay 22 madres que tienen entre uno y cuatro hijos <a href=\"https:\/\/www.cuballama.com\/noticias\/los-menores-de-edad-encarcelados-tras-el-11j\/\" target=\"_blank\" rel=\"noreferrer noopener\">menores de edad<\/a>, seg\u00fan alert\u00f3 la plataforma c\u00edvica Yo s\u00ed te creo en Cuba en reciente declaraci\u00f3n publicada a ra\u00edz los juicios iniciados desde la semana.<\/p>\n\n\n\n<p>\u201cHasta el viernes 14 de enero, las organizaciones #Cubalex y Justicia 11J reportaban que, de las 1373 personas detenidas por las protestas 205 fueron mujeres\u201d, detalla la declaraci\u00f3n. <\/p>\n\n\n\n<p>\u201cDe ellas, 70 siguen en prisi\u00f3n cumpliendo sanciones (29 con juicios ordinarios y 17 con juicios sumarios) o en espera de juicio (26), con peticiones fiscales de entre 8 meses y 27 a\u00f1os de internamiento.<\/p>\n\n\n\n<p>Seg\u00fan las activistas, \u201cotras 23 mujeres recibieron una sanci\u00f3n administrativa y 2 casos fueron de sobreseimiento. Resaltamos que, de las 70 mujeres a\u00fan en prisi\u00f3n, 22 son madres y tienen a su cargo <a href=\"https:\/\/www.cuballama.com\/noticias\/ocho-meses-carcel-menor-protestas-en-cuba\/\" target=\"_blank\" rel=\"noreferrer noopener\">entre 1 y 4 hijes menores de edad<\/a>\u201d, subrayan.<\/p>\n\n\n\n<p>La plataforma independiente dedicada a la reivindicaci\u00f3n de los derechos de la mujer en Cuba, a favor de una Ley contra la violencia de g\u00e9nero, y el debido enfrentamiento a la ola de feminicidios que abati\u00f3 el pa\u00eds&nbsp; el a\u00f1o pasado y se extiende a 2021 desde sus d\u00edas iniciales, califica de \u201cEstado de terror y de un impacto pol\u00edtico, social y ciudadano, que se extender\u00e1 en el tiempo\u201d a la presente situaci\u00f3n, y de \u201ccruel e inhumano\u201d el trato a que han sido sometidos los encausados y sus familiares.<\/p>\n\n\n\n<p>\u201cLos juicios, de inter\u00e9s p\u00fablico y nacional, han sido a puertas cerradas, con un despliegue militar y policial en las ciudades donde han tenido lugar\u201d, se\u00f1ala la plataforma, criticando que la prohibici\u00f3n de todo \u201cacceso a la prensa\u201d, ni \u201ctransmisi\u00f3n televisiva de al menos fragmentos de lo sucedido en esas salas\u201d, por lo que \u201cse desconoce si los pedidos ciudadanos de observadores internacionales en los juicios hayan sido aceptados por las autoridades\u201d.<\/p>\n\n\n\n<p>Estas medidas estatales remiten a una criminalizaci\u00f3n extrema de los ciudadanos que salieron a las calles cubanas el 11J a manifestar su descontento con la situaci\u00f3n econ\u00f3mica, social y pol\u00edtica del pa\u00eds, achacada por el gobierno al embargo comercial estadounidense y a la pandemia Covid-19.<\/p>\n\n\n\n<p><a href=\"https:\/\/www.facebook.com\/yositecreoCuba\" target=\"_blank\" rel=\"noreferrer noopener nofollow\">Yo s\u00ed te creo en Cuba<\/a>, por su parte, acredita el extremo secretismo de los procesos a \u201cla ausencia de un Estado de derecho en Cuba, de un sistema penitenciario inhumano, desactualizado, discriminatorio y que viola tratados de todo tipo, que deber\u00eda ocupar por su cambio a profesionales de la psicolog\u00eda, psiquiatr\u00eda, derecho, sociolog\u00eda, entre otras especialidades\u201d. <\/p>\n\n\n\n<p>Esta semana se iniciaron en La Habana, Santa Clara y Holgu\u00edn los procesos de otras 45 personas, bajo las mismas circunstancias.<\/p>\n\n\n\n<p><\/p>\n","protected":false},"excerpt":{"rendered":"<p>De las 70 mujeres cubanas que permanecen en prisi\u00f3n por manifestarse el 11J contra el gobierno de la Isla, hay 22 madres que tienen entre uno y cuatro hijos menores de edad, seg\u00fan alert\u00f3 la plataforma c\u00edvica Yo s\u00ed te creo en Cuba en reciente declaraci\u00f3n publicada a ra\u00edz los juicios iniciados desde la semana. [&hellip;]<\/p>\n","protected":false},"author":24,"featured_media":0,"comment_status":"closed","ping_status":"closed","sticky":false,"template":"","format":"standard","meta":{"_acf_changed":false,"footnotes":""},"categories":[18,955],"tags":[11332,941,6993,9986],"class_list":{"0":"post-85233","1":"post","2":"type-post","3":"status-publish","4":"format-standard","6":"category-noticias","7":"category-noticias-de-cuba","8":"tag-11j","9":"tag-destacado","10":"tag-menores-de-edad","11":"tag-protestas-en-cuba"},"acf":[],"yoast_head":"<!-- This site is optimized with the Yoast SEO plugin v27.5 - https:\/\/yoast.com\/product\/yoast-seo-wordpress\/ -->\n<title>22 madres cubanas permanecen presas por manifestarse el 11J<\/title>\n<meta name=\"description\" content=\"De las 70 mujeres que permanecen en prisi\u00f3n por manifestarse el 11J , hay 22 madres que tienen entre uno y cuatro hijos menores de edad\" \/>\n<meta name=\"robots\" content=\"index, follow, max-snippet:-1, max-image-preview:large, max-video-preview:-1\" \/>\n<link rel=\"canonical\" href=\"https:\/\/www.cuballama.com\/noticias\/22-madres-cubanas-permanecen-presas-por-manifestarse-el-11j\/\" \/>\n<meta property=\"og:locale\" content=\"es_ES\" \/>\n<meta property=\"og:type\" content=\"article\" \/>\n<meta property=\"og:title\" content=\"22 madres cubanas permanecen presas por manifestarse el 11J\" \/>\n<meta property=\"og:description\" content=\"De las 70 mujeres que permanecen en prisi\u00f3n por manifestarse el 11J , hay 22 madres que tienen entre uno y cuatro hijos menores de edad\" \/>\n<meta property=\"og:url\" content=\"https:\/\/www.cuballama.com\/noticias\/22-madres-cubanas-permanecen-presas-por-manifestarse-el-11j\/\" \/>\n<meta property=\"og:site_name\" content=\"Cuballama Noticias\" \/>\n<meta property=\"article:publisher\" content=\"https:\/\/www.facebook.com\/CubaLlama\" \/>\n<meta property=\"article:published_time\" content=\"2022-01-17T17:20:07+00:00\" \/>\n<meta property=\"article:modified_time\" content=\"2022-01-17T17:31:15+00:00\" \/>\n<meta property=\"og:image\" content=\"https:\/\/www.cuballama.com\/noticias\/wp-content\/uploads\/2021\/10\/damasdeblanco.jpeg\" \/>\n\t<meta property=\"og:image:width\" content=\"1000\" \/>\n\t<meta property=\"og:image:height\" content=\"563\" \/>\n\t<meta property=\"og:image:type\" content=\"image\/jpeg\" \/>\n<meta name=\"author\" content=\"Manu\" \/>\n<meta name=\"twitter:card\" content=\"summary_large_image\" \/>\n<meta name=\"twitter:creator\" content=\"@cuballama\" \/>\n<meta name=\"twitter:site\" content=\"@cuballama\" \/>\n<meta name=\"twitter:label1\" content=\"Escrito por\" \/>\n\t<meta name=\"twitter:data1\" content=\"Manu\" \/>\n\t<meta name=\"twitter:label2\" content=\"Tiempo de lectura\" \/>\n\t<meta name=\"twitter:data2\" content=\"2 minutos\" \/>\n<script type=\"application\/ld+json\" class=\"yoast-schema-graph\">{\"@context\":\"https:\\\/\\\/schema.org\",\"@graph\":[{\"@type\":\"Article\",\"@id\":\"https:\\\/\\\/www.cuballama.com\\\/noticias\\\/22-madres-cubanas-permanecen-presas-por-manifestarse-el-11j\\\/#article\",\"isPartOf\":{\"@id\":\"https:\\\/\\\/www.cuballama.com\\\/noticias\\\/22-madres-cubanas-permanecen-presas-por-manifestarse-el-11j\\\/\"},\"author\":{\"name\":\"Manu\",\"@id\":\"https:\\\/\\\/www.cuballama.com\\\/noticias\\\/#\\\/schema\\\/person\\\/5889f7d070564f8386e7944d14d436cd\"},\"headline\":\"22 madres cubanas permanecen presas por manifestarse el 11J\",\"datePublished\":\"2022-01-17T17:20:07+00:00\",\"dateModified\":\"2022-01-17T17:31:15+00:00\",\"mainEntityOfPage\":{\"@id\":\"https:\\\/\\\/www.cuballama.com\\\/noticias\\\/22-madres-cubanas-permanecen-presas-por-manifestarse-el-11j\\\/\"},\"wordCount\":469,\"publisher\":{\"@id\":\"https:\\\/\\\/www.cuballama.com\\\/noticias\\\/#organization\"},\"keywords\":[\"11J\",\"destacado\",\"menores de edad\",\"protestas en Cuba\"],\"articleSection\":[\"Noticias\",\"Noticias de Cuba\"],\"inLanguage\":\"es\"},{\"@type\":\"WebPage\",\"@id\":\"https:\\\/\\\/www.cuballama.com\\\/noticias\\\/22-madres-cubanas-permanecen-presas-por-manifestarse-el-11j\\\/\",\"url\":\"https:\\\/\\\/www.cuballama.com\\\/noticias\\\/22-madres-cubanas-permanecen-presas-por-manifestarse-el-11j\\\/\",\"name\":\"22 madres cubanas permanecen presas por manifestarse el 11J\",\"isPartOf\":{\"@id\":\"https:\\\/\\\/www.cuballama.com\\\/noticias\\\/#website\"},\"datePublished\":\"2022-01-17T17:20:07+00:00\",\"dateModified\":\"2022-01-17T17:31:15+00:00\",\"description\":\"De las 70 mujeres que permanecen en prisi\u00f3n por manifestarse el 11J , hay 22 madres que tienen entre uno y cuatro hijos menores de edad\",\"breadcrumb\":{\"@id\":\"https:\\\/\\\/www.cuballama.com\\\/noticias\\\/22-madres-cubanas-permanecen-presas-por-manifestarse-el-11j\\\/#breadcrumb\"},\"inLanguage\":\"es\",\"potentialAction\":[{\"@type\":\"ReadAction\",\"target\":[\"https:\\\/\\\/www.cuballama.com\\\/noticias\\\/22-madres-cubanas-permanecen-presas-por-manifestarse-el-11j\\\/\"]}]},{\"@type\":\"BreadcrumbList\",\"@id\":\"https:\\\/\\\/www.cuballama.com\\\/noticias\\\/22-madres-cubanas-permanecen-presas-por-manifestarse-el-11j\\\/#breadcrumb\",\"itemListElement\":[{\"@type\":\"ListItem\",\"position\":1,\"name\":\"Home\",\"item\":\"https:\\\/\\\/www.cuballama.com\\\/noticias\\\/\"},{\"@type\":\"ListItem\",\"position\":2,\"name\":\"22 madres cubanas permanecen presas por manifestarse el 11J\"}]},{\"@type\":\"WebSite\",\"@id\":\"https:\\\/\\\/www.cuballama.com\\\/noticias\\\/#website\",\"url\":\"https:\\\/\\\/www.cuballama.com\\\/noticias\\\/\",\"name\":\"Cuballama Noticias\",\"description\":\"Medio digital sobre Cuba y el mundo\",\"publisher\":{\"@id\":\"https:\\\/\\\/www.cuballama.com\\\/noticias\\\/#organization\"},\"potentialAction\":[{\"@type\":\"SearchAction\",\"target\":{\"@type\":\"EntryPoint\",\"urlTemplate\":\"https:\\\/\\\/www.cuballama.com\\\/noticias\\\/?s={search_term_string}\"},\"query-input\":{\"@type\":\"PropertyValueSpecification\",\"valueRequired\":true,\"valueName\":\"search_term_string\"}}],\"inLanguage\":\"es\"},{\"@type\":\"Organization\",\"@id\":\"https:\\\/\\\/www.cuballama.com\\\/noticias\\\/#organization\",\"name\":\"Cuballama\",\"url\":\"https:\\\/\\\/www.cuballama.com\\\/noticias\\\/\",\"logo\":{\"@type\":\"ImageObject\",\"inLanguage\":\"es\",\"@id\":\"https:\\\/\\\/www.cuballama.com\\\/noticias\\\/#\\\/schema\\\/logo\\\/image\\\/\",\"url\":\"https:\\\/\\\/cdn1.mediawpaccore.net\\\/wp-content\\\/uploads\\\/2021\\\/12\\\/28171206\\\/cbll-logo-color-sm.png\",\"contentUrl\":\"https:\\\/\\\/cdn1.mediawpaccore.net\\\/wp-content\\\/uploads\\\/2021\\\/12\\\/28171206\\\/cbll-logo-color-sm.png\",\"width\":600,\"height\":133,\"caption\":\"Cuballama\"},\"image\":{\"@id\":\"https:\\\/\\\/www.cuballama.com\\\/noticias\\\/#\\\/schema\\\/logo\\\/image\\\/\"},\"sameAs\":[\"https:\\\/\\\/www.facebook.com\\\/CubaLlama\",\"https:\\\/\\\/x.com\\\/cuballama\",\"https:\\\/\\\/www.instagram.com\\\/stories\\\/cuballama_oficial\\\/\",\"https:\\\/\\\/www.youtube.com\\\/channel\\\/UCKkFE-d_axENGZcrc4as0IA\"]},{\"@type\":\"Person\",\"@id\":\"https:\\\/\\\/www.cuballama.com\\\/noticias\\\/#\\\/schema\\\/person\\\/5889f7d070564f8386e7944d14d436cd\",\"name\":\"Manu\",\"url\":\"https:\\\/\\\/www.cuballama.com\\\/noticias\\\/author\\\/manu\\\/\"}]}<\/script>\n<!-- \/ Yoast SEO plugin. -->","yoast_head_json":{"title":"22 madres cubanas permanecen presas por manifestarse el 11J","description":"De las 70 mujeres que permanecen en prisi\u00f3n por manifestarse el 11J , hay 22 madres que tienen entre uno y cuatro hijos menores de edad","robots":{"index":"index","follow":"follow","max-snippet":"max-snippet:-1","max-image-preview":"max-image-preview:large","max-video-preview":"max-video-preview:-1"},"canonical":"https:\/\/www.cuballama.com\/noticias\/22-madres-cubanas-permanecen-presas-por-manifestarse-el-11j\/","og_locale":"es_ES","og_type":"article","og_title":"22 madres cubanas permanecen presas por manifestarse el 11J","og_description":"De las 70 mujeres que permanecen en prisi\u00f3n por manifestarse el 11J , hay 22 madres que tienen entre uno y cuatro hijos menores de edad","og_url":"https:\/\/www.cuballama.com\/noticias\/22-madres-cubanas-permanecen-presas-por-manifestarse-el-11j\/","og_site_name":"Cuballama Noticias","article_publisher":"https:\/\/www.facebook.com\/CubaLlama","article_published_time":"2022-01-17T17:20:07+00:00","article_modified_time":"2022-01-17T17:31:15+00:00","og_image":[{"width":1000,"height":563,"url":"https:\/\/www.cuballama.com\/noticias\/wp-content\/uploads\/2021\/10\/damasdeblanco.jpeg","type":"image\/jpeg"}],"author":"Manu","twitter_card":"summary_large_image","twitter_creator":"@cuballama","twitter_site":"@cuballama","twitter_misc":{"Escrito por":"Manu","Tiempo de lectura":"2 minutos"},"schema":{"@context":"https:\/\/schema.org","@graph":[{"@type":"Article","@id":"https:\/\/www.cuballama.com\/noticias\/22-madres-cubanas-permanecen-presas-por-manifestarse-el-11j\/#article","isPartOf":{"@id":"https:\/\/www.cuballama.com\/noticias\/22-madres-cubanas-permanecen-presas-por-manifestarse-el-11j\/"},"author":{"name":"Manu","@id":"https:\/\/www.cuballama.com\/noticias\/#\/schema\/person\/5889f7d070564f8386e7944d14d436cd"},"headline":"22 madres cubanas permanecen presas por manifestarse el 11J","datePublished":"2022-01-17T17:20:07+00:00","dateModified":"2022-01-17T17:31:15+00:00","mainEntityOfPage":{"@id":"https:\/\/www.cuballama.com\/noticias\/22-madres-cubanas-permanecen-presas-por-manifestarse-el-11j\/"},"wordCount":469,"publisher":{"@id":"https:\/\/www.cuballama.com\/noticias\/#organization"},"keywords":["11J","destacado","menores de edad","protestas en Cuba"],"articleSection":["Noticias","Noticias de Cuba"],"inLanguage":"es"},{"@type":"WebPage","@id":"https:\/\/www.cuballama.com\/noticias\/22-madres-cubanas-permanecen-presas-por-manifestarse-el-11j\/","url":"https:\/\/www.cuballama.com\/noticias\/22-madres-cubanas-permanecen-presas-por-manifestarse-el-11j\/","name":"22 madres cubanas permanecen presas por manifestarse el 11J","isPartOf":{"@id":"https:\/\/www.cuballama.com\/noticias\/#website"},"datePublished":"2022-01-17T17:20:07+00:00","dateModified":"2022-01-17T17:31:15+00:00","description":"De las 70 mujeres que permanecen en prisi\u00f3n por manifestarse el 11J , hay 22 madres que tienen entre uno y cuatro hijos menores de edad","breadcrumb":{"@id":"https:\/\/www.cuballama.com\/noticias\/22-madres-cubanas-permanecen-presas-por-manifestarse-el-11j\/#breadcrumb"},"inLanguage":"es","potentialAction":[{"@type":"ReadAction","target":["https:\/\/www.cuballama.com\/noticias\/22-madres-cubanas-permanecen-presas-por-manifestarse-el-11j\/"]}]},{"@type":"BreadcrumbList","@id":"https:\/\/www.cuballama.com\/noticias\/22-madres-cubanas-permanecen-presas-por-manifestarse-el-11j\/#breadcrumb","itemListElement":[{"@type":"ListItem","position":1,"name":"Home","item":"https:\/\/www.cuballama.com\/noticias\/"},{"@type":"ListItem","position":2,"name":"22 madres cubanas permanecen presas por manifestarse el 11J"}]},{"@type":"WebSite","@id":"https:\/\/www.cuballama.com\/noticias\/#website","url":"https:\/\/www.cuballama.com\/noticias\/","name":"Cuballama Noticias","description":"Medio digital sobre Cuba y el mundo","publisher":{"@id":"https:\/\/www.cuballama.com\/noticias\/#organization"},"potentialAction":[{"@type":"SearchAction","target":{"@type":"EntryPoint","urlTemplate":"https:\/\/www.cuballama.com\/noticias\/?s={search_term_string}"},"query-input":{"@type":"PropertyValueSpecification","valueRequired":true,"valueName":"search_term_string"}}],"inLanguage":"es"},{"@type":"Organization","@id":"https:\/\/www.cuballama.com\/noticias\/#organization","name":"Cuballama","url":"https:\/\/www.cuballama.com\/noticias\/","logo":{"@type":"ImageObject","inLanguage":"es","@id":"https:\/\/www.cuballama.com\/noticias\/#\/schema\/logo\/image\/","url":"https:\/\/cdn1.mediawpaccore.net\/wp-content\/uploads\/2021\/12\/28171206\/cbll-logo-color-sm.png","contentUrl":"https:\/\/cdn1.mediawpaccore.net\/wp-content\/uploads\/2021\/12\/28171206\/cbll-logo-color-sm.png","width":600,"height":133,"caption":"Cuballama"},"image":{"@id":"https:\/\/www.cuballama.com\/noticias\/#\/schema\/logo\/image\/"},"sameAs":["https:\/\/www.facebook.com\/CubaLlama","https:\/\/x.com\/cuballama","https:\/\/www.instagram.com\/stories\/cuballama_oficial\/","https:\/\/www.youtube.com\/channel\/UCKkFE-d_axENGZcrc4as0IA"]},{"@type":"Person","@id":"https:\/\/www.cuballama.com\/noticias\/#\/schema\/person\/5889f7d070564f8386e7944d14d436cd","name":"Manu","url":"https:\/\/www.cuballama.com\/noticias\/author\/manu\/"}]}},"_links":{"self":[{"href":"https:\/\/www.cuballama.com\/noticias\/wp-json\/wp\/v2\/posts\/85233","targetHints":{"allow":["GET"]}}],"collection":[{"href":"https:\/\/www.cuballama.com\/noticias\/wp-json\/wp\/v2\/posts"}],"about":[{"href":"https:\/\/www.cuballama.com\/noticias\/wp-json\/wp\/v2\/types\/post"}],"author":[{"embeddable":true,"href":"https:\/\/www.cuballama.com\/noticias\/wp-json\/wp\/v2\/users\/24"}],"replies":[{"embeddable":true,"href":"https:\/\/www.cuballama.com\/noticias\/wp-json\/wp\/v2\/comments?post=85233"}],"version-history":[{"count":2,"href":"https:\/\/www.cuballama.com\/noticias\/wp-json\/wp\/v2\/posts\/85233\/revisions"}],"predecessor-version":[{"id":85236,"href":"https:\/\/www.cuballama.com\/noticias\/wp-json\/wp\/v2\/posts\/85233\/revisions\/85236"}],"wp:attachment":[{"href":"https:\/\/www.cuballama.com\/noticias\/wp-json\/wp\/v2\/media?parent=85233"}],"wp:term":[{"taxonomy":"category","embeddable":true,"href":"https:\/\/www.cuballama.com\/noticias\/wp-json\/wp\/v2\/categories?post=85233"},{"taxonomy":"post_tag","embeddable":true,"href":"https:\/\/www.cuballama.com\/noticias\/wp-json\/wp\/v2\/tags?post=85233"}],"curies":[{"name":"wp","href":"https:\/\/api.w.org\/{rel}","templated":true}]}}