{"id":85223,"date":"2022-01-17T12:04:02","date_gmt":"2022-01-17T17:04:02","guid":{"rendered":"https:\/\/www.cuballama.com\/noticias\/?p=85223"},"modified":"2022-01-17T12:04:07","modified_gmt":"2022-01-17T17:04:07","slug":"cuba-sobrepaso-el-millon-de-casos-de-covid-19-en-toda-la-pandemia","status":"publish","type":"post","link":"https:\/\/www.cuballama.com\/noticias\/cuba-sobrepaso-el-millon-de-casos-de-covid-19-en-toda-la-pandemia\/","title":{"rendered":"Cuba sobrepas\u00f3 el mill\u00f3n de casos de COVID-19 en toda la pandemia"},"content":{"rendered":"\n<p><\/p>\n\n\n\n<p>Cuba super\u00f3 el mill\u00f3n de contagiados con COVID-19 durante la pandemia, tras diagnosticar 3.306 nuevos casos positivos en las \u00faltimas 24 horas, inform\u00f3 este lunes el Dr. Francisco Dur\u00e1n, director nacional de Epidemiolog\u00eda del Ministerio de Salud P\u00fablica (Minsap).<\/p>\n\n\n\n<p>La isla acumula acumula 1.002.499 infectados con el virus y 8.341 muertes a causa de la COVID-19 desde marzo de 2020 hasta la fecha.<\/p>\n\n\n\n<p>En su comparecencia en la televisi\u00f3n cubana, Dur\u00e1n reconoci\u00f3 que el ritmo de contagios se ha acelerado de manera exponencial en las primeras semanas de 2022.&nbsp;<\/p>\n\n\n\n<p>Del 9 al 15 de enero, fueron diagnosticados 21.783 personas en la isla, lo que representa un aumento cercano al 100% respecto a la semana anterior, cuando se confirmaron 10.937 contagiados con el virus.<\/p>\n\n\n\n<p><a href=\"http:\/\/www.cubadebate.cu\/noticias\/2022\/01\/17\/cuba-reporta-3-306-nuevos-casos-positivos-y-acumula-mas-de-un-millon-de-contagios-desde-el-inicio-de-la-pandemia\/\" target=\"_blank\" rel=\"noreferrer noopener nofollow\">De acuerdo con el parte del Minsap<\/a>, hasta el cierre de este domingo se encontraban ingresados 33.935 pacientes, de los cuales 17.443 son casos activos con la enfermedad, 16.300 son sospechosos de haberse infectado y otros 192 permanecen bajo vigilancia epidemiol\u00f3gica.<\/p>\n\n\n\n<p>Los cifras son preocupantes, aunque todav\u00eda est\u00e1n lejos de los <a href=\"https:\/\/www.cuballama.com\/blog\/la-habana-vuelve-al-toque-de-queda\/\" target=\"_blank\" rel=\"noreferrer noopener\">peores momentos de la pandemia en la isla<\/a>, cuando se reportaron m\u00e1s de 9.000 contagios diarios y cerca de 100 muertes cada 24 horas, entre julio y agosto del a\u00f1o pasado.<\/p>\n\n\n\n<p>Las autoridades sanitarias afirman que en este momento la isla est\u00e1 m\u00e1s preparada para enfrentar la enfermedad contagiosa, debido a que 9.771.819 personas (87,4% de la poblaci\u00f3n cubana) han recibido el esquema de vacunaci\u00f3n anticovid completo.<\/p>\n\n\n\n<p>En los \u00faltimos siete d\u00edas se identificaron 39 nuevos contagiados con <a href=\"https:\/\/www.cuballama.com\/noticias\/cuba-confirma-ola-de-contagios-con-omicron\/\" target=\"_blank\" rel=\"noreferrer noopener\">\u00d3micron,<\/a> lo que eleva a 168 la cifra de confirmados con la nueva variante, de ellos 134 cubanos y 34 extranjeros.<\/p>\n\n\n\n<p>Expertos del Ministerio de Salud P\u00fablica cubano aseguraron recientemente que Cuba atraviesa una \u00abnueva ola de contagios\u00bb relacionada con \u00d3micron, y estimaron que el alza de casos diarios se extienda durante varias semanas, aunque no prev\u00e9n un aumento considerable de los casos cr\u00edticos ni de la mortalidad.\u00a0<\/p>\n\n\n\n<p>Este domingo se registraron 41 pacientes ingresados en salas de cuidados intensivos, 11 de ellos en estado cr\u00edtico y 30 reportados de gravedad.<\/p>\n","protected":false},"excerpt":{"rendered":"<p>Cuba super\u00f3 el mill\u00f3n de contagiados con COVID-19 durante la pandemia, tras diagnosticar 3.306 nuevos casos positivos en las \u00faltimas 24 horas, inform\u00f3 este lunes el Dr. Francisco Dur\u00e1n, director nacional de Epidemiolog\u00eda del Ministerio de Salud P\u00fablica (Minsap). La isla acumula acumula 1.002.499 infectados con el virus y 8.341 muertes a causa de la [&hellip;]<\/p>\n","protected":false},"author":25,"featured_media":0,"comment_status":"closed","ping_status":"closed","sticky":false,"template":"","format":"standard","meta":{"_acf_changed":false,"footnotes":""},"categories":[9334,18,955],"tags":[8892,11244,941],"class_list":{"0":"post-85223","1":"post","2":"type-post","3":"status-publish","4":"format-standard","6":"category-covid","7":"category-noticias","8":"category-noticias-de-cuba","9":"tag-covid-19","10":"tag-covid-19-en-cuba","11":"tag-destacado"},"acf":[],"yoast_head":"<!-- This site is optimized with the Yoast SEO plugin v27.5 - https:\/\/yoast.com\/product\/yoast-seo-wordpress\/ -->\n<title>Cuba sobrepas\u00f3 el mill\u00f3n de casos de COVID-19 en toda la pandemia<\/title>\n<meta name=\"description\" content=\"Cuba super\u00f3 el mill\u00f3n de contagiados con COVID-19 durante la pandemia, tras diagnosticar 3.306 nuevos casos positivos\" \/>\n<meta name=\"robots\" content=\"index, follow, max-snippet:-1, max-image-preview:large, max-video-preview:-1\" \/>\n<link rel=\"canonical\" href=\"https:\/\/www.cuballama.com\/noticias\/cuba-sobrepaso-el-millon-de-casos-de-covid-19-en-toda-la-pandemia\/\" \/>\n<meta property=\"og:locale\" content=\"es_ES\" \/>\n<meta property=\"og:type\" content=\"article\" \/>\n<meta property=\"og:title\" content=\"Cuba sobrepas\u00f3 el mill\u00f3n de casos de COVID-19 en toda la pandemia\" \/>\n<meta property=\"og:description\" content=\"Cuba super\u00f3 el mill\u00f3n de contagiados con COVID-19 durante la pandemia, tras diagnosticar 3.306 nuevos casos positivos\" \/>\n<meta property=\"og:url\" content=\"https:\/\/www.cuballama.com\/noticias\/cuba-sobrepaso-el-millon-de-casos-de-covid-19-en-toda-la-pandemia\/\" \/>\n<meta property=\"og:site_name\" content=\"Cuballama Noticias\" \/>\n<meta property=\"article:publisher\" content=\"https:\/\/www.facebook.com\/CubaLlama\" \/>\n<meta property=\"article:published_time\" content=\"2022-01-17T17:04:02+00:00\" \/>\n<meta property=\"article:modified_time\" content=\"2022-01-17T17:04:07+00:00\" \/>\n<meta property=\"og:image\" content=\"https:\/\/www.cuballama.com\/noticias\/wp-content\/uploads\/2021\/07\/coronavirus-Cuba.jpg\" \/>\n\t<meta property=\"og:image:width\" content=\"1073\" \/>\n\t<meta property=\"og:image:height\" content=\"629\" \/>\n\t<meta property=\"og:image:type\" content=\"image\/jpeg\" \/>\n<meta name=\"author\" content=\"Luis\" \/>\n<meta name=\"twitter:card\" content=\"summary_large_image\" \/>\n<meta name=\"twitter:creator\" content=\"@cuballama\" \/>\n<meta name=\"twitter:site\" content=\"@cuballama\" \/>\n<meta name=\"twitter:label1\" content=\"Escrito por\" \/>\n\t<meta name=\"twitter:data1\" content=\"Luis\" \/>\n\t<meta name=\"twitter:label2\" content=\"Tiempo de lectura\" \/>\n\t<meta name=\"twitter:data2\" content=\"2 minutos\" \/>\n<script type=\"application\/ld+json\" class=\"yoast-schema-graph\">{\"@context\":\"https:\\\/\\\/schema.org\",\"@graph\":[{\"@type\":\"Article\",\"@id\":\"https:\\\/\\\/www.cuballama.com\\\/noticias\\\/cuba-sobrepaso-el-millon-de-casos-de-covid-19-en-toda-la-pandemia\\\/#article\",\"isPartOf\":{\"@id\":\"https:\\\/\\\/www.cuballama.com\\\/noticias\\\/cuba-sobrepaso-el-millon-de-casos-de-covid-19-en-toda-la-pandemia\\\/\"},\"author\":{\"name\":\"Luis\",\"@id\":\"https:\\\/\\\/www.cuballama.com\\\/noticias\\\/#\\\/schema\\\/person\\\/f102d7591288049f09742b8a66c0a0e7\"},\"headline\":\"Cuba sobrepas\u00f3 el mill\u00f3n de casos de COVID-19 en toda la pandemia\",\"datePublished\":\"2022-01-17T17:04:02+00:00\",\"dateModified\":\"2022-01-17T17:04:07+00:00\",\"mainEntityOfPage\":{\"@id\":\"https:\\\/\\\/www.cuballama.com\\\/noticias\\\/cuba-sobrepaso-el-millon-de-casos-de-covid-19-en-toda-la-pandemia\\\/\"},\"wordCount\":349,\"publisher\":{\"@id\":\"https:\\\/\\\/www.cuballama.com\\\/noticias\\\/#organization\"},\"keywords\":[\"COVID-19\",\"COVID-19 en Cuba\",\"destacado\"],\"articleSection\":[\"Covid\",\"Noticias\",\"Noticias de Cuba\"],\"inLanguage\":\"es\"},{\"@type\":\"WebPage\",\"@id\":\"https:\\\/\\\/www.cuballama.com\\\/noticias\\\/cuba-sobrepaso-el-millon-de-casos-de-covid-19-en-toda-la-pandemia\\\/\",\"url\":\"https:\\\/\\\/www.cuballama.com\\\/noticias\\\/cuba-sobrepaso-el-millon-de-casos-de-covid-19-en-toda-la-pandemia\\\/\",\"name\":\"Cuba sobrepas\u00f3 el mill\u00f3n de casos de COVID-19 en toda la pandemia\",\"isPartOf\":{\"@id\":\"https:\\\/\\\/www.cuballama.com\\\/noticias\\\/#website\"},\"datePublished\":\"2022-01-17T17:04:02+00:00\",\"dateModified\":\"2022-01-17T17:04:07+00:00\",\"description\":\"Cuba super\u00f3 el mill\u00f3n de contagiados con COVID-19 durante la pandemia, tras diagnosticar 3.306 nuevos casos positivos\",\"breadcrumb\":{\"@id\":\"https:\\\/\\\/www.cuballama.com\\\/noticias\\\/cuba-sobrepaso-el-millon-de-casos-de-covid-19-en-toda-la-pandemia\\\/#breadcrumb\"},\"inLanguage\":\"es\",\"potentialAction\":[{\"@type\":\"ReadAction\",\"target\":[\"https:\\\/\\\/www.cuballama.com\\\/noticias\\\/cuba-sobrepaso-el-millon-de-casos-de-covid-19-en-toda-la-pandemia\\\/\"]}]},{\"@type\":\"BreadcrumbList\",\"@id\":\"https:\\\/\\\/www.cuballama.com\\\/noticias\\\/cuba-sobrepaso-el-millon-de-casos-de-covid-19-en-toda-la-pandemia\\\/#breadcrumb\",\"itemListElement\":[{\"@type\":\"ListItem\",\"position\":1,\"name\":\"Home\",\"item\":\"https:\\\/\\\/www.cuballama.com\\\/noticias\\\/\"},{\"@type\":\"ListItem\",\"position\":2,\"name\":\"Cuba sobrepas\u00f3 el mill\u00f3n de casos de COVID-19 en toda la pandemia\"}]},{\"@type\":\"WebSite\",\"@id\":\"https:\\\/\\\/www.cuballama.com\\\/noticias\\\/#website\",\"url\":\"https:\\\/\\\/www.cuballama.com\\\/noticias\\\/\",\"name\":\"Cuballama Noticias\",\"description\":\"Medio digital sobre Cuba y el mundo\",\"publisher\":{\"@id\":\"https:\\\/\\\/www.cuballama.com\\\/noticias\\\/#organization\"},\"potentialAction\":[{\"@type\":\"SearchAction\",\"target\":{\"@type\":\"EntryPoint\",\"urlTemplate\":\"https:\\\/\\\/www.cuballama.com\\\/noticias\\\/?s={search_term_string}\"},\"query-input\":{\"@type\":\"PropertyValueSpecification\",\"valueRequired\":true,\"valueName\":\"search_term_string\"}}],\"inLanguage\":\"es\"},{\"@type\":\"Organization\",\"@id\":\"https:\\\/\\\/www.cuballama.com\\\/noticias\\\/#organization\",\"name\":\"Cuballama\",\"url\":\"https:\\\/\\\/www.cuballama.com\\\/noticias\\\/\",\"logo\":{\"@type\":\"ImageObject\",\"inLanguage\":\"es\",\"@id\":\"https:\\\/\\\/www.cuballama.com\\\/noticias\\\/#\\\/schema\\\/logo\\\/image\\\/\",\"url\":\"https:\\\/\\\/cdn1.mediawpaccore.net\\\/wp-content\\\/uploads\\\/2021\\\/12\\\/28171206\\\/cbll-logo-color-sm.png\",\"contentUrl\":\"https:\\\/\\\/cdn1.mediawpaccore.net\\\/wp-content\\\/uploads\\\/2021\\\/12\\\/28171206\\\/cbll-logo-color-sm.png\",\"width\":600,\"height\":133,\"caption\":\"Cuballama\"},\"image\":{\"@id\":\"https:\\\/\\\/www.cuballama.com\\\/noticias\\\/#\\\/schema\\\/logo\\\/image\\\/\"},\"sameAs\":[\"https:\\\/\\\/www.facebook.com\\\/CubaLlama\",\"https:\\\/\\\/x.com\\\/cuballama\",\"https:\\\/\\\/www.instagram.com\\\/stories\\\/cuballama_oficial\\\/\",\"https:\\\/\\\/www.youtube.com\\\/channel\\\/UCKkFE-d_axENGZcrc4as0IA\"]},{\"@type\":\"Person\",\"@id\":\"https:\\\/\\\/www.cuballama.com\\\/noticias\\\/#\\\/schema\\\/person\\\/f102d7591288049f09742b8a66c0a0e7\",\"name\":\"Luis\",\"url\":\"https:\\\/\\\/www.cuballama.com\\\/noticias\\\/author\\\/luis\\\/\"}]}<\/script>\n<!-- \/ Yoast SEO plugin. -->","yoast_head_json":{"title":"Cuba sobrepas\u00f3 el mill\u00f3n de casos de COVID-19 en toda la pandemia","description":"Cuba super\u00f3 el mill\u00f3n de contagiados con COVID-19 durante la pandemia, tras diagnosticar 3.306 nuevos casos positivos","robots":{"index":"index","follow":"follow","max-snippet":"max-snippet:-1","max-image-preview":"max-image-preview:large","max-video-preview":"max-video-preview:-1"},"canonical":"https:\/\/www.cuballama.com\/noticias\/cuba-sobrepaso-el-millon-de-casos-de-covid-19-en-toda-la-pandemia\/","og_locale":"es_ES","og_type":"article","og_title":"Cuba sobrepas\u00f3 el mill\u00f3n de casos de COVID-19 en toda la pandemia","og_description":"Cuba super\u00f3 el mill\u00f3n de contagiados con COVID-19 durante la pandemia, tras diagnosticar 3.306 nuevos casos positivos","og_url":"https:\/\/www.cuballama.com\/noticias\/cuba-sobrepaso-el-millon-de-casos-de-covid-19-en-toda-la-pandemia\/","og_site_name":"Cuballama Noticias","article_publisher":"https:\/\/www.facebook.com\/CubaLlama","article_published_time":"2022-01-17T17:04:02+00:00","article_modified_time":"2022-01-17T17:04:07+00:00","og_image":[{"width":1073,"height":629,"url":"https:\/\/www.cuballama.com\/noticias\/wp-content\/uploads\/2021\/07\/coronavirus-Cuba.jpg","type":"image\/jpeg"}],"author":"Luis","twitter_card":"summary_large_image","twitter_creator":"@cuballama","twitter_site":"@cuballama","twitter_misc":{"Escrito por":"Luis","Tiempo de lectura":"2 minutos"},"schema":{"@context":"https:\/\/schema.org","@graph":[{"@type":"Article","@id":"https:\/\/www.cuballama.com\/noticias\/cuba-sobrepaso-el-millon-de-casos-de-covid-19-en-toda-la-pandemia\/#article","isPartOf":{"@id":"https:\/\/www.cuballama.com\/noticias\/cuba-sobrepaso-el-millon-de-casos-de-covid-19-en-toda-la-pandemia\/"},"author":{"name":"Luis","@id":"https:\/\/www.cuballama.com\/noticias\/#\/schema\/person\/f102d7591288049f09742b8a66c0a0e7"},"headline":"Cuba sobrepas\u00f3 el mill\u00f3n de casos de COVID-19 en toda la pandemia","datePublished":"2022-01-17T17:04:02+00:00","dateModified":"2022-01-17T17:04:07+00:00","mainEntityOfPage":{"@id":"https:\/\/www.cuballama.com\/noticias\/cuba-sobrepaso-el-millon-de-casos-de-covid-19-en-toda-la-pandemia\/"},"wordCount":349,"publisher":{"@id":"https:\/\/www.cuballama.com\/noticias\/#organization"},"keywords":["COVID-19","COVID-19 en Cuba","destacado"],"articleSection":["Covid","Noticias","Noticias de Cuba"],"inLanguage":"es"},{"@type":"WebPage","@id":"https:\/\/www.cuballama.com\/noticias\/cuba-sobrepaso-el-millon-de-casos-de-covid-19-en-toda-la-pandemia\/","url":"https:\/\/www.cuballama.com\/noticias\/cuba-sobrepaso-el-millon-de-casos-de-covid-19-en-toda-la-pandemia\/","name":"Cuba sobrepas\u00f3 el mill\u00f3n de casos de COVID-19 en toda la pandemia","isPartOf":{"@id":"https:\/\/www.cuballama.com\/noticias\/#website"},"datePublished":"2022-01-17T17:04:02+00:00","dateModified":"2022-01-17T17:04:07+00:00","description":"Cuba super\u00f3 el mill\u00f3n de contagiados con COVID-19 durante la pandemia, tras diagnosticar 3.306 nuevos casos positivos","breadcrumb":{"@id":"https:\/\/www.cuballama.com\/noticias\/cuba-sobrepaso-el-millon-de-casos-de-covid-19-en-toda-la-pandemia\/#breadcrumb"},"inLanguage":"es","potentialAction":[{"@type":"ReadAction","target":["https:\/\/www.cuballama.com\/noticias\/cuba-sobrepaso-el-millon-de-casos-de-covid-19-en-toda-la-pandemia\/"]}]},{"@type":"BreadcrumbList","@id":"https:\/\/www.cuballama.com\/noticias\/cuba-sobrepaso-el-millon-de-casos-de-covid-19-en-toda-la-pandemia\/#breadcrumb","itemListElement":[{"@type":"ListItem","position":1,"name":"Home","item":"https:\/\/www.cuballama.com\/noticias\/"},{"@type":"ListItem","position":2,"name":"Cuba sobrepas\u00f3 el mill\u00f3n de casos de COVID-19 en toda la pandemia"}]},{"@type":"WebSite","@id":"https:\/\/www.cuballama.com\/noticias\/#website","url":"https:\/\/www.cuballama.com\/noticias\/","name":"Cuballama Noticias","description":"Medio digital sobre Cuba y el mundo","publisher":{"@id":"https:\/\/www.cuballama.com\/noticias\/#organization"},"potentialAction":[{"@type":"SearchAction","target":{"@type":"EntryPoint","urlTemplate":"https:\/\/www.cuballama.com\/noticias\/?s={search_term_string}"},"query-input":{"@type":"PropertyValueSpecification","valueRequired":true,"valueName":"search_term_string"}}],"inLanguage":"es"},{"@type":"Organization","@id":"https:\/\/www.cuballama.com\/noticias\/#organization","name":"Cuballama","url":"https:\/\/www.cuballama.com\/noticias\/","logo":{"@type":"ImageObject","inLanguage":"es","@id":"https:\/\/www.cuballama.com\/noticias\/#\/schema\/logo\/image\/","url":"https:\/\/cdn1.mediawpaccore.net\/wp-content\/uploads\/2021\/12\/28171206\/cbll-logo-color-sm.png","contentUrl":"https:\/\/cdn1.mediawpaccore.net\/wp-content\/uploads\/2021\/12\/28171206\/cbll-logo-color-sm.png","width":600,"height":133,"caption":"Cuballama"},"image":{"@id":"https:\/\/www.cuballama.com\/noticias\/#\/schema\/logo\/image\/"},"sameAs":["https:\/\/www.facebook.com\/CubaLlama","https:\/\/x.com\/cuballama","https:\/\/www.instagram.com\/stories\/cuballama_oficial\/","https:\/\/www.youtube.com\/channel\/UCKkFE-d_axENGZcrc4as0IA"]},{"@type":"Person","@id":"https:\/\/www.cuballama.com\/noticias\/#\/schema\/person\/f102d7591288049f09742b8a66c0a0e7","name":"Luis","url":"https:\/\/www.cuballama.com\/noticias\/author\/luis\/"}]}},"_links":{"self":[{"href":"https:\/\/www.cuballama.com\/noticias\/wp-json\/wp\/v2\/posts\/85223","targetHints":{"allow":["GET"]}}],"collection":[{"href":"https:\/\/www.cuballama.com\/noticias\/wp-json\/wp\/v2\/posts"}],"about":[{"href":"https:\/\/www.cuballama.com\/noticias\/wp-json\/wp\/v2\/types\/post"}],"author":[{"embeddable":true,"href":"https:\/\/www.cuballama.com\/noticias\/wp-json\/wp\/v2\/users\/25"}],"replies":[{"embeddable":true,"href":"https:\/\/www.cuballama.com\/noticias\/wp-json\/wp\/v2\/comments?post=85223"}],"version-history":[{"count":3,"href":"https:\/\/www.cuballama.com\/noticias\/wp-json\/wp\/v2\/posts\/85223\/revisions"}],"predecessor-version":[{"id":85231,"href":"https:\/\/www.cuballama.com\/noticias\/wp-json\/wp\/v2\/posts\/85223\/revisions\/85231"}],"wp:attachment":[{"href":"https:\/\/www.cuballama.com\/noticias\/wp-json\/wp\/v2\/media?parent=85223"}],"wp:term":[{"taxonomy":"category","embeddable":true,"href":"https:\/\/www.cuballama.com\/noticias\/wp-json\/wp\/v2\/categories?post=85223"},{"taxonomy":"post_tag","embeddable":true,"href":"https:\/\/www.cuballama.com\/noticias\/wp-json\/wp\/v2\/tags?post=85223"}],"curies":[{"name":"wp","href":"https:\/\/api.w.org\/{rel}","templated":true}]}}