{"id":84830,"date":"2022-01-11T13:01:56","date_gmt":"2022-01-11T18:01:56","guid":{"rendered":"https:\/\/www.cuballama.com\/noticias\/?p=84830"},"modified":"2022-01-11T13:02:00","modified_gmt":"2022-01-11T18:02:00","slug":"migrantes-cubanos-expulsados-de-grecia-denuncian-maltratos-por-parte-de-las-autoridades","status":"publish","type":"post","link":"https:\/\/www.cuballama.com\/noticias\/migrantes-cubanos-expulsados-de-grecia-denuncian-maltratos-por-parte-de-las-autoridades\/","title":{"rendered":"Migrantes cubanos expulsados de Grecia denuncian maltratos por parte de las autoridades"},"content":{"rendered":"\n<p><\/p>\n\n\n\n<p>Grecia expuls\u00f3 por la fuerza al menos 30 cubanos que esperaban solicitar asilo pol\u00edtico en Europa a finales del a\u00f1o pasado, de acuerdo con organizaciones de derechos humanos y defensoras de los migrantes.&nbsp;<\/p>\n\n\n\n<p>Los polic\u00edas y guardias fronterizos griegos usaron la violencia contra varios de los cubanos, que ahora permanecen en un limbo legal en Turqu\u00eda, de acuerdo con un reporte de la <a href=\"https:\/\/www.aljazeera.com\/news\/2022\/1\/10\/like-a-nightmare-cubans-allege-expulsions-to-turkey\" target=\"_blank\" rel=\"noreferrer noopener nofollow\">cadena \u00e1rabe Al Jazeera.<\/a><\/p>\n\n\n\n<p>Seg\u00fan testimonios de <a href=\"https:\/\/www.cuballama.com\/noticias\/migrantes-cubanos-varados-en-grecia-piden-asilo-para-entrar-a-europa\/\" target=\"_blank\" rel=\"noreferrer noopener\">los migrantes<\/a>, las autoridades helenas los sometieron a \u201cdesnudez forzada, palizas, detenci\u00f3n sin comida ni agua, confiscaci\u00f3n de pasaportes, dinero y otras pertenencias personales\u201d e incluso \u201cinmersi\u00f3n forzada en agua\u201d \u2014considerada una forma de tortura\u2014 durante el proceso de expulsi\u00f3n, indica la fuente.<\/p>\n\n\n\n<p><a href=\"https:\/\/www.cuballama.com\/noticias\/cubano-conoce-la-democracia-griega-con-torturas\/\" target=\"_blank\" rel=\"noreferrer noopener\">Los cubanos <\/a>denunciaron el trato ilegal recibido en Grecia tanto al consulado de la isla en Turqu\u00eda como a las autoridades de ese pa\u00eds, pero hasta el momento no han recibido respuestas.\u00a0<\/p>\n\n\n\n<p>Un m\u00e9dico habanero de 38 a\u00f1os confes\u00f3 que tuvo miedo de ser asesinado por los efectivos de seguridad griegos.&nbsp;<\/p>\n\n\n\n<p>Seg\u00fan dijo al medio \u00e1rabe, el galeno cruz\u00f3 arrib\u00f3 a Grecia desde Macedonia del Norte junto a otros dos cubanos en la madrugada del 29 de octubre, tras haber recorrido la ruta entre La Habana y Mosc\u00fa y m\u00e1s tarde a Serbia.<\/p>\n\n\n\n<p>Los polic\u00edas griegos bajaron a los cubanos de un autob\u00fas en el que viajaban de Tesal\u00f3nica a Atenas y los condujeron a varios centros de detenci\u00f3n donde permanec\u00edan otros compatriotas junto a migrantes sirios, afganos, paquistan\u00edes.<\/p>\n\n\n\n<p>Las autoridades les arrebataron sus pertenencias y los obligaron a desnudarse, los registraron, los golpearon y les dejaron sin comida ni agua, asegur\u00f3 el profesional de la salud.<\/p>\n\n\n\n<p>\u201cLes dije a los oficiales que era un m\u00e9dico de Cuba y que estaba all\u00ed para solicitar asilo pol\u00edtico. Simplemente me miraron y se rieron\u201d, dijo.<\/p>\n\n\n\n<p>Al d\u00eda siguiente todo el grupo fue conducido por oficiales armados y con el rostro cubierto por pasamonta\u00f1as a un bosque cerca de la frontera turca.<\/p>\n\n\n\n<p>\u201cPens\u00e9 que nos estaban llevando para matarnos\u201d, relat\u00f3 el m\u00e9dico, y a\u00f1adi\u00f3 uno de los guardias golpe\u00f3 a un joven que estaba completamente desnudo y le hundi\u00f3 la cabeza en aguas del r\u00edo Evros, justo en la frontera entre Grecia y Turqu\u00eda.<\/p>\n\n\n\n<p>El grupo de ocho migrantes fue trasladado en un bote hasta mitad del R\u00edo, donde los guardias les obligaron a nadar el resto del trayecto hasta tierra turca, afirm\u00f3 el m\u00e9dico cubano, que ofreci\u00f3 sus testimonios a la Red de Monitoreo de Violencia Fronteriza (BVMN).<\/p>\n\n\n\n<p>Otro miembro del grupo describi\u00f3 los sucesos como \u201cuna pesadilla\u201d, indica el reporte de Al Jazeera.&nbsp;<\/p>\n\n\n\n<p>Ex trabajador de la ONAT en Cuba, el joven de 25 a\u00f1os afirma que resultaba imposible vivir del salario en la isla, por lo que decidi\u00f3 emigrar.<\/p>\n\n\n\n<p>\u201cAhora me preocupa ser ilegal en un pa\u00eds al que ni siquiera eleg\u00ed ir. \u201cSi me voy de [Turqu\u00eda], que es lo que quieren que haga porque estoy indocumentado aqu\u00ed con, a\u00fan podr\u00eda ser castigado\u201d, declar\u00f3.&nbsp;<\/p>\n\n\n\n<p>El joven migrante asegura que inform\u00f3 sobre la expulsi\u00f3n al consulado cubano en Turqu\u00eda, y que los diplom\u00e1ticos de la isla respondieron que \u201cel gobierno griego no deporta a ning\u00fan cubano\u201d.<\/p>\n\n\n\n<p>En agosto de 2021, Human Rights Watch alert\u00f3 sobre \u201cuna creciente evidencia de que el gobierno griego ha expulsado en secreto en los \u00faltimos meses a miles de migrantes que intentaban llegar a sus costas\u201d.<\/p>\n\n\n\n<p>La organizaci\u00f3n de derechos humanos afirma que \u00abrevis\u00f3 im\u00e1genes cre\u00edbles y entrevist\u00f3 a v\u00edctimas y testigos\u00bb que alegaron haber sufrido maltratos por parte de las autoridades griegas durante los procesos de deportaci\u00f3n.<\/p>\n\n\n\n<p>En una entrevista con la CNN, el primer ministro de Grecia, Kyriakos Mitsotakis, neg\u00f3 las acusaciones y subray\u00f3 que su gobierno es \u201cv\u00edctima\u201d de una \u201ccampa\u00f1a de desinformaci\u00f3n\u201d.<\/p>\n","protected":false},"excerpt":{"rendered":"<p>Grecia expuls\u00f3 por la fuerza al menos 30 cubanos que esperaban solicitar asilo pol\u00edtico en Europa a finales del a\u00f1o pasado, de acuerdo con organizaciones de derechos humanos y defensoras de los migrantes.&nbsp; Los polic\u00edas y guardias fronterizos griegos usaron la violencia contra varios de los cubanos, que ahora permanecen en un limbo legal en [&hellip;]<\/p>\n","protected":false},"author":25,"featured_media":84838,"comment_status":"closed","ping_status":"closed","sticky":false,"template":"","format":"standard","meta":{"_acf_changed":false,"footnotes":""},"categories":[18,955,957],"tags":[92,941,600,11785],"class_list":{"0":"post-84830","1":"post","2":"type-post","3":"status-publish","4":"format-standard","5":"has-post-thumbnail","7":"category-noticias","8":"category-noticias-de-cuba","9":"category-noticias-internacionales","10":"tag-cubanos","11":"tag-destacado","12":"tag-migrantes-cubanos","13":"tag-migrantes-cubanos-en-grecia"},"acf":[],"yoast_head":"<!-- This site is optimized with the Yoast SEO plugin v27.5 - https:\/\/yoast.com\/product\/yoast-seo-wordpress\/ -->\n<title>Migrantes cubanos expulsados de Grecia denuncian maltratos<\/title>\n<meta name=\"description\" content=\"Grecia expuls\u00f3 por la fuerza al menos 30 cubanos que esperaban solicitar asilo pol\u00edtico en Europa a finales del a\u00f1o pasado\" \/>\n<meta name=\"robots\" content=\"index, follow, max-snippet:-1, max-image-preview:large, max-video-preview:-1\" \/>\n<link rel=\"canonical\" href=\"https:\/\/www.cuballama.com\/noticias\/migrantes-cubanos-expulsados-de-grecia-denuncian-maltratos-por-parte-de-las-autoridades\/\" \/>\n<meta property=\"og:locale\" content=\"es_ES\" \/>\n<meta property=\"og:type\" content=\"article\" \/>\n<meta property=\"og:title\" content=\"Migrantes cubanos expulsados de Grecia denuncian maltratos\" \/>\n<meta property=\"og:description\" content=\"Grecia expuls\u00f3 por la fuerza al menos 30 cubanos que esperaban solicitar asilo pol\u00edtico en Europa a finales del a\u00f1o pasado\" \/>\n<meta property=\"og:url\" content=\"https:\/\/www.cuballama.com\/noticias\/migrantes-cubanos-expulsados-de-grecia-denuncian-maltratos-por-parte-de-las-autoridades\/\" \/>\n<meta property=\"og:site_name\" content=\"Cuballama Noticias\" \/>\n<meta property=\"article:publisher\" content=\"https:\/\/www.facebook.com\/CubaLlama\" \/>\n<meta property=\"article:published_time\" content=\"2022-01-11T18:01:56+00:00\" \/>\n<meta property=\"article:modified_time\" content=\"2022-01-11T18:02:00+00:00\" \/>\n<meta property=\"og:image\" content=\"https:\/\/www.cuballama.com\/noticias\/wp-content\/uploads\/2022\/01\/joel.webp\" \/>\n\t<meta property=\"og:image:width\" content=\"770\" \/>\n\t<meta property=\"og:image:height\" content=\"513\" \/>\n\t<meta property=\"og:image:type\" content=\"image\/webp\" \/>\n<meta name=\"author\" content=\"Luis\" \/>\n<meta name=\"twitter:card\" content=\"summary_large_image\" \/>\n<meta name=\"twitter:creator\" content=\"@cuballama\" \/>\n<meta name=\"twitter:site\" content=\"@cuballama\" \/>\n<meta name=\"twitter:label1\" content=\"Escrito por\" \/>\n\t<meta name=\"twitter:data1\" content=\"Luis\" \/>\n\t<meta name=\"twitter:label2\" content=\"Tiempo de lectura\" \/>\n\t<meta name=\"twitter:data2\" content=\"3 minutos\" \/>\n<script type=\"application\/ld+json\" class=\"yoast-schema-graph\">{\"@context\":\"https:\\\/\\\/schema.org\",\"@graph\":[{\"@type\":\"Article\",\"@id\":\"https:\\\/\\\/www.cuballama.com\\\/noticias\\\/migrantes-cubanos-expulsados-de-grecia-denuncian-maltratos-por-parte-de-las-autoridades\\\/#article\",\"isPartOf\":{\"@id\":\"https:\\\/\\\/www.cuballama.com\\\/noticias\\\/migrantes-cubanos-expulsados-de-grecia-denuncian-maltratos-por-parte-de-las-autoridades\\\/\"},\"author\":{\"name\":\"Luis\",\"@id\":\"https:\\\/\\\/www.cuballama.com\\\/noticias\\\/#\\\/schema\\\/person\\\/f102d7591288049f09742b8a66c0a0e7\"},\"headline\":\"Migrantes cubanos expulsados de Grecia denuncian maltratos por parte de las autoridades\",\"datePublished\":\"2022-01-11T18:01:56+00:00\",\"dateModified\":\"2022-01-11T18:02:00+00:00\",\"mainEntityOfPage\":{\"@id\":\"https:\\\/\\\/www.cuballama.com\\\/noticias\\\/migrantes-cubanos-expulsados-de-grecia-denuncian-maltratos-por-parte-de-las-autoridades\\\/\"},\"wordCount\":673,\"publisher\":{\"@id\":\"https:\\\/\\\/www.cuballama.com\\\/noticias\\\/#organization\"},\"image\":{\"@id\":\"https:\\\/\\\/www.cuballama.com\\\/noticias\\\/migrantes-cubanos-expulsados-de-grecia-denuncian-maltratos-por-parte-de-las-autoridades\\\/#primaryimage\"},\"thumbnailUrl\":\"https:\\\/\\\/cdn1.mediawpaccore.net\\\/wp-content\\\/uploads\\\/2022\\\/01\\\/11125705\\\/joel.webp\",\"keywords\":[\"cubanos\",\"destacado\",\"Migrantes cubanos\",\"migrantes cubanos en Grecia\"],\"articleSection\":[\"Noticias\",\"Noticias de Cuba\",\"Noticias Internacionales\"],\"inLanguage\":\"es\"},{\"@type\":\"WebPage\",\"@id\":\"https:\\\/\\\/www.cuballama.com\\\/noticias\\\/migrantes-cubanos-expulsados-de-grecia-denuncian-maltratos-por-parte-de-las-autoridades\\\/\",\"url\":\"https:\\\/\\\/www.cuballama.com\\\/noticias\\\/migrantes-cubanos-expulsados-de-grecia-denuncian-maltratos-por-parte-de-las-autoridades\\\/\",\"name\":\"Migrantes cubanos expulsados de Grecia denuncian maltratos\",\"isPartOf\":{\"@id\":\"https:\\\/\\\/www.cuballama.com\\\/noticias\\\/#website\"},\"primaryImageOfPage\":{\"@id\":\"https:\\\/\\\/www.cuballama.com\\\/noticias\\\/migrantes-cubanos-expulsados-de-grecia-denuncian-maltratos-por-parte-de-las-autoridades\\\/#primaryimage\"},\"image\":{\"@id\":\"https:\\\/\\\/www.cuballama.com\\\/noticias\\\/migrantes-cubanos-expulsados-de-grecia-denuncian-maltratos-por-parte-de-las-autoridades\\\/#primaryimage\"},\"thumbnailUrl\":\"https:\\\/\\\/cdn1.mediawpaccore.net\\\/wp-content\\\/uploads\\\/2022\\\/01\\\/11125705\\\/joel.webp\",\"datePublished\":\"2022-01-11T18:01:56+00:00\",\"dateModified\":\"2022-01-11T18:02:00+00:00\",\"description\":\"Grecia expuls\u00f3 por la fuerza al menos 30 cubanos que esperaban solicitar asilo pol\u00edtico en Europa a finales del a\u00f1o pasado\",\"breadcrumb\":{\"@id\":\"https:\\\/\\\/www.cuballama.com\\\/noticias\\\/migrantes-cubanos-expulsados-de-grecia-denuncian-maltratos-por-parte-de-las-autoridades\\\/#breadcrumb\"},\"inLanguage\":\"es\",\"potentialAction\":[{\"@type\":\"ReadAction\",\"target\":[\"https:\\\/\\\/www.cuballama.com\\\/noticias\\\/migrantes-cubanos-expulsados-de-grecia-denuncian-maltratos-por-parte-de-las-autoridades\\\/\"]}]},{\"@type\":\"ImageObject\",\"inLanguage\":\"es\",\"@id\":\"https:\\\/\\\/www.cuballama.com\\\/noticias\\\/migrantes-cubanos-expulsados-de-grecia-denuncian-maltratos-por-parte-de-las-autoridades\\\/#primaryimage\",\"url\":\"https:\\\/\\\/cdn1.mediawpaccore.net\\\/wp-content\\\/uploads\\\/2022\\\/01\\\/11125705\\\/joel.webp\",\"contentUrl\":\"https:\\\/\\\/cdn1.mediawpaccore.net\\\/wp-content\\\/uploads\\\/2022\\\/01\\\/11125705\\\/joel.webp\",\"width\":770,\"height\":513,\"caption\":\"Joel, uno de los cubanos maltratados por las autoridades. Foto Al Jazeera\"},{\"@type\":\"BreadcrumbList\",\"@id\":\"https:\\\/\\\/www.cuballama.com\\\/noticias\\\/migrantes-cubanos-expulsados-de-grecia-denuncian-maltratos-por-parte-de-las-autoridades\\\/#breadcrumb\",\"itemListElement\":[{\"@type\":\"ListItem\",\"position\":1,\"name\":\"Home\",\"item\":\"https:\\\/\\\/www.cuballama.com\\\/noticias\\\/\"},{\"@type\":\"ListItem\",\"position\":2,\"name\":\"Migrantes cubanos expulsados de Grecia denuncian maltratos por parte de las autoridades\"}]},{\"@type\":\"WebSite\",\"@id\":\"https:\\\/\\\/www.cuballama.com\\\/noticias\\\/#website\",\"url\":\"https:\\\/\\\/www.cuballama.com\\\/noticias\\\/\",\"name\":\"Cuballama Noticias\",\"description\":\"Medio digital sobre Cuba y el mundo\",\"publisher\":{\"@id\":\"https:\\\/\\\/www.cuballama.com\\\/noticias\\\/#organization\"},\"potentialAction\":[{\"@type\":\"SearchAction\",\"target\":{\"@type\":\"EntryPoint\",\"urlTemplate\":\"https:\\\/\\\/www.cuballama.com\\\/noticias\\\/?s={search_term_string}\"},\"query-input\":{\"@type\":\"PropertyValueSpecification\",\"valueRequired\":true,\"valueName\":\"search_term_string\"}}],\"inLanguage\":\"es\"},{\"@type\":\"Organization\",\"@id\":\"https:\\\/\\\/www.cuballama.com\\\/noticias\\\/#organization\",\"name\":\"Cuballama\",\"url\":\"https:\\\/\\\/www.cuballama.com\\\/noticias\\\/\",\"logo\":{\"@type\":\"ImageObject\",\"inLanguage\":\"es\",\"@id\":\"https:\\\/\\\/www.cuballama.com\\\/noticias\\\/#\\\/schema\\\/logo\\\/image\\\/\",\"url\":\"https:\\\/\\\/cdn1.mediawpaccore.net\\\/wp-content\\\/uploads\\\/2021\\\/12\\\/28171206\\\/cbll-logo-color-sm.png\",\"contentUrl\":\"https:\\\/\\\/cdn1.mediawpaccore.net\\\/wp-content\\\/uploads\\\/2021\\\/12\\\/28171206\\\/cbll-logo-color-sm.png\",\"width\":600,\"height\":133,\"caption\":\"Cuballama\"},\"image\":{\"@id\":\"https:\\\/\\\/www.cuballama.com\\\/noticias\\\/#\\\/schema\\\/logo\\\/image\\\/\"},\"sameAs\":[\"https:\\\/\\\/www.facebook.com\\\/CubaLlama\",\"https:\\\/\\\/x.com\\\/cuballama\",\"https:\\\/\\\/www.instagram.com\\\/stories\\\/cuballama_oficial\\\/\",\"https:\\\/\\\/www.youtube.com\\\/channel\\\/UCKkFE-d_axENGZcrc4as0IA\"]},{\"@type\":\"Person\",\"@id\":\"https:\\\/\\\/www.cuballama.com\\\/noticias\\\/#\\\/schema\\\/person\\\/f102d7591288049f09742b8a66c0a0e7\",\"name\":\"Luis\",\"url\":\"https:\\\/\\\/www.cuballama.com\\\/noticias\\\/author\\\/luis\\\/\"}]}<\/script>\n<!-- \/ Yoast SEO plugin. -->","yoast_head_json":{"title":"Migrantes cubanos expulsados de Grecia denuncian maltratos","description":"Grecia expuls\u00f3 por la fuerza al menos 30 cubanos que esperaban solicitar asilo pol\u00edtico en Europa a finales del a\u00f1o pasado","robots":{"index":"index","follow":"follow","max-snippet":"max-snippet:-1","max-image-preview":"max-image-preview:large","max-video-preview":"max-video-preview:-1"},"canonical":"https:\/\/www.cuballama.com\/noticias\/migrantes-cubanos-expulsados-de-grecia-denuncian-maltratos-por-parte-de-las-autoridades\/","og_locale":"es_ES","og_type":"article","og_title":"Migrantes cubanos expulsados de Grecia denuncian maltratos","og_description":"Grecia expuls\u00f3 por la fuerza al menos 30 cubanos que esperaban solicitar asilo pol\u00edtico en Europa a finales del a\u00f1o pasado","og_url":"https:\/\/www.cuballama.com\/noticias\/migrantes-cubanos-expulsados-de-grecia-denuncian-maltratos-por-parte-de-las-autoridades\/","og_site_name":"Cuballama Noticias","article_publisher":"https:\/\/www.facebook.com\/CubaLlama","article_published_time":"2022-01-11T18:01:56+00:00","article_modified_time":"2022-01-11T18:02:00+00:00","og_image":[{"width":770,"height":513,"url":"https:\/\/www.cuballama.com\/noticias\/wp-content\/uploads\/2022\/01\/joel.webp","type":"image\/webp"}],"author":"Luis","twitter_card":"summary_large_image","twitter_creator":"@cuballama","twitter_site":"@cuballama","twitter_misc":{"Escrito por":"Luis","Tiempo de lectura":"3 minutos"},"schema":{"@context":"https:\/\/schema.org","@graph":[{"@type":"Article","@id":"https:\/\/www.cuballama.com\/noticias\/migrantes-cubanos-expulsados-de-grecia-denuncian-maltratos-por-parte-de-las-autoridades\/#article","isPartOf":{"@id":"https:\/\/www.cuballama.com\/noticias\/migrantes-cubanos-expulsados-de-grecia-denuncian-maltratos-por-parte-de-las-autoridades\/"},"author":{"name":"Luis","@id":"https:\/\/www.cuballama.com\/noticias\/#\/schema\/person\/f102d7591288049f09742b8a66c0a0e7"},"headline":"Migrantes cubanos expulsados de Grecia denuncian maltratos por parte de las autoridades","datePublished":"2022-01-11T18:01:56+00:00","dateModified":"2022-01-11T18:02:00+00:00","mainEntityOfPage":{"@id":"https:\/\/www.cuballama.com\/noticias\/migrantes-cubanos-expulsados-de-grecia-denuncian-maltratos-por-parte-de-las-autoridades\/"},"wordCount":673,"publisher":{"@id":"https:\/\/www.cuballama.com\/noticias\/#organization"},"image":{"@id":"https:\/\/www.cuballama.com\/noticias\/migrantes-cubanos-expulsados-de-grecia-denuncian-maltratos-por-parte-de-las-autoridades\/#primaryimage"},"thumbnailUrl":"https:\/\/cdn1.mediawpaccore.net\/wp-content\/uploads\/2022\/01\/11125705\/joel.webp","keywords":["cubanos","destacado","Migrantes cubanos","migrantes cubanos en Grecia"],"articleSection":["Noticias","Noticias de Cuba","Noticias Internacionales"],"inLanguage":"es"},{"@type":"WebPage","@id":"https:\/\/www.cuballama.com\/noticias\/migrantes-cubanos-expulsados-de-grecia-denuncian-maltratos-por-parte-de-las-autoridades\/","url":"https:\/\/www.cuballama.com\/noticias\/migrantes-cubanos-expulsados-de-grecia-denuncian-maltratos-por-parte-de-las-autoridades\/","name":"Migrantes cubanos expulsados de Grecia denuncian maltratos","isPartOf":{"@id":"https:\/\/www.cuballama.com\/noticias\/#website"},"primaryImageOfPage":{"@id":"https:\/\/www.cuballama.com\/noticias\/migrantes-cubanos-expulsados-de-grecia-denuncian-maltratos-por-parte-de-las-autoridades\/#primaryimage"},"image":{"@id":"https:\/\/www.cuballama.com\/noticias\/migrantes-cubanos-expulsados-de-grecia-denuncian-maltratos-por-parte-de-las-autoridades\/#primaryimage"},"thumbnailUrl":"https:\/\/cdn1.mediawpaccore.net\/wp-content\/uploads\/2022\/01\/11125705\/joel.webp","datePublished":"2022-01-11T18:01:56+00:00","dateModified":"2022-01-11T18:02:00+00:00","description":"Grecia expuls\u00f3 por la fuerza al menos 30 cubanos que esperaban solicitar asilo pol\u00edtico en Europa a finales del a\u00f1o pasado","breadcrumb":{"@id":"https:\/\/www.cuballama.com\/noticias\/migrantes-cubanos-expulsados-de-grecia-denuncian-maltratos-por-parte-de-las-autoridades\/#breadcrumb"},"inLanguage":"es","potentialAction":[{"@type":"ReadAction","target":["https:\/\/www.cuballama.com\/noticias\/migrantes-cubanos-expulsados-de-grecia-denuncian-maltratos-por-parte-de-las-autoridades\/"]}]},{"@type":"ImageObject","inLanguage":"es","@id":"https:\/\/www.cuballama.com\/noticias\/migrantes-cubanos-expulsados-de-grecia-denuncian-maltratos-por-parte-de-las-autoridades\/#primaryimage","url":"https:\/\/cdn1.mediawpaccore.net\/wp-content\/uploads\/2022\/01\/11125705\/joel.webp","contentUrl":"https:\/\/cdn1.mediawpaccore.net\/wp-content\/uploads\/2022\/01\/11125705\/joel.webp","width":770,"height":513,"caption":"Joel, uno de los cubanos maltratados por las autoridades. Foto Al Jazeera"},{"@type":"BreadcrumbList","@id":"https:\/\/www.cuballama.com\/noticias\/migrantes-cubanos-expulsados-de-grecia-denuncian-maltratos-por-parte-de-las-autoridades\/#breadcrumb","itemListElement":[{"@type":"ListItem","position":1,"name":"Home","item":"https:\/\/www.cuballama.com\/noticias\/"},{"@type":"ListItem","position":2,"name":"Migrantes cubanos expulsados de Grecia denuncian maltratos por parte de las autoridades"}]},{"@type":"WebSite","@id":"https:\/\/www.cuballama.com\/noticias\/#website","url":"https:\/\/www.cuballama.com\/noticias\/","name":"Cuballama Noticias","description":"Medio digital sobre Cuba y el mundo","publisher":{"@id":"https:\/\/www.cuballama.com\/noticias\/#organization"},"potentialAction":[{"@type":"SearchAction","target":{"@type":"EntryPoint","urlTemplate":"https:\/\/www.cuballama.com\/noticias\/?s={search_term_string}"},"query-input":{"@type":"PropertyValueSpecification","valueRequired":true,"valueName":"search_term_string"}}],"inLanguage":"es"},{"@type":"Organization","@id":"https:\/\/www.cuballama.com\/noticias\/#organization","name":"Cuballama","url":"https:\/\/www.cuballama.com\/noticias\/","logo":{"@type":"ImageObject","inLanguage":"es","@id":"https:\/\/www.cuballama.com\/noticias\/#\/schema\/logo\/image\/","url":"https:\/\/cdn1.mediawpaccore.net\/wp-content\/uploads\/2021\/12\/28171206\/cbll-logo-color-sm.png","contentUrl":"https:\/\/cdn1.mediawpaccore.net\/wp-content\/uploads\/2021\/12\/28171206\/cbll-logo-color-sm.png","width":600,"height":133,"caption":"Cuballama"},"image":{"@id":"https:\/\/www.cuballama.com\/noticias\/#\/schema\/logo\/image\/"},"sameAs":["https:\/\/www.facebook.com\/CubaLlama","https:\/\/x.com\/cuballama","https:\/\/www.instagram.com\/stories\/cuballama_oficial\/","https:\/\/www.youtube.com\/channel\/UCKkFE-d_axENGZcrc4as0IA"]},{"@type":"Person","@id":"https:\/\/www.cuballama.com\/noticias\/#\/schema\/person\/f102d7591288049f09742b8a66c0a0e7","name":"Luis","url":"https:\/\/www.cuballama.com\/noticias\/author\/luis\/"}]}},"_links":{"self":[{"href":"https:\/\/www.cuballama.com\/noticias\/wp-json\/wp\/v2\/posts\/84830","targetHints":{"allow":["GET"]}}],"collection":[{"href":"https:\/\/www.cuballama.com\/noticias\/wp-json\/wp\/v2\/posts"}],"about":[{"href":"https:\/\/www.cuballama.com\/noticias\/wp-json\/wp\/v2\/types\/post"}],"author":[{"embeddable":true,"href":"https:\/\/www.cuballama.com\/noticias\/wp-json\/wp\/v2\/users\/25"}],"replies":[{"embeddable":true,"href":"https:\/\/www.cuballama.com\/noticias\/wp-json\/wp\/v2\/comments?post=84830"}],"version-history":[{"count":3,"href":"https:\/\/www.cuballama.com\/noticias\/wp-json\/wp\/v2\/posts\/84830\/revisions"}],"predecessor-version":[{"id":84839,"href":"https:\/\/www.cuballama.com\/noticias\/wp-json\/wp\/v2\/posts\/84830\/revisions\/84839"}],"wp:featuredmedia":[{"embeddable":true,"href":"https:\/\/www.cuballama.com\/noticias\/wp-json\/wp\/v2\/media\/84838"}],"wp:attachment":[{"href":"https:\/\/www.cuballama.com\/noticias\/wp-json\/wp\/v2\/media?parent=84830"}],"wp:term":[{"taxonomy":"category","embeddable":true,"href":"https:\/\/www.cuballama.com\/noticias\/wp-json\/wp\/v2\/categories?post=84830"},{"taxonomy":"post_tag","embeddable":true,"href":"https:\/\/www.cuballama.com\/noticias\/wp-json\/wp\/v2\/tags?post=84830"}],"curies":[{"name":"wp","href":"https:\/\/api.w.org\/{rel}","templated":true}]}}