{"id":84697,"date":"2022-01-10T09:20:36","date_gmt":"2022-01-10T14:20:36","guid":{"rendered":"https:\/\/www.cuballama.com\/noticias\/?p=84697"},"modified":"2022-01-10T09:20:40","modified_gmt":"2022-01-10T14:20:40","slug":"prisioners-defenders-crimenes-de-lesa-humanidad-juicios-por-el-11j","status":"publish","type":"post","link":"https:\/\/www.cuballama.com\/noticias\/prisioners-defenders-crimenes-de-lesa-humanidad-juicios-por-el-11j\/","title":{"rendered":"Prisioners Defenders:  cr\u00edmenes de lesa humanidad juicios por el 11J"},"content":{"rendered":"\n<p>La prisi\u00f3n arbitraria de miles de personas por motivos de conciencia es un crimen de lesa humanidad. Los juicios que est\u00e1n teniendo lugar son la consumaci\u00f3n de cr\u00edmenes de lesa humanidad en Cuba. Medio de prensa y diplom\u00e1ticos deben cubrir los juicios\u201d, declar\u00f3 la organizaci\u00f3n Prisioners Defenders en su cuenta de Twitter, sum\u00e1ndose a la campa\u00f1a identificada con el hashtag #EFECubreLosJuicios, que solicita la supervisi\u00f3n internacional en estos procesos de corte sumario que est\u00e1n condenando a penas de d\u00e9cadas a participantes en las protestas del 11J a modo de escarmiento.<\/p>\n\n\n\n<p>La organizaci\u00f3n ha identificado y publicado una lista de <a href=\"https:\/\/www.cuballama.com\/noticias\/juicios-politicos-ensombrecen-panorama-en-cuba\/\" target=\"_blank\" rel=\"noreferrer noopener\">955 presos pol\u00edticos cubanos<\/a> en c\u00e1rceles de la Isla, de los cuales hasta su \u00faltima actualizaci\u00f3n, permanec\u00edan 842 tras las rejas. 700 de los casos registrados est\u00e1n relacionados con las protestas del 11J y la marcha convocada para el 15N. 26 son menores de edad. Prisioners Defenders considera estos datos \u201cuna fracci\u00f3n, entre el 40% y el 50% de las cifras reales, cuya verificaci\u00f3n total es simplemente inalcanzable por organizaci\u00f3n alguna\u201d.<\/p>\n\n\n\n<p>El tuit de la ONG tuvo una amplia respuesta solidaria de muchos usuarios, como el sacerdote cat\u00f3lico Keny Fern\u00e1ndez, p\u00e1rroco de la comunidad de Aguacate, en la provincia de Mayabeque, quien tuite\u00f3 a su vez: \u201cYo tambi\u00e9n me sumo. Tengo derecho a pedir ayuda. Sobre todo a pedir oraci\u00f3n y cercan\u00eda al pr\u00f3jimo en la persona de los presos pol\u00edticos, especialmente en estos d\u00edas de juicio a partir del lunes 10 de enero\u201d, afirm\u00f3.<\/p>\n\n\n\n<p>\u201cJuicios ama\u00f1ados en Cuba donde NO hay separaci\u00f3n de poderes. La dictadura fabrica casos y los jueces dictan sentencia\u201d, refiri\u00f3 otro usuario, en tanto otro calific\u00f3 de prevaricaci\u00f3n a los jueces que presiden estos procesos. <\/p>\n\n\n\n<p>Este delito consiste en que una autoridad, juez u otra clase de servidor p\u00fablico dicta una resoluci\u00f3n arbitraria en asuntos administrativos o judiciales con pleno conocimiento de que es injusta, incurriendo adem\u00e1s en un abuso de autoridad.<\/p>\n\n\n\n<p><\/p>\n","protected":false},"excerpt":{"rendered":"<p>La prisi\u00f3n arbitraria de miles de personas por motivos de conciencia es un crimen de lesa humanidad. Los juicios que est\u00e1n teniendo lugar son la consumaci\u00f3n de cr\u00edmenes de lesa humanidad en Cuba. Medio de prensa y diplom\u00e1ticos deben cubrir los juicios\u201d, declar\u00f3 la organizaci\u00f3n Prisioners Defenders en su cuenta de Twitter, sum\u00e1ndose a la [&hellip;]<\/p>\n","protected":false},"author":24,"featured_media":0,"comment_status":"closed","ping_status":"closed","sticky":false,"template":"","format":"standard","meta":{"_acf_changed":false,"footnotes":""},"categories":[18,955],"tags":[11332,941,11318,9986],"class_list":{"0":"post-84697","1":"post","2":"type-post","3":"status-publish","4":"format-standard","6":"category-noticias","7":"category-noticias-de-cuba","8":"tag-11j","9":"tag-destacado","10":"tag-juicios-en-cuba","11":"tag-protestas-en-cuba"},"acf":[],"yoast_head":"<!-- This site is optimized with the Yoast SEO plugin v27.5 - https:\/\/yoast.com\/product\/yoast-seo-wordpress\/ -->\n<title>Prisioners Defenders: cr\u00edmenes de lesa humanidad juicios por el 11J<\/title>\n<meta name=\"description\" content=\"La organizaci\u00f3n ha identificado y publicado una lista de 955 presos pol\u00edticos cubanos en c\u00e1rceles de la Isla.\" \/>\n<meta name=\"robots\" content=\"index, follow, max-snippet:-1, max-image-preview:large, max-video-preview:-1\" \/>\n<link rel=\"canonical\" href=\"https:\/\/www.cuballama.com\/noticias\/prisioners-defenders-crimenes-de-lesa-humanidad-juicios-por-el-11j\/\" \/>\n<meta property=\"og:locale\" content=\"es_ES\" \/>\n<meta property=\"og:type\" content=\"article\" \/>\n<meta property=\"og:title\" content=\"Prisioners Defenders: cr\u00edmenes de lesa humanidad juicios por el 11J\" \/>\n<meta property=\"og:description\" content=\"La organizaci\u00f3n ha identificado y publicado una lista de 955 presos pol\u00edticos cubanos en c\u00e1rceles de la Isla.\" \/>\n<meta property=\"og:url\" content=\"https:\/\/www.cuballama.com\/noticias\/prisioners-defenders-crimenes-de-lesa-humanidad-juicios-por-el-11j\/\" \/>\n<meta property=\"og:site_name\" content=\"Cuballama Noticias\" \/>\n<meta property=\"article:publisher\" content=\"https:\/\/www.facebook.com\/CubaLlama\" \/>\n<meta property=\"article:published_time\" content=\"2022-01-10T14:20:36+00:00\" \/>\n<meta property=\"article:modified_time\" content=\"2022-01-10T14:20:40+00:00\" \/>\n<meta property=\"og:image\" content=\"https:\/\/www.cuballama.com\/noticias\/wp-content\/uploads\/2021\/12\/GettyImages-1233931519.jpg\" \/>\n\t<meta property=\"og:image:width\" content=\"1024\" \/>\n\t<meta property=\"og:image:height\" content=\"700\" \/>\n\t<meta property=\"og:image:type\" content=\"image\/jpeg\" \/>\n<meta name=\"author\" content=\"Manu\" \/>\n<meta name=\"twitter:card\" content=\"summary_large_image\" \/>\n<meta name=\"twitter:creator\" content=\"@cuballama\" \/>\n<meta name=\"twitter:site\" content=\"@cuballama\" \/>\n<meta name=\"twitter:label1\" content=\"Escrito por\" \/>\n\t<meta name=\"twitter:data1\" content=\"Manu\" \/>\n\t<meta name=\"twitter:label2\" content=\"Tiempo de lectura\" \/>\n\t<meta name=\"twitter:data2\" content=\"2 minutos\" \/>\n<script type=\"application\/ld+json\" class=\"yoast-schema-graph\">{\"@context\":\"https:\\\/\\\/schema.org\",\"@graph\":[{\"@type\":\"Article\",\"@id\":\"https:\\\/\\\/www.cuballama.com\\\/noticias\\\/prisioners-defenders-crimenes-de-lesa-humanidad-juicios-por-el-11j\\\/#article\",\"isPartOf\":{\"@id\":\"https:\\\/\\\/www.cuballama.com\\\/noticias\\\/prisioners-defenders-crimenes-de-lesa-humanidad-juicios-por-el-11j\\\/\"},\"author\":{\"name\":\"Manu\",\"@id\":\"https:\\\/\\\/www.cuballama.com\\\/noticias\\\/#\\\/schema\\\/person\\\/5889f7d070564f8386e7944d14d436cd\"},\"headline\":\"Prisioners Defenders: cr\u00edmenes de lesa humanidad juicios por el 11J\",\"datePublished\":\"2022-01-10T14:20:36+00:00\",\"dateModified\":\"2022-01-10T14:20:40+00:00\",\"mainEntityOfPage\":{\"@id\":\"https:\\\/\\\/www.cuballama.com\\\/noticias\\\/prisioners-defenders-crimenes-de-lesa-humanidad-juicios-por-el-11j\\\/\"},\"wordCount\":355,\"publisher\":{\"@id\":\"https:\\\/\\\/www.cuballama.com\\\/noticias\\\/#organization\"},\"keywords\":[\"11J\",\"destacado\",\"juicios en Cuba\",\"protestas en Cuba\"],\"articleSection\":[\"Noticias\",\"Noticias de Cuba\"],\"inLanguage\":\"es\"},{\"@type\":\"WebPage\",\"@id\":\"https:\\\/\\\/www.cuballama.com\\\/noticias\\\/prisioners-defenders-crimenes-de-lesa-humanidad-juicios-por-el-11j\\\/\",\"url\":\"https:\\\/\\\/www.cuballama.com\\\/noticias\\\/prisioners-defenders-crimenes-de-lesa-humanidad-juicios-por-el-11j\\\/\",\"name\":\"Prisioners Defenders: cr\u00edmenes de lesa humanidad juicios por el 11J\",\"isPartOf\":{\"@id\":\"https:\\\/\\\/www.cuballama.com\\\/noticias\\\/#website\"},\"datePublished\":\"2022-01-10T14:20:36+00:00\",\"dateModified\":\"2022-01-10T14:20:40+00:00\",\"description\":\"La organizaci\u00f3n ha identificado y publicado una lista de 955 presos pol\u00edticos cubanos en c\u00e1rceles de la Isla.\",\"breadcrumb\":{\"@id\":\"https:\\\/\\\/www.cuballama.com\\\/noticias\\\/prisioners-defenders-crimenes-de-lesa-humanidad-juicios-por-el-11j\\\/#breadcrumb\"},\"inLanguage\":\"es\",\"potentialAction\":[{\"@type\":\"ReadAction\",\"target\":[\"https:\\\/\\\/www.cuballama.com\\\/noticias\\\/prisioners-defenders-crimenes-de-lesa-humanidad-juicios-por-el-11j\\\/\"]}]},{\"@type\":\"BreadcrumbList\",\"@id\":\"https:\\\/\\\/www.cuballama.com\\\/noticias\\\/prisioners-defenders-crimenes-de-lesa-humanidad-juicios-por-el-11j\\\/#breadcrumb\",\"itemListElement\":[{\"@type\":\"ListItem\",\"position\":1,\"name\":\"Home\",\"item\":\"https:\\\/\\\/www.cuballama.com\\\/noticias\\\/\"},{\"@type\":\"ListItem\",\"position\":2,\"name\":\"Prisioners Defenders: cr\u00edmenes de lesa humanidad juicios por el 11J\"}]},{\"@type\":\"WebSite\",\"@id\":\"https:\\\/\\\/www.cuballama.com\\\/noticias\\\/#website\",\"url\":\"https:\\\/\\\/www.cuballama.com\\\/noticias\\\/\",\"name\":\"Cuballama Noticias\",\"description\":\"Medio digital sobre Cuba y el mundo\",\"publisher\":{\"@id\":\"https:\\\/\\\/www.cuballama.com\\\/noticias\\\/#organization\"},\"potentialAction\":[{\"@type\":\"SearchAction\",\"target\":{\"@type\":\"EntryPoint\",\"urlTemplate\":\"https:\\\/\\\/www.cuballama.com\\\/noticias\\\/?s={search_term_string}\"},\"query-input\":{\"@type\":\"PropertyValueSpecification\",\"valueRequired\":true,\"valueName\":\"search_term_string\"}}],\"inLanguage\":\"es\"},{\"@type\":\"Organization\",\"@id\":\"https:\\\/\\\/www.cuballama.com\\\/noticias\\\/#organization\",\"name\":\"Cuballama\",\"url\":\"https:\\\/\\\/www.cuballama.com\\\/noticias\\\/\",\"logo\":{\"@type\":\"ImageObject\",\"inLanguage\":\"es\",\"@id\":\"https:\\\/\\\/www.cuballama.com\\\/noticias\\\/#\\\/schema\\\/logo\\\/image\\\/\",\"url\":\"https:\\\/\\\/cdn1.mediawpaccore.net\\\/wp-content\\\/uploads\\\/2021\\\/12\\\/28171206\\\/cbll-logo-color-sm.png\",\"contentUrl\":\"https:\\\/\\\/cdn1.mediawpaccore.net\\\/wp-content\\\/uploads\\\/2021\\\/12\\\/28171206\\\/cbll-logo-color-sm.png\",\"width\":600,\"height\":133,\"caption\":\"Cuballama\"},\"image\":{\"@id\":\"https:\\\/\\\/www.cuballama.com\\\/noticias\\\/#\\\/schema\\\/logo\\\/image\\\/\"},\"sameAs\":[\"https:\\\/\\\/www.facebook.com\\\/CubaLlama\",\"https:\\\/\\\/x.com\\\/cuballama\",\"https:\\\/\\\/www.instagram.com\\\/stories\\\/cuballama_oficial\\\/\",\"https:\\\/\\\/www.youtube.com\\\/channel\\\/UCKkFE-d_axENGZcrc4as0IA\"]},{\"@type\":\"Person\",\"@id\":\"https:\\\/\\\/www.cuballama.com\\\/noticias\\\/#\\\/schema\\\/person\\\/5889f7d070564f8386e7944d14d436cd\",\"name\":\"Manu\",\"url\":\"https:\\\/\\\/www.cuballama.com\\\/noticias\\\/author\\\/manu\\\/\"}]}<\/script>\n<!-- \/ Yoast SEO plugin. -->","yoast_head_json":{"title":"Prisioners Defenders: cr\u00edmenes de lesa humanidad juicios por el 11J","description":"La organizaci\u00f3n ha identificado y publicado una lista de 955 presos pol\u00edticos cubanos en c\u00e1rceles de la Isla.","robots":{"index":"index","follow":"follow","max-snippet":"max-snippet:-1","max-image-preview":"max-image-preview:large","max-video-preview":"max-video-preview:-1"},"canonical":"https:\/\/www.cuballama.com\/noticias\/prisioners-defenders-crimenes-de-lesa-humanidad-juicios-por-el-11j\/","og_locale":"es_ES","og_type":"article","og_title":"Prisioners Defenders: cr\u00edmenes de lesa humanidad juicios por el 11J","og_description":"La organizaci\u00f3n ha identificado y publicado una lista de 955 presos pol\u00edticos cubanos en c\u00e1rceles de la Isla.","og_url":"https:\/\/www.cuballama.com\/noticias\/prisioners-defenders-crimenes-de-lesa-humanidad-juicios-por-el-11j\/","og_site_name":"Cuballama Noticias","article_publisher":"https:\/\/www.facebook.com\/CubaLlama","article_published_time":"2022-01-10T14:20:36+00:00","article_modified_time":"2022-01-10T14:20:40+00:00","og_image":[{"width":1024,"height":700,"url":"https:\/\/www.cuballama.com\/noticias\/wp-content\/uploads\/2021\/12\/GettyImages-1233931519.jpg","type":"image\/jpeg"}],"author":"Manu","twitter_card":"summary_large_image","twitter_creator":"@cuballama","twitter_site":"@cuballama","twitter_misc":{"Escrito por":"Manu","Tiempo de lectura":"2 minutos"},"schema":{"@context":"https:\/\/schema.org","@graph":[{"@type":"Article","@id":"https:\/\/www.cuballama.com\/noticias\/prisioners-defenders-crimenes-de-lesa-humanidad-juicios-por-el-11j\/#article","isPartOf":{"@id":"https:\/\/www.cuballama.com\/noticias\/prisioners-defenders-crimenes-de-lesa-humanidad-juicios-por-el-11j\/"},"author":{"name":"Manu","@id":"https:\/\/www.cuballama.com\/noticias\/#\/schema\/person\/5889f7d070564f8386e7944d14d436cd"},"headline":"Prisioners Defenders: cr\u00edmenes de lesa humanidad juicios por el 11J","datePublished":"2022-01-10T14:20:36+00:00","dateModified":"2022-01-10T14:20:40+00:00","mainEntityOfPage":{"@id":"https:\/\/www.cuballama.com\/noticias\/prisioners-defenders-crimenes-de-lesa-humanidad-juicios-por-el-11j\/"},"wordCount":355,"publisher":{"@id":"https:\/\/www.cuballama.com\/noticias\/#organization"},"keywords":["11J","destacado","juicios en Cuba","protestas en Cuba"],"articleSection":["Noticias","Noticias de Cuba"],"inLanguage":"es"},{"@type":"WebPage","@id":"https:\/\/www.cuballama.com\/noticias\/prisioners-defenders-crimenes-de-lesa-humanidad-juicios-por-el-11j\/","url":"https:\/\/www.cuballama.com\/noticias\/prisioners-defenders-crimenes-de-lesa-humanidad-juicios-por-el-11j\/","name":"Prisioners Defenders: cr\u00edmenes de lesa humanidad juicios por el 11J","isPartOf":{"@id":"https:\/\/www.cuballama.com\/noticias\/#website"},"datePublished":"2022-01-10T14:20:36+00:00","dateModified":"2022-01-10T14:20:40+00:00","description":"La organizaci\u00f3n ha identificado y publicado una lista de 955 presos pol\u00edticos cubanos en c\u00e1rceles de la Isla.","breadcrumb":{"@id":"https:\/\/www.cuballama.com\/noticias\/prisioners-defenders-crimenes-de-lesa-humanidad-juicios-por-el-11j\/#breadcrumb"},"inLanguage":"es","potentialAction":[{"@type":"ReadAction","target":["https:\/\/www.cuballama.com\/noticias\/prisioners-defenders-crimenes-de-lesa-humanidad-juicios-por-el-11j\/"]}]},{"@type":"BreadcrumbList","@id":"https:\/\/www.cuballama.com\/noticias\/prisioners-defenders-crimenes-de-lesa-humanidad-juicios-por-el-11j\/#breadcrumb","itemListElement":[{"@type":"ListItem","position":1,"name":"Home","item":"https:\/\/www.cuballama.com\/noticias\/"},{"@type":"ListItem","position":2,"name":"Prisioners Defenders: cr\u00edmenes de lesa humanidad juicios por el 11J"}]},{"@type":"WebSite","@id":"https:\/\/www.cuballama.com\/noticias\/#website","url":"https:\/\/www.cuballama.com\/noticias\/","name":"Cuballama Noticias","description":"Medio digital sobre Cuba y el mundo","publisher":{"@id":"https:\/\/www.cuballama.com\/noticias\/#organization"},"potentialAction":[{"@type":"SearchAction","target":{"@type":"EntryPoint","urlTemplate":"https:\/\/www.cuballama.com\/noticias\/?s={search_term_string}"},"query-input":{"@type":"PropertyValueSpecification","valueRequired":true,"valueName":"search_term_string"}}],"inLanguage":"es"},{"@type":"Organization","@id":"https:\/\/www.cuballama.com\/noticias\/#organization","name":"Cuballama","url":"https:\/\/www.cuballama.com\/noticias\/","logo":{"@type":"ImageObject","inLanguage":"es","@id":"https:\/\/www.cuballama.com\/noticias\/#\/schema\/logo\/image\/","url":"https:\/\/cdn1.mediawpaccore.net\/wp-content\/uploads\/2021\/12\/28171206\/cbll-logo-color-sm.png","contentUrl":"https:\/\/cdn1.mediawpaccore.net\/wp-content\/uploads\/2021\/12\/28171206\/cbll-logo-color-sm.png","width":600,"height":133,"caption":"Cuballama"},"image":{"@id":"https:\/\/www.cuballama.com\/noticias\/#\/schema\/logo\/image\/"},"sameAs":["https:\/\/www.facebook.com\/CubaLlama","https:\/\/x.com\/cuballama","https:\/\/www.instagram.com\/stories\/cuballama_oficial\/","https:\/\/www.youtube.com\/channel\/UCKkFE-d_axENGZcrc4as0IA"]},{"@type":"Person","@id":"https:\/\/www.cuballama.com\/noticias\/#\/schema\/person\/5889f7d070564f8386e7944d14d436cd","name":"Manu","url":"https:\/\/www.cuballama.com\/noticias\/author\/manu\/"}]}},"_links":{"self":[{"href":"https:\/\/www.cuballama.com\/noticias\/wp-json\/wp\/v2\/posts\/84697","targetHints":{"allow":["GET"]}}],"collection":[{"href":"https:\/\/www.cuballama.com\/noticias\/wp-json\/wp\/v2\/posts"}],"about":[{"href":"https:\/\/www.cuballama.com\/noticias\/wp-json\/wp\/v2\/types\/post"}],"author":[{"embeddable":true,"href":"https:\/\/www.cuballama.com\/noticias\/wp-json\/wp\/v2\/users\/24"}],"replies":[{"embeddable":true,"href":"https:\/\/www.cuballama.com\/noticias\/wp-json\/wp\/v2\/comments?post=84697"}],"version-history":[{"count":1,"href":"https:\/\/www.cuballama.com\/noticias\/wp-json\/wp\/v2\/posts\/84697\/revisions"}],"predecessor-version":[{"id":84699,"href":"https:\/\/www.cuballama.com\/noticias\/wp-json\/wp\/v2\/posts\/84697\/revisions\/84699"}],"wp:attachment":[{"href":"https:\/\/www.cuballama.com\/noticias\/wp-json\/wp\/v2\/media?parent=84697"}],"wp:term":[{"taxonomy":"category","embeddable":true,"href":"https:\/\/www.cuballama.com\/noticias\/wp-json\/wp\/v2\/categories?post=84697"},{"taxonomy":"post_tag","embeddable":true,"href":"https:\/\/www.cuballama.com\/noticias\/wp-json\/wp\/v2\/tags?post=84697"}],"curies":[{"name":"wp","href":"https:\/\/api.w.org\/{rel}","templated":true}]}}