{"id":84113,"date":"2021-12-31T08:30:00","date_gmt":"2021-12-31T13:30:00","guid":{"rendered":"https:\/\/www.cuballama.com\/noticias\/?p=84113"},"modified":"2021-12-30T22:43:37","modified_gmt":"2021-12-31T03:43:37","slug":"detectan-brote-de-la-mortal-enfermedad-hemorragica-viral-del-conejo-en-pinar-del-rio","status":"publish","type":"post","link":"https:\/\/www.cuballama.com\/noticias\/detectan-brote-de-la-mortal-enfermedad-hemorragica-viral-del-conejo-en-pinar-del-rio\/","title":{"rendered":"Detectan brote de la mortal Enfermedad Hemorr\u00e1gica Viral del Conejo en Pinar del R\u00edo"},"content":{"rendered":"\n<p><\/p>\n\n\n\n<p>Alrededor de mil conejos fueron sacrificados en el municipio Consolaci\u00f3n del Sur, en Pinar del R\u00edo, tras detectarse un brote de la Enfermedad Hemorr\u00e1gica Viral del Conejo (EHVC), que afecta a los animales de esa especie, informaron medios locales.<\/p>\n\n\n\n<p>El virus, altamente contagioso, provoca fiebre alta, hemorragia interna, sangrado por los orificios nasales y la muerte a los conejos, que manifiestan un cambio de conducta, falta de coordinaci\u00f3n, lagrimeo y chillidos.<\/p>\n\n\n\n<p>El jefe del departamento municipal de Sanidad Animal, Yorlandy P\u00e9rez,&nbsp; declar\u00f3 al <a href=\"http:\/\/www.guerrillero.cu\/alertan-sobre-enfermedad-hemorragica-viral-del-conejo\/\" target=\"_blank\" rel=\"noreferrer noopener nofollow\">peri\u00f3dico Guerrillero<\/a> que esta es la primera vez que se detecta un brote de esa enfermedad en el occidental territorio cubano.<\/p>\n\n\n\n<p>\u201cEste virus es altamente contagioso y actualmente se puede localizar tanto en el sector privado como en el sector estatal. En el caso del primero, est\u00e1n comprometidas las localidades del Crucero de Echevarr\u00eda, La Terminal y Pueblo Nuevo\u201d, explic\u00f3 el directivo.<\/p>\n\n\n\n<p>Asimismo, detall\u00f3 que <a href=\"https:\/\/www.cuballama.com\/noticias\/enfermedad-hemorragica-del-conejo-cuba\/\" target=\"_blank\" rel=\"noreferrer noopener\">el virus <\/a>est\u00e1 presente tambi\u00e9n en tres grandes entidades estatales dedicadas a la cunicultura, como la Empresa Pecuaria Gen\u00e9tica Camilo Cienfuegos, donde fueron sacrificados 650 animales, una perteneciente a las Fuerzas Armadas Revolucionarias, en la que mataron alrededor de 250, y otra vinculada a la Empresa Integral de Tabaco, donde tuvieron que sacrificar otros 95 individuos.<\/p>\n\n\n\n<p>P\u00e9rez advirti\u00f3 que los criadores de conejos \u201cdeben tomar medidas preventivas\u201d ante cualquier sospecha, evitar el hacinamiento en las conejeras, reducir los contactos entre los animales y la manipulaci\u00f3n de agentes externos.<\/p>\n\n\n\n<p>\u201cCuando aparece la enfermedad es vital la notificaci\u00f3n a Sanidad Animal, de manera que r\u00e1pidamente puedan acudir los especialistas y el grupo de diagn\u00f3stico de laboratorio para tomar las muestras pertinentes\u201d, aclar\u00f3 el directivo.<\/p>\n\n\n\n<p>\u201cYa ante la confirmaci\u00f3n de la enfermedad y la mortalidad de los animales es necesario abrir fosos con una profundidad de un metro y medio y proceder al enterramiento junto a los restos de comida\u201d, alert\u00f3.<\/p>\n\n\n\n<p>A inicios de julio de este a\u00f1o, la direcci\u00f3n del Centro Nacional de Sanidad Animal (CENASA) de Cuba report\u00f3 ante la Organizaci\u00f3n Mundial de Sanidad Animal (OIE) una afectaci\u00f3n provocada por la EHVC en provincias del occidente cubano, de acuerdo con un reporte de Cubadebate.<\/p>\n\n\n\n<p>En los primeros d\u00edas de junio se hab\u00eda registrado un aumento de la mortalidad de conejos adultos y de cr\u00edas, por lo que se realizaron los estudios cl\u00ednicos, epidemiol\u00f3gicos y virol\u00f3gicos pertinentes, que confirmaron la presencia de la enfermedad.<\/p>\n\n\n\n<p>Seg\u00fan la fuente, la EHVC apareci\u00f3 por primera vez en Cuba en el a\u00f1o 1993, y desde entonces se han reportado brotes del virus en 1997, 2000, 2004 y 2010.<\/p>\n","protected":false},"excerpt":{"rendered":"<p>Alrededor de mil conejos fueron sacrificados en el municipio Consolaci\u00f3n del Sur, en Pinar del R\u00edo, tras detectarse un brote de la Enfermedad Hemorr\u00e1gica Viral del Conejo (EHVC), que afecta a los animales de esa especie, informaron medios locales. El virus, altamente contagioso, provoca fiebre alta, hemorragia interna, sangrado por los orificios nasales y la [&hellip;]<\/p>\n","protected":false},"author":25,"featured_media":69292,"comment_status":"closed","ping_status":"closed","sticky":false,"template":"","format":"standard","meta":{"_acf_changed":false,"footnotes":""},"categories":[18,955],"tags":[12253,5921,941],"class_list":{"0":"post-84113","1":"post","2":"type-post","3":"status-publish","4":"format-standard","5":"has-post-thumbnail","7":"category-noticias","8":"category-noticias-de-cuba","9":"tag-brote-viral","10":"tag-conejos","11":"tag-destacado"},"acf":[],"yoast_head":"<!-- This site is optimized with the Yoast SEO plugin v27.5 - https:\/\/yoast.com\/product\/yoast-seo-wordpress\/ -->\n<title>Detectan brote de Enfermedad Hemorr\u00e1gica del Conejo en Pinar del R\u00edo<\/title>\n<meta name=\"description\" content=\"Alrededor de mil conejos fueron sacrificados, en Pinar del R\u00edo, tras detectarse un brote de la Enfermedad Hemorr\u00e1gica Viral del Conejo (EHVC)\" \/>\n<meta name=\"robots\" content=\"index, follow, max-snippet:-1, max-image-preview:large, max-video-preview:-1\" \/>\n<link rel=\"canonical\" href=\"https:\/\/www.cuballama.com\/noticias\/detectan-brote-de-la-mortal-enfermedad-hemorragica-viral-del-conejo-en-pinar-del-rio\/\" \/>\n<meta property=\"og:locale\" content=\"es_ES\" \/>\n<meta property=\"og:type\" content=\"article\" \/>\n<meta property=\"og:title\" content=\"Detectan brote de Enfermedad Hemorr\u00e1gica del Conejo en Pinar del R\u00edo\" \/>\n<meta property=\"og:description\" content=\"Alrededor de mil conejos fueron sacrificados, en Pinar del R\u00edo, tras detectarse un brote de la Enfermedad Hemorr\u00e1gica Viral del Conejo (EHVC)\" \/>\n<meta property=\"og:url\" content=\"https:\/\/www.cuballama.com\/noticias\/detectan-brote-de-la-mortal-enfermedad-hemorragica-viral-del-conejo-en-pinar-del-rio\/\" \/>\n<meta property=\"og:site_name\" content=\"Cuballama Noticias\" \/>\n<meta property=\"article:publisher\" content=\"https:\/\/www.facebook.com\/CubaLlama\" \/>\n<meta property=\"article:published_time\" content=\"2021-12-31T13:30:00+00:00\" \/>\n<meta property=\"og:image\" content=\"https:\/\/www.cuballama.com\/noticias\/wp-content\/uploads\/2021\/07\/conejos-domesticos.jpg\" \/>\n\t<meta property=\"og:image:width\" content=\"600\" \/>\n\t<meta property=\"og:image:height\" content=\"375\" \/>\n\t<meta property=\"og:image:type\" content=\"image\/jpeg\" \/>\n<meta name=\"author\" content=\"Luis\" \/>\n<meta name=\"twitter:card\" content=\"summary_large_image\" \/>\n<meta name=\"twitter:creator\" content=\"@cuballama\" \/>\n<meta name=\"twitter:site\" content=\"@cuballama\" \/>\n<meta name=\"twitter:label1\" content=\"Escrito por\" \/>\n\t<meta name=\"twitter:data1\" content=\"Luis\" \/>\n\t<meta name=\"twitter:label2\" content=\"Tiempo de lectura\" \/>\n\t<meta name=\"twitter:data2\" content=\"2 minutos\" \/>\n<script type=\"application\/ld+json\" class=\"yoast-schema-graph\">{\"@context\":\"https:\\\/\\\/schema.org\",\"@graph\":[{\"@type\":\"Article\",\"@id\":\"https:\\\/\\\/www.cuballama.com\\\/noticias\\\/detectan-brote-de-la-mortal-enfermedad-hemorragica-viral-del-conejo-en-pinar-del-rio\\\/#article\",\"isPartOf\":{\"@id\":\"https:\\\/\\\/www.cuballama.com\\\/noticias\\\/detectan-brote-de-la-mortal-enfermedad-hemorragica-viral-del-conejo-en-pinar-del-rio\\\/\"},\"author\":{\"name\":\"Luis\",\"@id\":\"https:\\\/\\\/www.cuballama.com\\\/noticias\\\/#\\\/schema\\\/person\\\/f102d7591288049f09742b8a66c0a0e7\"},\"headline\":\"Detectan brote de la mortal Enfermedad Hemorr\u00e1gica Viral del Conejo en Pinar del R\u00edo\",\"datePublished\":\"2021-12-31T13:30:00+00:00\",\"mainEntityOfPage\":{\"@id\":\"https:\\\/\\\/www.cuballama.com\\\/noticias\\\/detectan-brote-de-la-mortal-enfermedad-hemorragica-viral-del-conejo-en-pinar-del-rio\\\/\"},\"wordCount\":457,\"publisher\":{\"@id\":\"https:\\\/\\\/www.cuballama.com\\\/noticias\\\/#organization\"},\"image\":{\"@id\":\"https:\\\/\\\/www.cuballama.com\\\/noticias\\\/detectan-brote-de-la-mortal-enfermedad-hemorragica-viral-del-conejo-en-pinar-del-rio\\\/#primaryimage\"},\"thumbnailUrl\":\"https:\\\/\\\/cdn1.mediawpaccore.net\\\/wp-content\\\/uploads\\\/2021\\\/07\\\/06125202\\\/conejos-domesticos.jpg\",\"keywords\":[\"brote viral\",\"Conejos\",\"destacado\"],\"articleSection\":[\"Noticias\",\"Noticias de Cuba\"],\"inLanguage\":\"es\"},{\"@type\":\"WebPage\",\"@id\":\"https:\\\/\\\/www.cuballama.com\\\/noticias\\\/detectan-brote-de-la-mortal-enfermedad-hemorragica-viral-del-conejo-en-pinar-del-rio\\\/\",\"url\":\"https:\\\/\\\/www.cuballama.com\\\/noticias\\\/detectan-brote-de-la-mortal-enfermedad-hemorragica-viral-del-conejo-en-pinar-del-rio\\\/\",\"name\":\"Detectan brote de Enfermedad Hemorr\u00e1gica del Conejo en Pinar del R\u00edo\",\"isPartOf\":{\"@id\":\"https:\\\/\\\/www.cuballama.com\\\/noticias\\\/#website\"},\"primaryImageOfPage\":{\"@id\":\"https:\\\/\\\/www.cuballama.com\\\/noticias\\\/detectan-brote-de-la-mortal-enfermedad-hemorragica-viral-del-conejo-en-pinar-del-rio\\\/#primaryimage\"},\"image\":{\"@id\":\"https:\\\/\\\/www.cuballama.com\\\/noticias\\\/detectan-brote-de-la-mortal-enfermedad-hemorragica-viral-del-conejo-en-pinar-del-rio\\\/#primaryimage\"},\"thumbnailUrl\":\"https:\\\/\\\/cdn1.mediawpaccore.net\\\/wp-content\\\/uploads\\\/2021\\\/07\\\/06125202\\\/conejos-domesticos.jpg\",\"datePublished\":\"2021-12-31T13:30:00+00:00\",\"description\":\"Alrededor de mil conejos fueron sacrificados, en Pinar del R\u00edo, tras detectarse un brote de la Enfermedad Hemorr\u00e1gica Viral del Conejo (EHVC)\",\"breadcrumb\":{\"@id\":\"https:\\\/\\\/www.cuballama.com\\\/noticias\\\/detectan-brote-de-la-mortal-enfermedad-hemorragica-viral-del-conejo-en-pinar-del-rio\\\/#breadcrumb\"},\"inLanguage\":\"es\",\"potentialAction\":[{\"@type\":\"ReadAction\",\"target\":[\"https:\\\/\\\/www.cuballama.com\\\/noticias\\\/detectan-brote-de-la-mortal-enfermedad-hemorragica-viral-del-conejo-en-pinar-del-rio\\\/\"]}]},{\"@type\":\"ImageObject\",\"inLanguage\":\"es\",\"@id\":\"https:\\\/\\\/www.cuballama.com\\\/noticias\\\/detectan-brote-de-la-mortal-enfermedad-hemorragica-viral-del-conejo-en-pinar-del-rio\\\/#primaryimage\",\"url\":\"https:\\\/\\\/cdn1.mediawpaccore.net\\\/wp-content\\\/uploads\\\/2021\\\/07\\\/06125202\\\/conejos-domesticos.jpg\",\"contentUrl\":\"https:\\\/\\\/cdn1.mediawpaccore.net\\\/wp-content\\\/uploads\\\/2021\\\/07\\\/06125202\\\/conejos-domesticos.jpg\",\"width\":600,\"height\":375,\"caption\":\".Alrededor de mil conejos fueron sacrificados en el municipio Consolaci\u00f3n del Sur, en Pinar del R\u00edo, tras detectarse un brote de la Enfermedad Hemorr\u00e1gica Viral del Conejo (EHVC) Foto: Trabajadores\"},{\"@type\":\"BreadcrumbList\",\"@id\":\"https:\\\/\\\/www.cuballama.com\\\/noticias\\\/detectan-brote-de-la-mortal-enfermedad-hemorragica-viral-del-conejo-en-pinar-del-rio\\\/#breadcrumb\",\"itemListElement\":[{\"@type\":\"ListItem\",\"position\":1,\"name\":\"Home\",\"item\":\"https:\\\/\\\/www.cuballama.com\\\/noticias\\\/\"},{\"@type\":\"ListItem\",\"position\":2,\"name\":\"Detectan brote de la mortal Enfermedad Hemorr\u00e1gica Viral del Conejo en Pinar del R\u00edo\"}]},{\"@type\":\"WebSite\",\"@id\":\"https:\\\/\\\/www.cuballama.com\\\/noticias\\\/#website\",\"url\":\"https:\\\/\\\/www.cuballama.com\\\/noticias\\\/\",\"name\":\"Cuballama Noticias\",\"description\":\"Medio digital sobre Cuba y el mundo\",\"publisher\":{\"@id\":\"https:\\\/\\\/www.cuballama.com\\\/noticias\\\/#organization\"},\"potentialAction\":[{\"@type\":\"SearchAction\",\"target\":{\"@type\":\"EntryPoint\",\"urlTemplate\":\"https:\\\/\\\/www.cuballama.com\\\/noticias\\\/?s={search_term_string}\"},\"query-input\":{\"@type\":\"PropertyValueSpecification\",\"valueRequired\":true,\"valueName\":\"search_term_string\"}}],\"inLanguage\":\"es\"},{\"@type\":\"Organization\",\"@id\":\"https:\\\/\\\/www.cuballama.com\\\/noticias\\\/#organization\",\"name\":\"Cuballama\",\"url\":\"https:\\\/\\\/www.cuballama.com\\\/noticias\\\/\",\"logo\":{\"@type\":\"ImageObject\",\"inLanguage\":\"es\",\"@id\":\"https:\\\/\\\/www.cuballama.com\\\/noticias\\\/#\\\/schema\\\/logo\\\/image\\\/\",\"url\":\"https:\\\/\\\/cdn1.mediawpaccore.net\\\/wp-content\\\/uploads\\\/2021\\\/12\\\/28171206\\\/cbll-logo-color-sm.png\",\"contentUrl\":\"https:\\\/\\\/cdn1.mediawpaccore.net\\\/wp-content\\\/uploads\\\/2021\\\/12\\\/28171206\\\/cbll-logo-color-sm.png\",\"width\":600,\"height\":133,\"caption\":\"Cuballama\"},\"image\":{\"@id\":\"https:\\\/\\\/www.cuballama.com\\\/noticias\\\/#\\\/schema\\\/logo\\\/image\\\/\"},\"sameAs\":[\"https:\\\/\\\/www.facebook.com\\\/CubaLlama\",\"https:\\\/\\\/x.com\\\/cuballama\",\"https:\\\/\\\/www.instagram.com\\\/stories\\\/cuballama_oficial\\\/\",\"https:\\\/\\\/www.youtube.com\\\/channel\\\/UCKkFE-d_axENGZcrc4as0IA\"]},{\"@type\":\"Person\",\"@id\":\"https:\\\/\\\/www.cuballama.com\\\/noticias\\\/#\\\/schema\\\/person\\\/f102d7591288049f09742b8a66c0a0e7\",\"name\":\"Luis\",\"url\":\"https:\\\/\\\/www.cuballama.com\\\/noticias\\\/author\\\/luis\\\/\"}]}<\/script>\n<!-- \/ Yoast SEO plugin. -->","yoast_head_json":{"title":"Detectan brote de Enfermedad Hemorr\u00e1gica del Conejo en Pinar del R\u00edo","description":"Alrededor de mil conejos fueron sacrificados, en Pinar del R\u00edo, tras detectarse un brote de la Enfermedad Hemorr\u00e1gica Viral del Conejo (EHVC)","robots":{"index":"index","follow":"follow","max-snippet":"max-snippet:-1","max-image-preview":"max-image-preview:large","max-video-preview":"max-video-preview:-1"},"canonical":"https:\/\/www.cuballama.com\/noticias\/detectan-brote-de-la-mortal-enfermedad-hemorragica-viral-del-conejo-en-pinar-del-rio\/","og_locale":"es_ES","og_type":"article","og_title":"Detectan brote de Enfermedad Hemorr\u00e1gica del Conejo en Pinar del R\u00edo","og_description":"Alrededor de mil conejos fueron sacrificados, en Pinar del R\u00edo, tras detectarse un brote de la Enfermedad Hemorr\u00e1gica Viral del Conejo (EHVC)","og_url":"https:\/\/www.cuballama.com\/noticias\/detectan-brote-de-la-mortal-enfermedad-hemorragica-viral-del-conejo-en-pinar-del-rio\/","og_site_name":"Cuballama Noticias","article_publisher":"https:\/\/www.facebook.com\/CubaLlama","article_published_time":"2021-12-31T13:30:00+00:00","og_image":[{"width":600,"height":375,"url":"https:\/\/www.cuballama.com\/noticias\/wp-content\/uploads\/2021\/07\/conejos-domesticos.jpg","type":"image\/jpeg"}],"author":"Luis","twitter_card":"summary_large_image","twitter_creator":"@cuballama","twitter_site":"@cuballama","twitter_misc":{"Escrito por":"Luis","Tiempo de lectura":"2 minutos"},"schema":{"@context":"https:\/\/schema.org","@graph":[{"@type":"Article","@id":"https:\/\/www.cuballama.com\/noticias\/detectan-brote-de-la-mortal-enfermedad-hemorragica-viral-del-conejo-en-pinar-del-rio\/#article","isPartOf":{"@id":"https:\/\/www.cuballama.com\/noticias\/detectan-brote-de-la-mortal-enfermedad-hemorragica-viral-del-conejo-en-pinar-del-rio\/"},"author":{"name":"Luis","@id":"https:\/\/www.cuballama.com\/noticias\/#\/schema\/person\/f102d7591288049f09742b8a66c0a0e7"},"headline":"Detectan brote de la mortal Enfermedad Hemorr\u00e1gica Viral del Conejo en Pinar del R\u00edo","datePublished":"2021-12-31T13:30:00+00:00","mainEntityOfPage":{"@id":"https:\/\/www.cuballama.com\/noticias\/detectan-brote-de-la-mortal-enfermedad-hemorragica-viral-del-conejo-en-pinar-del-rio\/"},"wordCount":457,"publisher":{"@id":"https:\/\/www.cuballama.com\/noticias\/#organization"},"image":{"@id":"https:\/\/www.cuballama.com\/noticias\/detectan-brote-de-la-mortal-enfermedad-hemorragica-viral-del-conejo-en-pinar-del-rio\/#primaryimage"},"thumbnailUrl":"https:\/\/cdn1.mediawpaccore.net\/wp-content\/uploads\/2021\/07\/06125202\/conejos-domesticos.jpg","keywords":["brote viral","Conejos","destacado"],"articleSection":["Noticias","Noticias de Cuba"],"inLanguage":"es"},{"@type":"WebPage","@id":"https:\/\/www.cuballama.com\/noticias\/detectan-brote-de-la-mortal-enfermedad-hemorragica-viral-del-conejo-en-pinar-del-rio\/","url":"https:\/\/www.cuballama.com\/noticias\/detectan-brote-de-la-mortal-enfermedad-hemorragica-viral-del-conejo-en-pinar-del-rio\/","name":"Detectan brote de Enfermedad Hemorr\u00e1gica del Conejo en Pinar del R\u00edo","isPartOf":{"@id":"https:\/\/www.cuballama.com\/noticias\/#website"},"primaryImageOfPage":{"@id":"https:\/\/www.cuballama.com\/noticias\/detectan-brote-de-la-mortal-enfermedad-hemorragica-viral-del-conejo-en-pinar-del-rio\/#primaryimage"},"image":{"@id":"https:\/\/www.cuballama.com\/noticias\/detectan-brote-de-la-mortal-enfermedad-hemorragica-viral-del-conejo-en-pinar-del-rio\/#primaryimage"},"thumbnailUrl":"https:\/\/cdn1.mediawpaccore.net\/wp-content\/uploads\/2021\/07\/06125202\/conejos-domesticos.jpg","datePublished":"2021-12-31T13:30:00+00:00","description":"Alrededor de mil conejos fueron sacrificados, en Pinar del R\u00edo, tras detectarse un brote de la Enfermedad Hemorr\u00e1gica Viral del Conejo (EHVC)","breadcrumb":{"@id":"https:\/\/www.cuballama.com\/noticias\/detectan-brote-de-la-mortal-enfermedad-hemorragica-viral-del-conejo-en-pinar-del-rio\/#breadcrumb"},"inLanguage":"es","potentialAction":[{"@type":"ReadAction","target":["https:\/\/www.cuballama.com\/noticias\/detectan-brote-de-la-mortal-enfermedad-hemorragica-viral-del-conejo-en-pinar-del-rio\/"]}]},{"@type":"ImageObject","inLanguage":"es","@id":"https:\/\/www.cuballama.com\/noticias\/detectan-brote-de-la-mortal-enfermedad-hemorragica-viral-del-conejo-en-pinar-del-rio\/#primaryimage","url":"https:\/\/cdn1.mediawpaccore.net\/wp-content\/uploads\/2021\/07\/06125202\/conejos-domesticos.jpg","contentUrl":"https:\/\/cdn1.mediawpaccore.net\/wp-content\/uploads\/2021\/07\/06125202\/conejos-domesticos.jpg","width":600,"height":375,"caption":".Alrededor de mil conejos fueron sacrificados en el municipio Consolaci\u00f3n del Sur, en Pinar del R\u00edo, tras detectarse un brote de la Enfermedad Hemorr\u00e1gica Viral del Conejo (EHVC) Foto: Trabajadores"},{"@type":"BreadcrumbList","@id":"https:\/\/www.cuballama.com\/noticias\/detectan-brote-de-la-mortal-enfermedad-hemorragica-viral-del-conejo-en-pinar-del-rio\/#breadcrumb","itemListElement":[{"@type":"ListItem","position":1,"name":"Home","item":"https:\/\/www.cuballama.com\/noticias\/"},{"@type":"ListItem","position":2,"name":"Detectan brote de la mortal Enfermedad Hemorr\u00e1gica Viral del Conejo en Pinar del R\u00edo"}]},{"@type":"WebSite","@id":"https:\/\/www.cuballama.com\/noticias\/#website","url":"https:\/\/www.cuballama.com\/noticias\/","name":"Cuballama Noticias","description":"Medio digital sobre Cuba y el mundo","publisher":{"@id":"https:\/\/www.cuballama.com\/noticias\/#organization"},"potentialAction":[{"@type":"SearchAction","target":{"@type":"EntryPoint","urlTemplate":"https:\/\/www.cuballama.com\/noticias\/?s={search_term_string}"},"query-input":{"@type":"PropertyValueSpecification","valueRequired":true,"valueName":"search_term_string"}}],"inLanguage":"es"},{"@type":"Organization","@id":"https:\/\/www.cuballama.com\/noticias\/#organization","name":"Cuballama","url":"https:\/\/www.cuballama.com\/noticias\/","logo":{"@type":"ImageObject","inLanguage":"es","@id":"https:\/\/www.cuballama.com\/noticias\/#\/schema\/logo\/image\/","url":"https:\/\/cdn1.mediawpaccore.net\/wp-content\/uploads\/2021\/12\/28171206\/cbll-logo-color-sm.png","contentUrl":"https:\/\/cdn1.mediawpaccore.net\/wp-content\/uploads\/2021\/12\/28171206\/cbll-logo-color-sm.png","width":600,"height":133,"caption":"Cuballama"},"image":{"@id":"https:\/\/www.cuballama.com\/noticias\/#\/schema\/logo\/image\/"},"sameAs":["https:\/\/www.facebook.com\/CubaLlama","https:\/\/x.com\/cuballama","https:\/\/www.instagram.com\/stories\/cuballama_oficial\/","https:\/\/www.youtube.com\/channel\/UCKkFE-d_axENGZcrc4as0IA"]},{"@type":"Person","@id":"https:\/\/www.cuballama.com\/noticias\/#\/schema\/person\/f102d7591288049f09742b8a66c0a0e7","name":"Luis","url":"https:\/\/www.cuballama.com\/noticias\/author\/luis\/"}]}},"_links":{"self":[{"href":"https:\/\/www.cuballama.com\/noticias\/wp-json\/wp\/v2\/posts\/84113","targetHints":{"allow":["GET"]}}],"collection":[{"href":"https:\/\/www.cuballama.com\/noticias\/wp-json\/wp\/v2\/posts"}],"about":[{"href":"https:\/\/www.cuballama.com\/noticias\/wp-json\/wp\/v2\/types\/post"}],"author":[{"embeddable":true,"href":"https:\/\/www.cuballama.com\/noticias\/wp-json\/wp\/v2\/users\/25"}],"replies":[{"embeddable":true,"href":"https:\/\/www.cuballama.com\/noticias\/wp-json\/wp\/v2\/comments?post=84113"}],"version-history":[{"count":3,"href":"https:\/\/www.cuballama.com\/noticias\/wp-json\/wp\/v2\/posts\/84113\/revisions"}],"predecessor-version":[{"id":84151,"href":"https:\/\/www.cuballama.com\/noticias\/wp-json\/wp\/v2\/posts\/84113\/revisions\/84151"}],"wp:featuredmedia":[{"embeddable":true,"href":"https:\/\/www.cuballama.com\/noticias\/wp-json\/wp\/v2\/media\/69292"}],"wp:attachment":[{"href":"https:\/\/www.cuballama.com\/noticias\/wp-json\/wp\/v2\/media?parent=84113"}],"wp:term":[{"taxonomy":"category","embeddable":true,"href":"https:\/\/www.cuballama.com\/noticias\/wp-json\/wp\/v2\/categories?post=84113"},{"taxonomy":"post_tag","embeddable":true,"href":"https:\/\/www.cuballama.com\/noticias\/wp-json\/wp\/v2\/tags?post=84113"}],"curies":[{"name":"wp","href":"https:\/\/api.w.org\/{rel}","templated":true}]}}