{"id":83915,"date":"2021-12-28T15:22:53","date_gmt":"2021-12-28T20:22:53","guid":{"rendered":"https:\/\/www.cuballama.com\/noticias\/?p=83915"},"modified":"2021-12-28T15:22:58","modified_gmt":"2021-12-28T20:22:58","slug":"la-diosa-contra-el-paquete-ahora-la-promo-la-doy-yo","status":"publish","type":"post","link":"https:\/\/www.cuballama.com\/noticias\/la-diosa-contra-el-paquete-ahora-la-promo-la-doy-yo\/","title":{"rendered":"La Diosa contra el paquete: \u201cahora la promo la doy yo\u201d"},"content":{"rendered":"\n<p>Luego de anunciar la pasada semana que su m\u00fasica ya no estar\u00eda incluida en el conocido Paquete Semanal, la Diosa de Cuba ha desclasificado sus conversaciones con quienes ejecutan la censura a su m\u00fasica. \u201cAhora la promo la doy yo. Que esto se pone bueno, no se pa que me llamas si t\u00fa me conoces\u201d, escribi\u00f3 la artista en Instagram.<\/p>\n\n\n\n<p>Organizados por episodios, la Diosa ha revelado hasta el momento cuatro audios grabados de sus conversaciones con Alejandro Odisea, quien junto con Abdel la Esencia son los responsables de circular y promocionar en todo el pa\u00eds la informaci\u00f3n contenida en el Paquete Semanal.<\/p>\n\n\n\n<p>&nbsp;Alejandro confirm\u00f3 a la cantante que no pod\u00eda incluir sus temas porque \u201cesa es la orden\u201d. Adem\u00e1s, le asegur\u00f3 que tanta a \u00e9l, como a su colega Abdel los han citado varias veces los \u00f3rganos de la seguridad del estado para dejarles claro que \u201chay artistas censurados en el pa\u00eds\u201d y que por tanto no pueden incluirse en el Paquete.<\/p>\n\n\n\n<p>En medio de las conversaciones <a href=\"https:\/\/www.cuballama.com\/noticias\/diosa-tema-libertad-cuba\/\" target=\"_blank\" rel=\"noreferrer noopener\">la Diosa <\/a>exig\u00eda varias veces que le diera un nombre de alg\u00fan responsable para encararlo, pero el conocido \u201cpaquetero\u201d se neg\u00f3 a contestar y afirm\u00f3 que \u201cnegocio es negocio y amistada es amistad\u201d.<\/p>\n\n\n\n<p>\u201cA m\u00ed no me importan los artistas que ellos censuren, a m\u00ed me importa mi familia y mi negocio\u201d, dijo el due\u00f1o de Estudios Odisea, quien adem\u00e1s confes\u00f3 que lo ten\u00edan amenazado.<\/p>\n\n\n\n<p>Por esta raz\u00f3n, el youtuber cubano, conocido como Un martitodurako8 declar\u00f3 en su perfil de Instagram que quien hiciera negocio con el paquete de Cuba, lo estaba haciendo con la seguridad del estado. No solo le han trancado la m\u00fasica a la Diosa, se lo han hecho a muchos m\u00e1s\u201d, asegur\u00f3.<\/p>\n\n\n\n<p>Mientras que al cierre de uno de sus videos, @coreanolocotv, dejaba a sus fans la recomendaci\u00f3n de<em> Mi Pochito, <\/em>el m\u00e1s reciente single de La Diosa, como artista independiente del momento.<\/p>\n\n\n\n<p>Los fans de la cantante, por otro lado, han salido como siempre en su defensa y le han mostrado todo su apoyo en las redes, asegurando que su calidad como artista no depend\u00eda del Paquete Semanal, que ya \u00fanicamente con su presencia en las redes sociales era m\u00e1s que suficiente.<\/p>\n\n\n\n<p>\u00a0\u201cSigo adelante como mis seguidores, conf\u00edo en ustedes\u201d, les agradec\u00eda la cantante, quien no es la primera vez que resulta envuelta en situaciones de censura, algo que sus fans reconocen y admiran. <\/p>\n\n\n\n<p>No obstante, aunque la oficialidad le niege todo reconocimiento y le imposibilite la presentaci\u00f3n y divulgaci\u00f3n en ciertos espacios, La Diosa de Cuba contin\u00faa sus presentaciones en bares de la capital y de otras provincias del pa\u00eds, con lo cual su m\u00fasica sigue conquistando al p\u00fablico.<\/p>\n","protected":false},"excerpt":{"rendered":"<p>Los fans de la cantante, por otro lado, han salido como siempre en su defensa y le han mostrado todo su apoyo en las redes<\/p>\n","protected":false},"author":25,"featured_media":72961,"comment_status":"closed","ping_status":"closed","sticky":false,"template":"","format":"standard","meta":{"_acf_changed":false,"footnotes":""},"categories":[443,18,955],"tags":[941,5202,5143],"class_list":{"0":"post-83915","1":"post","2":"type-post","3":"status-publish","4":"format-standard","5":"has-post-thumbnail","7":"category-farandula","8":"category-noticias","9":"category-noticias-de-cuba","10":"tag-destacado","11":"tag-la-diosa","12":"tag-paquete-semanal"},"acf":[],"yoast_head":"<!-- This site is optimized with the Yoast SEO plugin v27.4 - https:\/\/yoast.com\/product\/yoast-seo-wordpress\/ -->\n<title>La Diosa contra el paquete: \u201cahora la promo la doy yo\u201d<\/title>\n<meta name=\"description\" content=\"\u201cAhora la promo la doy yo. Que esto se pone bueno, no se pa que me llamas si t\u00fa me conoces\u201d, escribi\u00f3 la Diosa en Instagram.\" \/>\n<meta name=\"robots\" content=\"index, follow, max-snippet:-1, max-image-preview:large, max-video-preview:-1\" \/>\n<link rel=\"canonical\" href=\"https:\/\/www.cuballama.com\/noticias\/la-diosa-contra-el-paquete-ahora-la-promo-la-doy-yo\/\" \/>\n<meta property=\"og:locale\" content=\"es_ES\" \/>\n<meta property=\"og:type\" content=\"article\" \/>\n<meta property=\"og:title\" content=\"La Diosa contra el paquete: \u201cahora la promo la doy yo\u201d\" \/>\n<meta property=\"og:description\" content=\"\u201cAhora la promo la doy yo. Que esto se pone bueno, no se pa que me llamas si t\u00fa me conoces\u201d, escribi\u00f3 la Diosa en Instagram.\" \/>\n<meta property=\"og:url\" content=\"https:\/\/www.cuballama.com\/noticias\/la-diosa-contra-el-paquete-ahora-la-promo-la-doy-yo\/\" \/>\n<meta property=\"og:site_name\" content=\"Cuballama Noticias\" \/>\n<meta property=\"article:publisher\" content=\"https:\/\/www.facebook.com\/CubaLlama\" \/>\n<meta property=\"article:published_time\" content=\"2021-12-28T20:22:53+00:00\" \/>\n<meta property=\"article:modified_time\" content=\"2021-12-28T20:22:58+00:00\" \/>\n<meta property=\"og:image\" content=\"https:\/\/www.cuballama.com\/noticias\/wp-content\/uploads\/2021\/08\/diosa-covid-19.jpg\" \/>\n\t<meta property=\"og:image:width\" content=\"1076\" \/>\n\t<meta property=\"og:image:height\" content=\"743\" \/>\n\t<meta property=\"og:image:type\" content=\"image\/jpeg\" \/>\n<meta name=\"author\" content=\"Luis\" \/>\n<meta name=\"twitter:card\" content=\"summary_large_image\" \/>\n<meta name=\"twitter:creator\" content=\"@cuballama\" \/>\n<meta name=\"twitter:site\" content=\"@cuballama\" \/>\n<meta name=\"twitter:label1\" content=\"Escrito por\" \/>\n\t<meta name=\"twitter:data1\" content=\"Luis\" \/>\n\t<meta name=\"twitter:label2\" content=\"Tiempo de lectura\" \/>\n\t<meta name=\"twitter:data2\" content=\"2 minutos\" \/>\n<script type=\"application\/ld+json\" class=\"yoast-schema-graph\">{\"@context\":\"https:\\\/\\\/schema.org\",\"@graph\":[{\"@type\":\"Article\",\"@id\":\"https:\\\/\\\/www.cuballama.com\\\/noticias\\\/la-diosa-contra-el-paquete-ahora-la-promo-la-doy-yo\\\/#article\",\"isPartOf\":{\"@id\":\"https:\\\/\\\/www.cuballama.com\\\/noticias\\\/la-diosa-contra-el-paquete-ahora-la-promo-la-doy-yo\\\/\"},\"author\":{\"name\":\"Luis\",\"@id\":\"https:\\\/\\\/www.cuballama.com\\\/noticias\\\/#\\\/schema\\\/person\\\/f102d7591288049f09742b8a66c0a0e7\"},\"headline\":\"La Diosa contra el paquete: \u201cahora la promo la doy yo\u201d\",\"datePublished\":\"2021-12-28T20:22:53+00:00\",\"dateModified\":\"2021-12-28T20:22:58+00:00\",\"mainEntityOfPage\":{\"@id\":\"https:\\\/\\\/www.cuballama.com\\\/noticias\\\/la-diosa-contra-el-paquete-ahora-la-promo-la-doy-yo\\\/\"},\"wordCount\":483,\"publisher\":{\"@id\":\"https:\\\/\\\/www.cuballama.com\\\/noticias\\\/#organization\"},\"image\":{\"@id\":\"https:\\\/\\\/www.cuballama.com\\\/noticias\\\/la-diosa-contra-el-paquete-ahora-la-promo-la-doy-yo\\\/#primaryimage\"},\"thumbnailUrl\":\"https:\\\/\\\/cdn1.mediawpaccore.net\\\/wp-content\\\/uploads\\\/2021\\\/08\\\/11150139\\\/diosa-covid-19.jpg\",\"keywords\":[\"destacado\",\"La Diosa\",\"paquete semanal\"],\"articleSection\":[\"Far\u00e1ndula\",\"Noticias\",\"Noticias de Cuba\"],\"inLanguage\":\"es\"},{\"@type\":\"WebPage\",\"@id\":\"https:\\\/\\\/www.cuballama.com\\\/noticias\\\/la-diosa-contra-el-paquete-ahora-la-promo-la-doy-yo\\\/\",\"url\":\"https:\\\/\\\/www.cuballama.com\\\/noticias\\\/la-diosa-contra-el-paquete-ahora-la-promo-la-doy-yo\\\/\",\"name\":\"La Diosa contra el paquete: \u201cahora la promo la doy yo\u201d\",\"isPartOf\":{\"@id\":\"https:\\\/\\\/www.cuballama.com\\\/noticias\\\/#website\"},\"primaryImageOfPage\":{\"@id\":\"https:\\\/\\\/www.cuballama.com\\\/noticias\\\/la-diosa-contra-el-paquete-ahora-la-promo-la-doy-yo\\\/#primaryimage\"},\"image\":{\"@id\":\"https:\\\/\\\/www.cuballama.com\\\/noticias\\\/la-diosa-contra-el-paquete-ahora-la-promo-la-doy-yo\\\/#primaryimage\"},\"thumbnailUrl\":\"https:\\\/\\\/cdn1.mediawpaccore.net\\\/wp-content\\\/uploads\\\/2021\\\/08\\\/11150139\\\/diosa-covid-19.jpg\",\"datePublished\":\"2021-12-28T20:22:53+00:00\",\"dateModified\":\"2021-12-28T20:22:58+00:00\",\"description\":\"\u201cAhora la promo la doy yo. Que esto se pone bueno, no se pa que me llamas si t\u00fa me conoces\u201d, escribi\u00f3 la Diosa en Instagram.\",\"breadcrumb\":{\"@id\":\"https:\\\/\\\/www.cuballama.com\\\/noticias\\\/la-diosa-contra-el-paquete-ahora-la-promo-la-doy-yo\\\/#breadcrumb\"},\"inLanguage\":\"es\",\"potentialAction\":[{\"@type\":\"ReadAction\",\"target\":[\"https:\\\/\\\/www.cuballama.com\\\/noticias\\\/la-diosa-contra-el-paquete-ahora-la-promo-la-doy-yo\\\/\"]}]},{\"@type\":\"ImageObject\",\"inLanguage\":\"es\",\"@id\":\"https:\\\/\\\/www.cuballama.com\\\/noticias\\\/la-diosa-contra-el-paquete-ahora-la-promo-la-doy-yo\\\/#primaryimage\",\"url\":\"https:\\\/\\\/cdn1.mediawpaccore.net\\\/wp-content\\\/uploads\\\/2021\\\/08\\\/11150139\\\/diosa-covid-19.jpg\",\"contentUrl\":\"https:\\\/\\\/cdn1.mediawpaccore.net\\\/wp-content\\\/uploads\\\/2021\\\/08\\\/11150139\\\/diosa-covid-19.jpg\",\"width\":1076,\"height\":743,\"caption\":\"Foto: IG @diosacuba\"},{\"@type\":\"BreadcrumbList\",\"@id\":\"https:\\\/\\\/www.cuballama.com\\\/noticias\\\/la-diosa-contra-el-paquete-ahora-la-promo-la-doy-yo\\\/#breadcrumb\",\"itemListElement\":[{\"@type\":\"ListItem\",\"position\":1,\"name\":\"Home\",\"item\":\"https:\\\/\\\/www.cuballama.com\\\/noticias\\\/\"},{\"@type\":\"ListItem\",\"position\":2,\"name\":\"La Diosa contra el paquete: \u201cahora la promo la doy yo\u201d\"}]},{\"@type\":\"WebSite\",\"@id\":\"https:\\\/\\\/www.cuballama.com\\\/noticias\\\/#website\",\"url\":\"https:\\\/\\\/www.cuballama.com\\\/noticias\\\/\",\"name\":\"Cuballama Noticias\",\"description\":\"Medio digital sobre Cuba y el mundo\",\"publisher\":{\"@id\":\"https:\\\/\\\/www.cuballama.com\\\/noticias\\\/#organization\"},\"potentialAction\":[{\"@type\":\"SearchAction\",\"target\":{\"@type\":\"EntryPoint\",\"urlTemplate\":\"https:\\\/\\\/www.cuballama.com\\\/noticias\\\/?s={search_term_string}\"},\"query-input\":{\"@type\":\"PropertyValueSpecification\",\"valueRequired\":true,\"valueName\":\"search_term_string\"}}],\"inLanguage\":\"es\"},{\"@type\":\"Organization\",\"@id\":\"https:\\\/\\\/www.cuballama.com\\\/noticias\\\/#organization\",\"name\":\"Cuballama\",\"url\":\"https:\\\/\\\/www.cuballama.com\\\/noticias\\\/\",\"logo\":{\"@type\":\"ImageObject\",\"inLanguage\":\"es\",\"@id\":\"https:\\\/\\\/www.cuballama.com\\\/noticias\\\/#\\\/schema\\\/logo\\\/image\\\/\",\"url\":\"https:\\\/\\\/cdn1.mediawpaccore.net\\\/wp-content\\\/uploads\\\/2021\\\/12\\\/28171206\\\/cbll-logo-color-sm.png\",\"contentUrl\":\"https:\\\/\\\/cdn1.mediawpaccore.net\\\/wp-content\\\/uploads\\\/2021\\\/12\\\/28171206\\\/cbll-logo-color-sm.png\",\"width\":600,\"height\":133,\"caption\":\"Cuballama\"},\"image\":{\"@id\":\"https:\\\/\\\/www.cuballama.com\\\/noticias\\\/#\\\/schema\\\/logo\\\/image\\\/\"},\"sameAs\":[\"https:\\\/\\\/www.facebook.com\\\/CubaLlama\",\"https:\\\/\\\/x.com\\\/cuballama\",\"https:\\\/\\\/www.instagram.com\\\/stories\\\/cuballama_oficial\\\/\",\"https:\\\/\\\/www.youtube.com\\\/channel\\\/UCKkFE-d_axENGZcrc4as0IA\"]},{\"@type\":\"Person\",\"@id\":\"https:\\\/\\\/www.cuballama.com\\\/noticias\\\/#\\\/schema\\\/person\\\/f102d7591288049f09742b8a66c0a0e7\",\"name\":\"Luis\",\"url\":\"https:\\\/\\\/www.cuballama.com\\\/noticias\\\/author\\\/luis\\\/\"}]}<\/script>\n<!-- \/ Yoast SEO plugin. -->","yoast_head_json":{"title":"La Diosa contra el paquete: \u201cahora la promo la doy yo\u201d","description":"\u201cAhora la promo la doy yo. Que esto se pone bueno, no se pa que me llamas si t\u00fa me conoces\u201d, escribi\u00f3 la Diosa en Instagram.","robots":{"index":"index","follow":"follow","max-snippet":"max-snippet:-1","max-image-preview":"max-image-preview:large","max-video-preview":"max-video-preview:-1"},"canonical":"https:\/\/www.cuballama.com\/noticias\/la-diosa-contra-el-paquete-ahora-la-promo-la-doy-yo\/","og_locale":"es_ES","og_type":"article","og_title":"La Diosa contra el paquete: \u201cahora la promo la doy yo\u201d","og_description":"\u201cAhora la promo la doy yo. Que esto se pone bueno, no se pa que me llamas si t\u00fa me conoces\u201d, escribi\u00f3 la Diosa en Instagram.","og_url":"https:\/\/www.cuballama.com\/noticias\/la-diosa-contra-el-paquete-ahora-la-promo-la-doy-yo\/","og_site_name":"Cuballama Noticias","article_publisher":"https:\/\/www.facebook.com\/CubaLlama","article_published_time":"2021-12-28T20:22:53+00:00","article_modified_time":"2021-12-28T20:22:58+00:00","og_image":[{"width":1076,"height":743,"url":"https:\/\/www.cuballama.com\/noticias\/wp-content\/uploads\/2021\/08\/diosa-covid-19.jpg","type":"image\/jpeg"}],"author":"Luis","twitter_card":"summary_large_image","twitter_creator":"@cuballama","twitter_site":"@cuballama","twitter_misc":{"Escrito por":"Luis","Tiempo de lectura":"2 minutos"},"schema":{"@context":"https:\/\/schema.org","@graph":[{"@type":"Article","@id":"https:\/\/www.cuballama.com\/noticias\/la-diosa-contra-el-paquete-ahora-la-promo-la-doy-yo\/#article","isPartOf":{"@id":"https:\/\/www.cuballama.com\/noticias\/la-diosa-contra-el-paquete-ahora-la-promo-la-doy-yo\/"},"author":{"name":"Luis","@id":"https:\/\/www.cuballama.com\/noticias\/#\/schema\/person\/f102d7591288049f09742b8a66c0a0e7"},"headline":"La Diosa contra el paquete: \u201cahora la promo la doy yo\u201d","datePublished":"2021-12-28T20:22:53+00:00","dateModified":"2021-12-28T20:22:58+00:00","mainEntityOfPage":{"@id":"https:\/\/www.cuballama.com\/noticias\/la-diosa-contra-el-paquete-ahora-la-promo-la-doy-yo\/"},"wordCount":483,"publisher":{"@id":"https:\/\/www.cuballama.com\/noticias\/#organization"},"image":{"@id":"https:\/\/www.cuballama.com\/noticias\/la-diosa-contra-el-paquete-ahora-la-promo-la-doy-yo\/#primaryimage"},"thumbnailUrl":"https:\/\/cdn1.mediawpaccore.net\/wp-content\/uploads\/2021\/08\/11150139\/diosa-covid-19.jpg","keywords":["destacado","La Diosa","paquete semanal"],"articleSection":["Far\u00e1ndula","Noticias","Noticias de Cuba"],"inLanguage":"es"},{"@type":"WebPage","@id":"https:\/\/www.cuballama.com\/noticias\/la-diosa-contra-el-paquete-ahora-la-promo-la-doy-yo\/","url":"https:\/\/www.cuballama.com\/noticias\/la-diosa-contra-el-paquete-ahora-la-promo-la-doy-yo\/","name":"La Diosa contra el paquete: \u201cahora la promo la doy yo\u201d","isPartOf":{"@id":"https:\/\/www.cuballama.com\/noticias\/#website"},"primaryImageOfPage":{"@id":"https:\/\/www.cuballama.com\/noticias\/la-diosa-contra-el-paquete-ahora-la-promo-la-doy-yo\/#primaryimage"},"image":{"@id":"https:\/\/www.cuballama.com\/noticias\/la-diosa-contra-el-paquete-ahora-la-promo-la-doy-yo\/#primaryimage"},"thumbnailUrl":"https:\/\/cdn1.mediawpaccore.net\/wp-content\/uploads\/2021\/08\/11150139\/diosa-covid-19.jpg","datePublished":"2021-12-28T20:22:53+00:00","dateModified":"2021-12-28T20:22:58+00:00","description":"\u201cAhora la promo la doy yo. Que esto se pone bueno, no se pa que me llamas si t\u00fa me conoces\u201d, escribi\u00f3 la Diosa en Instagram.","breadcrumb":{"@id":"https:\/\/www.cuballama.com\/noticias\/la-diosa-contra-el-paquete-ahora-la-promo-la-doy-yo\/#breadcrumb"},"inLanguage":"es","potentialAction":[{"@type":"ReadAction","target":["https:\/\/www.cuballama.com\/noticias\/la-diosa-contra-el-paquete-ahora-la-promo-la-doy-yo\/"]}]},{"@type":"ImageObject","inLanguage":"es","@id":"https:\/\/www.cuballama.com\/noticias\/la-diosa-contra-el-paquete-ahora-la-promo-la-doy-yo\/#primaryimage","url":"https:\/\/cdn1.mediawpaccore.net\/wp-content\/uploads\/2021\/08\/11150139\/diosa-covid-19.jpg","contentUrl":"https:\/\/cdn1.mediawpaccore.net\/wp-content\/uploads\/2021\/08\/11150139\/diosa-covid-19.jpg","width":1076,"height":743,"caption":"Foto: IG @diosacuba"},{"@type":"BreadcrumbList","@id":"https:\/\/www.cuballama.com\/noticias\/la-diosa-contra-el-paquete-ahora-la-promo-la-doy-yo\/#breadcrumb","itemListElement":[{"@type":"ListItem","position":1,"name":"Home","item":"https:\/\/www.cuballama.com\/noticias\/"},{"@type":"ListItem","position":2,"name":"La Diosa contra el paquete: \u201cahora la promo la doy yo\u201d"}]},{"@type":"WebSite","@id":"https:\/\/www.cuballama.com\/noticias\/#website","url":"https:\/\/www.cuballama.com\/noticias\/","name":"Cuballama Noticias","description":"Medio digital sobre Cuba y el mundo","publisher":{"@id":"https:\/\/www.cuballama.com\/noticias\/#organization"},"potentialAction":[{"@type":"SearchAction","target":{"@type":"EntryPoint","urlTemplate":"https:\/\/www.cuballama.com\/noticias\/?s={search_term_string}"},"query-input":{"@type":"PropertyValueSpecification","valueRequired":true,"valueName":"search_term_string"}}],"inLanguage":"es"},{"@type":"Organization","@id":"https:\/\/www.cuballama.com\/noticias\/#organization","name":"Cuballama","url":"https:\/\/www.cuballama.com\/noticias\/","logo":{"@type":"ImageObject","inLanguage":"es","@id":"https:\/\/www.cuballama.com\/noticias\/#\/schema\/logo\/image\/","url":"https:\/\/cdn1.mediawpaccore.net\/wp-content\/uploads\/2021\/12\/28171206\/cbll-logo-color-sm.png","contentUrl":"https:\/\/cdn1.mediawpaccore.net\/wp-content\/uploads\/2021\/12\/28171206\/cbll-logo-color-sm.png","width":600,"height":133,"caption":"Cuballama"},"image":{"@id":"https:\/\/www.cuballama.com\/noticias\/#\/schema\/logo\/image\/"},"sameAs":["https:\/\/www.facebook.com\/CubaLlama","https:\/\/x.com\/cuballama","https:\/\/www.instagram.com\/stories\/cuballama_oficial\/","https:\/\/www.youtube.com\/channel\/UCKkFE-d_axENGZcrc4as0IA"]},{"@type":"Person","@id":"https:\/\/www.cuballama.com\/noticias\/#\/schema\/person\/f102d7591288049f09742b8a66c0a0e7","name":"Luis","url":"https:\/\/www.cuballama.com\/noticias\/author\/luis\/"}]}},"_links":{"self":[{"href":"https:\/\/www.cuballama.com\/noticias\/wp-json\/wp\/v2\/posts\/83915","targetHints":{"allow":["GET"]}}],"collection":[{"href":"https:\/\/www.cuballama.com\/noticias\/wp-json\/wp\/v2\/posts"}],"about":[{"href":"https:\/\/www.cuballama.com\/noticias\/wp-json\/wp\/v2\/types\/post"}],"author":[{"embeddable":true,"href":"https:\/\/www.cuballama.com\/noticias\/wp-json\/wp\/v2\/users\/25"}],"replies":[{"embeddable":true,"href":"https:\/\/www.cuballama.com\/noticias\/wp-json\/wp\/v2\/comments?post=83915"}],"version-history":[{"count":1,"href":"https:\/\/www.cuballama.com\/noticias\/wp-json\/wp\/v2\/posts\/83915\/revisions"}],"predecessor-version":[{"id":83916,"href":"https:\/\/www.cuballama.com\/noticias\/wp-json\/wp\/v2\/posts\/83915\/revisions\/83916"}],"wp:featuredmedia":[{"embeddable":true,"href":"https:\/\/www.cuballama.com\/noticias\/wp-json\/wp\/v2\/media\/72961"}],"wp:attachment":[{"href":"https:\/\/www.cuballama.com\/noticias\/wp-json\/wp\/v2\/media?parent=83915"}],"wp:term":[{"taxonomy":"category","embeddable":true,"href":"https:\/\/www.cuballama.com\/noticias\/wp-json\/wp\/v2\/categories?post=83915"},{"taxonomy":"post_tag","embeddable":true,"href":"https:\/\/www.cuballama.com\/noticias\/wp-json\/wp\/v2\/tags?post=83915"}],"curies":[{"name":"wp","href":"https:\/\/api.w.org\/{rel}","templated":true}]}}