{"id":83314,"date":"2021-12-20T12:15:58","date_gmt":"2021-12-20T17:15:58","guid":{"rendered":"https:\/\/www.cuballama.com\/noticias\/?p=83314"},"modified":"2021-12-20T12:16:02","modified_gmt":"2021-12-20T17:16:02","slug":"la-fiebre-del-oro-cerca-de-300-cubanos-acusados-por-extraccion-y-robo","status":"publish","type":"post","link":"https:\/\/www.cuballama.com\/noticias\/la-fiebre-del-oro-cerca-de-300-cubanos-acusados-por-extraccion-y-robo\/","title":{"rendered":"La fiebre del oro: cerca de 300 cubanos acusados por extracci\u00f3n y robo"},"content":{"rendered":"\n<p>Una red de extracci\u00f3n y tr\u00e1fico de oro fue desmantelada esta semana en la provincia de Ciego de \u00c1vila, seg\u00fan inform\u00f3 la <a href=\"http:\/\/www.acn.cu\/cuba\/88756-accionan-contra-la-mineria-ilegal-en-ciego-de-avila\" target=\"_blank\" rel=\"noreferrer noopener nofollow\">Agencia Cubana de Noticias<\/a>. La polic\u00eda logr\u00f3 ocupar 50 sacos con 47.4 kilogramos de la piedra mineral, precis\u00f3 una nota circulada por ese medio.<\/p>\n\n\n\n<p>Durante la operaci\u00f3n policial fueron capturadas unas cien personas que se encontraban pernoctando en la zona perteneciente a la Unidad de Base Agroforestal del municipio de Baragu\u00e1, aunque seg\u00fan los datos manejados por la oficialista agencia de prensa, en total se encuentran relacionadas con el tr\u00e1fico de oro, alrededor de 300 personas pertenecientes a las provincias de Camag\u00fcey, Las Tunas y Holgu\u00edn.<\/p>\n\n\n\n<p>De acuerdo con el informe policial, los involucrados en el hecho revelaron que las piedras extra\u00eddas se vend\u00edan en el mercado negro por un valor de mil pesos cubanos, teniendo en cuenta que en la actualidad el gramo del mineral se comercializa a 2500 pesos.<\/p>\n\n\n\n<p>Adem\u00e1s de los 50 sacos confiscados, las autoridades efectuaron el decomiso de dos bicicletas, un caballo y su veh\u00edculo de tracci\u00f3n, as\u00ed como las herramientas y dispositivos usados tanto para la extracci\u00f3n y excavaci\u00f3n, como para la detecci\u00f3n de metales.<\/p>\n\n\n\n<p>Asimismo, se conocieron sobre las cuatro denuncias establecidas por el tr\u00e1fico ilegal de minerales y la otra por el uso indebido de recursos minerales. Adem\u00e1s de las advertencias oficiales a 34 ciudadanos y las otras 90 multas por violaciones a los decretos leyes fijados por el gobierno. El c\u00f3digo penal cubano estableces sanciones de tres a\u00f1os de privaci\u00f3n de libertad, o multas de hasta 500 pesos por el tr\u00e1fico ilegal de metales y piedras preciosas.<\/p>\n\n\n\n<p>En la nota oficial difundida por varios medios se precisa adem\u00e1s que el enfrentamiento a los presuntos delincuentes se llev\u00f3 a cabo de manera conjunta entre el Cuerpo de Guardabosques, las fuerzas conjuntas del Ministerio del Interior con representantes de los organismos de Energ\u00eda y Minas, as\u00ed como la Ofician de Regulaci\u00f3n y Seguridad Ambiental.<\/p>\n\n\n\n<p>\u201cEl plan de gobierno para la prevenci\u00f3n y enfrentamiento a los hechos que afectan los recursos naturales es resultado de un estudio riguroso sobre las deficiencias en el manejo, a partir del cual se afianza la responsabilidad de los organismos responsabilizados por la protecci\u00f3n y el uso sostenible del medio ambiente\u201d, precis\u00f3 una nota publicada por<em> Cubadebate<\/em>.<\/p>\n\n\n\n<p>En junio pasado, el <a href=\"https:\/\/www.granma.cu\/cuba\/2021-06-20\/los-afiebrados-del-oro-y-sus-estragos-10-06-2021-00-06-19\" target=\"_blank\" rel=\"noreferrer noopener nofollow\">diario Granma<\/a> citaba a Juan Ruiz, el director del Miner\u00eda del Ministerio de Energ\u00eda y Minas, quien explicaba que desde 2013 esta pr\u00e1ctica ilegal hab\u00eda mostrado un ligero incremento en el pa\u00eds, mayormente en la zona central y oriental, donde seg\u00fan asegur\u00f3, persisten residuos en antiguos yacimientos de oro.<\/p>\n\n\n\n<p>Aunque Cuba no cuenta con grandes reservas de este material, a inicios de diciembre, el propio diario revelaba el hallazgo de un yacimiento en la regi\u00f3n de Camag\u00fcey.<\/p>\n","protected":false},"excerpt":{"rendered":"<p>Adem\u00e1s de los 50 sacos confiscados, las autoridades efectuaron el decomiso de dos bicicletas, un caballo y su veh\u00edculo de tracci\u00f3n<\/p>\n","protected":false},"author":24,"featured_media":0,"comment_status":"closed","ping_status":"closed","sticky":false,"template":"","format":"standard","meta":{"_acf_changed":false,"footnotes":""},"categories":[955],"tags":[92,941,744],"class_list":{"0":"post-83314","1":"post","2":"type-post","3":"status-publish","4":"format-standard","6":"category-noticias-de-cuba","7":"tag-cubanos","8":"tag-destacado","9":"tag-oro"},"acf":[],"yoast_head":"<!-- This site is optimized with the Yoast SEO plugin v27.5 - https:\/\/yoast.com\/product\/yoast-seo-wordpress\/ -->\n<title>La fiebre del oro: cerca de 300 cubanos acusados por extracci\u00f3n y robo<\/title>\n<meta name=\"description\" content=\"Una red de extracci\u00f3n y tr\u00e1fico de oro fue desmantelada esta semana en la provincia de Ciego de \u00c1vila, seg\u00fan informaron medios de prensa.\" \/>\n<meta name=\"robots\" content=\"index, follow, max-snippet:-1, max-image-preview:large, max-video-preview:-1\" \/>\n<link rel=\"canonical\" href=\"https:\/\/www.cuballama.com\/noticias\/la-fiebre-del-oro-cerca-de-300-cubanos-acusados-por-extraccion-y-robo\/\" \/>\n<meta property=\"og:locale\" content=\"es_ES\" \/>\n<meta property=\"og:type\" content=\"article\" \/>\n<meta property=\"og:title\" content=\"La fiebre del oro: cerca de 300 cubanos acusados por extracci\u00f3n y robo\" \/>\n<meta property=\"og:description\" content=\"Una red de extracci\u00f3n y tr\u00e1fico de oro fue desmantelada esta semana en la provincia de Ciego de \u00c1vila, seg\u00fan informaron medios de prensa.\" \/>\n<meta property=\"og:url\" content=\"https:\/\/www.cuballama.com\/noticias\/la-fiebre-del-oro-cerca-de-300-cubanos-acusados-por-extraccion-y-robo\/\" \/>\n<meta property=\"og:site_name\" content=\"Cuballama Noticias\" \/>\n<meta property=\"article:publisher\" content=\"https:\/\/www.facebook.com\/CubaLlama\" \/>\n<meta property=\"article:published_time\" content=\"2021-12-20T17:15:58+00:00\" \/>\n<meta property=\"article:modified_time\" content=\"2021-12-20T17:16:02+00:00\" \/>\n<meta property=\"og:image\" content=\"https:\/\/www.cuballama.com\/noticias\/wp-content\/uploads\/2021\/12\/oro.jpg\" \/>\n\t<meta property=\"og:image:width\" content=\"1023\" \/>\n\t<meta property=\"og:image:height\" content=\"576\" \/>\n\t<meta property=\"og:image:type\" content=\"image\/jpeg\" \/>\n<meta name=\"author\" content=\"Manu\" \/>\n<meta name=\"twitter:card\" content=\"summary_large_image\" \/>\n<meta name=\"twitter:creator\" content=\"@cuballama\" \/>\n<meta name=\"twitter:site\" content=\"@cuballama\" \/>\n<meta name=\"twitter:label1\" content=\"Escrito por\" \/>\n\t<meta name=\"twitter:data1\" content=\"Manu\" \/>\n\t<meta name=\"twitter:label2\" content=\"Tiempo de lectura\" \/>\n\t<meta name=\"twitter:data2\" content=\"3 minutos\" \/>\n<script type=\"application\/ld+json\" class=\"yoast-schema-graph\">{\"@context\":\"https:\\\/\\\/schema.org\",\"@graph\":[{\"@type\":\"Article\",\"@id\":\"https:\\\/\\\/www.cuballama.com\\\/noticias\\\/la-fiebre-del-oro-cerca-de-300-cubanos-acusados-por-extraccion-y-robo\\\/#article\",\"isPartOf\":{\"@id\":\"https:\\\/\\\/www.cuballama.com\\\/noticias\\\/la-fiebre-del-oro-cerca-de-300-cubanos-acusados-por-extraccion-y-robo\\\/\"},\"author\":{\"name\":\"Manu\",\"@id\":\"https:\\\/\\\/www.cuballama.com\\\/noticias\\\/#\\\/schema\\\/person\\\/5889f7d070564f8386e7944d14d436cd\"},\"headline\":\"La fiebre del oro: cerca de 300 cubanos acusados por extracci\u00f3n y robo\",\"datePublished\":\"2021-12-20T17:15:58+00:00\",\"dateModified\":\"2021-12-20T17:16:02+00:00\",\"mainEntityOfPage\":{\"@id\":\"https:\\\/\\\/www.cuballama.com\\\/noticias\\\/la-fiebre-del-oro-cerca-de-300-cubanos-acusados-por-extraccion-y-robo\\\/\"},\"wordCount\":501,\"publisher\":{\"@id\":\"https:\\\/\\\/www.cuballama.com\\\/noticias\\\/#organization\"},\"keywords\":[\"cubanos\",\"destacado\",\"Oro\"],\"articleSection\":[\"Noticias de Cuba\"],\"inLanguage\":\"es\"},{\"@type\":\"WebPage\",\"@id\":\"https:\\\/\\\/www.cuballama.com\\\/noticias\\\/la-fiebre-del-oro-cerca-de-300-cubanos-acusados-por-extraccion-y-robo\\\/\",\"url\":\"https:\\\/\\\/www.cuballama.com\\\/noticias\\\/la-fiebre-del-oro-cerca-de-300-cubanos-acusados-por-extraccion-y-robo\\\/\",\"name\":\"La fiebre del oro: cerca de 300 cubanos acusados por extracci\u00f3n y robo\",\"isPartOf\":{\"@id\":\"https:\\\/\\\/www.cuballama.com\\\/noticias\\\/#website\"},\"datePublished\":\"2021-12-20T17:15:58+00:00\",\"dateModified\":\"2021-12-20T17:16:02+00:00\",\"description\":\"Una red de extracci\u00f3n y tr\u00e1fico de oro fue desmantelada esta semana en la provincia de Ciego de \u00c1vila, seg\u00fan informaron medios de prensa.\",\"breadcrumb\":{\"@id\":\"https:\\\/\\\/www.cuballama.com\\\/noticias\\\/la-fiebre-del-oro-cerca-de-300-cubanos-acusados-por-extraccion-y-robo\\\/#breadcrumb\"},\"inLanguage\":\"es\",\"potentialAction\":[{\"@type\":\"ReadAction\",\"target\":[\"https:\\\/\\\/www.cuballama.com\\\/noticias\\\/la-fiebre-del-oro-cerca-de-300-cubanos-acusados-por-extraccion-y-robo\\\/\"]}]},{\"@type\":\"BreadcrumbList\",\"@id\":\"https:\\\/\\\/www.cuballama.com\\\/noticias\\\/la-fiebre-del-oro-cerca-de-300-cubanos-acusados-por-extraccion-y-robo\\\/#breadcrumb\",\"itemListElement\":[{\"@type\":\"ListItem\",\"position\":1,\"name\":\"Home\",\"item\":\"https:\\\/\\\/www.cuballama.com\\\/noticias\\\/\"},{\"@type\":\"ListItem\",\"position\":2,\"name\":\"La fiebre del oro: cerca de 300 cubanos acusados por extracci\u00f3n y robo\"}]},{\"@type\":\"WebSite\",\"@id\":\"https:\\\/\\\/www.cuballama.com\\\/noticias\\\/#website\",\"url\":\"https:\\\/\\\/www.cuballama.com\\\/noticias\\\/\",\"name\":\"Cuballama Noticias\",\"description\":\"Medio digital sobre Cuba y el mundo\",\"publisher\":{\"@id\":\"https:\\\/\\\/www.cuballama.com\\\/noticias\\\/#organization\"},\"potentialAction\":[{\"@type\":\"SearchAction\",\"target\":{\"@type\":\"EntryPoint\",\"urlTemplate\":\"https:\\\/\\\/www.cuballama.com\\\/noticias\\\/?s={search_term_string}\"},\"query-input\":{\"@type\":\"PropertyValueSpecification\",\"valueRequired\":true,\"valueName\":\"search_term_string\"}}],\"inLanguage\":\"es\"},{\"@type\":\"Organization\",\"@id\":\"https:\\\/\\\/www.cuballama.com\\\/noticias\\\/#organization\",\"name\":\"Cuballama\",\"url\":\"https:\\\/\\\/www.cuballama.com\\\/noticias\\\/\",\"logo\":{\"@type\":\"ImageObject\",\"inLanguage\":\"es\",\"@id\":\"https:\\\/\\\/www.cuballama.com\\\/noticias\\\/#\\\/schema\\\/logo\\\/image\\\/\",\"url\":\"https:\\\/\\\/cdn1.mediawpaccore.net\\\/wp-content\\\/uploads\\\/2021\\\/12\\\/28171206\\\/cbll-logo-color-sm.png\",\"contentUrl\":\"https:\\\/\\\/cdn1.mediawpaccore.net\\\/wp-content\\\/uploads\\\/2021\\\/12\\\/28171206\\\/cbll-logo-color-sm.png\",\"width\":600,\"height\":133,\"caption\":\"Cuballama\"},\"image\":{\"@id\":\"https:\\\/\\\/www.cuballama.com\\\/noticias\\\/#\\\/schema\\\/logo\\\/image\\\/\"},\"sameAs\":[\"https:\\\/\\\/www.facebook.com\\\/CubaLlama\",\"https:\\\/\\\/x.com\\\/cuballama\",\"https:\\\/\\\/www.instagram.com\\\/stories\\\/cuballama_oficial\\\/\",\"https:\\\/\\\/www.youtube.com\\\/channel\\\/UCKkFE-d_axENGZcrc4as0IA\"]},{\"@type\":\"Person\",\"@id\":\"https:\\\/\\\/www.cuballama.com\\\/noticias\\\/#\\\/schema\\\/person\\\/5889f7d070564f8386e7944d14d436cd\",\"name\":\"Manu\",\"url\":\"https:\\\/\\\/www.cuballama.com\\\/noticias\\\/author\\\/manu\\\/\"}]}<\/script>\n<!-- \/ Yoast SEO plugin. -->","yoast_head_json":{"title":"La fiebre del oro: cerca de 300 cubanos acusados por extracci\u00f3n y robo","description":"Una red de extracci\u00f3n y tr\u00e1fico de oro fue desmantelada esta semana en la provincia de Ciego de \u00c1vila, seg\u00fan informaron medios de prensa.","robots":{"index":"index","follow":"follow","max-snippet":"max-snippet:-1","max-image-preview":"max-image-preview:large","max-video-preview":"max-video-preview:-1"},"canonical":"https:\/\/www.cuballama.com\/noticias\/la-fiebre-del-oro-cerca-de-300-cubanos-acusados-por-extraccion-y-robo\/","og_locale":"es_ES","og_type":"article","og_title":"La fiebre del oro: cerca de 300 cubanos acusados por extracci\u00f3n y robo","og_description":"Una red de extracci\u00f3n y tr\u00e1fico de oro fue desmantelada esta semana en la provincia de Ciego de \u00c1vila, seg\u00fan informaron medios de prensa.","og_url":"https:\/\/www.cuballama.com\/noticias\/la-fiebre-del-oro-cerca-de-300-cubanos-acusados-por-extraccion-y-robo\/","og_site_name":"Cuballama Noticias","article_publisher":"https:\/\/www.facebook.com\/CubaLlama","article_published_time":"2021-12-20T17:15:58+00:00","article_modified_time":"2021-12-20T17:16:02+00:00","og_image":[{"width":1023,"height":576,"url":"https:\/\/www.cuballama.com\/noticias\/wp-content\/uploads\/2021\/12\/oro.jpg","type":"image\/jpeg"}],"author":"Manu","twitter_card":"summary_large_image","twitter_creator":"@cuballama","twitter_site":"@cuballama","twitter_misc":{"Escrito por":"Manu","Tiempo de lectura":"3 minutos"},"schema":{"@context":"https:\/\/schema.org","@graph":[{"@type":"Article","@id":"https:\/\/www.cuballama.com\/noticias\/la-fiebre-del-oro-cerca-de-300-cubanos-acusados-por-extraccion-y-robo\/#article","isPartOf":{"@id":"https:\/\/www.cuballama.com\/noticias\/la-fiebre-del-oro-cerca-de-300-cubanos-acusados-por-extraccion-y-robo\/"},"author":{"name":"Manu","@id":"https:\/\/www.cuballama.com\/noticias\/#\/schema\/person\/5889f7d070564f8386e7944d14d436cd"},"headline":"La fiebre del oro: cerca de 300 cubanos acusados por extracci\u00f3n y robo","datePublished":"2021-12-20T17:15:58+00:00","dateModified":"2021-12-20T17:16:02+00:00","mainEntityOfPage":{"@id":"https:\/\/www.cuballama.com\/noticias\/la-fiebre-del-oro-cerca-de-300-cubanos-acusados-por-extraccion-y-robo\/"},"wordCount":501,"publisher":{"@id":"https:\/\/www.cuballama.com\/noticias\/#organization"},"keywords":["cubanos","destacado","Oro"],"articleSection":["Noticias de Cuba"],"inLanguage":"es"},{"@type":"WebPage","@id":"https:\/\/www.cuballama.com\/noticias\/la-fiebre-del-oro-cerca-de-300-cubanos-acusados-por-extraccion-y-robo\/","url":"https:\/\/www.cuballama.com\/noticias\/la-fiebre-del-oro-cerca-de-300-cubanos-acusados-por-extraccion-y-robo\/","name":"La fiebre del oro: cerca de 300 cubanos acusados por extracci\u00f3n y robo","isPartOf":{"@id":"https:\/\/www.cuballama.com\/noticias\/#website"},"datePublished":"2021-12-20T17:15:58+00:00","dateModified":"2021-12-20T17:16:02+00:00","description":"Una red de extracci\u00f3n y tr\u00e1fico de oro fue desmantelada esta semana en la provincia de Ciego de \u00c1vila, seg\u00fan informaron medios de prensa.","breadcrumb":{"@id":"https:\/\/www.cuballama.com\/noticias\/la-fiebre-del-oro-cerca-de-300-cubanos-acusados-por-extraccion-y-robo\/#breadcrumb"},"inLanguage":"es","potentialAction":[{"@type":"ReadAction","target":["https:\/\/www.cuballama.com\/noticias\/la-fiebre-del-oro-cerca-de-300-cubanos-acusados-por-extraccion-y-robo\/"]}]},{"@type":"BreadcrumbList","@id":"https:\/\/www.cuballama.com\/noticias\/la-fiebre-del-oro-cerca-de-300-cubanos-acusados-por-extraccion-y-robo\/#breadcrumb","itemListElement":[{"@type":"ListItem","position":1,"name":"Home","item":"https:\/\/www.cuballama.com\/noticias\/"},{"@type":"ListItem","position":2,"name":"La fiebre del oro: cerca de 300 cubanos acusados por extracci\u00f3n y robo"}]},{"@type":"WebSite","@id":"https:\/\/www.cuballama.com\/noticias\/#website","url":"https:\/\/www.cuballama.com\/noticias\/","name":"Cuballama Noticias","description":"Medio digital sobre Cuba y el mundo","publisher":{"@id":"https:\/\/www.cuballama.com\/noticias\/#organization"},"potentialAction":[{"@type":"SearchAction","target":{"@type":"EntryPoint","urlTemplate":"https:\/\/www.cuballama.com\/noticias\/?s={search_term_string}"},"query-input":{"@type":"PropertyValueSpecification","valueRequired":true,"valueName":"search_term_string"}}],"inLanguage":"es"},{"@type":"Organization","@id":"https:\/\/www.cuballama.com\/noticias\/#organization","name":"Cuballama","url":"https:\/\/www.cuballama.com\/noticias\/","logo":{"@type":"ImageObject","inLanguage":"es","@id":"https:\/\/www.cuballama.com\/noticias\/#\/schema\/logo\/image\/","url":"https:\/\/cdn1.mediawpaccore.net\/wp-content\/uploads\/2021\/12\/28171206\/cbll-logo-color-sm.png","contentUrl":"https:\/\/cdn1.mediawpaccore.net\/wp-content\/uploads\/2021\/12\/28171206\/cbll-logo-color-sm.png","width":600,"height":133,"caption":"Cuballama"},"image":{"@id":"https:\/\/www.cuballama.com\/noticias\/#\/schema\/logo\/image\/"},"sameAs":["https:\/\/www.facebook.com\/CubaLlama","https:\/\/x.com\/cuballama","https:\/\/www.instagram.com\/stories\/cuballama_oficial\/","https:\/\/www.youtube.com\/channel\/UCKkFE-d_axENGZcrc4as0IA"]},{"@type":"Person","@id":"https:\/\/www.cuballama.com\/noticias\/#\/schema\/person\/5889f7d070564f8386e7944d14d436cd","name":"Manu","url":"https:\/\/www.cuballama.com\/noticias\/author\/manu\/"}]}},"_links":{"self":[{"href":"https:\/\/www.cuballama.com\/noticias\/wp-json\/wp\/v2\/posts\/83314","targetHints":{"allow":["GET"]}}],"collection":[{"href":"https:\/\/www.cuballama.com\/noticias\/wp-json\/wp\/v2\/posts"}],"about":[{"href":"https:\/\/www.cuballama.com\/noticias\/wp-json\/wp\/v2\/types\/post"}],"author":[{"embeddable":true,"href":"https:\/\/www.cuballama.com\/noticias\/wp-json\/wp\/v2\/users\/24"}],"replies":[{"embeddable":true,"href":"https:\/\/www.cuballama.com\/noticias\/wp-json\/wp\/v2\/comments?post=83314"}],"version-history":[{"count":1,"href":"https:\/\/www.cuballama.com\/noticias\/wp-json\/wp\/v2\/posts\/83314\/revisions"}],"predecessor-version":[{"id":83316,"href":"https:\/\/www.cuballama.com\/noticias\/wp-json\/wp\/v2\/posts\/83314\/revisions\/83316"}],"wp:attachment":[{"href":"https:\/\/www.cuballama.com\/noticias\/wp-json\/wp\/v2\/media?parent=83314"}],"wp:term":[{"taxonomy":"category","embeddable":true,"href":"https:\/\/www.cuballama.com\/noticias\/wp-json\/wp\/v2\/categories?post=83314"},{"taxonomy":"post_tag","embeddable":true,"href":"https:\/\/www.cuballama.com\/noticias\/wp-json\/wp\/v2\/tags?post=83314"}],"curies":[{"name":"wp","href":"https:\/\/api.w.org\/{rel}","templated":true}]}}