{"id":82361,"date":"2021-12-06T09:46:28","date_gmt":"2021-12-06T14:46:28","guid":{"rendered":"https:\/\/www.cuballama.com\/noticias\/?p=82361"},"modified":"2021-12-06T09:46:31","modified_gmt":"2021-12-06T14:46:31","slug":"archipielago-se-desintegra-poco-a-poco","status":"publish","type":"post","link":"https:\/\/www.cuballama.com\/noticias\/archipielago-se-desintegra-poco-a-poco\/","title":{"rendered":"Archipi\u00e9lago se desintegra poco a poco"},"content":{"rendered":"\n<h2 class=\"wp-block-heading\">De un modo u otro, Archipi\u00e9lago parece desmoronarse lentamente, debido fundamentalmente a \u00abdiferencias\u00bb entre sus miembros fundadores y m\u00e1s activos.<\/h2>\n\n\n\n<p>Tres destacados miembros dentro de la Plataforma Archipi\u00e9lago, Saily Gonz\u00e1lez, Fernando Almeyda y Magdiel Castro decidieron salir de la misma, un hecho que a muchos asombra, a otros molesta y otros apoyan.<\/p>\n\n\n\n<p>Luego de la partida a Madrid de su principal vocero, Yunior Garc\u00eda, Archipi\u00e9lago ha sufrido golpes tras golpes. Leo Fern\u00e1ndez Ota\u00f1o se deslig\u00f3 de toda relaci\u00f3n hace apenas dos semanas;y en las \u00faltimas horas lo han hecho, Saily, Almeyda y Castro.<\/p>\n\n\n\n<p>As\u00ed recog\u00eda Almeyda su salida el pasado 3 de diciembre:<\/p>\n\n\n\n<p>\u00ab<em>Hoy es un hasta luego, no un adi\u00f3s. Todo en la vida tiene un ciclo, y hoy termina el m\u00edo como Coordinador del grupo Archipi\u00e9lago,\u00bb <\/em>encabez\u00f3 Almeyda su explicaci\u00f3n y dijo que la decisi\u00f3n, ten\u00eda varios motivos.<\/p>\n\n\n\n<p><em>\u00abNo obstante el afecto que me une a los camaradas con los que he estado colaborando en estos meses de lucha c\u00edvica, siento que mi camino como Coordinador y Moderador de la plataforma ha llegado a su fin. Asumir este rol implica una responsabilidad, que de cara a los \u00faltimos acontecimientos y decisiones del grupo no puedo asumir.<\/em><\/p>\n\n\n\n<p><em>El matiz pol\u00edtico de la plataforma y de algunos de sus coordinadores, si bien estoy seguro que benefician a la causa cubana, se est\u00e1 alejando de mis ideas, mi forma de pensar y mi postura pol\u00edtica.<\/em><\/p>\n\n\n\n<p><em>Quiero dejar claro que esto no significa que me aparto de la lucha, de hecho, continuar\u00e9 como una isla m\u00e1s del Archipi\u00e9lago, como un seguidor m\u00e1s de este proyecto.<\/em><\/p>\n\n\n\n<p><em>La lucha de Archipi\u00e9lago representa una fuerza m\u00e1s ( no la \u00fanica) en funci\u00f3n de un bien mayor: la justicia, la libertad, la democracia y el bienestar para el pueblo cubano. A esa lucha me debo, y a TODOS los proyectos y actores que compartan esa visi\u00f3n.<\/em><\/p>\n\n\n\n<p><em>No es un adi\u00f3s, es un nos vemos en el camino. Mientras tanto mi asesor\u00eda como jur\u00eddico, mi consejo, y mi amistad sincera sigue intacta para todas esas personas maravillosas y valientes que he conocido en este viaje. CubaDeTodos ProhibidoRendirse ProhibidoOlvidar LibertadParaLosPresosPoliticos, \u00ab<\/em> <a href=\"https:\/\/www.facebook.com\/permalink.php?story_fbid=1322784258184385&amp;id=100013584692075\" target=\"_blank\" rel=\"noreferrer noopener nofollow\">expres\u00f3<\/a>.<\/p>\n\n\n\n<iframe loading=\"lazy\" src=\"https:\/\/www.facebook.com\/plugins\/post.php?href=https%3A%2F%2Fwww.facebook.com%2Fpermalink.php%3Fstory_fbid%3D1322784258184385%26id%3D100013584692075&#038;show_text=true&#038;width=500\" width=\"500\" height=\"310\" style=\"border:none;overflow:hidden\" scrolling=\"no\" frameborder=\"0\" allowfullscreen=\"true\" allow=\"autoplay; clipboard-write; encrypted-media; picture-in-picture; web-share\"><\/iframe>\n\n\n\n<p>Magdiel Castro, uno de los \u00abtuiteros\u00bb de mayor reconocimiento dentro de Cuba, por su parte, exclam\u00f3.<\/p>\n\n\n\n<p>\u00abHoy dejo Archipi\u00e9lago, agradecido por estos intensos meses al lado de personas tan valientes\u2026 el camino a la democracia es largo y escabroso pero el fin merece todo sacrificio posible\u2026 hay m\u00e1s de 600 presos pol\u00edticos y una dictadura que tumbar\u2026 es hora de unirnos\u00bb, escribi\u00f3 el activista en Twitter, donde tiene m\u00e1s de 26 mil seguidores.<\/p>\n\n\n\n<figure class=\"wp-block-embed is-type-rich is-provider-twitter wp-block-embed-twitter\"><div class=\"wp-block-embed__wrapper\">\n<blockquote class=\"twitter-tweet\" data-width=\"550\" data-dnt=\"true\"><p lang=\"es\" dir=\"ltr\">Hoy dejo Archipi\u00e9lago, agradecido por estos intensos meses al lado de personas tan valientes&#8230; el camino a la democracia es largo y escabroso pero el fin merece todo sacrificio posible&#8230; hay m\u00e1s de 600 presos pol\u00edticos y una dictadura que tumbar&#8230; es hora de unirnos\ud83e\udd0d<\/p>&mdash; Mag Jorge Castro\ud83c\udde8\ud83c\uddfa (@mjorgec1994) <a href=\"https:\/\/twitter.com\/mjorgec1994\/status\/1467573449799331842?ref_src=twsrc%5Etfw\">December 5, 2021<\/a><\/blockquote><script async src=\"https:\/\/platform.twitter.com\/widgets.js\" charset=\"utf-8\"><\/script>\n<\/div><\/figure>\n\n\n\n<p>El anuncio fue hecho ayer domingo; d\u00eda tambi\u00e9n escogido por la activista cubana Saily Gonz\u00e1lez para salirse tambi\u00e9n de Archipi\u00e9lago. El anuncio de Saily lleg\u00f3 dos horas despu\u00e9s.<\/p>\n\n\n\n<p>\u201cHoy me aparto de Archipi\u00e9lago, el emprendimiento m\u00e1s importante al que he contribuido en mi vida y el grupo humano que m\u00e1s fraterno me ha sido y es. Motivo: mi mundo anda en 48 cuadros por segundo y la l\u00f3gica hace que Archipi\u00e9lago ande en 24. No busquen m\u00e1s razones que no hay\u201d, apunt\u00f3 Gonz\u00e1lez en su cuenta de <a href=\"https:\/\/twitter.com\/SailydeAmarillo\/status\/1467600099723386895\" target=\"_blank\" rel=\"noreferrer noopener\">Twitter<\/a>.<\/p>\n\n\n\n<figure class=\"wp-block-embed is-type-rich is-provider-twitter wp-block-embed-twitter\"><div class=\"wp-block-embed__wrapper\">\n<blockquote class=\"twitter-tweet\" data-width=\"550\" data-dnt=\"true\"><p lang=\"es\" dir=\"ltr\">Hoy me aparto de Archipi\u00e9lago, el emprendimiento m\u00e1s importante al que he contribuido en mi vida y el grupo humano que m\u00e1s fraterno me ha sido y es.<br>Motivo: mi mundo anda en 48 cuadros por segundo y la l\u00f3gica hace que Archipi\u00e9lago ande en 24.<br>No busquen m\u00e1s razones que no hay.<\/p>&mdash; Saily de Amarillo\uea00 (@SailydeAmarillo) <a href=\"https:\/\/twitter.com\/SailydeAmarillo\/status\/1467600099723386895?ref_src=twsrc%5Etfw\">December 5, 2021<\/a><\/blockquote><script async src=\"https:\/\/platform.twitter.com\/widgets.js\" charset=\"utf-8\"><\/script>\n<\/div><\/figure>\n\n\n\n<p>Castro, nacido en 1994, y graduado en la carrera de Microbiolog\u00eda reside en Bolivia desde hace aproximadamente dos a\u00f1os. Ha sido uno de los activistas por los derechos humanos en Cuba con mayor presencia en las redes sociales. <\/p>\n\n\n\n<p>Con su salida suman ya cinco los coordinadores de la plataforma que hacen p\u00fablica su renuncia tras la salida de Cuba del dramaturgo Yunior Garc\u00eda Aguilera, l\u00edder de la convocatoria.<\/p>\n\n\n\n<p>A todos ellos se una la activista Daniela Rojo, quien tambi\u00e9n a trav\u00e9s de las redes sociales hab\u00eda anunciado su renuncia a la plataforma, alegando razones personales.<\/p>\n\n\n\n<p>Archipi\u00e9lago lleg\u00f3 a reunir 30 mil miembros, la mayor\u00eda dentro de la isla, pero al parecer ya es cosa del pasado, tras la salida de sus principales promotores.<\/p>\n\n\n\n<p>La plataforma ciudadana Archipi\u00e9lago fue la impulsora de la frustrada Marcha C\u00edvica por el Cambio, convocada para el pasado 15 de noviembre en la isla.<\/p>\n\n\n\n<p><strong>tal vez quieras leer: <a href=\"https:\/\/www.cuballama.com\/noticias\/cubanos-acosados-por-filiacion-a-archipielago-15n\/\" target=\"_blank\" rel=\"noreferrer noopener\">Cubanos acosados por filiaci\u00f3n a Archipi\u00e9lago y al 15N<\/a><\/strong><\/p>\n","protected":false},"excerpt":{"rendered":"<p>De un modo u otro, Archipi\u00e9lago parece desmoronarse lentamente, debido fundamentalmente a \u00abdiferencias\u00bb entre sus miembros fundadores y m\u00e1s activos. Tres destacados miembros dentro de la Plataforma Archipi\u00e9lago, Saily Gonz\u00e1lez, Fernando Almeyda y Magdiel Castro decidieron salir de la misma, un hecho que a muchos asombra, a otros molesta y otros apoyan. Luego de la [&hellip;]<\/p>\n","protected":false},"author":13,"featured_media":0,"comment_status":"closed","ping_status":"closed","sticky":false,"template":"","format":"standard","meta":{"_acf_changed":false,"footnotes":""},"categories":[955],"tags":[11688,12055,11933],"class_list":{"0":"post-82361","1":"post","2":"type-post","3":"status-publish","4":"format-standard","6":"category-noticias-de-cuba","7":"tag-archipielago","8":"tag-fernando-almeyda","9":"tag-saily-gonzalez-velazquez"},"acf":[],"yoast_head":"<!-- This site is optimized with the Yoast SEO plugin v27.5 - https:\/\/yoast.com\/product\/yoast-seo-wordpress\/ -->\n<title>Archipi\u00e9lago se desintegra poco a poco - Cuballama Noticias<\/title>\n<meta name=\"description\" content=\"Archipi\u00e9lago era la esperanza de un pueblo mutilado y sin uniones. Sin embargo, tras la partida de Yunior Garc\u00eda de Cuba, todo ha ido a mal.\" \/>\n<meta name=\"robots\" content=\"index, follow, max-snippet:-1, max-image-preview:large, max-video-preview:-1\" \/>\n<link rel=\"canonical\" href=\"https:\/\/www.cuballama.com\/noticias\/archipielago-se-desintegra-poco-a-poco\/\" \/>\n<meta property=\"og:locale\" content=\"es_ES\" \/>\n<meta property=\"og:type\" content=\"article\" \/>\n<meta property=\"og:title\" content=\"Archipi\u00e9lago se desintegra poco a poco - Cuballama Noticias\" \/>\n<meta property=\"og:description\" content=\"Archipi\u00e9lago era la esperanza de un pueblo mutilado y sin uniones. Sin embargo, tras la partida de Yunior Garc\u00eda de Cuba, todo ha ido a mal.\" \/>\n<meta property=\"og:url\" content=\"https:\/\/www.cuballama.com\/noticias\/archipielago-se-desintegra-poco-a-poco\/\" \/>\n<meta property=\"og:site_name\" content=\"Cuballama Noticias\" \/>\n<meta property=\"article:publisher\" content=\"https:\/\/www.facebook.com\/CubaLlama\" \/>\n<meta property=\"article:published_time\" content=\"2021-12-06T14:46:28+00:00\" \/>\n<meta property=\"article:modified_time\" content=\"2021-12-06T14:46:31+00:00\" \/>\n<meta property=\"og:image\" content=\"https:\/\/www.cuballama.com\/noticias\/wp-content\/uploads\/2021\/12\/archipielago.jpg\" \/>\n\t<meta property=\"og:image:width\" content=\"1200\" \/>\n\t<meta property=\"og:image:height\" content=\"630\" \/>\n\t<meta property=\"og:image:type\" content=\"image\/jpeg\" \/>\n<meta name=\"author\" content=\"Roberto A.\" \/>\n<meta name=\"twitter:card\" content=\"summary_large_image\" \/>\n<meta name=\"twitter:creator\" content=\"@cuballama\" \/>\n<meta name=\"twitter:site\" content=\"@cuballama\" \/>\n<meta name=\"twitter:label1\" content=\"Escrito por\" \/>\n\t<meta name=\"twitter:data1\" content=\"Roberto A.\" \/>\n\t<meta name=\"twitter:label2\" content=\"Tiempo de lectura\" \/>\n\t<meta name=\"twitter:data2\" content=\"3 minutos\" \/>\n<script type=\"application\/ld+json\" class=\"yoast-schema-graph\">{\"@context\":\"https:\\\/\\\/schema.org\",\"@graph\":[{\"@type\":\"Article\",\"@id\":\"https:\\\/\\\/www.cuballama.com\\\/noticias\\\/archipielago-se-desintegra-poco-a-poco\\\/#article\",\"isPartOf\":{\"@id\":\"https:\\\/\\\/www.cuballama.com\\\/noticias\\\/archipielago-se-desintegra-poco-a-poco\\\/\"},\"author\":{\"name\":\"Roberto A.\",\"@id\":\"https:\\\/\\\/www.cuballama.com\\\/noticias\\\/#\\\/schema\\\/person\\\/a58502ed4146c8e9f83872e897c76cd2\"},\"headline\":\"Archipi\u00e9lago se desintegra poco a poco\",\"datePublished\":\"2021-12-06T14:46:28+00:00\",\"dateModified\":\"2021-12-06T14:46:31+00:00\",\"mainEntityOfPage\":{\"@id\":\"https:\\\/\\\/www.cuballama.com\\\/noticias\\\/archipielago-se-desintegra-poco-a-poco\\\/\"},\"wordCount\":744,\"publisher\":{\"@id\":\"https:\\\/\\\/www.cuballama.com\\\/noticias\\\/#organization\"},\"keywords\":[\"Archipi\u00e9lago\",\"Fernando Almeyda\",\"Saily Gonz\u00e1lez Vel\u00e1zquez\"],\"articleSection\":[\"Noticias de Cuba\"],\"inLanguage\":\"es\"},{\"@type\":\"WebPage\",\"@id\":\"https:\\\/\\\/www.cuballama.com\\\/noticias\\\/archipielago-se-desintegra-poco-a-poco\\\/\",\"url\":\"https:\\\/\\\/www.cuballama.com\\\/noticias\\\/archipielago-se-desintegra-poco-a-poco\\\/\",\"name\":\"Archipi\u00e9lago se desintegra poco a poco - Cuballama Noticias\",\"isPartOf\":{\"@id\":\"https:\\\/\\\/www.cuballama.com\\\/noticias\\\/#website\"},\"datePublished\":\"2021-12-06T14:46:28+00:00\",\"dateModified\":\"2021-12-06T14:46:31+00:00\",\"description\":\"Archipi\u00e9lago era la esperanza de un pueblo mutilado y sin uniones. Sin embargo, tras la partida de Yunior Garc\u00eda de Cuba, todo ha ido a mal.\",\"breadcrumb\":{\"@id\":\"https:\\\/\\\/www.cuballama.com\\\/noticias\\\/archipielago-se-desintegra-poco-a-poco\\\/#breadcrumb\"},\"inLanguage\":\"es\",\"potentialAction\":[{\"@type\":\"ReadAction\",\"target\":[\"https:\\\/\\\/www.cuballama.com\\\/noticias\\\/archipielago-se-desintegra-poco-a-poco\\\/\"]}]},{\"@type\":\"BreadcrumbList\",\"@id\":\"https:\\\/\\\/www.cuballama.com\\\/noticias\\\/archipielago-se-desintegra-poco-a-poco\\\/#breadcrumb\",\"itemListElement\":[{\"@type\":\"ListItem\",\"position\":1,\"name\":\"Home\",\"item\":\"https:\\\/\\\/www.cuballama.com\\\/noticias\\\/\"},{\"@type\":\"ListItem\",\"position\":2,\"name\":\"Archipi\u00e9lago se desintegra poco a poco\"}]},{\"@type\":\"WebSite\",\"@id\":\"https:\\\/\\\/www.cuballama.com\\\/noticias\\\/#website\",\"url\":\"https:\\\/\\\/www.cuballama.com\\\/noticias\\\/\",\"name\":\"Cuballama Noticias\",\"description\":\"Medio digital sobre Cuba y el mundo\",\"publisher\":{\"@id\":\"https:\\\/\\\/www.cuballama.com\\\/noticias\\\/#organization\"},\"potentialAction\":[{\"@type\":\"SearchAction\",\"target\":{\"@type\":\"EntryPoint\",\"urlTemplate\":\"https:\\\/\\\/www.cuballama.com\\\/noticias\\\/?s={search_term_string}\"},\"query-input\":{\"@type\":\"PropertyValueSpecification\",\"valueRequired\":true,\"valueName\":\"search_term_string\"}}],\"inLanguage\":\"es\"},{\"@type\":\"Organization\",\"@id\":\"https:\\\/\\\/www.cuballama.com\\\/noticias\\\/#organization\",\"name\":\"Cuballama\",\"url\":\"https:\\\/\\\/www.cuballama.com\\\/noticias\\\/\",\"logo\":{\"@type\":\"ImageObject\",\"inLanguage\":\"es\",\"@id\":\"https:\\\/\\\/www.cuballama.com\\\/noticias\\\/#\\\/schema\\\/logo\\\/image\\\/\",\"url\":\"https:\\\/\\\/cdn1.mediawpaccore.net\\\/wp-content\\\/uploads\\\/2021\\\/12\\\/28171206\\\/cbll-logo-color-sm.png\",\"contentUrl\":\"https:\\\/\\\/cdn1.mediawpaccore.net\\\/wp-content\\\/uploads\\\/2021\\\/12\\\/28171206\\\/cbll-logo-color-sm.png\",\"width\":600,\"height\":133,\"caption\":\"Cuballama\"},\"image\":{\"@id\":\"https:\\\/\\\/www.cuballama.com\\\/noticias\\\/#\\\/schema\\\/logo\\\/image\\\/\"},\"sameAs\":[\"https:\\\/\\\/www.facebook.com\\\/CubaLlama\",\"https:\\\/\\\/x.com\\\/cuballama\",\"https:\\\/\\\/www.instagram.com\\\/stories\\\/cuballama_oficial\\\/\",\"https:\\\/\\\/www.youtube.com\\\/channel\\\/UCKkFE-d_axENGZcrc4as0IA\"]},{\"@type\":\"Person\",\"@id\":\"https:\\\/\\\/www.cuballama.com\\\/noticias\\\/#\\\/schema\\\/person\\\/a58502ed4146c8e9f83872e897c76cd2\",\"name\":\"Roberto A.\",\"description\":\"Roberto A. Periodista por decisi\u00f3n propia. Interesado en cualquier tema que me apasione y cada vez m\u00e1s comprometido con la verdad y la objetividad period\u00edstica. Graduado en La Habana hace ya muchos a\u00f1os, luego de una accidentada y polvorienta b\u00fasqueda de informaci\u00f3n sobre un tema in\u00e9dito. La Tesis, por cierto, desapareci\u00f3 de la biblioteca y no se conservan copias de la misma.\",\"url\":\"https:\\\/\\\/www.cuballama.com\\\/noticias\\\/author\\\/roberto\\\/\"}]}<\/script>\n<!-- \/ Yoast SEO plugin. -->","yoast_head_json":{"title":"Archipi\u00e9lago se desintegra poco a poco - Cuballama Noticias","description":"Archipi\u00e9lago era la esperanza de un pueblo mutilado y sin uniones. Sin embargo, tras la partida de Yunior Garc\u00eda de Cuba, todo ha ido a mal.","robots":{"index":"index","follow":"follow","max-snippet":"max-snippet:-1","max-image-preview":"max-image-preview:large","max-video-preview":"max-video-preview:-1"},"canonical":"https:\/\/www.cuballama.com\/noticias\/archipielago-se-desintegra-poco-a-poco\/","og_locale":"es_ES","og_type":"article","og_title":"Archipi\u00e9lago se desintegra poco a poco - Cuballama Noticias","og_description":"Archipi\u00e9lago era la esperanza de un pueblo mutilado y sin uniones. Sin embargo, tras la partida de Yunior Garc\u00eda de Cuba, todo ha ido a mal.","og_url":"https:\/\/www.cuballama.com\/noticias\/archipielago-se-desintegra-poco-a-poco\/","og_site_name":"Cuballama Noticias","article_publisher":"https:\/\/www.facebook.com\/CubaLlama","article_published_time":"2021-12-06T14:46:28+00:00","article_modified_time":"2021-12-06T14:46:31+00:00","og_image":[{"width":1200,"height":630,"url":"https:\/\/www.cuballama.com\/noticias\/wp-content\/uploads\/2021\/12\/archipielago.jpg","type":"image\/jpeg"}],"author":"Roberto A.","twitter_card":"summary_large_image","twitter_creator":"@cuballama","twitter_site":"@cuballama","twitter_misc":{"Escrito por":"Roberto A.","Tiempo de lectura":"3 minutos"},"schema":{"@context":"https:\/\/schema.org","@graph":[{"@type":"Article","@id":"https:\/\/www.cuballama.com\/noticias\/archipielago-se-desintegra-poco-a-poco\/#article","isPartOf":{"@id":"https:\/\/www.cuballama.com\/noticias\/archipielago-se-desintegra-poco-a-poco\/"},"author":{"name":"Roberto A.","@id":"https:\/\/www.cuballama.com\/noticias\/#\/schema\/person\/a58502ed4146c8e9f83872e897c76cd2"},"headline":"Archipi\u00e9lago se desintegra poco a poco","datePublished":"2021-12-06T14:46:28+00:00","dateModified":"2021-12-06T14:46:31+00:00","mainEntityOfPage":{"@id":"https:\/\/www.cuballama.com\/noticias\/archipielago-se-desintegra-poco-a-poco\/"},"wordCount":744,"publisher":{"@id":"https:\/\/www.cuballama.com\/noticias\/#organization"},"keywords":["Archipi\u00e9lago","Fernando Almeyda","Saily Gonz\u00e1lez Vel\u00e1zquez"],"articleSection":["Noticias de Cuba"],"inLanguage":"es"},{"@type":"WebPage","@id":"https:\/\/www.cuballama.com\/noticias\/archipielago-se-desintegra-poco-a-poco\/","url":"https:\/\/www.cuballama.com\/noticias\/archipielago-se-desintegra-poco-a-poco\/","name":"Archipi\u00e9lago se desintegra poco a poco - Cuballama Noticias","isPartOf":{"@id":"https:\/\/www.cuballama.com\/noticias\/#website"},"datePublished":"2021-12-06T14:46:28+00:00","dateModified":"2021-12-06T14:46:31+00:00","description":"Archipi\u00e9lago era la esperanza de un pueblo mutilado y sin uniones. Sin embargo, tras la partida de Yunior Garc\u00eda de Cuba, todo ha ido a mal.","breadcrumb":{"@id":"https:\/\/www.cuballama.com\/noticias\/archipielago-se-desintegra-poco-a-poco\/#breadcrumb"},"inLanguage":"es","potentialAction":[{"@type":"ReadAction","target":["https:\/\/www.cuballama.com\/noticias\/archipielago-se-desintegra-poco-a-poco\/"]}]},{"@type":"BreadcrumbList","@id":"https:\/\/www.cuballama.com\/noticias\/archipielago-se-desintegra-poco-a-poco\/#breadcrumb","itemListElement":[{"@type":"ListItem","position":1,"name":"Home","item":"https:\/\/www.cuballama.com\/noticias\/"},{"@type":"ListItem","position":2,"name":"Archipi\u00e9lago se desintegra poco a poco"}]},{"@type":"WebSite","@id":"https:\/\/www.cuballama.com\/noticias\/#website","url":"https:\/\/www.cuballama.com\/noticias\/","name":"Cuballama Noticias","description":"Medio digital sobre Cuba y el mundo","publisher":{"@id":"https:\/\/www.cuballama.com\/noticias\/#organization"},"potentialAction":[{"@type":"SearchAction","target":{"@type":"EntryPoint","urlTemplate":"https:\/\/www.cuballama.com\/noticias\/?s={search_term_string}"},"query-input":{"@type":"PropertyValueSpecification","valueRequired":true,"valueName":"search_term_string"}}],"inLanguage":"es"},{"@type":"Organization","@id":"https:\/\/www.cuballama.com\/noticias\/#organization","name":"Cuballama","url":"https:\/\/www.cuballama.com\/noticias\/","logo":{"@type":"ImageObject","inLanguage":"es","@id":"https:\/\/www.cuballama.com\/noticias\/#\/schema\/logo\/image\/","url":"https:\/\/cdn1.mediawpaccore.net\/wp-content\/uploads\/2021\/12\/28171206\/cbll-logo-color-sm.png","contentUrl":"https:\/\/cdn1.mediawpaccore.net\/wp-content\/uploads\/2021\/12\/28171206\/cbll-logo-color-sm.png","width":600,"height":133,"caption":"Cuballama"},"image":{"@id":"https:\/\/www.cuballama.com\/noticias\/#\/schema\/logo\/image\/"},"sameAs":["https:\/\/www.facebook.com\/CubaLlama","https:\/\/x.com\/cuballama","https:\/\/www.instagram.com\/stories\/cuballama_oficial\/","https:\/\/www.youtube.com\/channel\/UCKkFE-d_axENGZcrc4as0IA"]},{"@type":"Person","@id":"https:\/\/www.cuballama.com\/noticias\/#\/schema\/person\/a58502ed4146c8e9f83872e897c76cd2","name":"Roberto A.","description":"Roberto A. Periodista por decisi\u00f3n propia. Interesado en cualquier tema que me apasione y cada vez m\u00e1s comprometido con la verdad y la objetividad period\u00edstica. Graduado en La Habana hace ya muchos a\u00f1os, luego de una accidentada y polvorienta b\u00fasqueda de informaci\u00f3n sobre un tema in\u00e9dito. La Tesis, por cierto, desapareci\u00f3 de la biblioteca y no se conservan copias de la misma.","url":"https:\/\/www.cuballama.com\/noticias\/author\/roberto\/"}]}},"_links":{"self":[{"href":"https:\/\/www.cuballama.com\/noticias\/wp-json\/wp\/v2\/posts\/82361","targetHints":{"allow":["GET"]}}],"collection":[{"href":"https:\/\/www.cuballama.com\/noticias\/wp-json\/wp\/v2\/posts"}],"about":[{"href":"https:\/\/www.cuballama.com\/noticias\/wp-json\/wp\/v2\/types\/post"}],"author":[{"embeddable":true,"href":"https:\/\/www.cuballama.com\/noticias\/wp-json\/wp\/v2\/users\/13"}],"replies":[{"embeddable":true,"href":"https:\/\/www.cuballama.com\/noticias\/wp-json\/wp\/v2\/comments?post=82361"}],"version-history":[{"count":1,"href":"https:\/\/www.cuballama.com\/noticias\/wp-json\/wp\/v2\/posts\/82361\/revisions"}],"predecessor-version":[{"id":82370,"href":"https:\/\/www.cuballama.com\/noticias\/wp-json\/wp\/v2\/posts\/82361\/revisions\/82370"}],"wp:attachment":[{"href":"https:\/\/www.cuballama.com\/noticias\/wp-json\/wp\/v2\/media?parent=82361"}],"wp:term":[{"taxonomy":"category","embeddable":true,"href":"https:\/\/www.cuballama.com\/noticias\/wp-json\/wp\/v2\/categories?post=82361"},{"taxonomy":"post_tag","embeddable":true,"href":"https:\/\/www.cuballama.com\/noticias\/wp-json\/wp\/v2\/tags?post=82361"}],"curies":[{"name":"wp","href":"https:\/\/api.w.org\/{rel}","templated":true}]}}