{"id":78292,"date":"2021-10-06T11:09:04","date_gmt":"2021-10-06T15:09:04","guid":{"rendered":"https:\/\/www.cuballama.com\/noticias\/?p=78292"},"modified":"2021-10-06T11:14:30","modified_gmt":"2021-10-06T15:14:30","slug":"perdio-todo-en-incendio-en-regla-y-esta-desesperada","status":"publish","type":"post","link":"https:\/\/www.cuballama.com\/noticias\/perdio-todo-en-incendio-en-regla-y-esta-desesperada\/","title":{"rendered":"Perdi\u00f3 todo en incendio en Regla y est\u00e1 desesperada"},"content":{"rendered":"\n<h2 class=\"wp-block-heading\" id=\"h-dos-semanas-han-transcurrido-desde-que-saltara-la-noticia-del-incendio-en-la-casa-de-una-familia-cubana-de-regla\">Dos semanas han transcurrido desde que saltara la noticia del incendio en la casa de una familia cubana  de Regla <\/h2>\n\n\n\n<p>La vida de Elena y sus tres hijos cambi\u00f3 cuando hace dos semanas perdi\u00f3 todo tras un incendio en Regla. <\/p>\n\n\n\n<p><a href=\"https:\/\/www.facebook.com\/permalink.php?story_fbid=1477405505966818&amp;id=100010921483454\" target=\"_blank\" rel=\"noreferrer noopener\">Elena Gonz\u00e1lez Gonz\u00e1lez<\/a> resid\u00eda con sus tres peque\u00f1os en la calle Agramonte 51 A, entre Benito Anido y Ortiz. Pero el mi\u00e9rcoles 22 de septiembre comprob\u00f3 con tristeza como las llamas hab\u00edan devorado todo. Ni ella, ni ninguno de sus hijos (L\u00e1zaro, Yadir y Neymar, de 14, 11 y 3 a\u00f1os respectivamente) se encontraban en la vivienda en el momento del siniestro.<\/p>\n\n\n\n<p>La cubana ahora recurre a las redes sociales para esclarecer cu\u00e1l es la actual situaci\u00f3n de su familia, luego del incendio en su casa de Regla. Con fotos del interior y exterior de lo que era su hogar, escribe Elena en su perfil de Facebook: <\/p>\n\n\n\n<p>\u00abAs\u00ed qued\u00f3 mi casita la cual despu\u00e9s de tanto sacrificio para que nuestros hijos vivieran un poquito mejor solo en minutos se incendi\u00f3 as\u00ed perdi\u00e9ndolo todo&#8230; quisiera nuevamente darle gracias a las personas que me han ayudado y lo siguen haciendo\u2026lo hago p\u00fablico porque muchas de esas personas muy preocupadas me han preguntado c\u00f3mo va lo de mi casita pues ah\u00ed les digo; hasta el momento no hay nada concreto pues todos los d\u00edas vienen los que tienen que ver con el tema y me dicen algo distinto. la realidad es que sigo en las mismas y sin avance\u00bb.<\/p>\n\n\n\n<iframe loading=\"lazy\" src=\"https:\/\/www.facebook.com\/plugins\/post.php?href=https%3A%2F%2Fwww.facebook.com%2Fpermalink.php%3Fstory_fbid%3D1477405505966818%26id%3D100010921483454&amp;show_text=true&amp;width=500\" width=\"500\" height=\"678\" style=\"border:none;overflow:hidden\" scrolling=\"no\" frameborder=\"0\" allowfullscreen=\"true\" allow=\"autoplay; clipboard-write; encrypted-media; picture-in-picture; web-share\"><\/iframe>\n\n\n\n<p>Un corte el\u00e9ctrico en el metro contador -seg\u00fan trascendi\u00f3 hace dos semanas- provoc\u00f3 el incendio. Ni las autoridades del municipio Regla ni las de La Habana ofrecen hasta el momento una soluci\u00f3n real a Elena, que adem\u00e1s de haberse quedado sin casa comprueba diariamente otras afectaciones en su familia. En su post se\u00f1ala asimismo: \u00abmi beb\u00e9 m\u00e1s peque\u00f1o est\u00e1 un poco traumado porque tiene hasta miedo mirar para la casa y al del medio le ha salido una psoriasis debido a los nervios y el estr\u00e9s; pienso que mientras siga viendo su casita sin avance cada d\u00eda va m\u00e1s para atr\u00e1s y a m\u00ed no me queda de otra que esperar la decisi\u00f3n de los de arriba&#8230; es lo que nos toca\u00bb.<\/p>\n\n\n\n<p><strong>Puede leer tambi\u00e9n<\/strong>: <a href=\"https:\/\/www.cubacomenta.com\/madre-tres-ninos-incendio-regla\/\" target=\"_blank\" rel=\"noreferrer noopener\">Madre de tres ni\u00f1os pierde todo tras incendio en Regla<\/a><\/p>\n","protected":false},"excerpt":{"rendered":"<p>Dos semanas han transcurrido desde que saltara la noticia del incendio en la casa de una familia cubana de Regla La vida de Elena y sus tres hijos cambi\u00f3 cuando hace dos semanas perdi\u00f3 todo tras un incendio en Regla. Elena Gonz\u00e1lez Gonz\u00e1lez resid\u00eda con sus tres peque\u00f1os en la calle Agramonte 51 A, entre [&hellip;]<\/p>\n","protected":false},"author":12,"featured_media":78293,"comment_status":"closed","ping_status":"closed","sticky":false,"template":"","format":"standard","meta":{"_acf_changed":false,"footnotes":""},"categories":[955],"tags":[941,11518,302,3507],"class_list":{"0":"post-78292","1":"post","2":"type-post","3":"status-publish","4":"format-standard","5":"has-post-thumbnail","7":"category-noticias-de-cuba","8":"tag-destacado","9":"tag-familia-cubana","10":"tag-incendio","11":"tag-regla"},"acf":[],"yoast_head":"<!-- This site is optimized with the Yoast SEO plugin v27.5 - https:\/\/yoast.com\/product\/yoast-seo-wordpress\/ -->\n<title>Perdi\u00f3 todo en incendio en Regla y est\u00e1 desesperada - Cuballama Noticias<\/title>\n<meta name=\"description\" content=\"Dos semanas han transcurrido desde que saltara la noticia del incendio en la casa de una familia cubana de Regla con tres ni\u00f1os\" \/>\n<meta name=\"robots\" content=\"index, follow, max-snippet:-1, max-image-preview:large, max-video-preview:-1\" \/>\n<link rel=\"canonical\" href=\"https:\/\/www.cuballama.com\/noticias\/perdio-todo-en-incendio-en-regla-y-esta-desesperada\/\" \/>\n<meta property=\"og:locale\" content=\"es_ES\" \/>\n<meta property=\"og:type\" content=\"article\" \/>\n<meta property=\"og:title\" content=\"Perdi\u00f3 todo en incendio en Regla y est\u00e1 desesperada - Cuballama Noticias\" \/>\n<meta property=\"og:description\" content=\"Dos semanas han transcurrido desde que saltara la noticia del incendio en la casa de una familia cubana de Regla con tres ni\u00f1os\" \/>\n<meta property=\"og:url\" content=\"https:\/\/www.cuballama.com\/noticias\/perdio-todo-en-incendio-en-regla-y-esta-desesperada\/\" \/>\n<meta property=\"og:site_name\" content=\"Cuballama Noticias\" \/>\n<meta property=\"article:publisher\" content=\"https:\/\/www.facebook.com\/CubaLlama\" \/>\n<meta property=\"article:published_time\" content=\"2021-10-06T15:09:04+00:00\" \/>\n<meta property=\"article:modified_time\" content=\"2021-10-06T15:14:30+00:00\" \/>\n<meta property=\"og:image\" content=\"https:\/\/www.cuballama.com\/noticias\/wp-content\/uploads\/2021\/10\/incendio_regla.jpeg\" \/>\n\t<meta property=\"og:image:width\" content=\"1000\" \/>\n\t<meta property=\"og:image:height\" content=\"816\" \/>\n\t<meta property=\"og:image:type\" content=\"image\/jpeg\" \/>\n<meta name=\"twitter:card\" content=\"summary_large_image\" \/>\n<meta name=\"twitter:creator\" content=\"@cuballama\" \/>\n<meta name=\"twitter:site\" content=\"@cuballama\" \/>\n<meta name=\"twitter:label1\" content=\"Escrito por\" \/>\n\t<meta name=\"twitter:data1\" content=\"\" \/>\n\t<meta name=\"twitter:label2\" content=\"Tiempo de lectura\" \/>\n\t<meta name=\"twitter:data2\" content=\"2 minutos\" \/>\n<script type=\"application\/ld+json\" class=\"yoast-schema-graph\">{\"@context\":\"https:\\\/\\\/schema.org\",\"@graph\":[{\"@type\":\"Article\",\"@id\":\"https:\\\/\\\/www.cuballama.com\\\/noticias\\\/perdio-todo-en-incendio-en-regla-y-esta-desesperada\\\/#article\",\"isPartOf\":{\"@id\":\"https:\\\/\\\/www.cuballama.com\\\/noticias\\\/perdio-todo-en-incendio-en-regla-y-esta-desesperada\\\/\"},\"author\":{\"name\":\"\",\"@id\":\"\"},\"headline\":\"Perdi\u00f3 todo en incendio en Regla y est\u00e1 desesperada\",\"datePublished\":\"2021-10-06T15:09:04+00:00\",\"dateModified\":\"2021-10-06T15:14:30+00:00\",\"mainEntityOfPage\":{\"@id\":\"https:\\\/\\\/www.cuballama.com\\\/noticias\\\/perdio-todo-en-incendio-en-regla-y-esta-desesperada\\\/\"},\"wordCount\":415,\"publisher\":{\"@id\":\"https:\\\/\\\/www.cuballama.com\\\/noticias\\\/#organization\"},\"image\":{\"@id\":\"https:\\\/\\\/www.cuballama.com\\\/noticias\\\/perdio-todo-en-incendio-en-regla-y-esta-desesperada\\\/#primaryimage\"},\"thumbnailUrl\":\"https:\\\/\\\/cdn1.mediawpaccore.net\\\/wp-content\\\/uploads\\\/2021\\\/10\\\/06103346\\\/incendio_regla.jpeg\",\"keywords\":[\"destacado\",\"familia cubana\",\"incendio\",\"Regla\"],\"articleSection\":[\"Noticias de Cuba\"],\"inLanguage\":\"es\"},{\"@type\":\"WebPage\",\"@id\":\"https:\\\/\\\/www.cuballama.com\\\/noticias\\\/perdio-todo-en-incendio-en-regla-y-esta-desesperada\\\/\",\"url\":\"https:\\\/\\\/www.cuballama.com\\\/noticias\\\/perdio-todo-en-incendio-en-regla-y-esta-desesperada\\\/\",\"name\":\"Perdi\u00f3 todo en incendio en Regla y est\u00e1 desesperada - Cuballama Noticias\",\"isPartOf\":{\"@id\":\"https:\\\/\\\/www.cuballama.com\\\/noticias\\\/#website\"},\"primaryImageOfPage\":{\"@id\":\"https:\\\/\\\/www.cuballama.com\\\/noticias\\\/perdio-todo-en-incendio-en-regla-y-esta-desesperada\\\/#primaryimage\"},\"image\":{\"@id\":\"https:\\\/\\\/www.cuballama.com\\\/noticias\\\/perdio-todo-en-incendio-en-regla-y-esta-desesperada\\\/#primaryimage\"},\"thumbnailUrl\":\"https:\\\/\\\/cdn1.mediawpaccore.net\\\/wp-content\\\/uploads\\\/2021\\\/10\\\/06103346\\\/incendio_regla.jpeg\",\"datePublished\":\"2021-10-06T15:09:04+00:00\",\"dateModified\":\"2021-10-06T15:14:30+00:00\",\"description\":\"Dos semanas han transcurrido desde que saltara la noticia del incendio en la casa de una familia cubana de Regla con tres ni\u00f1os\",\"breadcrumb\":{\"@id\":\"https:\\\/\\\/www.cuballama.com\\\/noticias\\\/perdio-todo-en-incendio-en-regla-y-esta-desesperada\\\/#breadcrumb\"},\"inLanguage\":\"es\",\"potentialAction\":[{\"@type\":\"ReadAction\",\"target\":[\"https:\\\/\\\/www.cuballama.com\\\/noticias\\\/perdio-todo-en-incendio-en-regla-y-esta-desesperada\\\/\"]}]},{\"@type\":\"ImageObject\",\"inLanguage\":\"es\",\"@id\":\"https:\\\/\\\/www.cuballama.com\\\/noticias\\\/perdio-todo-en-incendio-en-regla-y-esta-desesperada\\\/#primaryimage\",\"url\":\"https:\\\/\\\/cdn1.mediawpaccore.net\\\/wp-content\\\/uploads\\\/2021\\\/10\\\/06103346\\\/incendio_regla.jpeg\",\"contentUrl\":\"https:\\\/\\\/cdn1.mediawpaccore.net\\\/wp-content\\\/uploads\\\/2021\\\/10\\\/06103346\\\/incendio_regla.jpeg\",\"width\":1000,\"height\":816,\"caption\":\"(Perfil de Facebook Elena Gonzalez)\"},{\"@type\":\"BreadcrumbList\",\"@id\":\"https:\\\/\\\/www.cuballama.com\\\/noticias\\\/perdio-todo-en-incendio-en-regla-y-esta-desesperada\\\/#breadcrumb\",\"itemListElement\":[{\"@type\":\"ListItem\",\"position\":1,\"name\":\"Home\",\"item\":\"https:\\\/\\\/www.cuballama.com\\\/noticias\\\/\"},{\"@type\":\"ListItem\",\"position\":2,\"name\":\"Perdi\u00f3 todo en incendio en Regla y est\u00e1 desesperada\"}]},{\"@type\":\"WebSite\",\"@id\":\"https:\\\/\\\/www.cuballama.com\\\/noticias\\\/#website\",\"url\":\"https:\\\/\\\/www.cuballama.com\\\/noticias\\\/\",\"name\":\"Cuballama Noticias\",\"description\":\"Medio digital sobre Cuba y el mundo\",\"publisher\":{\"@id\":\"https:\\\/\\\/www.cuballama.com\\\/noticias\\\/#organization\"},\"potentialAction\":[{\"@type\":\"SearchAction\",\"target\":{\"@type\":\"EntryPoint\",\"urlTemplate\":\"https:\\\/\\\/www.cuballama.com\\\/noticias\\\/?s={search_term_string}\"},\"query-input\":{\"@type\":\"PropertyValueSpecification\",\"valueRequired\":true,\"valueName\":\"search_term_string\"}}],\"inLanguage\":\"es\"},{\"@type\":\"Organization\",\"@id\":\"https:\\\/\\\/www.cuballama.com\\\/noticias\\\/#organization\",\"name\":\"Cuballama\",\"url\":\"https:\\\/\\\/www.cuballama.com\\\/noticias\\\/\",\"logo\":{\"@type\":\"ImageObject\",\"inLanguage\":\"es\",\"@id\":\"https:\\\/\\\/www.cuballama.com\\\/noticias\\\/#\\\/schema\\\/logo\\\/image\\\/\",\"url\":\"https:\\\/\\\/cdn1.mediawpaccore.net\\\/wp-content\\\/uploads\\\/2021\\\/12\\\/28171206\\\/cbll-logo-color-sm.png\",\"contentUrl\":\"https:\\\/\\\/cdn1.mediawpaccore.net\\\/wp-content\\\/uploads\\\/2021\\\/12\\\/28171206\\\/cbll-logo-color-sm.png\",\"width\":600,\"height\":133,\"caption\":\"Cuballama\"},\"image\":{\"@id\":\"https:\\\/\\\/www.cuballama.com\\\/noticias\\\/#\\\/schema\\\/logo\\\/image\\\/\"},\"sameAs\":[\"https:\\\/\\\/www.facebook.com\\\/CubaLlama\",\"https:\\\/\\\/x.com\\\/cuballama\",\"https:\\\/\\\/www.instagram.com\\\/stories\\\/cuballama_oficial\\\/\",\"https:\\\/\\\/www.youtube.com\\\/channel\\\/UCKkFE-d_axENGZcrc4as0IA\"]},{\"@type\":\"Person\",\"@id\":\"\",\"url\":\"https:\\\/\\\/www.cuballama.com\\\/noticias\\\/author\\\/\"}]}<\/script>\n<!-- \/ Yoast SEO plugin. -->","yoast_head_json":{"title":"Perdi\u00f3 todo en incendio en Regla y est\u00e1 desesperada - Cuballama Noticias","description":"Dos semanas han transcurrido desde que saltara la noticia del incendio en la casa de una familia cubana de Regla con tres ni\u00f1os","robots":{"index":"index","follow":"follow","max-snippet":"max-snippet:-1","max-image-preview":"max-image-preview:large","max-video-preview":"max-video-preview:-1"},"canonical":"https:\/\/www.cuballama.com\/noticias\/perdio-todo-en-incendio-en-regla-y-esta-desesperada\/","og_locale":"es_ES","og_type":"article","og_title":"Perdi\u00f3 todo en incendio en Regla y est\u00e1 desesperada - Cuballama Noticias","og_description":"Dos semanas han transcurrido desde que saltara la noticia del incendio en la casa de una familia cubana de Regla con tres ni\u00f1os","og_url":"https:\/\/www.cuballama.com\/noticias\/perdio-todo-en-incendio-en-regla-y-esta-desesperada\/","og_site_name":"Cuballama Noticias","article_publisher":"https:\/\/www.facebook.com\/CubaLlama","article_published_time":"2021-10-06T15:09:04+00:00","article_modified_time":"2021-10-06T15:14:30+00:00","og_image":[{"width":1000,"height":816,"url":"https:\/\/www.cuballama.com\/noticias\/wp-content\/uploads\/2021\/10\/incendio_regla.jpeg","type":"image\/jpeg"}],"twitter_card":"summary_large_image","twitter_creator":"@cuballama","twitter_site":"@cuballama","twitter_misc":{"Escrito por":"","Tiempo de lectura":"2 minutos"},"schema":{"@context":"https:\/\/schema.org","@graph":[{"@type":"Article","@id":"https:\/\/www.cuballama.com\/noticias\/perdio-todo-en-incendio-en-regla-y-esta-desesperada\/#article","isPartOf":{"@id":"https:\/\/www.cuballama.com\/noticias\/perdio-todo-en-incendio-en-regla-y-esta-desesperada\/"},"author":{"name":"","@id":""},"headline":"Perdi\u00f3 todo en incendio en Regla y est\u00e1 desesperada","datePublished":"2021-10-06T15:09:04+00:00","dateModified":"2021-10-06T15:14:30+00:00","mainEntityOfPage":{"@id":"https:\/\/www.cuballama.com\/noticias\/perdio-todo-en-incendio-en-regla-y-esta-desesperada\/"},"wordCount":415,"publisher":{"@id":"https:\/\/www.cuballama.com\/noticias\/#organization"},"image":{"@id":"https:\/\/www.cuballama.com\/noticias\/perdio-todo-en-incendio-en-regla-y-esta-desesperada\/#primaryimage"},"thumbnailUrl":"https:\/\/cdn1.mediawpaccore.net\/wp-content\/uploads\/2021\/10\/06103346\/incendio_regla.jpeg","keywords":["destacado","familia cubana","incendio","Regla"],"articleSection":["Noticias de Cuba"],"inLanguage":"es"},{"@type":"WebPage","@id":"https:\/\/www.cuballama.com\/noticias\/perdio-todo-en-incendio-en-regla-y-esta-desesperada\/","url":"https:\/\/www.cuballama.com\/noticias\/perdio-todo-en-incendio-en-regla-y-esta-desesperada\/","name":"Perdi\u00f3 todo en incendio en Regla y est\u00e1 desesperada - Cuballama Noticias","isPartOf":{"@id":"https:\/\/www.cuballama.com\/noticias\/#website"},"primaryImageOfPage":{"@id":"https:\/\/www.cuballama.com\/noticias\/perdio-todo-en-incendio-en-regla-y-esta-desesperada\/#primaryimage"},"image":{"@id":"https:\/\/www.cuballama.com\/noticias\/perdio-todo-en-incendio-en-regla-y-esta-desesperada\/#primaryimage"},"thumbnailUrl":"https:\/\/cdn1.mediawpaccore.net\/wp-content\/uploads\/2021\/10\/06103346\/incendio_regla.jpeg","datePublished":"2021-10-06T15:09:04+00:00","dateModified":"2021-10-06T15:14:30+00:00","description":"Dos semanas han transcurrido desde que saltara la noticia del incendio en la casa de una familia cubana de Regla con tres ni\u00f1os","breadcrumb":{"@id":"https:\/\/www.cuballama.com\/noticias\/perdio-todo-en-incendio-en-regla-y-esta-desesperada\/#breadcrumb"},"inLanguage":"es","potentialAction":[{"@type":"ReadAction","target":["https:\/\/www.cuballama.com\/noticias\/perdio-todo-en-incendio-en-regla-y-esta-desesperada\/"]}]},{"@type":"ImageObject","inLanguage":"es","@id":"https:\/\/www.cuballama.com\/noticias\/perdio-todo-en-incendio-en-regla-y-esta-desesperada\/#primaryimage","url":"https:\/\/cdn1.mediawpaccore.net\/wp-content\/uploads\/2021\/10\/06103346\/incendio_regla.jpeg","contentUrl":"https:\/\/cdn1.mediawpaccore.net\/wp-content\/uploads\/2021\/10\/06103346\/incendio_regla.jpeg","width":1000,"height":816,"caption":"(Perfil de Facebook Elena Gonzalez)"},{"@type":"BreadcrumbList","@id":"https:\/\/www.cuballama.com\/noticias\/perdio-todo-en-incendio-en-regla-y-esta-desesperada\/#breadcrumb","itemListElement":[{"@type":"ListItem","position":1,"name":"Home","item":"https:\/\/www.cuballama.com\/noticias\/"},{"@type":"ListItem","position":2,"name":"Perdi\u00f3 todo en incendio en Regla y est\u00e1 desesperada"}]},{"@type":"WebSite","@id":"https:\/\/www.cuballama.com\/noticias\/#website","url":"https:\/\/www.cuballama.com\/noticias\/","name":"Cuballama Noticias","description":"Medio digital sobre Cuba y el mundo","publisher":{"@id":"https:\/\/www.cuballama.com\/noticias\/#organization"},"potentialAction":[{"@type":"SearchAction","target":{"@type":"EntryPoint","urlTemplate":"https:\/\/www.cuballama.com\/noticias\/?s={search_term_string}"},"query-input":{"@type":"PropertyValueSpecification","valueRequired":true,"valueName":"search_term_string"}}],"inLanguage":"es"},{"@type":"Organization","@id":"https:\/\/www.cuballama.com\/noticias\/#organization","name":"Cuballama","url":"https:\/\/www.cuballama.com\/noticias\/","logo":{"@type":"ImageObject","inLanguage":"es","@id":"https:\/\/www.cuballama.com\/noticias\/#\/schema\/logo\/image\/","url":"https:\/\/cdn1.mediawpaccore.net\/wp-content\/uploads\/2021\/12\/28171206\/cbll-logo-color-sm.png","contentUrl":"https:\/\/cdn1.mediawpaccore.net\/wp-content\/uploads\/2021\/12\/28171206\/cbll-logo-color-sm.png","width":600,"height":133,"caption":"Cuballama"},"image":{"@id":"https:\/\/www.cuballama.com\/noticias\/#\/schema\/logo\/image\/"},"sameAs":["https:\/\/www.facebook.com\/CubaLlama","https:\/\/x.com\/cuballama","https:\/\/www.instagram.com\/stories\/cuballama_oficial\/","https:\/\/www.youtube.com\/channel\/UCKkFE-d_axENGZcrc4as0IA"]},{"@type":"Person","@id":"","url":"https:\/\/www.cuballama.com\/noticias\/author\/"}]}},"_links":{"self":[{"href":"https:\/\/www.cuballama.com\/noticias\/wp-json\/wp\/v2\/posts\/78292","targetHints":{"allow":["GET"]}}],"collection":[{"href":"https:\/\/www.cuballama.com\/noticias\/wp-json\/wp\/v2\/posts"}],"about":[{"href":"https:\/\/www.cuballama.com\/noticias\/wp-json\/wp\/v2\/types\/post"}],"author":[{"embeddable":true,"href":"https:\/\/www.cuballama.com\/noticias\/wp-json\/wp\/v2\/users\/12"}],"replies":[{"embeddable":true,"href":"https:\/\/www.cuballama.com\/noticias\/wp-json\/wp\/v2\/comments?post=78292"}],"version-history":[{"count":6,"href":"https:\/\/www.cuballama.com\/noticias\/wp-json\/wp\/v2\/posts\/78292\/revisions"}],"predecessor-version":[{"id":78300,"href":"https:\/\/www.cuballama.com\/noticias\/wp-json\/wp\/v2\/posts\/78292\/revisions\/78300"}],"wp:featuredmedia":[{"embeddable":true,"href":"https:\/\/www.cuballama.com\/noticias\/wp-json\/wp\/v2\/media\/78293"}],"wp:attachment":[{"href":"https:\/\/www.cuballama.com\/noticias\/wp-json\/wp\/v2\/media?parent=78292"}],"wp:term":[{"taxonomy":"category","embeddable":true,"href":"https:\/\/www.cuballama.com\/noticias\/wp-json\/wp\/v2\/categories?post=78292"},{"taxonomy":"post_tag","embeddable":true,"href":"https:\/\/www.cuballama.com\/noticias\/wp-json\/wp\/v2\/tags?post=78292"}],"curies":[{"name":"wp","href":"https:\/\/api.w.org\/{rel}","templated":true}]}}