{"id":78125,"date":"2021-10-04T09:11:48","date_gmt":"2021-10-04T13:11:48","guid":{"rendered":"https:\/\/www.cuballama.com\/noticias\/?p=78125"},"modified":"2021-10-04T09:11:51","modified_gmt":"2021-10-04T13:11:51","slug":"piden-ocho-anos-al-joven-que-filmo-protestas-en-san-antonio","status":"publish","type":"post","link":"https:\/\/www.cuballama.com\/noticias\/piden-ocho-anos-al-joven-que-filmo-protestas-en-san-antonio\/","title":{"rendered":"Piden ocho a\u00f1os al joven que film\u00f3 protestas en San Antonio"},"content":{"rendered":"\n<h2 class=\"wp-block-heading\" id=\"h-se-repite-que-despu-s-del-11j-nada-ser-igual-en-cuba-las-primeras-manifestaciones-que-vio-el-mundo-fueron-las-de-san-antonio\">Se repite que despu\u00e9s del 11J nada ser\u00e1 igual en Cuba: las primeras manifestaciones que vio el mundo fueron las de San Antonio<\/h2>\n\n\n\n<p>Nadie en San Antonio de los Ba\u00f1os va a olvidar lo ocurrido el domingo 11 de julio. Fue all\u00ed donde estallaron las protestas pac\u00edficas en la isla, que luego el r\u00e9gimen ha insistido en tildar de violentas en el prop\u00f3sito de desacreditarlas.<\/p>\n\n\n\n<p>Quiz\u00e1s es lo que no se le perdona al joven Yoan de la Cruz, que armado solo con su celular grabara y transmitiese en vivo lo que acontec\u00eda en su ciudad. Ahora la Fiscalia solicita para \u00e9l una pena de ocho a\u00f1os de c\u00e1rcel.<\/p>\n\n\n\n<p>En redes sociales la internauta <a href=\"https:\/\/www.facebook.com\/claudia.amanda.3388\/posts\/242971904443965\" target=\"_blank\" rel=\"noreferrer noopener\">Claudia Amanda<\/a> narraba que la madre del chico de San Antonio se hab\u00eda comunicado con ella, y que era preciso apoyarla: \u00abHace unos minutos me escribi\u00f3 la mam\u00e1 de Yoan (el muchacho que grab\u00f3 la manifestaci\u00f3n del dia 11J en Cuba en San Antonio) en estos momentos quieren condenarlo a 8 a\u00f1os preso!!! Necesito que todos los cubanos formen ruidooo con este tema!!!\u00bb<\/p>\n\n\n\n<iframe loading=\"lazy\" src=\"https:\/\/www.facebook.com\/plugins\/post.php?href=https%3A%2F%2Fwww.facebook.com%2Fclaudia.amanda.3388%2Fposts%2F242971904443965&amp;show_text=true&amp;width=500\" width=\"500\" height=\"703\" style=\"border:none;overflow:hidden\" scrolling=\"no\" frameborder=\"0\" allowfullscreen=\"true\" allow=\"autoplay; clipboard-write; encrypted-media; picture-in-picture; web-share\"><\/iframe>\n\n\n\n<p>Tal como muestran los mensajes, la madre de Yoan est\u00e1 desesperada. A su hijo se le acusa de desacato y las autoridades se\u00f1alan adem\u00e1s como agravante que ese d\u00eda recibiera una recarga. <\/p>\n\n\n\n<p>La t\u00eda de Yoan, Odalys Hern\u00e1ndez Rizo, habl\u00f3 con el medio independiente <em><a href=\"https:\/\/www.14ymedio.com\/cuba\/Fiscalia-transmitir-San-Antonio-Banos_0_3179682002.html\" target=\"_blank\" rel=\"noreferrer noopener nofollow\">14ymedio<\/a><\/em>. Hern\u00e1ndez Rizo explicaba que \u00abel joven est\u00e1 en la prisi\u00f3n de Melena del Sur, Mayabeque, pr\u00e1cticamente incomunicado y solo le permiten llamar a su familia por tel\u00e9fono, debido a las restricciones de las visitas por covid-19\u00bb.<\/p>\n\n\n\n<p>La gran culpa de este joven de San Antonio para la polic\u00eda pol\u00edtica es hacer visible la Cuba que se empe\u00f1an en silenciar. El art\u00edculo <a href=\"https:\/\/revistaelestornudo.com\/san-antonio-de-los-banos-protestas-11-julio-cuba\/\" target=\"_blank\" rel=\"noreferrer noopener nofollow\">11 de julio en San Antonio de los Ba\u00f1os: Lo que se ve\/lo que no se ve<\/a> de Carla Gloria Colom\u00e9 para <em>El Estornudo<\/em> lo describ\u00eda as\u00ed: <\/p>\n\n\n\n<p>\u00abSobre las diez de la ma\u00f1ana del 11 de julio de 2021, poco m\u00e1s poco menos, varios residentes de San Antonio de los Ba\u00f1os, municipio al este de La Habana que alberga la base a\u00e9rea militar m\u00e1s importante de Cuba, comenzaron a transmitir en vivo una in\u00e9dita protesta popular que se extendi\u00f3 desde el c\u00e9ntrico Parque de la Iglesia hasta la calle Real, y otras aleda\u00f1as, en la que miles de personas exig\u00edan libertad y gritaban &#8216;Patria y Vida&#8217;. Pronto, el estallido acapar\u00f3 titulares en medios independientes cubanos y peri\u00f3dicos de todo el mundo, los cuales anunciaban que por primera vez en los a\u00f1os de la Revoluci\u00f3n el pueblo se hab\u00eda tirado a las calles hasta en 62 lugares del pa\u00eds, porque hacia el mediod\u00eda y en las horas siguientes las protestas se hab\u00edan multiplicado en el territorio nacional\u00bb.<\/p>\n\n\n\n<p><strong>Puedes leer tambi\u00e9n<\/strong>: <a href=\"https:\/\/www.cubacomenta.com\/aislarte-hasta-de-tus-amigos-otra-artimana-del-regimen\/\" target=\"_blank\" rel=\"noreferrer noopener\">Aislarte hasta de tus amigos: otra artima\u00f1a del r\u00e9gimen<\/a><\/p>\n","protected":false},"excerpt":{"rendered":"<p>Se repite que despu\u00e9s del 11J nada ser\u00e1 igual en Cuba: las primeras manifestaciones que vio el mundo fueron las de San Antonio Nadie en San Antonio de los Ba\u00f1os va a olvidar lo ocurrido el domingo 11 de julio. Fue all\u00ed donde estallaron las protestas pac\u00edficas en la isla, que luego el r\u00e9gimen ha [&hellip;]<\/p>\n","protected":false},"author":12,"featured_media":78127,"comment_status":"closed","ping_status":"closed","sticky":false,"template":"","format":"standard","meta":{"_acf_changed":false,"footnotes":""},"categories":[955],"tags":[11332,11655,11017],"class_list":{"0":"post-78125","1":"post","2":"type-post","3":"status-publish","4":"format-standard","5":"has-post-thumbnail","7":"category-noticias-de-cuba","8":"tag-11j","9":"tag-san-antonio-de-los-banos","10":"tag-superdestacado"},"acf":[],"yoast_head":"<!-- This site is optimized with the Yoast SEO plugin v27.5 - https:\/\/yoast.com\/product\/yoast-seo-wordpress\/ -->\n<title>Piden ocho a\u00f1os al joven que film\u00f3 protestas en San Antonio - Cuballama Noticias<\/title>\n<meta name=\"description\" content=\"Se repite que despu\u00e9s del 11J nada ser\u00e1 igual en Cuba: las primeras manifestaciones que vio el mundo fueron las de San Antonio\" \/>\n<meta name=\"robots\" content=\"index, follow, max-snippet:-1, max-image-preview:large, max-video-preview:-1\" \/>\n<link rel=\"canonical\" href=\"https:\/\/www.cuballama.com\/noticias\/piden-ocho-anos-al-joven-que-filmo-protestas-en-san-antonio\/\" \/>\n<meta property=\"og:locale\" content=\"es_ES\" \/>\n<meta property=\"og:type\" content=\"article\" \/>\n<meta property=\"og:title\" content=\"Piden ocho a\u00f1os al joven que film\u00f3 protestas en San Antonio - Cuballama Noticias\" \/>\n<meta property=\"og:description\" content=\"Se repite que despu\u00e9s del 11J nada ser\u00e1 igual en Cuba: las primeras manifestaciones que vio el mundo fueron las de San Antonio\" \/>\n<meta property=\"og:url\" content=\"https:\/\/www.cuballama.com\/noticias\/piden-ocho-anos-al-joven-que-filmo-protestas-en-san-antonio\/\" \/>\n<meta property=\"og:site_name\" content=\"Cuballama Noticias\" \/>\n<meta property=\"article:publisher\" content=\"https:\/\/www.facebook.com\/CubaLlama\" \/>\n<meta property=\"article:published_time\" content=\"2021-10-04T13:11:48+00:00\" \/>\n<meta property=\"article:modified_time\" content=\"2021-10-04T13:11:51+00:00\" \/>\n<meta property=\"og:image\" content=\"https:\/\/www.cuballama.com\/noticias\/wp-content\/uploads\/2021\/10\/Yoan_Cruz.jpeg\" \/>\n\t<meta property=\"og:image:width\" content=\"1000\" \/>\n\t<meta property=\"og:image:height\" content=\"563\" \/>\n\t<meta property=\"og:image:type\" content=\"image\/jpeg\" \/>\n<meta name=\"twitter:card\" content=\"summary_large_image\" \/>\n<meta name=\"twitter:creator\" content=\"@cuballama\" \/>\n<meta name=\"twitter:site\" content=\"@cuballama\" \/>\n<meta name=\"twitter:label1\" content=\"Escrito por\" \/>\n\t<meta name=\"twitter:data1\" content=\"\" \/>\n\t<meta name=\"twitter:label2\" content=\"Tiempo de lectura\" \/>\n\t<meta name=\"twitter:data2\" content=\"3 minutos\" \/>\n<script type=\"application\/ld+json\" class=\"yoast-schema-graph\">{\"@context\":\"https:\\\/\\\/schema.org\",\"@graph\":[{\"@type\":\"Article\",\"@id\":\"https:\\\/\\\/www.cuballama.com\\\/noticias\\\/piden-ocho-anos-al-joven-que-filmo-protestas-en-san-antonio\\\/#article\",\"isPartOf\":{\"@id\":\"https:\\\/\\\/www.cuballama.com\\\/noticias\\\/piden-ocho-anos-al-joven-que-filmo-protestas-en-san-antonio\\\/\"},\"author\":{\"name\":\"\",\"@id\":\"\"},\"headline\":\"Piden ocho a\u00f1os al joven que film\u00f3 protestas en San Antonio\",\"datePublished\":\"2021-10-04T13:11:48+00:00\",\"dateModified\":\"2021-10-04T13:11:51+00:00\",\"mainEntityOfPage\":{\"@id\":\"https:\\\/\\\/www.cuballama.com\\\/noticias\\\/piden-ocho-anos-al-joven-que-filmo-protestas-en-san-antonio\\\/\"},\"wordCount\":514,\"publisher\":{\"@id\":\"https:\\\/\\\/www.cuballama.com\\\/noticias\\\/#organization\"},\"image\":{\"@id\":\"https:\\\/\\\/www.cuballama.com\\\/noticias\\\/piden-ocho-anos-al-joven-que-filmo-protestas-en-san-antonio\\\/#primaryimage\"},\"thumbnailUrl\":\"https:\\\/\\\/cdn1.mediawpaccore.net\\\/wp-content\\\/uploads\\\/2021\\\/10\\\/04084147\\\/Yoan_Cruz.jpeg\",\"keywords\":[\"11J\",\"San Antonio de los Ba\u00f1os\",\"superdestacado\"],\"articleSection\":[\"Noticias de Cuba\"],\"inLanguage\":\"es\"},{\"@type\":\"WebPage\",\"@id\":\"https:\\\/\\\/www.cuballama.com\\\/noticias\\\/piden-ocho-anos-al-joven-que-filmo-protestas-en-san-antonio\\\/\",\"url\":\"https:\\\/\\\/www.cuballama.com\\\/noticias\\\/piden-ocho-anos-al-joven-que-filmo-protestas-en-san-antonio\\\/\",\"name\":\"Piden ocho a\u00f1os al joven que film\u00f3 protestas en San Antonio - Cuballama Noticias\",\"isPartOf\":{\"@id\":\"https:\\\/\\\/www.cuballama.com\\\/noticias\\\/#website\"},\"primaryImageOfPage\":{\"@id\":\"https:\\\/\\\/www.cuballama.com\\\/noticias\\\/piden-ocho-anos-al-joven-que-filmo-protestas-en-san-antonio\\\/#primaryimage\"},\"image\":{\"@id\":\"https:\\\/\\\/www.cuballama.com\\\/noticias\\\/piden-ocho-anos-al-joven-que-filmo-protestas-en-san-antonio\\\/#primaryimage\"},\"thumbnailUrl\":\"https:\\\/\\\/cdn1.mediawpaccore.net\\\/wp-content\\\/uploads\\\/2021\\\/10\\\/04084147\\\/Yoan_Cruz.jpeg\",\"datePublished\":\"2021-10-04T13:11:48+00:00\",\"dateModified\":\"2021-10-04T13:11:51+00:00\",\"description\":\"Se repite que despu\u00e9s del 11J nada ser\u00e1 igual en Cuba: las primeras manifestaciones que vio el mundo fueron las de San Antonio\",\"breadcrumb\":{\"@id\":\"https:\\\/\\\/www.cuballama.com\\\/noticias\\\/piden-ocho-anos-al-joven-que-filmo-protestas-en-san-antonio\\\/#breadcrumb\"},\"inLanguage\":\"es\",\"potentialAction\":[{\"@type\":\"ReadAction\",\"target\":[\"https:\\\/\\\/www.cuballama.com\\\/noticias\\\/piden-ocho-anos-al-joven-que-filmo-protestas-en-san-antonio\\\/\"]}]},{\"@type\":\"ImageObject\",\"inLanguage\":\"es\",\"@id\":\"https:\\\/\\\/www.cuballama.com\\\/noticias\\\/piden-ocho-anos-al-joven-que-filmo-protestas-en-san-antonio\\\/#primaryimage\",\"url\":\"https:\\\/\\\/cdn1.mediawpaccore.net\\\/wp-content\\\/uploads\\\/2021\\\/10\\\/04084147\\\/Yoan_Cruz.jpeg\",\"contentUrl\":\"https:\\\/\\\/cdn1.mediawpaccore.net\\\/wp-content\\\/uploads\\\/2021\\\/10\\\/04084147\\\/Yoan_Cruz.jpeg\",\"width\":1000,\"height\":563,\"caption\":\"(Perfil de F BH\u00e9ctor Luis Vald\u00e9s Cocho)\"},{\"@type\":\"BreadcrumbList\",\"@id\":\"https:\\\/\\\/www.cuballama.com\\\/noticias\\\/piden-ocho-anos-al-joven-que-filmo-protestas-en-san-antonio\\\/#breadcrumb\",\"itemListElement\":[{\"@type\":\"ListItem\",\"position\":1,\"name\":\"Home\",\"item\":\"https:\\\/\\\/www.cuballama.com\\\/noticias\\\/\"},{\"@type\":\"ListItem\",\"position\":2,\"name\":\"Piden ocho a\u00f1os al joven que film\u00f3 protestas en San Antonio\"}]},{\"@type\":\"WebSite\",\"@id\":\"https:\\\/\\\/www.cuballama.com\\\/noticias\\\/#website\",\"url\":\"https:\\\/\\\/www.cuballama.com\\\/noticias\\\/\",\"name\":\"Cuballama Noticias\",\"description\":\"Medio digital sobre Cuba y el mundo\",\"publisher\":{\"@id\":\"https:\\\/\\\/www.cuballama.com\\\/noticias\\\/#organization\"},\"potentialAction\":[{\"@type\":\"SearchAction\",\"target\":{\"@type\":\"EntryPoint\",\"urlTemplate\":\"https:\\\/\\\/www.cuballama.com\\\/noticias\\\/?s={search_term_string}\"},\"query-input\":{\"@type\":\"PropertyValueSpecification\",\"valueRequired\":true,\"valueName\":\"search_term_string\"}}],\"inLanguage\":\"es\"},{\"@type\":\"Organization\",\"@id\":\"https:\\\/\\\/www.cuballama.com\\\/noticias\\\/#organization\",\"name\":\"Cuballama\",\"url\":\"https:\\\/\\\/www.cuballama.com\\\/noticias\\\/\",\"logo\":{\"@type\":\"ImageObject\",\"inLanguage\":\"es\",\"@id\":\"https:\\\/\\\/www.cuballama.com\\\/noticias\\\/#\\\/schema\\\/logo\\\/image\\\/\",\"url\":\"https:\\\/\\\/cdn1.mediawpaccore.net\\\/wp-content\\\/uploads\\\/2021\\\/12\\\/28171206\\\/cbll-logo-color-sm.png\",\"contentUrl\":\"https:\\\/\\\/cdn1.mediawpaccore.net\\\/wp-content\\\/uploads\\\/2021\\\/12\\\/28171206\\\/cbll-logo-color-sm.png\",\"width\":600,\"height\":133,\"caption\":\"Cuballama\"},\"image\":{\"@id\":\"https:\\\/\\\/www.cuballama.com\\\/noticias\\\/#\\\/schema\\\/logo\\\/image\\\/\"},\"sameAs\":[\"https:\\\/\\\/www.facebook.com\\\/CubaLlama\",\"https:\\\/\\\/x.com\\\/cuballama\",\"https:\\\/\\\/www.instagram.com\\\/stories\\\/cuballama_oficial\\\/\",\"https:\\\/\\\/www.youtube.com\\\/channel\\\/UCKkFE-d_axENGZcrc4as0IA\"]},{\"@type\":\"Person\",\"@id\":\"\",\"url\":\"https:\\\/\\\/www.cuballama.com\\\/noticias\\\/author\\\/\"}]}<\/script>\n<!-- \/ Yoast SEO plugin. -->","yoast_head_json":{"title":"Piden ocho a\u00f1os al joven que film\u00f3 protestas en San Antonio - Cuballama Noticias","description":"Se repite que despu\u00e9s del 11J nada ser\u00e1 igual en Cuba: las primeras manifestaciones que vio el mundo fueron las de San Antonio","robots":{"index":"index","follow":"follow","max-snippet":"max-snippet:-1","max-image-preview":"max-image-preview:large","max-video-preview":"max-video-preview:-1"},"canonical":"https:\/\/www.cuballama.com\/noticias\/piden-ocho-anos-al-joven-que-filmo-protestas-en-san-antonio\/","og_locale":"es_ES","og_type":"article","og_title":"Piden ocho a\u00f1os al joven que film\u00f3 protestas en San Antonio - Cuballama Noticias","og_description":"Se repite que despu\u00e9s del 11J nada ser\u00e1 igual en Cuba: las primeras manifestaciones que vio el mundo fueron las de San Antonio","og_url":"https:\/\/www.cuballama.com\/noticias\/piden-ocho-anos-al-joven-que-filmo-protestas-en-san-antonio\/","og_site_name":"Cuballama Noticias","article_publisher":"https:\/\/www.facebook.com\/CubaLlama","article_published_time":"2021-10-04T13:11:48+00:00","article_modified_time":"2021-10-04T13:11:51+00:00","og_image":[{"width":1000,"height":563,"url":"https:\/\/www.cuballama.com\/noticias\/wp-content\/uploads\/2021\/10\/Yoan_Cruz.jpeg","type":"image\/jpeg"}],"twitter_card":"summary_large_image","twitter_creator":"@cuballama","twitter_site":"@cuballama","twitter_misc":{"Escrito por":"","Tiempo de lectura":"3 minutos"},"schema":{"@context":"https:\/\/schema.org","@graph":[{"@type":"Article","@id":"https:\/\/www.cuballama.com\/noticias\/piden-ocho-anos-al-joven-que-filmo-protestas-en-san-antonio\/#article","isPartOf":{"@id":"https:\/\/www.cuballama.com\/noticias\/piden-ocho-anos-al-joven-que-filmo-protestas-en-san-antonio\/"},"author":{"name":"","@id":""},"headline":"Piden ocho a\u00f1os al joven que film\u00f3 protestas en San Antonio","datePublished":"2021-10-04T13:11:48+00:00","dateModified":"2021-10-04T13:11:51+00:00","mainEntityOfPage":{"@id":"https:\/\/www.cuballama.com\/noticias\/piden-ocho-anos-al-joven-que-filmo-protestas-en-san-antonio\/"},"wordCount":514,"publisher":{"@id":"https:\/\/www.cuballama.com\/noticias\/#organization"},"image":{"@id":"https:\/\/www.cuballama.com\/noticias\/piden-ocho-anos-al-joven-que-filmo-protestas-en-san-antonio\/#primaryimage"},"thumbnailUrl":"https:\/\/cdn1.mediawpaccore.net\/wp-content\/uploads\/2021\/10\/04084147\/Yoan_Cruz.jpeg","keywords":["11J","San Antonio de los Ba\u00f1os","superdestacado"],"articleSection":["Noticias de Cuba"],"inLanguage":"es"},{"@type":"WebPage","@id":"https:\/\/www.cuballama.com\/noticias\/piden-ocho-anos-al-joven-que-filmo-protestas-en-san-antonio\/","url":"https:\/\/www.cuballama.com\/noticias\/piden-ocho-anos-al-joven-que-filmo-protestas-en-san-antonio\/","name":"Piden ocho a\u00f1os al joven que film\u00f3 protestas en San Antonio - Cuballama Noticias","isPartOf":{"@id":"https:\/\/www.cuballama.com\/noticias\/#website"},"primaryImageOfPage":{"@id":"https:\/\/www.cuballama.com\/noticias\/piden-ocho-anos-al-joven-que-filmo-protestas-en-san-antonio\/#primaryimage"},"image":{"@id":"https:\/\/www.cuballama.com\/noticias\/piden-ocho-anos-al-joven-que-filmo-protestas-en-san-antonio\/#primaryimage"},"thumbnailUrl":"https:\/\/cdn1.mediawpaccore.net\/wp-content\/uploads\/2021\/10\/04084147\/Yoan_Cruz.jpeg","datePublished":"2021-10-04T13:11:48+00:00","dateModified":"2021-10-04T13:11:51+00:00","description":"Se repite que despu\u00e9s del 11J nada ser\u00e1 igual en Cuba: las primeras manifestaciones que vio el mundo fueron las de San Antonio","breadcrumb":{"@id":"https:\/\/www.cuballama.com\/noticias\/piden-ocho-anos-al-joven-que-filmo-protestas-en-san-antonio\/#breadcrumb"},"inLanguage":"es","potentialAction":[{"@type":"ReadAction","target":["https:\/\/www.cuballama.com\/noticias\/piden-ocho-anos-al-joven-que-filmo-protestas-en-san-antonio\/"]}]},{"@type":"ImageObject","inLanguage":"es","@id":"https:\/\/www.cuballama.com\/noticias\/piden-ocho-anos-al-joven-que-filmo-protestas-en-san-antonio\/#primaryimage","url":"https:\/\/cdn1.mediawpaccore.net\/wp-content\/uploads\/2021\/10\/04084147\/Yoan_Cruz.jpeg","contentUrl":"https:\/\/cdn1.mediawpaccore.net\/wp-content\/uploads\/2021\/10\/04084147\/Yoan_Cruz.jpeg","width":1000,"height":563,"caption":"(Perfil de F BH\u00e9ctor Luis Vald\u00e9s Cocho)"},{"@type":"BreadcrumbList","@id":"https:\/\/www.cuballama.com\/noticias\/piden-ocho-anos-al-joven-que-filmo-protestas-en-san-antonio\/#breadcrumb","itemListElement":[{"@type":"ListItem","position":1,"name":"Home","item":"https:\/\/www.cuballama.com\/noticias\/"},{"@type":"ListItem","position":2,"name":"Piden ocho a\u00f1os al joven que film\u00f3 protestas en San Antonio"}]},{"@type":"WebSite","@id":"https:\/\/www.cuballama.com\/noticias\/#website","url":"https:\/\/www.cuballama.com\/noticias\/","name":"Cuballama Noticias","description":"Medio digital sobre Cuba y el mundo","publisher":{"@id":"https:\/\/www.cuballama.com\/noticias\/#organization"},"potentialAction":[{"@type":"SearchAction","target":{"@type":"EntryPoint","urlTemplate":"https:\/\/www.cuballama.com\/noticias\/?s={search_term_string}"},"query-input":{"@type":"PropertyValueSpecification","valueRequired":true,"valueName":"search_term_string"}}],"inLanguage":"es"},{"@type":"Organization","@id":"https:\/\/www.cuballama.com\/noticias\/#organization","name":"Cuballama","url":"https:\/\/www.cuballama.com\/noticias\/","logo":{"@type":"ImageObject","inLanguage":"es","@id":"https:\/\/www.cuballama.com\/noticias\/#\/schema\/logo\/image\/","url":"https:\/\/cdn1.mediawpaccore.net\/wp-content\/uploads\/2021\/12\/28171206\/cbll-logo-color-sm.png","contentUrl":"https:\/\/cdn1.mediawpaccore.net\/wp-content\/uploads\/2021\/12\/28171206\/cbll-logo-color-sm.png","width":600,"height":133,"caption":"Cuballama"},"image":{"@id":"https:\/\/www.cuballama.com\/noticias\/#\/schema\/logo\/image\/"},"sameAs":["https:\/\/www.facebook.com\/CubaLlama","https:\/\/x.com\/cuballama","https:\/\/www.instagram.com\/stories\/cuballama_oficial\/","https:\/\/www.youtube.com\/channel\/UCKkFE-d_axENGZcrc4as0IA"]},{"@type":"Person","@id":"","url":"https:\/\/www.cuballama.com\/noticias\/author\/"}]}},"_links":{"self":[{"href":"https:\/\/www.cuballama.com\/noticias\/wp-json\/wp\/v2\/posts\/78125","targetHints":{"allow":["GET"]}}],"collection":[{"href":"https:\/\/www.cuballama.com\/noticias\/wp-json\/wp\/v2\/posts"}],"about":[{"href":"https:\/\/www.cuballama.com\/noticias\/wp-json\/wp\/v2\/types\/post"}],"author":[{"embeddable":true,"href":"https:\/\/www.cuballama.com\/noticias\/wp-json\/wp\/v2\/users\/12"}],"replies":[{"embeddable":true,"href":"https:\/\/www.cuballama.com\/noticias\/wp-json\/wp\/v2\/comments?post=78125"}],"version-history":[{"count":6,"href":"https:\/\/www.cuballama.com\/noticias\/wp-json\/wp\/v2\/posts\/78125\/revisions"}],"predecessor-version":[{"id":78133,"href":"https:\/\/www.cuballama.com\/noticias\/wp-json\/wp\/v2\/posts\/78125\/revisions\/78133"}],"wp:featuredmedia":[{"embeddable":true,"href":"https:\/\/www.cuballama.com\/noticias\/wp-json\/wp\/v2\/media\/78127"}],"wp:attachment":[{"href":"https:\/\/www.cuballama.com\/noticias\/wp-json\/wp\/v2\/media?parent=78125"}],"wp:term":[{"taxonomy":"category","embeddable":true,"href":"https:\/\/www.cuballama.com\/noticias\/wp-json\/wp\/v2\/categories?post=78125"},{"taxonomy":"post_tag","embeddable":true,"href":"https:\/\/www.cuballama.com\/noticias\/wp-json\/wp\/v2\/tags?post=78125"}],"curies":[{"name":"wp","href":"https:\/\/api.w.org\/{rel}","templated":true}]}}