{"id":74222,"date":"2021-08-23T13:16:52","date_gmt":"2021-08-23T17:16:52","guid":{"rendered":"https:\/\/www.cuballama.com\/noticias\/?p=74222"},"modified":"2021-08-23T13:17:32","modified_gmt":"2021-08-23T17:17:32","slug":"adermis-wilson-gonzalez-destino-si-es-deportado-cuba","status":"publish","type":"post","link":"https:\/\/www.cuballama.com\/noticias\/adermis-wilson-gonzalez-destino-si-es-deportado-cuba\/","title":{"rendered":"Adermis Wilson Gonz\u00e1lez y su destino si es deportado a Cuba"},"content":{"rendered":"\n<h2 class=\"wp-block-heading\" id=\"h-desde-finales-de-abril-el-cubano-adermis-wilson-gonz-lez-permanece-detenido-en-un-centro-de-ice-y-podr-a-ser-deportado\">Desde finales de abril, el cubano Adermis Wilson Gonz\u00e1lez permanece detenido en un centro de ICE y podr\u00eda ser deportado<\/h2>\n\n\n\n<p>Fue en 2003 cuando Adermis Wilson Gonz\u00e1lez -armado con dos granadas que despu\u00e9s se descubri\u00f3 eran falsas- secuestr\u00f3 un avi\u00f3n para llegar a los Estados Unidos.<\/p>\n\n\n\n<p>Seg\u00fan un despacho de la agencia <em><a href=\"https:\/\/www.mrt.com\/news\/article\/Man-Who-Hijacked-Cuban-Plane-Surrenders-7906067.php\" target=\"_blank\" rel=\"noreferrer noopener\">Associated Press<\/a><\/em> fechado el 31 de marzo de ese a\u00f1o, el cubano \u00abse baj\u00f3 del avi\u00f3n con un ni\u00f1o en brazos, dijo el portavoz de la polic\u00eda de Key West, Steve Torrence\u00bb. El peque\u00f1o era el hijo de la esposa de Adermis, Leidis S\u00e1nchez. Ella y el menor s\u00ed pudieron quedarse en Estados Unidos, porque no debieron responder a ninguna acusaci\u00f3n.<\/p>\n\n\n\n<p>Una informaci\u00f3n publicada este lunes por los colegas Wilfredo Cancio y Jeanny Pe\u00f1a en <em><a href=\"https:\/\/www.cibercuba.com\/noticias\/2021-08-23-u199572-e199572-s27061-protagonista-espectacular-secuestro-avion-2003-peligro\" target=\"_blank\" rel=\"noreferrer noopener nofollow\">Cibercuba<\/a><\/em> revela que \u00abpostrado en una silla de ruedas en un centro de detenci\u00f3n en Stewart, Georgia, el hombre que protagoniz\u00f3 un espectacular secuestro de avi\u00f3n hace 18 a\u00f1os desde Cuba enfrenta hoy una batalla legal para evitar a toda costa su deportaci\u00f3n\u00bb.<\/p>\n\n\n\n<p>El pasado 29 de abril, Wilson Gonz\u00e1lez cumpl\u00eda su pena por pirater\u00eda a\u00e9rea y narra el citado medio que \u00abfue trasladado hacia un centro de detenci\u00f3n del Departamento de Inmigraci\u00f3n y Control de Fronteras (ICE por sus siglas en ingl\u00e9s) para iniciar el proceso de repatriaci\u00f3n forzosa a Cuba\u00bb.<\/p>\n\n\n\n<p>En charla telef\u00f3nica con <em>Cibercuba<\/em> el hijo de Melkis Gonz\u00e1lez narraba: \u00abSer\u00eda la iron\u00eda m\u00e1s grande de la vida salir huyendo de Cuba para morir en un centro de inmigraci\u00f3n del pa\u00eds m\u00e1s poderoso del mundo y adonde llegu\u00e9 buscando libertad\u00bb.<\/p>\n\n\n\n<p>Una de las mayores preocupaciones de Adermis Wilson Gonz\u00e1lez es precisamente su madre, de 83 a\u00f1os. Ella lo visit\u00f3 varias veces en prisi\u00f3n, desde 2015 incluso ten\u00eda el visado con entradas m\u00faltiples. Pero se venci\u00f3 en medio de la pandemia y ha sido hasta ahora imposible renovarlo. <\/p>\n\n\n\n<p>A prop\u00f3sito del caso de Adermis, los periodistas Wilfredo Cancio y Jeanny Pe\u00f1a conversaron con Ralph Fern\u00e1ndez, abogado con experiencia en defensa de cubanos sobre los que pesaban similares acusaciones de pirater\u00eda a\u00e9rea. <\/p>\n\n\n\n<p>\u00abSi alguien est\u00e1 en peligro de ser torturado y condenado a muerte en Cuba es \u00e9l, pues su salida vulner\u00f3 controles de seguridad que da\u00f1aron la seguridad del r\u00e9gimen y eso no se lo perdonan all\u00ed. Sobre la conciencia americana pesar\u00e1 una decisi\u00f3n equivocada en este caso\u00bb, reconoci\u00f3 el abogado Fern\u00e1ndez.<\/p>\n\n\n\n<p><strong>Puede leer tambi\u00e9n<\/strong>: <a href=\"https:\/\/www.cubacomenta.com\/balsero-cubano-pasa-miedo-creible-evita-deportacion\/\" target=\"_blank\" rel=\"noreferrer noopener\">Otro balsero pasa entrevista del miedo cre\u00edble y evita deportaci\u00f3n<\/a><\/p>\n","protected":false},"excerpt":{"rendered":"<p>Desde finales de abril, el cubano Adermis Wilson Gonz\u00e1lez permanece detenido en un centro de ICE y podr\u00eda ser deportado Fue en 2003 cuando Adermis Wilson Gonz\u00e1lez -armado con dos granadas que despu\u00e9s se descubri\u00f3 eran falsas- secuestr\u00f3 un avi\u00f3n para llegar a los Estados Unidos. Seg\u00fan un despacho de la agencia Associated Press fechado [&hellip;]<\/p>\n","protected":false},"author":12,"featured_media":0,"comment_status":"closed","ping_status":"closed","sticky":false,"template":"","format":"standard","meta":{"_acf_changed":false,"footnotes":""},"categories":[953],"tags":[11443,691,941,11444],"class_list":{"0":"post-74222","1":"post","2":"type-post","3":"status-publish","4":"format-standard","6":"category-usa","7":"tag-adermis-wilson-gonzalez","8":"tag-deportaciones","9":"tag-destacado","10":"tag-secuestro-de-avion"},"acf":[],"yoast_head":"<!-- This site is optimized with the Yoast SEO plugin v27.5 - https:\/\/yoast.com\/product\/yoast-seo-wordpress\/ -->\n<title>Adermis Wilson Gonz\u00e1lez y su destino si es deportado a Cuba - Cuballama Noticias<\/title>\n<meta name=\"description\" content=\"Desde finales de abril, el cubano Adermis Wilson Gonz\u00e1lez permanece detenido en un centro de ICE y podr\u00eda ser deportado tras 18 a\u00f1os\" \/>\n<meta name=\"robots\" content=\"index, follow, max-snippet:-1, max-image-preview:large, max-video-preview:-1\" \/>\n<link rel=\"canonical\" href=\"https:\/\/www.cuballama.com\/noticias\/adermis-wilson-gonzalez-destino-si-es-deportado-cuba\/\" \/>\n<meta property=\"og:locale\" content=\"es_ES\" \/>\n<meta property=\"og:type\" content=\"article\" \/>\n<meta property=\"og:title\" content=\"Adermis Wilson Gonz\u00e1lez y su destino si es deportado a Cuba - Cuballama Noticias\" \/>\n<meta property=\"og:description\" content=\"Desde finales de abril, el cubano Adermis Wilson Gonz\u00e1lez permanece detenido en un centro de ICE y podr\u00eda ser deportado tras 18 a\u00f1os\" \/>\n<meta property=\"og:url\" content=\"https:\/\/www.cuballama.com\/noticias\/adermis-wilson-gonzalez-destino-si-es-deportado-cuba\/\" \/>\n<meta property=\"og:site_name\" content=\"Cuballama Noticias\" \/>\n<meta property=\"article:publisher\" content=\"https:\/\/www.facebook.com\/CubaLlama\" \/>\n<meta property=\"article:published_time\" content=\"2021-08-23T17:16:52+00:00\" \/>\n<meta property=\"article:modified_time\" content=\"2021-08-23T17:17:32+00:00\" \/>\n<meta property=\"og:image\" content=\"https:\/\/www.cuballama.com\/noticias\/wp-content\/uploads\/2021\/08\/AdermisWilsonGonza\u0301lez.jpeg\" \/>\n\t<meta property=\"og:image:width\" content=\"1024\" \/>\n\t<meta property=\"og:image:height\" content=\"768\" \/>\n\t<meta property=\"og:image:type\" content=\"image\/jpeg\" \/>\n<meta name=\"twitter:card\" content=\"summary_large_image\" \/>\n<meta name=\"twitter:creator\" content=\"@cuballama\" \/>\n<meta name=\"twitter:site\" content=\"@cuballama\" \/>\n<meta name=\"twitter:label1\" content=\"Escrito por\" \/>\n\t<meta name=\"twitter:data1\" content=\"\" \/>\n\t<meta name=\"twitter:label2\" content=\"Tiempo de lectura\" \/>\n\t<meta name=\"twitter:data2\" content=\"2 minutos\" \/>\n<script type=\"application\/ld+json\" class=\"yoast-schema-graph\">{\"@context\":\"https:\\\/\\\/schema.org\",\"@graph\":[{\"@type\":\"Article\",\"@id\":\"https:\\\/\\\/www.cuballama.com\\\/noticias\\\/adermis-wilson-gonzalez-destino-si-es-deportado-cuba\\\/#article\",\"isPartOf\":{\"@id\":\"https:\\\/\\\/www.cuballama.com\\\/noticias\\\/adermis-wilson-gonzalez-destino-si-es-deportado-cuba\\\/\"},\"author\":{\"name\":\"\",\"@id\":\"\"},\"headline\":\"Adermis Wilson Gonz\u00e1lez y su destino si es deportado a Cuba\",\"datePublished\":\"2021-08-23T17:16:52+00:00\",\"dateModified\":\"2021-08-23T17:17:32+00:00\",\"mainEntityOfPage\":{\"@id\":\"https:\\\/\\\/www.cuballama.com\\\/noticias\\\/adermis-wilson-gonzalez-destino-si-es-deportado-cuba\\\/\"},\"wordCount\":462,\"publisher\":{\"@id\":\"https:\\\/\\\/www.cuballama.com\\\/noticias\\\/#organization\"},\"keywords\":[\"Adermis Wilson Gonz\u00e1lez\",\"Deportaciones\",\"destacado\",\"secuestro de avi\u00f3n\"],\"articleSection\":[\"USA\"],\"inLanguage\":\"es\"},{\"@type\":\"WebPage\",\"@id\":\"https:\\\/\\\/www.cuballama.com\\\/noticias\\\/adermis-wilson-gonzalez-destino-si-es-deportado-cuba\\\/\",\"url\":\"https:\\\/\\\/www.cuballama.com\\\/noticias\\\/adermis-wilson-gonzalez-destino-si-es-deportado-cuba\\\/\",\"name\":\"Adermis Wilson Gonz\u00e1lez y su destino si es deportado a Cuba - Cuballama Noticias\",\"isPartOf\":{\"@id\":\"https:\\\/\\\/www.cuballama.com\\\/noticias\\\/#website\"},\"datePublished\":\"2021-08-23T17:16:52+00:00\",\"dateModified\":\"2021-08-23T17:17:32+00:00\",\"description\":\"Desde finales de abril, el cubano Adermis Wilson Gonz\u00e1lez permanece detenido en un centro de ICE y podr\u00eda ser deportado tras 18 a\u00f1os\",\"breadcrumb\":{\"@id\":\"https:\\\/\\\/www.cuballama.com\\\/noticias\\\/adermis-wilson-gonzalez-destino-si-es-deportado-cuba\\\/#breadcrumb\"},\"inLanguage\":\"es\",\"potentialAction\":[{\"@type\":\"ReadAction\",\"target\":[\"https:\\\/\\\/www.cuballama.com\\\/noticias\\\/adermis-wilson-gonzalez-destino-si-es-deportado-cuba\\\/\"]}]},{\"@type\":\"BreadcrumbList\",\"@id\":\"https:\\\/\\\/www.cuballama.com\\\/noticias\\\/adermis-wilson-gonzalez-destino-si-es-deportado-cuba\\\/#breadcrumb\",\"itemListElement\":[{\"@type\":\"ListItem\",\"position\":1,\"name\":\"Home\",\"item\":\"https:\\\/\\\/www.cuballama.com\\\/noticias\\\/\"},{\"@type\":\"ListItem\",\"position\":2,\"name\":\"Adermis Wilson Gonz\u00e1lez y su destino si es deportado a Cuba\"}]},{\"@type\":\"WebSite\",\"@id\":\"https:\\\/\\\/www.cuballama.com\\\/noticias\\\/#website\",\"url\":\"https:\\\/\\\/www.cuballama.com\\\/noticias\\\/\",\"name\":\"Cuballama Noticias\",\"description\":\"Medio digital sobre Cuba y el mundo\",\"publisher\":{\"@id\":\"https:\\\/\\\/www.cuballama.com\\\/noticias\\\/#organization\"},\"potentialAction\":[{\"@type\":\"SearchAction\",\"target\":{\"@type\":\"EntryPoint\",\"urlTemplate\":\"https:\\\/\\\/www.cuballama.com\\\/noticias\\\/?s={search_term_string}\"},\"query-input\":{\"@type\":\"PropertyValueSpecification\",\"valueRequired\":true,\"valueName\":\"search_term_string\"}}],\"inLanguage\":\"es\"},{\"@type\":\"Organization\",\"@id\":\"https:\\\/\\\/www.cuballama.com\\\/noticias\\\/#organization\",\"name\":\"Cuballama\",\"url\":\"https:\\\/\\\/www.cuballama.com\\\/noticias\\\/\",\"logo\":{\"@type\":\"ImageObject\",\"inLanguage\":\"es\",\"@id\":\"https:\\\/\\\/www.cuballama.com\\\/noticias\\\/#\\\/schema\\\/logo\\\/image\\\/\",\"url\":\"https:\\\/\\\/cdn1.mediawpaccore.net\\\/wp-content\\\/uploads\\\/2021\\\/12\\\/28171206\\\/cbll-logo-color-sm.png\",\"contentUrl\":\"https:\\\/\\\/cdn1.mediawpaccore.net\\\/wp-content\\\/uploads\\\/2021\\\/12\\\/28171206\\\/cbll-logo-color-sm.png\",\"width\":600,\"height\":133,\"caption\":\"Cuballama\"},\"image\":{\"@id\":\"https:\\\/\\\/www.cuballama.com\\\/noticias\\\/#\\\/schema\\\/logo\\\/image\\\/\"},\"sameAs\":[\"https:\\\/\\\/www.facebook.com\\\/CubaLlama\",\"https:\\\/\\\/x.com\\\/cuballama\",\"https:\\\/\\\/www.instagram.com\\\/stories\\\/cuballama_oficial\\\/\",\"https:\\\/\\\/www.youtube.com\\\/channel\\\/UCKkFE-d_axENGZcrc4as0IA\"]},{\"@type\":\"Person\",\"@id\":\"\",\"url\":\"https:\\\/\\\/www.cuballama.com\\\/noticias\\\/author\\\/\"}]}<\/script>\n<!-- \/ Yoast SEO plugin. -->","yoast_head_json":{"title":"Adermis Wilson Gonz\u00e1lez y su destino si es deportado a Cuba - Cuballama Noticias","description":"Desde finales de abril, el cubano Adermis Wilson Gonz\u00e1lez permanece detenido en un centro de ICE y podr\u00eda ser deportado tras 18 a\u00f1os","robots":{"index":"index","follow":"follow","max-snippet":"max-snippet:-1","max-image-preview":"max-image-preview:large","max-video-preview":"max-video-preview:-1"},"canonical":"https:\/\/www.cuballama.com\/noticias\/adermis-wilson-gonzalez-destino-si-es-deportado-cuba\/","og_locale":"es_ES","og_type":"article","og_title":"Adermis Wilson Gonz\u00e1lez y su destino si es deportado a Cuba - Cuballama Noticias","og_description":"Desde finales de abril, el cubano Adermis Wilson Gonz\u00e1lez permanece detenido en un centro de ICE y podr\u00eda ser deportado tras 18 a\u00f1os","og_url":"https:\/\/www.cuballama.com\/noticias\/adermis-wilson-gonzalez-destino-si-es-deportado-cuba\/","og_site_name":"Cuballama Noticias","article_publisher":"https:\/\/www.facebook.com\/CubaLlama","article_published_time":"2021-08-23T17:16:52+00:00","article_modified_time":"2021-08-23T17:17:32+00:00","og_image":[{"width":1024,"height":768,"url":"https:\/\/www.cuballama.com\/noticias\/wp-content\/uploads\/2021\/08\/AdermisWilsonGonza\u0301lez.jpeg","type":"image\/jpeg"}],"twitter_card":"summary_large_image","twitter_creator":"@cuballama","twitter_site":"@cuballama","twitter_misc":{"Escrito por":"","Tiempo de lectura":"2 minutos"},"schema":{"@context":"https:\/\/schema.org","@graph":[{"@type":"Article","@id":"https:\/\/www.cuballama.com\/noticias\/adermis-wilson-gonzalez-destino-si-es-deportado-cuba\/#article","isPartOf":{"@id":"https:\/\/www.cuballama.com\/noticias\/adermis-wilson-gonzalez-destino-si-es-deportado-cuba\/"},"author":{"name":"","@id":""},"headline":"Adermis Wilson Gonz\u00e1lez y su destino si es deportado a Cuba","datePublished":"2021-08-23T17:16:52+00:00","dateModified":"2021-08-23T17:17:32+00:00","mainEntityOfPage":{"@id":"https:\/\/www.cuballama.com\/noticias\/adermis-wilson-gonzalez-destino-si-es-deportado-cuba\/"},"wordCount":462,"publisher":{"@id":"https:\/\/www.cuballama.com\/noticias\/#organization"},"keywords":["Adermis Wilson Gonz\u00e1lez","Deportaciones","destacado","secuestro de avi\u00f3n"],"articleSection":["USA"],"inLanguage":"es"},{"@type":"WebPage","@id":"https:\/\/www.cuballama.com\/noticias\/adermis-wilson-gonzalez-destino-si-es-deportado-cuba\/","url":"https:\/\/www.cuballama.com\/noticias\/adermis-wilson-gonzalez-destino-si-es-deportado-cuba\/","name":"Adermis Wilson Gonz\u00e1lez y su destino si es deportado a Cuba - Cuballama Noticias","isPartOf":{"@id":"https:\/\/www.cuballama.com\/noticias\/#website"},"datePublished":"2021-08-23T17:16:52+00:00","dateModified":"2021-08-23T17:17:32+00:00","description":"Desde finales de abril, el cubano Adermis Wilson Gonz\u00e1lez permanece detenido en un centro de ICE y podr\u00eda ser deportado tras 18 a\u00f1os","breadcrumb":{"@id":"https:\/\/www.cuballama.com\/noticias\/adermis-wilson-gonzalez-destino-si-es-deportado-cuba\/#breadcrumb"},"inLanguage":"es","potentialAction":[{"@type":"ReadAction","target":["https:\/\/www.cuballama.com\/noticias\/adermis-wilson-gonzalez-destino-si-es-deportado-cuba\/"]}]},{"@type":"BreadcrumbList","@id":"https:\/\/www.cuballama.com\/noticias\/adermis-wilson-gonzalez-destino-si-es-deportado-cuba\/#breadcrumb","itemListElement":[{"@type":"ListItem","position":1,"name":"Home","item":"https:\/\/www.cuballama.com\/noticias\/"},{"@type":"ListItem","position":2,"name":"Adermis Wilson Gonz\u00e1lez y su destino si es deportado a Cuba"}]},{"@type":"WebSite","@id":"https:\/\/www.cuballama.com\/noticias\/#website","url":"https:\/\/www.cuballama.com\/noticias\/","name":"Cuballama Noticias","description":"Medio digital sobre Cuba y el mundo","publisher":{"@id":"https:\/\/www.cuballama.com\/noticias\/#organization"},"potentialAction":[{"@type":"SearchAction","target":{"@type":"EntryPoint","urlTemplate":"https:\/\/www.cuballama.com\/noticias\/?s={search_term_string}"},"query-input":{"@type":"PropertyValueSpecification","valueRequired":true,"valueName":"search_term_string"}}],"inLanguage":"es"},{"@type":"Organization","@id":"https:\/\/www.cuballama.com\/noticias\/#organization","name":"Cuballama","url":"https:\/\/www.cuballama.com\/noticias\/","logo":{"@type":"ImageObject","inLanguage":"es","@id":"https:\/\/www.cuballama.com\/noticias\/#\/schema\/logo\/image\/","url":"https:\/\/cdn1.mediawpaccore.net\/wp-content\/uploads\/2021\/12\/28171206\/cbll-logo-color-sm.png","contentUrl":"https:\/\/cdn1.mediawpaccore.net\/wp-content\/uploads\/2021\/12\/28171206\/cbll-logo-color-sm.png","width":600,"height":133,"caption":"Cuballama"},"image":{"@id":"https:\/\/www.cuballama.com\/noticias\/#\/schema\/logo\/image\/"},"sameAs":["https:\/\/www.facebook.com\/CubaLlama","https:\/\/x.com\/cuballama","https:\/\/www.instagram.com\/stories\/cuballama_oficial\/","https:\/\/www.youtube.com\/channel\/UCKkFE-d_axENGZcrc4as0IA"]},{"@type":"Person","@id":"","url":"https:\/\/www.cuballama.com\/noticias\/author\/"}]}},"_links":{"self":[{"href":"https:\/\/www.cuballama.com\/noticias\/wp-json\/wp\/v2\/posts\/74222","targetHints":{"allow":["GET"]}}],"collection":[{"href":"https:\/\/www.cuballama.com\/noticias\/wp-json\/wp\/v2\/posts"}],"about":[{"href":"https:\/\/www.cuballama.com\/noticias\/wp-json\/wp\/v2\/types\/post"}],"author":[{"embeddable":true,"href":"https:\/\/www.cuballama.com\/noticias\/wp-json\/wp\/v2\/users\/12"}],"replies":[{"embeddable":true,"href":"https:\/\/www.cuballama.com\/noticias\/wp-json\/wp\/v2\/comments?post=74222"}],"version-history":[{"count":12,"href":"https:\/\/www.cuballama.com\/noticias\/wp-json\/wp\/v2\/posts\/74222\/revisions"}],"predecessor-version":[{"id":74257,"href":"https:\/\/www.cuballama.com\/noticias\/wp-json\/wp\/v2\/posts\/74222\/revisions\/74257"}],"wp:attachment":[{"href":"https:\/\/www.cuballama.com\/noticias\/wp-json\/wp\/v2\/media?parent=74222"}],"wp:term":[{"taxonomy":"category","embeddable":true,"href":"https:\/\/www.cuballama.com\/noticias\/wp-json\/wp\/v2\/categories?post=74222"},{"taxonomy":"post_tag","embeddable":true,"href":"https:\/\/www.cuballama.com\/noticias\/wp-json\/wp\/v2\/tags?post=74222"}],"curies":[{"name":"wp","href":"https:\/\/api.w.org\/{rel}","templated":true}]}}