{"id":74088,"date":"2021-08-21T10:47:00","date_gmt":"2021-08-21T14:47:00","guid":{"rendered":"https:\/\/www.cuballama.com\/noticias\/?p=74088"},"modified":"2021-08-21T10:47:04","modified_gmt":"2021-08-21T14:47:04","slug":"famosos-cubanos-en-miami-cantan-a-la-isla-y-a-la-esperanza","status":"publish","type":"post","link":"https:\/\/www.cuballama.com\/noticias\/famosos-cubanos-en-miami-cantan-a-la-isla-y-a-la-esperanza\/","title":{"rendered":"Famosos cubanos en Miami cantan a la isla y \u00aba la esperanza\u00bb"},"content":{"rendered":"\n<h2 class=\"wp-block-heading\" id=\"h-un-grupo-de-famosos-artistas-cubanos-cantantes-presentadores-y-actores-se-unieron-en-miami-para-un-hermoso-tema-dedicado-a-su-pa-s-y-a-la-esperanza-que-se-ajusta-perfectamente-a-la-situaci-n-actual-de-la-mayor-de-las-antillas\">Un grupo de famosos artistas cubanos -cantantes, presentadores y actores- se unieron en Miami para un hermoso tema dedicado a su pa\u00eds y a la esperanza, que se ajusta perfectamente a la situaci\u00f3n actual de la Mayor de Las Antillas.<\/h2>\n\n\n\n<p>Famosos artistas cubanos de distintas generaciones y campos como la actuaci\u00f3n o la m\u00fasica, se unieron en Miami en un hermoso canto hacia el pa\u00eds que aspiran a ver alg\u00fan d\u00eda, y a la esperanza.<\/p>\n\n\n\n<p><strong>Quiz\u00e1s quieras leer <a href=\"https:\/\/www.cubacomenta.com\/dianelys-brito-irela-bravo-reencuentro-miami\/\" target=\"_blank\" rel=\"noreferrer noopener\">Dianelys Brito e Irela Bravo viven un feliz reencuentro en Miami<\/a><\/strong><\/p>\n\n\n\n<p>Nombres como Albertico&nbsp;Pujol,&nbsp;Dianelys Brito, Sandra P\u00e9rez, Jos\u00e9 T\u00e9llez, Tony Cort\u00e9s, Ram\u00f3n y Ramoncito Veloz, Carmen Daysi, Felito&nbsp;Lahera, Grettel Trujillo, Carlos Zamplin, Judith Gonz\u00e1lez,&nbsp;prestaron su voz y presencia para este tema.<\/p>\n\n\n\n<p>Adem\u00e1s, se encuentran en el audiovisual Mar\u00eda Teresa Pina, Ricardo Becerra, Mar\u00eda Karla Rivero&nbsp;y Jean Michel Fern\u00e1ndez, y los comunicadores&nbsp;Miosotis Parapar y&nbsp;Niro de la R\u00faa, todos con carrera en la televisi\u00f3n en Cuba.<\/p>\n\n\n\n<p>Se trata de dos decenas de famosos artistas cubanos que acudieron al llamado del cantante\u00a0Juan Carlos Calder\u00f3n para la versi\u00f3n de <em>A pesar de usted<\/em>, del poeta y cantante brasile\u00f1o\u00a0Chico Buarque,como indica <em><a href=\"https:\/\/www.cibercuba.com\/noticias\/2021-08-20-u194224-e196568-s27065-artistas-cubanos-unen-miami-cantarle-cuba-suenan\" target=\"_blank\" rel=\"noreferrer noopener nofollow\">CiberCuba<\/a><\/em>.<\/p>\n\n\n\n<iframe loading=\"lazy\" src=\"https:\/\/www.facebook.com\/plugins\/post.php?href=https%3A%2F%2Fwww.facebook.com%2Fpermalink.php%3Fstory_fbid%3D884627202435973%26id%3D100026661048016&#038;show_text=true&#038;width=500\" width=\"500\" height=\"684\" style=\"border:none;overflow:hidden\" scrolling=\"no\" frameborder=\"0\" allowfullscreen=\"true\" allow=\"autoplay; clipboard-write; encrypted-media; picture-in-picture; web-share\"><\/iframe>\n\n\n\n<p>\u00abHoy es usted el que manda,&nbsp;lo dijo (&#8230;)&nbsp;toda mi gente hoy anda&nbsp;hablando bajito,&nbsp;mirando el rinc\u00f3n. A pesar de usted, ma\u00f1ana ha de ser otro d\u00eda. Yo quisiera saber d\u00f3nde se va a esconder de esa enorme alegr\u00eda.&nbsp;\u00bfC\u00f3mo le va a prohibir a ese gallo insistir en cantar? Agua nueva brotando y la gente am\u00e1ndose sin parar\u00bb, se puede escuchar en la canci\u00f3n.<\/p>\n\n\n\n<p>\u201cA pesar de usted, ma\u00f1ana ser\u00e1 otro d\u00eda. Quiero agradecer a todos mis amigos, grandes y queridos actores por formar parte de este video\u201d, escribi\u00f3 en su <a href=\"https:\/\/www.facebook.com\/juan.c.aleaga\/posts\/10219864363061403\" target=\"_blank\" rel=\"noreferrer noopener\">cuenta de Facebook<\/a> Juan Carlos Calder\u00f3n.<\/p>\n\n\n\n<figure class=\"wp-block-embed is-type-video is-provider-youtube wp-block-embed-youtube wp-embed-aspect-16-9 wp-has-aspect-ratio\"><div class=\"wp-block-embed__wrapper\">\n<iframe loading=\"lazy\" title=\"A PESAR DE USTED \/ Juan Carlos Calderon Cuba\" width=\"696\" height=\"392\" src=\"https:\/\/www.youtube.com\/embed\/v5jOwrJ7xFc?feature=oembed\" frameborder=\"0\" allow=\"accelerometer; autoplay; clipboard-write; encrypted-media; gyroscope; picture-in-picture\" allowfullscreen><\/iframe>\n<\/div><\/figure>\n\n\n\n<p>El video se trata de un material que provocar\u00e1 la nostalgia de muchos al ver a tantos famosos artistas cubanos unidos bajo un misma canci\u00f3n a Cuba y la esperanza, como escribi\u00f3 en su cuenta de Instagram unas de las participantes, Dianelys Brito.<\/p>\n\n\n\n<p>\u00abCuando&nbsp;llegue ese momento,&nbsp;todo el sufrimiento&nbsp;cobrar\u00e9 seguro, juro. Todo ese amor reprimido,&nbsp;ese grito mordido,&nbsp;esta samba en lo oscuro. Usted que invent\u00f3 la tristeza,&nbsp;usted va a pagar&nbsp;y bien pagada,&nbsp;cada l\u00e1grima brotada&nbsp;desde mi penar\u00bb, se escucha en el tema.<\/p>\n","protected":false},"excerpt":{"rendered":"<p>Un grupo de famosos artistas cubanos -cantantes, presentadores y actores- se unieron en Miami para un hermoso tema dedicado a su pa\u00eds y a la esperanza, que se ajusta perfectamente a la situaci\u00f3n actual de la Mayor de Las Antillas. Famosos artistas cubanos de distintas generaciones y campos como la actuaci\u00f3n o la m\u00fasica, se [&hellip;]<\/p>\n","protected":false},"author":17,"featured_media":0,"comment_status":"closed","ping_status":"closed","sticky":false,"template":"","format":"standard","meta":{"_acf_changed":false,"footnotes":""},"categories":[955],"tags":[252,1280,11017],"class_list":{"0":"post-74088","1":"post","2":"type-post","3":"status-publish","4":"format-standard","6":"category-noticias-de-cuba","7":"tag-artistas-cubanos","8":"tag-artistas-de-cuba","9":"tag-superdestacado"},"acf":[],"yoast_head":"<!-- This site is optimized with the Yoast SEO plugin v27.5 - https:\/\/yoast.com\/product\/yoast-seo-wordpress\/ -->\n<title>Famosos cubanos en Miami cantan a la isla y &quot;a la esperanza&quot;<\/title>\n<meta name=\"description\" content=\"Un grupo de famosos artistas cubanos se unieron en Miami para un hermoso tema dedicado a su pa\u00eds que sufre y a la esperanza\" \/>\n<meta name=\"robots\" content=\"index, follow, max-snippet:-1, max-image-preview:large, max-video-preview:-1\" \/>\n<link rel=\"canonical\" href=\"https:\/\/www.cuballama.com\/noticias\/famosos-cubanos-en-miami-cantan-a-la-isla-y-a-la-esperanza\/\" \/>\n<meta property=\"og:locale\" content=\"es_ES\" \/>\n<meta property=\"og:type\" content=\"article\" \/>\n<meta property=\"og:title\" content=\"Famosos cubanos en Miami cantan a la isla y &quot;a la esperanza&quot;\" \/>\n<meta property=\"og:description\" content=\"Un grupo de famosos artistas cubanos se unieron en Miami para un hermoso tema dedicado a su pa\u00eds que sufre y a la esperanza\" \/>\n<meta property=\"og:url\" content=\"https:\/\/www.cuballama.com\/noticias\/famosos-cubanos-en-miami-cantan-a-la-isla-y-a-la-esperanza\/\" \/>\n<meta property=\"og:site_name\" content=\"Cuballama Noticias\" \/>\n<meta property=\"article:publisher\" content=\"https:\/\/www.facebook.com\/CubaLlama\" \/>\n<meta property=\"article:published_time\" content=\"2021-08-21T14:47:00+00:00\" \/>\n<meta property=\"article:modified_time\" content=\"2021-08-21T14:47:04+00:00\" \/>\n<meta property=\"og:image\" content=\"https:\/\/www.cuballama.com\/noticias\/wp-content\/uploads\/2021\/08\/artistas-cubanos-Miami.jpg\" \/>\n\t<meta property=\"og:image:width\" content=\"1200\" \/>\n\t<meta property=\"og:image:height\" content=\"650\" \/>\n\t<meta property=\"og:image:type\" content=\"image\/jpeg\" \/>\n<meta name=\"author\" content=\"Omar\" \/>\n<meta name=\"twitter:card\" content=\"summary_large_image\" \/>\n<meta name=\"twitter:creator\" content=\"@cuballama\" \/>\n<meta name=\"twitter:site\" content=\"@cuballama\" \/>\n<meta name=\"twitter:label1\" content=\"Escrito por\" \/>\n\t<meta name=\"twitter:data1\" content=\"Omar\" \/>\n\t<meta name=\"twitter:label2\" content=\"Tiempo de lectura\" \/>\n\t<meta name=\"twitter:data2\" content=\"2 minutos\" \/>\n<script type=\"application\/ld+json\" class=\"yoast-schema-graph\">{\"@context\":\"https:\\\/\\\/schema.org\",\"@graph\":[{\"@type\":\"Article\",\"@id\":\"https:\\\/\\\/www.cuballama.com\\\/noticias\\\/famosos-cubanos-en-miami-cantan-a-la-isla-y-a-la-esperanza\\\/#article\",\"isPartOf\":{\"@id\":\"https:\\\/\\\/www.cuballama.com\\\/noticias\\\/famosos-cubanos-en-miami-cantan-a-la-isla-y-a-la-esperanza\\\/\"},\"author\":{\"name\":\"Omar\",\"@id\":\"https:\\\/\\\/www.cuballama.com\\\/noticias\\\/#\\\/schema\\\/person\\\/ef3ccf4532b14bf27ed67fce2accc168\"},\"headline\":\"Famosos cubanos en Miami cantan a la isla y \u00aba la esperanza\u00bb\",\"datePublished\":\"2021-08-21T14:47:00+00:00\",\"dateModified\":\"2021-08-21T14:47:04+00:00\",\"mainEntityOfPage\":{\"@id\":\"https:\\\/\\\/www.cuballama.com\\\/noticias\\\/famosos-cubanos-en-miami-cantan-a-la-isla-y-a-la-esperanza\\\/\"},\"wordCount\":456,\"publisher\":{\"@id\":\"https:\\\/\\\/www.cuballama.com\\\/noticias\\\/#organization\"},\"keywords\":[\"Artistas cubanos\",\"Artistas de Cuba\",\"superdestacado\"],\"articleSection\":[\"Noticias de Cuba\"],\"inLanguage\":\"es\"},{\"@type\":\"WebPage\",\"@id\":\"https:\\\/\\\/www.cuballama.com\\\/noticias\\\/famosos-cubanos-en-miami-cantan-a-la-isla-y-a-la-esperanza\\\/\",\"url\":\"https:\\\/\\\/www.cuballama.com\\\/noticias\\\/famosos-cubanos-en-miami-cantan-a-la-isla-y-a-la-esperanza\\\/\",\"name\":\"Famosos cubanos en Miami cantan a la isla y \\\"a la esperanza\\\"\",\"isPartOf\":{\"@id\":\"https:\\\/\\\/www.cuballama.com\\\/noticias\\\/#website\"},\"datePublished\":\"2021-08-21T14:47:00+00:00\",\"dateModified\":\"2021-08-21T14:47:04+00:00\",\"description\":\"Un grupo de famosos artistas cubanos se unieron en Miami para un hermoso tema dedicado a su pa\u00eds que sufre y a la esperanza\",\"breadcrumb\":{\"@id\":\"https:\\\/\\\/www.cuballama.com\\\/noticias\\\/famosos-cubanos-en-miami-cantan-a-la-isla-y-a-la-esperanza\\\/#breadcrumb\"},\"inLanguage\":\"es\",\"potentialAction\":[{\"@type\":\"ReadAction\",\"target\":[\"https:\\\/\\\/www.cuballama.com\\\/noticias\\\/famosos-cubanos-en-miami-cantan-a-la-isla-y-a-la-esperanza\\\/\"]}]},{\"@type\":\"BreadcrumbList\",\"@id\":\"https:\\\/\\\/www.cuballama.com\\\/noticias\\\/famosos-cubanos-en-miami-cantan-a-la-isla-y-a-la-esperanza\\\/#breadcrumb\",\"itemListElement\":[{\"@type\":\"ListItem\",\"position\":1,\"name\":\"Home\",\"item\":\"https:\\\/\\\/www.cuballama.com\\\/noticias\\\/\"},{\"@type\":\"ListItem\",\"position\":2,\"name\":\"Famosos cubanos en Miami cantan a la isla y \u00aba la esperanza\u00bb\"}]},{\"@type\":\"WebSite\",\"@id\":\"https:\\\/\\\/www.cuballama.com\\\/noticias\\\/#website\",\"url\":\"https:\\\/\\\/www.cuballama.com\\\/noticias\\\/\",\"name\":\"Cuballama Noticias\",\"description\":\"Medio digital sobre Cuba y el mundo\",\"publisher\":{\"@id\":\"https:\\\/\\\/www.cuballama.com\\\/noticias\\\/#organization\"},\"potentialAction\":[{\"@type\":\"SearchAction\",\"target\":{\"@type\":\"EntryPoint\",\"urlTemplate\":\"https:\\\/\\\/www.cuballama.com\\\/noticias\\\/?s={search_term_string}\"},\"query-input\":{\"@type\":\"PropertyValueSpecification\",\"valueRequired\":true,\"valueName\":\"search_term_string\"}}],\"inLanguage\":\"es\"},{\"@type\":\"Organization\",\"@id\":\"https:\\\/\\\/www.cuballama.com\\\/noticias\\\/#organization\",\"name\":\"Cuballama\",\"url\":\"https:\\\/\\\/www.cuballama.com\\\/noticias\\\/\",\"logo\":{\"@type\":\"ImageObject\",\"inLanguage\":\"es\",\"@id\":\"https:\\\/\\\/www.cuballama.com\\\/noticias\\\/#\\\/schema\\\/logo\\\/image\\\/\",\"url\":\"https:\\\/\\\/cdn1.mediawpaccore.net\\\/wp-content\\\/uploads\\\/2021\\\/12\\\/28171206\\\/cbll-logo-color-sm.png\",\"contentUrl\":\"https:\\\/\\\/cdn1.mediawpaccore.net\\\/wp-content\\\/uploads\\\/2021\\\/12\\\/28171206\\\/cbll-logo-color-sm.png\",\"width\":600,\"height\":133,\"caption\":\"Cuballama\"},\"image\":{\"@id\":\"https:\\\/\\\/www.cuballama.com\\\/noticias\\\/#\\\/schema\\\/logo\\\/image\\\/\"},\"sameAs\":[\"https:\\\/\\\/www.facebook.com\\\/CubaLlama\",\"https:\\\/\\\/x.com\\\/cuballama\",\"https:\\\/\\\/www.instagram.com\\\/stories\\\/cuballama_oficial\\\/\",\"https:\\\/\\\/www.youtube.com\\\/channel\\\/UCKkFE-d_axENGZcrc4as0IA\"]},{\"@type\":\"Person\",\"@id\":\"https:\\\/\\\/www.cuballama.com\\\/noticias\\\/#\\\/schema\\\/person\\\/ef3ccf4532b14bf27ed67fce2accc168\",\"name\":\"Omar\",\"url\":\"https:\\\/\\\/www.cuballama.com\\\/noticias\\\/author\\\/ocortazar\\\/\"}]}<\/script>\n<!-- \/ Yoast SEO plugin. -->","yoast_head_json":{"title":"Famosos cubanos en Miami cantan a la isla y \"a la esperanza\"","description":"Un grupo de famosos artistas cubanos se unieron en Miami para un hermoso tema dedicado a su pa\u00eds que sufre y a la esperanza","robots":{"index":"index","follow":"follow","max-snippet":"max-snippet:-1","max-image-preview":"max-image-preview:large","max-video-preview":"max-video-preview:-1"},"canonical":"https:\/\/www.cuballama.com\/noticias\/famosos-cubanos-en-miami-cantan-a-la-isla-y-a-la-esperanza\/","og_locale":"es_ES","og_type":"article","og_title":"Famosos cubanos en Miami cantan a la isla y \"a la esperanza\"","og_description":"Un grupo de famosos artistas cubanos se unieron en Miami para un hermoso tema dedicado a su pa\u00eds que sufre y a la esperanza","og_url":"https:\/\/www.cuballama.com\/noticias\/famosos-cubanos-en-miami-cantan-a-la-isla-y-a-la-esperanza\/","og_site_name":"Cuballama Noticias","article_publisher":"https:\/\/www.facebook.com\/CubaLlama","article_published_time":"2021-08-21T14:47:00+00:00","article_modified_time":"2021-08-21T14:47:04+00:00","og_image":[{"width":1200,"height":650,"url":"https:\/\/www.cuballama.com\/noticias\/wp-content\/uploads\/2021\/08\/artistas-cubanos-Miami.jpg","type":"image\/jpeg"}],"author":"Omar","twitter_card":"summary_large_image","twitter_creator":"@cuballama","twitter_site":"@cuballama","twitter_misc":{"Escrito por":"Omar","Tiempo de lectura":"2 minutos"},"schema":{"@context":"https:\/\/schema.org","@graph":[{"@type":"Article","@id":"https:\/\/www.cuballama.com\/noticias\/famosos-cubanos-en-miami-cantan-a-la-isla-y-a-la-esperanza\/#article","isPartOf":{"@id":"https:\/\/www.cuballama.com\/noticias\/famosos-cubanos-en-miami-cantan-a-la-isla-y-a-la-esperanza\/"},"author":{"name":"Omar","@id":"https:\/\/www.cuballama.com\/noticias\/#\/schema\/person\/ef3ccf4532b14bf27ed67fce2accc168"},"headline":"Famosos cubanos en Miami cantan a la isla y \u00aba la esperanza\u00bb","datePublished":"2021-08-21T14:47:00+00:00","dateModified":"2021-08-21T14:47:04+00:00","mainEntityOfPage":{"@id":"https:\/\/www.cuballama.com\/noticias\/famosos-cubanos-en-miami-cantan-a-la-isla-y-a-la-esperanza\/"},"wordCount":456,"publisher":{"@id":"https:\/\/www.cuballama.com\/noticias\/#organization"},"keywords":["Artistas cubanos","Artistas de Cuba","superdestacado"],"articleSection":["Noticias de Cuba"],"inLanguage":"es"},{"@type":"WebPage","@id":"https:\/\/www.cuballama.com\/noticias\/famosos-cubanos-en-miami-cantan-a-la-isla-y-a-la-esperanza\/","url":"https:\/\/www.cuballama.com\/noticias\/famosos-cubanos-en-miami-cantan-a-la-isla-y-a-la-esperanza\/","name":"Famosos cubanos en Miami cantan a la isla y \"a la esperanza\"","isPartOf":{"@id":"https:\/\/www.cuballama.com\/noticias\/#website"},"datePublished":"2021-08-21T14:47:00+00:00","dateModified":"2021-08-21T14:47:04+00:00","description":"Un grupo de famosos artistas cubanos se unieron en Miami para un hermoso tema dedicado a su pa\u00eds que sufre y a la esperanza","breadcrumb":{"@id":"https:\/\/www.cuballama.com\/noticias\/famosos-cubanos-en-miami-cantan-a-la-isla-y-a-la-esperanza\/#breadcrumb"},"inLanguage":"es","potentialAction":[{"@type":"ReadAction","target":["https:\/\/www.cuballama.com\/noticias\/famosos-cubanos-en-miami-cantan-a-la-isla-y-a-la-esperanza\/"]}]},{"@type":"BreadcrumbList","@id":"https:\/\/www.cuballama.com\/noticias\/famosos-cubanos-en-miami-cantan-a-la-isla-y-a-la-esperanza\/#breadcrumb","itemListElement":[{"@type":"ListItem","position":1,"name":"Home","item":"https:\/\/www.cuballama.com\/noticias\/"},{"@type":"ListItem","position":2,"name":"Famosos cubanos en Miami cantan a la isla y \u00aba la esperanza\u00bb"}]},{"@type":"WebSite","@id":"https:\/\/www.cuballama.com\/noticias\/#website","url":"https:\/\/www.cuballama.com\/noticias\/","name":"Cuballama Noticias","description":"Medio digital sobre Cuba y el mundo","publisher":{"@id":"https:\/\/www.cuballama.com\/noticias\/#organization"},"potentialAction":[{"@type":"SearchAction","target":{"@type":"EntryPoint","urlTemplate":"https:\/\/www.cuballama.com\/noticias\/?s={search_term_string}"},"query-input":{"@type":"PropertyValueSpecification","valueRequired":true,"valueName":"search_term_string"}}],"inLanguage":"es"},{"@type":"Organization","@id":"https:\/\/www.cuballama.com\/noticias\/#organization","name":"Cuballama","url":"https:\/\/www.cuballama.com\/noticias\/","logo":{"@type":"ImageObject","inLanguage":"es","@id":"https:\/\/www.cuballama.com\/noticias\/#\/schema\/logo\/image\/","url":"https:\/\/cdn1.mediawpaccore.net\/wp-content\/uploads\/2021\/12\/28171206\/cbll-logo-color-sm.png","contentUrl":"https:\/\/cdn1.mediawpaccore.net\/wp-content\/uploads\/2021\/12\/28171206\/cbll-logo-color-sm.png","width":600,"height":133,"caption":"Cuballama"},"image":{"@id":"https:\/\/www.cuballama.com\/noticias\/#\/schema\/logo\/image\/"},"sameAs":["https:\/\/www.facebook.com\/CubaLlama","https:\/\/x.com\/cuballama","https:\/\/www.instagram.com\/stories\/cuballama_oficial\/","https:\/\/www.youtube.com\/channel\/UCKkFE-d_axENGZcrc4as0IA"]},{"@type":"Person","@id":"https:\/\/www.cuballama.com\/noticias\/#\/schema\/person\/ef3ccf4532b14bf27ed67fce2accc168","name":"Omar","url":"https:\/\/www.cuballama.com\/noticias\/author\/ocortazar\/"}]}},"_links":{"self":[{"href":"https:\/\/www.cuballama.com\/noticias\/wp-json\/wp\/v2\/posts\/74088","targetHints":{"allow":["GET"]}}],"collection":[{"href":"https:\/\/www.cuballama.com\/noticias\/wp-json\/wp\/v2\/posts"}],"about":[{"href":"https:\/\/www.cuballama.com\/noticias\/wp-json\/wp\/v2\/types\/post"}],"author":[{"embeddable":true,"href":"https:\/\/www.cuballama.com\/noticias\/wp-json\/wp\/v2\/users\/17"}],"replies":[{"embeddable":true,"href":"https:\/\/www.cuballama.com\/noticias\/wp-json\/wp\/v2\/comments?post=74088"}],"version-history":[{"count":2,"href":"https:\/\/www.cuballama.com\/noticias\/wp-json\/wp\/v2\/posts\/74088\/revisions"}],"predecessor-version":[{"id":74090,"href":"https:\/\/www.cuballama.com\/noticias\/wp-json\/wp\/v2\/posts\/74088\/revisions\/74090"}],"wp:attachment":[{"href":"https:\/\/www.cuballama.com\/noticias\/wp-json\/wp\/v2\/media?parent=74088"}],"wp:term":[{"taxonomy":"category","embeddable":true,"href":"https:\/\/www.cuballama.com\/noticias\/wp-json\/wp\/v2\/categories?post=74088"},{"taxonomy":"post_tag","embeddable":true,"href":"https:\/\/www.cuballama.com\/noticias\/wp-json\/wp\/v2\/tags?post=74088"}],"curies":[{"name":"wp","href":"https:\/\/api.w.org\/{rel}","templated":true}]}}