{"id":70948,"date":"2021-07-23T10:26:31","date_gmt":"2021-07-23T14:26:31","guid":{"rendered":"https:\/\/www.cuballama.com\/noticias\/?p=70948"},"modified":"2021-07-23T12:21:15","modified_gmt":"2021-07-23T16:21:15","slug":"pedro-sanchez-espana-se-pronuncia-sobre-situacion-en-cuba","status":"publish","type":"post","link":"https:\/\/www.cuballama.com\/noticias\/pedro-sanchez-espana-se-pronuncia-sobre-situacion-en-cuba\/","title":{"rendered":"Pedro S\u00e1nchez (Espa\u00f1a) se pronuncia sobre situaci\u00f3n en Cuba"},"content":{"rendered":"\n<h2 class=\"wp-block-heading\" id=\"h-luego-de-titubear-una-primera-vez-ante-los-videos-que-demostraban-la-fiereza-represiva-del-gobierno-cubano-el-presidente-del-gobierno-espa-ol-pedro-s-nchez-abord-anoche-m-s-detenidamente-la-situaci-n-en-cuba\">Luego de titubear una primera vez ante los videos que demostraban la fiereza represiva del gobierno cubano, el presidente del Gobierno espa\u00f1ol, Pedro S\u00e1nchez, abord\u00f3 anoche m\u00e1s detenidamente la situaci\u00f3n en Cuba.<\/h2>\n\n\n\n<p>De su \u00abevidentemente no es una democracia\u00bb -modo que encontr\u00f3 Pedro S\u00e1nchez para no decir por lo claro que Cuba es una dictadura-, este jueves, en entrevista con la CNN, sostuvo que la posici\u00f3n del Gobierno espa\u00f1ol sobre Cuba es bien diferente a la de los EE.UU.<\/p>\n\n\n\n<p>Pedro S\u00e1nchez no dijo que la posici\u00f3n de su gobierno con relaci\u00f3n a la isla es diferente a la del presidente estadounidense, Joe Biden, porque Espa\u00f1a tiene negocios millonarios con el gobierno cubano; mientras que los EE.UU., no.<\/p>\n\n\n\n<p>De hecho, esta es \u00abla pol\u00edtica\u00bb de Espa\u00f1a que conocen la mayor\u00eda de los antillanos: la econ\u00f3mica. El negocio. Las firmas. Los Hoteles. Meli\u00e1, Iberostar, Barcel\u00f3&#8230; ergo: hay que proteger las inversiones espa\u00f1oles.<\/p>\n\n\n\n<p>Todo eso aspira a cuidar S\u00e1nchez, al pedir \u00absolidaridad\u00bb con el pueblo cubano que enfrenta la peor crisis de su historia, marcada por la pandemia del coronavirus y el desplome de uno de sus principales sectores: el turismo.<\/p>\n\n\n\n<p>Si bien Pedro S\u00e1nchez dijo que \u00e9l ha sido cr\u00edtico con el r\u00e9gimen de ese pa\u00eds, y que en otras ocasiones han \u201cpedido al Gobierno cubano reformas para iniciar el camino para que los ciudadanos puedan disfrutar de los derechos y libertades de los que disfruta una democracia como la espa\u00f1ola\u201d, estas cr\u00edticas han sido \u00abdentro\u00bb, a puertas cerradas, y nunca de manera p\u00fablica. He ah\u00ed el porqu\u00e9 le cost\u00f3 tanto a Pedro S\u00e1nchez decir las cosas por lo claro en d\u00edas pasados.<\/p>\n\n\n\n<p>Ahora,\u00bbretoma\u00bb la estrategia salvadora que el PSOE siempre ha tenido con relaci\u00f3n a Cuba. Ll\u00e1mese Felipe Gonz\u00e1lez, Jos\u00e9 Luis Rodr\u00edguez Zapatero o Pedro S\u00e1nchez, el presidente, \u00abla solidaridad\u00bb con Cuba prima por encima de la verdadera naturaleza de la situaci\u00f3n. <\/p>\n\n\n\n<p>Est\u00e1 claro que Pedro S\u00e1nchez y Espa\u00f1a &#8211; y el gobierno socialista que encabeza \u00e9l &#8211; tienen una visi\u00f3n distinta sobre lo que sucede en la isla; pero, lejos del lenguaje, no hay m\u00e1s cercan\u00eda en la Moncloa con respecto a la Mayor de Las Antillas que la que existe en Miami, por ejemplo, donde se estima que hay cerca de 3 millones en la comunidad de cubanos exiliados en esa ciudad.<\/p>\n\n\n\n<p>S\u00e1nchez cree que su visi\u00f3n es la m\u00e1s correcta, e insisti\u00f3 en que \u201cpara entender lo que pasa en Cuba de una forma global hay que ver que la covid est\u00e1 golpeando muy duro en la isla, sobre todo por un sector fundamental que es el turismo y a\u00fan m\u00e1s por el embargo\u201d.<\/p>\n\n\n\n<p>Con ello aludi\u00f3 claramente a esta medida de presi\u00f3n econ\u00f3mica que tiene impuesta los EE.UU a Cuba desde hace ya m\u00e1s de medio siglo, y que seg\u00fan la \u00faltima votaci\u00f3n efectuada en la ONU, es rechazada por la mayor\u00eda de los pa\u00edses.<\/p>\n\n\n\n<p>Pedro S\u00e1nchez, no obstante, dijo que respeta la decisi\u00f3n de la Administraci\u00f3n de Biden, por considerlo un asunto interno del gobierno de EE.UU. que a \u00e9l no le compete discutir.<\/p>\n\n\n\n<p>Sin embargo, <a href=\"https:\/\/elpais.com\/espana\/2021-07-22\/pedro-sanchez-pide-solidaridad-con-cuba-critica-el-embargo-y-promete-donar-vacunas.html?ssm=TW_CM\" target=\"_blank\" rel=\"noreferrer noopener nofollow\">decidi\u00f3 tomar \u00abel consejo de Biden\u00bb<\/a> y si este dijo que considerar\u00eda donar vacunas a Cuba, pues ellos tambi\u00e9n lo har\u00edan, y habl\u00f3 de 7,5 millones de vacunas que a partir de esta semana, Espa\u00f1a &#8211; que en estos momentos enfrenta una quinta ola de covid en su territorio &#8211; va a donar a Latinoam\u00e9rica. A todas luces, son insuficientes para toda una regi\u00f3n duramente golpeada por la pandemia, y con un precario sistema sanitario en la mayor\u00eda de sus pa\u00edses.<\/p>\n\n\n\n<p>Las declaraciones de Pedro S\u00e1nchez en EE.UU. seguramente no calar\u00e1n bien dentro de la comunidad cubana de exiliados; un grupo bastante numeroso que espera, desde hace ya mas de 62 a\u00f1os, a que el socialismo sea extirpado. <\/p>\n\n\n\n<p>S\u00ed, porque los cubanos parecen querer una soluci\u00f3n radical al problema del gobierno en Cuba, y la \u00absolidaridad\u00bb de S\u00e1nchez suena a curita y pa\u00f1itos tibios para extender la agon\u00eda de los isle\u00f1os.<\/p>\n\n\n\n<p><strong>tal vez quieras leer: <a href=\"https:\/\/www.cubacomenta.com\/cubana-en-miami-tiene-un-mensaje-para-joe-biden\/\">Cubana en Miami tiene un mensaje para Joe Biden<\/a><\/strong><\/p>\n","protected":false},"excerpt":{"rendered":"<p>Luego de titubear una primera vez ante los videos que demostraban la fiereza represiva del gobierno cubano, el presidente del Gobierno espa\u00f1ol, Pedro S\u00e1nchez, abord\u00f3 anoche m\u00e1s detenidamente la situaci\u00f3n en Cuba. De su \u00abevidentemente no es una democracia\u00bb -modo que encontr\u00f3 Pedro S\u00e1nchez para no decir por lo claro que Cuba es una dictadura-, [&hellip;]<\/p>\n","protected":false},"author":13,"featured_media":0,"comment_status":"closed","ping_status":"closed","sticky":false,"template":"","format":"standard","meta":{"_acf_changed":false,"footnotes":""},"categories":[955],"tags":[941,272,11239,1914,2578],"class_list":{"0":"post-70948","1":"post","2":"type-post","3":"status-publish","4":"format-standard","6":"category-noticias-de-cuba","9":"tag-gobierno-espanol","10":"tag-pedro-sanchez","11":"tag-psoe"},"acf":[],"yoast_head":"<!-- This site is optimized with the Yoast SEO plugin v27.5 - https:\/\/yoast.com\/product\/yoast-seo-wordpress\/ -->\n<title>Pedro S\u00e1nchez (Espa\u00f1a) se pronuncia sobre situaci\u00f3n en Cuba<\/title>\n<meta name=\"description\" content=\"La &quot;solidaridad&quot; de Pedro S\u00e1nchez, en el gobierno espa\u00f1ol, suena a curita y pa\u00f1itos tibios ante la evidente agon\u00eda de los isle\u00f1os\" \/>\n<meta name=\"robots\" content=\"index, follow, max-snippet:-1, max-image-preview:large, max-video-preview:-1\" \/>\n<link rel=\"canonical\" href=\"https:\/\/www.cuballama.com\/noticias\/pedro-sanchez-espana-se-pronuncia-sobre-situacion-en-cuba\/\" \/>\n<meta property=\"og:locale\" content=\"es_ES\" \/>\n<meta property=\"og:type\" content=\"article\" \/>\n<meta property=\"og:title\" content=\"Pedro S\u00e1nchez (Espa\u00f1a) se pronuncia sobre situaci\u00f3n en Cuba\" \/>\n<meta property=\"og:description\" content=\"La &quot;solidaridad&quot; de Pedro S\u00e1nchez, en el gobierno espa\u00f1ol, suena a curita y pa\u00f1itos tibios ante la evidente agon\u00eda de los isle\u00f1os\" \/>\n<meta property=\"og:url\" content=\"https:\/\/www.cuballama.com\/noticias\/pedro-sanchez-espana-se-pronuncia-sobre-situacion-en-cuba\/\" \/>\n<meta property=\"og:site_name\" content=\"Cuballama Noticias\" \/>\n<meta property=\"article:publisher\" content=\"https:\/\/www.facebook.com\/CubaLlama\" \/>\n<meta property=\"article:published_time\" content=\"2021-07-23T14:26:31+00:00\" \/>\n<meta property=\"article:modified_time\" content=\"2021-07-23T16:21:15+00:00\" \/>\n<meta property=\"og:image\" content=\"https:\/\/www.cuballama.com\/noticias\/wp-content\/uploads\/2021\/07\/pedro-sanchez-espana.jpg\" \/>\n\t<meta property=\"og:image:width\" content=\"1199\" \/>\n\t<meta property=\"og:image:height\" content=\"631\" \/>\n\t<meta property=\"og:image:type\" content=\"image\/jpeg\" \/>\n<meta name=\"author\" content=\"Roberto A.\" \/>\n<meta name=\"twitter:card\" content=\"summary_large_image\" \/>\n<meta name=\"twitter:creator\" content=\"@cuballama\" \/>\n<meta name=\"twitter:site\" content=\"@cuballama\" \/>\n<meta name=\"twitter:label1\" content=\"Escrito por\" \/>\n\t<meta name=\"twitter:data1\" content=\"Roberto A.\" \/>\n\t<meta name=\"twitter:label2\" content=\"Tiempo de lectura\" \/>\n\t<meta name=\"twitter:data2\" content=\"3 minutos\" \/>\n<script type=\"application\/ld+json\" class=\"yoast-schema-graph\">{\"@context\":\"https:\\\/\\\/schema.org\",\"@graph\":[{\"@type\":\"Article\",\"@id\":\"https:\\\/\\\/www.cuballama.com\\\/noticias\\\/pedro-sanchez-espana-se-pronuncia-sobre-situacion-en-cuba\\\/#article\",\"isPartOf\":{\"@id\":\"https:\\\/\\\/www.cuballama.com\\\/noticias\\\/pedro-sanchez-espana-se-pronuncia-sobre-situacion-en-cuba\\\/\"},\"author\":{\"name\":\"Roberto A.\",\"@id\":\"https:\\\/\\\/www.cuballama.com\\\/noticias\\\/#\\\/schema\\\/person\\\/a58502ed4146c8e9f83872e897c76cd2\"},\"headline\":\"Pedro S\u00e1nchez (Espa\u00f1a) se pronuncia sobre situaci\u00f3n en Cuba\",\"datePublished\":\"2021-07-23T14:26:31+00:00\",\"dateModified\":\"2021-07-23T16:21:15+00:00\",\"mainEntityOfPage\":{\"@id\":\"https:\\\/\\\/www.cuballama.com\\\/noticias\\\/pedro-sanchez-espana-se-pronuncia-sobre-situacion-en-cuba\\\/\"},\"wordCount\":757,\"publisher\":{\"@id\":\"https:\\\/\\\/www.cuballama.com\\\/noticias\\\/#organization\"},\"keywords\":[\"destacado\",\"espa\u00f1a\",\"Gobierno Espa\u00f1ol\",\"Pedro S\u00e1nchez\",\"PSOE\"],\"articleSection\":[\"Noticias de Cuba\"],\"inLanguage\":\"es\"},{\"@type\":\"WebPage\",\"@id\":\"https:\\\/\\\/www.cuballama.com\\\/noticias\\\/pedro-sanchez-espana-se-pronuncia-sobre-situacion-en-cuba\\\/\",\"url\":\"https:\\\/\\\/www.cuballama.com\\\/noticias\\\/pedro-sanchez-espana-se-pronuncia-sobre-situacion-en-cuba\\\/\",\"name\":\"Pedro S\u00e1nchez (Espa\u00f1a) se pronuncia sobre situaci\u00f3n en Cuba\",\"isPartOf\":{\"@id\":\"https:\\\/\\\/www.cuballama.com\\\/noticias\\\/#website\"},\"datePublished\":\"2021-07-23T14:26:31+00:00\",\"dateModified\":\"2021-07-23T16:21:15+00:00\",\"description\":\"La \\\"solidaridad\\\" de Pedro S\u00e1nchez, en el gobierno espa\u00f1ol, suena a curita y pa\u00f1itos tibios ante la evidente agon\u00eda de los isle\u00f1os\",\"breadcrumb\":{\"@id\":\"https:\\\/\\\/www.cuballama.com\\\/noticias\\\/pedro-sanchez-espana-se-pronuncia-sobre-situacion-en-cuba\\\/#breadcrumb\"},\"inLanguage\":\"es\",\"potentialAction\":[{\"@type\":\"ReadAction\",\"target\":[\"https:\\\/\\\/www.cuballama.com\\\/noticias\\\/pedro-sanchez-espana-se-pronuncia-sobre-situacion-en-cuba\\\/\"]}]},{\"@type\":\"BreadcrumbList\",\"@id\":\"https:\\\/\\\/www.cuballama.com\\\/noticias\\\/pedro-sanchez-espana-se-pronuncia-sobre-situacion-en-cuba\\\/#breadcrumb\",\"itemListElement\":[{\"@type\":\"ListItem\",\"position\":1,\"name\":\"Home\",\"item\":\"https:\\\/\\\/www.cuballama.com\\\/noticias\\\/\"},{\"@type\":\"ListItem\",\"position\":2,\"name\":\"Pedro S\u00e1nchez (Espa\u00f1a) se pronuncia sobre situaci\u00f3n en Cuba\"}]},{\"@type\":\"WebSite\",\"@id\":\"https:\\\/\\\/www.cuballama.com\\\/noticias\\\/#website\",\"url\":\"https:\\\/\\\/www.cuballama.com\\\/noticias\\\/\",\"name\":\"Cuballama Noticias\",\"description\":\"Medio digital sobre Cuba y el mundo\",\"publisher\":{\"@id\":\"https:\\\/\\\/www.cuballama.com\\\/noticias\\\/#organization\"},\"potentialAction\":[{\"@type\":\"SearchAction\",\"target\":{\"@type\":\"EntryPoint\",\"urlTemplate\":\"https:\\\/\\\/www.cuballama.com\\\/noticias\\\/?s={search_term_string}\"},\"query-input\":{\"@type\":\"PropertyValueSpecification\",\"valueRequired\":true,\"valueName\":\"search_term_string\"}}],\"inLanguage\":\"es\"},{\"@type\":\"Organization\",\"@id\":\"https:\\\/\\\/www.cuballama.com\\\/noticias\\\/#organization\",\"name\":\"Cuballama\",\"url\":\"https:\\\/\\\/www.cuballama.com\\\/noticias\\\/\",\"logo\":{\"@type\":\"ImageObject\",\"inLanguage\":\"es\",\"@id\":\"https:\\\/\\\/www.cuballama.com\\\/noticias\\\/#\\\/schema\\\/logo\\\/image\\\/\",\"url\":\"https:\\\/\\\/cdn1.mediawpaccore.net\\\/wp-content\\\/uploads\\\/2021\\\/12\\\/28171206\\\/cbll-logo-color-sm.png\",\"contentUrl\":\"https:\\\/\\\/cdn1.mediawpaccore.net\\\/wp-content\\\/uploads\\\/2021\\\/12\\\/28171206\\\/cbll-logo-color-sm.png\",\"width\":600,\"height\":133,\"caption\":\"Cuballama\"},\"image\":{\"@id\":\"https:\\\/\\\/www.cuballama.com\\\/noticias\\\/#\\\/schema\\\/logo\\\/image\\\/\"},\"sameAs\":[\"https:\\\/\\\/www.facebook.com\\\/CubaLlama\",\"https:\\\/\\\/x.com\\\/cuballama\",\"https:\\\/\\\/www.instagram.com\\\/stories\\\/cuballama_oficial\\\/\",\"https:\\\/\\\/www.youtube.com\\\/channel\\\/UCKkFE-d_axENGZcrc4as0IA\"]},{\"@type\":\"Person\",\"@id\":\"https:\\\/\\\/www.cuballama.com\\\/noticias\\\/#\\\/schema\\\/person\\\/a58502ed4146c8e9f83872e897c76cd2\",\"name\":\"Roberto A.\",\"description\":\"Roberto A. Periodista por decisi\u00f3n propia. Interesado en cualquier tema que me apasione y cada vez m\u00e1s comprometido con la verdad y la objetividad period\u00edstica. Graduado en La Habana hace ya muchos a\u00f1os, luego de una accidentada y polvorienta b\u00fasqueda de informaci\u00f3n sobre un tema in\u00e9dito. La Tesis, por cierto, desapareci\u00f3 de la biblioteca y no se conservan copias de la misma.\",\"url\":\"https:\\\/\\\/www.cuballama.com\\\/noticias\\\/author\\\/roberto\\\/\"}]}<\/script>\n<!-- \/ Yoast SEO plugin. -->","yoast_head_json":{"title":"Pedro S\u00e1nchez (Espa\u00f1a) se pronuncia sobre situaci\u00f3n en Cuba","description":"La \"solidaridad\" de Pedro S\u00e1nchez, en el gobierno espa\u00f1ol, suena a curita y pa\u00f1itos tibios ante la evidente agon\u00eda de los isle\u00f1os","robots":{"index":"index","follow":"follow","max-snippet":"max-snippet:-1","max-image-preview":"max-image-preview:large","max-video-preview":"max-video-preview:-1"},"canonical":"https:\/\/www.cuballama.com\/noticias\/pedro-sanchez-espana-se-pronuncia-sobre-situacion-en-cuba\/","og_locale":"es_ES","og_type":"article","og_title":"Pedro S\u00e1nchez (Espa\u00f1a) se pronuncia sobre situaci\u00f3n en Cuba","og_description":"La \"solidaridad\" de Pedro S\u00e1nchez, en el gobierno espa\u00f1ol, suena a curita y pa\u00f1itos tibios ante la evidente agon\u00eda de los isle\u00f1os","og_url":"https:\/\/www.cuballama.com\/noticias\/pedro-sanchez-espana-se-pronuncia-sobre-situacion-en-cuba\/","og_site_name":"Cuballama Noticias","article_publisher":"https:\/\/www.facebook.com\/CubaLlama","article_published_time":"2021-07-23T14:26:31+00:00","article_modified_time":"2021-07-23T16:21:15+00:00","og_image":[{"width":1199,"height":631,"url":"https:\/\/www.cuballama.com\/noticias\/wp-content\/uploads\/2021\/07\/pedro-sanchez-espana.jpg","type":"image\/jpeg"}],"author":"Roberto A.","twitter_card":"summary_large_image","twitter_creator":"@cuballama","twitter_site":"@cuballama","twitter_misc":{"Escrito por":"Roberto A.","Tiempo de lectura":"3 minutos"},"schema":{"@context":"https:\/\/schema.org","@graph":[{"@type":"Article","@id":"https:\/\/www.cuballama.com\/noticias\/pedro-sanchez-espana-se-pronuncia-sobre-situacion-en-cuba\/#article","isPartOf":{"@id":"https:\/\/www.cuballama.com\/noticias\/pedro-sanchez-espana-se-pronuncia-sobre-situacion-en-cuba\/"},"author":{"name":"Roberto A.","@id":"https:\/\/www.cuballama.com\/noticias\/#\/schema\/person\/a58502ed4146c8e9f83872e897c76cd2"},"headline":"Pedro S\u00e1nchez (Espa\u00f1a) se pronuncia sobre situaci\u00f3n en Cuba","datePublished":"2021-07-23T14:26:31+00:00","dateModified":"2021-07-23T16:21:15+00:00","mainEntityOfPage":{"@id":"https:\/\/www.cuballama.com\/noticias\/pedro-sanchez-espana-se-pronuncia-sobre-situacion-en-cuba\/"},"wordCount":757,"publisher":{"@id":"https:\/\/www.cuballama.com\/noticias\/#organization"},"keywords":["destacado","espa\u00f1a","Gobierno Espa\u00f1ol","Pedro S\u00e1nchez","PSOE"],"articleSection":["Noticias de Cuba"],"inLanguage":"es"},{"@type":"WebPage","@id":"https:\/\/www.cuballama.com\/noticias\/pedro-sanchez-espana-se-pronuncia-sobre-situacion-en-cuba\/","url":"https:\/\/www.cuballama.com\/noticias\/pedro-sanchez-espana-se-pronuncia-sobre-situacion-en-cuba\/","name":"Pedro S\u00e1nchez (Espa\u00f1a) se pronuncia sobre situaci\u00f3n en Cuba","isPartOf":{"@id":"https:\/\/www.cuballama.com\/noticias\/#website"},"datePublished":"2021-07-23T14:26:31+00:00","dateModified":"2021-07-23T16:21:15+00:00","description":"La \"solidaridad\" de Pedro S\u00e1nchez, en el gobierno espa\u00f1ol, suena a curita y pa\u00f1itos tibios ante la evidente agon\u00eda de los isle\u00f1os","breadcrumb":{"@id":"https:\/\/www.cuballama.com\/noticias\/pedro-sanchez-espana-se-pronuncia-sobre-situacion-en-cuba\/#breadcrumb"},"inLanguage":"es","potentialAction":[{"@type":"ReadAction","target":["https:\/\/www.cuballama.com\/noticias\/pedro-sanchez-espana-se-pronuncia-sobre-situacion-en-cuba\/"]}]},{"@type":"BreadcrumbList","@id":"https:\/\/www.cuballama.com\/noticias\/pedro-sanchez-espana-se-pronuncia-sobre-situacion-en-cuba\/#breadcrumb","itemListElement":[{"@type":"ListItem","position":1,"name":"Home","item":"https:\/\/www.cuballama.com\/noticias\/"},{"@type":"ListItem","position":2,"name":"Pedro S\u00e1nchez (Espa\u00f1a) se pronuncia sobre situaci\u00f3n en Cuba"}]},{"@type":"WebSite","@id":"https:\/\/www.cuballama.com\/noticias\/#website","url":"https:\/\/www.cuballama.com\/noticias\/","name":"Cuballama Noticias","description":"Medio digital sobre Cuba y el mundo","publisher":{"@id":"https:\/\/www.cuballama.com\/noticias\/#organization"},"potentialAction":[{"@type":"SearchAction","target":{"@type":"EntryPoint","urlTemplate":"https:\/\/www.cuballama.com\/noticias\/?s={search_term_string}"},"query-input":{"@type":"PropertyValueSpecification","valueRequired":true,"valueName":"search_term_string"}}],"inLanguage":"es"},{"@type":"Organization","@id":"https:\/\/www.cuballama.com\/noticias\/#organization","name":"Cuballama","url":"https:\/\/www.cuballama.com\/noticias\/","logo":{"@type":"ImageObject","inLanguage":"es","@id":"https:\/\/www.cuballama.com\/noticias\/#\/schema\/logo\/image\/","url":"https:\/\/cdn1.mediawpaccore.net\/wp-content\/uploads\/2021\/12\/28171206\/cbll-logo-color-sm.png","contentUrl":"https:\/\/cdn1.mediawpaccore.net\/wp-content\/uploads\/2021\/12\/28171206\/cbll-logo-color-sm.png","width":600,"height":133,"caption":"Cuballama"},"image":{"@id":"https:\/\/www.cuballama.com\/noticias\/#\/schema\/logo\/image\/"},"sameAs":["https:\/\/www.facebook.com\/CubaLlama","https:\/\/x.com\/cuballama","https:\/\/www.instagram.com\/stories\/cuballama_oficial\/","https:\/\/www.youtube.com\/channel\/UCKkFE-d_axENGZcrc4as0IA"]},{"@type":"Person","@id":"https:\/\/www.cuballama.com\/noticias\/#\/schema\/person\/a58502ed4146c8e9f83872e897c76cd2","name":"Roberto A.","description":"Roberto A. Periodista por decisi\u00f3n propia. Interesado en cualquier tema que me apasione y cada vez m\u00e1s comprometido con la verdad y la objetividad period\u00edstica. Graduado en La Habana hace ya muchos a\u00f1os, luego de una accidentada y polvorienta b\u00fasqueda de informaci\u00f3n sobre un tema in\u00e9dito. La Tesis, por cierto, desapareci\u00f3 de la biblioteca y no se conservan copias de la misma.","url":"https:\/\/www.cuballama.com\/noticias\/author\/roberto\/"}]}},"_links":{"self":[{"href":"https:\/\/www.cuballama.com\/noticias\/wp-json\/wp\/v2\/posts\/70948","targetHints":{"allow":["GET"]}}],"collection":[{"href":"https:\/\/www.cuballama.com\/noticias\/wp-json\/wp\/v2\/posts"}],"about":[{"href":"https:\/\/www.cuballama.com\/noticias\/wp-json\/wp\/v2\/types\/post"}],"author":[{"embeddable":true,"href":"https:\/\/www.cuballama.com\/noticias\/wp-json\/wp\/v2\/users\/13"}],"replies":[{"embeddable":true,"href":"https:\/\/www.cuballama.com\/noticias\/wp-json\/wp\/v2\/comments?post=70948"}],"version-history":[{"count":7,"href":"https:\/\/www.cuballama.com\/noticias\/wp-json\/wp\/v2\/posts\/70948\/revisions"}],"predecessor-version":[{"id":70966,"href":"https:\/\/www.cuballama.com\/noticias\/wp-json\/wp\/v2\/posts\/70948\/revisions\/70966"}],"wp:attachment":[{"href":"https:\/\/www.cuballama.com\/noticias\/wp-json\/wp\/v2\/media?parent=70948"}],"wp:term":[{"taxonomy":"category","embeddable":true,"href":"https:\/\/www.cuballama.com\/noticias\/wp-json\/wp\/v2\/categories?post=70948"},{"taxonomy":"post_tag","embeddable":true,"href":"https:\/\/www.cuballama.com\/noticias\/wp-json\/wp\/v2\/tags?post=70948"}],"curies":[{"name":"wp","href":"https:\/\/api.w.org\/{rel}","templated":true}]}}