{"id":68294,"date":"2021-05-31T18:37:57","date_gmt":"2021-05-31T22:37:57","guid":{"rendered":"https:\/\/www1.cubacomenta.com\/?p=68294"},"modified":"2021-06-21T13:22:56","modified_gmt":"2021-06-21T17:22:56","slug":"casa-hemingway-visita-obligada","status":"publish","type":"post","link":"https:\/\/www.cuballama.com\/noticias\/casa-hemingway-visita-obligada\/","title":{"rendered":"Casa de Hemingway en La Habana: una visita obligada"},"content":{"rendered":"\n<h2 class=\"wp-block-heading\">Finca Vig\u00eda fue por m\u00e1s de veinte a\u00f1os la casa de Hemingway en la capital cubana. All\u00ed escribi\u00f3 <em>El viejo y el mar<\/em><\/h2>\n\n\n\n<p>En la conocida como Finca Vig\u00eda, la casa del escritor estadounidense Ernest Hemingway en La Habana, se respira el esp\u00edritu del autor de <em>El viejo y el mar, Adi\u00f3s a las armas <\/em>o<em> Por qui\u00e9n doblan las campanas. <\/em><\/p>\n\n\n\n<p>All\u00ed vivi\u00f3 Hemingway por m\u00e1s de dos d\u00e9cadas desde 1940. Antes de que se levantara Finca Vig\u00eda en San Francisco de Paula era un cuartel de vigilancia de las tropas espa\u00f1olas. El arquitecto catal\u00e1n Miguel Pascual y Baguer construy\u00f3 la casa en 1887. <\/p>\n\n\n\n<p>En esta residencia ubicada en las afueras de La Habana termin\u00f3 de escribir el Papa, como algunos le llamaban, <em>Por qui\u00e9n doblan las campanas<\/em>. Y posteriormente se centrar\u00eda en  <em>A trav\u00e9s del r\u00edo y entre los \u00e1rboles, Par\u00eds era una fiesta, Islas del Golfo y El viejo y el mar<\/em>.<\/p>\n\n\n\n<p>El director Bob Yari estrenaba en 2015 la pel\u00edcula <em><a href=\"https:\/\/www.imdb.com\/video\/vi1586541593?playlistId=tt2749282&amp;ref_=vp_rv_ap_0\" target=\"_blank\" rel=\"noreferrer noopener\">Papa Hemingway in Cuba<\/a><\/em>. Aunque quiz\u00e1s para los nacidos en la isla es mucho m\u00e1s memorable la cinta <em>Hello Hemingway <\/em>(1990), de Fernando P\u00e9rez. El largometraje durante el XII Festival Internacional del Nuevo Cine Latinoamericano mereci\u00f3 dos premios Coral: mejor largometraje de ficci\u00f3n y  mejor actuaci\u00f3n femenina, para una jovenc\u00edsima Laura de la Uz.<\/p>\n\n\n\n<p>Al hablar de la vida del autor de <em>El viejo y el mar<\/em> en Cuba, el colega Ciro Bianchi Ross expresa: \u00abAm\u00f3, hizo amigos perdurables, bebi\u00f3 y comparti\u00f3 su trago con los pescadores de Coj\u00edmar e, incluso, invent\u00f3 un daiquir\u00ed especial que lleva su nombre\u00bb.<\/p>\n\n\n\n<p>En las p\u00e1ginas del diario espa\u00f1ol <em><a href=\"https:\/\/elpais.com\/cultura\/2007\/01\/09\/actualidad\/1168297203_850215.html\" target=\"_blank\" rel=\"noreferrer noopener nofollow\">El Pa\u00eds<\/a><\/em> se contaba a inicios del 2007: \u00abLos techos de madera, comidos por la termitas, han sido totalmente renovados pero, en conjunto, s\u00f3lo ha sido necesario remodelar el 30% de la propiedad. Los especialistas cubanos, con el apoyo de algunos colegas estadounidenses, han acabado ya la fachada y se esfuerzan por recuperar el esplendor de esta casa-museo, ubicada en la localidad de San Francisco de Paula, a 25 kil\u00f3metros de La Habana\u00bb.<\/p>\n\n\n\n<p><strong>Puede leer tambi\u00e9n<\/strong>:<\/p>\n","protected":false},"excerpt":{"rendered":"<p>Finca Vig\u00eda fue por m\u00e1s de veinte a\u00f1os la casa de Hemingway en la capital cubana. All\u00ed escribi\u00f3 El viejo y el mar En la conocida como Finca Vig\u00eda, la casa del escritor estadounidense Ernest Hemingway en La Habana, se respira el esp\u00edritu del autor de El viejo y el mar, Adi\u00f3s a las armas [&hellip;]<\/p>\n","protected":false},"author":12,"featured_media":0,"comment_status":"closed","ping_status":"closed","sticky":false,"template":"","format":"standard","meta":{"_acf_changed":false,"footnotes":""},"categories":[18,955,957],"tags":[11076,941,11077,164],"class_list":{"0":"post-68294","1":"post","2":"type-post","3":"status-publish","4":"format-standard","6":"category-noticias","7":"category-noticias-de-cuba","8":"category-noticias-internacionales","9":"tag-casa-de-hemingway","10":"tag-destacado","11":"tag-finca-vigia","12":"tag-la-habana"},"acf":[],"yoast_head":"<!-- This site is optimized with the Yoast SEO plugin v27.4 - https:\/\/yoast.com\/product\/yoast-seo-wordpress\/ -->\n<title>Casa de Hemingway en La Habana: una visita obligada - Cuballama Noticias<\/title>\n<meta name=\"description\" content=\"Finca Vig\u00eda fue por m\u00e1s de veinte a\u00f1os la casa de Hemingway en la capital cubana. All\u00ed escribi\u00f3 El viejo y el mar y otros textos\" \/>\n<meta name=\"robots\" content=\"index, follow, max-snippet:-1, max-image-preview:large, max-video-preview:-1\" \/>\n<link rel=\"canonical\" href=\"https:\/\/www.cuballama.com\/noticias\/casa-hemingway-visita-obligada\/\" \/>\n<meta property=\"og:locale\" content=\"es_ES\" \/>\n<meta property=\"og:type\" content=\"article\" \/>\n<meta property=\"og:title\" content=\"Casa de Hemingway en La Habana: una visita obligada - Cuballama Noticias\" \/>\n<meta property=\"og:description\" content=\"Finca Vig\u00eda fue por m\u00e1s de veinte a\u00f1os la casa de Hemingway en la capital cubana. All\u00ed escribi\u00f3 El viejo y el mar y otros textos\" \/>\n<meta property=\"og:url\" content=\"https:\/\/www.cuballama.com\/noticias\/casa-hemingway-visita-obligada\/\" \/>\n<meta property=\"og:site_name\" content=\"Cuballama Noticias\" \/>\n<meta property=\"article:publisher\" content=\"https:\/\/www.facebook.com\/CubaLlama\" \/>\n<meta property=\"article:published_time\" content=\"2021-05-31T22:37:57+00:00\" \/>\n<meta property=\"article:modified_time\" content=\"2021-06-21T17:22:56+00:00\" \/>\n<meta property=\"og:image\" content=\"https:\/\/www.cuballama.com\/noticias\/wp-content\/uploads\/2021\/05\/museohemingway.jpeg\" \/>\n\t<meta property=\"og:image:width\" content=\"1000\" \/>\n\t<meta property=\"og:image:height\" content=\"750\" \/>\n\t<meta property=\"og:image:type\" content=\"image\/jpeg\" \/>\n<meta name=\"twitter:card\" content=\"summary_large_image\" \/>\n<meta name=\"twitter:creator\" content=\"@cuballama\" \/>\n<meta name=\"twitter:site\" content=\"@cuballama\" \/>\n<meta name=\"twitter:label1\" content=\"Escrito por\" \/>\n\t<meta name=\"twitter:data1\" content=\"\" \/>\n\t<meta name=\"twitter:label2\" content=\"Tiempo de lectura\" \/>\n\t<meta name=\"twitter:data2\" content=\"2 minutos\" \/>\n<script type=\"application\/ld+json\" class=\"yoast-schema-graph\">{\"@context\":\"https:\\\/\\\/schema.org\",\"@graph\":[{\"@type\":\"Article\",\"@id\":\"https:\\\/\\\/www.cuballama.com\\\/noticias\\\/casa-hemingway-visita-obligada\\\/#article\",\"isPartOf\":{\"@id\":\"https:\\\/\\\/www.cuballama.com\\\/noticias\\\/casa-hemingway-visita-obligada\\\/\"},\"author\":{\"name\":\"\",\"@id\":\"\"},\"headline\":\"Casa de Hemingway en La Habana: una visita obligada\",\"datePublished\":\"2021-05-31T22:37:57+00:00\",\"dateModified\":\"2021-06-21T17:22:56+00:00\",\"mainEntityOfPage\":{\"@id\":\"https:\\\/\\\/www.cuballama.com\\\/noticias\\\/casa-hemingway-visita-obligada\\\/\"},\"wordCount\":377,\"publisher\":{\"@id\":\"https:\\\/\\\/www.cuballama.com\\\/noticias\\\/#organization\"},\"keywords\":[\"Casa de Hemingway\",\"destacado\",\"Finca Vig\u00eda\",\"La Habana\"],\"articleSection\":[\"Noticias\",\"Noticias de Cuba\",\"Noticias Internacionales\"],\"inLanguage\":\"es\"},{\"@type\":\"WebPage\",\"@id\":\"https:\\\/\\\/www.cuballama.com\\\/noticias\\\/casa-hemingway-visita-obligada\\\/\",\"url\":\"https:\\\/\\\/www.cuballama.com\\\/noticias\\\/casa-hemingway-visita-obligada\\\/\",\"name\":\"Casa de Hemingway en La Habana: una visita obligada - Cuballama Noticias\",\"isPartOf\":{\"@id\":\"https:\\\/\\\/www.cuballama.com\\\/noticias\\\/#website\"},\"datePublished\":\"2021-05-31T22:37:57+00:00\",\"dateModified\":\"2021-06-21T17:22:56+00:00\",\"description\":\"Finca Vig\u00eda fue por m\u00e1s de veinte a\u00f1os la casa de Hemingway en la capital cubana. All\u00ed escribi\u00f3 El viejo y el mar y otros textos\",\"breadcrumb\":{\"@id\":\"https:\\\/\\\/www.cuballama.com\\\/noticias\\\/casa-hemingway-visita-obligada\\\/#breadcrumb\"},\"inLanguage\":\"es\",\"potentialAction\":[{\"@type\":\"ReadAction\",\"target\":[\"https:\\\/\\\/www.cuballama.com\\\/noticias\\\/casa-hemingway-visita-obligada\\\/\"]}]},{\"@type\":\"BreadcrumbList\",\"@id\":\"https:\\\/\\\/www.cuballama.com\\\/noticias\\\/casa-hemingway-visita-obligada\\\/#breadcrumb\",\"itemListElement\":[{\"@type\":\"ListItem\",\"position\":1,\"name\":\"Home\",\"item\":\"https:\\\/\\\/www.cuballama.com\\\/noticias\\\/\"},{\"@type\":\"ListItem\",\"position\":2,\"name\":\"Casa de Hemingway en La Habana: una visita obligada\"}]},{\"@type\":\"WebSite\",\"@id\":\"https:\\\/\\\/www.cuballama.com\\\/noticias\\\/#website\",\"url\":\"https:\\\/\\\/www.cuballama.com\\\/noticias\\\/\",\"name\":\"Cuballama Noticias\",\"description\":\"Medio digital sobre Cuba y el mundo\",\"publisher\":{\"@id\":\"https:\\\/\\\/www.cuballama.com\\\/noticias\\\/#organization\"},\"potentialAction\":[{\"@type\":\"SearchAction\",\"target\":{\"@type\":\"EntryPoint\",\"urlTemplate\":\"https:\\\/\\\/www.cuballama.com\\\/noticias\\\/?s={search_term_string}\"},\"query-input\":{\"@type\":\"PropertyValueSpecification\",\"valueRequired\":true,\"valueName\":\"search_term_string\"}}],\"inLanguage\":\"es\"},{\"@type\":\"Organization\",\"@id\":\"https:\\\/\\\/www.cuballama.com\\\/noticias\\\/#organization\",\"name\":\"Cuballama\",\"url\":\"https:\\\/\\\/www.cuballama.com\\\/noticias\\\/\",\"logo\":{\"@type\":\"ImageObject\",\"inLanguage\":\"es\",\"@id\":\"https:\\\/\\\/www.cuballama.com\\\/noticias\\\/#\\\/schema\\\/logo\\\/image\\\/\",\"url\":\"https:\\\/\\\/cdn1.mediawpaccore.net\\\/wp-content\\\/uploads\\\/2021\\\/12\\\/28171206\\\/cbll-logo-color-sm.png\",\"contentUrl\":\"https:\\\/\\\/cdn1.mediawpaccore.net\\\/wp-content\\\/uploads\\\/2021\\\/12\\\/28171206\\\/cbll-logo-color-sm.png\",\"width\":600,\"height\":133,\"caption\":\"Cuballama\"},\"image\":{\"@id\":\"https:\\\/\\\/www.cuballama.com\\\/noticias\\\/#\\\/schema\\\/logo\\\/image\\\/\"},\"sameAs\":[\"https:\\\/\\\/www.facebook.com\\\/CubaLlama\",\"https:\\\/\\\/x.com\\\/cuballama\",\"https:\\\/\\\/www.instagram.com\\\/stories\\\/cuballama_oficial\\\/\",\"https:\\\/\\\/www.youtube.com\\\/channel\\\/UCKkFE-d_axENGZcrc4as0IA\"]},{\"@type\":\"Person\",\"@id\":\"\",\"url\":\"https:\\\/\\\/www.cuballama.com\\\/noticias\\\/author\\\/\"}]}<\/script>\n<!-- \/ Yoast SEO plugin. -->","yoast_head_json":{"title":"Casa de Hemingway en La Habana: una visita obligada - Cuballama Noticias","description":"Finca Vig\u00eda fue por m\u00e1s de veinte a\u00f1os la casa de Hemingway en la capital cubana. All\u00ed escribi\u00f3 El viejo y el mar y otros textos","robots":{"index":"index","follow":"follow","max-snippet":"max-snippet:-1","max-image-preview":"max-image-preview:large","max-video-preview":"max-video-preview:-1"},"canonical":"https:\/\/www.cuballama.com\/noticias\/casa-hemingway-visita-obligada\/","og_locale":"es_ES","og_type":"article","og_title":"Casa de Hemingway en La Habana: una visita obligada - Cuballama Noticias","og_description":"Finca Vig\u00eda fue por m\u00e1s de veinte a\u00f1os la casa de Hemingway en la capital cubana. All\u00ed escribi\u00f3 El viejo y el mar y otros textos","og_url":"https:\/\/www.cuballama.com\/noticias\/casa-hemingway-visita-obligada\/","og_site_name":"Cuballama Noticias","article_publisher":"https:\/\/www.facebook.com\/CubaLlama","article_published_time":"2021-05-31T22:37:57+00:00","article_modified_time":"2021-06-21T17:22:56+00:00","og_image":[{"width":1000,"height":750,"url":"https:\/\/www.cuballama.com\/noticias\/wp-content\/uploads\/2021\/05\/museohemingway.jpeg","type":"image\/jpeg"}],"twitter_card":"summary_large_image","twitter_creator":"@cuballama","twitter_site":"@cuballama","twitter_misc":{"Escrito por":"","Tiempo de lectura":"2 minutos"},"schema":{"@context":"https:\/\/schema.org","@graph":[{"@type":"Article","@id":"https:\/\/www.cuballama.com\/noticias\/casa-hemingway-visita-obligada\/#article","isPartOf":{"@id":"https:\/\/www.cuballama.com\/noticias\/casa-hemingway-visita-obligada\/"},"author":{"name":"","@id":""},"headline":"Casa de Hemingway en La Habana: una visita obligada","datePublished":"2021-05-31T22:37:57+00:00","dateModified":"2021-06-21T17:22:56+00:00","mainEntityOfPage":{"@id":"https:\/\/www.cuballama.com\/noticias\/casa-hemingway-visita-obligada\/"},"wordCount":377,"publisher":{"@id":"https:\/\/www.cuballama.com\/noticias\/#organization"},"keywords":["Casa de Hemingway","destacado","Finca Vig\u00eda","La Habana"],"articleSection":["Noticias","Noticias de Cuba","Noticias Internacionales"],"inLanguage":"es"},{"@type":"WebPage","@id":"https:\/\/www.cuballama.com\/noticias\/casa-hemingway-visita-obligada\/","url":"https:\/\/www.cuballama.com\/noticias\/casa-hemingway-visita-obligada\/","name":"Casa de Hemingway en La Habana: una visita obligada - Cuballama Noticias","isPartOf":{"@id":"https:\/\/www.cuballama.com\/noticias\/#website"},"datePublished":"2021-05-31T22:37:57+00:00","dateModified":"2021-06-21T17:22:56+00:00","description":"Finca Vig\u00eda fue por m\u00e1s de veinte a\u00f1os la casa de Hemingway en la capital cubana. All\u00ed escribi\u00f3 El viejo y el mar y otros textos","breadcrumb":{"@id":"https:\/\/www.cuballama.com\/noticias\/casa-hemingway-visita-obligada\/#breadcrumb"},"inLanguage":"es","potentialAction":[{"@type":"ReadAction","target":["https:\/\/www.cuballama.com\/noticias\/casa-hemingway-visita-obligada\/"]}]},{"@type":"BreadcrumbList","@id":"https:\/\/www.cuballama.com\/noticias\/casa-hemingway-visita-obligada\/#breadcrumb","itemListElement":[{"@type":"ListItem","position":1,"name":"Home","item":"https:\/\/www.cuballama.com\/noticias\/"},{"@type":"ListItem","position":2,"name":"Casa de Hemingway en La Habana: una visita obligada"}]},{"@type":"WebSite","@id":"https:\/\/www.cuballama.com\/noticias\/#website","url":"https:\/\/www.cuballama.com\/noticias\/","name":"Cuballama Noticias","description":"Medio digital sobre Cuba y el mundo","publisher":{"@id":"https:\/\/www.cuballama.com\/noticias\/#organization"},"potentialAction":[{"@type":"SearchAction","target":{"@type":"EntryPoint","urlTemplate":"https:\/\/www.cuballama.com\/noticias\/?s={search_term_string}"},"query-input":{"@type":"PropertyValueSpecification","valueRequired":true,"valueName":"search_term_string"}}],"inLanguage":"es"},{"@type":"Organization","@id":"https:\/\/www.cuballama.com\/noticias\/#organization","name":"Cuballama","url":"https:\/\/www.cuballama.com\/noticias\/","logo":{"@type":"ImageObject","inLanguage":"es","@id":"https:\/\/www.cuballama.com\/noticias\/#\/schema\/logo\/image\/","url":"https:\/\/cdn1.mediawpaccore.net\/wp-content\/uploads\/2021\/12\/28171206\/cbll-logo-color-sm.png","contentUrl":"https:\/\/cdn1.mediawpaccore.net\/wp-content\/uploads\/2021\/12\/28171206\/cbll-logo-color-sm.png","width":600,"height":133,"caption":"Cuballama"},"image":{"@id":"https:\/\/www.cuballama.com\/noticias\/#\/schema\/logo\/image\/"},"sameAs":["https:\/\/www.facebook.com\/CubaLlama","https:\/\/x.com\/cuballama","https:\/\/www.instagram.com\/stories\/cuballama_oficial\/","https:\/\/www.youtube.com\/channel\/UCKkFE-d_axENGZcrc4as0IA"]},{"@type":"Person","@id":"","url":"https:\/\/www.cuballama.com\/noticias\/author\/"}]}},"_links":{"self":[{"href":"https:\/\/www.cuballama.com\/noticias\/wp-json\/wp\/v2\/posts\/68294","targetHints":{"allow":["GET"]}}],"collection":[{"href":"https:\/\/www.cuballama.com\/noticias\/wp-json\/wp\/v2\/posts"}],"about":[{"href":"https:\/\/www.cuballama.com\/noticias\/wp-json\/wp\/v2\/types\/post"}],"author":[{"embeddable":true,"href":"https:\/\/www.cuballama.com\/noticias\/wp-json\/wp\/v2\/users\/12"}],"replies":[{"embeddable":true,"href":"https:\/\/www.cuballama.com\/noticias\/wp-json\/wp\/v2\/comments?post=68294"}],"version-history":[{"count":9,"href":"https:\/\/www.cuballama.com\/noticias\/wp-json\/wp\/v2\/posts\/68294\/revisions"}],"predecessor-version":[{"id":125296,"href":"https:\/\/www.cuballama.com\/noticias\/wp-json\/wp\/v2\/posts\/68294\/revisions\/125296"}],"wp:attachment":[{"href":"https:\/\/www.cuballama.com\/noticias\/wp-json\/wp\/v2\/media?parent=68294"}],"wp:term":[{"taxonomy":"category","embeddable":true,"href":"https:\/\/www.cuballama.com\/noticias\/wp-json\/wp\/v2\/categories?post=68294"},{"taxonomy":"post_tag","embeddable":true,"href":"https:\/\/www.cuballama.com\/noticias\/wp-json\/wp\/v2\/tags?post=68294"}],"curies":[{"name":"wp","href":"https:\/\/api.w.org\/{rel}","templated":true}]}}