{"id":68282,"date":"2021-05-31T18:19:50","date_gmt":"2021-05-31T22:19:50","guid":{"rendered":"https:\/\/www1.cubacomenta.com\/?p=68282"},"modified":"2023-06-14T18:07:38","modified_gmt":"2023-06-14T22:07:38","slug":"cubanos-mejores-narradores-espanol-menores-35","status":"publish","type":"post","link":"https:\/\/www.cuballama.com\/noticias\/cubanos-mejores-narradores-espanol-menores-35\/","title":{"rendered":"Tres narradores cubanos entre los mejores en espa\u00f1ol menores de 35 a\u00f1os"},"content":{"rendered":"\n<h2 class=\"wp-block-heading\">Eudris Planche Sav\u00f3n, Dainerys Machado Vento y Carlos Manuel \u00c1lvarez son los tres narradores cubanos elegidos<\/h2>\n\n\n\n<p>Recientemente la revista brit\u00e1nica <em>Granta<\/em> revel\u00f3 en rueda de prensa su selecci\u00f3n de los <strong>25 mejores narradores en espa\u00f1ol, menores de 35 a\u00f1os<\/strong>. Tres narradores cubanos figuran en la lista.<\/p>\n\n\n\n<p>En un art\u00edculo para <em><a href=\"https:\/\/librujula.publico.es\/los-25-mejores-narradores-en-espanol-menores-de-35-anos-segun-granta\/?fbclid=IwAR2ZF-QDVXmkt-WUv4t3RwOVfbpeP0e8zeN0c7knQWOIbLkew2rYZm8LTzg\" target=\"_blank\" rel=\"noreferrer noopener nofollow\">Libr\u00fajula<\/a><\/em>, David P\u00e9rez Vega explicaba c\u00f3mo hab\u00edan sido elegidos estos escritores: \u00abPara ser considerados, los autores deb\u00edan haber nacido a partir del 1-1-85&#8230; Los candidatos que se postularon al premio rondaron los 200, mientras que en la convocatoria de 2010 fueron unos 300. De entrada, he de decir que 200 candidatos me han parecido pocos. El espa\u00f1ol es una lengua que la hablan unos 500 millones de personas, y de estos, al menos, 200 millones deben tener menos de 35 a\u00f1os, as\u00ed que la muestra analizada me parece peque\u00f1a como para poder seleccionar a los mejores narradores j\u00f3venes\u00bb.<\/p>\n\n\n\n<p>Dentro de la lista de Granta de los <strong>25 mejores narradores en espa\u00f1ol, menores de 35 a\u00f1os<\/strong> figuran 11 mujeres y 14 hombres. Deb\u00edan tener publicados libros de relatos o novelas. Adem\u00e1s para ser finalmente elegidos se les solicit\u00f3 enviaran un texto in\u00e9dito.<\/p>\n\n\n\n<p>El jurado pudo valorar estos textos in\u00e9ditos: de Eudris Planche Sav\u00f3n (Cuba, 1985) <em>Viajeras bajo la marquesina<\/em>; <em>El color del globo<\/em>, de Dainerys Machado Vento (nacida en la isla en 1986); y <em>Cerezos sin flor<\/em>, de Carlos Manuel \u00c1lvarez, el m\u00e1s joven de los narradores cubanos que naci\u00f3 en 1989. <\/p>\n\n\n\n<p>P\u00e9rez Vega en su art\u00edculo para <em>Libr\u00fajula<\/em> apunta: \u00abHace un par de a\u00f1os yo hab\u00eda escuchado hablar a \u00c1lvarez en la Casa de Am\u00e9rica de Madrid y me sorprendi\u00f3 la claridad y la madurez de su discurso. <em>Cerezos sin flor<\/em> es un grand\u00edsimo cuento sobre la nostalgia de la infancia y las personas que nos cuidan en ella. <em>Cerezos sin flor<\/em> me parece, tal vez, el cuento m\u00e1s talentoso de todo este libro\u00bb. <\/p>\n\n\n\n<h3 class=\"wp-block-heading\">Cerezos sin flor<\/h3>\n\n\n\n<p>Cada uno de los in\u00e9ditos de los 25 narradores en espa\u00f1ol menores de 35 a\u00f1os fueron publicados en un <a href=\"https:\/\/www.candaya.com\/libro\/granta-los-mejores-narradores-jovenes-en-espanol-2\/\" target=\"_blank\" rel=\"noreferrer noopener nofollow\">libro bajo el sello de la Editorial Candaya<\/a>.<\/p>\n\n\n\n<p>Adem\u00e1s de los cubanos completan la lista de <em>Granta<\/em> escritores de Espa\u00f1a (6), M\u00e9xico (4), Argentina (3), Chile (2), Colombia (1), Per\u00fa (1), Nicaragua (1), Costa Rica (1), Uruguay (1), Ecuador (1) y Guinea Ecuatorial (1).<\/p>\n\n\n\n<p><strong>Puede leer tambi\u00e9n<\/strong>: <\/p>\n\n\n\n<h2 class=\"wp-block-heading\"><\/h2>\n","protected":false},"excerpt":{"rendered":"<p>Eudris Planche Sav\u00f3n, Dainerys Machado Vento y Carlos Manuel \u00c1lvarez son los tres narradores cubanos elegidos por la revista Granta.<\/p>\n","protected":false},"author":12,"featured_media":68321,"comment_status":"closed","ping_status":"closed","sticky":false,"template":"","format":"standard","meta":{"_acf_changed":false,"footnotes":""},"categories":[18,955],"tags":[11158,11083,11082],"class_list":{"0":"post-68282","1":"post","2":"type-post","3":"status-publish","4":"format-standard","5":"has-post-thumbnail","7":"category-noticias","8":"category-noticias-de-cuba","9":"tag-escritores-cubanos","10":"tag-granta","11":"tag-narradores-cubanos"},"acf":[],"yoast_head":"<!-- This site is optimized with the Yoast SEO plugin v27.4 - https:\/\/yoast.com\/product\/yoast-seo-wordpress\/ -->\n<title>Tres narradores cubanos entre los mejores en espa\u00f1ol menores de 35 a\u00f1os - Cuballama Noticias %<\/title>\n<meta name=\"description\" content=\"Eudris Planche Sav\u00f3n, Dainerys Machado Vento y Carlos Manuel \u00c1lvarez son los tres narradores cubanos elegidos por la revista Granta\" \/>\n<meta name=\"robots\" content=\"index, follow, max-snippet:-1, max-image-preview:large, max-video-preview:-1\" \/>\n<link rel=\"canonical\" href=\"https:\/\/www.cuballama.com\/noticias\/cubanos-mejores-narradores-espanol-menores-35\/\" \/>\n<meta property=\"og:locale\" content=\"es_ES\" \/>\n<meta property=\"og:type\" content=\"article\" \/>\n<meta property=\"og:title\" content=\"Tres narradores cubanos entre los mejores en espa\u00f1ol menores de 35 a\u00f1os - Cuballama Noticias %\" \/>\n<meta property=\"og:description\" content=\"Eudris Planche Sav\u00f3n, Dainerys Machado Vento y Carlos Manuel \u00c1lvarez son los tres narradores cubanos elegidos por la revista Granta\" \/>\n<meta property=\"og:url\" content=\"https:\/\/www.cuballama.com\/noticias\/cubanos-mejores-narradores-espanol-menores-35\/\" \/>\n<meta property=\"og:site_name\" content=\"Cuballama Noticias\" \/>\n<meta property=\"article:publisher\" content=\"https:\/\/www.facebook.com\/CubaLlama\" \/>\n<meta property=\"article:published_time\" content=\"2021-05-31T22:19:50+00:00\" \/>\n<meta property=\"article:modified_time\" content=\"2023-06-14T22:07:38+00:00\" \/>\n<meta property=\"og:image\" content=\"https:\/\/cdn1.mediawpaccore.net\/wp-content\/uploads\/2021\/05\/01050337\/narradorescubanos.jpeg\" \/>\n\t<meta property=\"og:image:width\" content=\"1000\" \/>\n\t<meta property=\"og:image:height\" content=\"522\" \/>\n\t<meta property=\"og:image:type\" content=\"image\/jpeg\" \/>\n<meta name=\"twitter:card\" content=\"summary_large_image\" \/>\n<meta name=\"twitter:creator\" content=\"@cuballama\" \/>\n<meta name=\"twitter:site\" content=\"@cuballama\" \/>\n<meta name=\"twitter:label1\" content=\"Escrito por\" \/>\n\t<meta name=\"twitter:data1\" content=\"\" \/>\n\t<meta name=\"twitter:label2\" content=\"Tiempo de lectura\" \/>\n\t<meta name=\"twitter:data2\" content=\"2 minutos\" \/>\n<script type=\"application\/ld+json\" class=\"yoast-schema-graph\">{\"@context\":\"https:\\\/\\\/schema.org\",\"@graph\":[{\"@type\":\"Article\",\"@id\":\"https:\\\/\\\/www.cuballama.com\\\/noticias\\\/cubanos-mejores-narradores-espanol-menores-35\\\/#article\",\"isPartOf\":{\"@id\":\"https:\\\/\\\/www.cuballama.com\\\/noticias\\\/cubanos-mejores-narradores-espanol-menores-35\\\/\"},\"author\":{\"name\":\"\",\"@id\":\"\"},\"headline\":\"Tres narradores cubanos entre los mejores en espa\u00f1ol menores de 35 a\u00f1os\",\"datePublished\":\"2021-05-31T22:19:50+00:00\",\"dateModified\":\"2023-06-14T22:07:38+00:00\",\"mainEntityOfPage\":{\"@id\":\"https:\\\/\\\/www.cuballama.com\\\/noticias\\\/cubanos-mejores-narradores-espanol-menores-35\\\/\"},\"wordCount\":406,\"publisher\":{\"@id\":\"https:\\\/\\\/www.cuballama.com\\\/noticias\\\/#organization\"},\"image\":{\"@id\":\"https:\\\/\\\/www.cuballama.com\\\/noticias\\\/cubanos-mejores-narradores-espanol-menores-35\\\/#primaryimage\"},\"thumbnailUrl\":\"https:\\\/\\\/cdn1.mediawpaccore.net\\\/wp-content\\\/uploads\\\/2021\\\/05\\\/01050337\\\/narradorescubanos.jpeg\",\"keywords\":[\"escritores cubanos\",\"Granta\",\"narradores cubanos\"],\"articleSection\":[\"Noticias\",\"Noticias de Cuba\"],\"inLanguage\":\"es\"},{\"@type\":\"WebPage\",\"@id\":\"https:\\\/\\\/www.cuballama.com\\\/noticias\\\/cubanos-mejores-narradores-espanol-menores-35\\\/\",\"url\":\"https:\\\/\\\/www.cuballama.com\\\/noticias\\\/cubanos-mejores-narradores-espanol-menores-35\\\/\",\"name\":\"Tres narradores cubanos entre los mejores en espa\u00f1ol menores de 35 a\u00f1os - Cuballama Noticias %\",\"isPartOf\":{\"@id\":\"https:\\\/\\\/www.cuballama.com\\\/noticias\\\/#website\"},\"primaryImageOfPage\":{\"@id\":\"https:\\\/\\\/www.cuballama.com\\\/noticias\\\/cubanos-mejores-narradores-espanol-menores-35\\\/#primaryimage\"},\"image\":{\"@id\":\"https:\\\/\\\/www.cuballama.com\\\/noticias\\\/cubanos-mejores-narradores-espanol-menores-35\\\/#primaryimage\"},\"thumbnailUrl\":\"https:\\\/\\\/cdn1.mediawpaccore.net\\\/wp-content\\\/uploads\\\/2021\\\/05\\\/01050337\\\/narradorescubanos.jpeg\",\"datePublished\":\"2021-05-31T22:19:50+00:00\",\"dateModified\":\"2023-06-14T22:07:38+00:00\",\"description\":\"Eudris Planche Sav\u00f3n, Dainerys Machado Vento y Carlos Manuel \u00c1lvarez son los tres narradores cubanos elegidos por la revista Granta\",\"breadcrumb\":{\"@id\":\"https:\\\/\\\/www.cuballama.com\\\/noticias\\\/cubanos-mejores-narradores-espanol-menores-35\\\/#breadcrumb\"},\"inLanguage\":\"es\",\"potentialAction\":[{\"@type\":\"ReadAction\",\"target\":[\"https:\\\/\\\/www.cuballama.com\\\/noticias\\\/cubanos-mejores-narradores-espanol-menores-35\\\/\"]}]},{\"@type\":\"ImageObject\",\"inLanguage\":\"es\",\"@id\":\"https:\\\/\\\/www.cuballama.com\\\/noticias\\\/cubanos-mejores-narradores-espanol-menores-35\\\/#primaryimage\",\"url\":\"https:\\\/\\\/cdn1.mediawpaccore.net\\\/wp-content\\\/uploads\\\/2021\\\/05\\\/01050337\\\/narradorescubanos.jpeg\",\"contentUrl\":\"https:\\\/\\\/cdn1.mediawpaccore.net\\\/wp-content\\\/uploads\\\/2021\\\/05\\\/01050337\\\/narradorescubanos.jpeg\",\"width\":1000,\"height\":522,\"caption\":\"Cortes\u00eda: www.arbolinvertido.com\"},{\"@type\":\"BreadcrumbList\",\"@id\":\"https:\\\/\\\/www.cuballama.com\\\/noticias\\\/cubanos-mejores-narradores-espanol-menores-35\\\/#breadcrumb\",\"itemListElement\":[{\"@type\":\"ListItem\",\"position\":1,\"name\":\"Home\",\"item\":\"https:\\\/\\\/www.cuballama.com\\\/noticias\\\/\"},{\"@type\":\"ListItem\",\"position\":2,\"name\":\"Tres narradores cubanos entre los mejores en espa\u00f1ol menores de 35 a\u00f1os\"}]},{\"@type\":\"WebSite\",\"@id\":\"https:\\\/\\\/www.cuballama.com\\\/noticias\\\/#website\",\"url\":\"https:\\\/\\\/www.cuballama.com\\\/noticias\\\/\",\"name\":\"Cuballama Noticias\",\"description\":\"Medio digital sobre Cuba y el mundo\",\"publisher\":{\"@id\":\"https:\\\/\\\/www.cuballama.com\\\/noticias\\\/#organization\"},\"potentialAction\":[{\"@type\":\"SearchAction\",\"target\":{\"@type\":\"EntryPoint\",\"urlTemplate\":\"https:\\\/\\\/www.cuballama.com\\\/noticias\\\/?s={search_term_string}\"},\"query-input\":{\"@type\":\"PropertyValueSpecification\",\"valueRequired\":true,\"valueName\":\"search_term_string\"}}],\"inLanguage\":\"es\"},{\"@type\":\"Organization\",\"@id\":\"https:\\\/\\\/www.cuballama.com\\\/noticias\\\/#organization\",\"name\":\"Cuballama\",\"url\":\"https:\\\/\\\/www.cuballama.com\\\/noticias\\\/\",\"logo\":{\"@type\":\"ImageObject\",\"inLanguage\":\"es\",\"@id\":\"https:\\\/\\\/www.cuballama.com\\\/noticias\\\/#\\\/schema\\\/logo\\\/image\\\/\",\"url\":\"https:\\\/\\\/cdn1.mediawpaccore.net\\\/wp-content\\\/uploads\\\/2021\\\/12\\\/28171206\\\/cbll-logo-color-sm.png\",\"contentUrl\":\"https:\\\/\\\/cdn1.mediawpaccore.net\\\/wp-content\\\/uploads\\\/2021\\\/12\\\/28171206\\\/cbll-logo-color-sm.png\",\"width\":600,\"height\":133,\"caption\":\"Cuballama\"},\"image\":{\"@id\":\"https:\\\/\\\/www.cuballama.com\\\/noticias\\\/#\\\/schema\\\/logo\\\/image\\\/\"},\"sameAs\":[\"https:\\\/\\\/www.facebook.com\\\/CubaLlama\",\"https:\\\/\\\/x.com\\\/cuballama\",\"https:\\\/\\\/www.instagram.com\\\/stories\\\/cuballama_oficial\\\/\",\"https:\\\/\\\/www.youtube.com\\\/channel\\\/UCKkFE-d_axENGZcrc4as0IA\"]},{\"@type\":\"Person\",\"@id\":\"\",\"url\":\"https:\\\/\\\/www.cuballama.com\\\/noticias\\\/author\\\/\"}]}<\/script>\n<!-- \/ Yoast SEO plugin. -->","yoast_head_json":{"title":"Tres narradores cubanos entre los mejores en espa\u00f1ol menores de 35 a\u00f1os - Cuballama Noticias %","description":"Eudris Planche Sav\u00f3n, Dainerys Machado Vento y Carlos Manuel \u00c1lvarez son los tres narradores cubanos elegidos por la revista Granta","robots":{"index":"index","follow":"follow","max-snippet":"max-snippet:-1","max-image-preview":"max-image-preview:large","max-video-preview":"max-video-preview:-1"},"canonical":"https:\/\/www.cuballama.com\/noticias\/cubanos-mejores-narradores-espanol-menores-35\/","og_locale":"es_ES","og_type":"article","og_title":"Tres narradores cubanos entre los mejores en espa\u00f1ol menores de 35 a\u00f1os - Cuballama Noticias %","og_description":"Eudris Planche Sav\u00f3n, Dainerys Machado Vento y Carlos Manuel \u00c1lvarez son los tres narradores cubanos elegidos por la revista Granta","og_url":"https:\/\/www.cuballama.com\/noticias\/cubanos-mejores-narradores-espanol-menores-35\/","og_site_name":"Cuballama Noticias","article_publisher":"https:\/\/www.facebook.com\/CubaLlama","article_published_time":"2021-05-31T22:19:50+00:00","article_modified_time":"2023-06-14T22:07:38+00:00","og_image":[{"width":1000,"height":522,"url":"https:\/\/cdn1.mediawpaccore.net\/wp-content\/uploads\/2021\/05\/01050337\/narradorescubanos.jpeg","type":"image\/jpeg"}],"twitter_card":"summary_large_image","twitter_creator":"@cuballama","twitter_site":"@cuballama","twitter_misc":{"Escrito por":"","Tiempo de lectura":"2 minutos"},"schema":{"@context":"https:\/\/schema.org","@graph":[{"@type":"Article","@id":"https:\/\/www.cuballama.com\/noticias\/cubanos-mejores-narradores-espanol-menores-35\/#article","isPartOf":{"@id":"https:\/\/www.cuballama.com\/noticias\/cubanos-mejores-narradores-espanol-menores-35\/"},"author":{"name":"","@id":""},"headline":"Tres narradores cubanos entre los mejores en espa\u00f1ol menores de 35 a\u00f1os","datePublished":"2021-05-31T22:19:50+00:00","dateModified":"2023-06-14T22:07:38+00:00","mainEntityOfPage":{"@id":"https:\/\/www.cuballama.com\/noticias\/cubanos-mejores-narradores-espanol-menores-35\/"},"wordCount":406,"publisher":{"@id":"https:\/\/www.cuballama.com\/noticias\/#organization"},"image":{"@id":"https:\/\/www.cuballama.com\/noticias\/cubanos-mejores-narradores-espanol-menores-35\/#primaryimage"},"thumbnailUrl":"https:\/\/cdn1.mediawpaccore.net\/wp-content\/uploads\/2021\/05\/01050337\/narradorescubanos.jpeg","keywords":["escritores cubanos","Granta","narradores cubanos"],"articleSection":["Noticias","Noticias de Cuba"],"inLanguage":"es"},{"@type":"WebPage","@id":"https:\/\/www.cuballama.com\/noticias\/cubanos-mejores-narradores-espanol-menores-35\/","url":"https:\/\/www.cuballama.com\/noticias\/cubanos-mejores-narradores-espanol-menores-35\/","name":"Tres narradores cubanos entre los mejores en espa\u00f1ol menores de 35 a\u00f1os - Cuballama Noticias %","isPartOf":{"@id":"https:\/\/www.cuballama.com\/noticias\/#website"},"primaryImageOfPage":{"@id":"https:\/\/www.cuballama.com\/noticias\/cubanos-mejores-narradores-espanol-menores-35\/#primaryimage"},"image":{"@id":"https:\/\/www.cuballama.com\/noticias\/cubanos-mejores-narradores-espanol-menores-35\/#primaryimage"},"thumbnailUrl":"https:\/\/cdn1.mediawpaccore.net\/wp-content\/uploads\/2021\/05\/01050337\/narradorescubanos.jpeg","datePublished":"2021-05-31T22:19:50+00:00","dateModified":"2023-06-14T22:07:38+00:00","description":"Eudris Planche Sav\u00f3n, Dainerys Machado Vento y Carlos Manuel \u00c1lvarez son los tres narradores cubanos elegidos por la revista Granta","breadcrumb":{"@id":"https:\/\/www.cuballama.com\/noticias\/cubanos-mejores-narradores-espanol-menores-35\/#breadcrumb"},"inLanguage":"es","potentialAction":[{"@type":"ReadAction","target":["https:\/\/www.cuballama.com\/noticias\/cubanos-mejores-narradores-espanol-menores-35\/"]}]},{"@type":"ImageObject","inLanguage":"es","@id":"https:\/\/www.cuballama.com\/noticias\/cubanos-mejores-narradores-espanol-menores-35\/#primaryimage","url":"https:\/\/cdn1.mediawpaccore.net\/wp-content\/uploads\/2021\/05\/01050337\/narradorescubanos.jpeg","contentUrl":"https:\/\/cdn1.mediawpaccore.net\/wp-content\/uploads\/2021\/05\/01050337\/narradorescubanos.jpeg","width":1000,"height":522,"caption":"Cortes\u00eda: www.arbolinvertido.com"},{"@type":"BreadcrumbList","@id":"https:\/\/www.cuballama.com\/noticias\/cubanos-mejores-narradores-espanol-menores-35\/#breadcrumb","itemListElement":[{"@type":"ListItem","position":1,"name":"Home","item":"https:\/\/www.cuballama.com\/noticias\/"},{"@type":"ListItem","position":2,"name":"Tres narradores cubanos entre los mejores en espa\u00f1ol menores de 35 a\u00f1os"}]},{"@type":"WebSite","@id":"https:\/\/www.cuballama.com\/noticias\/#website","url":"https:\/\/www.cuballama.com\/noticias\/","name":"Cuballama Noticias","description":"Medio digital sobre Cuba y el mundo","publisher":{"@id":"https:\/\/www.cuballama.com\/noticias\/#organization"},"potentialAction":[{"@type":"SearchAction","target":{"@type":"EntryPoint","urlTemplate":"https:\/\/www.cuballama.com\/noticias\/?s={search_term_string}"},"query-input":{"@type":"PropertyValueSpecification","valueRequired":true,"valueName":"search_term_string"}}],"inLanguage":"es"},{"@type":"Organization","@id":"https:\/\/www.cuballama.com\/noticias\/#organization","name":"Cuballama","url":"https:\/\/www.cuballama.com\/noticias\/","logo":{"@type":"ImageObject","inLanguage":"es","@id":"https:\/\/www.cuballama.com\/noticias\/#\/schema\/logo\/image\/","url":"https:\/\/cdn1.mediawpaccore.net\/wp-content\/uploads\/2021\/12\/28171206\/cbll-logo-color-sm.png","contentUrl":"https:\/\/cdn1.mediawpaccore.net\/wp-content\/uploads\/2021\/12\/28171206\/cbll-logo-color-sm.png","width":600,"height":133,"caption":"Cuballama"},"image":{"@id":"https:\/\/www.cuballama.com\/noticias\/#\/schema\/logo\/image\/"},"sameAs":["https:\/\/www.facebook.com\/CubaLlama","https:\/\/x.com\/cuballama","https:\/\/www.instagram.com\/stories\/cuballama_oficial\/","https:\/\/www.youtube.com\/channel\/UCKkFE-d_axENGZcrc4as0IA"]},{"@type":"Person","@id":"","url":"https:\/\/www.cuballama.com\/noticias\/author\/"}]}},"_links":{"self":[{"href":"https:\/\/www.cuballama.com\/noticias\/wp-json\/wp\/v2\/posts\/68282","targetHints":{"allow":["GET"]}}],"collection":[{"href":"https:\/\/www.cuballama.com\/noticias\/wp-json\/wp\/v2\/posts"}],"about":[{"href":"https:\/\/www.cuballama.com\/noticias\/wp-json\/wp\/v2\/types\/post"}],"author":[{"embeddable":true,"href":"https:\/\/www.cuballama.com\/noticias\/wp-json\/wp\/v2\/users\/12"}],"replies":[{"embeddable":true,"href":"https:\/\/www.cuballama.com\/noticias\/wp-json\/wp\/v2\/comments?post=68282"}],"version-history":[{"count":8,"href":"https:\/\/www.cuballama.com\/noticias\/wp-json\/wp\/v2\/posts\/68282\/revisions"}],"predecessor-version":[{"id":125295,"href":"https:\/\/www.cuballama.com\/noticias\/wp-json\/wp\/v2\/posts\/68282\/revisions\/125295"}],"wp:featuredmedia":[{"embeddable":true,"href":"https:\/\/www.cuballama.com\/noticias\/wp-json\/wp\/v2\/media\/68321"}],"wp:attachment":[{"href":"https:\/\/www.cuballama.com\/noticias\/wp-json\/wp\/v2\/media?parent=68282"}],"wp:term":[{"taxonomy":"category","embeddable":true,"href":"https:\/\/www.cuballama.com\/noticias\/wp-json\/wp\/v2\/categories?post=68282"},{"taxonomy":"post_tag","embeddable":true,"href":"https:\/\/www.cuballama.com\/noticias\/wp-json\/wp\/v2\/tags?post=68282"}],"curies":[{"name":"wp","href":"https:\/\/api.w.org\/{rel}","templated":true}]}}