{"id":256176,"date":"2026-09-05T10:08:14","date_gmt":"2026-09-05T14:08:14","guid":{"rendered":"https:\/\/www.cuballama.com\/noticias\/?p=256176"},"modified":"2026-09-05T10:08:25","modified_gmt":"2026-09-05T14:08:25","slug":"revelan-causa-de-accidente-mortal-de-liniero-de-32-anos-en-la-habana","status":"publish","type":"post","link":"https:\/\/www.cuballama.com\/noticias\/revelan-causa-de-accidente-mortal-de-liniero-de-32-anos-en-la-habana\/","title":{"rendered":"Revelan causa de accidente mortal de liniero de 32 a\u00f1os en La Habana"},"content":{"rendered":"\n<p class=\"wp-block-paragraph\">Una conexi\u00f3n irregular realizada para llevar electricidad a una vivienda sin servicio provoc\u00f3 un retorno de corriente que caus\u00f3 la muerte del liniero <a href=\"https:\/\/www.cuballama.com\/noticias\/liniero-de-32-anos-muere-en-accidente-laboral-en-la-habana\/\" target=\"_blank\" rel=\"noreferrer noopener\">Edisvey Rolando P\u00e9rez Rodr\u00edguez<\/a>, de 32 a\u00f1os, el pasado 3 de septiembre en La Habana.<\/p>\n\n\n\n<p class=\"wp-block-paragraph\">As\u00ed lo revela un informe de la Empresa El\u00e9ctrica de Sancti Sp\u00edritus, citado por el periodista Magdiel Jorge Castro, sobre un accidente mortal del que hasta ahora se conoc\u00edan pocos detalles.&nbsp;&nbsp;<\/p>\n\n\n\n<p class=\"wp-block-paragraph\">P\u00e9rez Rodr\u00edguez, natural de Sancti Sp\u00edritus, era un liniero el\u00e9ctrico especializado con cinco a\u00f1os de experiencia que integraba una brigada que realizaba el cambio de un transformador da\u00f1ado.&nbsp;<\/p>\n\n\n\n<p class=\"wp-block-paragraph\">De acuerdo con el documento, el propietario de una vivienda que estaba sin electricidad pel\u00f3 la acometida de un vecino y conect\u00f3 una extensi\u00f3n para alimentar su casa, utilizando las fases A y B y el neutro del banco averiado.<\/p>\n\n\n\n<p class=\"wp-block-paragraph\">Al cortar la acometida del secundario da\u00f1ado durante los trabajos, se produjo un retorno de corriente por el neutro que alcanz\u00f3 al trabajador alrededor de las 11:10 de la ma\u00f1ana.<\/p>\n\n\n\n<iframe loading=\"lazy\" src=\"https:\/\/www.facebook.com\/plugins\/post.php?href=https%3A%2F%2Fwww.facebook.com%2FMagJorgeCastro%2Fposts%2Fpfbid036SuCAb4aYFRjX1MLnv1PKVZQdZThbSxx4prG3zwqgbEqHdu666XD7LNjBnNE2zNtl&#038;show_text=true&#038;width=500\" width=\"500\" height=\"756\" style=\"border:none;overflow:hidden\" scrolling=\"no\" frameborder=\"0\" allowfullscreen=\"true\" allow=\"autoplay; clipboard-write; encrypted-media; picture-in-picture; web-share\"><\/iframe>\n\n\n\n<p class=\"wp-block-paragraph\">El resto de la brigada estaba integrada por Tom\u00e1s Zerquera Torres, Luis Ra\u00fal Mainegra Aquino, Dainier Viera Barrera y Cristian Guti\u00e9rrez P\u00e9rez.<\/p>\n\n\n\n<p class=\"wp-block-paragraph\">La muerte de P\u00e9rez Rodr\u00edguez hab\u00eda sido informada previamente, pero sin revelar las circunstancias que provocaron la descarga el\u00e9ctrica.&nbsp;<\/p>\n\n\n\n<p class=\"wp-block-paragraph\">En redes sociales, uno de los compa\u00f1eros de P\u00e9rez Rodr\u00edguez detall\u00f3 que el liniero realizaba labores de mantenimiento en Guanabacoa cuando perdi\u00f3 la vida.<\/p>\n\n\n\n<p class=\"wp-block-paragraph\">Seg\u00fan inform\u00f3 la Uni\u00f3n El\u00e9ctrica de Cuba, brigadas especializadas trabajan en municipios de la capital para restablecer la vitalidad del Sistema El\u00e9ctrico Nacional y mejorar las condiciones de la red.<\/p>\n\n\n\n<p class=\"wp-block-paragraph\">La empresa estatal se\u00f1al\u00f3 previamente que se ejecutan acciones en transformadores, subestaciones y circuitos de distribuci\u00f3n para garantizar la estabilidad del servicio y reducir interrupciones.<\/p>\n\n\n\n<p class=\"wp-block-paragraph\">Por su parte, el Ministerio de Energ\u00eda y Minas destac\u00f3 que los trabajos incluyen mantenimiento preventivo, sustituci\u00f3n de equipos deteriorados y ajustes t\u00e9cnicos en l\u00edneas de transmisi\u00f3n.<\/p>\n\n\n\n<p class=\"wp-block-paragraph\"><\/p>\n","protected":false},"excerpt":{"rendered":"<p>Un informe de la Empresa El\u00e9ctrica de Sancti Sp\u00edritus ofrece detalles sobre la tragedia ocurrida el pasado 3 de septiembre.<\/p>\n","protected":false},"author":30,"featured_media":256178,"comment_status":"open","ping_status":"closed","sticky":false,"template":"","format":"standard","meta":{"_acf_changed":false,"footnotes":""},"categories":[18,955],"tags":[24161,10867,941,13408,27424],"class_list":["post-256176","post","type-post","status-publish","format-standard","has-post-thumbnail","category-noticias","category-noticias-de-cuba","tag-accidente-mortal","tag-crisis-en-cuba","tag-destacado","tag-joven-cubano","tag-liniero"],"acf":[],"yoast_head":"<!-- This site is optimized with the Yoast SEO plugin v28.3 - https:\/\/yoast.com\/product\/yoast-seo-wordpress\/ -->\n<title>Revelan causa de accidente mortal de liniero de 32 a\u00f1os en La Habana - Cuballama Noticias<\/title>\n<meta name=\"description\" content=\"Un informe de la Empresa El\u00e9ctrica de Sancti Sp\u00edritus revela la causa de muerte de un liniero de 32 a\u00f1os en La Habana.\" \/>\n<meta name=\"robots\" content=\"index, follow, max-snippet:-1, max-image-preview:large, max-video-preview:-1\" \/>\n<link rel=\"canonical\" href=\"https:\/\/www.cuballama.com\/noticias\/revelan-causa-de-accidente-mortal-de-liniero-de-32-anos-en-la-habana\/\" \/>\n<meta property=\"og:locale\" content=\"es_ES\" \/>\n<meta property=\"og:type\" content=\"article\" \/>\n<meta property=\"og:title\" content=\"Revelan causa de accidente mortal de liniero de 32 a\u00f1os en La Habana - Cuballama Noticias\" \/>\n<meta property=\"og:description\" content=\"Un informe de la Empresa El\u00e9ctrica de Sancti Sp\u00edritus revela la causa de muerte de un liniero de 32 a\u00f1os en La Habana.\" \/>\n<meta property=\"og:url\" content=\"https:\/\/www.cuballama.com\/noticias\/revelan-causa-de-accidente-mortal-de-liniero-de-32-anos-en-la-habana\/\" \/>\n<meta property=\"og:site_name\" content=\"Cuballama Noticias\" \/>\n<meta property=\"article:publisher\" content=\"https:\/\/www.facebook.com\/CubaLlama\" \/>\n<meta property=\"article:published_time\" content=\"2026-09-05T14:08:14+00:00\" \/>\n<meta property=\"article:modified_time\" content=\"2026-09-05T14:08:25+00:00\" \/>\n<meta property=\"og:image\" content=\"https:\/\/cdn1.mediawpaccore.net\/wp-content\/uploads\/2026\/09\/05094945\/796640479_2866998337020814_5328223823802480618_n1.jpg\" \/>\n\t<meta property=\"og:image:width\" content=\"1200\" \/>\n\t<meta property=\"og:image:height\" content=\"630\" \/>\n\t<meta property=\"og:image:type\" content=\"image\/jpeg\" \/>\n<meta name=\"author\" content=\"Kathy\" \/>\n<meta name=\"twitter:card\" content=\"summary_large_image\" \/>\n<meta name=\"twitter:creator\" content=\"@cuballama\" \/>\n<meta name=\"twitter:site\" content=\"@cuballama\" \/>\n<meta name=\"twitter:label1\" content=\"Escrito por\" \/>\n\t<meta name=\"twitter:data1\" content=\"Kathy\" \/>\n\t<meta name=\"twitter:label2\" content=\"Tiempo de lectura\" \/>\n\t<meta name=\"twitter:data2\" content=\"2 minutos\" \/>\n<script type=\"application\/ld+json\" class=\"yoast-schema-graph\">{\"@context\":\"https:\\\/\\\/schema.org\",\"@graph\":[{\"@type\":\"Article\",\"@id\":\"https:\\\/\\\/www.cuballama.com\\\/noticias\\\/revelan-causa-de-accidente-mortal-de-liniero-de-32-anos-en-la-habana\\\/#article\",\"isPartOf\":{\"@id\":\"https:\\\/\\\/www.cuballama.com\\\/noticias\\\/revelan-causa-de-accidente-mortal-de-liniero-de-32-anos-en-la-habana\\\/\"},\"author\":{\"name\":\"Kathy\",\"@id\":\"https:\\\/\\\/www.cuballama.com\\\/noticias\\\/#\\\/schema\\\/person\\\/86cd3e3f4974437f031211213bf892d5\"},\"headline\":\"Revelan causa de accidente mortal de liniero de 32 a\u00f1os en La Habana\",\"datePublished\":\"2026-09-05T14:08:14+00:00\",\"dateModified\":\"2026-09-05T14:08:25+00:00\",\"mainEntityOfPage\":{\"@id\":\"https:\\\/\\\/www.cuballama.com\\\/noticias\\\/revelan-causa-de-accidente-mortal-de-liniero-de-32-anos-en-la-habana\\\/\"},\"wordCount\":366,\"commentCount\":0,\"publisher\":{\"@id\":\"https:\\\/\\\/www.cuballama.com\\\/noticias\\\/#organization\"},\"image\":{\"@id\":\"https:\\\/\\\/www.cuballama.com\\\/noticias\\\/revelan-causa-de-accidente-mortal-de-liniero-de-32-anos-en-la-habana\\\/#primaryimage\"},\"thumbnailUrl\":\"https:\\\/\\\/cdn1.mediawpaccore.net\\\/wp-content\\\/uploads\\\/2026\\\/09\\\/05094945\\\/796640479_2866998337020814_5328223823802480618_n1.jpg\",\"keywords\":[\"accidente mortal\",\"Crisis en Cuba\",\"destacado\",\"joven cubano\",\"liniero\"],\"articleSection\":[\"Noticias\",\"Noticias de Cuba\"],\"inLanguage\":\"es\",\"potentialAction\":[{\"@type\":\"CommentAction\",\"name\":\"Comment\",\"target\":[\"https:\\\/\\\/www.cuballama.com\\\/noticias\\\/revelan-causa-de-accidente-mortal-de-liniero-de-32-anos-en-la-habana\\\/#respond\"]}]},{\"@type\":\"WebPage\",\"@id\":\"https:\\\/\\\/www.cuballama.com\\\/noticias\\\/revelan-causa-de-accidente-mortal-de-liniero-de-32-anos-en-la-habana\\\/\",\"url\":\"https:\\\/\\\/www.cuballama.com\\\/noticias\\\/revelan-causa-de-accidente-mortal-de-liniero-de-32-anos-en-la-habana\\\/\",\"name\":\"Revelan causa de accidente mortal de liniero de 32 a\u00f1os en La Habana - Cuballama Noticias\",\"isPartOf\":{\"@id\":\"https:\\\/\\\/www.cuballama.com\\\/noticias\\\/#website\"},\"primaryImageOfPage\":{\"@id\":\"https:\\\/\\\/www.cuballama.com\\\/noticias\\\/revelan-causa-de-accidente-mortal-de-liniero-de-32-anos-en-la-habana\\\/#primaryimage\"},\"image\":{\"@id\":\"https:\\\/\\\/www.cuballama.com\\\/noticias\\\/revelan-causa-de-accidente-mortal-de-liniero-de-32-anos-en-la-habana\\\/#primaryimage\"},\"thumbnailUrl\":\"https:\\\/\\\/cdn1.mediawpaccore.net\\\/wp-content\\\/uploads\\\/2026\\\/09\\\/05094945\\\/796640479_2866998337020814_5328223823802480618_n1.jpg\",\"datePublished\":\"2026-09-05T14:08:14+00:00\",\"dateModified\":\"2026-09-05T14:08:25+00:00\",\"description\":\"Un informe de la Empresa El\u00e9ctrica de Sancti Sp\u00edritus revela la causa de muerte de un liniero de 32 a\u00f1os en La Habana.\",\"breadcrumb\":{\"@id\":\"https:\\\/\\\/www.cuballama.com\\\/noticias\\\/revelan-causa-de-accidente-mortal-de-liniero-de-32-anos-en-la-habana\\\/#breadcrumb\"},\"inLanguage\":\"es\",\"potentialAction\":[{\"@type\":\"ReadAction\",\"target\":[\"https:\\\/\\\/www.cuballama.com\\\/noticias\\\/revelan-causa-de-accidente-mortal-de-liniero-de-32-anos-en-la-habana\\\/\"]}]},{\"@type\":\"ImageObject\",\"inLanguage\":\"es\",\"@id\":\"https:\\\/\\\/www.cuballama.com\\\/noticias\\\/revelan-causa-de-accidente-mortal-de-liniero-de-32-anos-en-la-habana\\\/#primaryimage\",\"url\":\"https:\\\/\\\/cdn1.mediawpaccore.net\\\/wp-content\\\/uploads\\\/2026\\\/09\\\/05094945\\\/796640479_2866998337020814_5328223823802480618_n1.jpg\",\"contentUrl\":\"https:\\\/\\\/cdn1.mediawpaccore.net\\\/wp-content\\\/uploads\\\/2026\\\/09\\\/05094945\\\/796640479_2866998337020814_5328223823802480618_n1.jpg\",\"width\":1200,\"height\":630,\"caption\":\"Edisvey Rolando P\u00e9rez Rodr\u00edguez. Foto: Facebook\\\/Mag Jorge Castro.\"},{\"@type\":\"BreadcrumbList\",\"@id\":\"https:\\\/\\\/www.cuballama.com\\\/noticias\\\/revelan-causa-de-accidente-mortal-de-liniero-de-32-anos-en-la-habana\\\/#breadcrumb\",\"itemListElement\":[{\"@type\":\"ListItem\",\"position\":1,\"name\":\"Home\",\"item\":\"https:\\\/\\\/www.cuballama.com\\\/noticias\\\/\"},{\"@type\":\"ListItem\",\"position\":2,\"name\":\"Revelan causa de accidente mortal de liniero de 32 a\u00f1os en La Habana\"}]},{\"@type\":\"WebSite\",\"@id\":\"https:\\\/\\\/www.cuballama.com\\\/noticias\\\/#website\",\"url\":\"https:\\\/\\\/www.cuballama.com\\\/noticias\\\/\",\"name\":\"Cuballama Noticias\",\"description\":\"Medio digital sobre Cuba y el mundo\",\"publisher\":{\"@id\":\"https:\\\/\\\/www.cuballama.com\\\/noticias\\\/#organization\"},\"potentialAction\":[{\"@type\":\"SearchAction\",\"target\":{\"@type\":\"EntryPoint\",\"urlTemplate\":\"https:\\\/\\\/www.cuballama.com\\\/noticias\\\/?s={search_term_string}\"},\"query-input\":{\"@type\":\"PropertyValueSpecification\",\"valueRequired\":true,\"valueName\":\"search_term_string\"}}],\"inLanguage\":\"es\"},{\"@type\":\"Organization\",\"@id\":\"https:\\\/\\\/www.cuballama.com\\\/noticias\\\/#organization\",\"name\":\"Cuballama\",\"url\":\"https:\\\/\\\/www.cuballama.com\\\/noticias\\\/\",\"logo\":{\"@type\":\"ImageObject\",\"inLanguage\":\"es\",\"@id\":\"https:\\\/\\\/www.cuballama.com\\\/noticias\\\/#\\\/schema\\\/logo\\\/image\\\/\",\"url\":\"https:\\\/\\\/cdn1.mediawpaccore.net\\\/wp-content\\\/uploads\\\/2021\\\/12\\\/28171206\\\/cbll-logo-color-sm.png\",\"contentUrl\":\"https:\\\/\\\/cdn1.mediawpaccore.net\\\/wp-content\\\/uploads\\\/2021\\\/12\\\/28171206\\\/cbll-logo-color-sm.png\",\"width\":600,\"height\":133,\"caption\":\"Cuballama\"},\"image\":{\"@id\":\"https:\\\/\\\/www.cuballama.com\\\/noticias\\\/#\\\/schema\\\/logo\\\/image\\\/\"},\"sameAs\":[\"https:\\\/\\\/www.facebook.com\\\/CubaLlama\",\"https:\\\/\\\/x.com\\\/cuballama\",\"https:\\\/\\\/www.instagram.com\\\/stories\\\/cuballama_oficial\\\/\",\"https:\\\/\\\/www.youtube.com\\\/channel\\\/UCKkFE-d_axENGZcrc4as0IA\"]},{\"@type\":\"Person\",\"@id\":\"https:\\\/\\\/www.cuballama.com\\\/noticias\\\/#\\\/schema\\\/person\\\/86cd3e3f4974437f031211213bf892d5\",\"name\":\"Kathy\",\"url\":\"https:\\\/\\\/www.cuballama.com\\\/noticias\\\/author\\\/kathy\\\/\"}]}<\/script>\n<!-- \/ Yoast SEO plugin. -->","yoast_head_json":{"title":"Revelan causa de accidente mortal de liniero de 32 a\u00f1os en La Habana - Cuballama Noticias","description":"Un informe de la Empresa El\u00e9ctrica de Sancti Sp\u00edritus revela la causa de muerte de un liniero de 32 a\u00f1os en La Habana.","robots":{"index":"index","follow":"follow","max-snippet":"max-snippet:-1","max-image-preview":"max-image-preview:large","max-video-preview":"max-video-preview:-1"},"canonical":"https:\/\/www.cuballama.com\/noticias\/revelan-causa-de-accidente-mortal-de-liniero-de-32-anos-en-la-habana\/","og_locale":"es_ES","og_type":"article","og_title":"Revelan causa de accidente mortal de liniero de 32 a\u00f1os en La Habana - Cuballama Noticias","og_description":"Un informe de la Empresa El\u00e9ctrica de Sancti Sp\u00edritus revela la causa de muerte de un liniero de 32 a\u00f1os en La Habana.","og_url":"https:\/\/www.cuballama.com\/noticias\/revelan-causa-de-accidente-mortal-de-liniero-de-32-anos-en-la-habana\/","og_site_name":"Cuballama Noticias","article_publisher":"https:\/\/www.facebook.com\/CubaLlama","article_published_time":"2026-09-05T14:08:14+00:00","article_modified_time":"2026-09-05T14:08:25+00:00","og_image":[{"width":1200,"height":630,"url":"https:\/\/cdn1.mediawpaccore.net\/wp-content\/uploads\/2026\/09\/05094945\/796640479_2866998337020814_5328223823802480618_n1.jpg","type":"image\/jpeg"}],"author":"Kathy","twitter_card":"summary_large_image","twitter_creator":"@cuballama","twitter_site":"@cuballama","twitter_misc":{"Escrito por":"Kathy","Tiempo de lectura":"2 minutos"},"schema":{"@context":"https:\/\/schema.org","@graph":[{"@type":"Article","@id":"https:\/\/www.cuballama.com\/noticias\/revelan-causa-de-accidente-mortal-de-liniero-de-32-anos-en-la-habana\/#article","isPartOf":{"@id":"https:\/\/www.cuballama.com\/noticias\/revelan-causa-de-accidente-mortal-de-liniero-de-32-anos-en-la-habana\/"},"author":{"name":"Kathy","@id":"https:\/\/www.cuballama.com\/noticias\/#\/schema\/person\/86cd3e3f4974437f031211213bf892d5"},"headline":"Revelan causa de accidente mortal de liniero de 32 a\u00f1os en La Habana","datePublished":"2026-09-05T14:08:14+00:00","dateModified":"2026-09-05T14:08:25+00:00","mainEntityOfPage":{"@id":"https:\/\/www.cuballama.com\/noticias\/revelan-causa-de-accidente-mortal-de-liniero-de-32-anos-en-la-habana\/"},"wordCount":366,"commentCount":0,"publisher":{"@id":"https:\/\/www.cuballama.com\/noticias\/#organization"},"image":{"@id":"https:\/\/www.cuballama.com\/noticias\/revelan-causa-de-accidente-mortal-de-liniero-de-32-anos-en-la-habana\/#primaryimage"},"thumbnailUrl":"https:\/\/cdn1.mediawpaccore.net\/wp-content\/uploads\/2026\/09\/05094945\/796640479_2866998337020814_5328223823802480618_n1.jpg","keywords":["accidente mortal","Crisis en Cuba","destacado","joven cubano","liniero"],"articleSection":["Noticias","Noticias de Cuba"],"inLanguage":"es","potentialAction":[{"@type":"CommentAction","name":"Comment","target":["https:\/\/www.cuballama.com\/noticias\/revelan-causa-de-accidente-mortal-de-liniero-de-32-anos-en-la-habana\/#respond"]}]},{"@type":"WebPage","@id":"https:\/\/www.cuballama.com\/noticias\/revelan-causa-de-accidente-mortal-de-liniero-de-32-anos-en-la-habana\/","url":"https:\/\/www.cuballama.com\/noticias\/revelan-causa-de-accidente-mortal-de-liniero-de-32-anos-en-la-habana\/","name":"Revelan causa de accidente mortal de liniero de 32 a\u00f1os en La Habana - Cuballama Noticias","isPartOf":{"@id":"https:\/\/www.cuballama.com\/noticias\/#website"},"primaryImageOfPage":{"@id":"https:\/\/www.cuballama.com\/noticias\/revelan-causa-de-accidente-mortal-de-liniero-de-32-anos-en-la-habana\/#primaryimage"},"image":{"@id":"https:\/\/www.cuballama.com\/noticias\/revelan-causa-de-accidente-mortal-de-liniero-de-32-anos-en-la-habana\/#primaryimage"},"thumbnailUrl":"https:\/\/cdn1.mediawpaccore.net\/wp-content\/uploads\/2026\/09\/05094945\/796640479_2866998337020814_5328223823802480618_n1.jpg","datePublished":"2026-09-05T14:08:14+00:00","dateModified":"2026-09-05T14:08:25+00:00","description":"Un informe de la Empresa El\u00e9ctrica de Sancti Sp\u00edritus revela la causa de muerte de un liniero de 32 a\u00f1os en La Habana.","breadcrumb":{"@id":"https:\/\/www.cuballama.com\/noticias\/revelan-causa-de-accidente-mortal-de-liniero-de-32-anos-en-la-habana\/#breadcrumb"},"inLanguage":"es","potentialAction":[{"@type":"ReadAction","target":["https:\/\/www.cuballama.com\/noticias\/revelan-causa-de-accidente-mortal-de-liniero-de-32-anos-en-la-habana\/"]}]},{"@type":"ImageObject","inLanguage":"es","@id":"https:\/\/www.cuballama.com\/noticias\/revelan-causa-de-accidente-mortal-de-liniero-de-32-anos-en-la-habana\/#primaryimage","url":"https:\/\/cdn1.mediawpaccore.net\/wp-content\/uploads\/2026\/09\/05094945\/796640479_2866998337020814_5328223823802480618_n1.jpg","contentUrl":"https:\/\/cdn1.mediawpaccore.net\/wp-content\/uploads\/2026\/09\/05094945\/796640479_2866998337020814_5328223823802480618_n1.jpg","width":1200,"height":630,"caption":"Edisvey Rolando P\u00e9rez Rodr\u00edguez. Foto: Facebook\/Mag Jorge Castro."},{"@type":"BreadcrumbList","@id":"https:\/\/www.cuballama.com\/noticias\/revelan-causa-de-accidente-mortal-de-liniero-de-32-anos-en-la-habana\/#breadcrumb","itemListElement":[{"@type":"ListItem","position":1,"name":"Home","item":"https:\/\/www.cuballama.com\/noticias\/"},{"@type":"ListItem","position":2,"name":"Revelan causa de accidente mortal de liniero de 32 a\u00f1os en La Habana"}]},{"@type":"WebSite","@id":"https:\/\/www.cuballama.com\/noticias\/#website","url":"https:\/\/www.cuballama.com\/noticias\/","name":"Cuballama Noticias","description":"Medio digital sobre Cuba y el mundo","publisher":{"@id":"https:\/\/www.cuballama.com\/noticias\/#organization"},"potentialAction":[{"@type":"SearchAction","target":{"@type":"EntryPoint","urlTemplate":"https:\/\/www.cuballama.com\/noticias\/?s={search_term_string}"},"query-input":{"@type":"PropertyValueSpecification","valueRequired":true,"valueName":"search_term_string"}}],"inLanguage":"es"},{"@type":"Organization","@id":"https:\/\/www.cuballama.com\/noticias\/#organization","name":"Cuballama","url":"https:\/\/www.cuballama.com\/noticias\/","logo":{"@type":"ImageObject","inLanguage":"es","@id":"https:\/\/www.cuballama.com\/noticias\/#\/schema\/logo\/image\/","url":"https:\/\/cdn1.mediawpaccore.net\/wp-content\/uploads\/2021\/12\/28171206\/cbll-logo-color-sm.png","contentUrl":"https:\/\/cdn1.mediawpaccore.net\/wp-content\/uploads\/2021\/12\/28171206\/cbll-logo-color-sm.png","width":600,"height":133,"caption":"Cuballama"},"image":{"@id":"https:\/\/www.cuballama.com\/noticias\/#\/schema\/logo\/image\/"},"sameAs":["https:\/\/www.facebook.com\/CubaLlama","https:\/\/x.com\/cuballama","https:\/\/www.instagram.com\/stories\/cuballama_oficial\/","https:\/\/www.youtube.com\/channel\/UCKkFE-d_axENGZcrc4as0IA"]},{"@type":"Person","@id":"https:\/\/www.cuballama.com\/noticias\/#\/schema\/person\/86cd3e3f4974437f031211213bf892d5","name":"Kathy","url":"https:\/\/www.cuballama.com\/noticias\/author\/kathy\/"}]}},"_links":{"self":[{"href":"https:\/\/www.cuballama.com\/noticias\/wp-json\/wp\/v2\/posts\/256176","targetHints":{"allow":["GET"]}}],"collection":[{"href":"https:\/\/www.cuballama.com\/noticias\/wp-json\/wp\/v2\/posts"}],"about":[{"href":"https:\/\/www.cuballama.com\/noticias\/wp-json\/wp\/v2\/types\/post"}],"author":[{"embeddable":true,"href":"https:\/\/www.cuballama.com\/noticias\/wp-json\/wp\/v2\/users\/30"}],"replies":[{"embeddable":true,"href":"https:\/\/www.cuballama.com\/noticias\/wp-json\/wp\/v2\/comments?post=256176"}],"version-history":[{"count":2,"href":"https:\/\/www.cuballama.com\/noticias\/wp-json\/wp\/v2\/posts\/256176\/revisions"}],"predecessor-version":[{"id":256183,"href":"https:\/\/www.cuballama.com\/noticias\/wp-json\/wp\/v2\/posts\/256176\/revisions\/256183"}],"wp:featuredmedia":[{"embeddable":true,"href":"https:\/\/www.cuballama.com\/noticias\/wp-json\/wp\/v2\/media\/256178"}],"wp:attachment":[{"href":"https:\/\/www.cuballama.com\/noticias\/wp-json\/wp\/v2\/media?parent=256176"}],"wp:term":[{"taxonomy":"category","embeddable":true,"href":"https:\/\/www.cuballama.com\/noticias\/wp-json\/wp\/v2\/categories?post=256176"},{"taxonomy":"post_tag","embeddable":true,"href":"https:\/\/www.cuballama.com\/noticias\/wp-json\/wp\/v2\/tags?post=256176"}],"curies":[{"name":"wp","href":"https:\/\/api.w.org\/{rel}","templated":true}]}}