{"id":256175,"date":"2026-09-05T09:51:37","date_gmt":"2026-09-05T13:51:37","guid":{"rendered":"https:\/\/www.cuballama.com\/noticias\/?p=256175"},"modified":"2026-09-05T09:51:46","modified_gmt":"2026-09-05T13:51:46","slug":"politico-italiano-no-llego-a-roma-se-agravo-rumbo-al-aeropuerto-y-fue-operado-de-urgencia-en-la-habana","status":"publish","type":"post","link":"https:\/\/www.cuballama.com\/noticias\/politico-italiano-no-llego-a-roma-se-agravo-rumbo-al-aeropuerto-y-fue-operado-de-urgencia-en-la-habana\/","title":{"rendered":"Pol\u00edtico italiano no lleg\u00f3 a Roma: se agrav\u00f3 rumbo al aeropuerto y fue operado de urgencia en La Habana"},"content":{"rendered":"\n<p class=\"wp-block-paragraph\">La anunciada llegada a Roma este viernes del conocido ex diputado, activista, escritor y periodista italiano Alessandro Di Battista, hospitalizado en Cuba, nunca se produjo:la salida de la isla a bordo de una ambulancia a\u00e9rea fue cancelada justo antes del despegue..<\/p>\n\n\n\n<p class=\"wp-block-paragraph\">Battista se agrav\u00f3 durante el traslado al avi\u00f3n especial y el vuelo fue cancelado.El medio Il Fatto Quotidiano, para el que Battista escrib\u00eda sus reportajes y enviaba docuvideos tambi\u00e9n para&nbsp; TyLoft desde su llegada a Santa Clara el 22 de agosto, consign\u00f3 en una rese\u00f1a este s\u00e1bado&nbsp; que \u00abde vuelta en el hospital de La Habana, donde hab\u00eda estado&nbsp;<strong>ingresado<\/strong>&nbsp;durante una semana, Di&nbsp;Battista fue operado<strong>\u00ab.<\/strong><\/p>\n\n\n\n<p class=\"wp-block-paragraph\">De esta manera el programa ha cambiado y, por el momento, a\u00fan no se ha establecido una nueva fecha de salida. El aplazamiento fue comunicado por la Asociaci\u00f3n \u00abSchierarsi\u00bb (que en italiano significa \u00abTomar partido\u00bb)&nbsp; fundada por Di Battista, a trav\u00e9s de un mensaje publicado en redes sociales y relanzado por el propio exparlamentario.&nbsp;<em>\u00abEl regreso de Alessandro Di Battista ha sido pospuesto. Pedimos a todos que mantengan la m\u00e1xima discreci\u00f3n y prudencia en la difusi\u00f3n de la informaci\u00f3n mientras esperan nuevas actualizaciones\u00bb,<\/em>&nbsp;dice la publicaci\u00f3n.<\/p>\n\n\n\n<p class=\"wp-block-paragraph\">La noticia de la cancelaci\u00f3n del viaje sorprendi\u00f3.<\/p>\n\n\n\n<p class=\"wp-block-paragraph\">En el hospital Gemelli de Roma todo estaba listo para recibirle, pero su estado habr\u00eda empeorado en la ambulancia durante el traslado al aeropuerto.<\/p>\n\n\n\n<p class=\"wp-block-paragraph\">El 30 de agosto, un equipo sanitario de la Policl\u00ednica Gemelli lleg\u00f3 a La Habana para apoyar a los m\u00e9dicos del hospital cubano. Fue el propio Di Battista en redes sociales quien anunci\u00f3 su regreso a Italia, especificando \u2014para silenciar la controversia sobre un posible vuelo estatal\u2014 que ser\u00eda transportado el 4 de septiembre en una ambulancia a\u00e9rea cuyos costes estaban cubiertos por la compa\u00f1\u00eda de seguros con la que \u00e9l hab\u00eda contratado una p\u00f3liza antes de su partida a Cuba.<\/p>\n\n\n\n<p class=\"wp-block-paragraph\">En este contexto de la controversia&nbsp; que surgi\u00f3 tras la propuesta de un vuelo estatal de salud para traer de vuelta a Italia a Di Battista el Ministerio de Asuntos Exteriores inform\u00f3 que desde el 1 de junio hasta el 31 de agosto de este a\u00f1o el gobierno se ha preocupado por los ciudadanos italianos con problemas en el extranjero especialmente con problemas de salud y en ese tiempo hasta 25 de sus nacionales han sido repatriados<\/p>\n\n\n\n<p class=\"wp-block-paragraph\">A\u00fan no se ha esclarecido la causa que origin\u00f3 su enfermedad ni detalles de la operaci\u00f3n que presuntamente debi\u00f3 llevarse a cabo en el hospital \u00abHermanos Ameijeiras\u00bb de La Habana donde se encontraba el&nbsp;ex parlamentario del Movimiento Cinco Estrellas , un habitual en programas de entrevistas de la televisi\u00f3n italiana.<\/p>\n\n\n\n<p class=\"wp-block-paragraph\">El 28 de agosto en Santa Clara, a unos 300 km de la capital cubana, empez\u00f3 con un dolor de cabeza muy fuerte, que le hab\u00eda estado molestando durante d\u00edas. En el atardecer del viernes el malestar se agudiz\u00f3 con la p\u00e9rdida de conciencia y fue ingresado de urgencia en el hospital de esa ciudad en el centro de la isla. En esa instalaci\u00f3n&nbsp; los m\u00e9dicos comentaron sobre la posibilidad de un ictus, seg\u00fan reportes de prensa de la naci\u00f3n europea.<\/p>\n\n\n\n<p class=\"wp-block-paragraph\">Poco despu\u00e9s Di Battista fue trasladado en ambulancia al hospital habanero adonde a inicios de la semana hab\u00edan llegado&nbsp; para acompa\u00f1arlo&nbsp; su pareja, Sahra Lahousnia,con la que tiene dos hijos, algunos amigos&nbsp; y los&nbsp; dos m\u00e9dicos italianos, un neurocirujano y un especialistas en reanimaci\u00f3n y cuidados intensivos, para prestar apoyo a los colegas cubanos y evaluar su estado&nbsp; para su traslado.&nbsp;<\/p>\n","protected":false},"excerpt":{"rendered":"<p>La anunciada llegada a Roma este viernes del conocido ex diputado, activista, escritor y periodista italiano Alessandro Di Battista, hospitalizado en Cuba, nunca se produjo.<\/p>\n","protected":false},"author":24,"featured_media":255484,"comment_status":"open","ping_status":"closed","sticky":false,"template":"","format":"standard","meta":{"_acf_changed":false,"footnotes":""},"categories":[18,955],"tags":[37771,252,11,2496,758,37901,11017],"class_list":["post-256175","post","type-post","status-publish","format-standard","has-post-thumbnail","category-noticias","category-noticias-de-cuba","tag-alessandro-di-battista","tag-artistas-cubanos","tag-cuba","tag-medicos","tag-medicos-cubanos","tag-politico-italiano","tag-superdestacado"],"acf":[],"yoast_head":"<!-- This site is optimized with the Yoast SEO plugin v28.3 - https:\/\/yoast.com\/product\/yoast-seo-wordpress\/ -->\n<title>Pol\u00edtico italiano no lleg\u00f3 a Roma: se agrav\u00f3 rumbo al aeropuerto y fue operado de urgencia en La Habana - Cuballama Noticias<\/title>\n<meta name=\"description\" content=\"La anunciada llegada a Roma de ex diputado italiano Alessandro Di Battista, hospitalizado en Cuba, nunca se produjo.\" \/>\n<meta name=\"robots\" content=\"index, follow, max-snippet:-1, max-image-preview:large, max-video-preview:-1\" \/>\n<link rel=\"canonical\" href=\"https:\/\/www.cuballama.com\/noticias\/politico-italiano-no-llego-a-roma-se-agravo-rumbo-al-aeropuerto-y-fue-operado-de-urgencia-en-la-habana\/\" \/>\n<meta property=\"og:locale\" content=\"es_ES\" \/>\n<meta property=\"og:type\" content=\"article\" \/>\n<meta property=\"og:title\" content=\"Pol\u00edtico italiano no lleg\u00f3 a Roma: se agrav\u00f3 rumbo al aeropuerto y fue operado de urgencia en La Habana - Cuballama Noticias\" \/>\n<meta property=\"og:description\" content=\"La anunciada llegada a Roma de ex diputado italiano Alessandro Di Battista, hospitalizado en Cuba, nunca se produjo.\" \/>\n<meta property=\"og:url\" content=\"https:\/\/www.cuballama.com\/noticias\/politico-italiano-no-llego-a-roma-se-agravo-rumbo-al-aeropuerto-y-fue-operado-de-urgencia-en-la-habana\/\" \/>\n<meta property=\"og:site_name\" content=\"Cuballama Noticias\" \/>\n<meta property=\"article:publisher\" content=\"https:\/\/www.facebook.com\/CubaLlama\" \/>\n<meta property=\"article:published_time\" content=\"2026-09-05T13:51:37+00:00\" \/>\n<meta property=\"article:modified_time\" content=\"2026-09-05T13:51:46+00:00\" \/>\n<meta property=\"og:image\" content=\"https:\/\/cdn1.mediawpaccore.net\/wp-content\/uploads\/2026\/08\/30140054\/Diputado-italiano-hospitalizado-en-Cuba.png\" \/>\n\t<meta property=\"og:image:width\" content=\"1368\" \/>\n\t<meta property=\"og:image:height\" content=\"868\" \/>\n\t<meta property=\"og:image:type\" content=\"image\/png\" \/>\n<meta name=\"author\" content=\"Manu\" \/>\n<meta name=\"twitter:card\" content=\"summary_large_image\" \/>\n<meta name=\"twitter:creator\" content=\"@cuballama\" \/>\n<meta name=\"twitter:site\" content=\"@cuballama\" \/>\n<meta name=\"twitter:label1\" content=\"Escrito por\" \/>\n\t<meta name=\"twitter:data1\" content=\"Manu\" \/>\n\t<meta name=\"twitter:label2\" content=\"Tiempo de lectura\" \/>\n\t<meta name=\"twitter:data2\" content=\"3 minutos\" \/>\n<script type=\"application\/ld+json\" class=\"yoast-schema-graph\">{\"@context\":\"https:\\\/\\\/schema.org\",\"@graph\":[{\"@type\":\"Article\",\"@id\":\"https:\\\/\\\/www.cuballama.com\\\/noticias\\\/politico-italiano-no-llego-a-roma-se-agravo-rumbo-al-aeropuerto-y-fue-operado-de-urgencia-en-la-habana\\\/#article\",\"isPartOf\":{\"@id\":\"https:\\\/\\\/www.cuballama.com\\\/noticias\\\/politico-italiano-no-llego-a-roma-se-agravo-rumbo-al-aeropuerto-y-fue-operado-de-urgencia-en-la-habana\\\/\"},\"author\":{\"name\":\"Manu\",\"@id\":\"https:\\\/\\\/www.cuballama.com\\\/noticias\\\/#\\\/schema\\\/person\\\/5889f7d070564f8386e7944d14d436cd\"},\"headline\":\"Pol\u00edtico italiano no lleg\u00f3 a Roma: se agrav\u00f3 rumbo al aeropuerto y fue operado de urgencia en La Habana\",\"datePublished\":\"2026-09-05T13:51:37+00:00\",\"dateModified\":\"2026-09-05T13:51:46+00:00\",\"mainEntityOfPage\":{\"@id\":\"https:\\\/\\\/www.cuballama.com\\\/noticias\\\/politico-italiano-no-llego-a-roma-se-agravo-rumbo-al-aeropuerto-y-fue-operado-de-urgencia-en-la-habana\\\/\"},\"wordCount\":648,\"commentCount\":0,\"publisher\":{\"@id\":\"https:\\\/\\\/www.cuballama.com\\\/noticias\\\/#organization\"},\"image\":{\"@id\":\"https:\\\/\\\/www.cuballama.com\\\/noticias\\\/politico-italiano-no-llego-a-roma-se-agravo-rumbo-al-aeropuerto-y-fue-operado-de-urgencia-en-la-habana\\\/#primaryimage\"},\"thumbnailUrl\":\"https:\\\/\\\/cdn1.mediawpaccore.net\\\/wp-content\\\/uploads\\\/2026\\\/08\\\/30140054\\\/Diputado-italiano-hospitalizado-en-Cuba.png\",\"keywords\":[\"Alessandro Di Battista\",\"Artistas cubanos\",\"Cuba\",\"m\u00e9dicos\",\"M\u00e9dicos Cubanos\",\"Pol\u00edtico italiano\",\"superdestacado\"],\"articleSection\":[\"Noticias\",\"Noticias de Cuba\"],\"inLanguage\":\"es\",\"potentialAction\":[{\"@type\":\"CommentAction\",\"name\":\"Comment\",\"target\":[\"https:\\\/\\\/www.cuballama.com\\\/noticias\\\/politico-italiano-no-llego-a-roma-se-agravo-rumbo-al-aeropuerto-y-fue-operado-de-urgencia-en-la-habana\\\/#respond\"]}]},{\"@type\":\"WebPage\",\"@id\":\"https:\\\/\\\/www.cuballama.com\\\/noticias\\\/politico-italiano-no-llego-a-roma-se-agravo-rumbo-al-aeropuerto-y-fue-operado-de-urgencia-en-la-habana\\\/\",\"url\":\"https:\\\/\\\/www.cuballama.com\\\/noticias\\\/politico-italiano-no-llego-a-roma-se-agravo-rumbo-al-aeropuerto-y-fue-operado-de-urgencia-en-la-habana\\\/\",\"name\":\"Pol\u00edtico italiano no lleg\u00f3 a Roma: se agrav\u00f3 rumbo al aeropuerto y fue operado de urgencia en La Habana - Cuballama Noticias\",\"isPartOf\":{\"@id\":\"https:\\\/\\\/www.cuballama.com\\\/noticias\\\/#website\"},\"primaryImageOfPage\":{\"@id\":\"https:\\\/\\\/www.cuballama.com\\\/noticias\\\/politico-italiano-no-llego-a-roma-se-agravo-rumbo-al-aeropuerto-y-fue-operado-de-urgencia-en-la-habana\\\/#primaryimage\"},\"image\":{\"@id\":\"https:\\\/\\\/www.cuballama.com\\\/noticias\\\/politico-italiano-no-llego-a-roma-se-agravo-rumbo-al-aeropuerto-y-fue-operado-de-urgencia-en-la-habana\\\/#primaryimage\"},\"thumbnailUrl\":\"https:\\\/\\\/cdn1.mediawpaccore.net\\\/wp-content\\\/uploads\\\/2026\\\/08\\\/30140054\\\/Diputado-italiano-hospitalizado-en-Cuba.png\",\"datePublished\":\"2026-09-05T13:51:37+00:00\",\"dateModified\":\"2026-09-05T13:51:46+00:00\",\"description\":\"La anunciada llegada a Roma de ex diputado italiano Alessandro Di Battista, hospitalizado en Cuba, nunca se produjo.\",\"breadcrumb\":{\"@id\":\"https:\\\/\\\/www.cuballama.com\\\/noticias\\\/politico-italiano-no-llego-a-roma-se-agravo-rumbo-al-aeropuerto-y-fue-operado-de-urgencia-en-la-habana\\\/#breadcrumb\"},\"inLanguage\":\"es\",\"potentialAction\":[{\"@type\":\"ReadAction\",\"target\":[\"https:\\\/\\\/www.cuballama.com\\\/noticias\\\/politico-italiano-no-llego-a-roma-se-agravo-rumbo-al-aeropuerto-y-fue-operado-de-urgencia-en-la-habana\\\/\"]}]},{\"@type\":\"ImageObject\",\"inLanguage\":\"es\",\"@id\":\"https:\\\/\\\/www.cuballama.com\\\/noticias\\\/politico-italiano-no-llego-a-roma-se-agravo-rumbo-al-aeropuerto-y-fue-operado-de-urgencia-en-la-habana\\\/#primaryimage\",\"url\":\"https:\\\/\\\/cdn1.mediawpaccore.net\\\/wp-content\\\/uploads\\\/2026\\\/08\\\/30140054\\\/Diputado-italiano-hospitalizado-en-Cuba.png\",\"contentUrl\":\"https:\\\/\\\/cdn1.mediawpaccore.net\\\/wp-content\\\/uploads\\\/2026\\\/08\\\/30140054\\\/Diputado-italiano-hospitalizado-en-Cuba.png\",\"width\":1368,\"height\":868,\"caption\":\"Actualizan sobre el estado del exdiputado italiano hospitalizado en Cuba (Foto: Alessandro Di Battista \\\/ Facebook)\"},{\"@type\":\"BreadcrumbList\",\"@id\":\"https:\\\/\\\/www.cuballama.com\\\/noticias\\\/politico-italiano-no-llego-a-roma-se-agravo-rumbo-al-aeropuerto-y-fue-operado-de-urgencia-en-la-habana\\\/#breadcrumb\",\"itemListElement\":[{\"@type\":\"ListItem\",\"position\":1,\"name\":\"Home\",\"item\":\"https:\\\/\\\/www.cuballama.com\\\/noticias\\\/\"},{\"@type\":\"ListItem\",\"position\":2,\"name\":\"Pol\u00edtico italiano no lleg\u00f3 a Roma: se agrav\u00f3 rumbo al aeropuerto y fue operado de urgencia en La Habana\"}]},{\"@type\":\"WebSite\",\"@id\":\"https:\\\/\\\/www.cuballama.com\\\/noticias\\\/#website\",\"url\":\"https:\\\/\\\/www.cuballama.com\\\/noticias\\\/\",\"name\":\"Cuballama Noticias\",\"description\":\"Medio digital sobre Cuba y el mundo\",\"publisher\":{\"@id\":\"https:\\\/\\\/www.cuballama.com\\\/noticias\\\/#organization\"},\"potentialAction\":[{\"@type\":\"SearchAction\",\"target\":{\"@type\":\"EntryPoint\",\"urlTemplate\":\"https:\\\/\\\/www.cuballama.com\\\/noticias\\\/?s={search_term_string}\"},\"query-input\":{\"@type\":\"PropertyValueSpecification\",\"valueRequired\":true,\"valueName\":\"search_term_string\"}}],\"inLanguage\":\"es\"},{\"@type\":\"Organization\",\"@id\":\"https:\\\/\\\/www.cuballama.com\\\/noticias\\\/#organization\",\"name\":\"Cuballama\",\"url\":\"https:\\\/\\\/www.cuballama.com\\\/noticias\\\/\",\"logo\":{\"@type\":\"ImageObject\",\"inLanguage\":\"es\",\"@id\":\"https:\\\/\\\/www.cuballama.com\\\/noticias\\\/#\\\/schema\\\/logo\\\/image\\\/\",\"url\":\"https:\\\/\\\/cdn1.mediawpaccore.net\\\/wp-content\\\/uploads\\\/2021\\\/12\\\/28171206\\\/cbll-logo-color-sm.png\",\"contentUrl\":\"https:\\\/\\\/cdn1.mediawpaccore.net\\\/wp-content\\\/uploads\\\/2021\\\/12\\\/28171206\\\/cbll-logo-color-sm.png\",\"width\":600,\"height\":133,\"caption\":\"Cuballama\"},\"image\":{\"@id\":\"https:\\\/\\\/www.cuballama.com\\\/noticias\\\/#\\\/schema\\\/logo\\\/image\\\/\"},\"sameAs\":[\"https:\\\/\\\/www.facebook.com\\\/CubaLlama\",\"https:\\\/\\\/x.com\\\/cuballama\",\"https:\\\/\\\/www.instagram.com\\\/stories\\\/cuballama_oficial\\\/\",\"https:\\\/\\\/www.youtube.com\\\/channel\\\/UCKkFE-d_axENGZcrc4as0IA\"]},{\"@type\":\"Person\",\"@id\":\"https:\\\/\\\/www.cuballama.com\\\/noticias\\\/#\\\/schema\\\/person\\\/5889f7d070564f8386e7944d14d436cd\",\"name\":\"Manu\",\"url\":\"https:\\\/\\\/www.cuballama.com\\\/noticias\\\/author\\\/manu\\\/\"}]}<\/script>\n<!-- \/ Yoast SEO plugin. -->","yoast_head_json":{"title":"Pol\u00edtico italiano no lleg\u00f3 a Roma: se agrav\u00f3 rumbo al aeropuerto y fue operado de urgencia en La Habana - Cuballama Noticias","description":"La anunciada llegada a Roma de ex diputado italiano Alessandro Di Battista, hospitalizado en Cuba, nunca se produjo.","robots":{"index":"index","follow":"follow","max-snippet":"max-snippet:-1","max-image-preview":"max-image-preview:large","max-video-preview":"max-video-preview:-1"},"canonical":"https:\/\/www.cuballama.com\/noticias\/politico-italiano-no-llego-a-roma-se-agravo-rumbo-al-aeropuerto-y-fue-operado-de-urgencia-en-la-habana\/","og_locale":"es_ES","og_type":"article","og_title":"Pol\u00edtico italiano no lleg\u00f3 a Roma: se agrav\u00f3 rumbo al aeropuerto y fue operado de urgencia en La Habana - Cuballama Noticias","og_description":"La anunciada llegada a Roma de ex diputado italiano Alessandro Di Battista, hospitalizado en Cuba, nunca se produjo.","og_url":"https:\/\/www.cuballama.com\/noticias\/politico-italiano-no-llego-a-roma-se-agravo-rumbo-al-aeropuerto-y-fue-operado-de-urgencia-en-la-habana\/","og_site_name":"Cuballama Noticias","article_publisher":"https:\/\/www.facebook.com\/CubaLlama","article_published_time":"2026-09-05T13:51:37+00:00","article_modified_time":"2026-09-05T13:51:46+00:00","og_image":[{"width":1368,"height":868,"url":"https:\/\/cdn1.mediawpaccore.net\/wp-content\/uploads\/2026\/08\/30140054\/Diputado-italiano-hospitalizado-en-Cuba.png","type":"image\/png"}],"author":"Manu","twitter_card":"summary_large_image","twitter_creator":"@cuballama","twitter_site":"@cuballama","twitter_misc":{"Escrito por":"Manu","Tiempo de lectura":"3 minutos"},"schema":{"@context":"https:\/\/schema.org","@graph":[{"@type":"Article","@id":"https:\/\/www.cuballama.com\/noticias\/politico-italiano-no-llego-a-roma-se-agravo-rumbo-al-aeropuerto-y-fue-operado-de-urgencia-en-la-habana\/#article","isPartOf":{"@id":"https:\/\/www.cuballama.com\/noticias\/politico-italiano-no-llego-a-roma-se-agravo-rumbo-al-aeropuerto-y-fue-operado-de-urgencia-en-la-habana\/"},"author":{"name":"Manu","@id":"https:\/\/www.cuballama.com\/noticias\/#\/schema\/person\/5889f7d070564f8386e7944d14d436cd"},"headline":"Pol\u00edtico italiano no lleg\u00f3 a Roma: se agrav\u00f3 rumbo al aeropuerto y fue operado de urgencia en La Habana","datePublished":"2026-09-05T13:51:37+00:00","dateModified":"2026-09-05T13:51:46+00:00","mainEntityOfPage":{"@id":"https:\/\/www.cuballama.com\/noticias\/politico-italiano-no-llego-a-roma-se-agravo-rumbo-al-aeropuerto-y-fue-operado-de-urgencia-en-la-habana\/"},"wordCount":648,"commentCount":0,"publisher":{"@id":"https:\/\/www.cuballama.com\/noticias\/#organization"},"image":{"@id":"https:\/\/www.cuballama.com\/noticias\/politico-italiano-no-llego-a-roma-se-agravo-rumbo-al-aeropuerto-y-fue-operado-de-urgencia-en-la-habana\/#primaryimage"},"thumbnailUrl":"https:\/\/cdn1.mediawpaccore.net\/wp-content\/uploads\/2026\/08\/30140054\/Diputado-italiano-hospitalizado-en-Cuba.png","keywords":["Alessandro Di Battista","Artistas cubanos","Cuba","m\u00e9dicos","M\u00e9dicos Cubanos","Pol\u00edtico italiano","superdestacado"],"articleSection":["Noticias","Noticias de Cuba"],"inLanguage":"es","potentialAction":[{"@type":"CommentAction","name":"Comment","target":["https:\/\/www.cuballama.com\/noticias\/politico-italiano-no-llego-a-roma-se-agravo-rumbo-al-aeropuerto-y-fue-operado-de-urgencia-en-la-habana\/#respond"]}]},{"@type":"WebPage","@id":"https:\/\/www.cuballama.com\/noticias\/politico-italiano-no-llego-a-roma-se-agravo-rumbo-al-aeropuerto-y-fue-operado-de-urgencia-en-la-habana\/","url":"https:\/\/www.cuballama.com\/noticias\/politico-italiano-no-llego-a-roma-se-agravo-rumbo-al-aeropuerto-y-fue-operado-de-urgencia-en-la-habana\/","name":"Pol\u00edtico italiano no lleg\u00f3 a Roma: se agrav\u00f3 rumbo al aeropuerto y fue operado de urgencia en La Habana - Cuballama Noticias","isPartOf":{"@id":"https:\/\/www.cuballama.com\/noticias\/#website"},"primaryImageOfPage":{"@id":"https:\/\/www.cuballama.com\/noticias\/politico-italiano-no-llego-a-roma-se-agravo-rumbo-al-aeropuerto-y-fue-operado-de-urgencia-en-la-habana\/#primaryimage"},"image":{"@id":"https:\/\/www.cuballama.com\/noticias\/politico-italiano-no-llego-a-roma-se-agravo-rumbo-al-aeropuerto-y-fue-operado-de-urgencia-en-la-habana\/#primaryimage"},"thumbnailUrl":"https:\/\/cdn1.mediawpaccore.net\/wp-content\/uploads\/2026\/08\/30140054\/Diputado-italiano-hospitalizado-en-Cuba.png","datePublished":"2026-09-05T13:51:37+00:00","dateModified":"2026-09-05T13:51:46+00:00","description":"La anunciada llegada a Roma de ex diputado italiano Alessandro Di Battista, hospitalizado en Cuba, nunca se produjo.","breadcrumb":{"@id":"https:\/\/www.cuballama.com\/noticias\/politico-italiano-no-llego-a-roma-se-agravo-rumbo-al-aeropuerto-y-fue-operado-de-urgencia-en-la-habana\/#breadcrumb"},"inLanguage":"es","potentialAction":[{"@type":"ReadAction","target":["https:\/\/www.cuballama.com\/noticias\/politico-italiano-no-llego-a-roma-se-agravo-rumbo-al-aeropuerto-y-fue-operado-de-urgencia-en-la-habana\/"]}]},{"@type":"ImageObject","inLanguage":"es","@id":"https:\/\/www.cuballama.com\/noticias\/politico-italiano-no-llego-a-roma-se-agravo-rumbo-al-aeropuerto-y-fue-operado-de-urgencia-en-la-habana\/#primaryimage","url":"https:\/\/cdn1.mediawpaccore.net\/wp-content\/uploads\/2026\/08\/30140054\/Diputado-italiano-hospitalizado-en-Cuba.png","contentUrl":"https:\/\/cdn1.mediawpaccore.net\/wp-content\/uploads\/2026\/08\/30140054\/Diputado-italiano-hospitalizado-en-Cuba.png","width":1368,"height":868,"caption":"Actualizan sobre el estado del exdiputado italiano hospitalizado en Cuba (Foto: Alessandro Di Battista \/ Facebook)"},{"@type":"BreadcrumbList","@id":"https:\/\/www.cuballama.com\/noticias\/politico-italiano-no-llego-a-roma-se-agravo-rumbo-al-aeropuerto-y-fue-operado-de-urgencia-en-la-habana\/#breadcrumb","itemListElement":[{"@type":"ListItem","position":1,"name":"Home","item":"https:\/\/www.cuballama.com\/noticias\/"},{"@type":"ListItem","position":2,"name":"Pol\u00edtico italiano no lleg\u00f3 a Roma: se agrav\u00f3 rumbo al aeropuerto y fue operado de urgencia en La Habana"}]},{"@type":"WebSite","@id":"https:\/\/www.cuballama.com\/noticias\/#website","url":"https:\/\/www.cuballama.com\/noticias\/","name":"Cuballama Noticias","description":"Medio digital sobre Cuba y el mundo","publisher":{"@id":"https:\/\/www.cuballama.com\/noticias\/#organization"},"potentialAction":[{"@type":"SearchAction","target":{"@type":"EntryPoint","urlTemplate":"https:\/\/www.cuballama.com\/noticias\/?s={search_term_string}"},"query-input":{"@type":"PropertyValueSpecification","valueRequired":true,"valueName":"search_term_string"}}],"inLanguage":"es"},{"@type":"Organization","@id":"https:\/\/www.cuballama.com\/noticias\/#organization","name":"Cuballama","url":"https:\/\/www.cuballama.com\/noticias\/","logo":{"@type":"ImageObject","inLanguage":"es","@id":"https:\/\/www.cuballama.com\/noticias\/#\/schema\/logo\/image\/","url":"https:\/\/cdn1.mediawpaccore.net\/wp-content\/uploads\/2021\/12\/28171206\/cbll-logo-color-sm.png","contentUrl":"https:\/\/cdn1.mediawpaccore.net\/wp-content\/uploads\/2021\/12\/28171206\/cbll-logo-color-sm.png","width":600,"height":133,"caption":"Cuballama"},"image":{"@id":"https:\/\/www.cuballama.com\/noticias\/#\/schema\/logo\/image\/"},"sameAs":["https:\/\/www.facebook.com\/CubaLlama","https:\/\/x.com\/cuballama","https:\/\/www.instagram.com\/stories\/cuballama_oficial\/","https:\/\/www.youtube.com\/channel\/UCKkFE-d_axENGZcrc4as0IA"]},{"@type":"Person","@id":"https:\/\/www.cuballama.com\/noticias\/#\/schema\/person\/5889f7d070564f8386e7944d14d436cd","name":"Manu","url":"https:\/\/www.cuballama.com\/noticias\/author\/manu\/"}]}},"_links":{"self":[{"href":"https:\/\/www.cuballama.com\/noticias\/wp-json\/wp\/v2\/posts\/256175","targetHints":{"allow":["GET"]}}],"collection":[{"href":"https:\/\/www.cuballama.com\/noticias\/wp-json\/wp\/v2\/posts"}],"about":[{"href":"https:\/\/www.cuballama.com\/noticias\/wp-json\/wp\/v2\/types\/post"}],"author":[{"embeddable":true,"href":"https:\/\/www.cuballama.com\/noticias\/wp-json\/wp\/v2\/users\/24"}],"replies":[{"embeddable":true,"href":"https:\/\/www.cuballama.com\/noticias\/wp-json\/wp\/v2\/comments?post=256175"}],"version-history":[{"count":1,"href":"https:\/\/www.cuballama.com\/noticias\/wp-json\/wp\/v2\/posts\/256175\/revisions"}],"predecessor-version":[{"id":256179,"href":"https:\/\/www.cuballama.com\/noticias\/wp-json\/wp\/v2\/posts\/256175\/revisions\/256179"}],"wp:featuredmedia":[{"embeddable":true,"href":"https:\/\/www.cuballama.com\/noticias\/wp-json\/wp\/v2\/media\/255484"}],"wp:attachment":[{"href":"https:\/\/www.cuballama.com\/noticias\/wp-json\/wp\/v2\/media?parent=256175"}],"wp:term":[{"taxonomy":"category","embeddable":true,"href":"https:\/\/www.cuballama.com\/noticias\/wp-json\/wp\/v2\/categories?post=256175"},{"taxonomy":"post_tag","embeddable":true,"href":"https:\/\/www.cuballama.com\/noticias\/wp-json\/wp\/v2\/tags?post=256175"}],"curies":[{"name":"wp","href":"https:\/\/api.w.org\/{rel}","templated":true}]}}