{"id":256160,"date":"2026-09-05T07:30:42","date_gmt":"2026-09-05T11:30:42","guid":{"rendered":"https:\/\/www.cuballama.com\/noticias\/?p=256160"},"modified":"2026-09-05T07:30:45","modified_gmt":"2026-09-05T11:30:45","slug":"washington-propone-combustible-a-cuba-a-cambio-de-privatizar-el-sector-electrico","status":"publish","type":"post","link":"https:\/\/www.cuballama.com\/noticias\/washington-propone-combustible-a-cuba-a-cambio-de-privatizar-el-sector-electrico\/","title":{"rendered":"Washington propone combustible a Cuba a cambio de privatizar el sector el\u00e9ctrico"},"content":{"rendered":"\n<p class=\"wp-block-paragraph\">En medio de la peor crisis el\u00e9ctrica de las \u00faltimas d\u00e9cadas en la Isla, el Departamento de Estado de Estados Unidos desminti\u00f3 la paralizaci\u00f3n de los di\u00e1logos bilaterales y revel\u00f3 una propuesta directa al Gobierno cubano: suministrar combustible y ayuda humanitaria a cambio de abrir el sector energ\u00e9tico a la gesti\u00f3n privada.<\/p>\n\n\n\n<p class=\"wp-block-paragraph\">Un portavoz estadounidense declar\u00f3 a <a href=\"https:\/\/www.martinoticias.com\/a\/eeuu-desmiente-a-cuba-el-di\u00e1logo-sigue-y-acusa-al-r\u00e9gimen-de-bloquear-acuerdos\/476878.html\">Mart\u00ed Noticias<\/a> que \u00abLa Administraci\u00f3n Trump ha ofrecido al r\u00e9gimen opciones claras para recibir asistencia humanitaria, distribuida mediante canales apropiados, y combustible si privatiza la industria energ\u00e9tica. Pero, lamentablemente, contin\u00faa priorizando el control estatal sobre el bienestar del pueblo cubano\u00bb. Asimismo, el funcionario advirti\u00f3 que el Ejecutivo estadounidense dispone de diversas alternativas para \u00abimpulsar las reformas econ\u00f3micas y pol\u00edticas que permitan a Cuba tener un futuro mejor\u00bb.<\/p>\n\n\n\n<p class=\"wp-block-paragraph\">Estas declaraciones refutan directamente lo expuesto por Lianys Torres Rivera, jefa de la misi\u00f3n diplom\u00e1tica cubana en Washington, quien en una reciente entrevista a Bloomberg catalog\u00f3 el canal de negociaci\u00f3n como \u00abcompletamente estancado\u00bb. El vocero estadounidense tach\u00f3 la versi\u00f3n oficialista de \u00abpropaganda\u00bb y aclar\u00f3 el panorama: \u00abLas conversaciones contin\u00faan y, hasta ahora, el r\u00e9gimen no ha estado dispuesto a aceptar nada que pueda ayudar al pueblo cubano y que, en \u00faltima instancia, amenace su control total\u00bb.<\/p>\n\n\n\n<p class=\"wp-block-paragraph\">Esta tensi\u00f3n diplom\u00e1tica transcurre mientras la poblaci\u00f3n cubana padece apagones diarios que a menudo superan las 24 horas. El sistema el\u00e9ctrico nacional ha sufrido siete colapsos totales a lo largo de este 2026, el \u00faltimo registrado el 3 de agosto, adem\u00e1s de un d\u00e9ficit hist\u00f3rico de 2.341 MW reportado el 8 de julio. Aunque el propio ministro de Energ\u00eda y Minas, Vicente de la O Levy, admiti\u00f3 en mayo que el pa\u00eds \u00abno tiene absolutamente nada de fuel, de di\u00e9sel\u00bb \u2014dependiendo apenas de un buque ruso que lleg\u00f3 en marzo con reservas para unos 15 d\u00edas\u2014, La Habana insiste en que el colapso es un \u00abcastigo colectivo\u00bb y una \u00abguerra sin bombas\u00bb provocada por las sanciones.<\/p>\n\n\n\n<p class=\"wp-block-paragraph\">Washington rechaz\u00f3 tajantemente esa justificaci\u00f3n culpando a <strong><a href=\"https:\/\/www.cuballama.com\/noticias\/cuba-recorta-otra-vez-su-serie-nacional-44-juegos-por-equipo-y-menos-viajes-para-ahorrar-combustible\/\" target=\"_blank\" rel=\"noreferrer noopener\">la mala gesti\u00f3n estatal<\/a><\/strong>. \u00abLa crisis energ\u00e9tica es el resultado directo de la incompetencia del r\u00e9gimen cubano\u00bb, sentenci\u00f3 el portavoz de la Casa Blanca, a\u00f1adiendo que \u00ablos cubanos de a pie han soportado apagones durante a\u00f1os, mientras el r\u00e9gimen ileg\u00edtimo se concentraba en almacenar combustible para sus \u00e9lites y revenderlo en Asia para obtener ganancias en efectivo\u00bb. Para cerrar, el Departamento de Estado lanz\u00f3 una dura acusaci\u00f3n de corrupci\u00f3n contra la c\u00fapula comunista, asegurando que sus l\u00edderes \u00abEsconden miles de millones en cuentas bancarias en el extranjero en vez de invertir en electricidad, infraestructura, mantenimiento responsable\u00bb.<\/p>\n","protected":false},"excerpt":{"rendered":"<p>El Departamento de Estado revel\u00f3 una oferta de combustible y ayuda humanitaria para Cuba a cambio de privatizar la industria energ\u00e9tica.<\/p>\n","protected":false},"author":29,"featured_media":245587,"comment_status":"open","ping_status":"closed","sticky":false,"template":"","format":"standard","meta":{"_acf_changed":false,"footnotes":""},"categories":[18,955],"tags":[5404,11225,13421,2488,15453,10376,11766,37899,20885],"class_list":["post-256160","post","type-post","status-publish","format-standard","has-post-thumbnail","category-noticias","category-noticias-de-cuba","tag-administracion-trump","tag-apagones-en-cuba","tag-crisis-energetica-en-cuba","tag-departamento-de-estado","tag-lianys-torres-rivera","tag-noticias-de-cuba","tag-politica-cubana","tag-relaciones-ee-uu-cuba-2","tag-vicente-de-la-o-levy"],"acf":[],"yoast_head":"<!-- This site is optimized with the Yoast SEO plugin v28.3 - https:\/\/yoast.com\/product\/yoast-seo-wordpress\/ -->\n<title>Washington propone combustible a Cuba a cambio de privatizar el sector el\u00e9ctrico - Cuballama Noticias<\/title>\n<meta name=\"description\" content=\"El Departamento de Estado revel\u00f3 una oferta de combustible y ayuda humanitaria para Cuba a cambio de privatizar la industria energ\u00e9tica.\" \/>\n<meta name=\"robots\" content=\"index, follow, max-snippet:-1, max-image-preview:large, max-video-preview:-1\" \/>\n<link rel=\"canonical\" href=\"https:\/\/www.cuballama.com\/noticias\/washington-propone-combustible-a-cuba-a-cambio-de-privatizar-el-sector-electrico\/\" \/>\n<meta property=\"og:locale\" content=\"es_ES\" \/>\n<meta property=\"og:type\" content=\"article\" \/>\n<meta property=\"og:title\" content=\"Washington propone combustible a Cuba a cambio de privatizar el sector el\u00e9ctrico - Cuballama Noticias\" \/>\n<meta property=\"og:description\" content=\"El Departamento de Estado revel\u00f3 una oferta de combustible y ayuda humanitaria para Cuba a cambio de privatizar la industria energ\u00e9tica.\" \/>\n<meta property=\"og:url\" content=\"https:\/\/www.cuballama.com\/noticias\/washington-propone-combustible-a-cuba-a-cambio-de-privatizar-el-sector-electrico\/\" \/>\n<meta property=\"og:site_name\" content=\"Cuballama Noticias\" \/>\n<meta property=\"article:publisher\" content=\"https:\/\/www.facebook.com\/CubaLlama\" \/>\n<meta property=\"article:published_time\" content=\"2026-09-05T11:30:42+00:00\" \/>\n<meta property=\"article:modified_time\" content=\"2026-09-05T11:30:45+00:00\" \/>\n<meta property=\"og:image\" content=\"https:\/\/cdn1.mediawpaccore.net\/wp-content\/uploads\/2026\/05\/23185829\/image_da9a60.jpg\" \/>\n\t<meta property=\"og:image:width\" content=\"1200\" \/>\n\t<meta property=\"og:image:height\" content=\"630\" \/>\n\t<meta property=\"og:image:type\" content=\"image\/jpeg\" \/>\n<meta name=\"author\" content=\"Sof\u00eda Reyes\" \/>\n<meta name=\"twitter:card\" content=\"summary_large_image\" \/>\n<meta name=\"twitter:creator\" content=\"@cuballama\" \/>\n<meta name=\"twitter:site\" content=\"@cuballama\" \/>\n<meta name=\"twitter:label1\" content=\"Escrito por\" \/>\n\t<meta name=\"twitter:data1\" content=\"Sof\u00eda Reyes\" \/>\n\t<meta name=\"twitter:label2\" content=\"Tiempo de lectura\" \/>\n\t<meta name=\"twitter:data2\" content=\"2 minutos\" \/>\n<script type=\"application\/ld+json\" class=\"yoast-schema-graph\">{\"@context\":\"https:\\\/\\\/schema.org\",\"@graph\":[{\"@type\":\"Article\",\"@id\":\"https:\\\/\\\/www.cuballama.com\\\/noticias\\\/washington-propone-combustible-a-cuba-a-cambio-de-privatizar-el-sector-electrico\\\/#article\",\"isPartOf\":{\"@id\":\"https:\\\/\\\/www.cuballama.com\\\/noticias\\\/washington-propone-combustible-a-cuba-a-cambio-de-privatizar-el-sector-electrico\\\/\"},\"author\":{\"name\":\"Sof\u00eda Reyes\",\"@id\":\"https:\\\/\\\/www.cuballama.com\\\/noticias\\\/#\\\/schema\\\/person\\\/5cba2b8cc25a3159e49fe730a94d512e\"},\"headline\":\"Washington propone combustible a Cuba a cambio de privatizar el sector el\u00e9ctrico\",\"datePublished\":\"2026-09-05T11:30:42+00:00\",\"dateModified\":\"2026-09-05T11:30:45+00:00\",\"mainEntityOfPage\":{\"@id\":\"https:\\\/\\\/www.cuballama.com\\\/noticias\\\/washington-propone-combustible-a-cuba-a-cambio-de-privatizar-el-sector-electrico\\\/\"},\"wordCount\":467,\"commentCount\":0,\"publisher\":{\"@id\":\"https:\\\/\\\/www.cuballama.com\\\/noticias\\\/#organization\"},\"image\":{\"@id\":\"https:\\\/\\\/www.cuballama.com\\\/noticias\\\/washington-propone-combustible-a-cuba-a-cambio-de-privatizar-el-sector-electrico\\\/#primaryimage\"},\"thumbnailUrl\":\"https:\\\/\\\/cdn1.mediawpaccore.net\\\/wp-content\\\/uploads\\\/2026\\\/05\\\/23185829\\\/image_da9a60.jpg\",\"keywords\":[\"administraci\u00f3n Trump\",\"apagones en Cuba\",\"crisis energ\u00e9tica en Cuba\",\"Departamento de Estado\",\"Lianys Torres Rivera\",\"Noticias de Cuba\",\"pol\u00edtica cubana\",\"Relaciones EE. UU. Cuba\",\"Vicente de la O Levy\"],\"articleSection\":[\"Noticias\",\"Noticias de Cuba\"],\"inLanguage\":\"es\",\"potentialAction\":[{\"@type\":\"CommentAction\",\"name\":\"Comment\",\"target\":[\"https:\\\/\\\/www.cuballama.com\\\/noticias\\\/washington-propone-combustible-a-cuba-a-cambio-de-privatizar-el-sector-electrico\\\/#respond\"]}]},{\"@type\":\"WebPage\",\"@id\":\"https:\\\/\\\/www.cuballama.com\\\/noticias\\\/washington-propone-combustible-a-cuba-a-cambio-de-privatizar-el-sector-electrico\\\/\",\"url\":\"https:\\\/\\\/www.cuballama.com\\\/noticias\\\/washington-propone-combustible-a-cuba-a-cambio-de-privatizar-el-sector-electrico\\\/\",\"name\":\"Washington propone combustible a Cuba a cambio de privatizar el sector el\u00e9ctrico - Cuballama Noticias\",\"isPartOf\":{\"@id\":\"https:\\\/\\\/www.cuballama.com\\\/noticias\\\/#website\"},\"primaryImageOfPage\":{\"@id\":\"https:\\\/\\\/www.cuballama.com\\\/noticias\\\/washington-propone-combustible-a-cuba-a-cambio-de-privatizar-el-sector-electrico\\\/#primaryimage\"},\"image\":{\"@id\":\"https:\\\/\\\/www.cuballama.com\\\/noticias\\\/washington-propone-combustible-a-cuba-a-cambio-de-privatizar-el-sector-electrico\\\/#primaryimage\"},\"thumbnailUrl\":\"https:\\\/\\\/cdn1.mediawpaccore.net\\\/wp-content\\\/uploads\\\/2026\\\/05\\\/23185829\\\/image_da9a60.jpg\",\"datePublished\":\"2026-09-05T11:30:42+00:00\",\"dateModified\":\"2026-09-05T11:30:45+00:00\",\"description\":\"El Departamento de Estado revel\u00f3 una oferta de combustible y ayuda humanitaria para Cuba a cambio de privatizar la industria energ\u00e9tica.\",\"breadcrumb\":{\"@id\":\"https:\\\/\\\/www.cuballama.com\\\/noticias\\\/washington-propone-combustible-a-cuba-a-cambio-de-privatizar-el-sector-electrico\\\/#breadcrumb\"},\"inLanguage\":\"es\",\"potentialAction\":[{\"@type\":\"ReadAction\",\"target\":[\"https:\\\/\\\/www.cuballama.com\\\/noticias\\\/washington-propone-combustible-a-cuba-a-cambio-de-privatizar-el-sector-electrico\\\/\"]}]},{\"@type\":\"ImageObject\",\"inLanguage\":\"es\",\"@id\":\"https:\\\/\\\/www.cuballama.com\\\/noticias\\\/washington-propone-combustible-a-cuba-a-cambio-de-privatizar-el-sector-electrico\\\/#primaryimage\",\"url\":\"https:\\\/\\\/cdn1.mediawpaccore.net\\\/wp-content\\\/uploads\\\/2026\\\/05\\\/23185829\\\/image_da9a60.jpg\",\"contentUrl\":\"https:\\\/\\\/cdn1.mediawpaccore.net\\\/wp-content\\\/uploads\\\/2026\\\/05\\\/23185829\\\/image_da9a60.jpg\",\"width\":1200,\"height\":630,\"caption\":\"La Casa Blanca el 23 de mayo de 2026. Foto: Telemundo 51.\"},{\"@type\":\"BreadcrumbList\",\"@id\":\"https:\\\/\\\/www.cuballama.com\\\/noticias\\\/washington-propone-combustible-a-cuba-a-cambio-de-privatizar-el-sector-electrico\\\/#breadcrumb\",\"itemListElement\":[{\"@type\":\"ListItem\",\"position\":1,\"name\":\"Home\",\"item\":\"https:\\\/\\\/www.cuballama.com\\\/noticias\\\/\"},{\"@type\":\"ListItem\",\"position\":2,\"name\":\"Washington propone combustible a Cuba a cambio de privatizar el sector el\u00e9ctrico\"}]},{\"@type\":\"WebSite\",\"@id\":\"https:\\\/\\\/www.cuballama.com\\\/noticias\\\/#website\",\"url\":\"https:\\\/\\\/www.cuballama.com\\\/noticias\\\/\",\"name\":\"Cuballama Noticias\",\"description\":\"Medio digital sobre Cuba y el mundo\",\"publisher\":{\"@id\":\"https:\\\/\\\/www.cuballama.com\\\/noticias\\\/#organization\"},\"potentialAction\":[{\"@type\":\"SearchAction\",\"target\":{\"@type\":\"EntryPoint\",\"urlTemplate\":\"https:\\\/\\\/www.cuballama.com\\\/noticias\\\/?s={search_term_string}\"},\"query-input\":{\"@type\":\"PropertyValueSpecification\",\"valueRequired\":true,\"valueName\":\"search_term_string\"}}],\"inLanguage\":\"es\"},{\"@type\":\"Organization\",\"@id\":\"https:\\\/\\\/www.cuballama.com\\\/noticias\\\/#organization\",\"name\":\"Cuballama\",\"url\":\"https:\\\/\\\/www.cuballama.com\\\/noticias\\\/\",\"logo\":{\"@type\":\"ImageObject\",\"inLanguage\":\"es\",\"@id\":\"https:\\\/\\\/www.cuballama.com\\\/noticias\\\/#\\\/schema\\\/logo\\\/image\\\/\",\"url\":\"https:\\\/\\\/cdn1.mediawpaccore.net\\\/wp-content\\\/uploads\\\/2021\\\/12\\\/28171206\\\/cbll-logo-color-sm.png\",\"contentUrl\":\"https:\\\/\\\/cdn1.mediawpaccore.net\\\/wp-content\\\/uploads\\\/2021\\\/12\\\/28171206\\\/cbll-logo-color-sm.png\",\"width\":600,\"height\":133,\"caption\":\"Cuballama\"},\"image\":{\"@id\":\"https:\\\/\\\/www.cuballama.com\\\/noticias\\\/#\\\/schema\\\/logo\\\/image\\\/\"},\"sameAs\":[\"https:\\\/\\\/www.facebook.com\\\/CubaLlama\",\"https:\\\/\\\/x.com\\\/cuballama\",\"https:\\\/\\\/www.instagram.com\\\/stories\\\/cuballama_oficial\\\/\",\"https:\\\/\\\/www.youtube.com\\\/channel\\\/UCKkFE-d_axENGZcrc4as0IA\"]},{\"@type\":\"Person\",\"@id\":\"https:\\\/\\\/www.cuballama.com\\\/noticias\\\/#\\\/schema\\\/person\\\/5cba2b8cc25a3159e49fe730a94d512e\",\"name\":\"Sof\u00eda Reyes\",\"url\":\"https:\\\/\\\/www.cuballama.com\\\/noticias\\\/author\\\/laura\\\/\"}]}<\/script>\n<!-- \/ Yoast SEO plugin. -->","yoast_head_json":{"title":"Washington propone combustible a Cuba a cambio de privatizar el sector el\u00e9ctrico - Cuballama Noticias","description":"El Departamento de Estado revel\u00f3 una oferta de combustible y ayuda humanitaria para Cuba a cambio de privatizar la industria energ\u00e9tica.","robots":{"index":"index","follow":"follow","max-snippet":"max-snippet:-1","max-image-preview":"max-image-preview:large","max-video-preview":"max-video-preview:-1"},"canonical":"https:\/\/www.cuballama.com\/noticias\/washington-propone-combustible-a-cuba-a-cambio-de-privatizar-el-sector-electrico\/","og_locale":"es_ES","og_type":"article","og_title":"Washington propone combustible a Cuba a cambio de privatizar el sector el\u00e9ctrico - Cuballama Noticias","og_description":"El Departamento de Estado revel\u00f3 una oferta de combustible y ayuda humanitaria para Cuba a cambio de privatizar la industria energ\u00e9tica.","og_url":"https:\/\/www.cuballama.com\/noticias\/washington-propone-combustible-a-cuba-a-cambio-de-privatizar-el-sector-electrico\/","og_site_name":"Cuballama Noticias","article_publisher":"https:\/\/www.facebook.com\/CubaLlama","article_published_time":"2026-09-05T11:30:42+00:00","article_modified_time":"2026-09-05T11:30:45+00:00","og_image":[{"width":1200,"height":630,"url":"https:\/\/cdn1.mediawpaccore.net\/wp-content\/uploads\/2026\/05\/23185829\/image_da9a60.jpg","type":"image\/jpeg"}],"author":"Sof\u00eda Reyes","twitter_card":"summary_large_image","twitter_creator":"@cuballama","twitter_site":"@cuballama","twitter_misc":{"Escrito por":"Sof\u00eda Reyes","Tiempo de lectura":"2 minutos"},"schema":{"@context":"https:\/\/schema.org","@graph":[{"@type":"Article","@id":"https:\/\/www.cuballama.com\/noticias\/washington-propone-combustible-a-cuba-a-cambio-de-privatizar-el-sector-electrico\/#article","isPartOf":{"@id":"https:\/\/www.cuballama.com\/noticias\/washington-propone-combustible-a-cuba-a-cambio-de-privatizar-el-sector-electrico\/"},"author":{"name":"Sof\u00eda Reyes","@id":"https:\/\/www.cuballama.com\/noticias\/#\/schema\/person\/5cba2b8cc25a3159e49fe730a94d512e"},"headline":"Washington propone combustible a Cuba a cambio de privatizar el sector el\u00e9ctrico","datePublished":"2026-09-05T11:30:42+00:00","dateModified":"2026-09-05T11:30:45+00:00","mainEntityOfPage":{"@id":"https:\/\/www.cuballama.com\/noticias\/washington-propone-combustible-a-cuba-a-cambio-de-privatizar-el-sector-electrico\/"},"wordCount":467,"commentCount":0,"publisher":{"@id":"https:\/\/www.cuballama.com\/noticias\/#organization"},"image":{"@id":"https:\/\/www.cuballama.com\/noticias\/washington-propone-combustible-a-cuba-a-cambio-de-privatizar-el-sector-electrico\/#primaryimage"},"thumbnailUrl":"https:\/\/cdn1.mediawpaccore.net\/wp-content\/uploads\/2026\/05\/23185829\/image_da9a60.jpg","keywords":["administraci\u00f3n Trump","apagones en Cuba","crisis energ\u00e9tica en Cuba","Departamento de Estado","Lianys Torres Rivera","Noticias de Cuba","pol\u00edtica cubana","Relaciones EE. UU. Cuba","Vicente de la O Levy"],"articleSection":["Noticias","Noticias de Cuba"],"inLanguage":"es","potentialAction":[{"@type":"CommentAction","name":"Comment","target":["https:\/\/www.cuballama.com\/noticias\/washington-propone-combustible-a-cuba-a-cambio-de-privatizar-el-sector-electrico\/#respond"]}]},{"@type":"WebPage","@id":"https:\/\/www.cuballama.com\/noticias\/washington-propone-combustible-a-cuba-a-cambio-de-privatizar-el-sector-electrico\/","url":"https:\/\/www.cuballama.com\/noticias\/washington-propone-combustible-a-cuba-a-cambio-de-privatizar-el-sector-electrico\/","name":"Washington propone combustible a Cuba a cambio de privatizar el sector el\u00e9ctrico - Cuballama Noticias","isPartOf":{"@id":"https:\/\/www.cuballama.com\/noticias\/#website"},"primaryImageOfPage":{"@id":"https:\/\/www.cuballama.com\/noticias\/washington-propone-combustible-a-cuba-a-cambio-de-privatizar-el-sector-electrico\/#primaryimage"},"image":{"@id":"https:\/\/www.cuballama.com\/noticias\/washington-propone-combustible-a-cuba-a-cambio-de-privatizar-el-sector-electrico\/#primaryimage"},"thumbnailUrl":"https:\/\/cdn1.mediawpaccore.net\/wp-content\/uploads\/2026\/05\/23185829\/image_da9a60.jpg","datePublished":"2026-09-05T11:30:42+00:00","dateModified":"2026-09-05T11:30:45+00:00","description":"El Departamento de Estado revel\u00f3 una oferta de combustible y ayuda humanitaria para Cuba a cambio de privatizar la industria energ\u00e9tica.","breadcrumb":{"@id":"https:\/\/www.cuballama.com\/noticias\/washington-propone-combustible-a-cuba-a-cambio-de-privatizar-el-sector-electrico\/#breadcrumb"},"inLanguage":"es","potentialAction":[{"@type":"ReadAction","target":["https:\/\/www.cuballama.com\/noticias\/washington-propone-combustible-a-cuba-a-cambio-de-privatizar-el-sector-electrico\/"]}]},{"@type":"ImageObject","inLanguage":"es","@id":"https:\/\/www.cuballama.com\/noticias\/washington-propone-combustible-a-cuba-a-cambio-de-privatizar-el-sector-electrico\/#primaryimage","url":"https:\/\/cdn1.mediawpaccore.net\/wp-content\/uploads\/2026\/05\/23185829\/image_da9a60.jpg","contentUrl":"https:\/\/cdn1.mediawpaccore.net\/wp-content\/uploads\/2026\/05\/23185829\/image_da9a60.jpg","width":1200,"height":630,"caption":"La Casa Blanca el 23 de mayo de 2026. Foto: Telemundo 51."},{"@type":"BreadcrumbList","@id":"https:\/\/www.cuballama.com\/noticias\/washington-propone-combustible-a-cuba-a-cambio-de-privatizar-el-sector-electrico\/#breadcrumb","itemListElement":[{"@type":"ListItem","position":1,"name":"Home","item":"https:\/\/www.cuballama.com\/noticias\/"},{"@type":"ListItem","position":2,"name":"Washington propone combustible a Cuba a cambio de privatizar el sector el\u00e9ctrico"}]},{"@type":"WebSite","@id":"https:\/\/www.cuballama.com\/noticias\/#website","url":"https:\/\/www.cuballama.com\/noticias\/","name":"Cuballama Noticias","description":"Medio digital sobre Cuba y el mundo","publisher":{"@id":"https:\/\/www.cuballama.com\/noticias\/#organization"},"potentialAction":[{"@type":"SearchAction","target":{"@type":"EntryPoint","urlTemplate":"https:\/\/www.cuballama.com\/noticias\/?s={search_term_string}"},"query-input":{"@type":"PropertyValueSpecification","valueRequired":true,"valueName":"search_term_string"}}],"inLanguage":"es"},{"@type":"Organization","@id":"https:\/\/www.cuballama.com\/noticias\/#organization","name":"Cuballama","url":"https:\/\/www.cuballama.com\/noticias\/","logo":{"@type":"ImageObject","inLanguage":"es","@id":"https:\/\/www.cuballama.com\/noticias\/#\/schema\/logo\/image\/","url":"https:\/\/cdn1.mediawpaccore.net\/wp-content\/uploads\/2021\/12\/28171206\/cbll-logo-color-sm.png","contentUrl":"https:\/\/cdn1.mediawpaccore.net\/wp-content\/uploads\/2021\/12\/28171206\/cbll-logo-color-sm.png","width":600,"height":133,"caption":"Cuballama"},"image":{"@id":"https:\/\/www.cuballama.com\/noticias\/#\/schema\/logo\/image\/"},"sameAs":["https:\/\/www.facebook.com\/CubaLlama","https:\/\/x.com\/cuballama","https:\/\/www.instagram.com\/stories\/cuballama_oficial\/","https:\/\/www.youtube.com\/channel\/UCKkFE-d_axENGZcrc4as0IA"]},{"@type":"Person","@id":"https:\/\/www.cuballama.com\/noticias\/#\/schema\/person\/5cba2b8cc25a3159e49fe730a94d512e","name":"Sof\u00eda Reyes","url":"https:\/\/www.cuballama.com\/noticias\/author\/laura\/"}]}},"_links":{"self":[{"href":"https:\/\/www.cuballama.com\/noticias\/wp-json\/wp\/v2\/posts\/256160","targetHints":{"allow":["GET"]}}],"collection":[{"href":"https:\/\/www.cuballama.com\/noticias\/wp-json\/wp\/v2\/posts"}],"about":[{"href":"https:\/\/www.cuballama.com\/noticias\/wp-json\/wp\/v2\/types\/post"}],"author":[{"embeddable":true,"href":"https:\/\/www.cuballama.com\/noticias\/wp-json\/wp\/v2\/users\/29"}],"replies":[{"embeddable":true,"href":"https:\/\/www.cuballama.com\/noticias\/wp-json\/wp\/v2\/comments?post=256160"}],"version-history":[{"count":3,"href":"https:\/\/www.cuballama.com\/noticias\/wp-json\/wp\/v2\/posts\/256160\/revisions"}],"predecessor-version":[{"id":256172,"href":"https:\/\/www.cuballama.com\/noticias\/wp-json\/wp\/v2\/posts\/256160\/revisions\/256172"}],"wp:featuredmedia":[{"embeddable":true,"href":"https:\/\/www.cuballama.com\/noticias\/wp-json\/wp\/v2\/media\/245587"}],"wp:attachment":[{"href":"https:\/\/www.cuballama.com\/noticias\/wp-json\/wp\/v2\/media?parent=256160"}],"wp:term":[{"taxonomy":"category","embeddable":true,"href":"https:\/\/www.cuballama.com\/noticias\/wp-json\/wp\/v2\/categories?post=256160"},{"taxonomy":"post_tag","embeddable":true,"href":"https:\/\/www.cuballama.com\/noticias\/wp-json\/wp\/v2\/tags?post=256160"}],"curies":[{"name":"wp","href":"https:\/\/api.w.org\/{rel}","templated":true}]}}