{"id":256146,"date":"2026-09-04T14:57:45","date_gmt":"2026-09-04T18:57:45","guid":{"rendered":"https:\/\/www.cuballama.com\/noticias\/?p=256146"},"modified":"2026-09-04T15:10:45","modified_gmt":"2026-09-04T19:10:45","slug":"de-cuento-de-hadas-mia-hija-de-bebeshito-y-rachel-arderi-celebra-sus-dos-anitos-vestida-de-la-sirenita","status":"publish","type":"post","link":"https:\/\/www.cuballama.com\/noticias\/de-cuento-de-hadas-mia-hija-de-bebeshito-y-rachel-arderi-celebra-sus-dos-anitos-vestida-de-la-sirenita\/","title":{"rendered":"\u00a1De cuento de hadas! M\u00eda, hija de Bebeshito y Rachel Arderi, celebra sus dos a\u00f1itos vestida de La Sirenita"},"content":{"rendered":"\n<p class=\"wp-block-paragraph\">La peque\u00f1a M\u00eda, hija del popular cantante urbano Oniel Bebeshito y la influencer cubana Rachel Arderi, cumpli\u00f3 su segundo a\u00f1o de vida convertida nuevamente en toda una princesa de Disney. Como antesala a su cumplea\u00f1os, las redes sociales se derritieron con una espectacular sesi\u00f3n fotogr\u00e1fica donde la ni\u00f1a deslumbr\u00f3 caracterizada exactamente como Ariel, el ic\u00f3nico personaje de La Sirenita.<\/p>\n\n\n\n<p class=\"wp-block-paragraph\">Las m\u00e1gicas postales, compartidas a trav\u00e9s de su perfil oficial de Instagram (@mia_bebeshita), muestran a la homenajeada luciendo una larga cabellera roja, un top de lentejuelas moradas y una deslumbrante cola de sirena verde tornasol. La producci\u00f3n fotogr\u00e1fica tuvo como tel\u00f3n de fondo una playa de arena blanca al atardecer y palmeras tropicales. El escenario fue meticulosamente decorado con una concha gigante inflable a modo de trono, figuras de cart\u00f3n del pez Flounder, mu\u00f1ecas de Ariel, estrellas de mar turquesas, perlas y un reluciente n\u00famero dos dorado.<\/p>\n\n\n\n<blockquote class=\"instagram-media\" data-instgrm-captioned data-instgrm-permalink=\"https:\/\/www.instagram.com\/p\/Dc1yIFFoJiL\/?utm_source=ig_embed&amp;utm_campaign=loading\" data-instgrm-version=\"14\" style=\" background:#FFF; border:0; border-radius:3px; box-shadow:0 0 1px 0 rgba(0,0,0,0.5),0 1px 10px 0 rgba(0,0,0,0.15); margin: 1px; max-width:540px; min-width:326px; padding:0; width:99.375%; width:-webkit-calc(100% - 2px); width:calc(100% - 2px);\"><div style=\"padding:16px;\"> <a href=\"https:\/\/www.instagram.com\/p\/Dc1yIFFoJiL\/?utm_source=ig_embed&amp;utm_campaign=loading\" style=\" background:#FFFFFF; line-height:0; padding:0 0; text-align:center; text-decoration:none; width:100%;\" target=\"_blank\"> <div style=\" display: flex; flex-direction: row; align-items: center;\"> <div style=\"background-color: #F4F4F4; border-radius: 50%; flex-grow: 0; height: 40px; margin-right: 14px; width: 40px;\"><\/div> <div style=\"display: flex; flex-direction: column; flex-grow: 1; justify-content: center;\"> <div style=\" background-color: #F4F4F4; border-radius: 4px; flex-grow: 0; height: 14px; margin-bottom: 6px; width: 100px;\"><\/div> <div style=\" background-color: #F4F4F4; border-radius: 4px; flex-grow: 0; height: 14px; width: 60px;\"><\/div><\/div><\/div><div style=\"padding: 19% 0;\"><\/div> <div style=\"display:block; height:50px; margin:0 auto 12px; width:50px;\"><svg width=\"50px\" height=\"50px\" viewBox=\"0 0 60 60\" version=\"1.1\" xmlns=\"https:\/\/www.w3.org\/2000\/svg\" xmlns:xlink=\"https:\/\/www.w3.org\/1999\/xlink\"><g stroke=\"none\" stroke-width=\"1\" fill=\"none\" fill-rule=\"evenodd\"><g transform=\"translate(-511.000000, -20.000000)\" fill=\"#000000\"><g><path d=\"M556.869,30.41 C554.814,30.41 553.148,32.076 553.148,34.131 C553.148,36.186 554.814,37.852 556.869,37.852 C558.924,37.852 560.59,36.186 560.59,34.131 C560.59,32.076 558.924,30.41 556.869,30.41 M541,60.657 C535.114,60.657 530.342,55.887 530.342,50 C530.342,44.114 535.114,39.342 541,39.342 C546.887,39.342 551.658,44.114 551.658,50 C551.658,55.887 546.887,60.657 541,60.657 M541,33.886 C532.1,33.886 524.886,41.1 524.886,50 C524.886,58.899 532.1,66.113 541,66.113 C549.9,66.113 557.115,58.899 557.115,50 C557.115,41.1 549.9,33.886 541,33.886 M565.378,62.101 C565.244,65.022 564.756,66.606 564.346,67.663 C563.803,69.06 563.154,70.057 562.106,71.106 C561.058,72.155 560.06,72.803 558.662,73.347 C557.607,73.757 556.021,74.244 553.102,74.378 C549.944,74.521 548.997,74.552 541,74.552 C533.003,74.552 532.056,74.521 528.898,74.378 C525.979,74.244 524.393,73.757 523.338,73.347 C521.94,72.803 520.942,72.155 519.894,71.106 C518.846,70.057 518.197,69.06 517.654,67.663 C517.244,66.606 516.755,65.022 516.623,62.101 C516.479,58.943 516.448,57.996 516.448,50 C516.448,42.003 516.479,41.056 516.623,37.899 C516.755,34.978 517.244,33.391 517.654,32.338 C518.197,30.938 518.846,29.942 519.894,28.894 C520.942,27.846 521.94,27.196 523.338,26.654 C524.393,26.244 525.979,25.756 528.898,25.623 C532.057,25.479 533.004,25.448 541,25.448 C548.997,25.448 549.943,25.479 553.102,25.623 C556.021,25.756 557.607,26.244 558.662,26.654 C560.06,27.196 561.058,27.846 562.106,28.894 C563.154,29.942 563.803,30.938 564.346,32.338 C564.756,33.391 565.244,34.978 565.378,37.899 C565.522,41.056 565.552,42.003 565.552,50 C565.552,57.996 565.522,58.943 565.378,62.101 M570.82,37.631 C570.674,34.438 570.167,32.258 569.425,30.349 C568.659,28.377 567.633,26.702 565.965,25.035 C564.297,23.368 562.623,22.342 560.652,21.575 C558.743,20.834 556.562,20.326 553.369,20.18 C550.169,20.033 549.148,20 541,20 C532.853,20 531.831,20.033 528.631,20.18 C525.438,20.326 523.257,20.834 521.349,21.575 C519.376,22.342 517.703,23.368 516.035,25.035 C514.368,26.702 513.342,28.377 512.574,30.349 C511.834,32.258 511.326,34.438 511.181,37.631 C511.035,40.831 511,41.851 511,50 C511,58.147 511.035,59.17 511.181,62.369 C511.326,65.562 511.834,67.743 512.574,69.651 C513.342,71.625 514.368,73.296 516.035,74.965 C517.703,76.634 519.376,77.658 521.349,78.425 C523.257,79.167 525.438,79.673 528.631,79.82 C531.831,79.965 532.853,80.001 541,80.001 C549.148,80.001 550.169,79.965 553.369,79.82 C556.562,79.673 558.743,79.167 560.652,78.425 C562.623,77.658 564.297,76.634 565.965,74.965 C567.633,73.296 568.659,71.625 569.425,69.651 C570.167,67.743 570.674,65.562 570.82,62.369 C570.966,59.17 571,58.147 571,50 C571,41.851 570.966,40.831 570.82,37.631\"><\/path><\/g><\/g><\/g><\/svg><\/div><div style=\"padding-top: 8px;\"> <div style=\" color:#3897f0; font-family:Arial,sans-serif; font-size:14px; font-style:normal; font-weight:550; line-height:18px;\">Ver esta publicaci\u00f3n en Instagram<\/div><\/div><div style=\"padding: 12.5% 0;\"><\/div> <div style=\"display: flex; flex-direction: row; margin-bottom: 14px; align-items: center;\"><div> <div style=\"background-color: #F4F4F4; border-radius: 50%; height: 12.5px; width: 12.5px; transform: translateX(0px) translateY(7px);\"><\/div> <div style=\"background-color: #F4F4F4; height: 12.5px; transform: rotate(-45deg) translateX(3px) translateY(1px); width: 12.5px; flex-grow: 0; margin-right: 14px; margin-left: 2px;\"><\/div> <div style=\"background-color: #F4F4F4; border-radius: 50%; height: 12.5px; width: 12.5px; transform: translateX(9px) translateY(-18px);\"><\/div><\/div><div style=\"margin-left: 8px;\"> <div style=\" background-color: #F4F4F4; border-radius: 50%; flex-grow: 0; height: 20px; width: 20px;\"><\/div> <div style=\" width: 0; height: 0; border-top: 2px solid transparent; border-left: 6px solid #f4f4f4; border-bottom: 2px solid transparent; transform: translateX(16px) translateY(-4px) rotate(30deg)\"><\/div><\/div><div style=\"margin-left: auto;\"> <div style=\" width: 0px; border-top: 8px solid #F4F4F4; border-right: 8px solid transparent; transform: translateY(16px);\"><\/div> <div style=\" background-color: #F4F4F4; flex-grow: 0; height: 12px; width: 16px; transform: translateY(-4px);\"><\/div> <div style=\" width: 0; height: 0; border-top: 8px solid #F4F4F4; border-left: 8px solid transparent; transform: translateY(-4px) translateX(8px);\"><\/div><\/div><\/div> <div style=\"display: flex; flex-direction: column; flex-grow: 1; justify-content: center; margin-bottom: 24px;\"> <div style=\" background-color: #F4F4F4; border-radius: 4px; flex-grow: 0; height: 14px; margin-bottom: 6px; width: 224px;\"><\/div> <div style=\" background-color: #F4F4F4; border-radius: 4px; flex-grow: 0; height: 14px; width: 144px;\"><\/div><\/div><\/a><p style=\" color:#c9c8cd; font-family:Arial,sans-serif; font-size:14px; line-height:17px; margin-bottom:0; margin-top:8px; overflow:hidden; padding:8px 0 7px; text-align:center; text-overflow:ellipsis; white-space:nowrap;\"><a href=\"https:\/\/www.instagram.com\/p\/Dc1yIFFoJiL\/?utm_source=ig_embed&amp;utm_campaign=loading\" style=\" color:#c9c8cd; font-family:Arial,sans-serif; font-size:14px; font-style:normal; font-weight:normal; line-height:17px; text-decoration:none;\" target=\"_blank\">Una publicaci\u00f3n compartida de M\u00eda Columbie \ud83c\udf38 (@mia_bebeshita)<\/a><\/p><\/div><\/blockquote>\n<script async src=\"\/\/www.instagram.com\/embed.js\"><\/script>\n\n\n\n<p class=\"wp-block-paragraph\">La publicaci\u00f3n que revel\u00f3 el m\u00e1gico momento estuvo acompa\u00f1ada de un tierno mensaje que r\u00e1pidamente cautiv\u00f3 a los internautas: \u00abLa sirenita Ariel, m\u00e1s conocida como <strong><a href=\"https:\/\/www.cuballama.com\/noticias\/mia-la-hija-de-bebeshito-y-rachel-arderi-se-roba-todas-las-miradas-con-look-inspirado-en-el-mundial-de-futbol\/\" data-type=\"link\" data-id=\"https:\/\/www.cuballama.com\/noticias\/mia-la-hija-de-bebeshito-y-rachel-arderi-se-roba-todas-las-miradas-con-look-inspirado-en-el-mundial-de-futbol\/\" target=\"_blank\" rel=\"noreferrer noopener\">M\u00eda<\/a><\/strong>, ya tiene 2 a\u00f1os siendo la princesa m\u00e1s hermosa del mundo mundial\u00bb.<\/p>\n\n\n\n<p class=\"wp-block-paragraph\">Los orgullosos padres no tardaron en reaccionar ante la ternura de las im\u00e1genes. Fiel a su carisma, el reguetonero dej\u00f3 un divertido comentario haciendo alusi\u00f3n a los personajes del cl\u00e1sico animado: \u00abSoy la princesa de pap\u00e1 y mi pap\u00e1 es Sebasti\u00e1n\u00bb. Por su parte, la influencer dej\u00f3 aflorar sus sentimientos al escribir: \u00abSin palabras si, yo la so\u00f1\u00e9 y Diosito la hizo realidad&#8230;\u00bb.<\/p>\n\n\n\n<p class=\"wp-block-paragraph\">Con esta impecable caracterizaci\u00f3n, M\u00eda super\u00f3 las expectativas del a\u00f1o pasado, cuando festej\u00f3 su primer a\u00f1ito disfrazada de Cenicienta y luego disfrut\u00f3 de una fiesta tem\u00e1tica de Monsters Inc. junto a su hermano Yan Carlos, evento en el que toda la familia particip\u00f3 disfrazada. <\/p>\n","protected":false},"excerpt":{"rendered":"<p>La peque\u00f1a M\u00eda, hija del reguetonero cubano Oniel Bebeshito y la influencer Rachel Arderi, celebr\u00f3 su segundo cumplea\u00f1os deslumbrando en redes.<\/p>\n","protected":false},"author":29,"featured_media":256152,"comment_status":"open","ping_status":"closed","sticky":false,"template":"","format":"standard","meta":{"_acf_changed":false,"footnotes":""},"categories":[443],"tags":[11,905,10752,10508,469,16569,22424,19469,18816,20049],"class_list":["post-256146","post","type-post","status-publish","format-standard","has-post-thumbnail","category-farandula","tag-cuba","tag-cumpleanos","tag-farandula-cubana","tag-hijos-de-famosos","tag-instagram","tag-la-sirenita","tag-mia-2","tag-oniel-bebeshito","tag-rachel-arderi","tag-tendencias"],"acf":[],"yoast_head":"<!-- This site is optimized with the Yoast SEO plugin v28.3 - https:\/\/yoast.com\/product\/yoast-seo-wordpress\/ -->\n<title>\u00a1De cuento de hadas! M\u00eda, hija de Bebeshito y Rachel Arderi, celebra sus dos a\u00f1itos vestida de La Sirenita - Cuballama Noticias<\/title>\n<meta name=\"description\" content=\"La peque\u00f1a M\u00eda, hija del reguetonero cubano Oniel Bebeshito y la influencer Rachel Arderi, celebr\u00f3 su segundo cumplea\u00f1os deslumbrando en redes\" \/>\n<meta name=\"robots\" content=\"index, follow, max-snippet:-1, max-image-preview:large, max-video-preview:-1\" \/>\n<link rel=\"canonical\" href=\"https:\/\/www.cuballama.com\/noticias\/de-cuento-de-hadas-mia-hija-de-bebeshito-y-rachel-arderi-celebra-sus-dos-anitos-vestida-de-la-sirenita\/\" \/>\n<meta property=\"og:locale\" content=\"es_ES\" \/>\n<meta property=\"og:type\" content=\"article\" \/>\n<meta property=\"og:title\" content=\"\u00a1De cuento de hadas! M\u00eda, hija de Bebeshito y Rachel Arderi, celebra sus dos a\u00f1itos vestida de La Sirenita - Cuballama Noticias\" \/>\n<meta property=\"og:description\" content=\"La peque\u00f1a M\u00eda, hija del reguetonero cubano Oniel Bebeshito y la influencer Rachel Arderi, celebr\u00f3 su segundo cumplea\u00f1os deslumbrando en redes\" \/>\n<meta property=\"og:url\" content=\"https:\/\/www.cuballama.com\/noticias\/de-cuento-de-hadas-mia-hija-de-bebeshito-y-rachel-arderi-celebra-sus-dos-anitos-vestida-de-la-sirenita\/\" \/>\n<meta property=\"og:site_name\" content=\"Cuballama Noticias\" \/>\n<meta property=\"article:publisher\" content=\"https:\/\/www.facebook.com\/CubaLlama\" \/>\n<meta property=\"article:published_time\" content=\"2026-09-04T18:57:45+00:00\" \/>\n<meta property=\"article:modified_time\" content=\"2026-09-04T19:10:45+00:00\" \/>\n<meta property=\"og:image\" content=\"https:\/\/cdn1.mediawpaccore.net\/wp-content\/uploads\/2026\/09\/04145425\/xxxxxccccccccddd-41-1024x576.png\" \/>\n\t<meta property=\"og:image:width\" content=\"1024\" \/>\n\t<meta property=\"og:image:height\" content=\"576\" \/>\n\t<meta property=\"og:image:type\" content=\"image\/png\" \/>\n<meta name=\"author\" content=\"Sof\u00eda Reyes\" \/>\n<meta name=\"twitter:card\" content=\"summary_large_image\" \/>\n<meta name=\"twitter:creator\" content=\"@cuballama\" \/>\n<meta name=\"twitter:site\" content=\"@cuballama\" \/>\n<meta name=\"twitter:label1\" content=\"Escrito por\" \/>\n\t<meta name=\"twitter:data1\" content=\"Sof\u00eda Reyes\" \/>\n\t<meta name=\"twitter:label2\" content=\"Tiempo de lectura\" \/>\n\t<meta name=\"twitter:data2\" content=\"2 minutos\" \/>\n<script type=\"application\/ld+json\" class=\"yoast-schema-graph\">{\"@context\":\"https:\\\/\\\/schema.org\",\"@graph\":[{\"@type\":\"Article\",\"@id\":\"https:\\\/\\\/www.cuballama.com\\\/noticias\\\/de-cuento-de-hadas-mia-hija-de-bebeshito-y-rachel-arderi-celebra-sus-dos-anitos-vestida-de-la-sirenita\\\/#article\",\"isPartOf\":{\"@id\":\"https:\\\/\\\/www.cuballama.com\\\/noticias\\\/de-cuento-de-hadas-mia-hija-de-bebeshito-y-rachel-arderi-celebra-sus-dos-anitos-vestida-de-la-sirenita\\\/\"},\"author\":{\"name\":\"Sof\u00eda Reyes\",\"@id\":\"https:\\\/\\\/www.cuballama.com\\\/noticias\\\/#\\\/schema\\\/person\\\/5cba2b8cc25a3159e49fe730a94d512e\"},\"headline\":\"\u00a1De cuento de hadas! M\u00eda, hija de Bebeshito y Rachel Arderi, celebra sus dos a\u00f1itos vestida de La Sirenita\",\"datePublished\":\"2026-09-04T18:57:45+00:00\",\"dateModified\":\"2026-09-04T19:10:45+00:00\",\"mainEntityOfPage\":{\"@id\":\"https:\\\/\\\/www.cuballama.com\\\/noticias\\\/de-cuento-de-hadas-mia-hija-de-bebeshito-y-rachel-arderi-celebra-sus-dos-anitos-vestida-de-la-sirenita\\\/\"},\"wordCount\":361,\"commentCount\":0,\"publisher\":{\"@id\":\"https:\\\/\\\/www.cuballama.com\\\/noticias\\\/#organization\"},\"image\":{\"@id\":\"https:\\\/\\\/www.cuballama.com\\\/noticias\\\/de-cuento-de-hadas-mia-hija-de-bebeshito-y-rachel-arderi-celebra-sus-dos-anitos-vestida-de-la-sirenita\\\/#primaryimage\"},\"thumbnailUrl\":\"https:\\\/\\\/cdn1.mediawpaccore.net\\\/wp-content\\\/uploads\\\/2026\\\/09\\\/04145425\\\/xxxxxccccccccddd-41.png\",\"keywords\":[\"Cuba\",\"cumplea\u00f1os\",\"Far\u00e1ndula cubana\",\"hijos de famosos\",\"Instagram\",\"La Sirenita\",\"M\u00eda\",\"Oniel Bebeshito\",\"Rachel Arderi\",\"tendencias\"],\"articleSection\":[\"Far\u00e1ndula\"],\"inLanguage\":\"es\",\"potentialAction\":[{\"@type\":\"CommentAction\",\"name\":\"Comment\",\"target\":[\"https:\\\/\\\/www.cuballama.com\\\/noticias\\\/de-cuento-de-hadas-mia-hija-de-bebeshito-y-rachel-arderi-celebra-sus-dos-anitos-vestida-de-la-sirenita\\\/#respond\"]}]},{\"@type\":\"WebPage\",\"@id\":\"https:\\\/\\\/www.cuballama.com\\\/noticias\\\/de-cuento-de-hadas-mia-hija-de-bebeshito-y-rachel-arderi-celebra-sus-dos-anitos-vestida-de-la-sirenita\\\/\",\"url\":\"https:\\\/\\\/www.cuballama.com\\\/noticias\\\/de-cuento-de-hadas-mia-hija-de-bebeshito-y-rachel-arderi-celebra-sus-dos-anitos-vestida-de-la-sirenita\\\/\",\"name\":\"\u00a1De cuento de hadas! M\u00eda, hija de Bebeshito y Rachel Arderi, celebra sus dos a\u00f1itos vestida de La Sirenita - Cuballama Noticias\",\"isPartOf\":{\"@id\":\"https:\\\/\\\/www.cuballama.com\\\/noticias\\\/#website\"},\"primaryImageOfPage\":{\"@id\":\"https:\\\/\\\/www.cuballama.com\\\/noticias\\\/de-cuento-de-hadas-mia-hija-de-bebeshito-y-rachel-arderi-celebra-sus-dos-anitos-vestida-de-la-sirenita\\\/#primaryimage\"},\"image\":{\"@id\":\"https:\\\/\\\/www.cuballama.com\\\/noticias\\\/de-cuento-de-hadas-mia-hija-de-bebeshito-y-rachel-arderi-celebra-sus-dos-anitos-vestida-de-la-sirenita\\\/#primaryimage\"},\"thumbnailUrl\":\"https:\\\/\\\/cdn1.mediawpaccore.net\\\/wp-content\\\/uploads\\\/2026\\\/09\\\/04145425\\\/xxxxxccccccccddd-41.png\",\"datePublished\":\"2026-09-04T18:57:45+00:00\",\"dateModified\":\"2026-09-04T19:10:45+00:00\",\"description\":\"La peque\u00f1a M\u00eda, hija del reguetonero cubano Oniel Bebeshito y la influencer Rachel Arderi, celebr\u00f3 su segundo cumplea\u00f1os deslumbrando en redes\",\"breadcrumb\":{\"@id\":\"https:\\\/\\\/www.cuballama.com\\\/noticias\\\/de-cuento-de-hadas-mia-hija-de-bebeshito-y-rachel-arderi-celebra-sus-dos-anitos-vestida-de-la-sirenita\\\/#breadcrumb\"},\"inLanguage\":\"es\",\"potentialAction\":[{\"@type\":\"ReadAction\",\"target\":[\"https:\\\/\\\/www.cuballama.com\\\/noticias\\\/de-cuento-de-hadas-mia-hija-de-bebeshito-y-rachel-arderi-celebra-sus-dos-anitos-vestida-de-la-sirenita\\\/\"]}]},{\"@type\":\"ImageObject\",\"inLanguage\":\"es\",\"@id\":\"https:\\\/\\\/www.cuballama.com\\\/noticias\\\/de-cuento-de-hadas-mia-hija-de-bebeshito-y-rachel-arderi-celebra-sus-dos-anitos-vestida-de-la-sirenita\\\/#primaryimage\",\"url\":\"https:\\\/\\\/cdn1.mediawpaccore.net\\\/wp-content\\\/uploads\\\/2026\\\/09\\\/04145425\\\/xxxxxccccccccddd-41.png\",\"contentUrl\":\"https:\\\/\\\/cdn1.mediawpaccore.net\\\/wp-content\\\/uploads\\\/2026\\\/09\\\/04145425\\\/xxxxxccccccccddd-41.png\",\"width\":1920,\"height\":1080,\"caption\":\"Fotos tomadas del perfil de Instagram de Mia por @studiobylala y perfil de Instagram de Rachel Arderi\"},{\"@type\":\"BreadcrumbList\",\"@id\":\"https:\\\/\\\/www.cuballama.com\\\/noticias\\\/de-cuento-de-hadas-mia-hija-de-bebeshito-y-rachel-arderi-celebra-sus-dos-anitos-vestida-de-la-sirenita\\\/#breadcrumb\",\"itemListElement\":[{\"@type\":\"ListItem\",\"position\":1,\"name\":\"Home\",\"item\":\"https:\\\/\\\/www.cuballama.com\\\/noticias\\\/\"},{\"@type\":\"ListItem\",\"position\":2,\"name\":\"\u00a1De cuento de hadas! M\u00eda, hija de Bebeshito y Rachel Arderi, celebra sus dos a\u00f1itos vestida de La Sirenita\"}]},{\"@type\":\"WebSite\",\"@id\":\"https:\\\/\\\/www.cuballama.com\\\/noticias\\\/#website\",\"url\":\"https:\\\/\\\/www.cuballama.com\\\/noticias\\\/\",\"name\":\"Cuballama Noticias\",\"description\":\"Medio digital sobre Cuba y el mundo\",\"publisher\":{\"@id\":\"https:\\\/\\\/www.cuballama.com\\\/noticias\\\/#organization\"},\"potentialAction\":[{\"@type\":\"SearchAction\",\"target\":{\"@type\":\"EntryPoint\",\"urlTemplate\":\"https:\\\/\\\/www.cuballama.com\\\/noticias\\\/?s={search_term_string}\"},\"query-input\":{\"@type\":\"PropertyValueSpecification\",\"valueRequired\":true,\"valueName\":\"search_term_string\"}}],\"inLanguage\":\"es\"},{\"@type\":\"Organization\",\"@id\":\"https:\\\/\\\/www.cuballama.com\\\/noticias\\\/#organization\",\"name\":\"Cuballama\",\"url\":\"https:\\\/\\\/www.cuballama.com\\\/noticias\\\/\",\"logo\":{\"@type\":\"ImageObject\",\"inLanguage\":\"es\",\"@id\":\"https:\\\/\\\/www.cuballama.com\\\/noticias\\\/#\\\/schema\\\/logo\\\/image\\\/\",\"url\":\"https:\\\/\\\/cdn1.mediawpaccore.net\\\/wp-content\\\/uploads\\\/2021\\\/12\\\/28171206\\\/cbll-logo-color-sm.png\",\"contentUrl\":\"https:\\\/\\\/cdn1.mediawpaccore.net\\\/wp-content\\\/uploads\\\/2021\\\/12\\\/28171206\\\/cbll-logo-color-sm.png\",\"width\":600,\"height\":133,\"caption\":\"Cuballama\"},\"image\":{\"@id\":\"https:\\\/\\\/www.cuballama.com\\\/noticias\\\/#\\\/schema\\\/logo\\\/image\\\/\"},\"sameAs\":[\"https:\\\/\\\/www.facebook.com\\\/CubaLlama\",\"https:\\\/\\\/x.com\\\/cuballama\",\"https:\\\/\\\/www.instagram.com\\\/stories\\\/cuballama_oficial\\\/\",\"https:\\\/\\\/www.youtube.com\\\/channel\\\/UCKkFE-d_axENGZcrc4as0IA\"]},{\"@type\":\"Person\",\"@id\":\"https:\\\/\\\/www.cuballama.com\\\/noticias\\\/#\\\/schema\\\/person\\\/5cba2b8cc25a3159e49fe730a94d512e\",\"name\":\"Sof\u00eda Reyes\",\"url\":\"https:\\\/\\\/www.cuballama.com\\\/noticias\\\/author\\\/laura\\\/\"}]}<\/script>\n<!-- \/ Yoast SEO plugin. -->","yoast_head_json":{"title":"\u00a1De cuento de hadas! M\u00eda, hija de Bebeshito y Rachel Arderi, celebra sus dos a\u00f1itos vestida de La Sirenita - Cuballama Noticias","description":"La peque\u00f1a M\u00eda, hija del reguetonero cubano Oniel Bebeshito y la influencer Rachel Arderi, celebr\u00f3 su segundo cumplea\u00f1os deslumbrando en redes","robots":{"index":"index","follow":"follow","max-snippet":"max-snippet:-1","max-image-preview":"max-image-preview:large","max-video-preview":"max-video-preview:-1"},"canonical":"https:\/\/www.cuballama.com\/noticias\/de-cuento-de-hadas-mia-hija-de-bebeshito-y-rachel-arderi-celebra-sus-dos-anitos-vestida-de-la-sirenita\/","og_locale":"es_ES","og_type":"article","og_title":"\u00a1De cuento de hadas! M\u00eda, hija de Bebeshito y Rachel Arderi, celebra sus dos a\u00f1itos vestida de La Sirenita - Cuballama Noticias","og_description":"La peque\u00f1a M\u00eda, hija del reguetonero cubano Oniel Bebeshito y la influencer Rachel Arderi, celebr\u00f3 su segundo cumplea\u00f1os deslumbrando en redes","og_url":"https:\/\/www.cuballama.com\/noticias\/de-cuento-de-hadas-mia-hija-de-bebeshito-y-rachel-arderi-celebra-sus-dos-anitos-vestida-de-la-sirenita\/","og_site_name":"Cuballama Noticias","article_publisher":"https:\/\/www.facebook.com\/CubaLlama","article_published_time":"2026-09-04T18:57:45+00:00","article_modified_time":"2026-09-04T19:10:45+00:00","og_image":[{"width":1024,"height":576,"url":"https:\/\/cdn1.mediawpaccore.net\/wp-content\/uploads\/2026\/09\/04145425\/xxxxxccccccccddd-41-1024x576.png","type":"image\/png"}],"author":"Sof\u00eda Reyes","twitter_card":"summary_large_image","twitter_creator":"@cuballama","twitter_site":"@cuballama","twitter_misc":{"Escrito por":"Sof\u00eda Reyes","Tiempo de lectura":"2 minutos"},"schema":{"@context":"https:\/\/schema.org","@graph":[{"@type":"Article","@id":"https:\/\/www.cuballama.com\/noticias\/de-cuento-de-hadas-mia-hija-de-bebeshito-y-rachel-arderi-celebra-sus-dos-anitos-vestida-de-la-sirenita\/#article","isPartOf":{"@id":"https:\/\/www.cuballama.com\/noticias\/de-cuento-de-hadas-mia-hija-de-bebeshito-y-rachel-arderi-celebra-sus-dos-anitos-vestida-de-la-sirenita\/"},"author":{"name":"Sof\u00eda Reyes","@id":"https:\/\/www.cuballama.com\/noticias\/#\/schema\/person\/5cba2b8cc25a3159e49fe730a94d512e"},"headline":"\u00a1De cuento de hadas! M\u00eda, hija de Bebeshito y Rachel Arderi, celebra sus dos a\u00f1itos vestida de La Sirenita","datePublished":"2026-09-04T18:57:45+00:00","dateModified":"2026-09-04T19:10:45+00:00","mainEntityOfPage":{"@id":"https:\/\/www.cuballama.com\/noticias\/de-cuento-de-hadas-mia-hija-de-bebeshito-y-rachel-arderi-celebra-sus-dos-anitos-vestida-de-la-sirenita\/"},"wordCount":361,"commentCount":0,"publisher":{"@id":"https:\/\/www.cuballama.com\/noticias\/#organization"},"image":{"@id":"https:\/\/www.cuballama.com\/noticias\/de-cuento-de-hadas-mia-hija-de-bebeshito-y-rachel-arderi-celebra-sus-dos-anitos-vestida-de-la-sirenita\/#primaryimage"},"thumbnailUrl":"https:\/\/cdn1.mediawpaccore.net\/wp-content\/uploads\/2026\/09\/04145425\/xxxxxccccccccddd-41.png","keywords":["Cuba","cumplea\u00f1os","Far\u00e1ndula cubana","hijos de famosos","Instagram","La Sirenita","M\u00eda","Oniel Bebeshito","Rachel Arderi","tendencias"],"articleSection":["Far\u00e1ndula"],"inLanguage":"es","potentialAction":[{"@type":"CommentAction","name":"Comment","target":["https:\/\/www.cuballama.com\/noticias\/de-cuento-de-hadas-mia-hija-de-bebeshito-y-rachel-arderi-celebra-sus-dos-anitos-vestida-de-la-sirenita\/#respond"]}]},{"@type":"WebPage","@id":"https:\/\/www.cuballama.com\/noticias\/de-cuento-de-hadas-mia-hija-de-bebeshito-y-rachel-arderi-celebra-sus-dos-anitos-vestida-de-la-sirenita\/","url":"https:\/\/www.cuballama.com\/noticias\/de-cuento-de-hadas-mia-hija-de-bebeshito-y-rachel-arderi-celebra-sus-dos-anitos-vestida-de-la-sirenita\/","name":"\u00a1De cuento de hadas! M\u00eda, hija de Bebeshito y Rachel Arderi, celebra sus dos a\u00f1itos vestida de La Sirenita - Cuballama Noticias","isPartOf":{"@id":"https:\/\/www.cuballama.com\/noticias\/#website"},"primaryImageOfPage":{"@id":"https:\/\/www.cuballama.com\/noticias\/de-cuento-de-hadas-mia-hija-de-bebeshito-y-rachel-arderi-celebra-sus-dos-anitos-vestida-de-la-sirenita\/#primaryimage"},"image":{"@id":"https:\/\/www.cuballama.com\/noticias\/de-cuento-de-hadas-mia-hija-de-bebeshito-y-rachel-arderi-celebra-sus-dos-anitos-vestida-de-la-sirenita\/#primaryimage"},"thumbnailUrl":"https:\/\/cdn1.mediawpaccore.net\/wp-content\/uploads\/2026\/09\/04145425\/xxxxxccccccccddd-41.png","datePublished":"2026-09-04T18:57:45+00:00","dateModified":"2026-09-04T19:10:45+00:00","description":"La peque\u00f1a M\u00eda, hija del reguetonero cubano Oniel Bebeshito y la influencer Rachel Arderi, celebr\u00f3 su segundo cumplea\u00f1os deslumbrando en redes","breadcrumb":{"@id":"https:\/\/www.cuballama.com\/noticias\/de-cuento-de-hadas-mia-hija-de-bebeshito-y-rachel-arderi-celebra-sus-dos-anitos-vestida-de-la-sirenita\/#breadcrumb"},"inLanguage":"es","potentialAction":[{"@type":"ReadAction","target":["https:\/\/www.cuballama.com\/noticias\/de-cuento-de-hadas-mia-hija-de-bebeshito-y-rachel-arderi-celebra-sus-dos-anitos-vestida-de-la-sirenita\/"]}]},{"@type":"ImageObject","inLanguage":"es","@id":"https:\/\/www.cuballama.com\/noticias\/de-cuento-de-hadas-mia-hija-de-bebeshito-y-rachel-arderi-celebra-sus-dos-anitos-vestida-de-la-sirenita\/#primaryimage","url":"https:\/\/cdn1.mediawpaccore.net\/wp-content\/uploads\/2026\/09\/04145425\/xxxxxccccccccddd-41.png","contentUrl":"https:\/\/cdn1.mediawpaccore.net\/wp-content\/uploads\/2026\/09\/04145425\/xxxxxccccccccddd-41.png","width":1920,"height":1080,"caption":"Fotos tomadas del perfil de Instagram de Mia por @studiobylala y perfil de Instagram de Rachel Arderi"},{"@type":"BreadcrumbList","@id":"https:\/\/www.cuballama.com\/noticias\/de-cuento-de-hadas-mia-hija-de-bebeshito-y-rachel-arderi-celebra-sus-dos-anitos-vestida-de-la-sirenita\/#breadcrumb","itemListElement":[{"@type":"ListItem","position":1,"name":"Home","item":"https:\/\/www.cuballama.com\/noticias\/"},{"@type":"ListItem","position":2,"name":"\u00a1De cuento de hadas! M\u00eda, hija de Bebeshito y Rachel Arderi, celebra sus dos a\u00f1itos vestida de La Sirenita"}]},{"@type":"WebSite","@id":"https:\/\/www.cuballama.com\/noticias\/#website","url":"https:\/\/www.cuballama.com\/noticias\/","name":"Cuballama Noticias","description":"Medio digital sobre Cuba y el mundo","publisher":{"@id":"https:\/\/www.cuballama.com\/noticias\/#organization"},"potentialAction":[{"@type":"SearchAction","target":{"@type":"EntryPoint","urlTemplate":"https:\/\/www.cuballama.com\/noticias\/?s={search_term_string}"},"query-input":{"@type":"PropertyValueSpecification","valueRequired":true,"valueName":"search_term_string"}}],"inLanguage":"es"},{"@type":"Organization","@id":"https:\/\/www.cuballama.com\/noticias\/#organization","name":"Cuballama","url":"https:\/\/www.cuballama.com\/noticias\/","logo":{"@type":"ImageObject","inLanguage":"es","@id":"https:\/\/www.cuballama.com\/noticias\/#\/schema\/logo\/image\/","url":"https:\/\/cdn1.mediawpaccore.net\/wp-content\/uploads\/2021\/12\/28171206\/cbll-logo-color-sm.png","contentUrl":"https:\/\/cdn1.mediawpaccore.net\/wp-content\/uploads\/2021\/12\/28171206\/cbll-logo-color-sm.png","width":600,"height":133,"caption":"Cuballama"},"image":{"@id":"https:\/\/www.cuballama.com\/noticias\/#\/schema\/logo\/image\/"},"sameAs":["https:\/\/www.facebook.com\/CubaLlama","https:\/\/x.com\/cuballama","https:\/\/www.instagram.com\/stories\/cuballama_oficial\/","https:\/\/www.youtube.com\/channel\/UCKkFE-d_axENGZcrc4as0IA"]},{"@type":"Person","@id":"https:\/\/www.cuballama.com\/noticias\/#\/schema\/person\/5cba2b8cc25a3159e49fe730a94d512e","name":"Sof\u00eda Reyes","url":"https:\/\/www.cuballama.com\/noticias\/author\/laura\/"}]}},"_links":{"self":[{"href":"https:\/\/www.cuballama.com\/noticias\/wp-json\/wp\/v2\/posts\/256146","targetHints":{"allow":["GET"]}}],"collection":[{"href":"https:\/\/www.cuballama.com\/noticias\/wp-json\/wp\/v2\/posts"}],"about":[{"href":"https:\/\/www.cuballama.com\/noticias\/wp-json\/wp\/v2\/types\/post"}],"author":[{"embeddable":true,"href":"https:\/\/www.cuballama.com\/noticias\/wp-json\/wp\/v2\/users\/29"}],"replies":[{"embeddable":true,"href":"https:\/\/www.cuballama.com\/noticias\/wp-json\/wp\/v2\/comments?post=256146"}],"version-history":[{"count":3,"href":"https:\/\/www.cuballama.com\/noticias\/wp-json\/wp\/v2\/posts\/256146\/revisions"}],"predecessor-version":[{"id":256154,"href":"https:\/\/www.cuballama.com\/noticias\/wp-json\/wp\/v2\/posts\/256146\/revisions\/256154"}],"wp:featuredmedia":[{"embeddable":true,"href":"https:\/\/www.cuballama.com\/noticias\/wp-json\/wp\/v2\/media\/256152"}],"wp:attachment":[{"href":"https:\/\/www.cuballama.com\/noticias\/wp-json\/wp\/v2\/media?parent=256146"}],"wp:term":[{"taxonomy":"category","embeddable":true,"href":"https:\/\/www.cuballama.com\/noticias\/wp-json\/wp\/v2\/categories?post=256146"},{"taxonomy":"post_tag","embeddable":true,"href":"https:\/\/www.cuballama.com\/noticias\/wp-json\/wp\/v2\/tags?post=256146"}],"curies":[{"name":"wp","href":"https:\/\/api.w.org\/{rel}","templated":true}]}}