{"id":256135,"date":"2026-09-04T12:27:39","date_gmt":"2026-09-04T16:27:39","guid":{"rendered":"https:\/\/www.cuballama.com\/noticias\/?p=256135"},"modified":"2026-09-04T12:27:42","modified_gmt":"2026-09-04T16:27:42","slug":"bebeshito-no-gano-el-premio-juventud-pero-le-regalo-a-su-madre-una-noche-inolvidable-en-espana","status":"publish","type":"post","link":"https:\/\/www.cuballama.com\/noticias\/bebeshito-no-gano-el-premio-juventud-pero-le-regalo-a-su-madre-una-noche-inolvidable-en-espana\/","title":{"rendered":"Bebeshito no gan\u00f3 el Premio Juventud, pero le regal\u00f3 a su madre una noche inolvidable en Espa\u00f1a"},"content":{"rendered":"\n<p class=\"wp-block-paragraph\">Oniel Bebeshito no pudo llevarse a casa su primer Premio Juventud, pero la gala celebrada este jueves en Marbella termin\u00f3 convirti\u00e9ndose en una noche muy especial para su familia, especialmente para su madre, Chavela Campo, quien viaj\u00f3 a Espa\u00f1a en representaci\u00f3n del cantante cubano.<\/p>\n\n\n\n<p class=\"wp-block-paragraph\">El repartero compet\u00eda en la categor\u00eda La Nueva Generaci\u00f3n Masculina, en la que finalmente result\u00f3 ganador Santos Bravos. Bebeshito sigui\u00f3 la ceremonia a distancia, pues ya hab\u00eda adelantado semanas atr\u00e1s que <strong><a href=\"https:\/\/www.cuballama.com\/noticias\/bebeshito-no-puede-viajar-a-espana-y-quiere-que-su-madre-vaya-en-su-lugar-a-los-premios-juventud\/\" target=\"_blank\" rel=\"noreferrer noopener\">no pod\u00eda viajar a Espa\u00f1a y quer\u00eda que su madre asistiera en su lugar<\/a>.<\/strong><\/p>\n\n\n\n<p class=\"wp-block-paragraph\">Aunque nunca explic\u00f3 p\u00fablicamente qu\u00e9 le imped\u00eda realizar el viaje, su plan termin\u00f3 cumpli\u00e9ndose al menos en parte. Chavela lleg\u00f3 hasta Marbella y pudo vivir desde dentro la primera edici\u00f3n de Premios Juventud celebrada en Europa.<\/p>\n\n\n\n<figure class=\"wp-block-image size-large\"><img loading=\"lazy\" decoding=\"async\" width=\"629\" height=\"1024\" src=\"https:\/\/cdn1.mediawpaccore.net\/wp-content\/uploads\/2026\/09\/04115312\/Captura-de-pantalla-2026-09-04-a-las-17.51.03-629x1024.png\" alt=\"Chavela Campo, madre de Bebeshito, asiste a los Premios Juventud\" class=\"wp-image-256133\" srcset=\"https:\/\/cdn1.mediawpaccore.net\/wp-content\/uploads\/2026\/09\/04115312\/Captura-de-pantalla-2026-09-04-a-las-17.51.03-629x1024.png 629w, https:\/\/cdn1.mediawpaccore.net\/wp-content\/uploads\/2026\/09\/04115312\/Captura-de-pantalla-2026-09-04-a-las-17.51.03-184x300.png 184w, https:\/\/cdn1.mediawpaccore.net\/wp-content\/uploads\/2026\/09\/04115312\/Captura-de-pantalla-2026-09-04-a-las-17.51.03-768x1250.png 768w, https:\/\/cdn1.mediawpaccore.net\/wp-content\/uploads\/2026\/09\/04115312\/Captura-de-pantalla-2026-09-04-a-las-17.51.03-258x420.png 258w, https:\/\/cdn1.mediawpaccore.net\/wp-content\/uploads\/2026\/09\/04115312\/Captura-de-pantalla-2026-09-04-a-las-17.51.03-150x244.png 150w, https:\/\/cdn1.mediawpaccore.net\/wp-content\/uploads\/2026\/09\/04115312\/Captura-de-pantalla-2026-09-04-a-las-17.51.03-300x488.png 300w, https:\/\/cdn1.mediawpaccore.net\/wp-content\/uploads\/2026\/09\/04115312\/Captura-de-pantalla-2026-09-04-a-las-17.51.03-696x1133.png 696w, https:\/\/cdn1.mediawpaccore.net\/wp-content\/uploads\/2026\/09\/04115312\/Captura-de-pantalla-2026-09-04-a-las-17.51.03.png 812w\" sizes=\"auto, (max-width: 629px) 100vw, 629px\" \/><figcaption class=\"wp-element-caption\">Chavela Campo, madre de Bebeshito, asiste a los Premios Juventud<\/figcaption><\/figure>\n\n\n\n<p class=\"wp-block-paragraph\">La victoria que Bebeshito imaginaba no lleg\u00f3, pero s\u00ed ocurri\u00f3 algo que termin\u00f3 teniendo un significado especial para madre e hijo: Chavela pudo ver cantar en directo a Marc Anthony, uno de los artistas que llevaba tiempo so\u00f1ando con disfrutar sobre un escenario.<\/p>\n\n\n\n<p class=\"wp-block-paragraph\">El propio Bebeshito comparti\u00f3 en sus historias de Instagram im\u00e1genes de su madre emocionada durante la presentaci\u00f3n del salsero puertorrique\u00f1o y celebr\u00f3 haber podido hacer realidad ese deseo.<\/p>\n\n\n\n<p class=\"wp-block-paragraph\">La reacci\u00f3n de Chavela despu\u00e9s de conocerse el resultado tambi\u00e9n dej\u00f3 claro que la derrota no empa\u00f1\u00f3 el orgullo por la carrera de su hijo. \u201cAmor, no ganamos, pero t\u00fa eres mi triunfador\u201d, le escribi\u00f3.<\/p>\n\n\n\n<figure class=\"wp-block-image size-large\"><img loading=\"lazy\" decoding=\"async\" width=\"629\" height=\"1024\" src=\"https:\/\/cdn1.mediawpaccore.net\/wp-content\/uploads\/2026\/09\/04115439\/Captura-de-pantalla-2026-09-04-a-las-17.51.10-629x1024.png\" alt=\"Chavela Campo, madre de Bebeshito, asiste a los Premios Juventud\" class=\"wp-image-256134\" srcset=\"https:\/\/cdn1.mediawpaccore.net\/wp-content\/uploads\/2026\/09\/04115439\/Captura-de-pantalla-2026-09-04-a-las-17.51.10-629x1024.png 629w, https:\/\/cdn1.mediawpaccore.net\/wp-content\/uploads\/2026\/09\/04115439\/Captura-de-pantalla-2026-09-04-a-las-17.51.10-184x300.png 184w, https:\/\/cdn1.mediawpaccore.net\/wp-content\/uploads\/2026\/09\/04115439\/Captura-de-pantalla-2026-09-04-a-las-17.51.10-768x1250.png 768w, https:\/\/cdn1.mediawpaccore.net\/wp-content\/uploads\/2026\/09\/04115439\/Captura-de-pantalla-2026-09-04-a-las-17.51.10-258x420.png 258w, https:\/\/cdn1.mediawpaccore.net\/wp-content\/uploads\/2026\/09\/04115439\/Captura-de-pantalla-2026-09-04-a-las-17.51.10-150x244.png 150w, https:\/\/cdn1.mediawpaccore.net\/wp-content\/uploads\/2026\/09\/04115439\/Captura-de-pantalla-2026-09-04-a-las-17.51.10-300x488.png 300w, https:\/\/cdn1.mediawpaccore.net\/wp-content\/uploads\/2026\/09\/04115439\/Captura-de-pantalla-2026-09-04-a-las-17.51.10-696x1133.png 696w, https:\/\/cdn1.mediawpaccore.net\/wp-content\/uploads\/2026\/09\/04115439\/Captura-de-pantalla-2026-09-04-a-las-17.51.10.png 812w\" sizes=\"auto, (max-width: 629px) 100vw, 629px\" \/><figcaption class=\"wp-element-caption\">Chavela Campo, madre de Bebeshito, asiste a los Premios Juventud<\/figcaption><\/figure>\n\n\n\n<p class=\"wp-block-paragraph\">Para Bebeshito, la experiencia parece haber servido m\u00e1s como punto de partida que como una derrota. Se trataba de su primera nominaci\u00f3n a Premios Juventud, uno de los reconocimientos internacionales m\u00e1s importantes que ha recibido hasta ahora como exponente del reparto cubano.<\/p>\n\n\n\n<h2 class=\"wp-block-heading\">Un 2026 de crecimiento para Bebeshito<\/h2>\n\n\n\n<p class=\"wp-block-paragraph\">La nominaci\u00f3n en Marbella lleg\u00f3 en medio de un per\u00edodo de fuerte exposici\u00f3n internacional para Oniel Ernesto Columbi\u00e9 Campos. A comienzos de 2026, Billboard lo incluy\u00f3 entre los 26 artistas latinos que recomendaba seguir durante el a\u00f1o, destacando el r\u00e1pido crecimiento alcanzado por el cubano despu\u00e9s de establecerse en Estados Unidos.<\/p>\n\n\n\n<p class=\"wp-block-paragraph\">La revista especializada record\u00f3 especialmente su multitudinario concierto de agosto de 2025 en el Kaseya Center de Miami, donde se convirti\u00f3 en el primer exponente del reparto en llenar el recinto con alrededor de 20.000 asistentes.<\/p>\n\n\n\n<p class=\"wp-block-paragraph\">Ese salto resulta especialmente significativo para un g\u00e9nero que durante a\u00f1os estuvo concentrado fundamentalmente entre el p\u00fablico cubano. El crecimiento de Bebeshito coincide con <a href=\"https:\/\/www.cuballama.com\/noticias\/de-la-clandestinidad-habanera-al-top-50-de-spotify-espana-el-ascenso-global-del-reparto-cubano\/\" target=\"_blank\" rel=\"noreferrer noopener\"><strong>una expansi\u00f3n cada vez m\u00e1s visible del reparto fuera de Cuba<\/strong><\/a>, con canciones y colaboraciones que han conseguido aparecer en listas de Billboard, Spotify y tendencias de TikTok.<\/p>\n\n\n\n<p class=\"wp-block-paragraph\">El propio Bebeshito ya hab\u00eda recibido reconocimiento de Billboard en 2025 como <a href=\"https:\/\/www.cuballama.com\/noticias\/del-reparto-al-estrellato-billboard-corona-a-bebeshito-como-el-artista-latino-en-ascenso-del-mes\/\" target=\"_blank\" rel=\"noreferrer noopener\"><strong>Artista Latino en Ascenso<\/strong><\/a>. Su evoluci\u00f3n profesional tambi\u00e9n ha estado acompa\u00f1ada por una exposici\u00f3n constante de su vida familiar en las redes sociales. El cantante reside en Miami junto a su esposa, la modelo e influencer Rachel Arderi, y la peque\u00f1a M\u00eda, hija de ambos.<\/p>\n\n\n\n<p class=\"wp-block-paragraph\">Precisamente d\u00edas antes de Premios Juventud, Bebeshito <strong><a href=\"https:\/\/www.cuballama.com\/noticias\/bebeshito-sorprende-a-rachel-arderi-con-un-tema-romantico-sobre-sus-inicios-hubo-momentos-malos-en-los-que-nada-nos-salia\/\" target=\"_blank\" rel=\"noreferrer noopener\">sorprendi\u00f3 a Rachel Arderi con el adelanto de una canci\u00f3n rom\u00e1ntica<\/a> <\/strong>inspirada en los a\u00f1os que han vivido juntos y en la etapa en la que el cantante todav\u00eda intentaba abrirse paso dentro de la m\u00fasica en Cuba.<\/p>\n\n\n\n<p class=\"wp-block-paragraph\">El \u00e9xito econ\u00f3mico que ha acompa\u00f1ado su carrera tambi\u00e9n ha quedado expuesto p\u00fablicamente. En mayo, el artista gener\u00f3 numerosos comentarios despu\u00e9s de <a href=\"https:\/\/www.cuballama.com\/noticias\/bebeshito-le-compra-un-corvette-de-mas-de-100-000-al-hijo-de-rachel-arderi\/\" target=\"_blank\" rel=\"noreferrer noopener\"><strong>comprar un Chevrolet Corvette 2026 valorado en m\u00e1s de 100.000 d\u00f3lares<\/strong><\/a>, un regalo que present\u00f3 como destinado a Yan Carlos, hijo mayor de Rachel.<\/p>\n\n\n\n<h2 class=\"wp-block-heading\">Bebeshito se queda sin premio, pero el reparto vuelve a una gran vitrina internacional<\/h2>\n\n\n\n<p class=\"wp-block-paragraph\">La edici\u00f3n n\u00famero 23 de Premios Juventud tuvo lugar el 3 de septiembre en Starlite Marbella, Andaluc\u00eda, y reuni\u00f3 a 338 artistas nominados en 50 categor\u00edas.<\/p>\n\n\n\n<p class=\"wp-block-paragraph\">Para Bebeshito, aparecer entre los diez candidatos de La Nueva Generaci\u00f3n Masculina ya signific\u00f3 colocar su nombre y, por extensi\u00f3n, al reparto cubano dentro de una de las principales ceremonias dirigidas al mercado latino.<\/p>\n\n\n\n<p class=\"wp-block-paragraph\">Santos Bravos termin\u00f3 imponi\u00e9ndose en la votaci\u00f3n, pero la noche dej\u00f3 para el cubano una imagen probablemente m\u00e1s personal que cualquier trofeo: su madre en Espa\u00f1a, emocionada frente al escenario mientras ve\u00eda cantar a Marc Anthony.<\/p>\n\n\n\n<p class=\"wp-block-paragraph\">Una escena que convierte su primera nominaci\u00f3n a Premios Juventud en una historia familiar y, al mismo tiempo, en otro escal\u00f3n de una carrera que en apenas unos a\u00f1os pas\u00f3 de los escenarios cubanos a algunos de los recintos y escaparates m\u00e1s importantes de la m\u00fasica latina.<\/p>\n","protected":false},"excerpt":{"rendered":"<p>\u201cAmor, no ganamos, pero t\u00fa eres mi triunfador\u201d, le escribi\u00f3 Chavela desde Espa\u00f1a<\/p>\n","protected":false},"author":27,"featured_media":256142,"comment_status":"open","ping_status":"closed","sticky":false,"template":"","format":"standard","meta":{"_acf_changed":false,"footnotes":""},"categories":[443],"tags":[16922,23979,10394,6160],"class_list":["post-256135","post","type-post","status-publish","format-standard","has-post-thumbnail","category-farandula","tag-bebeshito","tag-chavela-campo","tag-premios-juventud","tag-reguetoneros-cubanos"],"acf":[],"yoast_head":"<!-- This site is optimized with the Yoast SEO plugin v28.3 - https:\/\/yoast.com\/product\/yoast-seo-wordpress\/ -->\n<title>Bebeshito no gan\u00f3 el Premio Juventud, pero le regal\u00f3 a su madre una noche inolvidable en Espa\u00f1a - Cuballama Noticias<\/title>\n<meta name=\"description\" content=\"Oniel Bebeshito no gan\u00f3 Premio Juventud, pero la gala celebrada en Marbella termin\u00f3 convirti\u00e9ndose en una noche muy especial para su familia\" \/>\n<meta name=\"robots\" content=\"index, follow, max-snippet:-1, max-image-preview:large, max-video-preview:-1\" \/>\n<link rel=\"canonical\" href=\"https:\/\/www.cuballama.com\/noticias\/bebeshito-no-gano-el-premio-juventud-pero-le-regalo-a-su-madre-una-noche-inolvidable-en-espana\/\" \/>\n<meta property=\"og:locale\" content=\"es_ES\" \/>\n<meta property=\"og:type\" content=\"article\" \/>\n<meta property=\"og:title\" content=\"Bebeshito no gan\u00f3 el Premio Juventud, pero le regal\u00f3 a su madre una noche inolvidable en Espa\u00f1a - Cuballama Noticias\" \/>\n<meta property=\"og:description\" content=\"Oniel Bebeshito no gan\u00f3 Premio Juventud, pero la gala celebrada en Marbella termin\u00f3 convirti\u00e9ndose en una noche muy especial para su familia\" \/>\n<meta property=\"og:url\" content=\"https:\/\/www.cuballama.com\/noticias\/bebeshito-no-gano-el-premio-juventud-pero-le-regalo-a-su-madre-una-noche-inolvidable-en-espana\/\" \/>\n<meta property=\"og:site_name\" content=\"Cuballama Noticias\" \/>\n<meta property=\"article:publisher\" content=\"https:\/\/www.facebook.com\/CubaLlama\" \/>\n<meta property=\"article:published_time\" content=\"2026-09-04T16:27:39+00:00\" \/>\n<meta property=\"article:modified_time\" content=\"2026-09-04T16:27:42+00:00\" \/>\n<meta property=\"og:image\" content=\"https:\/\/cdn1.mediawpaccore.net\/wp-content\/uploads\/2026\/09\/04122513\/Bebeshito-no-gano-el-Premio-Juventud-pero-le-regalo-a-su-madre-una-noche-inolvidable-en-Espana.png\" \/>\n\t<meta property=\"og:image:width\" content=\"1150\" \/>\n\t<meta property=\"og:image:height\" content=\"818\" \/>\n\t<meta property=\"og:image:type\" content=\"image\/png\" \/>\n<meta name=\"author\" content=\"Rafa\" \/>\n<meta name=\"twitter:card\" content=\"summary_large_image\" \/>\n<meta name=\"twitter:creator\" content=\"@cuballama\" \/>\n<meta name=\"twitter:site\" content=\"@cuballama\" \/>\n<meta name=\"twitter:label1\" content=\"Escrito por\" \/>\n\t<meta name=\"twitter:data1\" content=\"Rafa\" \/>\n\t<meta name=\"twitter:label2\" content=\"Tiempo de lectura\" \/>\n\t<meta name=\"twitter:data2\" content=\"5 minutos\" \/>\n<script type=\"application\/ld+json\" class=\"yoast-schema-graph\">{\"@context\":\"https:\\\/\\\/schema.org\",\"@graph\":[{\"@type\":\"Article\",\"@id\":\"https:\\\/\\\/www.cuballama.com\\\/noticias\\\/bebeshito-no-gano-el-premio-juventud-pero-le-regalo-a-su-madre-una-noche-inolvidable-en-espana\\\/#article\",\"isPartOf\":{\"@id\":\"https:\\\/\\\/www.cuballama.com\\\/noticias\\\/bebeshito-no-gano-el-premio-juventud-pero-le-regalo-a-su-madre-una-noche-inolvidable-en-espana\\\/\"},\"author\":{\"name\":\"Rafa\",\"@id\":\"https:\\\/\\\/www.cuballama.com\\\/noticias\\\/#\\\/schema\\\/person\\\/0f97914526a658755f00e59ec2a832f2\"},\"headline\":\"Bebeshito no gan\u00f3 el Premio Juventud, pero le regal\u00f3 a su madre una noche inolvidable en Espa\u00f1a\",\"datePublished\":\"2026-09-04T16:27:39+00:00\",\"dateModified\":\"2026-09-04T16:27:42+00:00\",\"mainEntityOfPage\":{\"@id\":\"https:\\\/\\\/www.cuballama.com\\\/noticias\\\/bebeshito-no-gano-el-premio-juventud-pero-le-regalo-a-su-madre-una-noche-inolvidable-en-espana\\\/\"},\"wordCount\":821,\"commentCount\":0,\"publisher\":{\"@id\":\"https:\\\/\\\/www.cuballama.com\\\/noticias\\\/#organization\"},\"image\":{\"@id\":\"https:\\\/\\\/www.cuballama.com\\\/noticias\\\/bebeshito-no-gano-el-premio-juventud-pero-le-regalo-a-su-madre-una-noche-inolvidable-en-espana\\\/#primaryimage\"},\"thumbnailUrl\":\"https:\\\/\\\/cdn1.mediawpaccore.net\\\/wp-content\\\/uploads\\\/2026\\\/09\\\/04122513\\\/Bebeshito-no-gano-el-Premio-Juventud-pero-le-regalo-a-su-madre-una-noche-inolvidable-en-Espana.png\",\"keywords\":[\"Bebeshito\",\"Chavela Campo\",\"Premios Juventud\",\"Reguetoneros cubanos\"],\"articleSection\":[\"Far\u00e1ndula\"],\"inLanguage\":\"es\",\"potentialAction\":[{\"@type\":\"CommentAction\",\"name\":\"Comment\",\"target\":[\"https:\\\/\\\/www.cuballama.com\\\/noticias\\\/bebeshito-no-gano-el-premio-juventud-pero-le-regalo-a-su-madre-una-noche-inolvidable-en-espana\\\/#respond\"]}]},{\"@type\":\"WebPage\",\"@id\":\"https:\\\/\\\/www.cuballama.com\\\/noticias\\\/bebeshito-no-gano-el-premio-juventud-pero-le-regalo-a-su-madre-una-noche-inolvidable-en-espana\\\/\",\"url\":\"https:\\\/\\\/www.cuballama.com\\\/noticias\\\/bebeshito-no-gano-el-premio-juventud-pero-le-regalo-a-su-madre-una-noche-inolvidable-en-espana\\\/\",\"name\":\"Bebeshito no gan\u00f3 el Premio Juventud, pero le regal\u00f3 a su madre una noche inolvidable en Espa\u00f1a - Cuballama Noticias\",\"isPartOf\":{\"@id\":\"https:\\\/\\\/www.cuballama.com\\\/noticias\\\/#website\"},\"primaryImageOfPage\":{\"@id\":\"https:\\\/\\\/www.cuballama.com\\\/noticias\\\/bebeshito-no-gano-el-premio-juventud-pero-le-regalo-a-su-madre-una-noche-inolvidable-en-espana\\\/#primaryimage\"},\"image\":{\"@id\":\"https:\\\/\\\/www.cuballama.com\\\/noticias\\\/bebeshito-no-gano-el-premio-juventud-pero-le-regalo-a-su-madre-una-noche-inolvidable-en-espana\\\/#primaryimage\"},\"thumbnailUrl\":\"https:\\\/\\\/cdn1.mediawpaccore.net\\\/wp-content\\\/uploads\\\/2026\\\/09\\\/04122513\\\/Bebeshito-no-gano-el-Premio-Juventud-pero-le-regalo-a-su-madre-una-noche-inolvidable-en-Espana.png\",\"datePublished\":\"2026-09-04T16:27:39+00:00\",\"dateModified\":\"2026-09-04T16:27:42+00:00\",\"description\":\"Oniel Bebeshito no gan\u00f3 Premio Juventud, pero la gala celebrada en Marbella termin\u00f3 convirti\u00e9ndose en una noche muy especial para su familia\",\"breadcrumb\":{\"@id\":\"https:\\\/\\\/www.cuballama.com\\\/noticias\\\/bebeshito-no-gano-el-premio-juventud-pero-le-regalo-a-su-madre-una-noche-inolvidable-en-espana\\\/#breadcrumb\"},\"inLanguage\":\"es\",\"potentialAction\":[{\"@type\":\"ReadAction\",\"target\":[\"https:\\\/\\\/www.cuballama.com\\\/noticias\\\/bebeshito-no-gano-el-premio-juventud-pero-le-regalo-a-su-madre-una-noche-inolvidable-en-espana\\\/\"]}]},{\"@type\":\"ImageObject\",\"inLanguage\":\"es\",\"@id\":\"https:\\\/\\\/www.cuballama.com\\\/noticias\\\/bebeshito-no-gano-el-premio-juventud-pero-le-regalo-a-su-madre-una-noche-inolvidable-en-espana\\\/#primaryimage\",\"url\":\"https:\\\/\\\/cdn1.mediawpaccore.net\\\/wp-content\\\/uploads\\\/2026\\\/09\\\/04122513\\\/Bebeshito-no-gano-el-Premio-Juventud-pero-le-regalo-a-su-madre-una-noche-inolvidable-en-Espana.png\",\"contentUrl\":\"https:\\\/\\\/cdn1.mediawpaccore.net\\\/wp-content\\\/uploads\\\/2026\\\/09\\\/04122513\\\/Bebeshito-no-gano-el-Premio-Juventud-pero-le-regalo-a-su-madre-una-noche-inolvidable-en-Espana.png\",\"width\":1150,\"height\":818,\"caption\":\"Bebeshito no gan\u00f3 el Premio Juventud, pero le regal\u00f3 a su madre una noche inolvidable en Espa\u00f1a (Foto: Bebeshito \\\/ Instagram)\"},{\"@type\":\"BreadcrumbList\",\"@id\":\"https:\\\/\\\/www.cuballama.com\\\/noticias\\\/bebeshito-no-gano-el-premio-juventud-pero-le-regalo-a-su-madre-una-noche-inolvidable-en-espana\\\/#breadcrumb\",\"itemListElement\":[{\"@type\":\"ListItem\",\"position\":1,\"name\":\"Home\",\"item\":\"https:\\\/\\\/www.cuballama.com\\\/noticias\\\/\"},{\"@type\":\"ListItem\",\"position\":2,\"name\":\"Bebeshito no gan\u00f3 el Premio Juventud, pero le regal\u00f3 a su madre una noche inolvidable en Espa\u00f1a\"}]},{\"@type\":\"WebSite\",\"@id\":\"https:\\\/\\\/www.cuballama.com\\\/noticias\\\/#website\",\"url\":\"https:\\\/\\\/www.cuballama.com\\\/noticias\\\/\",\"name\":\"Cuballama Noticias\",\"description\":\"Medio digital sobre Cuba y el mundo\",\"publisher\":{\"@id\":\"https:\\\/\\\/www.cuballama.com\\\/noticias\\\/#organization\"},\"potentialAction\":[{\"@type\":\"SearchAction\",\"target\":{\"@type\":\"EntryPoint\",\"urlTemplate\":\"https:\\\/\\\/www.cuballama.com\\\/noticias\\\/?s={search_term_string}\"},\"query-input\":{\"@type\":\"PropertyValueSpecification\",\"valueRequired\":true,\"valueName\":\"search_term_string\"}}],\"inLanguage\":\"es\"},{\"@type\":\"Organization\",\"@id\":\"https:\\\/\\\/www.cuballama.com\\\/noticias\\\/#organization\",\"name\":\"Cuballama\",\"url\":\"https:\\\/\\\/www.cuballama.com\\\/noticias\\\/\",\"logo\":{\"@type\":\"ImageObject\",\"inLanguage\":\"es\",\"@id\":\"https:\\\/\\\/www.cuballama.com\\\/noticias\\\/#\\\/schema\\\/logo\\\/image\\\/\",\"url\":\"https:\\\/\\\/cdn1.mediawpaccore.net\\\/wp-content\\\/uploads\\\/2021\\\/12\\\/28171206\\\/cbll-logo-color-sm.png\",\"contentUrl\":\"https:\\\/\\\/cdn1.mediawpaccore.net\\\/wp-content\\\/uploads\\\/2021\\\/12\\\/28171206\\\/cbll-logo-color-sm.png\",\"width\":600,\"height\":133,\"caption\":\"Cuballama\"},\"image\":{\"@id\":\"https:\\\/\\\/www.cuballama.com\\\/noticias\\\/#\\\/schema\\\/logo\\\/image\\\/\"},\"sameAs\":[\"https:\\\/\\\/www.facebook.com\\\/CubaLlama\",\"https:\\\/\\\/x.com\\\/cuballama\",\"https:\\\/\\\/www.instagram.com\\\/stories\\\/cuballama_oficial\\\/\",\"https:\\\/\\\/www.youtube.com\\\/channel\\\/UCKkFE-d_axENGZcrc4as0IA\"]},{\"@type\":\"Person\",\"@id\":\"https:\\\/\\\/www.cuballama.com\\\/noticias\\\/#\\\/schema\\\/person\\\/0f97914526a658755f00e59ec2a832f2\",\"name\":\"Rafa\",\"url\":\"https:\\\/\\\/www.cuballama.com\\\/noticias\\\/author\\\/rafa\\\/\"}]}<\/script>\n<!-- \/ Yoast SEO plugin. -->","yoast_head_json":{"title":"Bebeshito no gan\u00f3 el Premio Juventud, pero le regal\u00f3 a su madre una noche inolvidable en Espa\u00f1a - Cuballama Noticias","description":"Oniel Bebeshito no gan\u00f3 Premio Juventud, pero la gala celebrada en Marbella termin\u00f3 convirti\u00e9ndose en una noche muy especial para su familia","robots":{"index":"index","follow":"follow","max-snippet":"max-snippet:-1","max-image-preview":"max-image-preview:large","max-video-preview":"max-video-preview:-1"},"canonical":"https:\/\/www.cuballama.com\/noticias\/bebeshito-no-gano-el-premio-juventud-pero-le-regalo-a-su-madre-una-noche-inolvidable-en-espana\/","og_locale":"es_ES","og_type":"article","og_title":"Bebeshito no gan\u00f3 el Premio Juventud, pero le regal\u00f3 a su madre una noche inolvidable en Espa\u00f1a - Cuballama Noticias","og_description":"Oniel Bebeshito no gan\u00f3 Premio Juventud, pero la gala celebrada en Marbella termin\u00f3 convirti\u00e9ndose en una noche muy especial para su familia","og_url":"https:\/\/www.cuballama.com\/noticias\/bebeshito-no-gano-el-premio-juventud-pero-le-regalo-a-su-madre-una-noche-inolvidable-en-espana\/","og_site_name":"Cuballama Noticias","article_publisher":"https:\/\/www.facebook.com\/CubaLlama","article_published_time":"2026-09-04T16:27:39+00:00","article_modified_time":"2026-09-04T16:27:42+00:00","og_image":[{"width":1150,"height":818,"url":"https:\/\/cdn1.mediawpaccore.net\/wp-content\/uploads\/2026\/09\/04122513\/Bebeshito-no-gano-el-Premio-Juventud-pero-le-regalo-a-su-madre-una-noche-inolvidable-en-Espana.png","type":"image\/png"}],"author":"Rafa","twitter_card":"summary_large_image","twitter_creator":"@cuballama","twitter_site":"@cuballama","twitter_misc":{"Escrito por":"Rafa","Tiempo de lectura":"5 minutos"},"schema":{"@context":"https:\/\/schema.org","@graph":[{"@type":"Article","@id":"https:\/\/www.cuballama.com\/noticias\/bebeshito-no-gano-el-premio-juventud-pero-le-regalo-a-su-madre-una-noche-inolvidable-en-espana\/#article","isPartOf":{"@id":"https:\/\/www.cuballama.com\/noticias\/bebeshito-no-gano-el-premio-juventud-pero-le-regalo-a-su-madre-una-noche-inolvidable-en-espana\/"},"author":{"name":"Rafa","@id":"https:\/\/www.cuballama.com\/noticias\/#\/schema\/person\/0f97914526a658755f00e59ec2a832f2"},"headline":"Bebeshito no gan\u00f3 el Premio Juventud, pero le regal\u00f3 a su madre una noche inolvidable en Espa\u00f1a","datePublished":"2026-09-04T16:27:39+00:00","dateModified":"2026-09-04T16:27:42+00:00","mainEntityOfPage":{"@id":"https:\/\/www.cuballama.com\/noticias\/bebeshito-no-gano-el-premio-juventud-pero-le-regalo-a-su-madre-una-noche-inolvidable-en-espana\/"},"wordCount":821,"commentCount":0,"publisher":{"@id":"https:\/\/www.cuballama.com\/noticias\/#organization"},"image":{"@id":"https:\/\/www.cuballama.com\/noticias\/bebeshito-no-gano-el-premio-juventud-pero-le-regalo-a-su-madre-una-noche-inolvidable-en-espana\/#primaryimage"},"thumbnailUrl":"https:\/\/cdn1.mediawpaccore.net\/wp-content\/uploads\/2026\/09\/04122513\/Bebeshito-no-gano-el-Premio-Juventud-pero-le-regalo-a-su-madre-una-noche-inolvidable-en-Espana.png","keywords":["Bebeshito","Chavela Campo","Premios Juventud","Reguetoneros cubanos"],"articleSection":["Far\u00e1ndula"],"inLanguage":"es","potentialAction":[{"@type":"CommentAction","name":"Comment","target":["https:\/\/www.cuballama.com\/noticias\/bebeshito-no-gano-el-premio-juventud-pero-le-regalo-a-su-madre-una-noche-inolvidable-en-espana\/#respond"]}]},{"@type":"WebPage","@id":"https:\/\/www.cuballama.com\/noticias\/bebeshito-no-gano-el-premio-juventud-pero-le-regalo-a-su-madre-una-noche-inolvidable-en-espana\/","url":"https:\/\/www.cuballama.com\/noticias\/bebeshito-no-gano-el-premio-juventud-pero-le-regalo-a-su-madre-una-noche-inolvidable-en-espana\/","name":"Bebeshito no gan\u00f3 el Premio Juventud, pero le regal\u00f3 a su madre una noche inolvidable en Espa\u00f1a - Cuballama Noticias","isPartOf":{"@id":"https:\/\/www.cuballama.com\/noticias\/#website"},"primaryImageOfPage":{"@id":"https:\/\/www.cuballama.com\/noticias\/bebeshito-no-gano-el-premio-juventud-pero-le-regalo-a-su-madre-una-noche-inolvidable-en-espana\/#primaryimage"},"image":{"@id":"https:\/\/www.cuballama.com\/noticias\/bebeshito-no-gano-el-premio-juventud-pero-le-regalo-a-su-madre-una-noche-inolvidable-en-espana\/#primaryimage"},"thumbnailUrl":"https:\/\/cdn1.mediawpaccore.net\/wp-content\/uploads\/2026\/09\/04122513\/Bebeshito-no-gano-el-Premio-Juventud-pero-le-regalo-a-su-madre-una-noche-inolvidable-en-Espana.png","datePublished":"2026-09-04T16:27:39+00:00","dateModified":"2026-09-04T16:27:42+00:00","description":"Oniel Bebeshito no gan\u00f3 Premio Juventud, pero la gala celebrada en Marbella termin\u00f3 convirti\u00e9ndose en una noche muy especial para su familia","breadcrumb":{"@id":"https:\/\/www.cuballama.com\/noticias\/bebeshito-no-gano-el-premio-juventud-pero-le-regalo-a-su-madre-una-noche-inolvidable-en-espana\/#breadcrumb"},"inLanguage":"es","potentialAction":[{"@type":"ReadAction","target":["https:\/\/www.cuballama.com\/noticias\/bebeshito-no-gano-el-premio-juventud-pero-le-regalo-a-su-madre-una-noche-inolvidable-en-espana\/"]}]},{"@type":"ImageObject","inLanguage":"es","@id":"https:\/\/www.cuballama.com\/noticias\/bebeshito-no-gano-el-premio-juventud-pero-le-regalo-a-su-madre-una-noche-inolvidable-en-espana\/#primaryimage","url":"https:\/\/cdn1.mediawpaccore.net\/wp-content\/uploads\/2026\/09\/04122513\/Bebeshito-no-gano-el-Premio-Juventud-pero-le-regalo-a-su-madre-una-noche-inolvidable-en-Espana.png","contentUrl":"https:\/\/cdn1.mediawpaccore.net\/wp-content\/uploads\/2026\/09\/04122513\/Bebeshito-no-gano-el-Premio-Juventud-pero-le-regalo-a-su-madre-una-noche-inolvidable-en-Espana.png","width":1150,"height":818,"caption":"Bebeshito no gan\u00f3 el Premio Juventud, pero le regal\u00f3 a su madre una noche inolvidable en Espa\u00f1a (Foto: Bebeshito \/ Instagram)"},{"@type":"BreadcrumbList","@id":"https:\/\/www.cuballama.com\/noticias\/bebeshito-no-gano-el-premio-juventud-pero-le-regalo-a-su-madre-una-noche-inolvidable-en-espana\/#breadcrumb","itemListElement":[{"@type":"ListItem","position":1,"name":"Home","item":"https:\/\/www.cuballama.com\/noticias\/"},{"@type":"ListItem","position":2,"name":"Bebeshito no gan\u00f3 el Premio Juventud, pero le regal\u00f3 a su madre una noche inolvidable en Espa\u00f1a"}]},{"@type":"WebSite","@id":"https:\/\/www.cuballama.com\/noticias\/#website","url":"https:\/\/www.cuballama.com\/noticias\/","name":"Cuballama Noticias","description":"Medio digital sobre Cuba y el mundo","publisher":{"@id":"https:\/\/www.cuballama.com\/noticias\/#organization"},"potentialAction":[{"@type":"SearchAction","target":{"@type":"EntryPoint","urlTemplate":"https:\/\/www.cuballama.com\/noticias\/?s={search_term_string}"},"query-input":{"@type":"PropertyValueSpecification","valueRequired":true,"valueName":"search_term_string"}}],"inLanguage":"es"},{"@type":"Organization","@id":"https:\/\/www.cuballama.com\/noticias\/#organization","name":"Cuballama","url":"https:\/\/www.cuballama.com\/noticias\/","logo":{"@type":"ImageObject","inLanguage":"es","@id":"https:\/\/www.cuballama.com\/noticias\/#\/schema\/logo\/image\/","url":"https:\/\/cdn1.mediawpaccore.net\/wp-content\/uploads\/2021\/12\/28171206\/cbll-logo-color-sm.png","contentUrl":"https:\/\/cdn1.mediawpaccore.net\/wp-content\/uploads\/2021\/12\/28171206\/cbll-logo-color-sm.png","width":600,"height":133,"caption":"Cuballama"},"image":{"@id":"https:\/\/www.cuballama.com\/noticias\/#\/schema\/logo\/image\/"},"sameAs":["https:\/\/www.facebook.com\/CubaLlama","https:\/\/x.com\/cuballama","https:\/\/www.instagram.com\/stories\/cuballama_oficial\/","https:\/\/www.youtube.com\/channel\/UCKkFE-d_axENGZcrc4as0IA"]},{"@type":"Person","@id":"https:\/\/www.cuballama.com\/noticias\/#\/schema\/person\/0f97914526a658755f00e59ec2a832f2","name":"Rafa","url":"https:\/\/www.cuballama.com\/noticias\/author\/rafa\/"}]}},"_links":{"self":[{"href":"https:\/\/www.cuballama.com\/noticias\/wp-json\/wp\/v2\/posts\/256135","targetHints":{"allow":["GET"]}}],"collection":[{"href":"https:\/\/www.cuballama.com\/noticias\/wp-json\/wp\/v2\/posts"}],"about":[{"href":"https:\/\/www.cuballama.com\/noticias\/wp-json\/wp\/v2\/types\/post"}],"author":[{"embeddable":true,"href":"https:\/\/www.cuballama.com\/noticias\/wp-json\/wp\/v2\/users\/27"}],"replies":[{"embeddable":true,"href":"https:\/\/www.cuballama.com\/noticias\/wp-json\/wp\/v2\/comments?post=256135"}],"version-history":[{"count":1,"href":"https:\/\/www.cuballama.com\/noticias\/wp-json\/wp\/v2\/posts\/256135\/revisions"}],"predecessor-version":[{"id":256143,"href":"https:\/\/www.cuballama.com\/noticias\/wp-json\/wp\/v2\/posts\/256135\/revisions\/256143"}],"wp:featuredmedia":[{"embeddable":true,"href":"https:\/\/www.cuballama.com\/noticias\/wp-json\/wp\/v2\/media\/256142"}],"wp:attachment":[{"href":"https:\/\/www.cuballama.com\/noticias\/wp-json\/wp\/v2\/media?parent=256135"}],"wp:term":[{"taxonomy":"category","embeddable":true,"href":"https:\/\/www.cuballama.com\/noticias\/wp-json\/wp\/v2\/categories?post=256135"},{"taxonomy":"post_tag","embeddable":true,"href":"https:\/\/www.cuballama.com\/noticias\/wp-json\/wp\/v2\/tags?post=256135"}],"curies":[{"name":"wp","href":"https:\/\/api.w.org\/{rel}","templated":true}]}}