{"id":256132,"date":"2026-09-04T12:20:10","date_gmt":"2026-09-04T16:20:10","guid":{"rendered":"https:\/\/www.cuballama.com\/noticias\/?p=256132"},"modified":"2026-09-04T12:20:13","modified_gmt":"2026-09-04T16:20:13","slug":"conoce-a-los-monjes-budistas-que-intentan-echar-raices-en-cuba","status":"publish","type":"post","link":"https:\/\/www.cuballama.com\/noticias\/conoce-a-los-monjes-budistas-que-intentan-echar-raices-en-cuba\/","title":{"rendered":"Conoce a los monjes budistas que intentan echar ra\u00edces en Cuba"},"content":{"rendered":"\n<p class=\"wp-block-paragraph\">Vestidos con las tradicionales t\u00fanicas de los monjes budistas y en medio de una Cuba marcada por apagones, escasez y una prolongada crisis econ\u00f3mica, Aki\u00f1cano y Mett\u0101nanda intentan hacer algo poco com\u00fan en la Isla: consolidar una comunidad dedicada al budismo theravada.<\/p>\n\n\n\n<p class=\"wp-block-paragraph\">Los dos son los primeros novicios de Theravada Cuba, una peque\u00f1a comunidad que desde febrero de 2026 cuenta en La Habana con Sanditthiko Vihara, presentado por sus integrantes como el primer espacio mon\u00e1stico de esta tradici\u00f3n budista establecido en el pa\u00eds.<\/p>\n\n\n\n<p class=\"wp-block-paragraph\">Un vihara es, en t\u00e9rminos sencillos, una residencia para monjes budistas que puede funcionar tambi\u00e9n como templo y espacio de encuentro para los practicantes.<\/p>\n\n\n\n<p class=\"wp-block-paragraph\">Hasta ahora el budismo theravada ha tenido una presencia muy discreta en Cuba, donde las expresiones religiosas m\u00e1s visibles han estado hist\u00f3ricamente vinculadas al catolicismo, las iglesias protestantes y las religiones de origen africano.<\/p>\n\n\n\n<p class=\"wp-block-paragraph\">En los \u00faltimos a\u00f1os, sin embargo, distintas manifestaciones espirituales han ganado visibilidad en medio de una crisis que afecta pr\u00e1cticamente todos los aspectos de la vida cotidiana. Recientemente, por ejemplo, <strong><a href=\"https:\/\/www.cuballama.com\/noticias\/santeros-invocan-a-sus-deidades-buscando-la-paz-en-cuba-mientras-companias-en-usa-se-preparan-para-entrar-en-la-isla\/\" target=\"_blank\" rel=\"noreferrer noopener\">sacerdotes de religiones afrocubanas se reunieron para pedir paz y armon\u00eda para Cuba<\/a>.<\/strong><\/p>\n\n\n\n<h3 class=\"wp-block-heading\">\u00bfQui\u00e9nes son Aki\u00f1cano y Mett\u0101nanda?<\/h3>\n\n\n\n<p class=\"wp-block-paragraph\">La historia de los dos novicios est\u00e1 vinculada a Ayy\u0101 M\u0101rajin\u0101, una monja budista cuyos padres son cubanos y que durante a\u00f1os viaj\u00f3 peri\u00f3dicamente a la Isla para ense\u00f1ar y promover la pr\u00e1ctica del budismo theravada.<\/p>\n\n\n\n<p class=\"wp-block-paragraph\">Seg\u00fan explic\u00f3 Aki\u00f1cano en una entrevista concedida a CubaNet, M\u0101rajin\u0101 lleg\u00f3 a realizar dos y hasta tres viajes anuales a Cuba, una din\u00e1mica que termin\u00f3 siendo dif\u00edcil de mantener.<\/p>\n\n\n\n<iframe loading=\"lazy\" src=\"https:\/\/www.facebook.com\/plugins\/post.php?href=https%3A%2F%2Fwww.facebook.com%2Fmarajina.bhikkhuni%2Fposts%2Fpfbid02vEKrCSbFXSYGBw7P2TBKSkSPVFCoeSpKmQixLWSrorHBcbejpfvn1UCT7QCgtk99l&#038;show_text=true&#038;width=500\" width=\"500\" height=\"613\" style=\"border:none;overflow:hidden\" scrolling=\"no\" frameborder=\"0\" allowfullscreen=\"true\" allow=\"autoplay; clipboard-write; encrypted-media; picture-in-picture; web-share\"><\/iframe>\n\n\n\n<p class=\"wp-block-paragraph\">La creaci\u00f3n de Sanditthiko Vihara cambi\u00f3 parcialmente esa situaci\u00f3n al proporcionar a los practicantes un punto relativamente estable donde reunirse para meditar, estudiar y conocer las ense\u00f1anzas atribuidas a Buda. El espacio comenz\u00f3 a funcionar a mediados de febrero de 2026 y todav\u00eda se encuentra en una etapa inicial.<\/p>\n\n\n\n<p class=\"wp-block-paragraph\">Aki\u00f1cano reconoce que incluso el lugar donde funciona actualmente podr\u00eda no ser definitivo. Para la comunidad, asegura, lo realmente importante es disponer de un sitio donde puedan reunirse y mantener una pr\u00e1ctica continuada.<\/p>\n\n\n\n<h3 class=\"wp-block-heading\">Budismo en medio de la crisis cubana<\/h3>\n\n\n\n<p class=\"wp-block-paragraph\">La llegada de una comunidad mon\u00e1stica de este tipo resulta particularmente llamativa por el momento que atraviesa el pa\u00eds. Cuba enfrenta desde hace a\u00f1os graves problemas econ\u00f3micos, deterioro de servicios p\u00fablicos, apagones, dificultades con el abastecimiento de alimentos y medicinas y una creciente emigraci\u00f3n.<\/p>\n\n\n\n<p class=\"wp-block-paragraph\">Para Aki\u00f1cano, precisamente esas circunstancias hacen que pr\u00e1cticas como la meditaci\u00f3n y el desarrollo de la calma tengan especial sentido. El novicio considera que llevar el Dhamma (nombre utilizado en pali para referirse a las ense\u00f1anzas de Buda) a la Cuba actual resulta complicado principalmente por las limitaciones materiales existentes.<\/p>\n\n\n\n<p class=\"wp-block-paragraph\">Sin embargo, sostiene que es justamente en circunstancias dif\u00edciles cuando cobra mayor importancia aprender a controlar la mente y distinguir entre aquello que una persona puede cambiar y aquello que est\u00e1 fuera de su alcance.<\/p>\n\n\n\n<p class=\"wp-block-paragraph\">No es la primera vez que l\u00edderes religiosos presentes en Cuba relacionan la espiritualidad con la dif\u00edcil situaci\u00f3n social del pa\u00eds. El sacerdote cat\u00f3lico <a href=\"https:\/\/www.cuballama.com\/noticias\/lester-zayas-el-cura-que-incomoda-al-gobierno-cubano\/\" target=\"_blank\" rel=\"noreferrer noopener\"><strong>L\u00e9ster Zayas, conocido por sus cr\u00edticas al gobierno cubano<\/strong><\/a>, tambi\u00e9n ha hablado en numerosas ocasiones sobre el papel de la fe en momentos de crisis.<\/p>\n\n\n\n<h3 class=\"wp-block-heading\">\u201cAunque reparemos el pa\u00eds completo\u2026\u201d<\/h3>\n\n\n\n<p class=\"wp-block-paragraph\">Mett\u0101nanda, el segundo novicio de la comunidad, ofrece una reflexi\u00f3n todav\u00eda m\u00e1s directamente relacionada con la realidad cubana. En declaraciones a CubaNet, explic\u00f3 que vivir como monje dentro de la Isla le ha permitido observar c\u00f3mo conductas como la codicia, la ira y la ignorancia pueden terminar provocando sufrimiento no solamente a una persona, sino tambi\u00e9n a toda una sociedad.<\/p>\n\n\n\n<p class=\"wp-block-paragraph\">Su respuesta, afirma, ha sido tratar de desarrollar justamente los comportamientos contrarios: la generosidad, la compasi\u00f3n y la disposici\u00f3n a ayudar a otras personas.<\/p>\n\n\n\n<iframe loading=\"lazy\" src=\"https:\/\/www.facebook.com\/plugins\/post.php?href=https%3A%2F%2Fwww.facebook.com%2Fmaricela.muniz.lamelas%2Fposts%2Fpfbid02bnWBgLr74Gi2fjhyv7snvTduTzZhR3wuLzTneTvYGCHgJwQzfdjubNnNV5Db1Wbkl&#038;show_text=true&#038;width=500\" width=\"500\" height=\"819\" style=\"border:none;overflow:hidden\" scrolling=\"no\" frameborder=\"0\" allowfullscreen=\"true\" allow=\"autoplay; clipboard-write; encrypted-media; picture-in-picture; web-share\"><\/iframe>\n\n\n\n<p class=\"wp-block-paragraph\">Para Mett\u0101nanda, reconstruir materialmente una sociedad no ser\u00eda suficiente si sus individuos no modifican tambi\u00e9n la forma en la que se relacionan entre ellos. \u201cY aunque reparemos el pa\u00eds completo, de nada va a servir si no reparamos el coraz\u00f3n\u201d, afirm\u00f3 el novicio en una de las declaraciones recogidas por CubaNet.<\/p>\n\n\n\n<p class=\"wp-block-paragraph\">La filosof\u00eda encaja con uno de los principios centrales que los dos religiosos intentan transmitir: el budismo no ofrece una manera inmediata de cambiar las circunstancias econ\u00f3micas o pol\u00edticas que rodean a una persona, sino herramientas para modificar la forma en que esa persona responde a ellas.<\/p>\n\n\n\n<h3 class=\"wp-block-heading\">Una comunidad todav\u00eda peque\u00f1a<\/h3>\n\n\n\n<p class=\"wp-block-paragraph\">Sanditthiko Vihara lleva apenas unos meses funcionando. Adem\u00e1s de los encuentros presenciales en La Habana, Theravada Cuba realiza sesiones de meditaci\u00f3n y ense\u00f1anzas mediante internet, una v\u00eda que permite acercar esta tradici\u00f3n a personas que no pueden acudir f\u00edsicamente al espacio.<\/p>\n\n\n\n<p class=\"wp-block-paragraph\">El theravada es una de las principales ramas hist\u00f3ricas del budismo y tiene una fuerte presencia en pa\u00edses como Sri Lanka, Tailandia, Myanmar, Camboya y Laos. Sus textos religiosos m\u00e1s antiguos se conservan tradicionalmente en lengua pali.<\/p>\n\n\n\n<p class=\"wp-block-paragraph\">Su aparici\u00f3n organizada en Cuba representa por ello una peque\u00f1a pero peculiar novedad dentro del diverso panorama religioso de la Isla.<\/p>\n\n\n\n<p class=\"wp-block-paragraph\">Aki\u00f1cano y Mett\u0101nanda no aseguran saber hasta d\u00f3nde llegar\u00e1 el proyecto. Por ahora, entre las dificultades materiales que atraviesa el pa\u00eds, los dos novicios contin\u00faan reuni\u00e9ndose con quienes se acercan al vihara para meditar, estudiar y compartir una filosof\u00eda que pone el \u00e9nfasis en la disciplina mental, la compasi\u00f3n y el control de los propios actos.<\/p>\n\n\n\n<p class=\"wp-block-paragraph\">En un pa\u00eds donde buena parte de la atenci\u00f3n cotidiana est\u00e1 inevitablemente dirigida a conseguir comida, electricidad, transporte o simplemente llegar al final del d\u00eda, estos dos cubanos intentan construir un peque\u00f1o espacio dedicado a algo completamente diferente: aprender a detenerse y observar la propia mente.<\/p>\n\n\n\n<figure class=\"wp-block-embed is-type-video is-provider-youtube wp-block-embed-youtube wp-embed-aspect-16-9 wp-has-aspect-ratio\"><div class=\"wp-block-embed__wrapper\">\n<div class=\"youtube-embed\" data-video_id=\"tnUGJBAQ3MA\"><iframe loading=\"lazy\" title=\"As\u00ed es ser budista en Cuba. Mira c\u00f3mo viven y qu\u00e9 predican\" width=\"696\" height=\"392\" src=\"https:\/\/www.youtube.com\/embed\/tnUGJBAQ3MA?feature=oembed&#038;enablejsapi=1\" frameborder=\"0\" allow=\"accelerometer; autoplay; clipboard-write; encrypted-media; gyroscope; picture-in-picture; web-share\" referrerpolicy=\"strict-origin-when-cross-origin\" allowfullscreen><\/iframe><\/div>\n<\/div><\/figure>\n","protected":false},"excerpt":{"rendered":"<p>Hasta ahora el budismo theravada ha tenido una presencia muy discreta en Cuba<\/p>\n","protected":false},"author":27,"featured_media":256138,"comment_status":"open","ping_status":"closed","sticky":false,"template":"","format":"standard","meta":{"_acf_changed":false,"footnotes":""},"categories":[955],"tags":[35561,10867,13730],"class_list":["post-256132","post","type-post","status-publish","format-standard","has-post-thumbnail","category-noticias-de-cuba","tag-budismo-tibetano","tag-crisis-en-cuba","tag-religiones"],"acf":[],"yoast_head":"<!-- This site is optimized with the Yoast SEO plugin v28.3 - https:\/\/yoast.com\/product\/yoast-seo-wordpress\/ -->\n<title>Conoce a los monjes budistas que intentan echar ra\u00edces en Cuba - Cuballama Noticias<\/title>\n<meta name=\"description\" content=\"Son los primeros novicios de Theravada Cuba, una peque\u00f1a comunidad que desde febrero de 2026 cuenta en La Habana con un espacio mon\u00e1stico\" \/>\n<meta name=\"robots\" content=\"index, follow, max-snippet:-1, max-image-preview:large, max-video-preview:-1\" \/>\n<link rel=\"canonical\" href=\"https:\/\/www.cuballama.com\/noticias\/conoce-a-los-monjes-budistas-que-intentan-echar-raices-en-cuba\/\" \/>\n<meta property=\"og:locale\" content=\"es_ES\" \/>\n<meta property=\"og:type\" content=\"article\" \/>\n<meta property=\"og:title\" content=\"Conoce a los monjes budistas que intentan echar ra\u00edces en Cuba - Cuballama Noticias\" \/>\n<meta property=\"og:description\" content=\"Son los primeros novicios de Theravada Cuba, una peque\u00f1a comunidad que desde febrero de 2026 cuenta en La Habana con un espacio mon\u00e1stico\" \/>\n<meta property=\"og:url\" content=\"https:\/\/www.cuballama.com\/noticias\/conoce-a-los-monjes-budistas-que-intentan-echar-raices-en-cuba\/\" \/>\n<meta property=\"og:site_name\" content=\"Cuballama Noticias\" \/>\n<meta property=\"article:publisher\" content=\"https:\/\/www.facebook.com\/CubaLlama\" \/>\n<meta property=\"article:published_time\" content=\"2026-09-04T16:20:10+00:00\" \/>\n<meta property=\"article:modified_time\" content=\"2026-09-04T16:20:13+00:00\" \/>\n<meta property=\"og:image\" content=\"https:\/\/cdn1.mediawpaccore.net\/wp-content\/uploads\/2026\/09\/04121718\/Conoce-a-los-monjes-budistas-que-intentan-echar-raices-en-Cuba.png\" \/>\n\t<meta property=\"og:image:width\" content=\"1150\" \/>\n\t<meta property=\"og:image:height\" content=\"818\" \/>\n\t<meta property=\"og:image:type\" content=\"image\/png\" \/>\n<meta name=\"author\" content=\"Rafa\" \/>\n<meta name=\"twitter:card\" content=\"summary_large_image\" \/>\n<meta name=\"twitter:creator\" content=\"@cuballama\" \/>\n<meta name=\"twitter:site\" content=\"@cuballama\" \/>\n<meta name=\"twitter:label1\" content=\"Escrito por\" \/>\n\t<meta name=\"twitter:data1\" content=\"Rafa\" \/>\n\t<meta name=\"twitter:label2\" content=\"Tiempo de lectura\" \/>\n\t<meta name=\"twitter:data2\" content=\"5 minutos\" \/>\n<script type=\"application\/ld+json\" class=\"yoast-schema-graph\">{\"@context\":\"https:\\\/\\\/schema.org\",\"@graph\":[{\"@type\":\"Article\",\"@id\":\"https:\\\/\\\/www.cuballama.com\\\/noticias\\\/conoce-a-los-monjes-budistas-que-intentan-echar-raices-en-cuba\\\/#article\",\"isPartOf\":{\"@id\":\"https:\\\/\\\/www.cuballama.com\\\/noticias\\\/conoce-a-los-monjes-budistas-que-intentan-echar-raices-en-cuba\\\/\"},\"author\":{\"name\":\"Rafa\",\"@id\":\"https:\\\/\\\/www.cuballama.com\\\/noticias\\\/#\\\/schema\\\/person\\\/0f97914526a658755f00e59ec2a832f2\"},\"headline\":\"Conoce a los monjes budistas que intentan echar ra\u00edces en Cuba\",\"datePublished\":\"2026-09-04T16:20:10+00:00\",\"dateModified\":\"2026-09-04T16:20:13+00:00\",\"mainEntityOfPage\":{\"@id\":\"https:\\\/\\\/www.cuballama.com\\\/noticias\\\/conoce-a-los-monjes-budistas-que-intentan-echar-raices-en-cuba\\\/\"},\"wordCount\":1028,\"commentCount\":0,\"publisher\":{\"@id\":\"https:\\\/\\\/www.cuballama.com\\\/noticias\\\/#organization\"},\"image\":{\"@id\":\"https:\\\/\\\/www.cuballama.com\\\/noticias\\\/conoce-a-los-monjes-budistas-que-intentan-echar-raices-en-cuba\\\/#primaryimage\"},\"thumbnailUrl\":\"https:\\\/\\\/cdn1.mediawpaccore.net\\\/wp-content\\\/uploads\\\/2026\\\/09\\\/04121718\\\/Conoce-a-los-monjes-budistas-que-intentan-echar-raices-en-Cuba.png\",\"keywords\":[\"budismo tibetano\",\"Crisis en Cuba\",\"Religiones\"],\"articleSection\":[\"Noticias de Cuba\"],\"inLanguage\":\"es\",\"potentialAction\":[{\"@type\":\"CommentAction\",\"name\":\"Comment\",\"target\":[\"https:\\\/\\\/www.cuballama.com\\\/noticias\\\/conoce-a-los-monjes-budistas-que-intentan-echar-raices-en-cuba\\\/#respond\"]}]},{\"@type\":\"WebPage\",\"@id\":\"https:\\\/\\\/www.cuballama.com\\\/noticias\\\/conoce-a-los-monjes-budistas-que-intentan-echar-raices-en-cuba\\\/\",\"url\":\"https:\\\/\\\/www.cuballama.com\\\/noticias\\\/conoce-a-los-monjes-budistas-que-intentan-echar-raices-en-cuba\\\/\",\"name\":\"Conoce a los monjes budistas que intentan echar ra\u00edces en Cuba - Cuballama Noticias\",\"isPartOf\":{\"@id\":\"https:\\\/\\\/www.cuballama.com\\\/noticias\\\/#website\"},\"primaryImageOfPage\":{\"@id\":\"https:\\\/\\\/www.cuballama.com\\\/noticias\\\/conoce-a-los-monjes-budistas-que-intentan-echar-raices-en-cuba\\\/#primaryimage\"},\"image\":{\"@id\":\"https:\\\/\\\/www.cuballama.com\\\/noticias\\\/conoce-a-los-monjes-budistas-que-intentan-echar-raices-en-cuba\\\/#primaryimage\"},\"thumbnailUrl\":\"https:\\\/\\\/cdn1.mediawpaccore.net\\\/wp-content\\\/uploads\\\/2026\\\/09\\\/04121718\\\/Conoce-a-los-monjes-budistas-que-intentan-echar-raices-en-Cuba.png\",\"datePublished\":\"2026-09-04T16:20:10+00:00\",\"dateModified\":\"2026-09-04T16:20:13+00:00\",\"description\":\"Son los primeros novicios de Theravada Cuba, una peque\u00f1a comunidad que desde febrero de 2026 cuenta en La Habana con un espacio mon\u00e1stico\",\"breadcrumb\":{\"@id\":\"https:\\\/\\\/www.cuballama.com\\\/noticias\\\/conoce-a-los-monjes-budistas-que-intentan-echar-raices-en-cuba\\\/#breadcrumb\"},\"inLanguage\":\"es\",\"potentialAction\":[{\"@type\":\"ReadAction\",\"target\":[\"https:\\\/\\\/www.cuballama.com\\\/noticias\\\/conoce-a-los-monjes-budistas-que-intentan-echar-raices-en-cuba\\\/\"]}]},{\"@type\":\"ImageObject\",\"inLanguage\":\"es\",\"@id\":\"https:\\\/\\\/www.cuballama.com\\\/noticias\\\/conoce-a-los-monjes-budistas-que-intentan-echar-raices-en-cuba\\\/#primaryimage\",\"url\":\"https:\\\/\\\/cdn1.mediawpaccore.net\\\/wp-content\\\/uploads\\\/2026\\\/09\\\/04121718\\\/Conoce-a-los-monjes-budistas-que-intentan-echar-raices-en-Cuba.png\",\"contentUrl\":\"https:\\\/\\\/cdn1.mediawpaccore.net\\\/wp-content\\\/uploads\\\/2026\\\/09\\\/04121718\\\/Conoce-a-los-monjes-budistas-que-intentan-echar-raices-en-Cuba.png\",\"width\":1150,\"height\":818,\"caption\":\"Conoce a los monjes budistas que intentan echar rai\u0301ces en Cuba (Foto: Marajina Bikkuni \\\/ Facebook)\"},{\"@type\":\"BreadcrumbList\",\"@id\":\"https:\\\/\\\/www.cuballama.com\\\/noticias\\\/conoce-a-los-monjes-budistas-que-intentan-echar-raices-en-cuba\\\/#breadcrumb\",\"itemListElement\":[{\"@type\":\"ListItem\",\"position\":1,\"name\":\"Home\",\"item\":\"https:\\\/\\\/www.cuballama.com\\\/noticias\\\/\"},{\"@type\":\"ListItem\",\"position\":2,\"name\":\"Conoce a los monjes budistas que intentan echar ra\u00edces en Cuba\"}]},{\"@type\":\"WebSite\",\"@id\":\"https:\\\/\\\/www.cuballama.com\\\/noticias\\\/#website\",\"url\":\"https:\\\/\\\/www.cuballama.com\\\/noticias\\\/\",\"name\":\"Cuballama Noticias\",\"description\":\"Medio digital sobre Cuba y el mundo\",\"publisher\":{\"@id\":\"https:\\\/\\\/www.cuballama.com\\\/noticias\\\/#organization\"},\"potentialAction\":[{\"@type\":\"SearchAction\",\"target\":{\"@type\":\"EntryPoint\",\"urlTemplate\":\"https:\\\/\\\/www.cuballama.com\\\/noticias\\\/?s={search_term_string}\"},\"query-input\":{\"@type\":\"PropertyValueSpecification\",\"valueRequired\":true,\"valueName\":\"search_term_string\"}}],\"inLanguage\":\"es\"},{\"@type\":\"Organization\",\"@id\":\"https:\\\/\\\/www.cuballama.com\\\/noticias\\\/#organization\",\"name\":\"Cuballama\",\"url\":\"https:\\\/\\\/www.cuballama.com\\\/noticias\\\/\",\"logo\":{\"@type\":\"ImageObject\",\"inLanguage\":\"es\",\"@id\":\"https:\\\/\\\/www.cuballama.com\\\/noticias\\\/#\\\/schema\\\/logo\\\/image\\\/\",\"url\":\"https:\\\/\\\/cdn1.mediawpaccore.net\\\/wp-content\\\/uploads\\\/2021\\\/12\\\/28171206\\\/cbll-logo-color-sm.png\",\"contentUrl\":\"https:\\\/\\\/cdn1.mediawpaccore.net\\\/wp-content\\\/uploads\\\/2021\\\/12\\\/28171206\\\/cbll-logo-color-sm.png\",\"width\":600,\"height\":133,\"caption\":\"Cuballama\"},\"image\":{\"@id\":\"https:\\\/\\\/www.cuballama.com\\\/noticias\\\/#\\\/schema\\\/logo\\\/image\\\/\"},\"sameAs\":[\"https:\\\/\\\/www.facebook.com\\\/CubaLlama\",\"https:\\\/\\\/x.com\\\/cuballama\",\"https:\\\/\\\/www.instagram.com\\\/stories\\\/cuballama_oficial\\\/\",\"https:\\\/\\\/www.youtube.com\\\/channel\\\/UCKkFE-d_axENGZcrc4as0IA\"]},{\"@type\":\"Person\",\"@id\":\"https:\\\/\\\/www.cuballama.com\\\/noticias\\\/#\\\/schema\\\/person\\\/0f97914526a658755f00e59ec2a832f2\",\"name\":\"Rafa\",\"url\":\"https:\\\/\\\/www.cuballama.com\\\/noticias\\\/author\\\/rafa\\\/\"}]}<\/script>\n<!-- \/ Yoast SEO plugin. -->","yoast_head_json":{"title":"Conoce a los monjes budistas que intentan echar ra\u00edces en Cuba - Cuballama Noticias","description":"Son los primeros novicios de Theravada Cuba, una peque\u00f1a comunidad que desde febrero de 2026 cuenta en La Habana con un espacio mon\u00e1stico","robots":{"index":"index","follow":"follow","max-snippet":"max-snippet:-1","max-image-preview":"max-image-preview:large","max-video-preview":"max-video-preview:-1"},"canonical":"https:\/\/www.cuballama.com\/noticias\/conoce-a-los-monjes-budistas-que-intentan-echar-raices-en-cuba\/","og_locale":"es_ES","og_type":"article","og_title":"Conoce a los monjes budistas que intentan echar ra\u00edces en Cuba - Cuballama Noticias","og_description":"Son los primeros novicios de Theravada Cuba, una peque\u00f1a comunidad que desde febrero de 2026 cuenta en La Habana con un espacio mon\u00e1stico","og_url":"https:\/\/www.cuballama.com\/noticias\/conoce-a-los-monjes-budistas-que-intentan-echar-raices-en-cuba\/","og_site_name":"Cuballama Noticias","article_publisher":"https:\/\/www.facebook.com\/CubaLlama","article_published_time":"2026-09-04T16:20:10+00:00","article_modified_time":"2026-09-04T16:20:13+00:00","og_image":[{"width":1150,"height":818,"url":"https:\/\/cdn1.mediawpaccore.net\/wp-content\/uploads\/2026\/09\/04121718\/Conoce-a-los-monjes-budistas-que-intentan-echar-raices-en-Cuba.png","type":"image\/png"}],"author":"Rafa","twitter_card":"summary_large_image","twitter_creator":"@cuballama","twitter_site":"@cuballama","twitter_misc":{"Escrito por":"Rafa","Tiempo de lectura":"5 minutos"},"schema":{"@context":"https:\/\/schema.org","@graph":[{"@type":"Article","@id":"https:\/\/www.cuballama.com\/noticias\/conoce-a-los-monjes-budistas-que-intentan-echar-raices-en-cuba\/#article","isPartOf":{"@id":"https:\/\/www.cuballama.com\/noticias\/conoce-a-los-monjes-budistas-que-intentan-echar-raices-en-cuba\/"},"author":{"name":"Rafa","@id":"https:\/\/www.cuballama.com\/noticias\/#\/schema\/person\/0f97914526a658755f00e59ec2a832f2"},"headline":"Conoce a los monjes budistas que intentan echar ra\u00edces en Cuba","datePublished":"2026-09-04T16:20:10+00:00","dateModified":"2026-09-04T16:20:13+00:00","mainEntityOfPage":{"@id":"https:\/\/www.cuballama.com\/noticias\/conoce-a-los-monjes-budistas-que-intentan-echar-raices-en-cuba\/"},"wordCount":1028,"commentCount":0,"publisher":{"@id":"https:\/\/www.cuballama.com\/noticias\/#organization"},"image":{"@id":"https:\/\/www.cuballama.com\/noticias\/conoce-a-los-monjes-budistas-que-intentan-echar-raices-en-cuba\/#primaryimage"},"thumbnailUrl":"https:\/\/cdn1.mediawpaccore.net\/wp-content\/uploads\/2026\/09\/04121718\/Conoce-a-los-monjes-budistas-que-intentan-echar-raices-en-Cuba.png","keywords":["budismo tibetano","Crisis en Cuba","Religiones"],"articleSection":["Noticias de Cuba"],"inLanguage":"es","potentialAction":[{"@type":"CommentAction","name":"Comment","target":["https:\/\/www.cuballama.com\/noticias\/conoce-a-los-monjes-budistas-que-intentan-echar-raices-en-cuba\/#respond"]}]},{"@type":"WebPage","@id":"https:\/\/www.cuballama.com\/noticias\/conoce-a-los-monjes-budistas-que-intentan-echar-raices-en-cuba\/","url":"https:\/\/www.cuballama.com\/noticias\/conoce-a-los-monjes-budistas-que-intentan-echar-raices-en-cuba\/","name":"Conoce a los monjes budistas que intentan echar ra\u00edces en Cuba - Cuballama Noticias","isPartOf":{"@id":"https:\/\/www.cuballama.com\/noticias\/#website"},"primaryImageOfPage":{"@id":"https:\/\/www.cuballama.com\/noticias\/conoce-a-los-monjes-budistas-que-intentan-echar-raices-en-cuba\/#primaryimage"},"image":{"@id":"https:\/\/www.cuballama.com\/noticias\/conoce-a-los-monjes-budistas-que-intentan-echar-raices-en-cuba\/#primaryimage"},"thumbnailUrl":"https:\/\/cdn1.mediawpaccore.net\/wp-content\/uploads\/2026\/09\/04121718\/Conoce-a-los-monjes-budistas-que-intentan-echar-raices-en-Cuba.png","datePublished":"2026-09-04T16:20:10+00:00","dateModified":"2026-09-04T16:20:13+00:00","description":"Son los primeros novicios de Theravada Cuba, una peque\u00f1a comunidad que desde febrero de 2026 cuenta en La Habana con un espacio mon\u00e1stico","breadcrumb":{"@id":"https:\/\/www.cuballama.com\/noticias\/conoce-a-los-monjes-budistas-que-intentan-echar-raices-en-cuba\/#breadcrumb"},"inLanguage":"es","potentialAction":[{"@type":"ReadAction","target":["https:\/\/www.cuballama.com\/noticias\/conoce-a-los-monjes-budistas-que-intentan-echar-raices-en-cuba\/"]}]},{"@type":"ImageObject","inLanguage":"es","@id":"https:\/\/www.cuballama.com\/noticias\/conoce-a-los-monjes-budistas-que-intentan-echar-raices-en-cuba\/#primaryimage","url":"https:\/\/cdn1.mediawpaccore.net\/wp-content\/uploads\/2026\/09\/04121718\/Conoce-a-los-monjes-budistas-que-intentan-echar-raices-en-Cuba.png","contentUrl":"https:\/\/cdn1.mediawpaccore.net\/wp-content\/uploads\/2026\/09\/04121718\/Conoce-a-los-monjes-budistas-que-intentan-echar-raices-en-Cuba.png","width":1150,"height":818,"caption":"Conoce a los monjes budistas que intentan echar rai\u0301ces en Cuba (Foto: Marajina Bikkuni \/ Facebook)"},{"@type":"BreadcrumbList","@id":"https:\/\/www.cuballama.com\/noticias\/conoce-a-los-monjes-budistas-que-intentan-echar-raices-en-cuba\/#breadcrumb","itemListElement":[{"@type":"ListItem","position":1,"name":"Home","item":"https:\/\/www.cuballama.com\/noticias\/"},{"@type":"ListItem","position":2,"name":"Conoce a los monjes budistas que intentan echar ra\u00edces en Cuba"}]},{"@type":"WebSite","@id":"https:\/\/www.cuballama.com\/noticias\/#website","url":"https:\/\/www.cuballama.com\/noticias\/","name":"Cuballama Noticias","description":"Medio digital sobre Cuba y el mundo","publisher":{"@id":"https:\/\/www.cuballama.com\/noticias\/#organization"},"potentialAction":[{"@type":"SearchAction","target":{"@type":"EntryPoint","urlTemplate":"https:\/\/www.cuballama.com\/noticias\/?s={search_term_string}"},"query-input":{"@type":"PropertyValueSpecification","valueRequired":true,"valueName":"search_term_string"}}],"inLanguage":"es"},{"@type":"Organization","@id":"https:\/\/www.cuballama.com\/noticias\/#organization","name":"Cuballama","url":"https:\/\/www.cuballama.com\/noticias\/","logo":{"@type":"ImageObject","inLanguage":"es","@id":"https:\/\/www.cuballama.com\/noticias\/#\/schema\/logo\/image\/","url":"https:\/\/cdn1.mediawpaccore.net\/wp-content\/uploads\/2021\/12\/28171206\/cbll-logo-color-sm.png","contentUrl":"https:\/\/cdn1.mediawpaccore.net\/wp-content\/uploads\/2021\/12\/28171206\/cbll-logo-color-sm.png","width":600,"height":133,"caption":"Cuballama"},"image":{"@id":"https:\/\/www.cuballama.com\/noticias\/#\/schema\/logo\/image\/"},"sameAs":["https:\/\/www.facebook.com\/CubaLlama","https:\/\/x.com\/cuballama","https:\/\/www.instagram.com\/stories\/cuballama_oficial\/","https:\/\/www.youtube.com\/channel\/UCKkFE-d_axENGZcrc4as0IA"]},{"@type":"Person","@id":"https:\/\/www.cuballama.com\/noticias\/#\/schema\/person\/0f97914526a658755f00e59ec2a832f2","name":"Rafa","url":"https:\/\/www.cuballama.com\/noticias\/author\/rafa\/"}]}},"_links":{"self":[{"href":"https:\/\/www.cuballama.com\/noticias\/wp-json\/wp\/v2\/posts\/256132","targetHints":{"allow":["GET"]}}],"collection":[{"href":"https:\/\/www.cuballama.com\/noticias\/wp-json\/wp\/v2\/posts"}],"about":[{"href":"https:\/\/www.cuballama.com\/noticias\/wp-json\/wp\/v2\/types\/post"}],"author":[{"embeddable":true,"href":"https:\/\/www.cuballama.com\/noticias\/wp-json\/wp\/v2\/users\/27"}],"replies":[{"embeddable":true,"href":"https:\/\/www.cuballama.com\/noticias\/wp-json\/wp\/v2\/comments?post=256132"}],"version-history":[{"count":1,"href":"https:\/\/www.cuballama.com\/noticias\/wp-json\/wp\/v2\/posts\/256132\/revisions"}],"predecessor-version":[{"id":256139,"href":"https:\/\/www.cuballama.com\/noticias\/wp-json\/wp\/v2\/posts\/256132\/revisions\/256139"}],"wp:featuredmedia":[{"embeddable":true,"href":"https:\/\/www.cuballama.com\/noticias\/wp-json\/wp\/v2\/media\/256138"}],"wp:attachment":[{"href":"https:\/\/www.cuballama.com\/noticias\/wp-json\/wp\/v2\/media?parent=256132"}],"wp:term":[{"taxonomy":"category","embeddable":true,"href":"https:\/\/www.cuballama.com\/noticias\/wp-json\/wp\/v2\/categories?post=256132"},{"taxonomy":"post_tag","embeddable":true,"href":"https:\/\/www.cuballama.com\/noticias\/wp-json\/wp\/v2\/tags?post=256132"}],"curies":[{"name":"wp","href":"https:\/\/api.w.org\/{rel}","templated":true}]}}