{"id":256129,"date":"2026-09-04T12:09:48","date_gmt":"2026-09-04T16:09:48","guid":{"rendered":"https:\/\/www.cuballama.com\/noticias\/?p=256129"},"modified":"2026-09-04T12:09:52","modified_gmt":"2026-09-04T16:09:52","slug":"ahora-son-novios-dany-ome-y-samantha-hernandez-confirman-que-hicieron-las-paces-en-comentada-sesion-de-fotos","status":"publish","type":"post","link":"https:\/\/www.cuballama.com\/noticias\/ahora-son-novios-dany-ome-y-samantha-hernandez-confirman-que-hicieron-las-paces-en-comentada-sesion-de-fotos\/","title":{"rendered":"\u201c\u00bfAhora son novios?\u201d: Dany Ome y Samantha Hern\u00e1ndez confirman que hicieron las paces en comentada sesi\u00f3n de fotos"},"content":{"rendered":"\n<p class=\"wp-block-paragraph\">El reguetonero cubano Dany Ome y la influencer Samantha Hern\u00e1ndez parecen haber dejado atr\u00e1s el distanciamiento que durante meses despert\u00f3 interrogantes entre sus seguidores. Los dos reaparecieron juntos, sonrientes y muy cari\u00f1osos, en una publicaci\u00f3n compartida en Instagram que muchos han interpretado como la confirmaci\u00f3n de una reconciliaci\u00f3n.<\/p>\n\n\n\n<p class=\"wp-block-paragraph\">En las fotograf\u00edas, Dany y Samantha aparecen disfrutando de una salida en una terraza. En una de ellas, Hern\u00e1ndez besa al cantante en la mejilla mientras \u00e9l posa haciendo la se\u00f1al de la victoria; en otra, ambos brindan con sus copas y se miran entre risas.<\/p>\n\n\n\n<p class=\"wp-block-paragraph\">Hay adem\u00e1s un detalle importante: no se trata simplemente de una imagen publicada por alguno de los dos. El post aparece como una colaboraci\u00f3n entre las cuentas verificadas de Dany Ome y Samantha, por lo que ambos aceptaron mostrar p\u00fablicamente el encuentro.<\/p>\n\n\n\n<p class=\"wp-block-paragraph\">Las reacciones no tardaron en llegar. \u201cYa se arreglaron\u201d, escribi\u00f3 una seguidora. Otros celebraron la aparente reconciliaci\u00f3n y recordaron que esta no ser\u00eda la primera ocasi\u00f3n en que la amistad entre ambos pasa por momentos de distanciamiento para posteriormente retomar la cercan\u00eda.<\/p>\n\n\n\n<h3 class=\"wp-block-heading\">\u00bfPor qu\u00e9 rompieron?<\/h3>\n\n\n\n<p class=\"wp-block-paragraph\">La nueva publicaci\u00f3n resulta especialmente llamativa porque el pasado 14 de abril CubaLlama confirm\u00f3 que Dany Ome y Samantha Hern\u00e1ndez hab\u00edan dejado de seguirse mutuamente en Instagram.<\/p>\n\n\n\n<p class=\"wp-block-paragraph\">Hasta ese momento hab\u00edan mantenido una amistad extremadamente visible en redes sociales, de manera que el \u201cunfollow\u201d de ambos fue interpretado por muchos seguidores como una se\u00f1al de que hab\u00eda ocurrido alg\u00fan conflicto entre ellos. Ninguno explic\u00f3 p\u00fablicamente qu\u00e9 pas\u00f3. <\/p>\n\n\n\n<p class=\"wp-block-paragraph\"><strong>Lea m\u00e1s: <a href=\"https:\/\/www.cuballama.com\/noticias\/samantha-hernandez-y-dany-ome-se-dejan-de-seguir-en-instagram-que-paso-entre-ellos\/?utm_source=chatgpt.com\" target=\"_blank\" rel=\"noreferrer noopener\">Samantha Hern\u00e1ndez y Dany Ome se dejan de seguir en Instagram: \u00bfqu\u00e9 pas\u00f3 entre ellos?<\/a><\/strong><\/p>\n\n\n\n<p class=\"wp-block-paragraph\">Las dudas aumentaron apenas dos semanas despu\u00e9s. Cuando Dany Ome cumpli\u00f3 25 a\u00f1os, el 28 de abril, Samantha no apareci\u00f3 p\u00fablicamente entre las personas que lo felicitaron. La ausencia llam\u00f3 la atenci\u00f3n precisamente por la enorme cercan\u00eda que hab\u00edan mostrado hasta poco antes.<\/p>\n\n\n\n<blockquote class=\"instagram-media\" data-instgrm-captioned data-instgrm-permalink=\"https:\/\/www.instagram.com\/p\/Dc1zchqnffc\/?utm_source=ig_embed&amp;utm_campaign=loading\" data-instgrm-version=\"14\" style=\" background:#FFF; border:0; border-radius:3px; box-shadow:0 0 1px 0 rgba(0,0,0,0.5),0 1px 10px 0 rgba(0,0,0,0.15); margin: 1px; max-width:540px; min-width:326px; padding:0; width:99.375%; width:-webkit-calc(100% - 2px); width:calc(100% - 2px);\"><div style=\"padding:16px;\"> <a href=\"https:\/\/www.instagram.com\/p\/Dc1zchqnffc\/?utm_source=ig_embed&amp;utm_campaign=loading\" style=\" background:#FFFFFF; line-height:0; padding:0 0; text-align:center; text-decoration:none; width:100%;\" target=\"_blank\"> <div style=\" display: flex; flex-direction: row; align-items: center;\"> <div style=\"background-color: #F4F4F4; border-radius: 50%; flex-grow: 0; height: 40px; margin-right: 14px; width: 40px;\"><\/div> <div style=\"display: flex; flex-direction: column; flex-grow: 1; justify-content: center;\"> <div style=\" background-color: #F4F4F4; border-radius: 4px; flex-grow: 0; height: 14px; margin-bottom: 6px; width: 100px;\"><\/div> <div style=\" background-color: #F4F4F4; border-radius: 4px; flex-grow: 0; height: 14px; width: 60px;\"><\/div><\/div><\/div><div style=\"padding: 19% 0;\"><\/div> <div style=\"display:block; height:50px; margin:0 auto 12px; width:50px;\"><svg width=\"50px\" height=\"50px\" viewBox=\"0 0 60 60\" version=\"1.1\" xmlns=\"https:\/\/www.w3.org\/2000\/svg\" xmlns:xlink=\"https:\/\/www.w3.org\/1999\/xlink\"><g stroke=\"none\" stroke-width=\"1\" fill=\"none\" fill-rule=\"evenodd\"><g transform=\"translate(-511.000000, -20.000000)\" fill=\"#000000\"><g><path d=\"M556.869,30.41 C554.814,30.41 553.148,32.076 553.148,34.131 C553.148,36.186 554.814,37.852 556.869,37.852 C558.924,37.852 560.59,36.186 560.59,34.131 C560.59,32.076 558.924,30.41 556.869,30.41 M541,60.657 C535.114,60.657 530.342,55.887 530.342,50 C530.342,44.114 535.114,39.342 541,39.342 C546.887,39.342 551.658,44.114 551.658,50 C551.658,55.887 546.887,60.657 541,60.657 M541,33.886 C532.1,33.886 524.886,41.1 524.886,50 C524.886,58.899 532.1,66.113 541,66.113 C549.9,66.113 557.115,58.899 557.115,50 C557.115,41.1 549.9,33.886 541,33.886 M565.378,62.101 C565.244,65.022 564.756,66.606 564.346,67.663 C563.803,69.06 563.154,70.057 562.106,71.106 C561.058,72.155 560.06,72.803 558.662,73.347 C557.607,73.757 556.021,74.244 553.102,74.378 C549.944,74.521 548.997,74.552 541,74.552 C533.003,74.552 532.056,74.521 528.898,74.378 C525.979,74.244 524.393,73.757 523.338,73.347 C521.94,72.803 520.942,72.155 519.894,71.106 C518.846,70.057 518.197,69.06 517.654,67.663 C517.244,66.606 516.755,65.022 516.623,62.101 C516.479,58.943 516.448,57.996 516.448,50 C516.448,42.003 516.479,41.056 516.623,37.899 C516.755,34.978 517.244,33.391 517.654,32.338 C518.197,30.938 518.846,29.942 519.894,28.894 C520.942,27.846 521.94,27.196 523.338,26.654 C524.393,26.244 525.979,25.756 528.898,25.623 C532.057,25.479 533.004,25.448 541,25.448 C548.997,25.448 549.943,25.479 553.102,25.623 C556.021,25.756 557.607,26.244 558.662,26.654 C560.06,27.196 561.058,27.846 562.106,28.894 C563.154,29.942 563.803,30.938 564.346,32.338 C564.756,33.391 565.244,34.978 565.378,37.899 C565.522,41.056 565.552,42.003 565.552,50 C565.552,57.996 565.522,58.943 565.378,62.101 M570.82,37.631 C570.674,34.438 570.167,32.258 569.425,30.349 C568.659,28.377 567.633,26.702 565.965,25.035 C564.297,23.368 562.623,22.342 560.652,21.575 C558.743,20.834 556.562,20.326 553.369,20.18 C550.169,20.033 549.148,20 541,20 C532.853,20 531.831,20.033 528.631,20.18 C525.438,20.326 523.257,20.834 521.349,21.575 C519.376,22.342 517.703,23.368 516.035,25.035 C514.368,26.702 513.342,28.377 512.574,30.349 C511.834,32.258 511.326,34.438 511.181,37.631 C511.035,40.831 511,41.851 511,50 C511,58.147 511.035,59.17 511.181,62.369 C511.326,65.562 511.834,67.743 512.574,69.651 C513.342,71.625 514.368,73.296 516.035,74.965 C517.703,76.634 519.376,77.658 521.349,78.425 C523.257,79.167 525.438,79.673 528.631,79.82 C531.831,79.965 532.853,80.001 541,80.001 C549.148,80.001 550.169,79.965 553.369,79.82 C556.562,79.673 558.743,79.167 560.652,78.425 C562.623,77.658 564.297,76.634 565.965,74.965 C567.633,73.296 568.659,71.625 569.425,69.651 C570.167,67.743 570.674,65.562 570.82,62.369 C570.966,59.17 571,58.147 571,50 C571,41.851 570.966,40.831 570.82,37.631\"><\/path><\/g><\/g><\/g><\/svg><\/div><div style=\"padding-top: 8px;\"> <div style=\" color:#3897f0; font-family:Arial,sans-serif; font-size:14px; font-style:normal; font-weight:550; line-height:18px;\">Ver esta publicaci\u00f3n en Instagram<\/div><\/div><div style=\"padding: 12.5% 0;\"><\/div> <div style=\"display: flex; flex-direction: row; margin-bottom: 14px; align-items: center;\"><div> <div style=\"background-color: #F4F4F4; border-radius: 50%; height: 12.5px; width: 12.5px; transform: translateX(0px) translateY(7px);\"><\/div> <div style=\"background-color: #F4F4F4; height: 12.5px; transform: rotate(-45deg) translateX(3px) translateY(1px); width: 12.5px; flex-grow: 0; margin-right: 14px; margin-left: 2px;\"><\/div> <div style=\"background-color: #F4F4F4; border-radius: 50%; height: 12.5px; width: 12.5px; transform: translateX(9px) translateY(-18px);\"><\/div><\/div><div style=\"margin-left: 8px;\"> <div style=\" background-color: #F4F4F4; border-radius: 50%; flex-grow: 0; height: 20px; width: 20px;\"><\/div> <div style=\" width: 0; height: 0; border-top: 2px solid transparent; border-left: 6px solid #f4f4f4; border-bottom: 2px solid transparent; transform: translateX(16px) translateY(-4px) rotate(30deg)\"><\/div><\/div><div style=\"margin-left: auto;\"> <div style=\" width: 0px; border-top: 8px solid #F4F4F4; border-right: 8px solid transparent; transform: translateY(16px);\"><\/div> <div style=\" background-color: #F4F4F4; flex-grow: 0; height: 12px; width: 16px; transform: translateY(-4px);\"><\/div> <div style=\" width: 0; height: 0; border-top: 8px solid #F4F4F4; border-left: 8px solid transparent; transform: translateY(-4px) translateX(8px);\"><\/div><\/div><\/div> <div style=\"display: flex; flex-direction: column; flex-grow: 1; justify-content: center; margin-bottom: 24px;\"> <div style=\" background-color: #F4F4F4; border-radius: 4px; flex-grow: 0; height: 14px; margin-bottom: 6px; width: 224px;\"><\/div> <div style=\" background-color: #F4F4F4; border-radius: 4px; flex-grow: 0; height: 14px; width: 144px;\"><\/div><\/div><\/a><p style=\" color:#c9c8cd; font-family:Arial,sans-serif; font-size:14px; line-height:17px; margin-bottom:0; margin-top:8px; overflow:hidden; padding:8px 0 7px; text-align:center; text-overflow:ellipsis; white-space:nowrap;\"><a href=\"https:\/\/www.instagram.com\/p\/Dc1zchqnffc\/?utm_source=ig_embed&amp;utm_campaign=loading\" style=\" color:#c9c8cd; font-family:Arial,sans-serif; font-size:14px; font-style:normal; font-weight:normal; line-height:17px; text-decoration:none;\" target=\"_blank\">Una publicaci\u00f3n compartida de Dany muro (@es.dany.ome1)<\/a><\/p><\/div><\/blockquote>\n<script async src=\"\/\/www.instagram.com\/embed.js\"><\/script>\n\n\n\n<p class=\"wp-block-paragraph\">La China, pareja del cantante y madre de sus hijos, s\u00ed le dedic\u00f3 una felicitaci\u00f3n, mientras que de Samantha no hubo se\u00f1ales visibles en redes. <\/p>\n\n\n\n<p class=\"wp-block-paragraph\"><strong>Lea m\u00e1s: <a href=\"https:\/\/www.cuballama.com\/noticias\/dany-ome-celebra-su-cumpleanos-25-sin-la-felicitacion-de-samantha-hernandez\/?utm_source=chatgpt.com\">Dany Ome celebra su cumplea\u00f1os 25 sin la felicitaci\u00f3n de Samantha Hern\u00e1ndez<\/a><\/strong><\/p>\n\n\n\n<h3 class=\"wp-block-heading\">Una amistad que siempre ha provocado rumores<\/h3>\n\n\n\n<p class=\"wp-block-paragraph\">La relaci\u00f3n entre Dany Ome y Samantha Hern\u00e1ndez lleva mucho tiempo generando especulaciones. La qu\u00edmica entre los dos, sus constantes apariciones juntos y las muestras p\u00fablicas de afecto hicieron que muchos seguidores se preguntaran repetidamente si detr\u00e1s de la amistad pod\u00eda existir un romance.<\/p>\n\n\n\n<p class=\"wp-block-paragraph\">Ya en febrero de 2025, cuando Samantha llevaba pocos meses instalada en Miami, ambos aparec\u00edan juntos frecuentemente en directos de TikTok, challenges y otros contenidos. Incluso pusieron en marcha el espacio \u201cMiramos, pero no juzgamos\u201d.<\/p>\n\n\n\n<p class=\"wp-block-paragraph\"><strong>Lea m\u00e1s: <a href=\"https:\/\/www.cuballama.com\/noticias\/dany-ome-y-samantha-hernandez-juntos-el-reguetonero-responde-a-los-rumores-con-romantico-post\/?utm_source=chatgpt.com\" target=\"_blank\" rel=\"noreferrer noopener\">\u00bfDany Ome y Samantha Hern\u00e1ndez juntos? El reguetonero responde a los rumores<\/a><\/strong><\/p>\n\n\n\n<p class=\"wp-block-paragraph\">Dany ha negado en varias ocasiones que exista una relaci\u00f3n sentimental. En junio de 2025 volvi\u00f3 a responder a las especulaciones describiendo a Samantha como una hermana y dejando claro que, al menos seg\u00fan su versi\u00f3n p\u00fablica, su v\u00ednculo con ella no era rom\u00e1ntico. <\/p>\n\n\n\n<p class=\"wp-block-paragraph\">Los rumores, sin embargo, continuaron. En mayo de ese mismo a\u00f1o Samantha sorprendi\u00f3 al cantante durante su cumplea\u00f1os con un anillo de oro con brillantes. La respuesta de Dany tampoco ayud\u00f3 precisamente a contener los comentarios: la llam\u00f3 su \u201cyo mujer\u201d, su hermana, amiga y confidente. <\/p>\n\n\n\n<p class=\"wp-block-paragraph\"><strong>Lea m\u00e1s: <a href=\"https:\/\/www.cuballama.com\/noticias\/casense-y-ya-hay-romance-entre-dany-ome-y-samantha-hernandez\/?utm_source=chatgpt.com\" target=\"_blank\" rel=\"noreferrer noopener\">\u201c\u00a1C\u00e1sense y ya!\u201d: los rumores de romance entre Dany Ome y Samantha Hern\u00e1ndez<\/a><\/strong><\/p>\n\n\n\n<h3 class=\"wp-block-heading\">Samantha y Dany ya se hab\u00edan reconciliado anteriormente<\/h3>\n\n\n\n<p class=\"wp-block-paragraph\">Esta no ser\u00eda la primera crisis p\u00fablica de su amistad. En septiembre de 2025 comenz\u00f3 a hablarse de un alejamiento entre ambos coincidiendo con la confirmaci\u00f3n de la relaci\u00f3n sentimental entre Samantha y L\u2019Kimii. P\u00e1ginas de far\u00e1ndula cubana se\u00f1alaron entonces que Dany y Samantha pr\u00e1cticamente hab\u00edan dejado de mostrarse juntos. <\/p>\n\n\n\n<p class=\"wp-block-paragraph\">El episodio termin\u00f3 de una manera curiosamente parecida a lo que ocurre ahora. Despu\u00e9s de que Samantha rompiera con L\u2019Kimii, ella y Dany Ome volvieron a aparecer juntos.<\/p>\n\n\n\n<p class=\"wp-block-paragraph\">En octubre de 2025, Dany public\u00f3 fotograf\u00edas con la influencer y escribi\u00f3: \u201cCon mi hermana Samantha\u201d, poniendo fin, al menos p\u00fablicamente, a varios meses de especulaciones sobre el estado de su amistad.<\/p>\n\n\n\n<p class=\"wp-block-paragraph\"><strong>Lea m\u00e1s: <a href=\"https:\/\/www.cuballama.com\/noticias\/samantha-se-reconcilia-con-dany-ome-tras-ruptura-con-lkimii\/?utm_source=chatgpt.com\" target=\"_blank\" rel=\"noreferrer noopener\">Samantha se reconcilia con Dany Ome tras su ruptura con L\u2019Kimii<\/a><\/strong><\/p>\n\n\n\n<p class=\"wp-block-paragraph\">A comienzos de 2026 la cercan\u00eda volvi\u00f3 a ser evidente. Durante el cumplea\u00f1os n\u00famero 23 de Samantha, un video de ambos abrazados detr\u00e1s del escenario del Flamingo Theater Bar de Miami volvi\u00f3 a disparar comentarios sobre una posible relaci\u00f3n sentimental. <\/p>\n\n\n\n<blockquote class=\"instagram-media\" data-instgrm-captioned data-instgrm-permalink=\"https:\/\/www.instagram.com\/p\/Dbg0jjOAfGJ\/?utm_source=ig_embed&amp;utm_campaign=loading\" data-instgrm-version=\"14\" style=\" background:#FFF; border:0; border-radius:3px; box-shadow:0 0 1px 0 rgba(0,0,0,0.5),0 1px 10px 0 rgba(0,0,0,0.15); margin: 1px; max-width:540px; min-width:326px; padding:0; width:99.375%; width:-webkit-calc(100% - 2px); width:calc(100% - 2px);\"><div style=\"padding:16px;\"> <a href=\"https:\/\/www.instagram.com\/p\/Dbg0jjOAfGJ\/?utm_source=ig_embed&amp;utm_campaign=loading\" style=\" background:#FFFFFF; line-height:0; padding:0 0; text-align:center; text-decoration:none; width:100%;\" target=\"_blank\"> <div style=\" display: flex; flex-direction: row; align-items: center;\"> <div style=\"background-color: #F4F4F4; border-radius: 50%; flex-grow: 0; height: 40px; margin-right: 14px; width: 40px;\"><\/div> <div style=\"display: flex; flex-direction: column; flex-grow: 1; justify-content: center;\"> <div style=\" background-color: #F4F4F4; border-radius: 4px; flex-grow: 0; height: 14px; margin-bottom: 6px; width: 100px;\"><\/div> <div style=\" background-color: #F4F4F4; border-radius: 4px; flex-grow: 0; height: 14px; width: 60px;\"><\/div><\/div><\/div><div style=\"padding: 19% 0;\"><\/div> <div style=\"display:block; height:50px; margin:0 auto 12px; width:50px;\"><svg width=\"50px\" height=\"50px\" viewBox=\"0 0 60 60\" version=\"1.1\" xmlns=\"https:\/\/www.w3.org\/2000\/svg\" xmlns:xlink=\"https:\/\/www.w3.org\/1999\/xlink\"><g stroke=\"none\" stroke-width=\"1\" fill=\"none\" fill-rule=\"evenodd\"><g transform=\"translate(-511.000000, -20.000000)\" fill=\"#000000\"><g><path d=\"M556.869,30.41 C554.814,30.41 553.148,32.076 553.148,34.131 C553.148,36.186 554.814,37.852 556.869,37.852 C558.924,37.852 560.59,36.186 560.59,34.131 C560.59,32.076 558.924,30.41 556.869,30.41 M541,60.657 C535.114,60.657 530.342,55.887 530.342,50 C530.342,44.114 535.114,39.342 541,39.342 C546.887,39.342 551.658,44.114 551.658,50 C551.658,55.887 546.887,60.657 541,60.657 M541,33.886 C532.1,33.886 524.886,41.1 524.886,50 C524.886,58.899 532.1,66.113 541,66.113 C549.9,66.113 557.115,58.899 557.115,50 C557.115,41.1 549.9,33.886 541,33.886 M565.378,62.101 C565.244,65.022 564.756,66.606 564.346,67.663 C563.803,69.06 563.154,70.057 562.106,71.106 C561.058,72.155 560.06,72.803 558.662,73.347 C557.607,73.757 556.021,74.244 553.102,74.378 C549.944,74.521 548.997,74.552 541,74.552 C533.003,74.552 532.056,74.521 528.898,74.378 C525.979,74.244 524.393,73.757 523.338,73.347 C521.94,72.803 520.942,72.155 519.894,71.106 C518.846,70.057 518.197,69.06 517.654,67.663 C517.244,66.606 516.755,65.022 516.623,62.101 C516.479,58.943 516.448,57.996 516.448,50 C516.448,42.003 516.479,41.056 516.623,37.899 C516.755,34.978 517.244,33.391 517.654,32.338 C518.197,30.938 518.846,29.942 519.894,28.894 C520.942,27.846 521.94,27.196 523.338,26.654 C524.393,26.244 525.979,25.756 528.898,25.623 C532.057,25.479 533.004,25.448 541,25.448 C548.997,25.448 549.943,25.479 553.102,25.623 C556.021,25.756 557.607,26.244 558.662,26.654 C560.06,27.196 561.058,27.846 562.106,28.894 C563.154,29.942 563.803,30.938 564.346,32.338 C564.756,33.391 565.244,34.978 565.378,37.899 C565.522,41.056 565.552,42.003 565.552,50 C565.552,57.996 565.522,58.943 565.378,62.101 M570.82,37.631 C570.674,34.438 570.167,32.258 569.425,30.349 C568.659,28.377 567.633,26.702 565.965,25.035 C564.297,23.368 562.623,22.342 560.652,21.575 C558.743,20.834 556.562,20.326 553.369,20.18 C550.169,20.033 549.148,20 541,20 C532.853,20 531.831,20.033 528.631,20.18 C525.438,20.326 523.257,20.834 521.349,21.575 C519.376,22.342 517.703,23.368 516.035,25.035 C514.368,26.702 513.342,28.377 512.574,30.349 C511.834,32.258 511.326,34.438 511.181,37.631 C511.035,40.831 511,41.851 511,50 C511,58.147 511.035,59.17 511.181,62.369 C511.326,65.562 511.834,67.743 512.574,69.651 C513.342,71.625 514.368,73.296 516.035,74.965 C517.703,76.634 519.376,77.658 521.349,78.425 C523.257,79.167 525.438,79.673 528.631,79.82 C531.831,79.965 532.853,80.001 541,80.001 C549.148,80.001 550.169,79.965 553.369,79.82 C556.562,79.673 558.743,79.167 560.652,78.425 C562.623,77.658 564.297,76.634 565.965,74.965 C567.633,73.296 568.659,71.625 569.425,69.651 C570.167,67.743 570.674,65.562 570.82,62.369 C570.966,59.17 571,58.147 571,50 C571,41.851 570.966,40.831 570.82,37.631\"><\/path><\/g><\/g><\/g><\/svg><\/div><div style=\"padding-top: 8px;\"> <div style=\" color:#3897f0; font-family:Arial,sans-serif; font-size:14px; font-style:normal; font-weight:550; line-height:18px;\">Ver esta publicaci\u00f3n en Instagram<\/div><\/div><div style=\"padding: 12.5% 0;\"><\/div> <div style=\"display: flex; flex-direction: row; margin-bottom: 14px; align-items: center;\"><div> <div style=\"background-color: #F4F4F4; border-radius: 50%; height: 12.5px; width: 12.5px; transform: translateX(0px) translateY(7px);\"><\/div> <div style=\"background-color: #F4F4F4; height: 12.5px; transform: rotate(-45deg) translateX(3px) translateY(1px); width: 12.5px; flex-grow: 0; margin-right: 14px; margin-left: 2px;\"><\/div> <div style=\"background-color: #F4F4F4; border-radius: 50%; height: 12.5px; width: 12.5px; transform: translateX(9px) translateY(-18px);\"><\/div><\/div><div style=\"margin-left: 8px;\"> <div style=\" background-color: #F4F4F4; border-radius: 50%; flex-grow: 0; height: 20px; width: 20px;\"><\/div> <div style=\" width: 0; height: 0; border-top: 2px solid transparent; border-left: 6px solid #f4f4f4; border-bottom: 2px solid transparent; transform: translateX(16px) translateY(-4px) rotate(30deg)\"><\/div><\/div><div style=\"margin-left: auto;\"> <div style=\" width: 0px; border-top: 8px solid #F4F4F4; border-right: 8px solid transparent; transform: translateY(16px);\"><\/div> <div style=\" background-color: #F4F4F4; flex-grow: 0; height: 12px; width: 16px; transform: translateY(-4px);\"><\/div> <div style=\" width: 0; height: 0; border-top: 8px solid #F4F4F4; border-left: 8px solid transparent; transform: translateY(-4px) translateX(8px);\"><\/div><\/div><\/div> <div style=\"display: flex; flex-direction: column; flex-grow: 1; justify-content: center; margin-bottom: 24px;\"> <div style=\" background-color: #F4F4F4; border-radius: 4px; flex-grow: 0; height: 14px; margin-bottom: 6px; width: 224px;\"><\/div> <div style=\" background-color: #F4F4F4; border-radius: 4px; flex-grow: 0; height: 14px; width: 144px;\"><\/div><\/div><\/a><p style=\" color:#c9c8cd; font-family:Arial,sans-serif; font-size:14px; line-height:17px; margin-bottom:0; margin-top:8px; overflow:hidden; padding:8px 0 7px; text-align:center; text-overflow:ellipsis; white-space:nowrap;\"><a href=\"https:\/\/www.instagram.com\/p\/Dbg0jjOAfGJ\/?utm_source=ig_embed&amp;utm_campaign=loading\" style=\" color:#c9c8cd; font-family:Arial,sans-serif; font-size:14px; font-style:normal; font-weight:normal; line-height:17px; text-decoration:none;\" target=\"_blank\">Una publicaci\u00f3n compartida de SAM HERNANDEZ (@samanthaahrdz)<\/a><\/p><\/div><\/blockquote>\n<script async src=\"\/\/www.instagram.com\/embed.js\"><\/script>\n\n\n\n<p class=\"wp-block-paragraph\">Incluso Samantha abord\u00f3 p\u00fablicamente el asunto en febrero. Durante una din\u00e1mica de preguntas y respuestas calific\u00f3 su relaci\u00f3n con Dany como \u201cuna cosa de locos\u201d y volvi\u00f3 a demostrar p\u00fablicamente el cari\u00f1o que sent\u00eda por \u00e9l. <\/p>\n\n\n\n<h3 class=\"wp-block-heading\">\u00bfReconciliaci\u00f3n definitiva?<\/h3>\n\n\n\n<p class=\"wp-block-paragraph\">Ahora, casi cinco meses despu\u00e9s del \u201cunfollow\u201d que hizo evidente la \u00faltima crisis, Dany Ome y Samantha Hern\u00e1ndez vuelven a mostrarse juntos.<\/p>\n\n\n\n<p class=\"wp-block-paragraph\">Ninguno ha contado qu\u00e9 provoc\u00f3 el distanciamiento ni ha anunciado formalmente que se hayan reconciliado. Por eso, cualquier explicaci\u00f3n sobre las causas de la pelea ser\u00eda especulativa.<\/p>\n\n\n\n<p class=\"wp-block-paragraph\">Lo que s\u00ed puede comprobarse en su nueva publicaci\u00f3n es que ambos vuelven a compartir tiempo juntos y no tienen problemas en exhibir p\u00fablicamente la cercan\u00eda: besos en la mejilla, brindis, risas y una publicaci\u00f3n conjunta que dif\u00edcilmente pas\u00f3 inadvertida para quienes han seguido la particular historia de esta amistad.<\/p>\n\n\n\n<p class=\"wp-block-paragraph\">Y los seguidores parecen haber captado r\u00e1pidamente el mensaje. Despu\u00e9s de meses pregunt\u00e1ndose qu\u00e9 hab\u00eda sucedido entre ellos, todo indica que Dany Ome y Samantha Hern\u00e1ndez han vuelto a hacer las paces.<\/p>\n","protected":false},"excerpt":{"rendered":"<p>En una de las fotos, Samantha besa al cantante en la mejilla mientras \u00e9l posa haciendo la se\u00f1al de la victoria<\/p>\n","protected":false},"author":27,"featured_media":256136,"comment_status":"open","ping_status":"closed","sticky":false,"template":"","format":"standard","meta":{"_acf_changed":false,"footnotes":""},"categories":[443],"tags":[11050,18670,14245,6160,21323],"class_list":["post-256129","post","type-post","status-publish","format-standard","has-post-thumbnail","category-farandula","tag-cubanos-en-miami","tag-dany-ome","tag-influencer-cubana","tag-reguetoneros-cubanos","tag-samantha-hernandez"],"acf":[],"yoast_head":"<!-- This site is optimized with the Yoast SEO plugin v28.3 - https:\/\/yoast.com\/product\/yoast-seo-wordpress\/ -->\n<title>\u201c\u00bfAhora son novios?\u201d: Dany Ome y Samantha Hern\u00e1ndez confirman que hicieron las paces en comentada sesi\u00f3n de fotos - Cuballama Noticias<\/title>\n<meta name=\"description\" content=\"Dany Ome y la influencer Samantha Hern\u00e1ndez parecen haber dejado atr\u00e1s el distanciamiento que durante meses despert\u00f3 interrogantes\" \/>\n<meta name=\"robots\" content=\"index, follow, max-snippet:-1, max-image-preview:large, max-video-preview:-1\" \/>\n<link rel=\"canonical\" href=\"https:\/\/www.cuballama.com\/noticias\/ahora-son-novios-dany-ome-y-samantha-hernandez-confirman-que-hicieron-las-paces-en-comentada-sesion-de-fotos\/\" \/>\n<meta property=\"og:locale\" content=\"es_ES\" \/>\n<meta property=\"og:type\" content=\"article\" \/>\n<meta property=\"og:title\" content=\"\u201c\u00bfAhora son novios?\u201d: Dany Ome y Samantha Hern\u00e1ndez confirman que hicieron las paces en comentada sesi\u00f3n de fotos - Cuballama Noticias\" \/>\n<meta property=\"og:description\" content=\"Dany Ome y la influencer Samantha Hern\u00e1ndez parecen haber dejado atr\u00e1s el distanciamiento que durante meses despert\u00f3 interrogantes\" \/>\n<meta property=\"og:url\" content=\"https:\/\/www.cuballama.com\/noticias\/ahora-son-novios-dany-ome-y-samantha-hernandez-confirman-que-hicieron-las-paces-en-comentada-sesion-de-fotos\/\" \/>\n<meta property=\"og:site_name\" content=\"Cuballama Noticias\" \/>\n<meta property=\"article:publisher\" content=\"https:\/\/www.facebook.com\/CubaLlama\" \/>\n<meta property=\"article:published_time\" content=\"2026-09-04T16:09:48+00:00\" \/>\n<meta property=\"article:modified_time\" content=\"2026-09-04T16:09:52+00:00\" \/>\n<meta property=\"og:image\" content=\"https:\/\/cdn1.mediawpaccore.net\/wp-content\/uploads\/2026\/09\/04120438\/Dany-Ome-y-Samantha-Hernandez-hacen-las-paces-y-reaparecen-juntos-tras-meses-de-distanciamiento.png\" \/>\n\t<meta property=\"og:image:width\" content=\"1244\" \/>\n\t<meta property=\"og:image:height\" content=\"872\" \/>\n\t<meta property=\"og:image:type\" content=\"image\/png\" \/>\n<meta name=\"author\" content=\"Rafa\" \/>\n<meta name=\"twitter:card\" content=\"summary_large_image\" \/>\n<meta name=\"twitter:creator\" content=\"@cuballama\" \/>\n<meta name=\"twitter:site\" content=\"@cuballama\" \/>\n<meta name=\"twitter:label1\" content=\"Escrito por\" \/>\n\t<meta name=\"twitter:data1\" content=\"Rafa\" \/>\n\t<meta name=\"twitter:label2\" content=\"Tiempo de lectura\" \/>\n\t<meta name=\"twitter:data2\" content=\"5 minutos\" \/>\n<script type=\"application\/ld+json\" class=\"yoast-schema-graph\">{\"@context\":\"https:\\\/\\\/schema.org\",\"@graph\":[{\"@type\":\"Article\",\"@id\":\"https:\\\/\\\/www.cuballama.com\\\/noticias\\\/ahora-son-novios-dany-ome-y-samantha-hernandez-confirman-que-hicieron-las-paces-en-comentada-sesion-de-fotos\\\/#article\",\"isPartOf\":{\"@id\":\"https:\\\/\\\/www.cuballama.com\\\/noticias\\\/ahora-son-novios-dany-ome-y-samantha-hernandez-confirman-que-hicieron-las-paces-en-comentada-sesion-de-fotos\\\/\"},\"author\":{\"name\":\"Rafa\",\"@id\":\"https:\\\/\\\/www.cuballama.com\\\/noticias\\\/#\\\/schema\\\/person\\\/0f97914526a658755f00e59ec2a832f2\"},\"headline\":\"\u201c\u00bfAhora son novios?\u201d: Dany Ome y Samantha Hern\u00e1ndez confirman que hicieron las paces en comentada sesi\u00f3n de fotos\",\"datePublished\":\"2026-09-04T16:09:48+00:00\",\"dateModified\":\"2026-09-04T16:09:52+00:00\",\"mainEntityOfPage\":{\"@id\":\"https:\\\/\\\/www.cuballama.com\\\/noticias\\\/ahora-son-novios-dany-ome-y-samantha-hernandez-confirman-que-hicieron-las-paces-en-comentada-sesion-de-fotos\\\/\"},\"wordCount\":1033,\"commentCount\":0,\"publisher\":{\"@id\":\"https:\\\/\\\/www.cuballama.com\\\/noticias\\\/#organization\"},\"image\":{\"@id\":\"https:\\\/\\\/www.cuballama.com\\\/noticias\\\/ahora-son-novios-dany-ome-y-samantha-hernandez-confirman-que-hicieron-las-paces-en-comentada-sesion-de-fotos\\\/#primaryimage\"},\"thumbnailUrl\":\"https:\\\/\\\/cdn1.mediawpaccore.net\\\/wp-content\\\/uploads\\\/2026\\\/09\\\/04120438\\\/Dany-Ome-y-Samantha-Hernandez-hacen-las-paces-y-reaparecen-juntos-tras-meses-de-distanciamiento.png\",\"keywords\":[\"cubanos en Miami\",\"Dany Ome\",\"influencer cubana\",\"Reguetoneros cubanos\",\"Samantha Hern\u00e1ndez\"],\"articleSection\":[\"Far\u00e1ndula\"],\"inLanguage\":\"es\",\"potentialAction\":[{\"@type\":\"CommentAction\",\"name\":\"Comment\",\"target\":[\"https:\\\/\\\/www.cuballama.com\\\/noticias\\\/ahora-son-novios-dany-ome-y-samantha-hernandez-confirman-que-hicieron-las-paces-en-comentada-sesion-de-fotos\\\/#respond\"]}]},{\"@type\":\"WebPage\",\"@id\":\"https:\\\/\\\/www.cuballama.com\\\/noticias\\\/ahora-son-novios-dany-ome-y-samantha-hernandez-confirman-que-hicieron-las-paces-en-comentada-sesion-de-fotos\\\/\",\"url\":\"https:\\\/\\\/www.cuballama.com\\\/noticias\\\/ahora-son-novios-dany-ome-y-samantha-hernandez-confirman-que-hicieron-las-paces-en-comentada-sesion-de-fotos\\\/\",\"name\":\"\u201c\u00bfAhora son novios?\u201d: Dany Ome y Samantha Hern\u00e1ndez confirman que hicieron las paces en comentada sesi\u00f3n de fotos - Cuballama Noticias\",\"isPartOf\":{\"@id\":\"https:\\\/\\\/www.cuballama.com\\\/noticias\\\/#website\"},\"primaryImageOfPage\":{\"@id\":\"https:\\\/\\\/www.cuballama.com\\\/noticias\\\/ahora-son-novios-dany-ome-y-samantha-hernandez-confirman-que-hicieron-las-paces-en-comentada-sesion-de-fotos\\\/#primaryimage\"},\"image\":{\"@id\":\"https:\\\/\\\/www.cuballama.com\\\/noticias\\\/ahora-son-novios-dany-ome-y-samantha-hernandez-confirman-que-hicieron-las-paces-en-comentada-sesion-de-fotos\\\/#primaryimage\"},\"thumbnailUrl\":\"https:\\\/\\\/cdn1.mediawpaccore.net\\\/wp-content\\\/uploads\\\/2026\\\/09\\\/04120438\\\/Dany-Ome-y-Samantha-Hernandez-hacen-las-paces-y-reaparecen-juntos-tras-meses-de-distanciamiento.png\",\"datePublished\":\"2026-09-04T16:09:48+00:00\",\"dateModified\":\"2026-09-04T16:09:52+00:00\",\"description\":\"Dany Ome y la influencer Samantha Hern\u00e1ndez parecen haber dejado atr\u00e1s el distanciamiento que durante meses despert\u00f3 interrogantes\",\"breadcrumb\":{\"@id\":\"https:\\\/\\\/www.cuballama.com\\\/noticias\\\/ahora-son-novios-dany-ome-y-samantha-hernandez-confirman-que-hicieron-las-paces-en-comentada-sesion-de-fotos\\\/#breadcrumb\"},\"inLanguage\":\"es\",\"potentialAction\":[{\"@type\":\"ReadAction\",\"target\":[\"https:\\\/\\\/www.cuballama.com\\\/noticias\\\/ahora-son-novios-dany-ome-y-samantha-hernandez-confirman-que-hicieron-las-paces-en-comentada-sesion-de-fotos\\\/\"]}]},{\"@type\":\"ImageObject\",\"inLanguage\":\"es\",\"@id\":\"https:\\\/\\\/www.cuballama.com\\\/noticias\\\/ahora-son-novios-dany-ome-y-samantha-hernandez-confirman-que-hicieron-las-paces-en-comentada-sesion-de-fotos\\\/#primaryimage\",\"url\":\"https:\\\/\\\/cdn1.mediawpaccore.net\\\/wp-content\\\/uploads\\\/2026\\\/09\\\/04120438\\\/Dany-Ome-y-Samantha-Hernandez-hacen-las-paces-y-reaparecen-juntos-tras-meses-de-distanciamiento.png\",\"contentUrl\":\"https:\\\/\\\/cdn1.mediawpaccore.net\\\/wp-content\\\/uploads\\\/2026\\\/09\\\/04120438\\\/Dany-Ome-y-Samantha-Hernandez-hacen-las-paces-y-reaparecen-juntos-tras-meses-de-distanciamiento.png\",\"width\":1244,\"height\":872,\"caption\":\"Dany Ome y Samantha Hern\u00e1ndez hacen las paces y reaparecen juntos tras meses de distanciamiento (Foto: Dany Ome \\\/ Instagram)\"},{\"@type\":\"BreadcrumbList\",\"@id\":\"https:\\\/\\\/www.cuballama.com\\\/noticias\\\/ahora-son-novios-dany-ome-y-samantha-hernandez-confirman-que-hicieron-las-paces-en-comentada-sesion-de-fotos\\\/#breadcrumb\",\"itemListElement\":[{\"@type\":\"ListItem\",\"position\":1,\"name\":\"Home\",\"item\":\"https:\\\/\\\/www.cuballama.com\\\/noticias\\\/\"},{\"@type\":\"ListItem\",\"position\":2,\"name\":\"\u201c\u00bfAhora son novios?\u201d: Dany Ome y Samantha Hern\u00e1ndez confirman que hicieron las paces en comentada sesi\u00f3n de fotos\"}]},{\"@type\":\"WebSite\",\"@id\":\"https:\\\/\\\/www.cuballama.com\\\/noticias\\\/#website\",\"url\":\"https:\\\/\\\/www.cuballama.com\\\/noticias\\\/\",\"name\":\"Cuballama Noticias\",\"description\":\"Medio digital sobre Cuba y el mundo\",\"publisher\":{\"@id\":\"https:\\\/\\\/www.cuballama.com\\\/noticias\\\/#organization\"},\"potentialAction\":[{\"@type\":\"SearchAction\",\"target\":{\"@type\":\"EntryPoint\",\"urlTemplate\":\"https:\\\/\\\/www.cuballama.com\\\/noticias\\\/?s={search_term_string}\"},\"query-input\":{\"@type\":\"PropertyValueSpecification\",\"valueRequired\":true,\"valueName\":\"search_term_string\"}}],\"inLanguage\":\"es\"},{\"@type\":\"Organization\",\"@id\":\"https:\\\/\\\/www.cuballama.com\\\/noticias\\\/#organization\",\"name\":\"Cuballama\",\"url\":\"https:\\\/\\\/www.cuballama.com\\\/noticias\\\/\",\"logo\":{\"@type\":\"ImageObject\",\"inLanguage\":\"es\",\"@id\":\"https:\\\/\\\/www.cuballama.com\\\/noticias\\\/#\\\/schema\\\/logo\\\/image\\\/\",\"url\":\"https:\\\/\\\/cdn1.mediawpaccore.net\\\/wp-content\\\/uploads\\\/2021\\\/12\\\/28171206\\\/cbll-logo-color-sm.png\",\"contentUrl\":\"https:\\\/\\\/cdn1.mediawpaccore.net\\\/wp-content\\\/uploads\\\/2021\\\/12\\\/28171206\\\/cbll-logo-color-sm.png\",\"width\":600,\"height\":133,\"caption\":\"Cuballama\"},\"image\":{\"@id\":\"https:\\\/\\\/www.cuballama.com\\\/noticias\\\/#\\\/schema\\\/logo\\\/image\\\/\"},\"sameAs\":[\"https:\\\/\\\/www.facebook.com\\\/CubaLlama\",\"https:\\\/\\\/x.com\\\/cuballama\",\"https:\\\/\\\/www.instagram.com\\\/stories\\\/cuballama_oficial\\\/\",\"https:\\\/\\\/www.youtube.com\\\/channel\\\/UCKkFE-d_axENGZcrc4as0IA\"]},{\"@type\":\"Person\",\"@id\":\"https:\\\/\\\/www.cuballama.com\\\/noticias\\\/#\\\/schema\\\/person\\\/0f97914526a658755f00e59ec2a832f2\",\"name\":\"Rafa\",\"url\":\"https:\\\/\\\/www.cuballama.com\\\/noticias\\\/author\\\/rafa\\\/\"}]}<\/script>\n<!-- \/ Yoast SEO plugin. -->","yoast_head_json":{"title":"\u201c\u00bfAhora son novios?\u201d: Dany Ome y Samantha Hern\u00e1ndez confirman que hicieron las paces en comentada sesi\u00f3n de fotos - Cuballama Noticias","description":"Dany Ome y la influencer Samantha Hern\u00e1ndez parecen haber dejado atr\u00e1s el distanciamiento que durante meses despert\u00f3 interrogantes","robots":{"index":"index","follow":"follow","max-snippet":"max-snippet:-1","max-image-preview":"max-image-preview:large","max-video-preview":"max-video-preview:-1"},"canonical":"https:\/\/www.cuballama.com\/noticias\/ahora-son-novios-dany-ome-y-samantha-hernandez-confirman-que-hicieron-las-paces-en-comentada-sesion-de-fotos\/","og_locale":"es_ES","og_type":"article","og_title":"\u201c\u00bfAhora son novios?\u201d: Dany Ome y Samantha Hern\u00e1ndez confirman que hicieron las paces en comentada sesi\u00f3n de fotos - Cuballama Noticias","og_description":"Dany Ome y la influencer Samantha Hern\u00e1ndez parecen haber dejado atr\u00e1s el distanciamiento que durante meses despert\u00f3 interrogantes","og_url":"https:\/\/www.cuballama.com\/noticias\/ahora-son-novios-dany-ome-y-samantha-hernandez-confirman-que-hicieron-las-paces-en-comentada-sesion-de-fotos\/","og_site_name":"Cuballama Noticias","article_publisher":"https:\/\/www.facebook.com\/CubaLlama","article_published_time":"2026-09-04T16:09:48+00:00","article_modified_time":"2026-09-04T16:09:52+00:00","og_image":[{"width":1244,"height":872,"url":"https:\/\/cdn1.mediawpaccore.net\/wp-content\/uploads\/2026\/09\/04120438\/Dany-Ome-y-Samantha-Hernandez-hacen-las-paces-y-reaparecen-juntos-tras-meses-de-distanciamiento.png","type":"image\/png"}],"author":"Rafa","twitter_card":"summary_large_image","twitter_creator":"@cuballama","twitter_site":"@cuballama","twitter_misc":{"Escrito por":"Rafa","Tiempo de lectura":"5 minutos"},"schema":{"@context":"https:\/\/schema.org","@graph":[{"@type":"Article","@id":"https:\/\/www.cuballama.com\/noticias\/ahora-son-novios-dany-ome-y-samantha-hernandez-confirman-que-hicieron-las-paces-en-comentada-sesion-de-fotos\/#article","isPartOf":{"@id":"https:\/\/www.cuballama.com\/noticias\/ahora-son-novios-dany-ome-y-samantha-hernandez-confirman-que-hicieron-las-paces-en-comentada-sesion-de-fotos\/"},"author":{"name":"Rafa","@id":"https:\/\/www.cuballama.com\/noticias\/#\/schema\/person\/0f97914526a658755f00e59ec2a832f2"},"headline":"\u201c\u00bfAhora son novios?\u201d: Dany Ome y Samantha Hern\u00e1ndez confirman que hicieron las paces en comentada sesi\u00f3n de fotos","datePublished":"2026-09-04T16:09:48+00:00","dateModified":"2026-09-04T16:09:52+00:00","mainEntityOfPage":{"@id":"https:\/\/www.cuballama.com\/noticias\/ahora-son-novios-dany-ome-y-samantha-hernandez-confirman-que-hicieron-las-paces-en-comentada-sesion-de-fotos\/"},"wordCount":1033,"commentCount":0,"publisher":{"@id":"https:\/\/www.cuballama.com\/noticias\/#organization"},"image":{"@id":"https:\/\/www.cuballama.com\/noticias\/ahora-son-novios-dany-ome-y-samantha-hernandez-confirman-que-hicieron-las-paces-en-comentada-sesion-de-fotos\/#primaryimage"},"thumbnailUrl":"https:\/\/cdn1.mediawpaccore.net\/wp-content\/uploads\/2026\/09\/04120438\/Dany-Ome-y-Samantha-Hernandez-hacen-las-paces-y-reaparecen-juntos-tras-meses-de-distanciamiento.png","keywords":["cubanos en Miami","Dany Ome","influencer cubana","Reguetoneros cubanos","Samantha Hern\u00e1ndez"],"articleSection":["Far\u00e1ndula"],"inLanguage":"es","potentialAction":[{"@type":"CommentAction","name":"Comment","target":["https:\/\/www.cuballama.com\/noticias\/ahora-son-novios-dany-ome-y-samantha-hernandez-confirman-que-hicieron-las-paces-en-comentada-sesion-de-fotos\/#respond"]}]},{"@type":"WebPage","@id":"https:\/\/www.cuballama.com\/noticias\/ahora-son-novios-dany-ome-y-samantha-hernandez-confirman-que-hicieron-las-paces-en-comentada-sesion-de-fotos\/","url":"https:\/\/www.cuballama.com\/noticias\/ahora-son-novios-dany-ome-y-samantha-hernandez-confirman-que-hicieron-las-paces-en-comentada-sesion-de-fotos\/","name":"\u201c\u00bfAhora son novios?\u201d: Dany Ome y Samantha Hern\u00e1ndez confirman que hicieron las paces en comentada sesi\u00f3n de fotos - Cuballama Noticias","isPartOf":{"@id":"https:\/\/www.cuballama.com\/noticias\/#website"},"primaryImageOfPage":{"@id":"https:\/\/www.cuballama.com\/noticias\/ahora-son-novios-dany-ome-y-samantha-hernandez-confirman-que-hicieron-las-paces-en-comentada-sesion-de-fotos\/#primaryimage"},"image":{"@id":"https:\/\/www.cuballama.com\/noticias\/ahora-son-novios-dany-ome-y-samantha-hernandez-confirman-que-hicieron-las-paces-en-comentada-sesion-de-fotos\/#primaryimage"},"thumbnailUrl":"https:\/\/cdn1.mediawpaccore.net\/wp-content\/uploads\/2026\/09\/04120438\/Dany-Ome-y-Samantha-Hernandez-hacen-las-paces-y-reaparecen-juntos-tras-meses-de-distanciamiento.png","datePublished":"2026-09-04T16:09:48+00:00","dateModified":"2026-09-04T16:09:52+00:00","description":"Dany Ome y la influencer Samantha Hern\u00e1ndez parecen haber dejado atr\u00e1s el distanciamiento que durante meses despert\u00f3 interrogantes","breadcrumb":{"@id":"https:\/\/www.cuballama.com\/noticias\/ahora-son-novios-dany-ome-y-samantha-hernandez-confirman-que-hicieron-las-paces-en-comentada-sesion-de-fotos\/#breadcrumb"},"inLanguage":"es","potentialAction":[{"@type":"ReadAction","target":["https:\/\/www.cuballama.com\/noticias\/ahora-son-novios-dany-ome-y-samantha-hernandez-confirman-que-hicieron-las-paces-en-comentada-sesion-de-fotos\/"]}]},{"@type":"ImageObject","inLanguage":"es","@id":"https:\/\/www.cuballama.com\/noticias\/ahora-son-novios-dany-ome-y-samantha-hernandez-confirman-que-hicieron-las-paces-en-comentada-sesion-de-fotos\/#primaryimage","url":"https:\/\/cdn1.mediawpaccore.net\/wp-content\/uploads\/2026\/09\/04120438\/Dany-Ome-y-Samantha-Hernandez-hacen-las-paces-y-reaparecen-juntos-tras-meses-de-distanciamiento.png","contentUrl":"https:\/\/cdn1.mediawpaccore.net\/wp-content\/uploads\/2026\/09\/04120438\/Dany-Ome-y-Samantha-Hernandez-hacen-las-paces-y-reaparecen-juntos-tras-meses-de-distanciamiento.png","width":1244,"height":872,"caption":"Dany Ome y Samantha Hern\u00e1ndez hacen las paces y reaparecen juntos tras meses de distanciamiento (Foto: Dany Ome \/ Instagram)"},{"@type":"BreadcrumbList","@id":"https:\/\/www.cuballama.com\/noticias\/ahora-son-novios-dany-ome-y-samantha-hernandez-confirman-que-hicieron-las-paces-en-comentada-sesion-de-fotos\/#breadcrumb","itemListElement":[{"@type":"ListItem","position":1,"name":"Home","item":"https:\/\/www.cuballama.com\/noticias\/"},{"@type":"ListItem","position":2,"name":"\u201c\u00bfAhora son novios?\u201d: Dany Ome y Samantha Hern\u00e1ndez confirman que hicieron las paces en comentada sesi\u00f3n de fotos"}]},{"@type":"WebSite","@id":"https:\/\/www.cuballama.com\/noticias\/#website","url":"https:\/\/www.cuballama.com\/noticias\/","name":"Cuballama Noticias","description":"Medio digital sobre Cuba y el mundo","publisher":{"@id":"https:\/\/www.cuballama.com\/noticias\/#organization"},"potentialAction":[{"@type":"SearchAction","target":{"@type":"EntryPoint","urlTemplate":"https:\/\/www.cuballama.com\/noticias\/?s={search_term_string}"},"query-input":{"@type":"PropertyValueSpecification","valueRequired":true,"valueName":"search_term_string"}}],"inLanguage":"es"},{"@type":"Organization","@id":"https:\/\/www.cuballama.com\/noticias\/#organization","name":"Cuballama","url":"https:\/\/www.cuballama.com\/noticias\/","logo":{"@type":"ImageObject","inLanguage":"es","@id":"https:\/\/www.cuballama.com\/noticias\/#\/schema\/logo\/image\/","url":"https:\/\/cdn1.mediawpaccore.net\/wp-content\/uploads\/2021\/12\/28171206\/cbll-logo-color-sm.png","contentUrl":"https:\/\/cdn1.mediawpaccore.net\/wp-content\/uploads\/2021\/12\/28171206\/cbll-logo-color-sm.png","width":600,"height":133,"caption":"Cuballama"},"image":{"@id":"https:\/\/www.cuballama.com\/noticias\/#\/schema\/logo\/image\/"},"sameAs":["https:\/\/www.facebook.com\/CubaLlama","https:\/\/x.com\/cuballama","https:\/\/www.instagram.com\/stories\/cuballama_oficial\/","https:\/\/www.youtube.com\/channel\/UCKkFE-d_axENGZcrc4as0IA"]},{"@type":"Person","@id":"https:\/\/www.cuballama.com\/noticias\/#\/schema\/person\/0f97914526a658755f00e59ec2a832f2","name":"Rafa","url":"https:\/\/www.cuballama.com\/noticias\/author\/rafa\/"}]}},"_links":{"self":[{"href":"https:\/\/www.cuballama.com\/noticias\/wp-json\/wp\/v2\/posts\/256129","targetHints":{"allow":["GET"]}}],"collection":[{"href":"https:\/\/www.cuballama.com\/noticias\/wp-json\/wp\/v2\/posts"}],"about":[{"href":"https:\/\/www.cuballama.com\/noticias\/wp-json\/wp\/v2\/types\/post"}],"author":[{"embeddable":true,"href":"https:\/\/www.cuballama.com\/noticias\/wp-json\/wp\/v2\/users\/27"}],"replies":[{"embeddable":true,"href":"https:\/\/www.cuballama.com\/noticias\/wp-json\/wp\/v2\/comments?post=256129"}],"version-history":[{"count":1,"href":"https:\/\/www.cuballama.com\/noticias\/wp-json\/wp\/v2\/posts\/256129\/revisions"}],"predecessor-version":[{"id":256137,"href":"https:\/\/www.cuballama.com\/noticias\/wp-json\/wp\/v2\/posts\/256129\/revisions\/256137"}],"wp:featuredmedia":[{"embeddable":true,"href":"https:\/\/www.cuballama.com\/noticias\/wp-json\/wp\/v2\/media\/256136"}],"wp:attachment":[{"href":"https:\/\/www.cuballama.com\/noticias\/wp-json\/wp\/v2\/media?parent=256129"}],"wp:term":[{"taxonomy":"category","embeddable":true,"href":"https:\/\/www.cuballama.com\/noticias\/wp-json\/wp\/v2\/categories?post=256129"},{"taxonomy":"post_tag","embeddable":true,"href":"https:\/\/www.cuballama.com\/noticias\/wp-json\/wp\/v2\/tags?post=256129"}],"curies":[{"name":"wp","href":"https:\/\/api.w.org\/{rel}","templated":true}]}}