{"id":256119,"date":"2026-09-04T07:52:34","date_gmt":"2026-09-04T11:52:34","guid":{"rendered":"https:\/\/www.cuballama.com\/noticias\/?p=256119"},"modified":"2026-09-04T07:54:47","modified_gmt":"2026-09-04T11:54:47","slug":"ee-uu-lanza-otra-ronda-de-sanciones-contra-cuba-que-incluyen-a-nieto-de-raul-castro","status":"publish","type":"post","link":"https:\/\/www.cuballama.com\/noticias\/ee-uu-lanza-otra-ronda-de-sanciones-contra-cuba-que-incluyen-a-nieto-de-raul-castro\/","title":{"rendered":"EE.UU. lanza otra ronda de sanciones contra Cuba, que incluyen a nieto de Ra\u00fal Castro"},"content":{"rendered":"\n<p class=\"wp-block-paragraph\">El gobierno de Estados Unidos anunci\u00f3 este jueves nuevas sanciones contra el r\u00e9gimen cubano, las cuales incluyen a un nieto de Ra\u00fal Castro y cinco entidades estatales, vinculadas a sectores clave de la econom\u00eda nacional.<\/p>\n\n\n\n<p class=\"wp-block-paragraph\">Al anunciar el s\u00e9ptimo paquete de restricciones contra importantes figuras e instituciones del poder en Cuba que anuncia Washington desde que el presidente Donald Trump emiti\u00f3 la orden ejecutiva 14404, el pasado 1 de mayo, el secretario de Estado, Marco Rubio, escribi\u00f3: \u201cEl r\u00e9gimen comunista cubano sigue representando una amenaza profunda y multifac\u00e9tica para la seguridad nacional de Estados Unidos y para la estabilidad de nuestro hemisferio\u201d.\u00a0<\/p>\n\n\n\n<p class=\"wp-block-paragraph\">\u201cMientras el pueblo cubano sufre, la familia Castro y sus allegados en el represivo Ministerio del Interior (Minint) de Cuba contin\u00faan perpetuando su control total sobre la econom\u00eda de la isla, acaparando recursos en beneficio de un peque\u00f1o grupo de \u00e9lites del r\u00e9gimen\u201d, ampli\u00f3 Rubio en <a href=\"https:\/\/www.state.gov\/translations\/spanish\/incremento-de-sanciones-a-las-elites-canales-de-financiacion-y-aparatos-de-explotacion-de-recursos-de-cuba-2\/\" target=\"_blank\" rel=\"noreferrer noopener nofollow\">un comunicado<\/a>.<\/p>\n\n\n\n<p class=\"wp-block-paragraph\">Entre los designados este jueves aparecen un individuo y entidades \u201ccuyas actividades sustentan los sectores de servicios financieros, metal\u00fargicos y de miner\u00eda, as\u00ed como de energ\u00eda del r\u00e9gimen, y que forman parte de redes que fomentan las amenazas del r\u00e9gimen a la seguridad nacional de Estados Unidos\u201d.&nbsp;<\/p>\n\n\n\n<p class=\"wp-block-paragraph\">En concreto, la lista incluye a un nieto de Ra\u00fal Castro, Fidel Ernesto Castro Calis, el Banco Exterior de Cuba y cuatro entidades que \u201cexplotan los recursos naturales o las reservas energ\u00e9ticas de Cuba en beneficio del r\u00e9gimen\u201d, destac\u00f3 Rubio<\/p>\n\n\n\n<p class=\"wp-block-paragraph\">\u201cEstas designaciones reflejan la visi\u00f3n inquebrantable del presidente Trump de una Cuba libre: una en la que se desmantelen las redes financieras il\u00edcitas, los aparatos represivos y las estructuras de poder arraigadas de la era de los Castro, y donde el pueblo cubano \u2014y no sus opresores\u2014 herede el futuro de la naci\u00f3n\u201d, a\u00f1adi\u00f3 el encargado de la pol\u00edtica exterior estadounidense.<\/p>\n\n\n\n<p class=\"wp-block-paragraph\">Castro Calis, de 31 a\u00f1os e hijo del general Alejandro Castro Esp\u00edn. es el segundo hijo de Castro Esp\u00edn que resulta sancionado, ya que el pasado junio hab\u00eda sido designado Ra\u00fal Alejandro Castro Calis.<\/p>\n\n\n\n<p class=\"wp-block-paragraph\">Ahora suman ocho los miembros de la familia Castro bajo sanciones estadounidenses: el propio Ra\u00fal Castro y <a href=\"https:\/\/www.cuballama.com\/noticias\/ee-uu-sanciona-a-familia-de-diaz-canel-a-hijo-de-castro-y-a-varias-entidades\/?srsltid=AfmBOorIpqBIj6DDevzSpfqDKZx8dO57wJe0-p-pNadN4MDsFr9NtbJ0\" target=\"_blank\" rel=\"noreferrer noopener\">su hijo Alejandro<\/a>; las tres hijas de Ra\u00fal Castro, Nilsa, Deborah y Mariela Castro; y la actual esposa de Alejandro, <a href=\"https:\/\/www.cuballama.com\/noticias\/ee-uu-sanciona-a-nuera-de-raul-castro-y-a-cinco-empresas-cubanas\/?srsltid=AfmBOooVSakzvkivVR5kaeWIsGjOUPsBaHS4oL6toXybnALrsW1kBW7u\" target=\"_blank\" rel=\"noreferrer noopener\">Annalie Lilliam Rueda Cardero<\/a>.<\/p>\n\n\n\n<p class=\"wp-block-paragraph\">Fidel Ernesto y Ra\u00fal Alejandro Castro Calis son los dos hijos de Castro Esp\u00edn y su primera esposa, Marietta Calis Lauzurica.<\/p>\n\n\n\n<p class=\"wp-block-paragraph\">Para muchos, la inc\u00f3gnita sigue siendo la exclusi\u00f3n del listado de sanciones del coronel Ra\u00fal Guillermo Rodr\u00edguez Castro, el nieto m\u00e1s cercano a Ra\u00fal Castro, responsable de la seguridad personal de su abuelo y vinculado al Grupo de Administraci\u00f3n Empresarial S.A. (Gaesa). <a href=\"https:\/\/www.cuballama.com\/noticias\/ee-uu-sanciona-directamente-a-gaesa-y-otra-empresa-estatal-cubana\/?srsltid=AfmBOoqsy16viNvoKxFpp0LPZcnjwURBjeEOu65-azrP5oVws0cXLaum\" target=\"_blank\" rel=\"noreferrer noopener\">tambi\u00e9n sancionado directamente<\/a> por la administraci\u00f3n Trump.<\/p>\n\n\n\n<blockquote class=\"twitter-tweet\"><p lang=\"en\" dir=\"ltr\">Cuba\u2019s Communist regime elites preside over a failed state where ordinary Cubans go hungry while the Castro family and other insiders enrich themselves through sanctions evasion and other illicit schemes \u2013 and seek to export subversive Marxist ideology to the United States and\u2026<\/p>&mdash; Secretary Marco Rubio (@SecRubio) <a href=\"https:\/\/x.com\/SecRubio\/status\/2095576242032369888?ref_src=twsrc%5Etfw\">September 3, 2026<\/a><\/blockquote> <script async src=\"https:\/\/platform.x.com\/widgets.js\" charset=\"utf-8\"><\/script>\n\n\n\n<p class=\"wp-block-paragraph\">La lista de sanciones proclamadas por el Departamento de Estado este jueves es la siguiente:<\/p>\n\n\n\n<p class=\"wp-block-paragraph\"><strong>Designaciones continuadas del r\u00e9gimen de Castro<\/strong><\/p>\n\n\n\n<p class=\"wp-block-paragraph\"><strong>FIDEL ERNESTO CASTRO CALIS (CASTRO CALIS)<\/strong>, nieto de Ra\u00fal Modesto Castro Ruz, est\u00e1 siendo designado en virtud de la secci\u00f3n 2(a)(i)(I) de la orden ejecutiva 14404 por ser un miembro adulto de la familia de ALEJANDRO CASTRO ESP\u00cdN (CASTRO ESP\u00cdN), una persona designada en virtud de esta orden. CASTRO ESP\u00cdN, que es el padre de CASTRO CALIS, fue designado junto con el hermano de CASTRO CALIS, RA\u00daL ALEJANDRO CASTRO CALIS, en virtud de la orden ejecutiva 14404 del 4 de junio de 2026.&nbsp;&nbsp;<\/p>\n\n\n\n<p class=\"wp-block-paragraph\"><strong>Incremento de las restricciones de la capacidad del r\u00e9gimen para explotar el sistema financiero internacional<\/strong><\/p>\n\n\n\n<p class=\"wp-block-paragraph\"><strong>BANCO EXTERIOR DE CUBA<\/strong>, un banco de propiedad estatal de Cuba que se especializa en banca empresarial, financiaci\u00f3n de comercio exterior y transacciones internacionales, es designado en virtud de la secci\u00f3n 2(a)(i)(A) de la orden ejecutiva 14404 por operar o haber operado en el sector financiero de la econom\u00eda cubana.&nbsp;<\/p>\n\n\n\n<p class=\"wp-block-paragraph\"><strong>Entidades cubanas que explotan los sectores metal\u00fargico y minero<\/strong><\/p>\n\n\n\n<p class=\"wp-block-paragraph\">Las entidades a continuaci\u00f3n asociadas con la explotaci\u00f3n de los sectores metal\u00fargico y minero de Cuba para beneficio del r\u00e9gimen est\u00e1n siendo designadas en virtud de la secci\u00f3n 2(a)(i)(A) de la orden ejecutiva 14404 por operar o haber operado en los sectores metal\u00fargico y minero de la econom\u00eda cubana:&nbsp;&nbsp;<\/p>\n\n\n\n<p class=\"wp-block-paragraph\"><strong>EMPRESA DE SERVICIOS COMANDANTE REN\u00c9 RAMOS LATOUR (NICAROTEC)<\/strong>, una entidad de propiedad estatal cubana, empresa que realiza servicios industriales y t\u00e9cnicos que proporciona apoyo geol\u00f3gico y minero al sector cubano del n\u00edquel.<\/p>\n\n\n\n<p class=\"wp-block-paragraph\"><strong>EMPRESA IMPORTADORA Y ABASTECEDORA DEL N\u00cdQUEL (CEXNI)<\/strong>, una empresa de comercio exterior y log\u00edstica que importa y suministra materias primas especializadas, maquinaria y equipos para la industria cubana del n\u00edquel y el cobalto.<\/p>\n\n\n\n<p class=\"wp-block-paragraph\"><strong>Entidades cubanas que explotan el sector energ\u00e9tico<\/strong><\/p>\n\n\n\n<p class=\"wp-block-paragraph\">Las entidades a continuaci\u00f3n asociadas con la explotaci\u00f3n del sector energ\u00e9tico de Cuba para beneficio del r\u00e9gimen son designadas:&nbsp;&nbsp;<\/p>\n\n\n\n<p class=\"wp-block-paragraph\"><strong>EMPRESA IMPORTADORA DE ABASTECIMIENTO PARA EL PETR\u00d3LEO (ABAPET)<\/strong> est\u00e1 siendo designada en virtud de la secci\u00f3n 2(a)(i)(B) de la orden ejecutiva 14404 por ser propiedad de o estar controlada directa o indirectamente por, o por haber actuado o pretendido actuar en nombre o por cuenta de, UNI\u00d3N CUBA-PETR\u00d3LEO (CUPET), persona cuya propiedad o intereses en propiedad est\u00e1n bloqueados en virtud de esta orden. ABAPET es una subsidiaria de CUPET que participa principalmente en actividades de apoyo de licitaciones para CUPET, y ha importado espec\u00edficamente equipos tecnol\u00f3gicos, piezas sueltas, herramientas especializadas e insumos industriales necesarios para sostener el sector energ\u00e9tico de Cuba.<\/p>\n\n\n\n<p class=\"wp-block-paragraph\"><strong>COMERCIAL CUPET S.A.<\/strong> est\u00e1 siendo designada en virtud de la secci\u00f3n 2(a)(i)(A) de la orden ejecutiva 14404 por operar o haber operado en el sector energ\u00e9tico de la econom\u00eda cubana. COMERCIAL CUPET S.A. es una entidad cubana de propiedad estatal que representa a CUPET en negociaciones y empresas conjuntas con entidades extranjeras.<\/p>\n\n\n\n<p class=\"wp-block-paragraph\"><strong>Implicaciones de las sanciones<\/strong><\/p>\n\n\n\n<p class=\"wp-block-paragraph\">Como resultado de las acciones de hoy relacionadas con las sanciones, y en virtud de la orden ejecutiva 14404 de 1 de mayo de 2026, \u201cImposici\u00f3n de sanciones a los responsables de la represi\u00f3n en Cuba y de las amenazas a la seguridad nacional y la pol\u00edtica exterior de Estados Unidos\u201d, todas las propiedades e intereses en poder de las personas designadas descritas anteriormente que se encuentren en Estados Unidos o en posesi\u00f3n o control de personas estadounidenses, est\u00e1n bloqueadas y deben ser reportadas a la Oficina de Control de Activos Extranjeros (OFAC) del Departamento del Tesoro. Adem\u00e1s, cualquier entidad que sea propiedad individual o colectivamente en un 50 por ciento o m\u00e1s de una persona bloqueada o m\u00e1s, tambi\u00e9n est\u00e1 bloqueada.<\/p>\n\n\n\n<p class=\"wp-block-paragraph\">Se proh\u00edben todas las transacciones y negocios realizados por personas estadounidenses, dentro de Estados Unidos (o en tr\u00e1nsito), que impliquen cualquier propiedad o inter\u00e9s en propiedades de las personas designadas o bloqueadas de alg\u00fan modo a menos que est\u00e9 autorizada por una licencia general o espec\u00edfica emitida por la OFAC, o que est\u00e9 exenta.\u202fLas prohibiciones incluyen la realizaci\u00f3n de cualquier contribuci\u00f3n o provisi\u00f3n de fondos, bienes o servicios por, para o en beneficio de cualquier persona bloqueada, o la recepci\u00f3n de cualquier contribuci\u00f3n o provisi\u00f3n de fondos, bienes o servicios de cualquiera de estas personas. Las personas extranjeras que participen en transacciones con personas designadas en virtud de la O. E. 14404, o que operen en los sectores de energ\u00eda, defensa y material relacionado, metal\u00fargico y miner\u00eda, servicios financieros, o el sector de seguridad de la econom\u00eda cubana, como se identifican en la O. E. 14404, se arriesgan a ser objeto de sanciones. Las personas no estadounidenses, incluyendo instituciones financieras extranjeras, deben proceder con precauci\u00f3n respecto a cualquier operaci\u00f3n con una parte sancionada bajo esta autoridad. Las acciones para devolver activos a una parte sancionada o transferirlos a otra jurisdicci\u00f3n para posible uso por el sujeto [de la sanci\u00f3n] podr\u00edan exponer a las personas no estadounidenses a un riesgo significativo de ser sancionadas. Toda propiedad o inter\u00e9s en propiedad de personas que est\u00e9n bloqueadas en virtud de las reglamentaciones de control de activos cubanos (CACR) contin\u00faa estando bloqueada. La CACR proh\u00edbe a personas sujetas a la jurisdicci\u00f3n de Estados Unidos hacer transacciones con propiedades en las que Cuba o un nacional cubano tenga intereses a no ser que est\u00e9 autorizada o exenta.<\/p>\n\n\n\n<p class=\"wp-block-paragraph\">El poder y la integridad de las sanciones del Gobierno de Estados Unidos derivan no solo de la capacidad del Gobierno de Estados Unidos para designar y agregar personas a la Lista de Nacionales Especialmente Designados y Personas Bloqueadas (Lista SDN), sino tambi\u00e9n de su voluntad para eliminar a personas de la Lista SDN de conformidad con la ley. El objetivo final de las sanciones no es castigar, sino provocar un cambio positivo en el comportamiento.<\/p>\n\n\n\n<p class=\"wp-block-paragraph\">Las solicitudes de exclusi\u00f3n de la Lista SDN pueden enviarse a trav\u00e9s de la <a href=\"https:\/\/reconsideration.ofac.treas.gov\/\" target=\"_blank\" rel=\"noreferrer noopener nofollow\"><strong>p\u00e1gina web de la OFAC para solicitud de revisi\u00f3n<\/strong><\/a> (<em>en ingl\u00e9s<\/em>). Los solicitantes tambi\u00e9n pueden consultar la p\u00e1gina de informaci\u00f3n del Departamento de Estado para conocer las condiciones para ser eliminado de la lista (<a href=\"https:\/\/www.state.gov\/sanctions-delisting\/\" target=\"_blank\" rel=\"noreferrer noopener nofollow\"><strong><em>Delisting Guidance<\/em><\/strong><\/a>, <em>en ingl\u00e9s<\/em>).<\/p>\n\n\n\n<p class=\"wp-block-paragraph\"><\/p>\n","protected":false},"excerpt":{"rendered":"<p>Se trata del s\u00e9ptimo paquete de restricciones contra importantes figuras e instituciones del poder en la isla que anuncia Washington desde el  1 de mayo.<\/p>\n","protected":false},"author":30,"featured_media":256121,"comment_status":"open","ping_status":"closed","sticky":false,"template":"","format":"standard","meta":{"_acf_changed":false,"footnotes":""},"categories":[18,955],"tags":[5404,10867,37896,13246,9815,2473,11017],"class_list":["post-256119","post","type-post","status-publish","format-standard","has-post-thumbnail","category-noticias","category-noticias-de-cuba","tag-administracion-trump","tag-crisis-en-cuba","tag-fidel-ernesto-castro-calis","tag-nieto-de-raul-castro","tag-regimen-cubano","tag-sanciones-a-cuba","tag-superdestacado"],"acf":[],"yoast_head":"<!-- This site is optimized with the Yoast SEO plugin v28.3 - https:\/\/yoast.com\/product\/yoast-seo-wordpress\/ -->\n<title>EE.UU. lanza otra ronda de sanciones contra Cuba, que incluyen a nieto de Ra\u00fal Castro - Cuballama Noticias<\/title>\n<meta name=\"description\" content=\"El gobierno de Estados Unidos anunci\u00f3 este jueves nuevas sanciones contra el r\u00e9gimen cubano, las cuales incluyen a un nieto de Ra\u00fal Castro.\" \/>\n<meta name=\"robots\" content=\"index, follow, max-snippet:-1, max-image-preview:large, max-video-preview:-1\" \/>\n<link rel=\"canonical\" href=\"https:\/\/www.cuballama.com\/noticias\/ee-uu-lanza-otra-ronda-de-sanciones-contra-cuba-que-incluyen-a-nieto-de-raul-castro\/\" \/>\n<meta property=\"og:locale\" content=\"es_ES\" \/>\n<meta property=\"og:type\" content=\"article\" \/>\n<meta property=\"og:title\" content=\"EE.UU. lanza otra ronda de sanciones contra Cuba, que incluyen a nieto de Ra\u00fal Castro - Cuballama Noticias\" \/>\n<meta property=\"og:description\" content=\"El gobierno de Estados Unidos anunci\u00f3 este jueves nuevas sanciones contra el r\u00e9gimen cubano, las cuales incluyen a un nieto de Ra\u00fal Castro.\" \/>\n<meta property=\"og:url\" content=\"https:\/\/www.cuballama.com\/noticias\/ee-uu-lanza-otra-ronda-de-sanciones-contra-cuba-que-incluyen-a-nieto-de-raul-castro\/\" \/>\n<meta property=\"og:site_name\" content=\"Cuballama Noticias\" \/>\n<meta property=\"article:publisher\" content=\"https:\/\/www.facebook.com\/CubaLlama\" \/>\n<meta property=\"article:published_time\" content=\"2026-09-04T11:52:34+00:00\" \/>\n<meta property=\"article:modified_time\" content=\"2026-09-04T11:54:47+00:00\" \/>\n<meta property=\"og:image\" content=\"https:\/\/cdn1.mediawpaccore.net\/wp-content\/uploads\/2026\/09\/04065913\/786166939_2146782889588354_8699373558110393864_n1.jpg\" \/>\n\t<meta property=\"og:image:width\" content=\"1200\" \/>\n\t<meta property=\"og:image:height\" content=\"630\" \/>\n\t<meta property=\"og:image:type\" content=\"image\/jpeg\" \/>\n<meta name=\"author\" content=\"Kathy\" \/>\n<meta name=\"twitter:card\" content=\"summary_large_image\" \/>\n<meta name=\"twitter:creator\" content=\"@cuballama\" \/>\n<meta name=\"twitter:site\" content=\"@cuballama\" \/>\n<meta name=\"twitter:label1\" content=\"Escrito por\" \/>\n\t<meta name=\"twitter:data1\" content=\"Kathy\" \/>\n\t<meta name=\"twitter:label2\" content=\"Tiempo de lectura\" \/>\n\t<meta name=\"twitter:data2\" content=\"7 minutos\" \/>\n<script type=\"application\/ld+json\" class=\"yoast-schema-graph\">{\"@context\":\"https:\\\/\\\/schema.org\",\"@graph\":[{\"@type\":\"Article\",\"@id\":\"https:\\\/\\\/www.cuballama.com\\\/noticias\\\/ee-uu-lanza-otra-ronda-de-sanciones-contra-cuba-que-incluyen-a-nieto-de-raul-castro\\\/#article\",\"isPartOf\":{\"@id\":\"https:\\\/\\\/www.cuballama.com\\\/noticias\\\/ee-uu-lanza-otra-ronda-de-sanciones-contra-cuba-que-incluyen-a-nieto-de-raul-castro\\\/\"},\"author\":{\"name\":\"Kathy\",\"@id\":\"https:\\\/\\\/www.cuballama.com\\\/noticias\\\/#\\\/schema\\\/person\\\/86cd3e3f4974437f031211213bf892d5\"},\"headline\":\"EE.UU. lanza otra ronda de sanciones contra Cuba, que incluyen a nieto de Ra\u00fal Castro\",\"datePublished\":\"2026-09-04T11:52:34+00:00\",\"dateModified\":\"2026-09-04T11:54:47+00:00\",\"mainEntityOfPage\":{\"@id\":\"https:\\\/\\\/www.cuballama.com\\\/noticias\\\/ee-uu-lanza-otra-ronda-de-sanciones-contra-cuba-que-incluyen-a-nieto-de-raul-castro\\\/\"},\"wordCount\":1638,\"commentCount\":0,\"publisher\":{\"@id\":\"https:\\\/\\\/www.cuballama.com\\\/noticias\\\/#organization\"},\"image\":{\"@id\":\"https:\\\/\\\/www.cuballama.com\\\/noticias\\\/ee-uu-lanza-otra-ronda-de-sanciones-contra-cuba-que-incluyen-a-nieto-de-raul-castro\\\/#primaryimage\"},\"thumbnailUrl\":\"https:\\\/\\\/cdn1.mediawpaccore.net\\\/wp-content\\\/uploads\\\/2026\\\/09\\\/04065913\\\/786166939_2146782889588354_8699373558110393864_n1.jpg\",\"keywords\":[\"administraci\u00f3n Trump\",\"Crisis en Cuba\",\"Fidel Ernesto Castro Calis\",\"nieto de Ra\u00fal Castro\",\"R\u00e9gimen cubano\",\"Sanciones a Cuba\",\"superdestacado\"],\"articleSection\":[\"Noticias\",\"Noticias de Cuba\"],\"inLanguage\":\"es\",\"potentialAction\":[{\"@type\":\"CommentAction\",\"name\":\"Comment\",\"target\":[\"https:\\\/\\\/www.cuballama.com\\\/noticias\\\/ee-uu-lanza-otra-ronda-de-sanciones-contra-cuba-que-incluyen-a-nieto-de-raul-castro\\\/#respond\"]}]},{\"@type\":\"WebPage\",\"@id\":\"https:\\\/\\\/www.cuballama.com\\\/noticias\\\/ee-uu-lanza-otra-ronda-de-sanciones-contra-cuba-que-incluyen-a-nieto-de-raul-castro\\\/\",\"url\":\"https:\\\/\\\/www.cuballama.com\\\/noticias\\\/ee-uu-lanza-otra-ronda-de-sanciones-contra-cuba-que-incluyen-a-nieto-de-raul-castro\\\/\",\"name\":\"EE.UU. lanza otra ronda de sanciones contra Cuba, que incluyen a nieto de Ra\u00fal Castro - Cuballama Noticias\",\"isPartOf\":{\"@id\":\"https:\\\/\\\/www.cuballama.com\\\/noticias\\\/#website\"},\"primaryImageOfPage\":{\"@id\":\"https:\\\/\\\/www.cuballama.com\\\/noticias\\\/ee-uu-lanza-otra-ronda-de-sanciones-contra-cuba-que-incluyen-a-nieto-de-raul-castro\\\/#primaryimage\"},\"image\":{\"@id\":\"https:\\\/\\\/www.cuballama.com\\\/noticias\\\/ee-uu-lanza-otra-ronda-de-sanciones-contra-cuba-que-incluyen-a-nieto-de-raul-castro\\\/#primaryimage\"},\"thumbnailUrl\":\"https:\\\/\\\/cdn1.mediawpaccore.net\\\/wp-content\\\/uploads\\\/2026\\\/09\\\/04065913\\\/786166939_2146782889588354_8699373558110393864_n1.jpg\",\"datePublished\":\"2026-09-04T11:52:34+00:00\",\"dateModified\":\"2026-09-04T11:54:47+00:00\",\"description\":\"El gobierno de Estados Unidos anunci\u00f3 este jueves nuevas sanciones contra el r\u00e9gimen cubano, las cuales incluyen a un nieto de Ra\u00fal Castro.\",\"breadcrumb\":{\"@id\":\"https:\\\/\\\/www.cuballama.com\\\/noticias\\\/ee-uu-lanza-otra-ronda-de-sanciones-contra-cuba-que-incluyen-a-nieto-de-raul-castro\\\/#breadcrumb\"},\"inLanguage\":\"es\",\"potentialAction\":[{\"@type\":\"ReadAction\",\"target\":[\"https:\\\/\\\/www.cuballama.com\\\/noticias\\\/ee-uu-lanza-otra-ronda-de-sanciones-contra-cuba-que-incluyen-a-nieto-de-raul-castro\\\/\"]}]},{\"@type\":\"ImageObject\",\"inLanguage\":\"es\",\"@id\":\"https:\\\/\\\/www.cuballama.com\\\/noticias\\\/ee-uu-lanza-otra-ronda-de-sanciones-contra-cuba-que-incluyen-a-nieto-de-raul-castro\\\/#primaryimage\",\"url\":\"https:\\\/\\\/cdn1.mediawpaccore.net\\\/wp-content\\\/uploads\\\/2026\\\/09\\\/04065913\\\/786166939_2146782889588354_8699373558110393864_n1.jpg\",\"contentUrl\":\"https:\\\/\\\/cdn1.mediawpaccore.net\\\/wp-content\\\/uploads\\\/2026\\\/09\\\/04065913\\\/786166939_2146782889588354_8699373558110393864_n1.jpg\",\"width\":1200,\"height\":630,\"caption\":\"Fidel Ernesto Castro Calis. Foto: Facebook\\\/Mario Vallejo.\"},{\"@type\":\"BreadcrumbList\",\"@id\":\"https:\\\/\\\/www.cuballama.com\\\/noticias\\\/ee-uu-lanza-otra-ronda-de-sanciones-contra-cuba-que-incluyen-a-nieto-de-raul-castro\\\/#breadcrumb\",\"itemListElement\":[{\"@type\":\"ListItem\",\"position\":1,\"name\":\"Home\",\"item\":\"https:\\\/\\\/www.cuballama.com\\\/noticias\\\/\"},{\"@type\":\"ListItem\",\"position\":2,\"name\":\"EE.UU. lanza otra ronda de sanciones contra Cuba, que incluyen a nieto de Ra\u00fal Castro\"}]},{\"@type\":\"WebSite\",\"@id\":\"https:\\\/\\\/www.cuballama.com\\\/noticias\\\/#website\",\"url\":\"https:\\\/\\\/www.cuballama.com\\\/noticias\\\/\",\"name\":\"Cuballama Noticias\",\"description\":\"Medio digital sobre Cuba y el mundo\",\"publisher\":{\"@id\":\"https:\\\/\\\/www.cuballama.com\\\/noticias\\\/#organization\"},\"potentialAction\":[{\"@type\":\"SearchAction\",\"target\":{\"@type\":\"EntryPoint\",\"urlTemplate\":\"https:\\\/\\\/www.cuballama.com\\\/noticias\\\/?s={search_term_string}\"},\"query-input\":{\"@type\":\"PropertyValueSpecification\",\"valueRequired\":true,\"valueName\":\"search_term_string\"}}],\"inLanguage\":\"es\"},{\"@type\":\"Organization\",\"@id\":\"https:\\\/\\\/www.cuballama.com\\\/noticias\\\/#organization\",\"name\":\"Cuballama\",\"url\":\"https:\\\/\\\/www.cuballama.com\\\/noticias\\\/\",\"logo\":{\"@type\":\"ImageObject\",\"inLanguage\":\"es\",\"@id\":\"https:\\\/\\\/www.cuballama.com\\\/noticias\\\/#\\\/schema\\\/logo\\\/image\\\/\",\"url\":\"https:\\\/\\\/cdn1.mediawpaccore.net\\\/wp-content\\\/uploads\\\/2021\\\/12\\\/28171206\\\/cbll-logo-color-sm.png\",\"contentUrl\":\"https:\\\/\\\/cdn1.mediawpaccore.net\\\/wp-content\\\/uploads\\\/2021\\\/12\\\/28171206\\\/cbll-logo-color-sm.png\",\"width\":600,\"height\":133,\"caption\":\"Cuballama\"},\"image\":{\"@id\":\"https:\\\/\\\/www.cuballama.com\\\/noticias\\\/#\\\/schema\\\/logo\\\/image\\\/\"},\"sameAs\":[\"https:\\\/\\\/www.facebook.com\\\/CubaLlama\",\"https:\\\/\\\/x.com\\\/cuballama\",\"https:\\\/\\\/www.instagram.com\\\/stories\\\/cuballama_oficial\\\/\",\"https:\\\/\\\/www.youtube.com\\\/channel\\\/UCKkFE-d_axENGZcrc4as0IA\"]},{\"@type\":\"Person\",\"@id\":\"https:\\\/\\\/www.cuballama.com\\\/noticias\\\/#\\\/schema\\\/person\\\/86cd3e3f4974437f031211213bf892d5\",\"name\":\"Kathy\",\"url\":\"https:\\\/\\\/www.cuballama.com\\\/noticias\\\/author\\\/kathy\\\/\"}]}<\/script>\n<!-- \/ Yoast SEO plugin. -->","yoast_head_json":{"title":"EE.UU. lanza otra ronda de sanciones contra Cuba, que incluyen a nieto de Ra\u00fal Castro - Cuballama Noticias","description":"El gobierno de Estados Unidos anunci\u00f3 este jueves nuevas sanciones contra el r\u00e9gimen cubano, las cuales incluyen a un nieto de Ra\u00fal Castro.","robots":{"index":"index","follow":"follow","max-snippet":"max-snippet:-1","max-image-preview":"max-image-preview:large","max-video-preview":"max-video-preview:-1"},"canonical":"https:\/\/www.cuballama.com\/noticias\/ee-uu-lanza-otra-ronda-de-sanciones-contra-cuba-que-incluyen-a-nieto-de-raul-castro\/","og_locale":"es_ES","og_type":"article","og_title":"EE.UU. lanza otra ronda de sanciones contra Cuba, que incluyen a nieto de Ra\u00fal Castro - Cuballama Noticias","og_description":"El gobierno de Estados Unidos anunci\u00f3 este jueves nuevas sanciones contra el r\u00e9gimen cubano, las cuales incluyen a un nieto de Ra\u00fal Castro.","og_url":"https:\/\/www.cuballama.com\/noticias\/ee-uu-lanza-otra-ronda-de-sanciones-contra-cuba-que-incluyen-a-nieto-de-raul-castro\/","og_site_name":"Cuballama Noticias","article_publisher":"https:\/\/www.facebook.com\/CubaLlama","article_published_time":"2026-09-04T11:52:34+00:00","article_modified_time":"2026-09-04T11:54:47+00:00","og_image":[{"width":1200,"height":630,"url":"https:\/\/cdn1.mediawpaccore.net\/wp-content\/uploads\/2026\/09\/04065913\/786166939_2146782889588354_8699373558110393864_n1.jpg","type":"image\/jpeg"}],"author":"Kathy","twitter_card":"summary_large_image","twitter_creator":"@cuballama","twitter_site":"@cuballama","twitter_misc":{"Escrito por":"Kathy","Tiempo de lectura":"7 minutos"},"schema":{"@context":"https:\/\/schema.org","@graph":[{"@type":"Article","@id":"https:\/\/www.cuballama.com\/noticias\/ee-uu-lanza-otra-ronda-de-sanciones-contra-cuba-que-incluyen-a-nieto-de-raul-castro\/#article","isPartOf":{"@id":"https:\/\/www.cuballama.com\/noticias\/ee-uu-lanza-otra-ronda-de-sanciones-contra-cuba-que-incluyen-a-nieto-de-raul-castro\/"},"author":{"name":"Kathy","@id":"https:\/\/www.cuballama.com\/noticias\/#\/schema\/person\/86cd3e3f4974437f031211213bf892d5"},"headline":"EE.UU. lanza otra ronda de sanciones contra Cuba, que incluyen a nieto de Ra\u00fal Castro","datePublished":"2026-09-04T11:52:34+00:00","dateModified":"2026-09-04T11:54:47+00:00","mainEntityOfPage":{"@id":"https:\/\/www.cuballama.com\/noticias\/ee-uu-lanza-otra-ronda-de-sanciones-contra-cuba-que-incluyen-a-nieto-de-raul-castro\/"},"wordCount":1638,"commentCount":0,"publisher":{"@id":"https:\/\/www.cuballama.com\/noticias\/#organization"},"image":{"@id":"https:\/\/www.cuballama.com\/noticias\/ee-uu-lanza-otra-ronda-de-sanciones-contra-cuba-que-incluyen-a-nieto-de-raul-castro\/#primaryimage"},"thumbnailUrl":"https:\/\/cdn1.mediawpaccore.net\/wp-content\/uploads\/2026\/09\/04065913\/786166939_2146782889588354_8699373558110393864_n1.jpg","keywords":["administraci\u00f3n Trump","Crisis en Cuba","Fidel Ernesto Castro Calis","nieto de Ra\u00fal Castro","R\u00e9gimen cubano","Sanciones a Cuba","superdestacado"],"articleSection":["Noticias","Noticias de Cuba"],"inLanguage":"es","potentialAction":[{"@type":"CommentAction","name":"Comment","target":["https:\/\/www.cuballama.com\/noticias\/ee-uu-lanza-otra-ronda-de-sanciones-contra-cuba-que-incluyen-a-nieto-de-raul-castro\/#respond"]}]},{"@type":"WebPage","@id":"https:\/\/www.cuballama.com\/noticias\/ee-uu-lanza-otra-ronda-de-sanciones-contra-cuba-que-incluyen-a-nieto-de-raul-castro\/","url":"https:\/\/www.cuballama.com\/noticias\/ee-uu-lanza-otra-ronda-de-sanciones-contra-cuba-que-incluyen-a-nieto-de-raul-castro\/","name":"EE.UU. lanza otra ronda de sanciones contra Cuba, que incluyen a nieto de Ra\u00fal Castro - Cuballama Noticias","isPartOf":{"@id":"https:\/\/www.cuballama.com\/noticias\/#website"},"primaryImageOfPage":{"@id":"https:\/\/www.cuballama.com\/noticias\/ee-uu-lanza-otra-ronda-de-sanciones-contra-cuba-que-incluyen-a-nieto-de-raul-castro\/#primaryimage"},"image":{"@id":"https:\/\/www.cuballama.com\/noticias\/ee-uu-lanza-otra-ronda-de-sanciones-contra-cuba-que-incluyen-a-nieto-de-raul-castro\/#primaryimage"},"thumbnailUrl":"https:\/\/cdn1.mediawpaccore.net\/wp-content\/uploads\/2026\/09\/04065913\/786166939_2146782889588354_8699373558110393864_n1.jpg","datePublished":"2026-09-04T11:52:34+00:00","dateModified":"2026-09-04T11:54:47+00:00","description":"El gobierno de Estados Unidos anunci\u00f3 este jueves nuevas sanciones contra el r\u00e9gimen cubano, las cuales incluyen a un nieto de Ra\u00fal Castro.","breadcrumb":{"@id":"https:\/\/www.cuballama.com\/noticias\/ee-uu-lanza-otra-ronda-de-sanciones-contra-cuba-que-incluyen-a-nieto-de-raul-castro\/#breadcrumb"},"inLanguage":"es","potentialAction":[{"@type":"ReadAction","target":["https:\/\/www.cuballama.com\/noticias\/ee-uu-lanza-otra-ronda-de-sanciones-contra-cuba-que-incluyen-a-nieto-de-raul-castro\/"]}]},{"@type":"ImageObject","inLanguage":"es","@id":"https:\/\/www.cuballama.com\/noticias\/ee-uu-lanza-otra-ronda-de-sanciones-contra-cuba-que-incluyen-a-nieto-de-raul-castro\/#primaryimage","url":"https:\/\/cdn1.mediawpaccore.net\/wp-content\/uploads\/2026\/09\/04065913\/786166939_2146782889588354_8699373558110393864_n1.jpg","contentUrl":"https:\/\/cdn1.mediawpaccore.net\/wp-content\/uploads\/2026\/09\/04065913\/786166939_2146782889588354_8699373558110393864_n1.jpg","width":1200,"height":630,"caption":"Fidel Ernesto Castro Calis. Foto: Facebook\/Mario Vallejo."},{"@type":"BreadcrumbList","@id":"https:\/\/www.cuballama.com\/noticias\/ee-uu-lanza-otra-ronda-de-sanciones-contra-cuba-que-incluyen-a-nieto-de-raul-castro\/#breadcrumb","itemListElement":[{"@type":"ListItem","position":1,"name":"Home","item":"https:\/\/www.cuballama.com\/noticias\/"},{"@type":"ListItem","position":2,"name":"EE.UU. lanza otra ronda de sanciones contra Cuba, que incluyen a nieto de Ra\u00fal Castro"}]},{"@type":"WebSite","@id":"https:\/\/www.cuballama.com\/noticias\/#website","url":"https:\/\/www.cuballama.com\/noticias\/","name":"Cuballama Noticias","description":"Medio digital sobre Cuba y el mundo","publisher":{"@id":"https:\/\/www.cuballama.com\/noticias\/#organization"},"potentialAction":[{"@type":"SearchAction","target":{"@type":"EntryPoint","urlTemplate":"https:\/\/www.cuballama.com\/noticias\/?s={search_term_string}"},"query-input":{"@type":"PropertyValueSpecification","valueRequired":true,"valueName":"search_term_string"}}],"inLanguage":"es"},{"@type":"Organization","@id":"https:\/\/www.cuballama.com\/noticias\/#organization","name":"Cuballama","url":"https:\/\/www.cuballama.com\/noticias\/","logo":{"@type":"ImageObject","inLanguage":"es","@id":"https:\/\/www.cuballama.com\/noticias\/#\/schema\/logo\/image\/","url":"https:\/\/cdn1.mediawpaccore.net\/wp-content\/uploads\/2021\/12\/28171206\/cbll-logo-color-sm.png","contentUrl":"https:\/\/cdn1.mediawpaccore.net\/wp-content\/uploads\/2021\/12\/28171206\/cbll-logo-color-sm.png","width":600,"height":133,"caption":"Cuballama"},"image":{"@id":"https:\/\/www.cuballama.com\/noticias\/#\/schema\/logo\/image\/"},"sameAs":["https:\/\/www.facebook.com\/CubaLlama","https:\/\/x.com\/cuballama","https:\/\/www.instagram.com\/stories\/cuballama_oficial\/","https:\/\/www.youtube.com\/channel\/UCKkFE-d_axENGZcrc4as0IA"]},{"@type":"Person","@id":"https:\/\/www.cuballama.com\/noticias\/#\/schema\/person\/86cd3e3f4974437f031211213bf892d5","name":"Kathy","url":"https:\/\/www.cuballama.com\/noticias\/author\/kathy\/"}]}},"_links":{"self":[{"href":"https:\/\/www.cuballama.com\/noticias\/wp-json\/wp\/v2\/posts\/256119","targetHints":{"allow":["GET"]}}],"collection":[{"href":"https:\/\/www.cuballama.com\/noticias\/wp-json\/wp\/v2\/posts"}],"about":[{"href":"https:\/\/www.cuballama.com\/noticias\/wp-json\/wp\/v2\/types\/post"}],"author":[{"embeddable":true,"href":"https:\/\/www.cuballama.com\/noticias\/wp-json\/wp\/v2\/users\/30"}],"replies":[{"embeddable":true,"href":"https:\/\/www.cuballama.com\/noticias\/wp-json\/wp\/v2\/comments?post=256119"}],"version-history":[{"count":3,"href":"https:\/\/www.cuballama.com\/noticias\/wp-json\/wp\/v2\/posts\/256119\/revisions"}],"predecessor-version":[{"id":256125,"href":"https:\/\/www.cuballama.com\/noticias\/wp-json\/wp\/v2\/posts\/256119\/revisions\/256125"}],"wp:featuredmedia":[{"embeddable":true,"href":"https:\/\/www.cuballama.com\/noticias\/wp-json\/wp\/v2\/media\/256121"}],"wp:attachment":[{"href":"https:\/\/www.cuballama.com\/noticias\/wp-json\/wp\/v2\/media?parent=256119"}],"wp:term":[{"taxonomy":"category","embeddable":true,"href":"https:\/\/www.cuballama.com\/noticias\/wp-json\/wp\/v2\/categories?post=256119"},{"taxonomy":"post_tag","embeddable":true,"href":"https:\/\/www.cuballama.com\/noticias\/wp-json\/wp\/v2\/tags?post=256119"}],"curies":[{"name":"wp","href":"https:\/\/api.w.org\/{rel}","templated":true}]}}