{"id":256117,"date":"2026-09-04T07:23:00","date_gmt":"2026-09-04T11:23:00","guid":{"rendered":"https:\/\/www.cuballama.com\/noticias\/?p=256117"},"modified":"2026-09-04T07:23:11","modified_gmt":"2026-09-04T11:23:11","slug":"arrestan-a-asesino-de-director-artistico-juan-carlos-perez-en-ciego-de-avila","status":"publish","type":"post","link":"https:\/\/www.cuballama.com\/noticias\/arrestan-a-asesino-de-director-artistico-juan-carlos-perez-en-ciego-de-avila\/","title":{"rendered":"Arrestan a asesino de director art\u00edstico Juan Carlos P\u00e9rez en Ciego de \u00c1vila"},"content":{"rendered":"\n<p class=\"wp-block-paragraph\">Bajo un fuerte operativo policial y en medio de la gran indignaci\u00f3n de los vecinos, tuvo lugar la tarde-noche de este jueves 3 de septiembre la reconstrucci\u00f3n del asesinato del director art\u00edstico avile\u00f1o <a href=\"https:\/\/www.cuballama.com\/noticias\/asesinan-a-querido-director-artistico-en-ciego-de-avila\/?srsltid=AfmBOoriM1mhR6LFervVctPOZSCwAqhWNvZ6pjkuxI3fN-jyooEXiWIm\" target=\"_blank\" rel=\"noreferrer noopener\">Juan Carlos P\u00e9rez<\/a>.<\/p>\n\n\n\n<p class=\"wp-block-paragraph\">Seg\u00fan muestran im\u00e1genes compartidas por el periodista avile\u00f1o Guillermo Rodr\u00edguez S\u00e1nchez, radicado en M\u00e9xico, el responsable confeso del horrible crimen fue llevado encapuchado a la vivienda de Juan Carlos en la ciudad de Ciego de \u00c1vila.<\/p>\n\n\n\n<p class=\"wp-block-paragraph\">El sujeto fue trasladado por efectivos de la brigada especial mientras la poblaci\u00f3n gritaba: \u201cFus\u00edlenlo\u201d, \u201cSinverg\u00fcenza\u201d, \u201cDescarado\u201d, \u201cEs un asesino\u201d y \u201cLo que tienen es que matarlo\u201d.<\/p>\n\n\n\n<p class=\"wp-block-paragraph\">Juan Carlos fue un reconocido director art\u00edstico y figura vinculada durante a\u00f1os al Teatro Principal de Ciego de \u00c1vila, cuyo cuerpo fue encontrado dentro de un tanque de agua en su apartamento de la calle Sim\u00f3n Reyes, entre Bembeta y Eduardo M\u00e1rmol.&nbsp;<\/p>\n\n\n\n<iframe loading=\"lazy\" src=\"https:\/\/www.facebook.com\/plugins\/video.php?height=476&#038;href=https%3A%2F%2Fwww.facebook.com%2Freel%2F1392459762999610%2F&#038;show_text=true&#038;width=304&#038;t=0\" width=\"304\" height=\"591\" style=\"border:none;overflow:hidden\" scrolling=\"no\" frameborder=\"0\" allowfullscreen=\"true\" allow=\"autoplay; clipboard-write; encrypted-media; picture-in-picture; web-share\" allowFullScreen=\"true\"><\/iframe>\n\n\n\n<p class=\"wp-block-paragraph\">Si bien hasta el momento no se conoce p\u00fablicamente la identidad del asesino, el activista Niover Licea, administrador de la p\u00e1gina Nio reportando un crimen, precis\u00f3 que ser\u00eda una persona de apellido Matos, que habr\u00eda mantenido alg\u00fan tipo de relaci\u00f3n con la v\u00edctima.&nbsp;<\/p>\n\n\n\n<p class=\"wp-block-paragraph\">De acuerdo con las versiones obtenidas hasta el momento, Juan Carlos habr\u00eda sido estrangulado.<\/p>\n\n\n\n<p class=\"wp-block-paragraph\">En uno de sus \u00faltimos posts en Facebook, el querido artista critic\u00f3 al poder: \u201cCon estos tiempos tan convulsos llenos de maldades, mentiras, injusticias, guerras por ambici\u00f3n de todo tipo, los poderosos siempre pensando solo en ellos, sin importar sus pueblos y sus sufrimientos\u201d.<\/p>\n\n\n\n<p class=\"wp-block-paragraph\">La muerte de Juan Carlos se suma a la ola de homicidios que se han registrado en el pa\u00eds y que marcaron un r\u00e9cord en julio. Seg\u00fan datos del centro de asesor\u00eda legal Cubalex, al menos 37 personas fueron asesinadas en Cuba en el s\u00e9ptimo mes de este a\u00f1o, es decir, un promedio de m\u00e1s de una diaria, la cifra mensual m\u00e1s alta desde que la organizaci\u00f3n comenz\u00f3 a registrar estos hechos hace cuatro a\u00f1os.&nbsp;<\/p>\n\n\n\n<p class=\"wp-block-paragraph\"><\/p>\n","protected":false},"excerpt":{"rendered":"<p>La reconstrucci\u00f3n del horrible crimen ocurri\u00f3 este jueves.<\/p>\n","protected":false},"author":30,"featured_media":256118,"comment_status":"open","ping_status":"closed","sticky":false,"template":"","format":"standard","meta":{"_acf_changed":false,"footnotes":""},"categories":[18,955],"tags":[23428,10867,941,37775,37895],"class_list":["post-256117","post","type-post","status-publish","format-standard","has-post-thumbnail","category-noticias","category-noticias-de-cuba","tag-crimen-en-cuba","tag-crisis-en-cuba","tag-destacado","tag-director-artistico","tag-juan-carlos-perez"],"acf":[],"yoast_head":"<!-- This site is optimized with the Yoast SEO plugin v28.3 - https:\/\/yoast.com\/product\/yoast-seo-wordpress\/ -->\n<title>Arrestan a asesino de director art\u00edstico Juan Carlos P\u00e9rez en Ciego de \u00c1vila - Cuballama Noticias<\/title>\n<meta name=\"description\" content=\"Las autoridades cubanas tienen bajo custodia al asesino confeso del querido director art\u00edstico Juan Carlos P\u00e9rez.\" \/>\n<meta name=\"robots\" content=\"index, follow, max-snippet:-1, max-image-preview:large, max-video-preview:-1\" \/>\n<link rel=\"canonical\" href=\"https:\/\/www.cuballama.com\/noticias\/arrestan-a-asesino-de-director-artistico-juan-carlos-perez-en-ciego-de-avila\/\" \/>\n<meta property=\"og:locale\" content=\"es_ES\" \/>\n<meta property=\"og:type\" content=\"article\" \/>\n<meta property=\"og:title\" content=\"Arrestan a asesino de director art\u00edstico Juan Carlos P\u00e9rez en Ciego de \u00c1vila - Cuballama Noticias\" \/>\n<meta property=\"og:description\" content=\"Las autoridades cubanas tienen bajo custodia al asesino confeso del querido director art\u00edstico Juan Carlos P\u00e9rez.\" \/>\n<meta property=\"og:url\" content=\"https:\/\/www.cuballama.com\/noticias\/arrestan-a-asesino-de-director-artistico-juan-carlos-perez-en-ciego-de-avila\/\" \/>\n<meta property=\"og:site_name\" content=\"Cuballama Noticias\" \/>\n<meta property=\"article:publisher\" content=\"https:\/\/www.facebook.com\/CubaLlama\" \/>\n<meta property=\"article:published_time\" content=\"2026-09-04T11:23:00+00:00\" \/>\n<meta property=\"article:modified_time\" content=\"2026-09-04T11:23:11+00:00\" \/>\n<meta property=\"og:image\" content=\"https:\/\/cdn1.mediawpaccore.net\/wp-content\/uploads\/2026\/09\/04064656\/26fdf5c5-f3ff-40f5-87a5-e4d396df50af_16-9-aspect-ratio_1200w_01.jpg\" \/>\n\t<meta property=\"og:image:width\" content=\"1200\" \/>\n\t<meta property=\"og:image:height\" content=\"630\" \/>\n\t<meta property=\"og:image:type\" content=\"image\/jpeg\" \/>\n<meta name=\"author\" content=\"Kathy\" \/>\n<meta name=\"twitter:card\" content=\"summary_large_image\" \/>\n<meta name=\"twitter:creator\" content=\"@cuballama\" \/>\n<meta name=\"twitter:site\" content=\"@cuballama\" \/>\n<meta name=\"twitter:label1\" content=\"Escrito por\" \/>\n\t<meta name=\"twitter:data1\" content=\"Kathy\" \/>\n\t<meta name=\"twitter:label2\" content=\"Tiempo de lectura\" \/>\n\t<meta name=\"twitter:data2\" content=\"2 minutos\" \/>\n<script type=\"application\/ld+json\" class=\"yoast-schema-graph\">{\"@context\":\"https:\\\/\\\/schema.org\",\"@graph\":[{\"@type\":\"Article\",\"@id\":\"https:\\\/\\\/www.cuballama.com\\\/noticias\\\/arrestan-a-asesino-de-director-artistico-juan-carlos-perez-en-ciego-de-avila\\\/#article\",\"isPartOf\":{\"@id\":\"https:\\\/\\\/www.cuballama.com\\\/noticias\\\/arrestan-a-asesino-de-director-artistico-juan-carlos-perez-en-ciego-de-avila\\\/\"},\"author\":{\"name\":\"Kathy\",\"@id\":\"https:\\\/\\\/www.cuballama.com\\\/noticias\\\/#\\\/schema\\\/person\\\/86cd3e3f4974437f031211213bf892d5\"},\"headline\":\"Arrestan a asesino de director art\u00edstico Juan Carlos P\u00e9rez en Ciego de \u00c1vila\",\"datePublished\":\"2026-09-04T11:23:00+00:00\",\"dateModified\":\"2026-09-04T11:23:11+00:00\",\"mainEntityOfPage\":{\"@id\":\"https:\\\/\\\/www.cuballama.com\\\/noticias\\\/arrestan-a-asesino-de-director-artistico-juan-carlos-perez-en-ciego-de-avila\\\/\"},\"wordCount\":370,\"commentCount\":0,\"publisher\":{\"@id\":\"https:\\\/\\\/www.cuballama.com\\\/noticias\\\/#organization\"},\"image\":{\"@id\":\"https:\\\/\\\/www.cuballama.com\\\/noticias\\\/arrestan-a-asesino-de-director-artistico-juan-carlos-perez-en-ciego-de-avila\\\/#primaryimage\"},\"thumbnailUrl\":\"https:\\\/\\\/cdn1.mediawpaccore.net\\\/wp-content\\\/uploads\\\/2026\\\/09\\\/04064656\\\/26fdf5c5-f3ff-40f5-87a5-e4d396df50af_16-9-aspect-ratio_1200w_01.jpg\",\"keywords\":[\"crimen en Cuba\",\"Crisis en Cuba\",\"destacado\",\"director art\u00edstico\",\"Juan Carlos P\u00e9rez\"],\"articleSection\":[\"Noticias\",\"Noticias de Cuba\"],\"inLanguage\":\"es\",\"potentialAction\":[{\"@type\":\"CommentAction\",\"name\":\"Comment\",\"target\":[\"https:\\\/\\\/www.cuballama.com\\\/noticias\\\/arrestan-a-asesino-de-director-artistico-juan-carlos-perez-en-ciego-de-avila\\\/#respond\"]}]},{\"@type\":\"WebPage\",\"@id\":\"https:\\\/\\\/www.cuballama.com\\\/noticias\\\/arrestan-a-asesino-de-director-artistico-juan-carlos-perez-en-ciego-de-avila\\\/\",\"url\":\"https:\\\/\\\/www.cuballama.com\\\/noticias\\\/arrestan-a-asesino-de-director-artistico-juan-carlos-perez-en-ciego-de-avila\\\/\",\"name\":\"Arrestan a asesino de director art\u00edstico Juan Carlos P\u00e9rez en Ciego de \u00c1vila - Cuballama Noticias\",\"isPartOf\":{\"@id\":\"https:\\\/\\\/www.cuballama.com\\\/noticias\\\/#website\"},\"primaryImageOfPage\":{\"@id\":\"https:\\\/\\\/www.cuballama.com\\\/noticias\\\/arrestan-a-asesino-de-director-artistico-juan-carlos-perez-en-ciego-de-avila\\\/#primaryimage\"},\"image\":{\"@id\":\"https:\\\/\\\/www.cuballama.com\\\/noticias\\\/arrestan-a-asesino-de-director-artistico-juan-carlos-perez-en-ciego-de-avila\\\/#primaryimage\"},\"thumbnailUrl\":\"https:\\\/\\\/cdn1.mediawpaccore.net\\\/wp-content\\\/uploads\\\/2026\\\/09\\\/04064656\\\/26fdf5c5-f3ff-40f5-87a5-e4d396df50af_16-9-aspect-ratio_1200w_01.jpg\",\"datePublished\":\"2026-09-04T11:23:00+00:00\",\"dateModified\":\"2026-09-04T11:23:11+00:00\",\"description\":\"Las autoridades cubanas tienen bajo custodia al asesino confeso del querido director art\u00edstico Juan Carlos P\u00e9rez.\",\"breadcrumb\":{\"@id\":\"https:\\\/\\\/www.cuballama.com\\\/noticias\\\/arrestan-a-asesino-de-director-artistico-juan-carlos-perez-en-ciego-de-avila\\\/#breadcrumb\"},\"inLanguage\":\"es\",\"potentialAction\":[{\"@type\":\"ReadAction\",\"target\":[\"https:\\\/\\\/www.cuballama.com\\\/noticias\\\/arrestan-a-asesino-de-director-artistico-juan-carlos-perez-en-ciego-de-avila\\\/\"]}]},{\"@type\":\"ImageObject\",\"inLanguage\":\"es\",\"@id\":\"https:\\\/\\\/www.cuballama.com\\\/noticias\\\/arrestan-a-asesino-de-director-artistico-juan-carlos-perez-en-ciego-de-avila\\\/#primaryimage\",\"url\":\"https:\\\/\\\/cdn1.mediawpaccore.net\\\/wp-content\\\/uploads\\\/2026\\\/09\\\/04064656\\\/26fdf5c5-f3ff-40f5-87a5-e4d396df50af_16-9-aspect-ratio_1200w_01.jpg\",\"contentUrl\":\"https:\\\/\\\/cdn1.mediawpaccore.net\\\/wp-content\\\/uploads\\\/2026\\\/09\\\/04064656\\\/26fdf5c5-f3ff-40f5-87a5-e4d396df50af_16-9-aspect-ratio_1200w_01.jpg\",\"width\":1200,\"height\":630,\"caption\":\"uan Carlos P\u00e9rez, director art\u00edstico asesinado en Ciego de \u00c1vila. Foto: Facebook.\"},{\"@type\":\"BreadcrumbList\",\"@id\":\"https:\\\/\\\/www.cuballama.com\\\/noticias\\\/arrestan-a-asesino-de-director-artistico-juan-carlos-perez-en-ciego-de-avila\\\/#breadcrumb\",\"itemListElement\":[{\"@type\":\"ListItem\",\"position\":1,\"name\":\"Home\",\"item\":\"https:\\\/\\\/www.cuballama.com\\\/noticias\\\/\"},{\"@type\":\"ListItem\",\"position\":2,\"name\":\"Arrestan a asesino de director art\u00edstico Juan Carlos P\u00e9rez en Ciego de \u00c1vila\"}]},{\"@type\":\"WebSite\",\"@id\":\"https:\\\/\\\/www.cuballama.com\\\/noticias\\\/#website\",\"url\":\"https:\\\/\\\/www.cuballama.com\\\/noticias\\\/\",\"name\":\"Cuballama Noticias\",\"description\":\"Medio digital sobre Cuba y el mundo\",\"publisher\":{\"@id\":\"https:\\\/\\\/www.cuballama.com\\\/noticias\\\/#organization\"},\"potentialAction\":[{\"@type\":\"SearchAction\",\"target\":{\"@type\":\"EntryPoint\",\"urlTemplate\":\"https:\\\/\\\/www.cuballama.com\\\/noticias\\\/?s={search_term_string}\"},\"query-input\":{\"@type\":\"PropertyValueSpecification\",\"valueRequired\":true,\"valueName\":\"search_term_string\"}}],\"inLanguage\":\"es\"},{\"@type\":\"Organization\",\"@id\":\"https:\\\/\\\/www.cuballama.com\\\/noticias\\\/#organization\",\"name\":\"Cuballama\",\"url\":\"https:\\\/\\\/www.cuballama.com\\\/noticias\\\/\",\"logo\":{\"@type\":\"ImageObject\",\"inLanguage\":\"es\",\"@id\":\"https:\\\/\\\/www.cuballama.com\\\/noticias\\\/#\\\/schema\\\/logo\\\/image\\\/\",\"url\":\"https:\\\/\\\/cdn1.mediawpaccore.net\\\/wp-content\\\/uploads\\\/2021\\\/12\\\/28171206\\\/cbll-logo-color-sm.png\",\"contentUrl\":\"https:\\\/\\\/cdn1.mediawpaccore.net\\\/wp-content\\\/uploads\\\/2021\\\/12\\\/28171206\\\/cbll-logo-color-sm.png\",\"width\":600,\"height\":133,\"caption\":\"Cuballama\"},\"image\":{\"@id\":\"https:\\\/\\\/www.cuballama.com\\\/noticias\\\/#\\\/schema\\\/logo\\\/image\\\/\"},\"sameAs\":[\"https:\\\/\\\/www.facebook.com\\\/CubaLlama\",\"https:\\\/\\\/x.com\\\/cuballama\",\"https:\\\/\\\/www.instagram.com\\\/stories\\\/cuballama_oficial\\\/\",\"https:\\\/\\\/www.youtube.com\\\/channel\\\/UCKkFE-d_axENGZcrc4as0IA\"]},{\"@type\":\"Person\",\"@id\":\"https:\\\/\\\/www.cuballama.com\\\/noticias\\\/#\\\/schema\\\/person\\\/86cd3e3f4974437f031211213bf892d5\",\"name\":\"Kathy\",\"url\":\"https:\\\/\\\/www.cuballama.com\\\/noticias\\\/author\\\/kathy\\\/\"}]}<\/script>\n<!-- \/ Yoast SEO plugin. -->","yoast_head_json":{"title":"Arrestan a asesino de director art\u00edstico Juan Carlos P\u00e9rez en Ciego de \u00c1vila - Cuballama Noticias","description":"Las autoridades cubanas tienen bajo custodia al asesino confeso del querido director art\u00edstico Juan Carlos P\u00e9rez.","robots":{"index":"index","follow":"follow","max-snippet":"max-snippet:-1","max-image-preview":"max-image-preview:large","max-video-preview":"max-video-preview:-1"},"canonical":"https:\/\/www.cuballama.com\/noticias\/arrestan-a-asesino-de-director-artistico-juan-carlos-perez-en-ciego-de-avila\/","og_locale":"es_ES","og_type":"article","og_title":"Arrestan a asesino de director art\u00edstico Juan Carlos P\u00e9rez en Ciego de \u00c1vila - Cuballama Noticias","og_description":"Las autoridades cubanas tienen bajo custodia al asesino confeso del querido director art\u00edstico Juan Carlos P\u00e9rez.","og_url":"https:\/\/www.cuballama.com\/noticias\/arrestan-a-asesino-de-director-artistico-juan-carlos-perez-en-ciego-de-avila\/","og_site_name":"Cuballama Noticias","article_publisher":"https:\/\/www.facebook.com\/CubaLlama","article_published_time":"2026-09-04T11:23:00+00:00","article_modified_time":"2026-09-04T11:23:11+00:00","og_image":[{"width":1200,"height":630,"url":"https:\/\/cdn1.mediawpaccore.net\/wp-content\/uploads\/2026\/09\/04064656\/26fdf5c5-f3ff-40f5-87a5-e4d396df50af_16-9-aspect-ratio_1200w_01.jpg","type":"image\/jpeg"}],"author":"Kathy","twitter_card":"summary_large_image","twitter_creator":"@cuballama","twitter_site":"@cuballama","twitter_misc":{"Escrito por":"Kathy","Tiempo de lectura":"2 minutos"},"schema":{"@context":"https:\/\/schema.org","@graph":[{"@type":"Article","@id":"https:\/\/www.cuballama.com\/noticias\/arrestan-a-asesino-de-director-artistico-juan-carlos-perez-en-ciego-de-avila\/#article","isPartOf":{"@id":"https:\/\/www.cuballama.com\/noticias\/arrestan-a-asesino-de-director-artistico-juan-carlos-perez-en-ciego-de-avila\/"},"author":{"name":"Kathy","@id":"https:\/\/www.cuballama.com\/noticias\/#\/schema\/person\/86cd3e3f4974437f031211213bf892d5"},"headline":"Arrestan a asesino de director art\u00edstico Juan Carlos P\u00e9rez en Ciego de \u00c1vila","datePublished":"2026-09-04T11:23:00+00:00","dateModified":"2026-09-04T11:23:11+00:00","mainEntityOfPage":{"@id":"https:\/\/www.cuballama.com\/noticias\/arrestan-a-asesino-de-director-artistico-juan-carlos-perez-en-ciego-de-avila\/"},"wordCount":370,"commentCount":0,"publisher":{"@id":"https:\/\/www.cuballama.com\/noticias\/#organization"},"image":{"@id":"https:\/\/www.cuballama.com\/noticias\/arrestan-a-asesino-de-director-artistico-juan-carlos-perez-en-ciego-de-avila\/#primaryimage"},"thumbnailUrl":"https:\/\/cdn1.mediawpaccore.net\/wp-content\/uploads\/2026\/09\/04064656\/26fdf5c5-f3ff-40f5-87a5-e4d396df50af_16-9-aspect-ratio_1200w_01.jpg","keywords":["crimen en Cuba","Crisis en Cuba","destacado","director art\u00edstico","Juan Carlos P\u00e9rez"],"articleSection":["Noticias","Noticias de Cuba"],"inLanguage":"es","potentialAction":[{"@type":"CommentAction","name":"Comment","target":["https:\/\/www.cuballama.com\/noticias\/arrestan-a-asesino-de-director-artistico-juan-carlos-perez-en-ciego-de-avila\/#respond"]}]},{"@type":"WebPage","@id":"https:\/\/www.cuballama.com\/noticias\/arrestan-a-asesino-de-director-artistico-juan-carlos-perez-en-ciego-de-avila\/","url":"https:\/\/www.cuballama.com\/noticias\/arrestan-a-asesino-de-director-artistico-juan-carlos-perez-en-ciego-de-avila\/","name":"Arrestan a asesino de director art\u00edstico Juan Carlos P\u00e9rez en Ciego de \u00c1vila - Cuballama Noticias","isPartOf":{"@id":"https:\/\/www.cuballama.com\/noticias\/#website"},"primaryImageOfPage":{"@id":"https:\/\/www.cuballama.com\/noticias\/arrestan-a-asesino-de-director-artistico-juan-carlos-perez-en-ciego-de-avila\/#primaryimage"},"image":{"@id":"https:\/\/www.cuballama.com\/noticias\/arrestan-a-asesino-de-director-artistico-juan-carlos-perez-en-ciego-de-avila\/#primaryimage"},"thumbnailUrl":"https:\/\/cdn1.mediawpaccore.net\/wp-content\/uploads\/2026\/09\/04064656\/26fdf5c5-f3ff-40f5-87a5-e4d396df50af_16-9-aspect-ratio_1200w_01.jpg","datePublished":"2026-09-04T11:23:00+00:00","dateModified":"2026-09-04T11:23:11+00:00","description":"Las autoridades cubanas tienen bajo custodia al asesino confeso del querido director art\u00edstico Juan Carlos P\u00e9rez.","breadcrumb":{"@id":"https:\/\/www.cuballama.com\/noticias\/arrestan-a-asesino-de-director-artistico-juan-carlos-perez-en-ciego-de-avila\/#breadcrumb"},"inLanguage":"es","potentialAction":[{"@type":"ReadAction","target":["https:\/\/www.cuballama.com\/noticias\/arrestan-a-asesino-de-director-artistico-juan-carlos-perez-en-ciego-de-avila\/"]}]},{"@type":"ImageObject","inLanguage":"es","@id":"https:\/\/www.cuballama.com\/noticias\/arrestan-a-asesino-de-director-artistico-juan-carlos-perez-en-ciego-de-avila\/#primaryimage","url":"https:\/\/cdn1.mediawpaccore.net\/wp-content\/uploads\/2026\/09\/04064656\/26fdf5c5-f3ff-40f5-87a5-e4d396df50af_16-9-aspect-ratio_1200w_01.jpg","contentUrl":"https:\/\/cdn1.mediawpaccore.net\/wp-content\/uploads\/2026\/09\/04064656\/26fdf5c5-f3ff-40f5-87a5-e4d396df50af_16-9-aspect-ratio_1200w_01.jpg","width":1200,"height":630,"caption":"uan Carlos P\u00e9rez, director art\u00edstico asesinado en Ciego de \u00c1vila. Foto: Facebook."},{"@type":"BreadcrumbList","@id":"https:\/\/www.cuballama.com\/noticias\/arrestan-a-asesino-de-director-artistico-juan-carlos-perez-en-ciego-de-avila\/#breadcrumb","itemListElement":[{"@type":"ListItem","position":1,"name":"Home","item":"https:\/\/www.cuballama.com\/noticias\/"},{"@type":"ListItem","position":2,"name":"Arrestan a asesino de director art\u00edstico Juan Carlos P\u00e9rez en Ciego de \u00c1vila"}]},{"@type":"WebSite","@id":"https:\/\/www.cuballama.com\/noticias\/#website","url":"https:\/\/www.cuballama.com\/noticias\/","name":"Cuballama Noticias","description":"Medio digital sobre Cuba y el mundo","publisher":{"@id":"https:\/\/www.cuballama.com\/noticias\/#organization"},"potentialAction":[{"@type":"SearchAction","target":{"@type":"EntryPoint","urlTemplate":"https:\/\/www.cuballama.com\/noticias\/?s={search_term_string}"},"query-input":{"@type":"PropertyValueSpecification","valueRequired":true,"valueName":"search_term_string"}}],"inLanguage":"es"},{"@type":"Organization","@id":"https:\/\/www.cuballama.com\/noticias\/#organization","name":"Cuballama","url":"https:\/\/www.cuballama.com\/noticias\/","logo":{"@type":"ImageObject","inLanguage":"es","@id":"https:\/\/www.cuballama.com\/noticias\/#\/schema\/logo\/image\/","url":"https:\/\/cdn1.mediawpaccore.net\/wp-content\/uploads\/2021\/12\/28171206\/cbll-logo-color-sm.png","contentUrl":"https:\/\/cdn1.mediawpaccore.net\/wp-content\/uploads\/2021\/12\/28171206\/cbll-logo-color-sm.png","width":600,"height":133,"caption":"Cuballama"},"image":{"@id":"https:\/\/www.cuballama.com\/noticias\/#\/schema\/logo\/image\/"},"sameAs":["https:\/\/www.facebook.com\/CubaLlama","https:\/\/x.com\/cuballama","https:\/\/www.instagram.com\/stories\/cuballama_oficial\/","https:\/\/www.youtube.com\/channel\/UCKkFE-d_axENGZcrc4as0IA"]},{"@type":"Person","@id":"https:\/\/www.cuballama.com\/noticias\/#\/schema\/person\/86cd3e3f4974437f031211213bf892d5","name":"Kathy","url":"https:\/\/www.cuballama.com\/noticias\/author\/kathy\/"}]}},"_links":{"self":[{"href":"https:\/\/www.cuballama.com\/noticias\/wp-json\/wp\/v2\/posts\/256117","targetHints":{"allow":["GET"]}}],"collection":[{"href":"https:\/\/www.cuballama.com\/noticias\/wp-json\/wp\/v2\/posts"}],"about":[{"href":"https:\/\/www.cuballama.com\/noticias\/wp-json\/wp\/v2\/types\/post"}],"author":[{"embeddable":true,"href":"https:\/\/www.cuballama.com\/noticias\/wp-json\/wp\/v2\/users\/30"}],"replies":[{"embeddable":true,"href":"https:\/\/www.cuballama.com\/noticias\/wp-json\/wp\/v2\/comments?post=256117"}],"version-history":[{"count":2,"href":"https:\/\/www.cuballama.com\/noticias\/wp-json\/wp\/v2\/posts\/256117\/revisions"}],"predecessor-version":[{"id":256123,"href":"https:\/\/www.cuballama.com\/noticias\/wp-json\/wp\/v2\/posts\/256117\/revisions\/256123"}],"wp:featuredmedia":[{"embeddable":true,"href":"https:\/\/www.cuballama.com\/noticias\/wp-json\/wp\/v2\/media\/256118"}],"wp:attachment":[{"href":"https:\/\/www.cuballama.com\/noticias\/wp-json\/wp\/v2\/media?parent=256117"}],"wp:term":[{"taxonomy":"category","embeddable":true,"href":"https:\/\/www.cuballama.com\/noticias\/wp-json\/wp\/v2\/categories?post=256117"},{"taxonomy":"post_tag","embeddable":true,"href":"https:\/\/www.cuballama.com\/noticias\/wp-json\/wp\/v2\/tags?post=256117"}],"curies":[{"name":"wp","href":"https:\/\/api.w.org\/{rel}","templated":true}]}}