{"id":256114,"date":"2026-09-04T11:27:06","date_gmt":"2026-09-04T15:27:06","guid":{"rendered":"https:\/\/www.cuballama.com\/noticias\/?p=256114"},"modified":"2026-09-04T11:29:39","modified_gmt":"2026-09-04T15:29:39","slug":"hallan-sin-vida-a-reconocido-ginecologo-cubano-en-colombia","status":"publish","type":"post","link":"https:\/\/www.cuballama.com\/noticias\/hallan-sin-vida-a-reconocido-ginecologo-cubano-en-colombia\/","title":{"rendered":"Hallan sin vida a reconocido ginec\u00f3logo cubano en Colombia"},"content":{"rendered":"\n<p class=\"wp-block-paragraph\">El ginec\u00f3logo cubano Waldo Abel Fuentes Betancourt fue hallado sin vida el pasado martes 1 de septiembre en la cl\u00ednica donde trabajaba en Leticia, la capital del departamento del Amazonas en Colombia y el punto de encuentro de las fronteras con Brasil y Per\u00fa.<\/p>\n\n\n\n<p class=\"wp-block-paragraph\">El cuerpo de Fuentes Betancourt, de 61 a\u00f1os y natural de Santiago de Cuba, fue encontrado alrededor de las tres de la tarde del martes 1 de septiembre en uno de los dormitorios de descanso del personal situados en el \u00faltimo piso del edificio.<\/p>\n\n\n\n<p class=\"wp-block-paragraph\">Seg\u00fan reportaron medios locales como <em>Amazonas News Radio<\/em> y <em>Radio Tropical Amazonas<\/em>, se habr\u00eda tratado de un suicidio, pero es una versi\u00f3n que no ha sido confirmada de forma oficial.<\/p>\n\n\n\n<p class=\"wp-block-paragraph\">Fuentes Betancourt ten\u00eda nacionalidad colombiana y ejerc\u00eda como especialista en ginecolog\u00eda y obstetricia en la Fundaci\u00f3n Cl\u00ednica Leticia.<\/p>\n\n\n\n<iframe loading=\"lazy\" src=\"https:\/\/www.facebook.com\/plugins\/post.php?href=https%3A%2F%2Fwww.facebook.com%2FRadioTropicalAmazonas%2Fposts%2Fpfbid0F1bAfXkonoFbF4xTqreegDrcijb7rniYhXjcz3eKgtQ6tJufF1S3XJZPM4ASR3z6l&#038;show_text=true&#038;width=500\" width=\"500\" height=\"250\" style=\"border:none;overflow:hidden\" scrolling=\"no\" frameborder=\"0\" allowfullscreen=\"true\" allow=\"autoplay; clipboard-write; encrypted-media; picture-in-picture; web-share\"><\/iframe>\n\n\n\n<p class=\"wp-block-paragraph\">Hasta este viernes no existe ning\u00fan comunicado oficial de las autoridades colombianas sobre las circunstancias de la muerte.<\/p>\n\n\n\n<p class=\"wp-block-paragraph\">Seg\u00fan testimonios de varios pacientes, el doctor hab\u00eda trabajado con normalidad durante la ma\u00f1ana del martes y tom\u00f3 su descanso habitual al mediod\u00eda.<\/p>\n\n\n\n<p class=\"wp-block-paragraph\">Al transcurrir aproximadamente una hora sin que regresara a los turnos programados, algunos compa\u00f1eros subieron a buscarlo y, como no recibieron respuesta, entraron al \u00e1rea de descanso y lo encontraron sin vida.<\/p>\n\n\n\n<p class=\"wp-block-paragraph\">De acuerdo con <em>Amazonas News Radio<\/em>, al momento de conocerse el fallecimiento no hab\u00eda podido localizarse a familiares del doctor en Cuba.&nbsp;<\/p>\n\n\n\n<p class=\"wp-block-paragraph\">Leticia es una ciudad enclavada en la selva amaz\u00f3nica, sin conexi\u00f3n terrestre con el resto de Colombia, accesible \u00fanicamente por v\u00eda a\u00e9rea o fluvial.<\/p>\n\n\n\n<p class=\"wp-block-paragraph\">La Fundaci\u00f3n Cl\u00ednica Leticia, instituci\u00f3n privada sin \u00e1nimo de lucro, no ha publicado hasta este viernes ning\u00fan comunicado sobre el caso.<\/p>\n\n\n\n<blockquote class=\"instagram-media\" data-instgrm-captioned data-instgrm-permalink=\"https:\/\/www.instagram.com\/reel\/DcyJLIOgzmk\/?utm_source=ig_embed&amp;utm_campaign=loading\" data-instgrm-version=\"14\" style=\" background:#FFF; border:0; border-radius:3px; box-shadow:0 0 1px 0 rgba(0,0,0,0.5),0 1px 10px 0 rgba(0,0,0,0.15); margin: 1px; max-width:540px; min-width:326px; padding:0; width:99.375%; width:-webkit-calc(100% - 2px); width:calc(100% - 2px);\"><div style=\"padding:16px;\"> <a href=\"https:\/\/www.instagram.com\/reel\/DcyJLIOgzmk\/?utm_source=ig_embed&amp;utm_campaign=loading\" style=\" background:#FFFFFF; line-height:0; padding:0 0; text-align:center; text-decoration:none; width:100%;\" target=\"_blank\"> <div style=\" display: flex; flex-direction: row; align-items: center;\"> <div style=\"background-color: #F4F4F4; border-radius: 50%; flex-grow: 0; height: 40px; margin-right: 14px; width: 40px;\"><\/div> <div style=\"display: flex; flex-direction: column; flex-grow: 1; justify-content: center;\"> <div style=\" background-color: #F4F4F4; border-radius: 4px; flex-grow: 0; height: 14px; margin-bottom: 6px; width: 100px;\"><\/div> <div style=\" background-color: #F4F4F4; border-radius: 4px; flex-grow: 0; height: 14px; width: 60px;\"><\/div><\/div><\/div><div style=\"padding: 19% 0;\"><\/div> <div style=\"display:block; height:50px; margin:0 auto 12px; width:50px;\"><svg width=\"50px\" height=\"50px\" viewBox=\"0 0 60 60\" version=\"1.1\" xmlns=\"https:\/\/www.w3.org\/2000\/svg\" xmlns:xlink=\"https:\/\/www.w3.org\/1999\/xlink\"><g stroke=\"none\" stroke-width=\"1\" fill=\"none\" fill-rule=\"evenodd\"><g transform=\"translate(-511.000000, -20.000000)\" fill=\"#000000\"><g><path d=\"M556.869,30.41 C554.814,30.41 553.148,32.076 553.148,34.131 C553.148,36.186 554.814,37.852 556.869,37.852 C558.924,37.852 560.59,36.186 560.59,34.131 C560.59,32.076 558.924,30.41 556.869,30.41 M541,60.657 C535.114,60.657 530.342,55.887 530.342,50 C530.342,44.114 535.114,39.342 541,39.342 C546.887,39.342 551.658,44.114 551.658,50 C551.658,55.887 546.887,60.657 541,60.657 M541,33.886 C532.1,33.886 524.886,41.1 524.886,50 C524.886,58.899 532.1,66.113 541,66.113 C549.9,66.113 557.115,58.899 557.115,50 C557.115,41.1 549.9,33.886 541,33.886 M565.378,62.101 C565.244,65.022 564.756,66.606 564.346,67.663 C563.803,69.06 563.154,70.057 562.106,71.106 C561.058,72.155 560.06,72.803 558.662,73.347 C557.607,73.757 556.021,74.244 553.102,74.378 C549.944,74.521 548.997,74.552 541,74.552 C533.003,74.552 532.056,74.521 528.898,74.378 C525.979,74.244 524.393,73.757 523.338,73.347 C521.94,72.803 520.942,72.155 519.894,71.106 C518.846,70.057 518.197,69.06 517.654,67.663 C517.244,66.606 516.755,65.022 516.623,62.101 C516.479,58.943 516.448,57.996 516.448,50 C516.448,42.003 516.479,41.056 516.623,37.899 C516.755,34.978 517.244,33.391 517.654,32.338 C518.197,30.938 518.846,29.942 519.894,28.894 C520.942,27.846 521.94,27.196 523.338,26.654 C524.393,26.244 525.979,25.756 528.898,25.623 C532.057,25.479 533.004,25.448 541,25.448 C548.997,25.448 549.943,25.479 553.102,25.623 C556.021,25.756 557.607,26.244 558.662,26.654 C560.06,27.196 561.058,27.846 562.106,28.894 C563.154,29.942 563.803,30.938 564.346,32.338 C564.756,33.391 565.244,34.978 565.378,37.899 C565.522,41.056 565.552,42.003 565.552,50 C565.552,57.996 565.522,58.943 565.378,62.101 M570.82,37.631 C570.674,34.438 570.167,32.258 569.425,30.349 C568.659,28.377 567.633,26.702 565.965,25.035 C564.297,23.368 562.623,22.342 560.652,21.575 C558.743,20.834 556.562,20.326 553.369,20.18 C550.169,20.033 549.148,20 541,20 C532.853,20 531.831,20.033 528.631,20.18 C525.438,20.326 523.257,20.834 521.349,21.575 C519.376,22.342 517.703,23.368 516.035,25.035 C514.368,26.702 513.342,28.377 512.574,30.349 C511.834,32.258 511.326,34.438 511.181,37.631 C511.035,40.831 511,41.851 511,50 C511,58.147 511.035,59.17 511.181,62.369 C511.326,65.562 511.834,67.743 512.574,69.651 C513.342,71.625 514.368,73.296 516.035,74.965 C517.703,76.634 519.376,77.658 521.349,78.425 C523.257,79.167 525.438,79.673 528.631,79.82 C531.831,79.965 532.853,80.001 541,80.001 C549.148,80.001 550.169,79.965 553.369,79.82 C556.562,79.673 558.743,79.167 560.652,78.425 C562.623,77.658 564.297,76.634 565.965,74.965 C567.633,73.296 568.659,71.625 569.425,69.651 C570.167,67.743 570.674,65.562 570.82,62.369 C570.966,59.17 571,58.147 571,50 C571,41.851 570.966,40.831 570.82,37.631\"><\/path><\/g><\/g><\/g><\/svg><\/div><div style=\"padding-top: 8px;\"> <div style=\" color:#3897f0; font-family:Arial,sans-serif; font-size:14px; font-style:normal; font-weight:550; line-height:18px;\">Ver esta publicaci\u00f3n en Instagram<\/div><\/div><div style=\"padding: 12.5% 0;\"><\/div> <div style=\"display: flex; flex-direction: row; margin-bottom: 14px; align-items: center;\"><div> <div style=\"background-color: #F4F4F4; border-radius: 50%; height: 12.5px; width: 12.5px; transform: translateX(0px) translateY(7px);\"><\/div> <div style=\"background-color: #F4F4F4; height: 12.5px; transform: rotate(-45deg) translateX(3px) translateY(1px); width: 12.5px; flex-grow: 0; margin-right: 14px; margin-left: 2px;\"><\/div> <div style=\"background-color: #F4F4F4; border-radius: 50%; height: 12.5px; width: 12.5px; transform: translateX(9px) translateY(-18px);\"><\/div><\/div><div style=\"margin-left: 8px;\"> <div style=\" background-color: #F4F4F4; border-radius: 50%; flex-grow: 0; height: 20px; width: 20px;\"><\/div> <div style=\" width: 0; height: 0; border-top: 2px solid transparent; border-left: 6px solid #f4f4f4; border-bottom: 2px solid transparent; transform: translateX(16px) translateY(-4px) rotate(30deg)\"><\/div><\/div><div style=\"margin-left: auto;\"> <div style=\" width: 0px; border-top: 8px solid #F4F4F4; border-right: 8px solid transparent; transform: translateY(16px);\"><\/div> <div style=\" background-color: #F4F4F4; flex-grow: 0; height: 12px; width: 16px; transform: translateY(-4px);\"><\/div> <div style=\" width: 0; height: 0; border-top: 8px solid #F4F4F4; border-left: 8px solid transparent; transform: translateY(-4px) translateX(8px);\"><\/div><\/div><\/div> <div style=\"display: flex; flex-direction: column; flex-grow: 1; justify-content: center; margin-bottom: 24px;\"> <div style=\" background-color: #F4F4F4; border-radius: 4px; flex-grow: 0; height: 14px; margin-bottom: 6px; width: 224px;\"><\/div> <div style=\" background-color: #F4F4F4; border-radius: 4px; flex-grow: 0; height: 14px; width: 144px;\"><\/div><\/div><\/a><p style=\" color:#c9c8cd; font-family:Arial,sans-serif; font-size:14px; line-height:17px; margin-bottom:0; margin-top:8px; overflow:hidden; padding:8px 0 7px; text-align:center; text-overflow:ellipsis; white-space:nowrap;\"><a href=\"https:\/\/www.instagram.com\/reel\/DcyJLIOgzmk\/?utm_source=ig_embed&amp;utm_campaign=loading\" style=\" color:#c9c8cd; font-family:Arial,sans-serif; font-size:14px; font-style:normal; font-weight:normal; line-height:17px; text-decoration:none;\" target=\"_blank\">Una publicaci\u00f3n compartida de Amazonas News Radio (@amazonasnewsradio)<\/a><\/p><\/div><\/blockquote>\n<script async src=\"\/\/www.instagram.com\/embed.js\"><\/script>\n\n\n\n<p class=\"wp-block-paragraph\">En redes sociales muchos pacientes y compa\u00f1eros del m\u00e9dico recordaron su labor en varios pa\u00edses.<\/p>\n\n\n\n<p class=\"wp-block-paragraph\">\u201cExcelente persona, profesional, con un carisma inigualable y muy buen ser humano. Tuve el honor de trabajar junto a \u00e9l por dos a\u00f1os en el Hospital Materno-Infantil \u201cOsio de C\u00faa\u201d, en el estado de Miranda, Venezuela\u201d, escribi\u00f3 B\u00e1rbara Rodr\u00edguez Corrales.<\/p>\n\n\n\n<p class=\"wp-block-paragraph\">Su amiga, Olivia Estrada, lament\u00f3: \u201cLas medicinas cubana y colombiana han perdido un gran profesional, mi amigo de a\u00f1os, mi querido a\u00f1oso, como nos dec\u00edamos. As\u00ed no era, Pana. Te \u00edbamos a visitar. Gracias por todo, esas carcajadas en nuestras conversaciones, esos bailes de casino. Dios te reciba en su reino. Fuiste enviado por \u00e9l para traer vidas al mundo con pasi\u00f3n, devoci\u00f3n, amor\u201d.<\/p>\n\n\n\n<p class=\"wp-block-paragraph\">De igual forma, Iria Hern\u00e1ndez, a quien el especialista cubano atendi\u00f3 en tres ocasiones, lo describi\u00f3 como alguien \u201ctenaz, muy educado y muy respetuoso\u201d.<\/p>\n\n\n\n<p class=\"wp-block-paragraph\"><\/p>\n","protected":false},"excerpt":{"rendered":"<p>El cuerpo del doctor, de 61 a\u00f1os y natural de Santiago de Cuba, fue hallado el pasado 1 de septiembre.<\/p>\n","protected":false},"author":30,"featured_media":256116,"comment_status":"open","ping_status":"closed","sticky":false,"template":"","format":"standard","meta":{"_acf_changed":false,"footnotes":""},"categories":[18,955],"tags":[17284,941,4374,10697],"class_list":["post-256114","post","type-post","status-publish","format-standard","has-post-thumbnail","category-noticias","category-noticias-de-cuba","tag-cubanos-en-colombia","tag-destacado","tag-ginecologo","tag-medico-cubano"],"acf":[],"yoast_head":"<!-- This site is optimized with the Yoast SEO plugin v28.3 - https:\/\/yoast.com\/product\/yoast-seo-wordpress\/ -->\n<title>Hallan sin vida a reconocido ginec\u00f3logo cubano en Colombia - Cuballama Noticias<\/title>\n<meta name=\"description\" content=\"El ginec\u00f3logo cubano Waldo Abel Fuentes Betancourt fue hallado sin vida el pasado martes 1 de septiembre en Colombia.\" \/>\n<meta name=\"robots\" content=\"index, follow, max-snippet:-1, max-image-preview:large, max-video-preview:-1\" \/>\n<link rel=\"canonical\" href=\"https:\/\/www.cuballama.com\/noticias\/hallan-sin-vida-a-reconocido-ginecologo-cubano-en-colombia\/\" \/>\n<meta property=\"og:locale\" content=\"es_ES\" \/>\n<meta property=\"og:type\" content=\"article\" \/>\n<meta property=\"og:title\" content=\"Hallan sin vida a reconocido ginec\u00f3logo cubano en Colombia - Cuballama Noticias\" \/>\n<meta property=\"og:description\" content=\"El ginec\u00f3logo cubano Waldo Abel Fuentes Betancourt fue hallado sin vida el pasado martes 1 de septiembre en Colombia.\" \/>\n<meta property=\"og:url\" content=\"https:\/\/www.cuballama.com\/noticias\/hallan-sin-vida-a-reconocido-ginecologo-cubano-en-colombia\/\" \/>\n<meta property=\"og:site_name\" content=\"Cuballama Noticias\" \/>\n<meta property=\"article:publisher\" content=\"https:\/\/www.facebook.com\/CubaLlama\" \/>\n<meta property=\"article:published_time\" content=\"2026-09-04T15:27:06+00:00\" \/>\n<meta property=\"article:modified_time\" content=\"2026-09-04T15:29:39+00:00\" \/>\n<meta property=\"og:image\" content=\"https:\/\/cdn1.mediawpaccore.net\/wp-content\/uploads\/2026\/09\/03224003\/1788456544-consternacion-inesperada-colombia-respetado-ginecologo-cubano1.jpg\" \/>\n\t<meta property=\"og:image:width\" content=\"1200\" \/>\n\t<meta property=\"og:image:height\" content=\"630\" \/>\n\t<meta property=\"og:image:type\" content=\"image\/jpeg\" \/>\n<meta name=\"author\" content=\"Kathy\" \/>\n<meta name=\"twitter:card\" content=\"summary_large_image\" \/>\n<meta name=\"twitter:creator\" content=\"@cuballama\" \/>\n<meta name=\"twitter:site\" content=\"@cuballama\" \/>\n<meta name=\"twitter:label1\" content=\"Escrito por\" \/>\n\t<meta name=\"twitter:data1\" content=\"Kathy\" \/>\n\t<meta name=\"twitter:label2\" content=\"Tiempo de lectura\" \/>\n\t<meta name=\"twitter:data2\" content=\"3 minutos\" \/>\n<script type=\"application\/ld+json\" class=\"yoast-schema-graph\">{\"@context\":\"https:\\\/\\\/schema.org\",\"@graph\":[{\"@type\":\"Article\",\"@id\":\"https:\\\/\\\/www.cuballama.com\\\/noticias\\\/hallan-sin-vida-a-reconocido-ginecologo-cubano-en-colombia\\\/#article\",\"isPartOf\":{\"@id\":\"https:\\\/\\\/www.cuballama.com\\\/noticias\\\/hallan-sin-vida-a-reconocido-ginecologo-cubano-en-colombia\\\/\"},\"author\":{\"name\":\"Kathy\",\"@id\":\"https:\\\/\\\/www.cuballama.com\\\/noticias\\\/#\\\/schema\\\/person\\\/86cd3e3f4974437f031211213bf892d5\"},\"headline\":\"Hallan sin vida a reconocido ginec\u00f3logo cubano en Colombia\",\"datePublished\":\"2026-09-04T15:27:06+00:00\",\"dateModified\":\"2026-09-04T15:29:39+00:00\",\"mainEntityOfPage\":{\"@id\":\"https:\\\/\\\/www.cuballama.com\\\/noticias\\\/hallan-sin-vida-a-reconocido-ginecologo-cubano-en-colombia\\\/\"},\"wordCount\":481,\"commentCount\":0,\"publisher\":{\"@id\":\"https:\\\/\\\/www.cuballama.com\\\/noticias\\\/#organization\"},\"image\":{\"@id\":\"https:\\\/\\\/www.cuballama.com\\\/noticias\\\/hallan-sin-vida-a-reconocido-ginecologo-cubano-en-colombia\\\/#primaryimage\"},\"thumbnailUrl\":\"https:\\\/\\\/cdn1.mediawpaccore.net\\\/wp-content\\\/uploads\\\/2026\\\/09\\\/03224003\\\/1788456544-consternacion-inesperada-colombia-respetado-ginecologo-cubano1.jpg\",\"keywords\":[\"cubanos en Colombia\",\"destacado\",\"ginec\u00f3logo\",\"m\u00e9dico cubano\"],\"articleSection\":[\"Noticias\",\"Noticias de Cuba\"],\"inLanguage\":\"es\",\"potentialAction\":[{\"@type\":\"CommentAction\",\"name\":\"Comment\",\"target\":[\"https:\\\/\\\/www.cuballama.com\\\/noticias\\\/hallan-sin-vida-a-reconocido-ginecologo-cubano-en-colombia\\\/#respond\"]}]},{\"@type\":\"WebPage\",\"@id\":\"https:\\\/\\\/www.cuballama.com\\\/noticias\\\/hallan-sin-vida-a-reconocido-ginecologo-cubano-en-colombia\\\/\",\"url\":\"https:\\\/\\\/www.cuballama.com\\\/noticias\\\/hallan-sin-vida-a-reconocido-ginecologo-cubano-en-colombia\\\/\",\"name\":\"Hallan sin vida a reconocido ginec\u00f3logo cubano en Colombia - Cuballama Noticias\",\"isPartOf\":{\"@id\":\"https:\\\/\\\/www.cuballama.com\\\/noticias\\\/#website\"},\"primaryImageOfPage\":{\"@id\":\"https:\\\/\\\/www.cuballama.com\\\/noticias\\\/hallan-sin-vida-a-reconocido-ginecologo-cubano-en-colombia\\\/#primaryimage\"},\"image\":{\"@id\":\"https:\\\/\\\/www.cuballama.com\\\/noticias\\\/hallan-sin-vida-a-reconocido-ginecologo-cubano-en-colombia\\\/#primaryimage\"},\"thumbnailUrl\":\"https:\\\/\\\/cdn1.mediawpaccore.net\\\/wp-content\\\/uploads\\\/2026\\\/09\\\/03224003\\\/1788456544-consternacion-inesperada-colombia-respetado-ginecologo-cubano1.jpg\",\"datePublished\":\"2026-09-04T15:27:06+00:00\",\"dateModified\":\"2026-09-04T15:29:39+00:00\",\"description\":\"El ginec\u00f3logo cubano Waldo Abel Fuentes Betancourt fue hallado sin vida el pasado martes 1 de septiembre en Colombia.\",\"breadcrumb\":{\"@id\":\"https:\\\/\\\/www.cuballama.com\\\/noticias\\\/hallan-sin-vida-a-reconocido-ginecologo-cubano-en-colombia\\\/#breadcrumb\"},\"inLanguage\":\"es\",\"potentialAction\":[{\"@type\":\"ReadAction\",\"target\":[\"https:\\\/\\\/www.cuballama.com\\\/noticias\\\/hallan-sin-vida-a-reconocido-ginecologo-cubano-en-colombia\\\/\"]}]},{\"@type\":\"ImageObject\",\"inLanguage\":\"es\",\"@id\":\"https:\\\/\\\/www.cuballama.com\\\/noticias\\\/hallan-sin-vida-a-reconocido-ginecologo-cubano-en-colombia\\\/#primaryimage\",\"url\":\"https:\\\/\\\/cdn1.mediawpaccore.net\\\/wp-content\\\/uploads\\\/2026\\\/09\\\/03224003\\\/1788456544-consternacion-inesperada-colombia-respetado-ginecologo-cubano1.jpg\",\"contentUrl\":\"https:\\\/\\\/cdn1.mediawpaccore.net\\\/wp-content\\\/uploads\\\/2026\\\/09\\\/03224003\\\/1788456544-consternacion-inesperada-colombia-respetado-ginecologo-cubano1.jpg\",\"width\":1200,\"height\":630,\"caption\":\"Waldo Abel Fuente, ginec\u00f3logo cubano fallecido. Foto: Redes sociales.\"},{\"@type\":\"BreadcrumbList\",\"@id\":\"https:\\\/\\\/www.cuballama.com\\\/noticias\\\/hallan-sin-vida-a-reconocido-ginecologo-cubano-en-colombia\\\/#breadcrumb\",\"itemListElement\":[{\"@type\":\"ListItem\",\"position\":1,\"name\":\"Home\",\"item\":\"https:\\\/\\\/www.cuballama.com\\\/noticias\\\/\"},{\"@type\":\"ListItem\",\"position\":2,\"name\":\"Hallan sin vida a reconocido ginec\u00f3logo cubano en Colombia\"}]},{\"@type\":\"WebSite\",\"@id\":\"https:\\\/\\\/www.cuballama.com\\\/noticias\\\/#website\",\"url\":\"https:\\\/\\\/www.cuballama.com\\\/noticias\\\/\",\"name\":\"Cuballama Noticias\",\"description\":\"Medio digital sobre Cuba y el mundo\",\"publisher\":{\"@id\":\"https:\\\/\\\/www.cuballama.com\\\/noticias\\\/#organization\"},\"potentialAction\":[{\"@type\":\"SearchAction\",\"target\":{\"@type\":\"EntryPoint\",\"urlTemplate\":\"https:\\\/\\\/www.cuballama.com\\\/noticias\\\/?s={search_term_string}\"},\"query-input\":{\"@type\":\"PropertyValueSpecification\",\"valueRequired\":true,\"valueName\":\"search_term_string\"}}],\"inLanguage\":\"es\"},{\"@type\":\"Organization\",\"@id\":\"https:\\\/\\\/www.cuballama.com\\\/noticias\\\/#organization\",\"name\":\"Cuballama\",\"url\":\"https:\\\/\\\/www.cuballama.com\\\/noticias\\\/\",\"logo\":{\"@type\":\"ImageObject\",\"inLanguage\":\"es\",\"@id\":\"https:\\\/\\\/www.cuballama.com\\\/noticias\\\/#\\\/schema\\\/logo\\\/image\\\/\",\"url\":\"https:\\\/\\\/cdn1.mediawpaccore.net\\\/wp-content\\\/uploads\\\/2021\\\/12\\\/28171206\\\/cbll-logo-color-sm.png\",\"contentUrl\":\"https:\\\/\\\/cdn1.mediawpaccore.net\\\/wp-content\\\/uploads\\\/2021\\\/12\\\/28171206\\\/cbll-logo-color-sm.png\",\"width\":600,\"height\":133,\"caption\":\"Cuballama\"},\"image\":{\"@id\":\"https:\\\/\\\/www.cuballama.com\\\/noticias\\\/#\\\/schema\\\/logo\\\/image\\\/\"},\"sameAs\":[\"https:\\\/\\\/www.facebook.com\\\/CubaLlama\",\"https:\\\/\\\/x.com\\\/cuballama\",\"https:\\\/\\\/www.instagram.com\\\/stories\\\/cuballama_oficial\\\/\",\"https:\\\/\\\/www.youtube.com\\\/channel\\\/UCKkFE-d_axENGZcrc4as0IA\"]},{\"@type\":\"Person\",\"@id\":\"https:\\\/\\\/www.cuballama.com\\\/noticias\\\/#\\\/schema\\\/person\\\/86cd3e3f4974437f031211213bf892d5\",\"name\":\"Kathy\",\"url\":\"https:\\\/\\\/www.cuballama.com\\\/noticias\\\/author\\\/kathy\\\/\"}]}<\/script>\n<!-- \/ Yoast SEO plugin. -->","yoast_head_json":{"title":"Hallan sin vida a reconocido ginec\u00f3logo cubano en Colombia - Cuballama Noticias","description":"El ginec\u00f3logo cubano Waldo Abel Fuentes Betancourt fue hallado sin vida el pasado martes 1 de septiembre en Colombia.","robots":{"index":"index","follow":"follow","max-snippet":"max-snippet:-1","max-image-preview":"max-image-preview:large","max-video-preview":"max-video-preview:-1"},"canonical":"https:\/\/www.cuballama.com\/noticias\/hallan-sin-vida-a-reconocido-ginecologo-cubano-en-colombia\/","og_locale":"es_ES","og_type":"article","og_title":"Hallan sin vida a reconocido ginec\u00f3logo cubano en Colombia - Cuballama Noticias","og_description":"El ginec\u00f3logo cubano Waldo Abel Fuentes Betancourt fue hallado sin vida el pasado martes 1 de septiembre en Colombia.","og_url":"https:\/\/www.cuballama.com\/noticias\/hallan-sin-vida-a-reconocido-ginecologo-cubano-en-colombia\/","og_site_name":"Cuballama Noticias","article_publisher":"https:\/\/www.facebook.com\/CubaLlama","article_published_time":"2026-09-04T15:27:06+00:00","article_modified_time":"2026-09-04T15:29:39+00:00","og_image":[{"width":1200,"height":630,"url":"https:\/\/cdn1.mediawpaccore.net\/wp-content\/uploads\/2026\/09\/03224003\/1788456544-consternacion-inesperada-colombia-respetado-ginecologo-cubano1.jpg","type":"image\/jpeg"}],"author":"Kathy","twitter_card":"summary_large_image","twitter_creator":"@cuballama","twitter_site":"@cuballama","twitter_misc":{"Escrito por":"Kathy","Tiempo de lectura":"3 minutos"},"schema":{"@context":"https:\/\/schema.org","@graph":[{"@type":"Article","@id":"https:\/\/www.cuballama.com\/noticias\/hallan-sin-vida-a-reconocido-ginecologo-cubano-en-colombia\/#article","isPartOf":{"@id":"https:\/\/www.cuballama.com\/noticias\/hallan-sin-vida-a-reconocido-ginecologo-cubano-en-colombia\/"},"author":{"name":"Kathy","@id":"https:\/\/www.cuballama.com\/noticias\/#\/schema\/person\/86cd3e3f4974437f031211213bf892d5"},"headline":"Hallan sin vida a reconocido ginec\u00f3logo cubano en Colombia","datePublished":"2026-09-04T15:27:06+00:00","dateModified":"2026-09-04T15:29:39+00:00","mainEntityOfPage":{"@id":"https:\/\/www.cuballama.com\/noticias\/hallan-sin-vida-a-reconocido-ginecologo-cubano-en-colombia\/"},"wordCount":481,"commentCount":0,"publisher":{"@id":"https:\/\/www.cuballama.com\/noticias\/#organization"},"image":{"@id":"https:\/\/www.cuballama.com\/noticias\/hallan-sin-vida-a-reconocido-ginecologo-cubano-en-colombia\/#primaryimage"},"thumbnailUrl":"https:\/\/cdn1.mediawpaccore.net\/wp-content\/uploads\/2026\/09\/03224003\/1788456544-consternacion-inesperada-colombia-respetado-ginecologo-cubano1.jpg","keywords":["cubanos en Colombia","destacado","ginec\u00f3logo","m\u00e9dico cubano"],"articleSection":["Noticias","Noticias de Cuba"],"inLanguage":"es","potentialAction":[{"@type":"CommentAction","name":"Comment","target":["https:\/\/www.cuballama.com\/noticias\/hallan-sin-vida-a-reconocido-ginecologo-cubano-en-colombia\/#respond"]}]},{"@type":"WebPage","@id":"https:\/\/www.cuballama.com\/noticias\/hallan-sin-vida-a-reconocido-ginecologo-cubano-en-colombia\/","url":"https:\/\/www.cuballama.com\/noticias\/hallan-sin-vida-a-reconocido-ginecologo-cubano-en-colombia\/","name":"Hallan sin vida a reconocido ginec\u00f3logo cubano en Colombia - Cuballama Noticias","isPartOf":{"@id":"https:\/\/www.cuballama.com\/noticias\/#website"},"primaryImageOfPage":{"@id":"https:\/\/www.cuballama.com\/noticias\/hallan-sin-vida-a-reconocido-ginecologo-cubano-en-colombia\/#primaryimage"},"image":{"@id":"https:\/\/www.cuballama.com\/noticias\/hallan-sin-vida-a-reconocido-ginecologo-cubano-en-colombia\/#primaryimage"},"thumbnailUrl":"https:\/\/cdn1.mediawpaccore.net\/wp-content\/uploads\/2026\/09\/03224003\/1788456544-consternacion-inesperada-colombia-respetado-ginecologo-cubano1.jpg","datePublished":"2026-09-04T15:27:06+00:00","dateModified":"2026-09-04T15:29:39+00:00","description":"El ginec\u00f3logo cubano Waldo Abel Fuentes Betancourt fue hallado sin vida el pasado martes 1 de septiembre en Colombia.","breadcrumb":{"@id":"https:\/\/www.cuballama.com\/noticias\/hallan-sin-vida-a-reconocido-ginecologo-cubano-en-colombia\/#breadcrumb"},"inLanguage":"es","potentialAction":[{"@type":"ReadAction","target":["https:\/\/www.cuballama.com\/noticias\/hallan-sin-vida-a-reconocido-ginecologo-cubano-en-colombia\/"]}]},{"@type":"ImageObject","inLanguage":"es","@id":"https:\/\/www.cuballama.com\/noticias\/hallan-sin-vida-a-reconocido-ginecologo-cubano-en-colombia\/#primaryimage","url":"https:\/\/cdn1.mediawpaccore.net\/wp-content\/uploads\/2026\/09\/03224003\/1788456544-consternacion-inesperada-colombia-respetado-ginecologo-cubano1.jpg","contentUrl":"https:\/\/cdn1.mediawpaccore.net\/wp-content\/uploads\/2026\/09\/03224003\/1788456544-consternacion-inesperada-colombia-respetado-ginecologo-cubano1.jpg","width":1200,"height":630,"caption":"Waldo Abel Fuente, ginec\u00f3logo cubano fallecido. Foto: Redes sociales."},{"@type":"BreadcrumbList","@id":"https:\/\/www.cuballama.com\/noticias\/hallan-sin-vida-a-reconocido-ginecologo-cubano-en-colombia\/#breadcrumb","itemListElement":[{"@type":"ListItem","position":1,"name":"Home","item":"https:\/\/www.cuballama.com\/noticias\/"},{"@type":"ListItem","position":2,"name":"Hallan sin vida a reconocido ginec\u00f3logo cubano en Colombia"}]},{"@type":"WebSite","@id":"https:\/\/www.cuballama.com\/noticias\/#website","url":"https:\/\/www.cuballama.com\/noticias\/","name":"Cuballama Noticias","description":"Medio digital sobre Cuba y el mundo","publisher":{"@id":"https:\/\/www.cuballama.com\/noticias\/#organization"},"potentialAction":[{"@type":"SearchAction","target":{"@type":"EntryPoint","urlTemplate":"https:\/\/www.cuballama.com\/noticias\/?s={search_term_string}"},"query-input":{"@type":"PropertyValueSpecification","valueRequired":true,"valueName":"search_term_string"}}],"inLanguage":"es"},{"@type":"Organization","@id":"https:\/\/www.cuballama.com\/noticias\/#organization","name":"Cuballama","url":"https:\/\/www.cuballama.com\/noticias\/","logo":{"@type":"ImageObject","inLanguage":"es","@id":"https:\/\/www.cuballama.com\/noticias\/#\/schema\/logo\/image\/","url":"https:\/\/cdn1.mediawpaccore.net\/wp-content\/uploads\/2021\/12\/28171206\/cbll-logo-color-sm.png","contentUrl":"https:\/\/cdn1.mediawpaccore.net\/wp-content\/uploads\/2021\/12\/28171206\/cbll-logo-color-sm.png","width":600,"height":133,"caption":"Cuballama"},"image":{"@id":"https:\/\/www.cuballama.com\/noticias\/#\/schema\/logo\/image\/"},"sameAs":["https:\/\/www.facebook.com\/CubaLlama","https:\/\/x.com\/cuballama","https:\/\/www.instagram.com\/stories\/cuballama_oficial\/","https:\/\/www.youtube.com\/channel\/UCKkFE-d_axENGZcrc4as0IA"]},{"@type":"Person","@id":"https:\/\/www.cuballama.com\/noticias\/#\/schema\/person\/86cd3e3f4974437f031211213bf892d5","name":"Kathy","url":"https:\/\/www.cuballama.com\/noticias\/author\/kathy\/"}]}},"_links":{"self":[{"href":"https:\/\/www.cuballama.com\/noticias\/wp-json\/wp\/v2\/posts\/256114","targetHints":{"allow":["GET"]}}],"collection":[{"href":"https:\/\/www.cuballama.com\/noticias\/wp-json\/wp\/v2\/posts"}],"about":[{"href":"https:\/\/www.cuballama.com\/noticias\/wp-json\/wp\/v2\/types\/post"}],"author":[{"embeddable":true,"href":"https:\/\/www.cuballama.com\/noticias\/wp-json\/wp\/v2\/users\/30"}],"replies":[{"embeddable":true,"href":"https:\/\/www.cuballama.com\/noticias\/wp-json\/wp\/v2\/comments?post=256114"}],"version-history":[{"count":3,"href":"https:\/\/www.cuballama.com\/noticias\/wp-json\/wp\/v2\/posts\/256114\/revisions"}],"predecessor-version":[{"id":256130,"href":"https:\/\/www.cuballama.com\/noticias\/wp-json\/wp\/v2\/posts\/256114\/revisions\/256130"}],"wp:featuredmedia":[{"embeddable":true,"href":"https:\/\/www.cuballama.com\/noticias\/wp-json\/wp\/v2\/media\/256116"}],"wp:attachment":[{"href":"https:\/\/www.cuballama.com\/noticias\/wp-json\/wp\/v2\/media?parent=256114"}],"wp:term":[{"taxonomy":"category","embeddable":true,"href":"https:\/\/www.cuballama.com\/noticias\/wp-json\/wp\/v2\/categories?post=256114"},{"taxonomy":"post_tag","embeddable":true,"href":"https:\/\/www.cuballama.com\/noticias\/wp-json\/wp\/v2\/tags?post=256114"}],"curies":[{"name":"wp","href":"https:\/\/api.w.org\/{rel}","templated":true}]}}