{"id":256110,"date":"2026-09-04T14:10:23","date_gmt":"2026-09-04T18:10:23","guid":{"rendered":"https:\/\/www.cuballama.com\/noticias\/?p=256110"},"modified":"2026-09-04T14:10:46","modified_gmt":"2026-09-04T18:10:46","slug":"liniero-de-32-anos-muere-en-accidente-laboral-en-la-habana","status":"publish","type":"post","link":"https:\/\/www.cuballama.com\/noticias\/liniero-de-32-anos-muere-en-accidente-laboral-en-la-habana\/","title":{"rendered":"Liniero de 32 a\u00f1os muere en accidente laboral en La Habana"},"content":{"rendered":"\n<p class=\"wp-block-paragraph\">Edisvey Rolando P\u00e9rez Rodr\u00edguez, un liniero de 32 a\u00f1os que integraba la brigada enviada de Sancti Sp\u00edritus a La Habana para realizar trabajos de mantenimiento, falleci\u00f3 la ma\u00f1ana de este jueves, seg\u00fan inform\u00f3 la Uni\u00f3n El\u00e9ctrica de Cuba (UNE).&nbsp;<\/p>\n\n\n\n<p class=\"wp-block-paragraph\">Si bien la empresa estatal no dio m\u00e1s detalles sobre las causas de la muerte,\u00a0precis\u00f3 que el joven sufri\u00f3 un accidente laboral.\u00a0<\/p>\n\n\n\n<p class=\"wp-block-paragraph\">En redes sociales, uno de los compa\u00f1eros de P\u00e9rez Rodr\u00edguez detall\u00f3 que el muchacho, originario de La Sierpe, realizaba labores de mantenimiento en Guanabacoa cuando perdi\u00f3 la vida.<\/p>\n\n\n\n<p class=\"wp-block-paragraph\">\u201cMis condolencias a la familia. Lamentamos la p\u00e9rdida de este joven. Es un dolor profundo para todos los que trabajamos en el sector y, sobre todo, para los que tuvimos la oportunidad de trabajar con \u00e9l. Era un excelente compa\u00f1ero, incondicional y comprometido\u201d, lament\u00f3 un empleado de la Empresa El\u00e9ctrica de Sancti Sp\u00edritus.&nbsp;<\/p>\n\n\n\n<iframe loading=\"lazy\" src=\"https:\/\/www.facebook.com\/plugins\/post.php?href=https%3A%2F%2Fwww.facebook.com%2FUnionElectricaOficinaCentral%2Fposts%2Fpfbid02RLH6J6g3qZkyYd4CKgw1bvSAyEJdVdGoHnsooZHzvN75xbsr9Gy6wKkWXUFVVP1Hl&#038;show_text=true&#038;width=500\" width=\"500\" height=\"667\" style=\"border:none;overflow:hidden\" scrolling=\"no\" frameborder=\"0\" allowfullscreen=\"true\" allow=\"autoplay; clipboard-write; encrypted-media; picture-in-picture; web-share\"><\/iframe>\n\n\n\n<p class=\"wp-block-paragraph\">La empresa estatal se\u00f1al\u00f3 previamente que brigadas especializadas trabajan en municipios de la capital para restablecer la vitalidad del Sistema El\u00e9ctrico Nacional y mejorar las condiciones de la red.<\/p>\n\n\n\n<p class=\"wp-block-paragraph\">Seg\u00fan la UNE, se ejecutan acciones en transformadores, subestaciones y circuitos de distribuci\u00f3n para garantizar la estabilidad del servicio y reducir interrupciones.<\/p>\n\n\n\n<p class=\"wp-block-paragraph\">Por su parte, el Ministerio de Energ\u00eda y Minas destac\u00f3 que los trabajos incluyen mantenimiento preventivo, sustituci\u00f3n de equipos deteriorados y ajustes t\u00e9cnicos en l\u00edneas de transmisi\u00f3n.<\/p>\n\n\n\n<p class=\"wp-block-paragraph\">En tal sentido, la Empresa El\u00e9ctrica de La Habana indic\u00f3 que se priorizan instalaciones de salud, sistemas de abasto de agua y otros servicios vitales para la poblaci\u00f3n.<\/p>\n\n\n\n<p class=\"wp-block-paragraph\">Varios son los casos de fallecimientos de trabajadores del sector el\u00e9ctrico, uno de los de mayor n\u00famero de accidentes y de mortalidad, reportados en los \u00faltimos a\u00f1os.<\/p>\n\n\n\n<p class=\"wp-block-paragraph\">A mediados de junio, Osmani Rosales N\u00fa\u00f1ez, trabajador de la Empresa El\u00e9ctrica de C\u00e1rdenas, de 39 a\u00f1os, muri\u00f3 tras recibir una descarga el\u00e9ctrica de alto voltaje mientras realizaba labores de reparaci\u00f3n en esa ciudad de Matanzas.<\/p>\n\n\n\n<p class=\"wp-block-paragraph\">Entonces, un trabajador el\u00e9ctrico declar\u00f3 a <a href=\"https:\/\/eltoque.com\/es\/sin-guantes-ni-botas-ni-seguridad-el-reto-de-los-linieros-en-cuba\" target=\"_blank\" rel=\"noreferrer noopener nofollow\"><em>El Toque<\/em> <\/a>que las condiciones en que trabajan los linieros \u201cson p\u00e9simas y peligrosas, carentes de todos los medios de seguridad y protecci\u00f3n\u201d.<\/p>\n\n\n\n<p class=\"wp-block-paragraph\">\u201cLos arneses y fajas de seguridad para trabajar en altura est\u00e1n en p\u00e9simas condiciones y apenas hay. A veces toca uno para la brigada, cuando deber\u00eda ser un objeto personal\u201d, afirm\u00f3 la fuente, al denunciar que tampoco hab\u00eda uniformes, botas y cascos, y apenas hab\u00eda guantes diel\u00e9ctricos para trabajar con tensi\u00f3n.&nbsp;<\/p>\n\n\n\n<iframe loading=\"lazy\" src=\"https:\/\/www.facebook.com\/plugins\/post.php?href=https%3A%2F%2Fwww.facebook.com%2FDMTrabajoFlorida%2Fposts%2Fpfbid02687ivUsJcYZw1oYrM1nqKeXrJ5QtsypTpif27S7bgY33c76vAgYw6BWsUERmpvhpl&#038;show_text=true&#038;width=500\" width=\"500\" height=\"561\" style=\"border:none;overflow:hidden\" scrolling=\"no\" frameborder=\"0\" allowfullscreen=\"true\" allow=\"autoplay; clipboard-write; encrypted-media; picture-in-picture; web-share\"><\/iframe>\n\n\n\n<p class=\"wp-block-paragraph\">En septiembre del a\u00f1o pasado perdi\u00f3 la vida Cleivi Pujada Castro tras entrar en contacto con una l\u00ednea de alta tensi\u00f3n mientras llevaba a cabo labores de reparaci\u00f3n en un circuito de la subestaci\u00f3n Playa Baracoa, en Bauta, provincia de Artemisa.&nbsp;<\/p>\n\n\n\n<p class=\"wp-block-paragraph\">Poco antes, Osmani Hern\u00e1ndez Madroza, de 35 a\u00f1os, sufri\u00f3 quemaduras cuando trabajaba en una aver\u00eda en San Miguel del Padr\u00f3n reparando un conductor. El liniero sufri\u00f3 la amputaci\u00f3n de sus dos brazos por las quemaduras.&nbsp;<\/p>\n\n\n\n<p class=\"wp-block-paragraph\">En marzo de 2024, Leonel Carroso Mach\u00edn, un liniero de la Empresa El\u00e9ctrica de La Habana, falleci\u00f3 tras caer de un poste en el municipio de Boyeros.<\/p>\n\n\n\n<p class=\"wp-block-paragraph\">En 2025 se registraron en Cuba 664 accidentes laborales, con un saldo de 38 muertos y 701 heridos. Cinco de los fallecidos pertenec\u00edan a la rama de la electricidad.<\/p>\n\n\n\n<p class=\"wp-block-paragraph\"><\/p>\n","protected":false},"excerpt":{"rendered":"<p>Uno de sus compa\u00f1eros detall\u00f3 que el joven realizaba labores de mantenimiento en Guanabacoa cuando perdi\u00f3 la vida.<\/p>\n","protected":false},"author":30,"featured_media":256144,"comment_status":"open","ping_status":"closed","sticky":false,"template":"","format":"standard","meta":{"_acf_changed":false,"footnotes":""},"categories":[18,955],"tags":[22635,10867,941,1145,13408,27424],"class_list":["post-256110","post","type-post","status-publish","format-standard","has-post-thumbnail","category-noticias","category-noticias-de-cuba","tag-accidente-laboral-en-cuba","tag-crisis-en-cuba","tag-destacado","tag-empresa-electrica","tag-joven-cubano","tag-liniero"],"acf":[],"yoast_head":"<!-- This site is optimized with the Yoast SEO plugin v28.3 - https:\/\/yoast.com\/product\/yoast-seo-wordpress\/ -->\n<title>Liniero de 32 a\u00f1os muere en accidente laboral en La Habana - Cuballama Noticias<\/title>\n<meta name=\"description\" content=\"Un liniero que integraba la brigada enviada de Sancti Sp\u00edritus a La Habana para realizar trabajos de mantenimiento falleci\u00f3 este jueves.\" \/>\n<meta name=\"robots\" content=\"index, follow, max-snippet:-1, max-image-preview:large, max-video-preview:-1\" \/>\n<link rel=\"canonical\" href=\"https:\/\/www.cuballama.com\/noticias\/liniero-de-32-anos-muere-en-accidente-laboral-en-la-habana\/\" \/>\n<meta property=\"og:locale\" content=\"es_ES\" \/>\n<meta property=\"og:type\" content=\"article\" \/>\n<meta property=\"og:title\" content=\"Liniero de 32 a\u00f1os muere en accidente laboral en La Habana - Cuballama Noticias\" \/>\n<meta property=\"og:description\" content=\"Un liniero que integraba la brigada enviada de Sancti Sp\u00edritus a La Habana para realizar trabajos de mantenimiento falleci\u00f3 este jueves.\" \/>\n<meta property=\"og:url\" content=\"https:\/\/www.cuballama.com\/noticias\/liniero-de-32-anos-muere-en-accidente-laboral-en-la-habana\/\" \/>\n<meta property=\"og:site_name\" content=\"Cuballama Noticias\" \/>\n<meta property=\"article:publisher\" content=\"https:\/\/www.facebook.com\/CubaLlama\" \/>\n<meta property=\"article:published_time\" content=\"2026-09-04T18:10:23+00:00\" \/>\n<meta property=\"article:modified_time\" content=\"2026-09-04T18:10:46+00:00\" \/>\n<meta property=\"og:image\" content=\"https:\/\/cdn1.mediawpaccore.net\/wp-content\/uploads\/2026\/09\/04134418\/WhatsApp-Image-2026-09-04-at-11.48.16.jpg\" \/>\n\t<meta property=\"og:image:width\" content=\"1200\" \/>\n\t<meta property=\"og:image:height\" content=\"630\" \/>\n\t<meta property=\"og:image:type\" content=\"image\/jpeg\" \/>\n<meta name=\"author\" content=\"Kathy\" \/>\n<meta name=\"twitter:card\" content=\"summary_large_image\" \/>\n<meta name=\"twitter:creator\" content=\"@cuballama\" \/>\n<meta name=\"twitter:site\" content=\"@cuballama\" \/>\n<meta name=\"twitter:label1\" content=\"Escrito por\" \/>\n\t<meta name=\"twitter:data1\" content=\"Kathy\" \/>\n\t<meta name=\"twitter:label2\" content=\"Tiempo de lectura\" \/>\n\t<meta name=\"twitter:data2\" content=\"3 minutos\" \/>\n<script type=\"application\/ld+json\" class=\"yoast-schema-graph\">{\"@context\":\"https:\\\/\\\/schema.org\",\"@graph\":[{\"@type\":\"Article\",\"@id\":\"https:\\\/\\\/www.cuballama.com\\\/noticias\\\/liniero-de-32-anos-muere-en-accidente-laboral-en-la-habana\\\/#article\",\"isPartOf\":{\"@id\":\"https:\\\/\\\/www.cuballama.com\\\/noticias\\\/liniero-de-32-anos-muere-en-accidente-laboral-en-la-habana\\\/\"},\"author\":{\"name\":\"Kathy\",\"@id\":\"https:\\\/\\\/www.cuballama.com\\\/noticias\\\/#\\\/schema\\\/person\\\/86cd3e3f4974437f031211213bf892d5\"},\"headline\":\"Liniero de 32 a\u00f1os muere en accidente laboral en La Habana\",\"datePublished\":\"2026-09-04T18:10:23+00:00\",\"dateModified\":\"2026-09-04T18:10:46+00:00\",\"mainEntityOfPage\":{\"@id\":\"https:\\\/\\\/www.cuballama.com\\\/noticias\\\/liniero-de-32-anos-muere-en-accidente-laboral-en-la-habana\\\/\"},\"wordCount\":591,\"commentCount\":0,\"publisher\":{\"@id\":\"https:\\\/\\\/www.cuballama.com\\\/noticias\\\/#organization\"},\"image\":{\"@id\":\"https:\\\/\\\/www.cuballama.com\\\/noticias\\\/liniero-de-32-anos-muere-en-accidente-laboral-en-la-habana\\\/#primaryimage\"},\"thumbnailUrl\":\"https:\\\/\\\/cdn1.mediawpaccore.net\\\/wp-content\\\/uploads\\\/2026\\\/09\\\/04134418\\\/WhatsApp-Image-2026-09-04-at-11.48.16.jpg\",\"keywords\":[\"accidente laboral en Cuba\",\"Crisis en Cuba\",\"destacado\",\"Empresa El\u00e9ctrica\",\"joven cubano\",\"liniero\"],\"articleSection\":[\"Noticias\",\"Noticias de Cuba\"],\"inLanguage\":\"es\",\"potentialAction\":[{\"@type\":\"CommentAction\",\"name\":\"Comment\",\"target\":[\"https:\\\/\\\/www.cuballama.com\\\/noticias\\\/liniero-de-32-anos-muere-en-accidente-laboral-en-la-habana\\\/#respond\"]}]},{\"@type\":\"WebPage\",\"@id\":\"https:\\\/\\\/www.cuballama.com\\\/noticias\\\/liniero-de-32-anos-muere-en-accidente-laboral-en-la-habana\\\/\",\"url\":\"https:\\\/\\\/www.cuballama.com\\\/noticias\\\/liniero-de-32-anos-muere-en-accidente-laboral-en-la-habana\\\/\",\"name\":\"Liniero de 32 a\u00f1os muere en accidente laboral en La Habana - Cuballama Noticias\",\"isPartOf\":{\"@id\":\"https:\\\/\\\/www.cuballama.com\\\/noticias\\\/#website\"},\"primaryImageOfPage\":{\"@id\":\"https:\\\/\\\/www.cuballama.com\\\/noticias\\\/liniero-de-32-anos-muere-en-accidente-laboral-en-la-habana\\\/#primaryimage\"},\"image\":{\"@id\":\"https:\\\/\\\/www.cuballama.com\\\/noticias\\\/liniero-de-32-anos-muere-en-accidente-laboral-en-la-habana\\\/#primaryimage\"},\"thumbnailUrl\":\"https:\\\/\\\/cdn1.mediawpaccore.net\\\/wp-content\\\/uploads\\\/2026\\\/09\\\/04134418\\\/WhatsApp-Image-2026-09-04-at-11.48.16.jpg\",\"datePublished\":\"2026-09-04T18:10:23+00:00\",\"dateModified\":\"2026-09-04T18:10:46+00:00\",\"description\":\"Un liniero que integraba la brigada enviada de Sancti Sp\u00edritus a La Habana para realizar trabajos de mantenimiento falleci\u00f3 este jueves.\",\"breadcrumb\":{\"@id\":\"https:\\\/\\\/www.cuballama.com\\\/noticias\\\/liniero-de-32-anos-muere-en-accidente-laboral-en-la-habana\\\/#breadcrumb\"},\"inLanguage\":\"es\",\"potentialAction\":[{\"@type\":\"ReadAction\",\"target\":[\"https:\\\/\\\/www.cuballama.com\\\/noticias\\\/liniero-de-32-anos-muere-en-accidente-laboral-en-la-habana\\\/\"]}]},{\"@type\":\"ImageObject\",\"inLanguage\":\"es\",\"@id\":\"https:\\\/\\\/www.cuballama.com\\\/noticias\\\/liniero-de-32-anos-muere-en-accidente-laboral-en-la-habana\\\/#primaryimage\",\"url\":\"https:\\\/\\\/cdn1.mediawpaccore.net\\\/wp-content\\\/uploads\\\/2026\\\/09\\\/04134418\\\/WhatsApp-Image-2026-09-04-at-11.48.16.jpg\",\"contentUrl\":\"https:\\\/\\\/cdn1.mediawpaccore.net\\\/wp-content\\\/uploads\\\/2026\\\/09\\\/04134418\\\/WhatsApp-Image-2026-09-04-at-11.48.16.jpg\",\"width\":1200,\"height\":630,\"caption\":\"Edisvey Rolando P\u00e9rez Rodr\u00edguez. Foto: Facebook\\\/Direcci\u00f3n Municipal de Trabajo y Seguridad Social Florida.\"},{\"@type\":\"BreadcrumbList\",\"@id\":\"https:\\\/\\\/www.cuballama.com\\\/noticias\\\/liniero-de-32-anos-muere-en-accidente-laboral-en-la-habana\\\/#breadcrumb\",\"itemListElement\":[{\"@type\":\"ListItem\",\"position\":1,\"name\":\"Home\",\"item\":\"https:\\\/\\\/www.cuballama.com\\\/noticias\\\/\"},{\"@type\":\"ListItem\",\"position\":2,\"name\":\"Liniero de 32 a\u00f1os muere en accidente laboral en La Habana\"}]},{\"@type\":\"WebSite\",\"@id\":\"https:\\\/\\\/www.cuballama.com\\\/noticias\\\/#website\",\"url\":\"https:\\\/\\\/www.cuballama.com\\\/noticias\\\/\",\"name\":\"Cuballama Noticias\",\"description\":\"Medio digital sobre Cuba y el mundo\",\"publisher\":{\"@id\":\"https:\\\/\\\/www.cuballama.com\\\/noticias\\\/#organization\"},\"potentialAction\":[{\"@type\":\"SearchAction\",\"target\":{\"@type\":\"EntryPoint\",\"urlTemplate\":\"https:\\\/\\\/www.cuballama.com\\\/noticias\\\/?s={search_term_string}\"},\"query-input\":{\"@type\":\"PropertyValueSpecification\",\"valueRequired\":true,\"valueName\":\"search_term_string\"}}],\"inLanguage\":\"es\"},{\"@type\":\"Organization\",\"@id\":\"https:\\\/\\\/www.cuballama.com\\\/noticias\\\/#organization\",\"name\":\"Cuballama\",\"url\":\"https:\\\/\\\/www.cuballama.com\\\/noticias\\\/\",\"logo\":{\"@type\":\"ImageObject\",\"inLanguage\":\"es\",\"@id\":\"https:\\\/\\\/www.cuballama.com\\\/noticias\\\/#\\\/schema\\\/logo\\\/image\\\/\",\"url\":\"https:\\\/\\\/cdn1.mediawpaccore.net\\\/wp-content\\\/uploads\\\/2021\\\/12\\\/28171206\\\/cbll-logo-color-sm.png\",\"contentUrl\":\"https:\\\/\\\/cdn1.mediawpaccore.net\\\/wp-content\\\/uploads\\\/2021\\\/12\\\/28171206\\\/cbll-logo-color-sm.png\",\"width\":600,\"height\":133,\"caption\":\"Cuballama\"},\"image\":{\"@id\":\"https:\\\/\\\/www.cuballama.com\\\/noticias\\\/#\\\/schema\\\/logo\\\/image\\\/\"},\"sameAs\":[\"https:\\\/\\\/www.facebook.com\\\/CubaLlama\",\"https:\\\/\\\/x.com\\\/cuballama\",\"https:\\\/\\\/www.instagram.com\\\/stories\\\/cuballama_oficial\\\/\",\"https:\\\/\\\/www.youtube.com\\\/channel\\\/UCKkFE-d_axENGZcrc4as0IA\"]},{\"@type\":\"Person\",\"@id\":\"https:\\\/\\\/www.cuballama.com\\\/noticias\\\/#\\\/schema\\\/person\\\/86cd3e3f4974437f031211213bf892d5\",\"name\":\"Kathy\",\"url\":\"https:\\\/\\\/www.cuballama.com\\\/noticias\\\/author\\\/kathy\\\/\"}]}<\/script>\n<!-- \/ Yoast SEO plugin. -->","yoast_head_json":{"title":"Liniero de 32 a\u00f1os muere en accidente laboral en La Habana - Cuballama Noticias","description":"Un liniero que integraba la brigada enviada de Sancti Sp\u00edritus a La Habana para realizar trabajos de mantenimiento falleci\u00f3 este jueves.","robots":{"index":"index","follow":"follow","max-snippet":"max-snippet:-1","max-image-preview":"max-image-preview:large","max-video-preview":"max-video-preview:-1"},"canonical":"https:\/\/www.cuballama.com\/noticias\/liniero-de-32-anos-muere-en-accidente-laboral-en-la-habana\/","og_locale":"es_ES","og_type":"article","og_title":"Liniero de 32 a\u00f1os muere en accidente laboral en La Habana - Cuballama Noticias","og_description":"Un liniero que integraba la brigada enviada de Sancti Sp\u00edritus a La Habana para realizar trabajos de mantenimiento falleci\u00f3 este jueves.","og_url":"https:\/\/www.cuballama.com\/noticias\/liniero-de-32-anos-muere-en-accidente-laboral-en-la-habana\/","og_site_name":"Cuballama Noticias","article_publisher":"https:\/\/www.facebook.com\/CubaLlama","article_published_time":"2026-09-04T18:10:23+00:00","article_modified_time":"2026-09-04T18:10:46+00:00","og_image":[{"width":1200,"height":630,"url":"https:\/\/cdn1.mediawpaccore.net\/wp-content\/uploads\/2026\/09\/04134418\/WhatsApp-Image-2026-09-04-at-11.48.16.jpg","type":"image\/jpeg"}],"author":"Kathy","twitter_card":"summary_large_image","twitter_creator":"@cuballama","twitter_site":"@cuballama","twitter_misc":{"Escrito por":"Kathy","Tiempo de lectura":"3 minutos"},"schema":{"@context":"https:\/\/schema.org","@graph":[{"@type":"Article","@id":"https:\/\/www.cuballama.com\/noticias\/liniero-de-32-anos-muere-en-accidente-laboral-en-la-habana\/#article","isPartOf":{"@id":"https:\/\/www.cuballama.com\/noticias\/liniero-de-32-anos-muere-en-accidente-laboral-en-la-habana\/"},"author":{"name":"Kathy","@id":"https:\/\/www.cuballama.com\/noticias\/#\/schema\/person\/86cd3e3f4974437f031211213bf892d5"},"headline":"Liniero de 32 a\u00f1os muere en accidente laboral en La Habana","datePublished":"2026-09-04T18:10:23+00:00","dateModified":"2026-09-04T18:10:46+00:00","mainEntityOfPage":{"@id":"https:\/\/www.cuballama.com\/noticias\/liniero-de-32-anos-muere-en-accidente-laboral-en-la-habana\/"},"wordCount":591,"commentCount":0,"publisher":{"@id":"https:\/\/www.cuballama.com\/noticias\/#organization"},"image":{"@id":"https:\/\/www.cuballama.com\/noticias\/liniero-de-32-anos-muere-en-accidente-laboral-en-la-habana\/#primaryimage"},"thumbnailUrl":"https:\/\/cdn1.mediawpaccore.net\/wp-content\/uploads\/2026\/09\/04134418\/WhatsApp-Image-2026-09-04-at-11.48.16.jpg","keywords":["accidente laboral en Cuba","Crisis en Cuba","destacado","Empresa El\u00e9ctrica","joven cubano","liniero"],"articleSection":["Noticias","Noticias de Cuba"],"inLanguage":"es","potentialAction":[{"@type":"CommentAction","name":"Comment","target":["https:\/\/www.cuballama.com\/noticias\/liniero-de-32-anos-muere-en-accidente-laboral-en-la-habana\/#respond"]}]},{"@type":"WebPage","@id":"https:\/\/www.cuballama.com\/noticias\/liniero-de-32-anos-muere-en-accidente-laboral-en-la-habana\/","url":"https:\/\/www.cuballama.com\/noticias\/liniero-de-32-anos-muere-en-accidente-laboral-en-la-habana\/","name":"Liniero de 32 a\u00f1os muere en accidente laboral en La Habana - Cuballama Noticias","isPartOf":{"@id":"https:\/\/www.cuballama.com\/noticias\/#website"},"primaryImageOfPage":{"@id":"https:\/\/www.cuballama.com\/noticias\/liniero-de-32-anos-muere-en-accidente-laboral-en-la-habana\/#primaryimage"},"image":{"@id":"https:\/\/www.cuballama.com\/noticias\/liniero-de-32-anos-muere-en-accidente-laboral-en-la-habana\/#primaryimage"},"thumbnailUrl":"https:\/\/cdn1.mediawpaccore.net\/wp-content\/uploads\/2026\/09\/04134418\/WhatsApp-Image-2026-09-04-at-11.48.16.jpg","datePublished":"2026-09-04T18:10:23+00:00","dateModified":"2026-09-04T18:10:46+00:00","description":"Un liniero que integraba la brigada enviada de Sancti Sp\u00edritus a La Habana para realizar trabajos de mantenimiento falleci\u00f3 este jueves.","breadcrumb":{"@id":"https:\/\/www.cuballama.com\/noticias\/liniero-de-32-anos-muere-en-accidente-laboral-en-la-habana\/#breadcrumb"},"inLanguage":"es","potentialAction":[{"@type":"ReadAction","target":["https:\/\/www.cuballama.com\/noticias\/liniero-de-32-anos-muere-en-accidente-laboral-en-la-habana\/"]}]},{"@type":"ImageObject","inLanguage":"es","@id":"https:\/\/www.cuballama.com\/noticias\/liniero-de-32-anos-muere-en-accidente-laboral-en-la-habana\/#primaryimage","url":"https:\/\/cdn1.mediawpaccore.net\/wp-content\/uploads\/2026\/09\/04134418\/WhatsApp-Image-2026-09-04-at-11.48.16.jpg","contentUrl":"https:\/\/cdn1.mediawpaccore.net\/wp-content\/uploads\/2026\/09\/04134418\/WhatsApp-Image-2026-09-04-at-11.48.16.jpg","width":1200,"height":630,"caption":"Edisvey Rolando P\u00e9rez Rodr\u00edguez. Foto: Facebook\/Direcci\u00f3n Municipal de Trabajo y Seguridad Social Florida."},{"@type":"BreadcrumbList","@id":"https:\/\/www.cuballama.com\/noticias\/liniero-de-32-anos-muere-en-accidente-laboral-en-la-habana\/#breadcrumb","itemListElement":[{"@type":"ListItem","position":1,"name":"Home","item":"https:\/\/www.cuballama.com\/noticias\/"},{"@type":"ListItem","position":2,"name":"Liniero de 32 a\u00f1os muere en accidente laboral en La Habana"}]},{"@type":"WebSite","@id":"https:\/\/www.cuballama.com\/noticias\/#website","url":"https:\/\/www.cuballama.com\/noticias\/","name":"Cuballama Noticias","description":"Medio digital sobre Cuba y el mundo","publisher":{"@id":"https:\/\/www.cuballama.com\/noticias\/#organization"},"potentialAction":[{"@type":"SearchAction","target":{"@type":"EntryPoint","urlTemplate":"https:\/\/www.cuballama.com\/noticias\/?s={search_term_string}"},"query-input":{"@type":"PropertyValueSpecification","valueRequired":true,"valueName":"search_term_string"}}],"inLanguage":"es"},{"@type":"Organization","@id":"https:\/\/www.cuballama.com\/noticias\/#organization","name":"Cuballama","url":"https:\/\/www.cuballama.com\/noticias\/","logo":{"@type":"ImageObject","inLanguage":"es","@id":"https:\/\/www.cuballama.com\/noticias\/#\/schema\/logo\/image\/","url":"https:\/\/cdn1.mediawpaccore.net\/wp-content\/uploads\/2021\/12\/28171206\/cbll-logo-color-sm.png","contentUrl":"https:\/\/cdn1.mediawpaccore.net\/wp-content\/uploads\/2021\/12\/28171206\/cbll-logo-color-sm.png","width":600,"height":133,"caption":"Cuballama"},"image":{"@id":"https:\/\/www.cuballama.com\/noticias\/#\/schema\/logo\/image\/"},"sameAs":["https:\/\/www.facebook.com\/CubaLlama","https:\/\/x.com\/cuballama","https:\/\/www.instagram.com\/stories\/cuballama_oficial\/","https:\/\/www.youtube.com\/channel\/UCKkFE-d_axENGZcrc4as0IA"]},{"@type":"Person","@id":"https:\/\/www.cuballama.com\/noticias\/#\/schema\/person\/86cd3e3f4974437f031211213bf892d5","name":"Kathy","url":"https:\/\/www.cuballama.com\/noticias\/author\/kathy\/"}]}},"_links":{"self":[{"href":"https:\/\/www.cuballama.com\/noticias\/wp-json\/wp\/v2\/posts\/256110","targetHints":{"allow":["GET"]}}],"collection":[{"href":"https:\/\/www.cuballama.com\/noticias\/wp-json\/wp\/v2\/posts"}],"about":[{"href":"https:\/\/www.cuballama.com\/noticias\/wp-json\/wp\/v2\/types\/post"}],"author":[{"embeddable":true,"href":"https:\/\/www.cuballama.com\/noticias\/wp-json\/wp\/v2\/users\/30"}],"replies":[{"embeddable":true,"href":"https:\/\/www.cuballama.com\/noticias\/wp-json\/wp\/v2\/comments?post=256110"}],"version-history":[{"count":2,"href":"https:\/\/www.cuballama.com\/noticias\/wp-json\/wp\/v2\/posts\/256110\/revisions"}],"predecessor-version":[{"id":256145,"href":"https:\/\/www.cuballama.com\/noticias\/wp-json\/wp\/v2\/posts\/256110\/revisions\/256145"}],"wp:featuredmedia":[{"embeddable":true,"href":"https:\/\/www.cuballama.com\/noticias\/wp-json\/wp\/v2\/media\/256144"}],"wp:attachment":[{"href":"https:\/\/www.cuballama.com\/noticias\/wp-json\/wp\/v2\/media?parent=256110"}],"wp:term":[{"taxonomy":"category","embeddable":true,"href":"https:\/\/www.cuballama.com\/noticias\/wp-json\/wp\/v2\/categories?post=256110"},{"taxonomy":"post_tag","embeddable":true,"href":"https:\/\/www.cuballama.com\/noticias\/wp-json\/wp\/v2\/tags?post=256110"}],"curies":[{"name":"wp","href":"https:\/\/api.w.org\/{rel}","templated":true}]}}