{"id":256079,"date":"2026-09-03T13:25:11","date_gmt":"2026-09-03T17:25:11","guid":{"rendered":"https:\/\/www.cuballama.com\/noticias\/?p=256079"},"modified":"2026-09-03T13:25:17","modified_gmt":"2026-09-03T17:25:17","slug":"sin-luz-ni-agua-diaz-canel-admite-el-colapso-del-sistema-de-bombeo-en-la-habana","status":"publish","type":"post","link":"https:\/\/www.cuballama.com\/noticias\/sin-luz-ni-agua-diaz-canel-admite-el-colapso-del-sistema-de-bombeo-en-la-habana\/","title":{"rendered":"Sin luz ni agua: D\u00edaz-Canel admite el colapso del sistema de bombeo en La Habana"},"content":{"rendered":"\n<p class=\"wp-block-paragraph\">El gobernante Miguel D\u00edaz-Canel reconoci\u00f3 este mi\u00e9rcoles la incapacidad de su administraci\u00f3n para asegurar la energ\u00eda m\u00ednima requerida por los sistemas de bombeo de agua en La Habana. La declaraci\u00f3n trascendi\u00f3 tras una visita oficial al Sistema Cuenca Sur, una vital red de pozos ubicada entre las provincias de Artemisa y Mayabeque que garantiza el suministro a m\u00e1s del 30% de los residentes en la capital.<\/p>\n\n\n\n<p class=\"wp-block-paragraph\">Durante <a href=\"https:\/\/www.presidencia.gob.cu\/es\/noticias\/ofrece-diaz-canel-detalles-sobre-estrategia-integral-para-el-abasto-de-agua-en-la-capital-audio\/\" target=\"_blank\" rel=\"noreferrer noopener\">el recorrido<\/a>, concebido como parte del seguimiento semanal al plan estatal contra la severa crisis h\u00eddrica, el mandatario admiti\u00f3 la gravedad del panorama el\u00e9ctrico y su impacto directo. \u00abLos de abasto de agua son sistemas inerciales que necesitan de diez a 12 horas de estabilidad energ\u00e9tica para poder tener estabilidad en el suministro de agua, y hoy pr\u00e1cticamente no tenemos condiciones para mantener esas horas por mucho que queramos priorizar la energ\u00eda a estos sistemas\u00bb, confes\u00f3 p\u00fablicamente.<\/p>\n\n\n\n<p class=\"wp-block-paragraph\">Para justificar las continuas interrupciones en los hogares, detall\u00f3 las diferencias operativas entre ambos servicios b\u00e1sicos. Seg\u00fan sus palabras: \u00abEn una red el\u00e9ctrica cuando conectas ya tienes la energ\u00eda servida; pero en un sistema de abasto de agua, si no tienes la energ\u00eda durante mucho tiempo, energ\u00eda que d\u00e9 para que se llenen las conductoras, se puedan habilitar y se sincronicen todos los sistemas de impulsores y rebombeo, no logramos nada\u00bb.<\/p>\n\n\n\n<p class=\"wp-block-paragraph\">Ante esta crisis cotidiana que asfixia a las familias cubanas por la combinaci\u00f3n de extensos apagones y sequ\u00eda en los grifos, el dirigente indic\u00f3 que el escenario actual \u00abimplica reinventar todo el sistema de gesti\u00f3n del abasto de agua de la poblaci\u00f3n\u00bb. A pesar de ser un problema estructural de larga data, el gobierno present\u00f3 una estrategia dividida en tres etapas, iniciando a corto plazo con el respaldo de grupos electr\u00f3genos para 29 de las casi 70 fuentes de abasto capitalinas inspeccionadas. Las fases posteriores contemplan la integraci\u00f3n de la generaci\u00f3n distribuida y, finalmente, la instalaci\u00f3n de parques solares con sistemas de acumulaci\u00f3n.<\/p>\n\n\n\n<p class=\"wp-block-paragraph\">Las proyecciones oficiales apuntan a que los primeros impactos positivos en dos o tres sistemas principales de La Habana se notar\u00edan a finales de septiembre, buscando su consolidaci\u00f3n en octubre y la entrada de la alternativa solar para fin de a\u00f1o. Sin embargo, D\u00edaz-Canel se anticip\u00f3 a posibles retrasos advirtiendo que el cronograma \u00abse puede mover en el tiempo\u00bb, justificando la demora por las \u00abvariables de c\u00f3mo se maneja la pol\u00edtica agresiva del gobierno de Estados Unidos\u00bb en lugar de atribuirlo a <strong><a href=\"https:\/\/www.cuballama.com\/noticias\/nos-agobian-los-apagones-la-falta-de-agua-y-la-inflacion-diaz-canel-admite-la-gravedad-de-la-crisis-pero-rechaza-cambios-de-sistema\/\" data-type=\"link\" data-id=\"https:\/\/www.cuballama.com\/noticias\/nos-agobian-los-apagones-la-falta-de-agua-y-la-inflacion-diaz-canel-admite-la-gravedad-de-la-crisis-pero-rechaza-cambios-de-sistema\/\" target=\"_blank\" rel=\"noreferrer noopener\">los problemas internos de gesti\u00f3n e inversi\u00f3n<\/a><\/strong>.<\/p>\n","protected":false},"excerpt":{"rendered":"<p>El mandatario Miguel D\u00edaz-Canel admiti\u00f3 que Cuba carece de las condiciones el\u00e9ctricas para mantener los sistemas de bombeo de agua en La Habana.<\/p>\n","protected":false},"author":29,"featured_media":256082,"comment_status":"open","ping_status":"closed","sticky":false,"template":"","format":"standard","meta":{"_acf_changed":false,"footnotes":""},"categories":[18,955],"tags":[11225,24469,10035,164,1324,10376,37887,5297],"class_list":["post-256079","post","type-post","status-publish","format-standard","has-post-thumbnail","category-noticias","category-noticias-de-cuba","tag-apagones-en-cuba","tag-crisis-del-agua","tag-escasez-en-cuba","tag-la-habana","tag-miguel-diaz-canel","tag-noticias-de-cuba","tag-sistema-cuenca-sur","tag-sociedad-cubana"],"acf":[],"yoast_head":"<!-- This site is optimized with the Yoast SEO plugin v28.3 - https:\/\/yoast.com\/product\/yoast-seo-wordpress\/ -->\n<title>Sin luz ni agua: D\u00edaz-Canel admite el colapso del sistema de bombeo en La Habana - Cuballama Noticias<\/title>\n<meta name=\"description\" content=\"D\u00edaz-Canel admiti\u00f3 que Cuba carece de las condiciones el\u00e9ctricas para mantener los sistemas de bombeo de agua en La Habana.\" \/>\n<meta name=\"robots\" content=\"index, follow, max-snippet:-1, max-image-preview:large, max-video-preview:-1\" \/>\n<link rel=\"canonical\" href=\"https:\/\/www.cuballama.com\/noticias\/sin-luz-ni-agua-diaz-canel-admite-el-colapso-del-sistema-de-bombeo-en-la-habana\/\" \/>\n<meta property=\"og:locale\" content=\"es_ES\" \/>\n<meta property=\"og:type\" content=\"article\" \/>\n<meta property=\"og:title\" content=\"Sin luz ni agua: D\u00edaz-Canel admite el colapso del sistema de bombeo en La Habana - Cuballama Noticias\" \/>\n<meta property=\"og:description\" content=\"D\u00edaz-Canel admiti\u00f3 que Cuba carece de las condiciones el\u00e9ctricas para mantener los sistemas de bombeo de agua en La Habana.\" \/>\n<meta property=\"og:url\" content=\"https:\/\/www.cuballama.com\/noticias\/sin-luz-ni-agua-diaz-canel-admite-el-colapso-del-sistema-de-bombeo-en-la-habana\/\" \/>\n<meta property=\"og:site_name\" content=\"Cuballama Noticias\" \/>\n<meta property=\"article:publisher\" content=\"https:\/\/www.facebook.com\/CubaLlama\" \/>\n<meta property=\"article:published_time\" content=\"2026-09-03T17:25:11+00:00\" \/>\n<meta property=\"article:modified_time\" content=\"2026-09-03T17:25:17+00:00\" \/>\n<meta property=\"og:image\" content=\"https:\/\/cdn1.mediawpaccore.net\/wp-content\/uploads\/2026\/09\/03132203\/Captura-de-pantalla-2026-09-03-a-las-19.20.56.png\" \/>\n\t<meta property=\"og:image:width\" content=\"1464\" \/>\n\t<meta property=\"og:image:height\" content=\"838\" \/>\n\t<meta property=\"og:image:type\" content=\"image\/png\" \/>\n<meta name=\"author\" content=\"Sof\u00eda Reyes\" \/>\n<meta name=\"twitter:card\" content=\"summary_large_image\" \/>\n<meta name=\"twitter:creator\" content=\"@cuballama\" \/>\n<meta name=\"twitter:site\" content=\"@cuballama\" \/>\n<meta name=\"twitter:label1\" content=\"Escrito por\" \/>\n\t<meta name=\"twitter:data1\" content=\"Sof\u00eda Reyes\" \/>\n\t<meta name=\"twitter:label2\" content=\"Tiempo de lectura\" \/>\n\t<meta name=\"twitter:data2\" content=\"3 minutos\" \/>\n<script type=\"application\/ld+json\" class=\"yoast-schema-graph\">{\"@context\":\"https:\\\/\\\/schema.org\",\"@graph\":[{\"@type\":\"Article\",\"@id\":\"https:\\\/\\\/www.cuballama.com\\\/noticias\\\/sin-luz-ni-agua-diaz-canel-admite-el-colapso-del-sistema-de-bombeo-en-la-habana\\\/#article\",\"isPartOf\":{\"@id\":\"https:\\\/\\\/www.cuballama.com\\\/noticias\\\/sin-luz-ni-agua-diaz-canel-admite-el-colapso-del-sistema-de-bombeo-en-la-habana\\\/\"},\"author\":{\"name\":\"Sof\u00eda Reyes\",\"@id\":\"https:\\\/\\\/www.cuballama.com\\\/noticias\\\/#\\\/schema\\\/person\\\/5cba2b8cc25a3159e49fe730a94d512e\"},\"headline\":\"Sin luz ni agua: D\u00edaz-Canel admite el colapso del sistema de bombeo en La Habana\",\"datePublished\":\"2026-09-03T17:25:11+00:00\",\"dateModified\":\"2026-09-03T17:25:17+00:00\",\"mainEntityOfPage\":{\"@id\":\"https:\\\/\\\/www.cuballama.com\\\/noticias\\\/sin-luz-ni-agua-diaz-canel-admite-el-colapso-del-sistema-de-bombeo-en-la-habana\\\/\"},\"wordCount\":455,\"commentCount\":0,\"publisher\":{\"@id\":\"https:\\\/\\\/www.cuballama.com\\\/noticias\\\/#organization\"},\"image\":{\"@id\":\"https:\\\/\\\/www.cuballama.com\\\/noticias\\\/sin-luz-ni-agua-diaz-canel-admite-el-colapso-del-sistema-de-bombeo-en-la-habana\\\/#primaryimage\"},\"thumbnailUrl\":\"https:\\\/\\\/cdn1.mediawpaccore.net\\\/wp-content\\\/uploads\\\/2026\\\/09\\\/03132203\\\/Captura-de-pantalla-2026-09-03-a-las-19.20.56.png\",\"keywords\":[\"apagones en Cuba\",\"crisis del agua\",\"escasez en Cuba\",\"La Habana\",\"Miguel D\u00edaz-Canel\",\"Noticias de Cuba\",\"Sistema Cuenca Sur\",\"sociedad cubana\"],\"articleSection\":[\"Noticias\",\"Noticias de Cuba\"],\"inLanguage\":\"es\",\"potentialAction\":[{\"@type\":\"CommentAction\",\"name\":\"Comment\",\"target\":[\"https:\\\/\\\/www.cuballama.com\\\/noticias\\\/sin-luz-ni-agua-diaz-canel-admite-el-colapso-del-sistema-de-bombeo-en-la-habana\\\/#respond\"]}]},{\"@type\":\"WebPage\",\"@id\":\"https:\\\/\\\/www.cuballama.com\\\/noticias\\\/sin-luz-ni-agua-diaz-canel-admite-el-colapso-del-sistema-de-bombeo-en-la-habana\\\/\",\"url\":\"https:\\\/\\\/www.cuballama.com\\\/noticias\\\/sin-luz-ni-agua-diaz-canel-admite-el-colapso-del-sistema-de-bombeo-en-la-habana\\\/\",\"name\":\"Sin luz ni agua: D\u00edaz-Canel admite el colapso del sistema de bombeo en La Habana - Cuballama Noticias\",\"isPartOf\":{\"@id\":\"https:\\\/\\\/www.cuballama.com\\\/noticias\\\/#website\"},\"primaryImageOfPage\":{\"@id\":\"https:\\\/\\\/www.cuballama.com\\\/noticias\\\/sin-luz-ni-agua-diaz-canel-admite-el-colapso-del-sistema-de-bombeo-en-la-habana\\\/#primaryimage\"},\"image\":{\"@id\":\"https:\\\/\\\/www.cuballama.com\\\/noticias\\\/sin-luz-ni-agua-diaz-canel-admite-el-colapso-del-sistema-de-bombeo-en-la-habana\\\/#primaryimage\"},\"thumbnailUrl\":\"https:\\\/\\\/cdn1.mediawpaccore.net\\\/wp-content\\\/uploads\\\/2026\\\/09\\\/03132203\\\/Captura-de-pantalla-2026-09-03-a-las-19.20.56.png\",\"datePublished\":\"2026-09-03T17:25:11+00:00\",\"dateModified\":\"2026-09-03T17:25:17+00:00\",\"description\":\"D\u00edaz-Canel admiti\u00f3 que Cuba carece de las condiciones el\u00e9ctricas para mantener los sistemas de bombeo de agua en La Habana.\",\"breadcrumb\":{\"@id\":\"https:\\\/\\\/www.cuballama.com\\\/noticias\\\/sin-luz-ni-agua-diaz-canel-admite-el-colapso-del-sistema-de-bombeo-en-la-habana\\\/#breadcrumb\"},\"inLanguage\":\"es\",\"potentialAction\":[{\"@type\":\"ReadAction\",\"target\":[\"https:\\\/\\\/www.cuballama.com\\\/noticias\\\/sin-luz-ni-agua-diaz-canel-admite-el-colapso-del-sistema-de-bombeo-en-la-habana\\\/\"]}]},{\"@type\":\"ImageObject\",\"inLanguage\":\"es\",\"@id\":\"https:\\\/\\\/www.cuballama.com\\\/noticias\\\/sin-luz-ni-agua-diaz-canel-admite-el-colapso-del-sistema-de-bombeo-en-la-habana\\\/#primaryimage\",\"url\":\"https:\\\/\\\/cdn1.mediawpaccore.net\\\/wp-content\\\/uploads\\\/2026\\\/09\\\/03132203\\\/Captura-de-pantalla-2026-09-03-a-las-19.20.56.png\",\"contentUrl\":\"https:\\\/\\\/cdn1.mediawpaccore.net\\\/wp-content\\\/uploads\\\/2026\\\/09\\\/03132203\\\/Captura-de-pantalla-2026-09-03-a-las-19.20.56.png\",\"width\":1464,\"height\":838,\"caption\":\"Foto tomada de Presidencia de Cuba\"},{\"@type\":\"BreadcrumbList\",\"@id\":\"https:\\\/\\\/www.cuballama.com\\\/noticias\\\/sin-luz-ni-agua-diaz-canel-admite-el-colapso-del-sistema-de-bombeo-en-la-habana\\\/#breadcrumb\",\"itemListElement\":[{\"@type\":\"ListItem\",\"position\":1,\"name\":\"Home\",\"item\":\"https:\\\/\\\/www.cuballama.com\\\/noticias\\\/\"},{\"@type\":\"ListItem\",\"position\":2,\"name\":\"Sin luz ni agua: D\u00edaz-Canel admite el colapso del sistema de bombeo en La Habana\"}]},{\"@type\":\"WebSite\",\"@id\":\"https:\\\/\\\/www.cuballama.com\\\/noticias\\\/#website\",\"url\":\"https:\\\/\\\/www.cuballama.com\\\/noticias\\\/\",\"name\":\"Cuballama Noticias\",\"description\":\"Medio digital sobre Cuba y el mundo\",\"publisher\":{\"@id\":\"https:\\\/\\\/www.cuballama.com\\\/noticias\\\/#organization\"},\"potentialAction\":[{\"@type\":\"SearchAction\",\"target\":{\"@type\":\"EntryPoint\",\"urlTemplate\":\"https:\\\/\\\/www.cuballama.com\\\/noticias\\\/?s={search_term_string}\"},\"query-input\":{\"@type\":\"PropertyValueSpecification\",\"valueRequired\":true,\"valueName\":\"search_term_string\"}}],\"inLanguage\":\"es\"},{\"@type\":\"Organization\",\"@id\":\"https:\\\/\\\/www.cuballama.com\\\/noticias\\\/#organization\",\"name\":\"Cuballama\",\"url\":\"https:\\\/\\\/www.cuballama.com\\\/noticias\\\/\",\"logo\":{\"@type\":\"ImageObject\",\"inLanguage\":\"es\",\"@id\":\"https:\\\/\\\/www.cuballama.com\\\/noticias\\\/#\\\/schema\\\/logo\\\/image\\\/\",\"url\":\"https:\\\/\\\/cdn1.mediawpaccore.net\\\/wp-content\\\/uploads\\\/2021\\\/12\\\/28171206\\\/cbll-logo-color-sm.png\",\"contentUrl\":\"https:\\\/\\\/cdn1.mediawpaccore.net\\\/wp-content\\\/uploads\\\/2021\\\/12\\\/28171206\\\/cbll-logo-color-sm.png\",\"width\":600,\"height\":133,\"caption\":\"Cuballama\"},\"image\":{\"@id\":\"https:\\\/\\\/www.cuballama.com\\\/noticias\\\/#\\\/schema\\\/logo\\\/image\\\/\"},\"sameAs\":[\"https:\\\/\\\/www.facebook.com\\\/CubaLlama\",\"https:\\\/\\\/x.com\\\/cuballama\",\"https:\\\/\\\/www.instagram.com\\\/stories\\\/cuballama_oficial\\\/\",\"https:\\\/\\\/www.youtube.com\\\/channel\\\/UCKkFE-d_axENGZcrc4as0IA\"]},{\"@type\":\"Person\",\"@id\":\"https:\\\/\\\/www.cuballama.com\\\/noticias\\\/#\\\/schema\\\/person\\\/5cba2b8cc25a3159e49fe730a94d512e\",\"name\":\"Sof\u00eda Reyes\",\"url\":\"https:\\\/\\\/www.cuballama.com\\\/noticias\\\/author\\\/laura\\\/\"}]}<\/script>\n<!-- \/ Yoast SEO plugin. -->","yoast_head_json":{"title":"Sin luz ni agua: D\u00edaz-Canel admite el colapso del sistema de bombeo en La Habana - Cuballama Noticias","description":"D\u00edaz-Canel admiti\u00f3 que Cuba carece de las condiciones el\u00e9ctricas para mantener los sistemas de bombeo de agua en La Habana.","robots":{"index":"index","follow":"follow","max-snippet":"max-snippet:-1","max-image-preview":"max-image-preview:large","max-video-preview":"max-video-preview:-1"},"canonical":"https:\/\/www.cuballama.com\/noticias\/sin-luz-ni-agua-diaz-canel-admite-el-colapso-del-sistema-de-bombeo-en-la-habana\/","og_locale":"es_ES","og_type":"article","og_title":"Sin luz ni agua: D\u00edaz-Canel admite el colapso del sistema de bombeo en La Habana - Cuballama Noticias","og_description":"D\u00edaz-Canel admiti\u00f3 que Cuba carece de las condiciones el\u00e9ctricas para mantener los sistemas de bombeo de agua en La Habana.","og_url":"https:\/\/www.cuballama.com\/noticias\/sin-luz-ni-agua-diaz-canel-admite-el-colapso-del-sistema-de-bombeo-en-la-habana\/","og_site_name":"Cuballama Noticias","article_publisher":"https:\/\/www.facebook.com\/CubaLlama","article_published_time":"2026-09-03T17:25:11+00:00","article_modified_time":"2026-09-03T17:25:17+00:00","og_image":[{"width":1464,"height":838,"url":"https:\/\/cdn1.mediawpaccore.net\/wp-content\/uploads\/2026\/09\/03132203\/Captura-de-pantalla-2026-09-03-a-las-19.20.56.png","type":"image\/png"}],"author":"Sof\u00eda Reyes","twitter_card":"summary_large_image","twitter_creator":"@cuballama","twitter_site":"@cuballama","twitter_misc":{"Escrito por":"Sof\u00eda Reyes","Tiempo de lectura":"3 minutos"},"schema":{"@context":"https:\/\/schema.org","@graph":[{"@type":"Article","@id":"https:\/\/www.cuballama.com\/noticias\/sin-luz-ni-agua-diaz-canel-admite-el-colapso-del-sistema-de-bombeo-en-la-habana\/#article","isPartOf":{"@id":"https:\/\/www.cuballama.com\/noticias\/sin-luz-ni-agua-diaz-canel-admite-el-colapso-del-sistema-de-bombeo-en-la-habana\/"},"author":{"name":"Sof\u00eda Reyes","@id":"https:\/\/www.cuballama.com\/noticias\/#\/schema\/person\/5cba2b8cc25a3159e49fe730a94d512e"},"headline":"Sin luz ni agua: D\u00edaz-Canel admite el colapso del sistema de bombeo en La Habana","datePublished":"2026-09-03T17:25:11+00:00","dateModified":"2026-09-03T17:25:17+00:00","mainEntityOfPage":{"@id":"https:\/\/www.cuballama.com\/noticias\/sin-luz-ni-agua-diaz-canel-admite-el-colapso-del-sistema-de-bombeo-en-la-habana\/"},"wordCount":455,"commentCount":0,"publisher":{"@id":"https:\/\/www.cuballama.com\/noticias\/#organization"},"image":{"@id":"https:\/\/www.cuballama.com\/noticias\/sin-luz-ni-agua-diaz-canel-admite-el-colapso-del-sistema-de-bombeo-en-la-habana\/#primaryimage"},"thumbnailUrl":"https:\/\/cdn1.mediawpaccore.net\/wp-content\/uploads\/2026\/09\/03132203\/Captura-de-pantalla-2026-09-03-a-las-19.20.56.png","keywords":["apagones en Cuba","crisis del agua","escasez en Cuba","La Habana","Miguel D\u00edaz-Canel","Noticias de Cuba","Sistema Cuenca Sur","sociedad cubana"],"articleSection":["Noticias","Noticias de Cuba"],"inLanguage":"es","potentialAction":[{"@type":"CommentAction","name":"Comment","target":["https:\/\/www.cuballama.com\/noticias\/sin-luz-ni-agua-diaz-canel-admite-el-colapso-del-sistema-de-bombeo-en-la-habana\/#respond"]}]},{"@type":"WebPage","@id":"https:\/\/www.cuballama.com\/noticias\/sin-luz-ni-agua-diaz-canel-admite-el-colapso-del-sistema-de-bombeo-en-la-habana\/","url":"https:\/\/www.cuballama.com\/noticias\/sin-luz-ni-agua-diaz-canel-admite-el-colapso-del-sistema-de-bombeo-en-la-habana\/","name":"Sin luz ni agua: D\u00edaz-Canel admite el colapso del sistema de bombeo en La Habana - Cuballama Noticias","isPartOf":{"@id":"https:\/\/www.cuballama.com\/noticias\/#website"},"primaryImageOfPage":{"@id":"https:\/\/www.cuballama.com\/noticias\/sin-luz-ni-agua-diaz-canel-admite-el-colapso-del-sistema-de-bombeo-en-la-habana\/#primaryimage"},"image":{"@id":"https:\/\/www.cuballama.com\/noticias\/sin-luz-ni-agua-diaz-canel-admite-el-colapso-del-sistema-de-bombeo-en-la-habana\/#primaryimage"},"thumbnailUrl":"https:\/\/cdn1.mediawpaccore.net\/wp-content\/uploads\/2026\/09\/03132203\/Captura-de-pantalla-2026-09-03-a-las-19.20.56.png","datePublished":"2026-09-03T17:25:11+00:00","dateModified":"2026-09-03T17:25:17+00:00","description":"D\u00edaz-Canel admiti\u00f3 que Cuba carece de las condiciones el\u00e9ctricas para mantener los sistemas de bombeo de agua en La Habana.","breadcrumb":{"@id":"https:\/\/www.cuballama.com\/noticias\/sin-luz-ni-agua-diaz-canel-admite-el-colapso-del-sistema-de-bombeo-en-la-habana\/#breadcrumb"},"inLanguage":"es","potentialAction":[{"@type":"ReadAction","target":["https:\/\/www.cuballama.com\/noticias\/sin-luz-ni-agua-diaz-canel-admite-el-colapso-del-sistema-de-bombeo-en-la-habana\/"]}]},{"@type":"ImageObject","inLanguage":"es","@id":"https:\/\/www.cuballama.com\/noticias\/sin-luz-ni-agua-diaz-canel-admite-el-colapso-del-sistema-de-bombeo-en-la-habana\/#primaryimage","url":"https:\/\/cdn1.mediawpaccore.net\/wp-content\/uploads\/2026\/09\/03132203\/Captura-de-pantalla-2026-09-03-a-las-19.20.56.png","contentUrl":"https:\/\/cdn1.mediawpaccore.net\/wp-content\/uploads\/2026\/09\/03132203\/Captura-de-pantalla-2026-09-03-a-las-19.20.56.png","width":1464,"height":838,"caption":"Foto tomada de Presidencia de Cuba"},{"@type":"BreadcrumbList","@id":"https:\/\/www.cuballama.com\/noticias\/sin-luz-ni-agua-diaz-canel-admite-el-colapso-del-sistema-de-bombeo-en-la-habana\/#breadcrumb","itemListElement":[{"@type":"ListItem","position":1,"name":"Home","item":"https:\/\/www.cuballama.com\/noticias\/"},{"@type":"ListItem","position":2,"name":"Sin luz ni agua: D\u00edaz-Canel admite el colapso del sistema de bombeo en La Habana"}]},{"@type":"WebSite","@id":"https:\/\/www.cuballama.com\/noticias\/#website","url":"https:\/\/www.cuballama.com\/noticias\/","name":"Cuballama Noticias","description":"Medio digital sobre Cuba y el mundo","publisher":{"@id":"https:\/\/www.cuballama.com\/noticias\/#organization"},"potentialAction":[{"@type":"SearchAction","target":{"@type":"EntryPoint","urlTemplate":"https:\/\/www.cuballama.com\/noticias\/?s={search_term_string}"},"query-input":{"@type":"PropertyValueSpecification","valueRequired":true,"valueName":"search_term_string"}}],"inLanguage":"es"},{"@type":"Organization","@id":"https:\/\/www.cuballama.com\/noticias\/#organization","name":"Cuballama","url":"https:\/\/www.cuballama.com\/noticias\/","logo":{"@type":"ImageObject","inLanguage":"es","@id":"https:\/\/www.cuballama.com\/noticias\/#\/schema\/logo\/image\/","url":"https:\/\/cdn1.mediawpaccore.net\/wp-content\/uploads\/2021\/12\/28171206\/cbll-logo-color-sm.png","contentUrl":"https:\/\/cdn1.mediawpaccore.net\/wp-content\/uploads\/2021\/12\/28171206\/cbll-logo-color-sm.png","width":600,"height":133,"caption":"Cuballama"},"image":{"@id":"https:\/\/www.cuballama.com\/noticias\/#\/schema\/logo\/image\/"},"sameAs":["https:\/\/www.facebook.com\/CubaLlama","https:\/\/x.com\/cuballama","https:\/\/www.instagram.com\/stories\/cuballama_oficial\/","https:\/\/www.youtube.com\/channel\/UCKkFE-d_axENGZcrc4as0IA"]},{"@type":"Person","@id":"https:\/\/www.cuballama.com\/noticias\/#\/schema\/person\/5cba2b8cc25a3159e49fe730a94d512e","name":"Sof\u00eda Reyes","url":"https:\/\/www.cuballama.com\/noticias\/author\/laura\/"}]}},"_links":{"self":[{"href":"https:\/\/www.cuballama.com\/noticias\/wp-json\/wp\/v2\/posts\/256079","targetHints":{"allow":["GET"]}}],"collection":[{"href":"https:\/\/www.cuballama.com\/noticias\/wp-json\/wp\/v2\/posts"}],"about":[{"href":"https:\/\/www.cuballama.com\/noticias\/wp-json\/wp\/v2\/types\/post"}],"author":[{"embeddable":true,"href":"https:\/\/www.cuballama.com\/noticias\/wp-json\/wp\/v2\/users\/29"}],"replies":[{"embeddable":true,"href":"https:\/\/www.cuballama.com\/noticias\/wp-json\/wp\/v2\/comments?post=256079"}],"version-history":[{"count":3,"href":"https:\/\/www.cuballama.com\/noticias\/wp-json\/wp\/v2\/posts\/256079\/revisions"}],"predecessor-version":[{"id":256083,"href":"https:\/\/www.cuballama.com\/noticias\/wp-json\/wp\/v2\/posts\/256079\/revisions\/256083"}],"wp:featuredmedia":[{"embeddable":true,"href":"https:\/\/www.cuballama.com\/noticias\/wp-json\/wp\/v2\/media\/256082"}],"wp:attachment":[{"href":"https:\/\/www.cuballama.com\/noticias\/wp-json\/wp\/v2\/media?parent=256079"}],"wp:term":[{"taxonomy":"category","embeddable":true,"href":"https:\/\/www.cuballama.com\/noticias\/wp-json\/wp\/v2\/categories?post=256079"},{"taxonomy":"post_tag","embeddable":true,"href":"https:\/\/www.cuballama.com\/noticias\/wp-json\/wp\/v2\/tags?post=256079"}],"curies":[{"name":"wp","href":"https:\/\/api.w.org\/{rel}","templated":true}]}}