{"id":256077,"date":"2026-09-03T13:42:42","date_gmt":"2026-09-03T17:42:42","guid":{"rendered":"https:\/\/www.cuballama.com\/noticias\/?p=256077"},"modified":"2026-09-03T13:42:45","modified_gmt":"2026-09-03T17:42:45","slug":"percusionista-cubano-degnis-bofill-sale-de-custodia-de-ice-en-miami","status":"publish","type":"post","link":"https:\/\/www.cuballama.com\/noticias\/percusionista-cubano-degnis-bofill-sale-de-custodia-de-ice-en-miami\/","title":{"rendered":"Percusionista cubano Degnis Bofill sale de custodia de ICE en Miami"},"content":{"rendered":"\n<p class=\"wp-block-paragraph\">El percusionista cubano y ganador de un Latin Grammy, Degnis Bofill, fue liberado tras permanecer varios d\u00edas bajo la custodia del Servicio de Inmigraci\u00f3n y Control de Aduanas (ICE, por sus siglas en ingl\u00e9s) de Estados Unidos. La noticia fue confirmada este jueves por la periodista Maylin Lega\u00f1oa, de la cadena Telemundo 51.<\/p>\n\n\n\n<p class=\"wp-block-paragraph\">\u00abNoticias de \u00faltima hora, ICE libera al m\u00fasico cubano Dennis Bofill, ganador de un Latin Grammy. As\u00ed me dijo esta ma\u00f1ana, convers\u00e9 con \u00e9l a trav\u00e9s de su cuenta de Instagram, agradeciendo por el reportaje que hicimos en Telemundo 51 sobre su caso\u00bb, precis\u00f3 la reportera, sin ofrecer mayores detalles sobre los t\u00e9rminos legales de la excarcelaci\u00f3n.<\/p>\n\n\n\n<blockquote class=\"instagram-media\" data-instgrm-captioned data-instgrm-permalink=\"https:\/\/www.instagram.com\/reel\/Dc08tAQC5cH\/?utm_source=ig_embed&amp;utm_campaign=loading\" data-instgrm-version=\"14\" style=\" background:#FFF; border:0; border-radius:3px; box-shadow:0 0 1px 0 rgba(0,0,0,0.5),0 1px 10px 0 rgba(0,0,0,0.15); margin: 1px; max-width:540px; min-width:326px; padding:0; width:99.375%; width:-webkit-calc(100% - 2px); width:calc(100% - 2px);\"><div style=\"padding:16px;\"> <a href=\"https:\/\/www.instagram.com\/reel\/Dc08tAQC5cH\/?utm_source=ig_embed&amp;utm_campaign=loading\" style=\" background:#FFFFFF; line-height:0; padding:0 0; text-align:center; text-decoration:none; width:100%;\" target=\"_blank\"> <div style=\" display: flex; flex-direction: row; align-items: center;\"> <div style=\"background-color: #F4F4F4; border-radius: 50%; flex-grow: 0; height: 40px; margin-right: 14px; width: 40px;\"><\/div> <div style=\"display: flex; flex-direction: column; flex-grow: 1; justify-content: center;\"> <div style=\" background-color: #F4F4F4; border-radius: 4px; flex-grow: 0; height: 14px; margin-bottom: 6px; width: 100px;\"><\/div> <div style=\" background-color: #F4F4F4; border-radius: 4px; flex-grow: 0; height: 14px; width: 60px;\"><\/div><\/div><\/div><div style=\"padding: 19% 0;\"><\/div> <div style=\"display:block; height:50px; margin:0 auto 12px; width:50px;\"><svg width=\"50px\" height=\"50px\" viewBox=\"0 0 60 60\" version=\"1.1\" xmlns=\"https:\/\/www.w3.org\/2000\/svg\" xmlns:xlink=\"https:\/\/www.w3.org\/1999\/xlink\"><g stroke=\"none\" stroke-width=\"1\" fill=\"none\" fill-rule=\"evenodd\"><g transform=\"translate(-511.000000, -20.000000)\" fill=\"#000000\"><g><path d=\"M556.869,30.41 C554.814,30.41 553.148,32.076 553.148,34.131 C553.148,36.186 554.814,37.852 556.869,37.852 C558.924,37.852 560.59,36.186 560.59,34.131 C560.59,32.076 558.924,30.41 556.869,30.41 M541,60.657 C535.114,60.657 530.342,55.887 530.342,50 C530.342,44.114 535.114,39.342 541,39.342 C546.887,39.342 551.658,44.114 551.658,50 C551.658,55.887 546.887,60.657 541,60.657 M541,33.886 C532.1,33.886 524.886,41.1 524.886,50 C524.886,58.899 532.1,66.113 541,66.113 C549.9,66.113 557.115,58.899 557.115,50 C557.115,41.1 549.9,33.886 541,33.886 M565.378,62.101 C565.244,65.022 564.756,66.606 564.346,67.663 C563.803,69.06 563.154,70.057 562.106,71.106 C561.058,72.155 560.06,72.803 558.662,73.347 C557.607,73.757 556.021,74.244 553.102,74.378 C549.944,74.521 548.997,74.552 541,74.552 C533.003,74.552 532.056,74.521 528.898,74.378 C525.979,74.244 524.393,73.757 523.338,73.347 C521.94,72.803 520.942,72.155 519.894,71.106 C518.846,70.057 518.197,69.06 517.654,67.663 C517.244,66.606 516.755,65.022 516.623,62.101 C516.479,58.943 516.448,57.996 516.448,50 C516.448,42.003 516.479,41.056 516.623,37.899 C516.755,34.978 517.244,33.391 517.654,32.338 C518.197,30.938 518.846,29.942 519.894,28.894 C520.942,27.846 521.94,27.196 523.338,26.654 C524.393,26.244 525.979,25.756 528.898,25.623 C532.057,25.479 533.004,25.448 541,25.448 C548.997,25.448 549.943,25.479 553.102,25.623 C556.021,25.756 557.607,26.244 558.662,26.654 C560.06,27.196 561.058,27.846 562.106,28.894 C563.154,29.942 563.803,30.938 564.346,32.338 C564.756,33.391 565.244,34.978 565.378,37.899 C565.522,41.056 565.552,42.003 565.552,50 C565.552,57.996 565.522,58.943 565.378,62.101 M570.82,37.631 C570.674,34.438 570.167,32.258 569.425,30.349 C568.659,28.377 567.633,26.702 565.965,25.035 C564.297,23.368 562.623,22.342 560.652,21.575 C558.743,20.834 556.562,20.326 553.369,20.18 C550.169,20.033 549.148,20 541,20 C532.853,20 531.831,20.033 528.631,20.18 C525.438,20.326 523.257,20.834 521.349,21.575 C519.376,22.342 517.703,23.368 516.035,25.035 C514.368,26.702 513.342,28.377 512.574,30.349 C511.834,32.258 511.326,34.438 511.181,37.631 C511.035,40.831 511,41.851 511,50 C511,58.147 511.035,59.17 511.181,62.369 C511.326,65.562 511.834,67.743 512.574,69.651 C513.342,71.625 514.368,73.296 516.035,74.965 C517.703,76.634 519.376,77.658 521.349,78.425 C523.257,79.167 525.438,79.673 528.631,79.82 C531.831,79.965 532.853,80.001 541,80.001 C549.148,80.001 550.169,79.965 553.369,79.82 C556.562,79.673 558.743,79.167 560.652,78.425 C562.623,77.658 564.297,76.634 565.965,74.965 C567.633,73.296 568.659,71.625 569.425,69.651 C570.167,67.743 570.674,65.562 570.82,62.369 C570.966,59.17 571,58.147 571,50 C571,41.851 570.966,40.831 570.82,37.631\"><\/path><\/g><\/g><\/g><\/svg><\/div><div style=\"padding-top: 8px;\"> <div style=\" color:#3897f0; font-family:Arial,sans-serif; font-size:14px; font-style:normal; font-weight:550; line-height:18px;\">Ver esta publicaci\u00f3n en Instagram<\/div><\/div><div style=\"padding: 12.5% 0;\"><\/div> <div style=\"display: flex; flex-direction: row; margin-bottom: 14px; align-items: center;\"><div> <div style=\"background-color: #F4F4F4; border-radius: 50%; height: 12.5px; width: 12.5px; transform: translateX(0px) translateY(7px);\"><\/div> <div style=\"background-color: #F4F4F4; height: 12.5px; transform: rotate(-45deg) translateX(3px) translateY(1px); width: 12.5px; flex-grow: 0; margin-right: 14px; margin-left: 2px;\"><\/div> <div style=\"background-color: #F4F4F4; border-radius: 50%; height: 12.5px; width: 12.5px; transform: translateX(9px) translateY(-18px);\"><\/div><\/div><div style=\"margin-left: 8px;\"> <div style=\" background-color: #F4F4F4; border-radius: 50%; flex-grow: 0; height: 20px; width: 20px;\"><\/div> <div style=\" width: 0; height: 0; border-top: 2px solid transparent; border-left: 6px solid #f4f4f4; border-bottom: 2px solid transparent; transform: translateX(16px) translateY(-4px) rotate(30deg)\"><\/div><\/div><div style=\"margin-left: auto;\"> <div style=\" width: 0px; border-top: 8px solid #F4F4F4; border-right: 8px solid transparent; transform: translateY(16px);\"><\/div> <div style=\" background-color: #F4F4F4; flex-grow: 0; height: 12px; width: 16px; transform: translateY(-4px);\"><\/div> <div style=\" width: 0; height: 0; border-top: 8px solid #F4F4F4; border-left: 8px solid transparent; transform: translateY(-4px) translateX(8px);\"><\/div><\/div><\/div> <div style=\"display: flex; flex-direction: column; flex-grow: 1; justify-content: center; margin-bottom: 24px;\"> <div style=\" background-color: #F4F4F4; border-radius: 4px; flex-grow: 0; height: 14px; margin-bottom: 6px; width: 224px;\"><\/div> <div style=\" background-color: #F4F4F4; border-radius: 4px; flex-grow: 0; height: 14px; width: 144px;\"><\/div><\/div><\/a><p style=\" color:#c9c8cd; font-family:Arial,sans-serif; font-size:14px; line-height:17px; margin-bottom:0; margin-top:8px; overflow:hidden; padding:8px 0 7px; text-align:center; text-overflow:ellipsis; white-space:nowrap;\"><a href=\"https:\/\/www.instagram.com\/reel\/Dc08tAQC5cH\/?utm_source=ig_embed&amp;utm_campaign=loading\" style=\" color:#c9c8cd; font-family:Arial,sans-serif; font-size:14px; font-style:normal; font-weight:normal; line-height:17px; text-decoration:none;\" target=\"_blank\">Una publicaci\u00f3n compartida de Maylin Lega\u00f1oa (@mleganoat51)<\/a><\/p><\/div><\/blockquote>\n<script async src=\"\/\/www.instagram.com\/embed.js\"><\/script>\n\n\n\n<p class=\"wp-block-paragraph\">Aunque el artista no ha emitido declaraciones formales, su primera reacci\u00f3n p\u00fablica fue utilizar una historia de Instagram para apoyar a su colega, el pianista cubano Andy Garc\u00eda Palacios, arrestado el 15 de agosto en Los \u00c1ngeles bajo el argumento de tener su permiso vencido desde mayo de 2024. Ambos casos han generado gran consternaci\u00f3n, provocando reacciones de figuras emblem\u00e1ticas como Chucho Vald\u00e9s.<\/p>\n\n\n\n<figure class=\"wp-block-image size-large\"><img loading=\"lazy\" decoding=\"async\" width=\"572\" height=\"1024\" src=\"https:\/\/cdn1.mediawpaccore.net\/wp-content\/uploads\/2026\/09\/03133637\/Captura-de-pantalla-2026-09-03-a-las-19.28.53-572x1024.png\" alt=\"\" class=\"wp-image-256087\" srcset=\"https:\/\/cdn1.mediawpaccore.net\/wp-content\/uploads\/2026\/09\/03133637\/Captura-de-pantalla-2026-09-03-a-las-19.28.53-572x1024.png 572w, https:\/\/cdn1.mediawpaccore.net\/wp-content\/uploads\/2026\/09\/03133637\/Captura-de-pantalla-2026-09-03-a-las-19.28.53-168x300.png 168w, https:\/\/cdn1.mediawpaccore.net\/wp-content\/uploads\/2026\/09\/03133637\/Captura-de-pantalla-2026-09-03-a-las-19.28.53-768x1374.png 768w, https:\/\/cdn1.mediawpaccore.net\/wp-content\/uploads\/2026\/09\/03133637\/Captura-de-pantalla-2026-09-03-a-las-19.28.53-235x420.png 235w, https:\/\/cdn1.mediawpaccore.net\/wp-content\/uploads\/2026\/09\/03133637\/Captura-de-pantalla-2026-09-03-a-las-19.28.53-150x268.png 150w, https:\/\/cdn1.mediawpaccore.net\/wp-content\/uploads\/2026\/09\/03133637\/Captura-de-pantalla-2026-09-03-a-las-19.28.53-300x537.png 300w, https:\/\/cdn1.mediawpaccore.net\/wp-content\/uploads\/2026\/09\/03133637\/Captura-de-pantalla-2026-09-03-a-las-19.28.53-696x1245.png 696w, https:\/\/cdn1.mediawpaccore.net\/wp-content\/uploads\/2026\/09\/03133637\/Captura-de-pantalla-2026-09-03-a-las-19.28.53.png 806w\" sizes=\"auto, (max-width: 572px) 100vw, 572px\" \/><figcaption class=\"wp-element-caption\">Captura de pantalla historia de Instagram de Degnis Bofill<\/figcaption><\/figure>\n\n\n\n<p class=\"wp-block-paragraph\">El arresto de Bofill ocurri\u00f3 el 19 de agosto en el Aeropuerto Internacional de Miami, cuando regresaba de cumplir compromisos laborales en Nueva York. Seg\u00fan el organismo migratorio, el m\u00fasico no respet\u00f3 los t\u00e9rminos de su admisi\u00f3n legal de abril de 2023. <\/p>\n\n\n\n<p class=\"wp-block-paragraph\">Sin embargo, su abogado,  desminti\u00f3 esta versi\u00f3n aclarando que el artista entr\u00f3 con una visa J-1 y tramit\u00f3 su asilo pol\u00edtico a tiempo. \u00abCon un proceso pendiente de asilo no deber\u00eda haber ning\u00fan problema\u00bb, enfatiz\u00f3 el letrado, explicando que el requisito de abandonar el pa\u00eds por dos a\u00f1os que impone dicho visado puede ser evitado por razones pol\u00edticas o por estar casado con una residente estadounidense, como es el caso de Bofill con su esposa Mara Delgado.<\/p>\n\n\n\n<p class=\"wp-block-paragraph\">Durante el traslado del m\u00fasico desde las oficinas en Miramar hasta el Centro de Procesamiento de Krome North, su esposa organiz\u00f3 un GoFundMe para gastos legales que logr\u00f3 movilizar a m\u00e1s de 600 donantes, superando los 51.700 d\u00f3lares. \u00abDegnis no es solo mi pareja, mi pilar y mi sost\u00e9n. Es tambi\u00e9n un miembro muy querido de la comunidad musical de Miami: educador, fundador del grupo Golpes Libres y uno de los percusionistas m\u00e1s destacados de su generaci\u00f3n\u00bb, expres\u00f3 la esposa del m\u00fasico, nacido en Manzanillo en 1987 y galardonado en 2022 por el \u00e1lbum\u00a0<em>Ancestros Sinf\u00f3nico<\/em>.<\/p>\n\n\n\n<p class=\"wp-block-paragraph\">Este incidente se enmarca en <strong><a href=\"https:\/\/www.cuballama.com\/noticias\/el-doble-rasero-de-la-habana-exige-respeto-por-sus-musicos-presos-en-ee-uu-mientras-desaparece-a-sus-propios-artistas\/\" target=\"_blank\" rel=\"noreferrer noopener\">un contexto de endurecimiento migratorio bajo la administraci\u00f3n Trump<\/a><\/strong>. Cifras del Instituto Cato revelan que las detenciones de cubanos por parte de ICE se dispararon un 463% entre finales de 2024 y principios de 2026, dejando a m\u00e1s de 42.000 ciudadanos de la isla con \u00f3rdenes finales de deportaci\u00f3n.<\/p>\n","protected":false},"excerpt":{"rendered":"<p>El percusionista cubano y ganador del Latin Grammy, Degnis Bofill, fue liberado por ICE en Miami tras una intensa campa\u00f1a de apoyo.<\/p>\n","protected":false},"author":29,"featured_media":256086,"comment_status":"open","ping_status":"closed","sticky":false,"template":"","format":"standard","meta":{"_acf_changed":false,"footnotes":""},"categories":[18,11024],"tags":[37673,37674,10752,2978,24840,1450,27118,256,262,10376],"class_list":["post-256077","post","type-post","status-publish","format-standard","has-post-thumbnail","category-noticias","category-noticias-de-miami","tag-andy-garcia-palacios","tag-degnis-bofill","tag-farandula-cubana","tag-ice","tag-inmigracion-estados-unidos","tag-latin-grammy","tag-maylin-leganoa-2","tag-miami","tag-musicos-cubanos","tag-noticias-de-cuba"],"acf":[],"yoast_head":"<!-- This site is optimized with the Yoast SEO plugin v28.3 - https:\/\/yoast.com\/product\/yoast-seo-wordpress\/ -->\n<title>Percusionista cubano Degnis Bofill sale de custodia de ICE en Miami - Cuballama Noticias<\/title>\n<meta name=\"description\" content=\"El percusionista cubano y ganador del Latin Grammy, Degnis Bofill, fue liberado por ICE en Miami tras una intensa campa\u00f1a de apoyo.\" \/>\n<meta name=\"robots\" content=\"index, follow, max-snippet:-1, max-image-preview:large, max-video-preview:-1\" \/>\n<link rel=\"canonical\" href=\"https:\/\/www.cuballama.com\/noticias\/percusionista-cubano-degnis-bofill-sale-de-custodia-de-ice-en-miami\/\" \/>\n<meta property=\"og:locale\" content=\"es_ES\" \/>\n<meta property=\"og:type\" content=\"article\" \/>\n<meta property=\"og:title\" content=\"Percusionista cubano Degnis Bofill sale de custodia de ICE en Miami - Cuballama Noticias\" \/>\n<meta property=\"og:description\" content=\"El percusionista cubano y ganador del Latin Grammy, Degnis Bofill, fue liberado por ICE en Miami tras una intensa campa\u00f1a de apoyo.\" \/>\n<meta property=\"og:url\" content=\"https:\/\/www.cuballama.com\/noticias\/percusionista-cubano-degnis-bofill-sale-de-custodia-de-ice-en-miami\/\" \/>\n<meta property=\"og:site_name\" content=\"Cuballama Noticias\" \/>\n<meta property=\"article:publisher\" content=\"https:\/\/www.facebook.com\/CubaLlama\" \/>\n<meta property=\"article:published_time\" content=\"2026-09-03T17:42:42+00:00\" \/>\n<meta property=\"article:modified_time\" content=\"2026-09-03T17:42:45+00:00\" \/>\n<meta property=\"og:image\" content=\"https:\/\/cdn1.mediawpaccore.net\/wp-content\/uploads\/2026\/09\/03133618\/xxxxxccccccccddd-40-1024x576.png\" \/>\n\t<meta property=\"og:image:width\" content=\"1024\" \/>\n\t<meta property=\"og:image:height\" content=\"576\" \/>\n\t<meta property=\"og:image:type\" content=\"image\/png\" \/>\n<meta name=\"author\" content=\"Sof\u00eda Reyes\" \/>\n<meta name=\"twitter:card\" content=\"summary_large_image\" \/>\n<meta name=\"twitter:creator\" content=\"@cuballama\" \/>\n<meta name=\"twitter:site\" content=\"@cuballama\" \/>\n<meta name=\"twitter:label1\" content=\"Escrito por\" \/>\n\t<meta name=\"twitter:data1\" content=\"Sof\u00eda Reyes\" \/>\n\t<meta name=\"twitter:label2\" content=\"Tiempo de lectura\" \/>\n\t<meta name=\"twitter:data2\" content=\"3 minutos\" \/>\n<script type=\"application\/ld+json\" class=\"yoast-schema-graph\">{\"@context\":\"https:\\\/\\\/schema.org\",\"@graph\":[{\"@type\":\"Article\",\"@id\":\"https:\\\/\\\/www.cuballama.com\\\/noticias\\\/percusionista-cubano-degnis-bofill-sale-de-custodia-de-ice-en-miami\\\/#article\",\"isPartOf\":{\"@id\":\"https:\\\/\\\/www.cuballama.com\\\/noticias\\\/percusionista-cubano-degnis-bofill-sale-de-custodia-de-ice-en-miami\\\/\"},\"author\":{\"name\":\"Sof\u00eda Reyes\",\"@id\":\"https:\\\/\\\/www.cuballama.com\\\/noticias\\\/#\\\/schema\\\/person\\\/5cba2b8cc25a3159e49fe730a94d512e\"},\"headline\":\"Percusionista cubano Degnis Bofill sale de custodia de ICE en Miami\",\"datePublished\":\"2026-09-03T17:42:42+00:00\",\"dateModified\":\"2026-09-03T17:42:45+00:00\",\"mainEntityOfPage\":{\"@id\":\"https:\\\/\\\/www.cuballama.com\\\/noticias\\\/percusionista-cubano-degnis-bofill-sale-de-custodia-de-ice-en-miami\\\/\"},\"wordCount\":501,\"commentCount\":0,\"publisher\":{\"@id\":\"https:\\\/\\\/www.cuballama.com\\\/noticias\\\/#organization\"},\"image\":{\"@id\":\"https:\\\/\\\/www.cuballama.com\\\/noticias\\\/percusionista-cubano-degnis-bofill-sale-de-custodia-de-ice-en-miami\\\/#primaryimage\"},\"thumbnailUrl\":\"https:\\\/\\\/cdn1.mediawpaccore.net\\\/wp-content\\\/uploads\\\/2026\\\/09\\\/03133618\\\/xxxxxccccccccddd-40.png\",\"keywords\":[\"Andy Garc\u00eda Palacios\",\"Degnis Bofill\",\"Far\u00e1ndula cubana\",\"ICE\",\"inmigraci\u00f3n Estados Unidos\",\"Latin Grammy\",\"Maylin Lega\u00f1oa\",\"Miami\",\"M\u00fasicos cubanos\",\"Noticias de Cuba\"],\"articleSection\":[\"Noticias\",\"Noticias de Miami\"],\"inLanguage\":\"es\",\"potentialAction\":[{\"@type\":\"CommentAction\",\"name\":\"Comment\",\"target\":[\"https:\\\/\\\/www.cuballama.com\\\/noticias\\\/percusionista-cubano-degnis-bofill-sale-de-custodia-de-ice-en-miami\\\/#respond\"]}]},{\"@type\":\"WebPage\",\"@id\":\"https:\\\/\\\/www.cuballama.com\\\/noticias\\\/percusionista-cubano-degnis-bofill-sale-de-custodia-de-ice-en-miami\\\/\",\"url\":\"https:\\\/\\\/www.cuballama.com\\\/noticias\\\/percusionista-cubano-degnis-bofill-sale-de-custodia-de-ice-en-miami\\\/\",\"name\":\"Percusionista cubano Degnis Bofill sale de custodia de ICE en Miami - Cuballama Noticias\",\"isPartOf\":{\"@id\":\"https:\\\/\\\/www.cuballama.com\\\/noticias\\\/#website\"},\"primaryImageOfPage\":{\"@id\":\"https:\\\/\\\/www.cuballama.com\\\/noticias\\\/percusionista-cubano-degnis-bofill-sale-de-custodia-de-ice-en-miami\\\/#primaryimage\"},\"image\":{\"@id\":\"https:\\\/\\\/www.cuballama.com\\\/noticias\\\/percusionista-cubano-degnis-bofill-sale-de-custodia-de-ice-en-miami\\\/#primaryimage\"},\"thumbnailUrl\":\"https:\\\/\\\/cdn1.mediawpaccore.net\\\/wp-content\\\/uploads\\\/2026\\\/09\\\/03133618\\\/xxxxxccccccccddd-40.png\",\"datePublished\":\"2026-09-03T17:42:42+00:00\",\"dateModified\":\"2026-09-03T17:42:45+00:00\",\"description\":\"El percusionista cubano y ganador del Latin Grammy, Degnis Bofill, fue liberado por ICE en Miami tras una intensa campa\u00f1a de apoyo.\",\"breadcrumb\":{\"@id\":\"https:\\\/\\\/www.cuballama.com\\\/noticias\\\/percusionista-cubano-degnis-bofill-sale-de-custodia-de-ice-en-miami\\\/#breadcrumb\"},\"inLanguage\":\"es\",\"potentialAction\":[{\"@type\":\"ReadAction\",\"target\":[\"https:\\\/\\\/www.cuballama.com\\\/noticias\\\/percusionista-cubano-degnis-bofill-sale-de-custodia-de-ice-en-miami\\\/\"]}]},{\"@type\":\"ImageObject\",\"inLanguage\":\"es\",\"@id\":\"https:\\\/\\\/www.cuballama.com\\\/noticias\\\/percusionista-cubano-degnis-bofill-sale-de-custodia-de-ice-en-miami\\\/#primaryimage\",\"url\":\"https:\\\/\\\/cdn1.mediawpaccore.net\\\/wp-content\\\/uploads\\\/2026\\\/09\\\/03133618\\\/xxxxxccccccccddd-40.png\",\"contentUrl\":\"https:\\\/\\\/cdn1.mediawpaccore.net\\\/wp-content\\\/uploads\\\/2026\\\/09\\\/03133618\\\/xxxxxccccccccddd-40.png\",\"width\":1920,\"height\":1080,\"caption\":\"Foto tomada del perfil de Instagram de Degnis Bofill\"},{\"@type\":\"BreadcrumbList\",\"@id\":\"https:\\\/\\\/www.cuballama.com\\\/noticias\\\/percusionista-cubano-degnis-bofill-sale-de-custodia-de-ice-en-miami\\\/#breadcrumb\",\"itemListElement\":[{\"@type\":\"ListItem\",\"position\":1,\"name\":\"Home\",\"item\":\"https:\\\/\\\/www.cuballama.com\\\/noticias\\\/\"},{\"@type\":\"ListItem\",\"position\":2,\"name\":\"Percusionista cubano Degnis Bofill sale de custodia de ICE en Miami\"}]},{\"@type\":\"WebSite\",\"@id\":\"https:\\\/\\\/www.cuballama.com\\\/noticias\\\/#website\",\"url\":\"https:\\\/\\\/www.cuballama.com\\\/noticias\\\/\",\"name\":\"Cuballama Noticias\",\"description\":\"Medio digital sobre Cuba y el mundo\",\"publisher\":{\"@id\":\"https:\\\/\\\/www.cuballama.com\\\/noticias\\\/#organization\"},\"potentialAction\":[{\"@type\":\"SearchAction\",\"target\":{\"@type\":\"EntryPoint\",\"urlTemplate\":\"https:\\\/\\\/www.cuballama.com\\\/noticias\\\/?s={search_term_string}\"},\"query-input\":{\"@type\":\"PropertyValueSpecification\",\"valueRequired\":true,\"valueName\":\"search_term_string\"}}],\"inLanguage\":\"es\"},{\"@type\":\"Organization\",\"@id\":\"https:\\\/\\\/www.cuballama.com\\\/noticias\\\/#organization\",\"name\":\"Cuballama\",\"url\":\"https:\\\/\\\/www.cuballama.com\\\/noticias\\\/\",\"logo\":{\"@type\":\"ImageObject\",\"inLanguage\":\"es\",\"@id\":\"https:\\\/\\\/www.cuballama.com\\\/noticias\\\/#\\\/schema\\\/logo\\\/image\\\/\",\"url\":\"https:\\\/\\\/cdn1.mediawpaccore.net\\\/wp-content\\\/uploads\\\/2021\\\/12\\\/28171206\\\/cbll-logo-color-sm.png\",\"contentUrl\":\"https:\\\/\\\/cdn1.mediawpaccore.net\\\/wp-content\\\/uploads\\\/2021\\\/12\\\/28171206\\\/cbll-logo-color-sm.png\",\"width\":600,\"height\":133,\"caption\":\"Cuballama\"},\"image\":{\"@id\":\"https:\\\/\\\/www.cuballama.com\\\/noticias\\\/#\\\/schema\\\/logo\\\/image\\\/\"},\"sameAs\":[\"https:\\\/\\\/www.facebook.com\\\/CubaLlama\",\"https:\\\/\\\/x.com\\\/cuballama\",\"https:\\\/\\\/www.instagram.com\\\/stories\\\/cuballama_oficial\\\/\",\"https:\\\/\\\/www.youtube.com\\\/channel\\\/UCKkFE-d_axENGZcrc4as0IA\"]},{\"@type\":\"Person\",\"@id\":\"https:\\\/\\\/www.cuballama.com\\\/noticias\\\/#\\\/schema\\\/person\\\/5cba2b8cc25a3159e49fe730a94d512e\",\"name\":\"Sof\u00eda Reyes\",\"url\":\"https:\\\/\\\/www.cuballama.com\\\/noticias\\\/author\\\/laura\\\/\"}]}<\/script>\n<!-- \/ Yoast SEO plugin. -->","yoast_head_json":{"title":"Percusionista cubano Degnis Bofill sale de custodia de ICE en Miami - Cuballama Noticias","description":"El percusionista cubano y ganador del Latin Grammy, Degnis Bofill, fue liberado por ICE en Miami tras una intensa campa\u00f1a de apoyo.","robots":{"index":"index","follow":"follow","max-snippet":"max-snippet:-1","max-image-preview":"max-image-preview:large","max-video-preview":"max-video-preview:-1"},"canonical":"https:\/\/www.cuballama.com\/noticias\/percusionista-cubano-degnis-bofill-sale-de-custodia-de-ice-en-miami\/","og_locale":"es_ES","og_type":"article","og_title":"Percusionista cubano Degnis Bofill sale de custodia de ICE en Miami - Cuballama Noticias","og_description":"El percusionista cubano y ganador del Latin Grammy, Degnis Bofill, fue liberado por ICE en Miami tras una intensa campa\u00f1a de apoyo.","og_url":"https:\/\/www.cuballama.com\/noticias\/percusionista-cubano-degnis-bofill-sale-de-custodia-de-ice-en-miami\/","og_site_name":"Cuballama Noticias","article_publisher":"https:\/\/www.facebook.com\/CubaLlama","article_published_time":"2026-09-03T17:42:42+00:00","article_modified_time":"2026-09-03T17:42:45+00:00","og_image":[{"width":1024,"height":576,"url":"https:\/\/cdn1.mediawpaccore.net\/wp-content\/uploads\/2026\/09\/03133618\/xxxxxccccccccddd-40-1024x576.png","type":"image\/png"}],"author":"Sof\u00eda Reyes","twitter_card":"summary_large_image","twitter_creator":"@cuballama","twitter_site":"@cuballama","twitter_misc":{"Escrito por":"Sof\u00eda Reyes","Tiempo de lectura":"3 minutos"},"schema":{"@context":"https:\/\/schema.org","@graph":[{"@type":"Article","@id":"https:\/\/www.cuballama.com\/noticias\/percusionista-cubano-degnis-bofill-sale-de-custodia-de-ice-en-miami\/#article","isPartOf":{"@id":"https:\/\/www.cuballama.com\/noticias\/percusionista-cubano-degnis-bofill-sale-de-custodia-de-ice-en-miami\/"},"author":{"name":"Sof\u00eda Reyes","@id":"https:\/\/www.cuballama.com\/noticias\/#\/schema\/person\/5cba2b8cc25a3159e49fe730a94d512e"},"headline":"Percusionista cubano Degnis Bofill sale de custodia de ICE en Miami","datePublished":"2026-09-03T17:42:42+00:00","dateModified":"2026-09-03T17:42:45+00:00","mainEntityOfPage":{"@id":"https:\/\/www.cuballama.com\/noticias\/percusionista-cubano-degnis-bofill-sale-de-custodia-de-ice-en-miami\/"},"wordCount":501,"commentCount":0,"publisher":{"@id":"https:\/\/www.cuballama.com\/noticias\/#organization"},"image":{"@id":"https:\/\/www.cuballama.com\/noticias\/percusionista-cubano-degnis-bofill-sale-de-custodia-de-ice-en-miami\/#primaryimage"},"thumbnailUrl":"https:\/\/cdn1.mediawpaccore.net\/wp-content\/uploads\/2026\/09\/03133618\/xxxxxccccccccddd-40.png","keywords":["Andy Garc\u00eda Palacios","Degnis Bofill","Far\u00e1ndula cubana","ICE","inmigraci\u00f3n Estados Unidos","Latin Grammy","Maylin Lega\u00f1oa","Miami","M\u00fasicos cubanos","Noticias de Cuba"],"articleSection":["Noticias","Noticias de Miami"],"inLanguage":"es","potentialAction":[{"@type":"CommentAction","name":"Comment","target":["https:\/\/www.cuballama.com\/noticias\/percusionista-cubano-degnis-bofill-sale-de-custodia-de-ice-en-miami\/#respond"]}]},{"@type":"WebPage","@id":"https:\/\/www.cuballama.com\/noticias\/percusionista-cubano-degnis-bofill-sale-de-custodia-de-ice-en-miami\/","url":"https:\/\/www.cuballama.com\/noticias\/percusionista-cubano-degnis-bofill-sale-de-custodia-de-ice-en-miami\/","name":"Percusionista cubano Degnis Bofill sale de custodia de ICE en Miami - Cuballama Noticias","isPartOf":{"@id":"https:\/\/www.cuballama.com\/noticias\/#website"},"primaryImageOfPage":{"@id":"https:\/\/www.cuballama.com\/noticias\/percusionista-cubano-degnis-bofill-sale-de-custodia-de-ice-en-miami\/#primaryimage"},"image":{"@id":"https:\/\/www.cuballama.com\/noticias\/percusionista-cubano-degnis-bofill-sale-de-custodia-de-ice-en-miami\/#primaryimage"},"thumbnailUrl":"https:\/\/cdn1.mediawpaccore.net\/wp-content\/uploads\/2026\/09\/03133618\/xxxxxccccccccddd-40.png","datePublished":"2026-09-03T17:42:42+00:00","dateModified":"2026-09-03T17:42:45+00:00","description":"El percusionista cubano y ganador del Latin Grammy, Degnis Bofill, fue liberado por ICE en Miami tras una intensa campa\u00f1a de apoyo.","breadcrumb":{"@id":"https:\/\/www.cuballama.com\/noticias\/percusionista-cubano-degnis-bofill-sale-de-custodia-de-ice-en-miami\/#breadcrumb"},"inLanguage":"es","potentialAction":[{"@type":"ReadAction","target":["https:\/\/www.cuballama.com\/noticias\/percusionista-cubano-degnis-bofill-sale-de-custodia-de-ice-en-miami\/"]}]},{"@type":"ImageObject","inLanguage":"es","@id":"https:\/\/www.cuballama.com\/noticias\/percusionista-cubano-degnis-bofill-sale-de-custodia-de-ice-en-miami\/#primaryimage","url":"https:\/\/cdn1.mediawpaccore.net\/wp-content\/uploads\/2026\/09\/03133618\/xxxxxccccccccddd-40.png","contentUrl":"https:\/\/cdn1.mediawpaccore.net\/wp-content\/uploads\/2026\/09\/03133618\/xxxxxccccccccddd-40.png","width":1920,"height":1080,"caption":"Foto tomada del perfil de Instagram de Degnis Bofill"},{"@type":"BreadcrumbList","@id":"https:\/\/www.cuballama.com\/noticias\/percusionista-cubano-degnis-bofill-sale-de-custodia-de-ice-en-miami\/#breadcrumb","itemListElement":[{"@type":"ListItem","position":1,"name":"Home","item":"https:\/\/www.cuballama.com\/noticias\/"},{"@type":"ListItem","position":2,"name":"Percusionista cubano Degnis Bofill sale de custodia de ICE en Miami"}]},{"@type":"WebSite","@id":"https:\/\/www.cuballama.com\/noticias\/#website","url":"https:\/\/www.cuballama.com\/noticias\/","name":"Cuballama Noticias","description":"Medio digital sobre Cuba y el mundo","publisher":{"@id":"https:\/\/www.cuballama.com\/noticias\/#organization"},"potentialAction":[{"@type":"SearchAction","target":{"@type":"EntryPoint","urlTemplate":"https:\/\/www.cuballama.com\/noticias\/?s={search_term_string}"},"query-input":{"@type":"PropertyValueSpecification","valueRequired":true,"valueName":"search_term_string"}}],"inLanguage":"es"},{"@type":"Organization","@id":"https:\/\/www.cuballama.com\/noticias\/#organization","name":"Cuballama","url":"https:\/\/www.cuballama.com\/noticias\/","logo":{"@type":"ImageObject","inLanguage":"es","@id":"https:\/\/www.cuballama.com\/noticias\/#\/schema\/logo\/image\/","url":"https:\/\/cdn1.mediawpaccore.net\/wp-content\/uploads\/2021\/12\/28171206\/cbll-logo-color-sm.png","contentUrl":"https:\/\/cdn1.mediawpaccore.net\/wp-content\/uploads\/2021\/12\/28171206\/cbll-logo-color-sm.png","width":600,"height":133,"caption":"Cuballama"},"image":{"@id":"https:\/\/www.cuballama.com\/noticias\/#\/schema\/logo\/image\/"},"sameAs":["https:\/\/www.facebook.com\/CubaLlama","https:\/\/x.com\/cuballama","https:\/\/www.instagram.com\/stories\/cuballama_oficial\/","https:\/\/www.youtube.com\/channel\/UCKkFE-d_axENGZcrc4as0IA"]},{"@type":"Person","@id":"https:\/\/www.cuballama.com\/noticias\/#\/schema\/person\/5cba2b8cc25a3159e49fe730a94d512e","name":"Sof\u00eda Reyes","url":"https:\/\/www.cuballama.com\/noticias\/author\/laura\/"}]}},"_links":{"self":[{"href":"https:\/\/www.cuballama.com\/noticias\/wp-json\/wp\/v2\/posts\/256077","targetHints":{"allow":["GET"]}}],"collection":[{"href":"https:\/\/www.cuballama.com\/noticias\/wp-json\/wp\/v2\/posts"}],"about":[{"href":"https:\/\/www.cuballama.com\/noticias\/wp-json\/wp\/v2\/types\/post"}],"author":[{"embeddable":true,"href":"https:\/\/www.cuballama.com\/noticias\/wp-json\/wp\/v2\/users\/29"}],"replies":[{"embeddable":true,"href":"https:\/\/www.cuballama.com\/noticias\/wp-json\/wp\/v2\/comments?post=256077"}],"version-history":[{"count":3,"href":"https:\/\/www.cuballama.com\/noticias\/wp-json\/wp\/v2\/posts\/256077\/revisions"}],"predecessor-version":[{"id":256089,"href":"https:\/\/www.cuballama.com\/noticias\/wp-json\/wp\/v2\/posts\/256077\/revisions\/256089"}],"wp:featuredmedia":[{"embeddable":true,"href":"https:\/\/www.cuballama.com\/noticias\/wp-json\/wp\/v2\/media\/256086"}],"wp:attachment":[{"href":"https:\/\/www.cuballama.com\/noticias\/wp-json\/wp\/v2\/media?parent=256077"}],"wp:term":[{"taxonomy":"category","embeddable":true,"href":"https:\/\/www.cuballama.com\/noticias\/wp-json\/wp\/v2\/categories?post=256077"},{"taxonomy":"post_tag","embeddable":true,"href":"https:\/\/www.cuballama.com\/noticias\/wp-json\/wp\/v2\/tags?post=256077"}],"curies":[{"name":"wp","href":"https:\/\/api.w.org\/{rel}","templated":true}]}}