{"id":256062,"date":"2026-09-03T12:25:34","date_gmt":"2026-09-03T16:25:34","guid":{"rendered":"https:\/\/www.cuballama.com\/noticias\/?p=256062"},"modified":"2026-09-03T12:25:37","modified_gmt":"2026-09-03T16:25:37","slug":"influencer-cubano-bryan-el-vaquero-revela-el-descuido-por-el-que-termino-en-el-hospital","status":"publish","type":"post","link":"https:\/\/www.cuballama.com\/noticias\/influencer-cubano-bryan-el-vaquero-revela-el-descuido-por-el-que-termino-en-el-hospital\/","title":{"rendered":"Influencer cubano Bryan El Vaquero revela el descuido por el que termin\u00f3 en el hospital"},"content":{"rendered":"\n<p class=\"wp-block-paragraph\">El influencer cubano Bryan Batista, conocido en las redes sociales como Soy Vaquero o simplemente \u201cEl Vaquero\u201d, finalmente explic\u00f3 el problema de salud que lo llev\u00f3 recientemente a recibir atenci\u00f3n de urgencia en un hospital de Florida.<\/p>\n\n\n\n<p class=\"wp-block-paragraph\">Batista asegur\u00f3 que sufri\u00f3 una infecci\u00f3n en la garganta despu\u00e9s de exponerse reiteradamente al polvo, aserr\u00edn y residuos de los caballos mientras limpiaba los establos de su rancho sin utilizar mascarilla, guantes u otros medios de protecci\u00f3n.<\/p>\n\n\n\n<p class=\"wp-block-paragraph\">La explicaci\u00f3n llega pocos d\u00edas despu\u00e9s de que <a href=\"https:\/\/www.cuballama.com\/noticias\/influencer-cubano-bryan-el-vaquero-aparece-hospitalizado-de-urgencia-junto-a-su-madre\/\" target=\"_blank\" rel=\"noreferrer noopener\">el creador de contenido apareciera hospitalizado junto a su madre<\/a>, unas im\u00e1genes que preocuparon a sus seguidores debido a que inicialmente no explic\u00f3 qu\u00e9 le hab\u00eda sucedido.<\/p>\n\n\n\n<p class=\"wp-block-paragraph\">Batista cont\u00f3 ahora en Facebook que comenz\u00f3 a presentar una inflamaci\u00f3n en el cuello que inicialmente relacionaron con un incidente ocurrido d\u00edas antes con un toro. Sin embargo, posteriormente descubri\u00f3 que el animal aparentemente no ten\u00eda relaci\u00f3n con el cuadro que lo llev\u00f3 a urgencias.<\/p>\n\n\n\n<iframe loading=\"lazy\" src=\"https:\/\/www.facebook.com\/plugins\/post.php?href=https%3A%2F%2Fwww.facebook.com%2Fbatistabryan%2Fposts%2Fpfbid0itSkDZKxd1xKR5PfWBAhdzFVJ1VSsvT9SpL8VAh9LHEYivEJkJCRWAxrfJDD4S7ml&#038;show_text=true&#038;width=500\" width=\"500\" height=\"725\" style=\"border:none;overflow:hidden\" scrolling=\"no\" frameborder=\"0\" allowfullscreen=\"true\" allow=\"autoplay; clipboard-write; encrypted-media; picture-in-picture; web-share\"><\/iframe>\n\n\n\n<p class=\"wp-block-paragraph\">Seg\u00fan relat\u00f3, padeci\u00f3 fiebre elevada, aumento de la presi\u00f3n, adormecimiento en las manos y sensaci\u00f3n de tener los o\u00eddos tapados, s\u00edntomas que calific\u00f3 como algo que nunca antes hab\u00eda experimentado. El influencer considera que la infecci\u00f3n estuvo relacionada con sus nuevas labores en el campo y, espec\u00edficamente, con haber limpiado los establos sin protegerse adecuadamente de las part\u00edculas que permanecen suspendidas en el aire.<\/p>\n\n\n\n<p class=\"wp-block-paragraph\">\u201cUna cosa m\u00e1s para aprender de la vida del rancho\u201d, resumi\u00f3 Batista al referirse al episodio, que parece haber quedado como una nueva lecci\u00f3n dentro de su transformaci\u00f3n de influencer urbano a propietario de una finca.<\/p>\n\n\n\n<h2 class=\"wp-block-heading\">Los riesgos de trabajar entre caballos y establos sin protecci\u00f3n<\/h2>\n\n\n\n<p class=\"wp-block-paragraph\">Aunque no se ha hecho p\u00fablico un informe m\u00e9dico que establezca espec\u00edficamente cu\u00e1l fue el agente responsable de la infecci\u00f3n de Batista, los riesgos respiratorios descritos por el cubano coinciden con peligros conocidos en este tipo de ambientes.<\/p>\n\n\n\n<p class=\"wp-block-paragraph\">El Instituto Nacional para la Seguridad y Salud Ocupacional de Estados Unidos (NIOSH) ha advertido que el polvo presente en los establos de caballos puede contener aserr\u00edn, bacterias, moho, caspa de animales y otras part\u00edculas capaces de afectar las v\u00edas respiratorias. Por ello, organismos especializados recomiendan medidas destinadas a reducir la inhalaci\u00f3n de ese material, incluido el empleo adecuado de protecci\u00f3n respiratoria cuando existe una exposici\u00f3n significativa. <\/p>\n\n\n\n<p class=\"wp-block-paragraph\">El propio Batista reconoci\u00f3 que realizaba sus labores sin mascarilla ni guantes y se\u00f1al\u00f3 que hab\u00eda estado respirando repetidamente el material generado mientras limpiaba los establos. No obstante, su conclusi\u00f3n sobre el origen exacto del problema debe entenderse como el relato ofrecido por \u00e9l y no como un diagn\u00f3stico m\u00e9dico divulgado p\u00fablicamente.<\/p>\n\n\n\n<h2 class=\"wp-block-heading\">Bryan Batista cambi\u00f3 Miami por un rancho en Sarasota<\/h2>\n\n\n\n<p class=\"wp-block-paragraph\">El episodio ocurre apenas unos meses despu\u00e9s de que Bryan Batista decidiera transformar por completo su estilo de vida. En junio pasado abandon\u00f3 Miami para establecerse en un rancho de aproximadamente 5.2 acres en Sarasota, Florida, donde comenz\u00f3 a criar animales y aprender actividades vinculadas con la vida ganadera.<\/p>\n\n\n\n<p class=\"wp-block-paragraph\">La decisi\u00f3n convirti\u00f3 en realidad el personaje de \u201cEl Vaquero\u201d que desde hac\u00eda tiempo utilizaba en sus plataformas digitales. Desde entonces, sus publicaciones muestran caballos, vacas, labores de mantenimiento y su entrenamiento en actividades como el roping.<\/p>\n\n\n\n<iframe loading=\"lazy\" src=\"https:\/\/www.facebook.com\/plugins\/post.php?href=https%3A%2F%2Fwww.facebook.com%2Fbatistabryan%2Fposts%2Fpfbid02pmj3SuccBYN62sFEYsocVY5f9zntkJkisA9tKSM8i4uTGqXBEdT1r8TPc3NnA5utl&#038;show_text=true&#038;width=500\" width=\"500\" height=\"645\" style=\"border:none;overflow:hidden\" scrolling=\"no\" frameborder=\"0\" allowfullscreen=\"true\" allow=\"autoplay; clipboard-write; encrypted-media; picture-in-picture; web-share\"><\/iframe>\n\n\n\n<p class=\"wp-block-paragraph\">La nueva etapa contrasta con la exposici\u00f3n medi\u00e1tica que alcanz\u00f3 anteriormente gracias a sus videos familiares, entre ellos <a href=\"https:\/\/www.cuballama.com\/noticias\/influencer-cubano-se-tatua-el-rostro-de-su-suegro-estadounidense\/\" target=\"_blank\" rel=\"noreferrer noopener\">el peculiar gesto de tatuarse el rostro de su suegro estadounidense<\/a>, y posteriormente con su participaci\u00f3n en El Rancho de Destino.<\/p>\n\n\n\n<p class=\"wp-block-paragraph\">Su paso por ese reality estuvo marcado por varios episodios pol\u00e9micos. En enero, <a href=\"https:\/\/www.cuballama.com\/noticias\/agreden-con-un-tartazo-a-influencer-cubano-el-vaquero-en-el-rancho-de-destino\/\" target=\"_blank\" rel=\"noreferrer noopener\">un enfrentamiento termin\u00f3 con un pastel lanzado directamente contra el rostro de El Vaquero<\/a>, y pocos d\u00edas despu\u00e9s Batista termin\u00f3 fuera de la competencia tras nuevas confrontaciones.<\/p>\n\n\n\n<p class=\"wp-block-paragraph\">Ahora, lejos de las c\u00e1maras del reality, el cubano contin\u00faa documentando su adaptaci\u00f3n a una vida mucho m\u00e1s cercana al campo. El reciente paso por el hospital, seg\u00fan admiti\u00f3 \u00e9l mismo, le dej\u00f3 adem\u00e1s una ense\u00f1anza bastante concreta: trabajar como un \u201cvaquero de verdad\u201d tambi\u00e9n implica tomar precauciones que hasta ahora hab\u00eda pasado por alto.<\/p>\n","protected":false},"excerpt":{"rendered":"<p>La explicaci\u00f3n llega pocos d\u00edas despu\u00e9s de que el creador de contenido apareciera hospitalizado junto a su madre<\/p>\n","protected":false},"author":27,"featured_media":256066,"comment_status":"open","ping_status":"closed","sticky":false,"template":"","format":"standard","meta":{"_acf_changed":false,"footnotes":""},"categories":[443],"tags":[10296,30099],"class_list":["post-256062","post","type-post","status-publish","format-standard","has-post-thumbnail","category-farandula","tag-influencer-cubano","tag-vaquero"],"acf":[],"yoast_head":"<!-- This site is optimized with the Yoast SEO plugin v28.3 - https:\/\/yoast.com\/product\/yoast-seo-wordpress\/ -->\n<title>Influencer cubano Bryan El Vaquero revela el descuido por el que termin\u00f3 en el hospital - Cuballama Noticias<\/title>\n<meta name=\"description\" content=\"El Vaquero finalmente explic\u00f3 el problema de salud que lo llev\u00f3 recientemente a recibir atenci\u00f3n de urgencia en un hospital\" \/>\n<meta name=\"robots\" content=\"index, follow, max-snippet:-1, max-image-preview:large, max-video-preview:-1\" \/>\n<link rel=\"canonical\" href=\"https:\/\/www.cuballama.com\/noticias\/influencer-cubano-bryan-el-vaquero-revela-el-descuido-por-el-que-termino-en-el-hospital\/\" \/>\n<meta property=\"og:locale\" content=\"es_ES\" \/>\n<meta property=\"og:type\" content=\"article\" \/>\n<meta property=\"og:title\" content=\"Influencer cubano Bryan El Vaquero revela el descuido por el que termin\u00f3 en el hospital - Cuballama Noticias\" \/>\n<meta property=\"og:description\" content=\"El Vaquero finalmente explic\u00f3 el problema de salud que lo llev\u00f3 recientemente a recibir atenci\u00f3n de urgencia en un hospital\" \/>\n<meta property=\"og:url\" content=\"https:\/\/www.cuballama.com\/noticias\/influencer-cubano-bryan-el-vaquero-revela-el-descuido-por-el-que-termino-en-el-hospital\/\" \/>\n<meta property=\"og:site_name\" content=\"Cuballama Noticias\" \/>\n<meta property=\"article:publisher\" content=\"https:\/\/www.facebook.com\/CubaLlama\" \/>\n<meta property=\"article:published_time\" content=\"2026-09-03T16:25:34+00:00\" \/>\n<meta property=\"article:modified_time\" content=\"2026-09-03T16:25:37+00:00\" \/>\n<meta property=\"og:image\" content=\"https:\/\/cdn1.mediawpaccore.net\/wp-content\/uploads\/2026\/09\/03121841\/Influencer-cubano-Bryan-El-Vaquero-revela-el-descuido-por-el-que-termino-en-el-hospital.jpeg\" \/>\n\t<meta property=\"og:image:width\" content=\"1878\" \/>\n\t<meta property=\"og:image:height\" content=\"1346\" \/>\n\t<meta property=\"og:image:type\" content=\"image\/jpeg\" \/>\n<meta name=\"author\" content=\"Rafa\" \/>\n<meta name=\"twitter:card\" content=\"summary_large_image\" \/>\n<meta name=\"twitter:creator\" content=\"@cuballama\" \/>\n<meta name=\"twitter:site\" content=\"@cuballama\" \/>\n<meta name=\"twitter:label1\" content=\"Escrito por\" \/>\n\t<meta name=\"twitter:data1\" content=\"Rafa\" \/>\n\t<meta name=\"twitter:label2\" content=\"Tiempo de lectura\" \/>\n\t<meta name=\"twitter:data2\" content=\"4 minutos\" \/>\n<script type=\"application\/ld+json\" class=\"yoast-schema-graph\">{\"@context\":\"https:\\\/\\\/schema.org\",\"@graph\":[{\"@type\":\"Article\",\"@id\":\"https:\\\/\\\/www.cuballama.com\\\/noticias\\\/influencer-cubano-bryan-el-vaquero-revela-el-descuido-por-el-que-termino-en-el-hospital\\\/#article\",\"isPartOf\":{\"@id\":\"https:\\\/\\\/www.cuballama.com\\\/noticias\\\/influencer-cubano-bryan-el-vaquero-revela-el-descuido-por-el-que-termino-en-el-hospital\\\/\"},\"author\":{\"name\":\"Rafa\",\"@id\":\"https:\\\/\\\/www.cuballama.com\\\/noticias\\\/#\\\/schema\\\/person\\\/0f97914526a658755f00e59ec2a832f2\"},\"headline\":\"Influencer cubano Bryan El Vaquero revela el descuido por el que termin\u00f3 en el hospital\",\"datePublished\":\"2026-09-03T16:25:34+00:00\",\"dateModified\":\"2026-09-03T16:25:37+00:00\",\"mainEntityOfPage\":{\"@id\":\"https:\\\/\\\/www.cuballama.com\\\/noticias\\\/influencer-cubano-bryan-el-vaquero-revela-el-descuido-por-el-que-termino-en-el-hospital\\\/\"},\"wordCount\":726,\"commentCount\":0,\"publisher\":{\"@id\":\"https:\\\/\\\/www.cuballama.com\\\/noticias\\\/#organization\"},\"image\":{\"@id\":\"https:\\\/\\\/www.cuballama.com\\\/noticias\\\/influencer-cubano-bryan-el-vaquero-revela-el-descuido-por-el-que-termino-en-el-hospital\\\/#primaryimage\"},\"thumbnailUrl\":\"https:\\\/\\\/cdn1.mediawpaccore.net\\\/wp-content\\\/uploads\\\/2026\\\/09\\\/03121841\\\/Influencer-cubano-Bryan-El-Vaquero-revela-el-descuido-por-el-que-termino-en-el-hospital.jpeg\",\"keywords\":[\"influencer cubano\",\"Vaquero\"],\"articleSection\":[\"Far\u00e1ndula\"],\"inLanguage\":\"es\",\"potentialAction\":[{\"@type\":\"CommentAction\",\"name\":\"Comment\",\"target\":[\"https:\\\/\\\/www.cuballama.com\\\/noticias\\\/influencer-cubano-bryan-el-vaquero-revela-el-descuido-por-el-que-termino-en-el-hospital\\\/#respond\"]}]},{\"@type\":\"WebPage\",\"@id\":\"https:\\\/\\\/www.cuballama.com\\\/noticias\\\/influencer-cubano-bryan-el-vaquero-revela-el-descuido-por-el-que-termino-en-el-hospital\\\/\",\"url\":\"https:\\\/\\\/www.cuballama.com\\\/noticias\\\/influencer-cubano-bryan-el-vaquero-revela-el-descuido-por-el-que-termino-en-el-hospital\\\/\",\"name\":\"Influencer cubano Bryan El Vaquero revela el descuido por el que termin\u00f3 en el hospital - Cuballama Noticias\",\"isPartOf\":{\"@id\":\"https:\\\/\\\/www.cuballama.com\\\/noticias\\\/#website\"},\"primaryImageOfPage\":{\"@id\":\"https:\\\/\\\/www.cuballama.com\\\/noticias\\\/influencer-cubano-bryan-el-vaquero-revela-el-descuido-por-el-que-termino-en-el-hospital\\\/#primaryimage\"},\"image\":{\"@id\":\"https:\\\/\\\/www.cuballama.com\\\/noticias\\\/influencer-cubano-bryan-el-vaquero-revela-el-descuido-por-el-que-termino-en-el-hospital\\\/#primaryimage\"},\"thumbnailUrl\":\"https:\\\/\\\/cdn1.mediawpaccore.net\\\/wp-content\\\/uploads\\\/2026\\\/09\\\/03121841\\\/Influencer-cubano-Bryan-El-Vaquero-revela-el-descuido-por-el-que-termino-en-el-hospital.jpeg\",\"datePublished\":\"2026-09-03T16:25:34+00:00\",\"dateModified\":\"2026-09-03T16:25:37+00:00\",\"description\":\"El Vaquero finalmente explic\u00f3 el problema de salud que lo llev\u00f3 recientemente a recibir atenci\u00f3n de urgencia en un hospital\",\"breadcrumb\":{\"@id\":\"https:\\\/\\\/www.cuballama.com\\\/noticias\\\/influencer-cubano-bryan-el-vaquero-revela-el-descuido-por-el-que-termino-en-el-hospital\\\/#breadcrumb\"},\"inLanguage\":\"es\",\"potentialAction\":[{\"@type\":\"ReadAction\",\"target\":[\"https:\\\/\\\/www.cuballama.com\\\/noticias\\\/influencer-cubano-bryan-el-vaquero-revela-el-descuido-por-el-que-termino-en-el-hospital\\\/\"]}]},{\"@type\":\"ImageObject\",\"inLanguage\":\"es\",\"@id\":\"https:\\\/\\\/www.cuballama.com\\\/noticias\\\/influencer-cubano-bryan-el-vaquero-revela-el-descuido-por-el-que-termino-en-el-hospital\\\/#primaryimage\",\"url\":\"https:\\\/\\\/cdn1.mediawpaccore.net\\\/wp-content\\\/uploads\\\/2026\\\/09\\\/03121841\\\/Influencer-cubano-Bryan-El-Vaquero-revela-el-descuido-por-el-que-termino-en-el-hospital.jpeg\",\"contentUrl\":\"https:\\\/\\\/cdn1.mediawpaccore.net\\\/wp-content\\\/uploads\\\/2026\\\/09\\\/03121841\\\/Influencer-cubano-Bryan-El-Vaquero-revela-el-descuido-por-el-que-termino-en-el-hospital.jpeg\",\"width\":1878,\"height\":1346,\"caption\":\"Influencer cubano Bryan El Vaquero revela el descuido por el que termin\u00f3 en el hospital (Foto: Bryan El Vaquero \\\/ Instagram)\"},{\"@type\":\"BreadcrumbList\",\"@id\":\"https:\\\/\\\/www.cuballama.com\\\/noticias\\\/influencer-cubano-bryan-el-vaquero-revela-el-descuido-por-el-que-termino-en-el-hospital\\\/#breadcrumb\",\"itemListElement\":[{\"@type\":\"ListItem\",\"position\":1,\"name\":\"Home\",\"item\":\"https:\\\/\\\/www.cuballama.com\\\/noticias\\\/\"},{\"@type\":\"ListItem\",\"position\":2,\"name\":\"Influencer cubano Bryan El Vaquero revela el descuido por el que termin\u00f3 en el hospital\"}]},{\"@type\":\"WebSite\",\"@id\":\"https:\\\/\\\/www.cuballama.com\\\/noticias\\\/#website\",\"url\":\"https:\\\/\\\/www.cuballama.com\\\/noticias\\\/\",\"name\":\"Cuballama Noticias\",\"description\":\"Medio digital sobre Cuba y el mundo\",\"publisher\":{\"@id\":\"https:\\\/\\\/www.cuballama.com\\\/noticias\\\/#organization\"},\"potentialAction\":[{\"@type\":\"SearchAction\",\"target\":{\"@type\":\"EntryPoint\",\"urlTemplate\":\"https:\\\/\\\/www.cuballama.com\\\/noticias\\\/?s={search_term_string}\"},\"query-input\":{\"@type\":\"PropertyValueSpecification\",\"valueRequired\":true,\"valueName\":\"search_term_string\"}}],\"inLanguage\":\"es\"},{\"@type\":\"Organization\",\"@id\":\"https:\\\/\\\/www.cuballama.com\\\/noticias\\\/#organization\",\"name\":\"Cuballama\",\"url\":\"https:\\\/\\\/www.cuballama.com\\\/noticias\\\/\",\"logo\":{\"@type\":\"ImageObject\",\"inLanguage\":\"es\",\"@id\":\"https:\\\/\\\/www.cuballama.com\\\/noticias\\\/#\\\/schema\\\/logo\\\/image\\\/\",\"url\":\"https:\\\/\\\/cdn1.mediawpaccore.net\\\/wp-content\\\/uploads\\\/2021\\\/12\\\/28171206\\\/cbll-logo-color-sm.png\",\"contentUrl\":\"https:\\\/\\\/cdn1.mediawpaccore.net\\\/wp-content\\\/uploads\\\/2021\\\/12\\\/28171206\\\/cbll-logo-color-sm.png\",\"width\":600,\"height\":133,\"caption\":\"Cuballama\"},\"image\":{\"@id\":\"https:\\\/\\\/www.cuballama.com\\\/noticias\\\/#\\\/schema\\\/logo\\\/image\\\/\"},\"sameAs\":[\"https:\\\/\\\/www.facebook.com\\\/CubaLlama\",\"https:\\\/\\\/x.com\\\/cuballama\",\"https:\\\/\\\/www.instagram.com\\\/stories\\\/cuballama_oficial\\\/\",\"https:\\\/\\\/www.youtube.com\\\/channel\\\/UCKkFE-d_axENGZcrc4as0IA\"]},{\"@type\":\"Person\",\"@id\":\"https:\\\/\\\/www.cuballama.com\\\/noticias\\\/#\\\/schema\\\/person\\\/0f97914526a658755f00e59ec2a832f2\",\"name\":\"Rafa\",\"url\":\"https:\\\/\\\/www.cuballama.com\\\/noticias\\\/author\\\/rafa\\\/\"}]}<\/script>\n<!-- \/ Yoast SEO plugin. -->","yoast_head_json":{"title":"Influencer cubano Bryan El Vaquero revela el descuido por el que termin\u00f3 en el hospital - Cuballama Noticias","description":"El Vaquero finalmente explic\u00f3 el problema de salud que lo llev\u00f3 recientemente a recibir atenci\u00f3n de urgencia en un hospital","robots":{"index":"index","follow":"follow","max-snippet":"max-snippet:-1","max-image-preview":"max-image-preview:large","max-video-preview":"max-video-preview:-1"},"canonical":"https:\/\/www.cuballama.com\/noticias\/influencer-cubano-bryan-el-vaquero-revela-el-descuido-por-el-que-termino-en-el-hospital\/","og_locale":"es_ES","og_type":"article","og_title":"Influencer cubano Bryan El Vaquero revela el descuido por el que termin\u00f3 en el hospital - Cuballama Noticias","og_description":"El Vaquero finalmente explic\u00f3 el problema de salud que lo llev\u00f3 recientemente a recibir atenci\u00f3n de urgencia en un hospital","og_url":"https:\/\/www.cuballama.com\/noticias\/influencer-cubano-bryan-el-vaquero-revela-el-descuido-por-el-que-termino-en-el-hospital\/","og_site_name":"Cuballama Noticias","article_publisher":"https:\/\/www.facebook.com\/CubaLlama","article_published_time":"2026-09-03T16:25:34+00:00","article_modified_time":"2026-09-03T16:25:37+00:00","og_image":[{"width":1878,"height":1346,"url":"https:\/\/cdn1.mediawpaccore.net\/wp-content\/uploads\/2026\/09\/03121841\/Influencer-cubano-Bryan-El-Vaquero-revela-el-descuido-por-el-que-termino-en-el-hospital.jpeg","type":"image\/jpeg"}],"author":"Rafa","twitter_card":"summary_large_image","twitter_creator":"@cuballama","twitter_site":"@cuballama","twitter_misc":{"Escrito por":"Rafa","Tiempo de lectura":"4 minutos"},"schema":{"@context":"https:\/\/schema.org","@graph":[{"@type":"Article","@id":"https:\/\/www.cuballama.com\/noticias\/influencer-cubano-bryan-el-vaquero-revela-el-descuido-por-el-que-termino-en-el-hospital\/#article","isPartOf":{"@id":"https:\/\/www.cuballama.com\/noticias\/influencer-cubano-bryan-el-vaquero-revela-el-descuido-por-el-que-termino-en-el-hospital\/"},"author":{"name":"Rafa","@id":"https:\/\/www.cuballama.com\/noticias\/#\/schema\/person\/0f97914526a658755f00e59ec2a832f2"},"headline":"Influencer cubano Bryan El Vaquero revela el descuido por el que termin\u00f3 en el hospital","datePublished":"2026-09-03T16:25:34+00:00","dateModified":"2026-09-03T16:25:37+00:00","mainEntityOfPage":{"@id":"https:\/\/www.cuballama.com\/noticias\/influencer-cubano-bryan-el-vaquero-revela-el-descuido-por-el-que-termino-en-el-hospital\/"},"wordCount":726,"commentCount":0,"publisher":{"@id":"https:\/\/www.cuballama.com\/noticias\/#organization"},"image":{"@id":"https:\/\/www.cuballama.com\/noticias\/influencer-cubano-bryan-el-vaquero-revela-el-descuido-por-el-que-termino-en-el-hospital\/#primaryimage"},"thumbnailUrl":"https:\/\/cdn1.mediawpaccore.net\/wp-content\/uploads\/2026\/09\/03121841\/Influencer-cubano-Bryan-El-Vaquero-revela-el-descuido-por-el-que-termino-en-el-hospital.jpeg","keywords":["influencer cubano","Vaquero"],"articleSection":["Far\u00e1ndula"],"inLanguage":"es","potentialAction":[{"@type":"CommentAction","name":"Comment","target":["https:\/\/www.cuballama.com\/noticias\/influencer-cubano-bryan-el-vaquero-revela-el-descuido-por-el-que-termino-en-el-hospital\/#respond"]}]},{"@type":"WebPage","@id":"https:\/\/www.cuballama.com\/noticias\/influencer-cubano-bryan-el-vaquero-revela-el-descuido-por-el-que-termino-en-el-hospital\/","url":"https:\/\/www.cuballama.com\/noticias\/influencer-cubano-bryan-el-vaquero-revela-el-descuido-por-el-que-termino-en-el-hospital\/","name":"Influencer cubano Bryan El Vaquero revela el descuido por el que termin\u00f3 en el hospital - Cuballama Noticias","isPartOf":{"@id":"https:\/\/www.cuballama.com\/noticias\/#website"},"primaryImageOfPage":{"@id":"https:\/\/www.cuballama.com\/noticias\/influencer-cubano-bryan-el-vaquero-revela-el-descuido-por-el-que-termino-en-el-hospital\/#primaryimage"},"image":{"@id":"https:\/\/www.cuballama.com\/noticias\/influencer-cubano-bryan-el-vaquero-revela-el-descuido-por-el-que-termino-en-el-hospital\/#primaryimage"},"thumbnailUrl":"https:\/\/cdn1.mediawpaccore.net\/wp-content\/uploads\/2026\/09\/03121841\/Influencer-cubano-Bryan-El-Vaquero-revela-el-descuido-por-el-que-termino-en-el-hospital.jpeg","datePublished":"2026-09-03T16:25:34+00:00","dateModified":"2026-09-03T16:25:37+00:00","description":"El Vaquero finalmente explic\u00f3 el problema de salud que lo llev\u00f3 recientemente a recibir atenci\u00f3n de urgencia en un hospital","breadcrumb":{"@id":"https:\/\/www.cuballama.com\/noticias\/influencer-cubano-bryan-el-vaquero-revela-el-descuido-por-el-que-termino-en-el-hospital\/#breadcrumb"},"inLanguage":"es","potentialAction":[{"@type":"ReadAction","target":["https:\/\/www.cuballama.com\/noticias\/influencer-cubano-bryan-el-vaquero-revela-el-descuido-por-el-que-termino-en-el-hospital\/"]}]},{"@type":"ImageObject","inLanguage":"es","@id":"https:\/\/www.cuballama.com\/noticias\/influencer-cubano-bryan-el-vaquero-revela-el-descuido-por-el-que-termino-en-el-hospital\/#primaryimage","url":"https:\/\/cdn1.mediawpaccore.net\/wp-content\/uploads\/2026\/09\/03121841\/Influencer-cubano-Bryan-El-Vaquero-revela-el-descuido-por-el-que-termino-en-el-hospital.jpeg","contentUrl":"https:\/\/cdn1.mediawpaccore.net\/wp-content\/uploads\/2026\/09\/03121841\/Influencer-cubano-Bryan-El-Vaquero-revela-el-descuido-por-el-que-termino-en-el-hospital.jpeg","width":1878,"height":1346,"caption":"Influencer cubano Bryan El Vaquero revela el descuido por el que termin\u00f3 en el hospital (Foto: Bryan El Vaquero \/ Instagram)"},{"@type":"BreadcrumbList","@id":"https:\/\/www.cuballama.com\/noticias\/influencer-cubano-bryan-el-vaquero-revela-el-descuido-por-el-que-termino-en-el-hospital\/#breadcrumb","itemListElement":[{"@type":"ListItem","position":1,"name":"Home","item":"https:\/\/www.cuballama.com\/noticias\/"},{"@type":"ListItem","position":2,"name":"Influencer cubano Bryan El Vaquero revela el descuido por el que termin\u00f3 en el hospital"}]},{"@type":"WebSite","@id":"https:\/\/www.cuballama.com\/noticias\/#website","url":"https:\/\/www.cuballama.com\/noticias\/","name":"Cuballama Noticias","description":"Medio digital sobre Cuba y el mundo","publisher":{"@id":"https:\/\/www.cuballama.com\/noticias\/#organization"},"potentialAction":[{"@type":"SearchAction","target":{"@type":"EntryPoint","urlTemplate":"https:\/\/www.cuballama.com\/noticias\/?s={search_term_string}"},"query-input":{"@type":"PropertyValueSpecification","valueRequired":true,"valueName":"search_term_string"}}],"inLanguage":"es"},{"@type":"Organization","@id":"https:\/\/www.cuballama.com\/noticias\/#organization","name":"Cuballama","url":"https:\/\/www.cuballama.com\/noticias\/","logo":{"@type":"ImageObject","inLanguage":"es","@id":"https:\/\/www.cuballama.com\/noticias\/#\/schema\/logo\/image\/","url":"https:\/\/cdn1.mediawpaccore.net\/wp-content\/uploads\/2021\/12\/28171206\/cbll-logo-color-sm.png","contentUrl":"https:\/\/cdn1.mediawpaccore.net\/wp-content\/uploads\/2021\/12\/28171206\/cbll-logo-color-sm.png","width":600,"height":133,"caption":"Cuballama"},"image":{"@id":"https:\/\/www.cuballama.com\/noticias\/#\/schema\/logo\/image\/"},"sameAs":["https:\/\/www.facebook.com\/CubaLlama","https:\/\/x.com\/cuballama","https:\/\/www.instagram.com\/stories\/cuballama_oficial\/","https:\/\/www.youtube.com\/channel\/UCKkFE-d_axENGZcrc4as0IA"]},{"@type":"Person","@id":"https:\/\/www.cuballama.com\/noticias\/#\/schema\/person\/0f97914526a658755f00e59ec2a832f2","name":"Rafa","url":"https:\/\/www.cuballama.com\/noticias\/author\/rafa\/"}]}},"_links":{"self":[{"href":"https:\/\/www.cuballama.com\/noticias\/wp-json\/wp\/v2\/posts\/256062","targetHints":{"allow":["GET"]}}],"collection":[{"href":"https:\/\/www.cuballama.com\/noticias\/wp-json\/wp\/v2\/posts"}],"about":[{"href":"https:\/\/www.cuballama.com\/noticias\/wp-json\/wp\/v2\/types\/post"}],"author":[{"embeddable":true,"href":"https:\/\/www.cuballama.com\/noticias\/wp-json\/wp\/v2\/users\/27"}],"replies":[{"embeddable":true,"href":"https:\/\/www.cuballama.com\/noticias\/wp-json\/wp\/v2\/comments?post=256062"}],"version-history":[{"count":1,"href":"https:\/\/www.cuballama.com\/noticias\/wp-json\/wp\/v2\/posts\/256062\/revisions"}],"predecessor-version":[{"id":256067,"href":"https:\/\/www.cuballama.com\/noticias\/wp-json\/wp\/v2\/posts\/256062\/revisions\/256067"}],"wp:featuredmedia":[{"embeddable":true,"href":"https:\/\/www.cuballama.com\/noticias\/wp-json\/wp\/v2\/media\/256066"}],"wp:attachment":[{"href":"https:\/\/www.cuballama.com\/noticias\/wp-json\/wp\/v2\/media?parent=256062"}],"wp:term":[{"taxonomy":"category","embeddable":true,"href":"https:\/\/www.cuballama.com\/noticias\/wp-json\/wp\/v2\/categories?post=256062"},{"taxonomy":"post_tag","embeddable":true,"href":"https:\/\/www.cuballama.com\/noticias\/wp-json\/wp\/v2\/tags?post=256062"}],"curies":[{"name":"wp","href":"https:\/\/api.w.org\/{rel}","templated":true}]}}