{"id":256032,"date":"2026-09-06T15:16:06","date_gmt":"2026-09-06T19:16:06","guid":{"rendered":"https:\/\/www.cuballama.com\/noticias\/?p=256032"},"modified":"2026-09-06T15:16:12","modified_gmt":"2026-09-06T19:16:12","slug":"alejandra-guzman-presenta-los-que-nos-quedamos-tour-en-honor-a-silvia-pinal","status":"publish","type":"post","link":"https:\/\/www.cuballama.com\/noticias\/alejandra-guzman-presenta-los-que-nos-quedamos-tour-en-honor-a-silvia-pinal\/","title":{"rendered":"Alejandra Guzm\u00e1n presenta \u00abLos que nos quedamos Tour\u00bb en honor a Silvia Pinal"},"content":{"rendered":"\n<h2 class=\"wp-block-heading\">Casi dos a\u00f1os despu\u00e9s de la muerte de Silvia Pinal, Alejandra Guzm\u00e1n rinde homenaje a su madre con una gira conmovedora y recorre M\u00e9xico con una gira que lleva el nombre de la canci\u00f3n que le dedic\u00f3 a su madre. <\/h2>\n\n\n\n<p class=\"wp-block-paragraph\">La reconocida cantante Alejandra Guzm\u00e1n ha dado un paso significativo en su carrera con el lanzamiento de \u00abLos que nos quedamos Tour\u00bb, una gira que no solo resalta su talento musical, sino que tambi\u00e9n es un emotivo homenaje a su madre, la ic\u00f3nica actriz Silvia Pinal, fallecida en noviembre de 2024. Seg\u00fan comentaron en el programa \u00abEl Gordo y la Flaca\u00bb, esta gira tiene un significado muy especial para la artista, ya que lleva el nombre de una canci\u00f3n que dedic\u00f3 a su madre, reflejando el profundo amor y respeto que siente hacia ella.<\/p>\n\n\n\n<p class=\"wp-block-paragraph\">Durante la conversaci\u00f3n en el programa, Guzm\u00e1n comparti\u00f3 c\u00f3mo ha sido el recibimiento de su gira por parte de sus seguidores. La artista expres\u00f3 que siente que el p\u00fablico que admira a su madre tambi\u00e9n ha seguido su carrera desde sus inicios, lo que convierte este homenaje en un lazo a\u00fan m\u00e1s fuerte entre ella y su audiencia. \u00abEse es el mejor homenaje y el mejor luto que puedo hacer con mi dolor\u00bb, coment\u00f3 Guzm\u00e1n, aludiendo a la conexi\u00f3n emocional que tiene con sus fans y el legado de su madre.<\/p>\n\n\n\n<p class=\"wp-block-paragraph\">El tour no solo es una celebraci\u00f3n de la vida y carrera de Silvia Pinal, sino que tambi\u00e9n representa un proceso de sanaci\u00f3n para Alejandra. La artista ha enfrentado momentos dif\u00edciles en su vida personal y profesional, y esta gira parece ser una forma de canalizar su dolor y transformarlo en arte. \u00abLos que nos quedamos Tour 2026\u00bb arranc\u00f3 el 27 de julio en Durango y est\u00e1 previsto que concluya el 12 de diciembre en Monterrey, con una fecha destacada el 27 de noviembre en la Arena Ciudad de M\u00e9xico.<\/p>\n\n\n\n<p class=\"wp-block-paragraph\">Adem\u00e1s, la gira incluye una selecci\u00f3n de los grandes \u00e9xitos de Guzm\u00e1n, as\u00ed como tributos a las memorables actuaciones de Silvia Pinal. Los fans pueden esperar un espect\u00e1culo que combine nostalgia, emoci\u00f3n y la energ\u00eda caracter\u00edstica de la cantante. La gira se perfila como un evento imperdible para aquellos que han seguido la trayectoria de ambas artistas a lo largo de los a\u00f1os.<\/p>\n\n\n\n<p class=\"wp-block-paragraph\">El programa tambi\u00e9n destac\u00f3 que, aunque el tour es un homenaje, tambi\u00e9n es un espacio para celebrar la vida y el legado de Silvia Pinal, quien ha dejado una huella imborrable en el mundo del entretenimiento en Iberoam\u00e9rica. La conexi\u00f3n entre madre e hija es palpable, y Guzm\u00e1n parece decidida a mantener vivo el esp\u00edritu de su madre a trav\u00e9s de su m\u00fasica y su arte.<\/p>\n\n\n\n<p class=\"wp-block-paragraph\"><\/p>\n\n\n\n<p class=\"wp-block-paragraph\">[FUENTES]<br>Canal &#8211; Univision, \u00abAlejandra Guzm\u00e1n habla de su gira en homenaje a su mam\u00e1 Silvia Pinal #ElGordoYLaFlaca\u00bb, <a href=\"https:\/\/www.youtube.com\/shorts\/EgTGWEPTDbI\">https:\/\/www.youtube.com\/shorts\/EgTGWEPTDbI<\/a><br>El Universal, \u00abAlejandra Guzm\u00e1n renace con gira tras la muerte de Silvia Pinal: &#8216;Vuelvo distinta, pero me siento m\u00e1s ligera'\u00bb, <a href=\"https:\/\/www.eluniversal.com.mx\/espectaculos\/alejandra-guzman-renace-con-gira-tras-la-muerte-de-silvia-pinal-vuelvo-distinta-pero-me-siento-mas-ligera\/\">https:\/\/www.eluniversal.com.mx\/espectaculos\/alejandra-guzman-renace-con-gira-tras-la-muerte-de-silvia-pinal-vuelvo-distinta-pero-me-siento-mas-ligera\/<\/a><\/p>\n\n\n\n<p class=\"wp-block-paragraph\"><\/p>\n\n\n\n<p class=\"wp-block-paragraph\"><\/p>\n\n\n\n<p class=\"wp-block-paragraph\"><\/p>\n\n\n\n<p class=\"wp-block-paragraph\"><\/p>\n\n\n\n<p class=\"wp-block-paragraph\"><\/p>\n","protected":false},"excerpt":{"rendered":"<p>La cantante Alejandra Guzm\u00e1n recorre M\u00e9xico con \u00abLos que nos quedamos Tour\u00bb, una gira que lleva el nombre de la canci\u00f3n que le dedic\u00f3 a su madre, la actriz Silvia Pinal, fallecida en noviembre de 2024. En el programa \u00abEl Gordo y la Flaca\u00bb, Guzm\u00e1n comparti\u00f3 el significado detr\u00e1s de esta gira y c\u00f3mo la ha ayudado a procesar el duelo.<\/p>\n","protected":false},"author":13,"featured_media":256046,"comment_status":"open","ping_status":"closed","sticky":false,"template":"","format":"standard","meta":{"_acf_changed":false,"footnotes":""},"categories":[443,18],"tags":[3843,20464,7227,268,2213,1549,37875,11063,37873,37874],"class_list":["post-256032","post","type-post","status-publish","format-standard","has-post-thumbnail","category-farandula","category-noticias","tag-alejandra-guzman","tag-cultura-pop","tag-el-gordo-y-la-flaca","tag-farandula","tag-gira","tag-homenaje","tag-iberoamerica","tag-musica-2","tag-silvia-pinal","tag-tour"],"acf":[],"yoast_head":"<!-- This site is optimized with the Yoast SEO plugin v28.3 - https:\/\/yoast.com\/product\/yoast-seo-wordpress\/ -->\n<title>Alejandra Guzm\u00e1n presenta &quot;Los que nos quedamos Tour&quot; en honor a Silvia Pinal - Cuballama Noticias<\/title>\n<meta name=\"description\" content=\"Alejandra Guzm\u00e1n presenta &quot;Los que nos quedamos Tour&quot; en homenaje a su madre, Silvia Pinal, fallecida en noviembre de 2024, compartiendo su dolor y amor en cada presentaci\u00f3n.\" \/>\n<meta name=\"robots\" content=\"index, follow, max-snippet:-1, max-image-preview:large, max-video-preview:-1\" \/>\n<link rel=\"canonical\" href=\"https:\/\/www.cuballama.com\/noticias\/alejandra-guzman-presenta-los-que-nos-quedamos-tour-en-honor-a-silvia-pinal\/\" \/>\n<meta property=\"og:locale\" content=\"es_ES\" \/>\n<meta property=\"og:type\" content=\"article\" \/>\n<meta property=\"og:title\" content=\"Alejandra Guzm\u00e1n presenta &quot;Los que nos quedamos Tour&quot; en honor a Silvia Pinal - Cuballama Noticias\" \/>\n<meta property=\"og:description\" content=\"Alejandra Guzm\u00e1n presenta &quot;Los que nos quedamos Tour&quot; en homenaje a su madre, Silvia Pinal, fallecida en noviembre de 2024, compartiendo su dolor y amor en cada presentaci\u00f3n.\" \/>\n<meta property=\"og:url\" content=\"https:\/\/www.cuballama.com\/noticias\/alejandra-guzman-presenta-los-que-nos-quedamos-tour-en-honor-a-silvia-pinal\/\" \/>\n<meta property=\"og:site_name\" content=\"Cuballama Noticias\" \/>\n<meta property=\"article:publisher\" content=\"https:\/\/www.facebook.com\/CubaLlama\" \/>\n<meta property=\"article:published_time\" content=\"2026-09-06T19:16:06+00:00\" \/>\n<meta property=\"article:modified_time\" content=\"2026-09-06T19:16:12+00:00\" \/>\n<meta property=\"og:image\" content=\"https:\/\/cdn1.mediawpaccore.net\/wp-content\/uploads\/2026\/09\/03111947\/image-23.png\" \/>\n\t<meta property=\"og:image:width\" content=\"804\" \/>\n\t<meta property=\"og:image:height\" content=\"446\" \/>\n\t<meta property=\"og:image:type\" content=\"image\/png\" \/>\n<meta name=\"author\" content=\"Roberto A.\" \/>\n<meta name=\"twitter:card\" content=\"summary_large_image\" \/>\n<meta name=\"twitter:creator\" content=\"@cuballama\" \/>\n<meta name=\"twitter:site\" content=\"@cuballama\" \/>\n<meta name=\"twitter:label1\" content=\"Escrito por\" \/>\n\t<meta name=\"twitter:data1\" content=\"Roberto A.\" \/>\n\t<meta name=\"twitter:label2\" content=\"Tiempo de lectura\" \/>\n\t<meta name=\"twitter:data2\" content=\"3 minutos\" \/>\n<script type=\"application\/ld+json\" class=\"yoast-schema-graph\">{\"@context\":\"https:\\\/\\\/schema.org\",\"@graph\":[{\"@type\":\"Article\",\"@id\":\"https:\\\/\\\/www.cuballama.com\\\/noticias\\\/alejandra-guzman-presenta-los-que-nos-quedamos-tour-en-honor-a-silvia-pinal\\\/#article\",\"isPartOf\":{\"@id\":\"https:\\\/\\\/www.cuballama.com\\\/noticias\\\/alejandra-guzman-presenta-los-que-nos-quedamos-tour-en-honor-a-silvia-pinal\\\/\"},\"author\":{\"name\":\"Roberto A.\",\"@id\":\"https:\\\/\\\/www.cuballama.com\\\/noticias\\\/#\\\/schema\\\/person\\\/a58502ed4146c8e9f83872e897c76cd2\"},\"headline\":\"Alejandra Guzm\u00e1n presenta \u00abLos que nos quedamos Tour\u00bb en honor a Silvia Pinal\",\"datePublished\":\"2026-09-06T19:16:06+00:00\",\"dateModified\":\"2026-09-06T19:16:12+00:00\",\"mainEntityOfPage\":{\"@id\":\"https:\\\/\\\/www.cuballama.com\\\/noticias\\\/alejandra-guzman-presenta-los-que-nos-quedamos-tour-en-honor-a-silvia-pinal\\\/\"},\"wordCount\":547,\"commentCount\":0,\"publisher\":{\"@id\":\"https:\\\/\\\/www.cuballama.com\\\/noticias\\\/#organization\"},\"image\":{\"@id\":\"https:\\\/\\\/www.cuballama.com\\\/noticias\\\/alejandra-guzman-presenta-los-que-nos-quedamos-tour-en-honor-a-silvia-pinal\\\/#primaryimage\"},\"thumbnailUrl\":\"https:\\\/\\\/cdn1.mediawpaccore.net\\\/wp-content\\\/uploads\\\/2026\\\/09\\\/03111947\\\/image-23.png\",\"keywords\":[\"Alejandra Guzm\u00e1n\",\"Cultura Pop\",\"El Gordo y la Flaca\",\"Far\u00e1ndula\",\"gira\",\"homenaje\",\"Iberoam\u00e9rica\",\"M\u00fasica\",\"Silvia Pinal\",\"tour\"],\"articleSection\":[\"Far\u00e1ndula\",\"Noticias\"],\"inLanguage\":\"es\",\"potentialAction\":[{\"@type\":\"CommentAction\",\"name\":\"Comment\",\"target\":[\"https:\\\/\\\/www.cuballama.com\\\/noticias\\\/alejandra-guzman-presenta-los-que-nos-quedamos-tour-en-honor-a-silvia-pinal\\\/#respond\"]}]},{\"@type\":\"WebPage\",\"@id\":\"https:\\\/\\\/www.cuballama.com\\\/noticias\\\/alejandra-guzman-presenta-los-que-nos-quedamos-tour-en-honor-a-silvia-pinal\\\/\",\"url\":\"https:\\\/\\\/www.cuballama.com\\\/noticias\\\/alejandra-guzman-presenta-los-que-nos-quedamos-tour-en-honor-a-silvia-pinal\\\/\",\"name\":\"Alejandra Guzm\u00e1n presenta \\\"Los que nos quedamos Tour\\\" en honor a Silvia Pinal - Cuballama Noticias\",\"isPartOf\":{\"@id\":\"https:\\\/\\\/www.cuballama.com\\\/noticias\\\/#website\"},\"primaryImageOfPage\":{\"@id\":\"https:\\\/\\\/www.cuballama.com\\\/noticias\\\/alejandra-guzman-presenta-los-que-nos-quedamos-tour-en-honor-a-silvia-pinal\\\/#primaryimage\"},\"image\":{\"@id\":\"https:\\\/\\\/www.cuballama.com\\\/noticias\\\/alejandra-guzman-presenta-los-que-nos-quedamos-tour-en-honor-a-silvia-pinal\\\/#primaryimage\"},\"thumbnailUrl\":\"https:\\\/\\\/cdn1.mediawpaccore.net\\\/wp-content\\\/uploads\\\/2026\\\/09\\\/03111947\\\/image-23.png\",\"datePublished\":\"2026-09-06T19:16:06+00:00\",\"dateModified\":\"2026-09-06T19:16:12+00:00\",\"description\":\"Alejandra Guzm\u00e1n presenta \\\"Los que nos quedamos Tour\\\" en homenaje a su madre, Silvia Pinal, fallecida en noviembre de 2024, compartiendo su dolor y amor en cada presentaci\u00f3n.\",\"breadcrumb\":{\"@id\":\"https:\\\/\\\/www.cuballama.com\\\/noticias\\\/alejandra-guzman-presenta-los-que-nos-quedamos-tour-en-honor-a-silvia-pinal\\\/#breadcrumb\"},\"inLanguage\":\"es\",\"potentialAction\":[{\"@type\":\"ReadAction\",\"target\":[\"https:\\\/\\\/www.cuballama.com\\\/noticias\\\/alejandra-guzman-presenta-los-que-nos-quedamos-tour-en-honor-a-silvia-pinal\\\/\"]}]},{\"@type\":\"ImageObject\",\"inLanguage\":\"es\",\"@id\":\"https:\\\/\\\/www.cuballama.com\\\/noticias\\\/alejandra-guzman-presenta-los-que-nos-quedamos-tour-en-honor-a-silvia-pinal\\\/#primaryimage\",\"url\":\"https:\\\/\\\/cdn1.mediawpaccore.net\\\/wp-content\\\/uploads\\\/2026\\\/09\\\/03111947\\\/image-23.png\",\"contentUrl\":\"https:\\\/\\\/cdn1.mediawpaccore.net\\\/wp-content\\\/uploads\\\/2026\\\/09\\\/03111947\\\/image-23.png\",\"width\":804,\"height\":446,\"caption\":\"Foto: Generada por la IA\"},{\"@type\":\"BreadcrumbList\",\"@id\":\"https:\\\/\\\/www.cuballama.com\\\/noticias\\\/alejandra-guzman-presenta-los-que-nos-quedamos-tour-en-honor-a-silvia-pinal\\\/#breadcrumb\",\"itemListElement\":[{\"@type\":\"ListItem\",\"position\":1,\"name\":\"Home\",\"item\":\"https:\\\/\\\/www.cuballama.com\\\/noticias\\\/\"},{\"@type\":\"ListItem\",\"position\":2,\"name\":\"Alejandra Guzm\u00e1n presenta \u00abLos que nos quedamos Tour\u00bb en honor a Silvia Pinal\"}]},{\"@type\":\"WebSite\",\"@id\":\"https:\\\/\\\/www.cuballama.com\\\/noticias\\\/#website\",\"url\":\"https:\\\/\\\/www.cuballama.com\\\/noticias\\\/\",\"name\":\"Cuballama Noticias\",\"description\":\"Medio digital sobre Cuba y el mundo\",\"publisher\":{\"@id\":\"https:\\\/\\\/www.cuballama.com\\\/noticias\\\/#organization\"},\"potentialAction\":[{\"@type\":\"SearchAction\",\"target\":{\"@type\":\"EntryPoint\",\"urlTemplate\":\"https:\\\/\\\/www.cuballama.com\\\/noticias\\\/?s={search_term_string}\"},\"query-input\":{\"@type\":\"PropertyValueSpecification\",\"valueRequired\":true,\"valueName\":\"search_term_string\"}}],\"inLanguage\":\"es\"},{\"@type\":\"Organization\",\"@id\":\"https:\\\/\\\/www.cuballama.com\\\/noticias\\\/#organization\",\"name\":\"Cuballama\",\"url\":\"https:\\\/\\\/www.cuballama.com\\\/noticias\\\/\",\"logo\":{\"@type\":\"ImageObject\",\"inLanguage\":\"es\",\"@id\":\"https:\\\/\\\/www.cuballama.com\\\/noticias\\\/#\\\/schema\\\/logo\\\/image\\\/\",\"url\":\"https:\\\/\\\/cdn1.mediawpaccore.net\\\/wp-content\\\/uploads\\\/2021\\\/12\\\/28171206\\\/cbll-logo-color-sm.png\",\"contentUrl\":\"https:\\\/\\\/cdn1.mediawpaccore.net\\\/wp-content\\\/uploads\\\/2021\\\/12\\\/28171206\\\/cbll-logo-color-sm.png\",\"width\":600,\"height\":133,\"caption\":\"Cuballama\"},\"image\":{\"@id\":\"https:\\\/\\\/www.cuballama.com\\\/noticias\\\/#\\\/schema\\\/logo\\\/image\\\/\"},\"sameAs\":[\"https:\\\/\\\/www.facebook.com\\\/CubaLlama\",\"https:\\\/\\\/x.com\\\/cuballama\",\"https:\\\/\\\/www.instagram.com\\\/stories\\\/cuballama_oficial\\\/\",\"https:\\\/\\\/www.youtube.com\\\/channel\\\/UCKkFE-d_axENGZcrc4as0IA\"]},{\"@type\":\"Person\",\"@id\":\"https:\\\/\\\/www.cuballama.com\\\/noticias\\\/#\\\/schema\\\/person\\\/a58502ed4146c8e9f83872e897c76cd2\",\"name\":\"Roberto A.\",\"description\":\"Roberto A. Periodista por decisi\u00f3n propia. Interesado en cualquier tema que me apasione y cada vez m\u00e1s comprometido con la verdad y la objetividad period\u00edstica. Graduado en La Habana hace ya muchos a\u00f1os, luego de una accidentada y polvorienta b\u00fasqueda de informaci\u00f3n sobre un tema in\u00e9dito. La Tesis, por cierto, desapareci\u00f3 de la biblioteca y no se conservan copias de la misma.\",\"url\":\"https:\\\/\\\/www.cuballama.com\\\/noticias\\\/author\\\/roberto\\\/\"}]}<\/script>\n<!-- \/ Yoast SEO plugin. -->","yoast_head_json":{"title":"Alejandra Guzm\u00e1n presenta \"Los que nos quedamos Tour\" en honor a Silvia Pinal - Cuballama Noticias","description":"Alejandra Guzm\u00e1n presenta \"Los que nos quedamos Tour\" en homenaje a su madre, Silvia Pinal, fallecida en noviembre de 2024, compartiendo su dolor y amor en cada presentaci\u00f3n.","robots":{"index":"index","follow":"follow","max-snippet":"max-snippet:-1","max-image-preview":"max-image-preview:large","max-video-preview":"max-video-preview:-1"},"canonical":"https:\/\/www.cuballama.com\/noticias\/alejandra-guzman-presenta-los-que-nos-quedamos-tour-en-honor-a-silvia-pinal\/","og_locale":"es_ES","og_type":"article","og_title":"Alejandra Guzm\u00e1n presenta \"Los que nos quedamos Tour\" en honor a Silvia Pinal - Cuballama Noticias","og_description":"Alejandra Guzm\u00e1n presenta \"Los que nos quedamos Tour\" en homenaje a su madre, Silvia Pinal, fallecida en noviembre de 2024, compartiendo su dolor y amor en cada presentaci\u00f3n.","og_url":"https:\/\/www.cuballama.com\/noticias\/alejandra-guzman-presenta-los-que-nos-quedamos-tour-en-honor-a-silvia-pinal\/","og_site_name":"Cuballama Noticias","article_publisher":"https:\/\/www.facebook.com\/CubaLlama","article_published_time":"2026-09-06T19:16:06+00:00","article_modified_time":"2026-09-06T19:16:12+00:00","og_image":[{"width":804,"height":446,"url":"https:\/\/cdn1.mediawpaccore.net\/wp-content\/uploads\/2026\/09\/03111947\/image-23.png","type":"image\/png"}],"author":"Roberto A.","twitter_card":"summary_large_image","twitter_creator":"@cuballama","twitter_site":"@cuballama","twitter_misc":{"Escrito por":"Roberto A.","Tiempo de lectura":"3 minutos"},"schema":{"@context":"https:\/\/schema.org","@graph":[{"@type":"Article","@id":"https:\/\/www.cuballama.com\/noticias\/alejandra-guzman-presenta-los-que-nos-quedamos-tour-en-honor-a-silvia-pinal\/#article","isPartOf":{"@id":"https:\/\/www.cuballama.com\/noticias\/alejandra-guzman-presenta-los-que-nos-quedamos-tour-en-honor-a-silvia-pinal\/"},"author":{"name":"Roberto A.","@id":"https:\/\/www.cuballama.com\/noticias\/#\/schema\/person\/a58502ed4146c8e9f83872e897c76cd2"},"headline":"Alejandra Guzm\u00e1n presenta \u00abLos que nos quedamos Tour\u00bb en honor a Silvia Pinal","datePublished":"2026-09-06T19:16:06+00:00","dateModified":"2026-09-06T19:16:12+00:00","mainEntityOfPage":{"@id":"https:\/\/www.cuballama.com\/noticias\/alejandra-guzman-presenta-los-que-nos-quedamos-tour-en-honor-a-silvia-pinal\/"},"wordCount":547,"commentCount":0,"publisher":{"@id":"https:\/\/www.cuballama.com\/noticias\/#organization"},"image":{"@id":"https:\/\/www.cuballama.com\/noticias\/alejandra-guzman-presenta-los-que-nos-quedamos-tour-en-honor-a-silvia-pinal\/#primaryimage"},"thumbnailUrl":"https:\/\/cdn1.mediawpaccore.net\/wp-content\/uploads\/2026\/09\/03111947\/image-23.png","keywords":["Alejandra Guzm\u00e1n","Cultura Pop","El Gordo y la Flaca","Far\u00e1ndula","gira","homenaje","Iberoam\u00e9rica","M\u00fasica","Silvia Pinal","tour"],"articleSection":["Far\u00e1ndula","Noticias"],"inLanguage":"es","potentialAction":[{"@type":"CommentAction","name":"Comment","target":["https:\/\/www.cuballama.com\/noticias\/alejandra-guzman-presenta-los-que-nos-quedamos-tour-en-honor-a-silvia-pinal\/#respond"]}]},{"@type":"WebPage","@id":"https:\/\/www.cuballama.com\/noticias\/alejandra-guzman-presenta-los-que-nos-quedamos-tour-en-honor-a-silvia-pinal\/","url":"https:\/\/www.cuballama.com\/noticias\/alejandra-guzman-presenta-los-que-nos-quedamos-tour-en-honor-a-silvia-pinal\/","name":"Alejandra Guzm\u00e1n presenta \"Los que nos quedamos Tour\" en honor a Silvia Pinal - Cuballama Noticias","isPartOf":{"@id":"https:\/\/www.cuballama.com\/noticias\/#website"},"primaryImageOfPage":{"@id":"https:\/\/www.cuballama.com\/noticias\/alejandra-guzman-presenta-los-que-nos-quedamos-tour-en-honor-a-silvia-pinal\/#primaryimage"},"image":{"@id":"https:\/\/www.cuballama.com\/noticias\/alejandra-guzman-presenta-los-que-nos-quedamos-tour-en-honor-a-silvia-pinal\/#primaryimage"},"thumbnailUrl":"https:\/\/cdn1.mediawpaccore.net\/wp-content\/uploads\/2026\/09\/03111947\/image-23.png","datePublished":"2026-09-06T19:16:06+00:00","dateModified":"2026-09-06T19:16:12+00:00","description":"Alejandra Guzm\u00e1n presenta \"Los que nos quedamos Tour\" en homenaje a su madre, Silvia Pinal, fallecida en noviembre de 2024, compartiendo su dolor y amor en cada presentaci\u00f3n.","breadcrumb":{"@id":"https:\/\/www.cuballama.com\/noticias\/alejandra-guzman-presenta-los-que-nos-quedamos-tour-en-honor-a-silvia-pinal\/#breadcrumb"},"inLanguage":"es","potentialAction":[{"@type":"ReadAction","target":["https:\/\/www.cuballama.com\/noticias\/alejandra-guzman-presenta-los-que-nos-quedamos-tour-en-honor-a-silvia-pinal\/"]}]},{"@type":"ImageObject","inLanguage":"es","@id":"https:\/\/www.cuballama.com\/noticias\/alejandra-guzman-presenta-los-que-nos-quedamos-tour-en-honor-a-silvia-pinal\/#primaryimage","url":"https:\/\/cdn1.mediawpaccore.net\/wp-content\/uploads\/2026\/09\/03111947\/image-23.png","contentUrl":"https:\/\/cdn1.mediawpaccore.net\/wp-content\/uploads\/2026\/09\/03111947\/image-23.png","width":804,"height":446,"caption":"Foto: Generada por la IA"},{"@type":"BreadcrumbList","@id":"https:\/\/www.cuballama.com\/noticias\/alejandra-guzman-presenta-los-que-nos-quedamos-tour-en-honor-a-silvia-pinal\/#breadcrumb","itemListElement":[{"@type":"ListItem","position":1,"name":"Home","item":"https:\/\/www.cuballama.com\/noticias\/"},{"@type":"ListItem","position":2,"name":"Alejandra Guzm\u00e1n presenta \u00abLos que nos quedamos Tour\u00bb en honor a Silvia Pinal"}]},{"@type":"WebSite","@id":"https:\/\/www.cuballama.com\/noticias\/#website","url":"https:\/\/www.cuballama.com\/noticias\/","name":"Cuballama Noticias","description":"Medio digital sobre Cuba y el mundo","publisher":{"@id":"https:\/\/www.cuballama.com\/noticias\/#organization"},"potentialAction":[{"@type":"SearchAction","target":{"@type":"EntryPoint","urlTemplate":"https:\/\/www.cuballama.com\/noticias\/?s={search_term_string}"},"query-input":{"@type":"PropertyValueSpecification","valueRequired":true,"valueName":"search_term_string"}}],"inLanguage":"es"},{"@type":"Organization","@id":"https:\/\/www.cuballama.com\/noticias\/#organization","name":"Cuballama","url":"https:\/\/www.cuballama.com\/noticias\/","logo":{"@type":"ImageObject","inLanguage":"es","@id":"https:\/\/www.cuballama.com\/noticias\/#\/schema\/logo\/image\/","url":"https:\/\/cdn1.mediawpaccore.net\/wp-content\/uploads\/2021\/12\/28171206\/cbll-logo-color-sm.png","contentUrl":"https:\/\/cdn1.mediawpaccore.net\/wp-content\/uploads\/2021\/12\/28171206\/cbll-logo-color-sm.png","width":600,"height":133,"caption":"Cuballama"},"image":{"@id":"https:\/\/www.cuballama.com\/noticias\/#\/schema\/logo\/image\/"},"sameAs":["https:\/\/www.facebook.com\/CubaLlama","https:\/\/x.com\/cuballama","https:\/\/www.instagram.com\/stories\/cuballama_oficial\/","https:\/\/www.youtube.com\/channel\/UCKkFE-d_axENGZcrc4as0IA"]},{"@type":"Person","@id":"https:\/\/www.cuballama.com\/noticias\/#\/schema\/person\/a58502ed4146c8e9f83872e897c76cd2","name":"Roberto A.","description":"Roberto A. Periodista por decisi\u00f3n propia. Interesado en cualquier tema que me apasione y cada vez m\u00e1s comprometido con la verdad y la objetividad period\u00edstica. Graduado en La Habana hace ya muchos a\u00f1os, luego de una accidentada y polvorienta b\u00fasqueda de informaci\u00f3n sobre un tema in\u00e9dito. La Tesis, por cierto, desapareci\u00f3 de la biblioteca y no se conservan copias de la misma.","url":"https:\/\/www.cuballama.com\/noticias\/author\/roberto\/"}]}},"_links":{"self":[{"href":"https:\/\/www.cuballama.com\/noticias\/wp-json\/wp\/v2\/posts\/256032","targetHints":{"allow":["GET"]}}],"collection":[{"href":"https:\/\/www.cuballama.com\/noticias\/wp-json\/wp\/v2\/posts"}],"about":[{"href":"https:\/\/www.cuballama.com\/noticias\/wp-json\/wp\/v2\/types\/post"}],"author":[{"embeddable":true,"href":"https:\/\/www.cuballama.com\/noticias\/wp-json\/wp\/v2\/users\/13"}],"replies":[{"embeddable":true,"href":"https:\/\/www.cuballama.com\/noticias\/wp-json\/wp\/v2\/comments?post=256032"}],"version-history":[{"count":3,"href":"https:\/\/www.cuballama.com\/noticias\/wp-json\/wp\/v2\/posts\/256032\/revisions"}],"predecessor-version":[{"id":256047,"href":"https:\/\/www.cuballama.com\/noticias\/wp-json\/wp\/v2\/posts\/256032\/revisions\/256047"}],"wp:featuredmedia":[{"embeddable":true,"href":"https:\/\/www.cuballama.com\/noticias\/wp-json\/wp\/v2\/media\/256046"}],"wp:attachment":[{"href":"https:\/\/www.cuballama.com\/noticias\/wp-json\/wp\/v2\/media?parent=256032"}],"wp:term":[{"taxonomy":"category","embeddable":true,"href":"https:\/\/www.cuballama.com\/noticias\/wp-json\/wp\/v2\/categories?post=256032"},{"taxonomy":"post_tag","embeddable":true,"href":"https:\/\/www.cuballama.com\/noticias\/wp-json\/wp\/v2\/tags?post=256032"}],"curies":[{"name":"wp","href":"https:\/\/api.w.org\/{rel}","templated":true}]}}