{"id":256029,"date":"2026-09-04T15:31:53","date_gmt":"2026-09-04T19:31:53","guid":{"rendered":"https:\/\/www.cuballama.com\/noticias\/?p=256029"},"modified":"2026-09-04T15:31:57","modified_gmt":"2026-09-04T19:31:57","slug":"marco-antonio-solis-y-karol-g-una-colaboracion-que-brilla-en-premios-juventud","status":"publish","type":"post","link":"https:\/\/www.cuballama.com\/noticias\/marco-antonio-solis-y-karol-g-una-colaboracion-que-brilla-en-premios-juventud\/","title":{"rendered":"Marco Antonio Sol\u00eds y Karol G: una colaboraci\u00f3n que brilla en Premios Juventud"},"content":{"rendered":"\n<h2 class=\"wp-block-heading\">El ic\u00f3nico cantante celebra su nominaci\u00f3n por \u00abColeccionando Heridas\u00bb, su colaboraci\u00f3n con Karol G dentro del \u00e1lbum \u00abTropicoqueta\u00bb.<\/h2>\n\n\n\n<p class=\"wp-block-paragraph\">En una reciente aparici\u00f3n en el programa \u00abEl Gordo y La Flaca\u00bb, Marco Antonio Sol\u00eds expres\u00f3 su entusiasmo por su nominaci\u00f3n en los Premios Juventud, donde comparte la categor\u00eda con Karol G gracias a su colaboraci\u00f3n en la canci\u00f3n \u00abColeccionando Heridas\u00bb. Seg\u00fan comentaron en el programa, Sol\u00eds considera que esta canci\u00f3n merece el reconocimiento, no solo por su calidad musical, sino tambi\u00e9n por la conexi\u00f3n que ha logrado con el p\u00fablico. <\/p>\n\n\n\n<p class=\"wp-block-paragraph\">\u00abColeccionando Heridas\u00bb forma parte de \u00abTropicoqueta\u00bb, el \u00e1lbum de 20 canciones con el que Karol G rinde tributo a distintos ritmos latinoamericanos, del merengue al vallenato, con un fuerte componente de m\u00fasica rom\u00e1ntica y de despecho. En su colaboraci\u00f3n con Sol\u00eds, el tema se apoya en la bachata y en una atm\u00f3sfera que evoca las baladas de telenovela de los a\u00f1os noventa, un terreno familiar para \u00abEl Buki\u00bb tras m\u00e1s de cuatro d\u00e9cadas de carrera.<\/p>\n\n\n\n<p class=\"wp-block-paragraph\">El artista, conocido por su trayectoria en la m\u00fasica rom\u00e1ntica, destac\u00f3 la importancia de recibir este tipo de premios, que validan el trabajo y esfuerzo de los artistas. \u00abCuando escuch\u00e9 la nominaci\u00f3n, llam\u00e9 a Karol G. No hemos podido hablar mucho porque ambos estamos en giras, pero espero que podamos comunicarnos pronto\u00bb, coment\u00f3. Sol\u00eds tambi\u00e9n agradeci\u00f3 p\u00fablicamente a la cantante colombiana por la colaboraci\u00f3n, se\u00f1alando: \u00abGracias Karol G por usar lo m\u00e1s hermoso de este mundo, la m\u00fasica, para unir generaciones\u00bb, y a\u00f1adi\u00f3 sentirse con \u00abel coraz\u00f3n lleno\u00bb de ser parte de esta nueva era musical.<\/p>\n\n\n\n<p class=\"wp-block-paragraph\">Por su parte, Karol G ha contado en entrevistas previas que su acercamiento a Sol\u00eds tiene ra\u00edces familiares: \u00abConoc\u00ed a Marco Antonio Sol\u00eds porque era el favorito de mi abuelita. Hoy tenemos juntos esta canci\u00f3n\u00bb, relat\u00f3 la colombiana, subrayando el componente generacional que atraviesa la colaboraci\u00f3n.<\/p>\n\n\n\n<p class=\"wp-block-paragraph\">Sol\u00eds no escatim\u00f3 en elogios hacia Karol G, describi\u00e9ndola como una gran artista que ha estado trabajando arduamente y que est\u00e1 en constante crecimiento en su carrera. Seg\u00fan el video, su nominaci\u00f3n tambi\u00e9n resalta el impacto que tiene la m\u00fasica urbana en la industria, un g\u00e9nero que ha sabido fusionarse con otros estilos, como el rom\u00e1ntico, en el caso de esta colaboraci\u00f3n.<\/p>\n\n\n\n<p class=\"wp-block-paragraph\">A medida que se acercan los Premios Juventud, la expectativa crece, y muchos se preguntan si esta ser\u00e1 la ocasi\u00f3n perfecta para ver a Sol\u00eds y Karol G juntos en una presentaci\u00f3n en vivo. Sin embargo, a\u00fan quedan detalles por confirmar sobre su posible actuaci\u00f3n y la din\u00e1mica que tendr\u00e1n en el evento.<\/p>\n\n\n\n<figure class=\"wp-block-embed is-type-video is-provider-youtube wp-block-embed-youtube wp-embed-aspect-9-16 wp-has-aspect-ratio\"><div class=\"wp-block-embed__wrapper\">\n<div class=\"youtube-embed\" data-video_id=\"\"><iframe loading=\"lazy\" title=\"Marco Antonio Sol\u00eds habla de su nominaci\u00f3n junto a Karol G en Premios Juventud | #elgordoylaflaca\" width=\"563\" height=\"1000\" src=\"https:\/\/www.youtube.com\/embed\/TsgnMHxMQAc?feature=oembed&#038;enablejsapi=1\" frameborder=\"0\" allow=\"accelerometer; autoplay; clipboard-write; encrypted-media; gyroscope; picture-in-picture; web-share\" referrerpolicy=\"strict-origin-when-cross-origin\" allowfullscreen><\/iframe><\/div>\n<\/div><\/figure>\n\n\n\n<p class=\"wp-block-paragraph\">[FUENTES]<br>Canal &#8211; El Gordo Y La Flaca, \u00abMarco Antonio Sol\u00eds habla de su nominaci\u00f3n junto a Karol G en Premios Juventud\u00bb, <a href=\"https:\/\/www.youtube.com\/shorts\/TsgnMHxMQAc\" target=\"_blank\" rel=\"noreferrer noopener\">https:\/\/www.youtube.com\/shorts\/TsgnMHxMQAc<\/a><br>El Universal, \u00abMarco Antonio Sol\u00eds agradece as\u00ed colaboraci\u00f3n musical con Karol G\u00bb, <a href=\"https:\/\/www.eluniversal.com.mx\/espectaculos\/marco-antonio-solis-agradece-asi-colaboracion-musical-con-karol-g-ella-aplaude-cancion-con-el-buki\/\" target=\"_blank\" rel=\"noreferrer noopener nofollow\">https:\/\/www.eluniversal.com.mx\/espectaculos\/marco-antonio-solis-agradece-asi-colaboracion-musical-con-karol-g-ella-aplaude-cancion-con-el-buki\/<\/a><br>Hola!, \u00abKarol G con Marco Antonio Sol\u00eds le cantan al desamor y van&#8230;\u00bb, <a href=\"https:\/\/www.hola.com\/us-es\/celebrities\/20250620839394\/karol-g-c-marco-antonio-solis-coleccionando-heridas-disco-tropicoqueta\/\" target=\"_blank\" rel=\"noreferrer noopener nofollow\">https:\/\/www.hola.com\/us-es\/celebrities\/20250620839394\/karol-g-c-marco-antonio-solis-coleccionando-heridas-disco-tropicoqueta\/<\/a><\/p>\n","protected":false},"excerpt":{"rendered":"<p>Marco Antonio Sol\u00eds celebra su nominaci\u00f3n en Premios Juventud junto a Karol G, gracias a \u00abColeccionando Heridas\u00bb, la balada que ambos incluyeron en el \u00e1lbum \u00abTropicoqueta\u00bb. El cantante comparti\u00f3 su emoci\u00f3n por el reconocimiento y elogi\u00f3 el trabajo de la colombiana.<\/p>\n","protected":false},"author":13,"featured_media":256035,"comment_status":"open","ping_status":"closed","sticky":false,"template":"","format":"standard","meta":{"_acf_changed":false,"footnotes":""},"categories":[443,18],"tags":[3629,268,10450,8097,20196,11642,10394,28676],"class_list":["post-256029","post","type-post","status-publish","format-standard","has-post-thumbnail","category-farandula","category-noticias","tag-colaboraciones","tag-farandula","tag-karol-g","tag-marco-antonio-solis","tag-musica-latina-2","tag-nominaciones","tag-premios-juventud","tag-tropicoqueta"],"acf":[],"yoast_head":"<!-- This site is optimized with the Yoast SEO plugin v28.3 - https:\/\/yoast.com\/product\/yoast-seo-wordpress\/ -->\n<title>Marco Antonio Sol\u00eds y Karol G: una colaboraci\u00f3n que brilla en Premios Juventud - Cuballama Noticias<\/title>\n<meta name=\"description\" content=\"Marco Antonio Sol\u00eds comparte su emoci\u00f3n por la nominaci\u00f3n junto a Karol G en Premios Juventud, gracias a la canci\u00f3n &quot;Coleccionando Heridas&quot;.\" \/>\n<meta name=\"robots\" content=\"index, follow, max-snippet:-1, max-image-preview:large, max-video-preview:-1\" \/>\n<link rel=\"canonical\" href=\"https:\/\/www.cuballama.com\/noticias\/marco-antonio-solis-y-karol-g-una-colaboracion-que-brilla-en-premios-juventud\/\" \/>\n<meta property=\"og:locale\" content=\"es_ES\" \/>\n<meta property=\"og:type\" content=\"article\" \/>\n<meta property=\"og:title\" content=\"Marco Antonio Sol\u00eds y Karol G: una colaboraci\u00f3n que brilla en Premios Juventud - Cuballama Noticias\" \/>\n<meta property=\"og:description\" content=\"Marco Antonio Sol\u00eds comparte su emoci\u00f3n por la nominaci\u00f3n junto a Karol G en Premios Juventud, gracias a la canci\u00f3n &quot;Coleccionando Heridas&quot;.\" \/>\n<meta property=\"og:url\" content=\"https:\/\/www.cuballama.com\/noticias\/marco-antonio-solis-y-karol-g-una-colaboracion-que-brilla-en-premios-juventud\/\" \/>\n<meta property=\"og:site_name\" content=\"Cuballama Noticias\" \/>\n<meta property=\"article:publisher\" content=\"https:\/\/www.facebook.com\/CubaLlama\" \/>\n<meta property=\"article:published_time\" content=\"2026-09-04T19:31:53+00:00\" \/>\n<meta property=\"article:modified_time\" content=\"2026-09-04T19:31:57+00:00\" \/>\n<meta property=\"og:image\" content=\"https:\/\/cdn1.mediawpaccore.net\/wp-content\/uploads\/2026\/09\/03104322\/image-20.png\" \/>\n\t<meta property=\"og:image:width\" content=\"1020\" \/>\n\t<meta property=\"og:image:height\" content=\"536\" \/>\n\t<meta property=\"og:image:type\" content=\"image\/png\" \/>\n<meta name=\"author\" content=\"Roberto A.\" \/>\n<meta name=\"twitter:card\" content=\"summary_large_image\" \/>\n<meta name=\"twitter:creator\" content=\"@cuballama\" \/>\n<meta name=\"twitter:site\" content=\"@cuballama\" \/>\n<meta name=\"twitter:label1\" content=\"Escrito por\" \/>\n\t<meta name=\"twitter:data1\" content=\"Roberto A.\" \/>\n\t<meta name=\"twitter:label2\" content=\"Tiempo de lectura\" \/>\n\t<meta name=\"twitter:data2\" content=\"3 minutos\" \/>\n<script type=\"application\/ld+json\" class=\"yoast-schema-graph\">{\"@context\":\"https:\\\/\\\/schema.org\",\"@graph\":[{\"@type\":\"Article\",\"@id\":\"https:\\\/\\\/www.cuballama.com\\\/noticias\\\/marco-antonio-solis-y-karol-g-una-colaboracion-que-brilla-en-premios-juventud\\\/#article\",\"isPartOf\":{\"@id\":\"https:\\\/\\\/www.cuballama.com\\\/noticias\\\/marco-antonio-solis-y-karol-g-una-colaboracion-que-brilla-en-premios-juventud\\\/\"},\"author\":{\"name\":\"Roberto A.\",\"@id\":\"https:\\\/\\\/www.cuballama.com\\\/noticias\\\/#\\\/schema\\\/person\\\/a58502ed4146c8e9f83872e897c76cd2\"},\"headline\":\"Marco Antonio Sol\u00eds y Karol G: una colaboraci\u00f3n que brilla en Premios Juventud\",\"datePublished\":\"2026-09-04T19:31:53+00:00\",\"dateModified\":\"2026-09-04T19:31:57+00:00\",\"mainEntityOfPage\":{\"@id\":\"https:\\\/\\\/www.cuballama.com\\\/noticias\\\/marco-antonio-solis-y-karol-g-una-colaboracion-que-brilla-en-premios-juventud\\\/\"},\"wordCount\":569,\"commentCount\":0,\"publisher\":{\"@id\":\"https:\\\/\\\/www.cuballama.com\\\/noticias\\\/#organization\"},\"image\":{\"@id\":\"https:\\\/\\\/www.cuballama.com\\\/noticias\\\/marco-antonio-solis-y-karol-g-una-colaboracion-que-brilla-en-premios-juventud\\\/#primaryimage\"},\"thumbnailUrl\":\"https:\\\/\\\/cdn1.mediawpaccore.net\\\/wp-content\\\/uploads\\\/2026\\\/09\\\/03104322\\\/image-20.png\",\"keywords\":[\"Colaboraciones\",\"Far\u00e1ndula\",\"Karol G\",\"Marco Antonio Sol\u00eds\",\"M\u00fasica Latina\",\"nominaciones\",\"Premios Juventud\",\"Tropicoqueta\"],\"articleSection\":[\"Far\u00e1ndula\",\"Noticias\"],\"inLanguage\":\"es\",\"potentialAction\":[{\"@type\":\"CommentAction\",\"name\":\"Comment\",\"target\":[\"https:\\\/\\\/www.cuballama.com\\\/noticias\\\/marco-antonio-solis-y-karol-g-una-colaboracion-que-brilla-en-premios-juventud\\\/#respond\"]}]},{\"@type\":\"WebPage\",\"@id\":\"https:\\\/\\\/www.cuballama.com\\\/noticias\\\/marco-antonio-solis-y-karol-g-una-colaboracion-que-brilla-en-premios-juventud\\\/\",\"url\":\"https:\\\/\\\/www.cuballama.com\\\/noticias\\\/marco-antonio-solis-y-karol-g-una-colaboracion-que-brilla-en-premios-juventud\\\/\",\"name\":\"Marco Antonio Sol\u00eds y Karol G: una colaboraci\u00f3n que brilla en Premios Juventud - Cuballama Noticias\",\"isPartOf\":{\"@id\":\"https:\\\/\\\/www.cuballama.com\\\/noticias\\\/#website\"},\"primaryImageOfPage\":{\"@id\":\"https:\\\/\\\/www.cuballama.com\\\/noticias\\\/marco-antonio-solis-y-karol-g-una-colaboracion-que-brilla-en-premios-juventud\\\/#primaryimage\"},\"image\":{\"@id\":\"https:\\\/\\\/www.cuballama.com\\\/noticias\\\/marco-antonio-solis-y-karol-g-una-colaboracion-que-brilla-en-premios-juventud\\\/#primaryimage\"},\"thumbnailUrl\":\"https:\\\/\\\/cdn1.mediawpaccore.net\\\/wp-content\\\/uploads\\\/2026\\\/09\\\/03104322\\\/image-20.png\",\"datePublished\":\"2026-09-04T19:31:53+00:00\",\"dateModified\":\"2026-09-04T19:31:57+00:00\",\"description\":\"Marco Antonio Sol\u00eds comparte su emoci\u00f3n por la nominaci\u00f3n junto a Karol G en Premios Juventud, gracias a la canci\u00f3n \\\"Coleccionando Heridas\\\".\",\"breadcrumb\":{\"@id\":\"https:\\\/\\\/www.cuballama.com\\\/noticias\\\/marco-antonio-solis-y-karol-g-una-colaboracion-que-brilla-en-premios-juventud\\\/#breadcrumb\"},\"inLanguage\":\"es\",\"potentialAction\":[{\"@type\":\"ReadAction\",\"target\":[\"https:\\\/\\\/www.cuballama.com\\\/noticias\\\/marco-antonio-solis-y-karol-g-una-colaboracion-que-brilla-en-premios-juventud\\\/\"]}]},{\"@type\":\"ImageObject\",\"inLanguage\":\"es\",\"@id\":\"https:\\\/\\\/www.cuballama.com\\\/noticias\\\/marco-antonio-solis-y-karol-g-una-colaboracion-que-brilla-en-premios-juventud\\\/#primaryimage\",\"url\":\"https:\\\/\\\/cdn1.mediawpaccore.net\\\/wp-content\\\/uploads\\\/2026\\\/09\\\/03104322\\\/image-20.png\",\"contentUrl\":\"https:\\\/\\\/cdn1.mediawpaccore.net\\\/wp-content\\\/uploads\\\/2026\\\/09\\\/03104322\\\/image-20.png\",\"width\":1020,\"height\":536,\"caption\":\"Foto: Generada por la IA\"},{\"@type\":\"BreadcrumbList\",\"@id\":\"https:\\\/\\\/www.cuballama.com\\\/noticias\\\/marco-antonio-solis-y-karol-g-una-colaboracion-que-brilla-en-premios-juventud\\\/#breadcrumb\",\"itemListElement\":[{\"@type\":\"ListItem\",\"position\":1,\"name\":\"Home\",\"item\":\"https:\\\/\\\/www.cuballama.com\\\/noticias\\\/\"},{\"@type\":\"ListItem\",\"position\":2,\"name\":\"Marco Antonio Sol\u00eds y Karol G: una colaboraci\u00f3n que brilla en Premios Juventud\"}]},{\"@type\":\"WebSite\",\"@id\":\"https:\\\/\\\/www.cuballama.com\\\/noticias\\\/#website\",\"url\":\"https:\\\/\\\/www.cuballama.com\\\/noticias\\\/\",\"name\":\"Cuballama Noticias\",\"description\":\"Medio digital sobre Cuba y el mundo\",\"publisher\":{\"@id\":\"https:\\\/\\\/www.cuballama.com\\\/noticias\\\/#organization\"},\"potentialAction\":[{\"@type\":\"SearchAction\",\"target\":{\"@type\":\"EntryPoint\",\"urlTemplate\":\"https:\\\/\\\/www.cuballama.com\\\/noticias\\\/?s={search_term_string}\"},\"query-input\":{\"@type\":\"PropertyValueSpecification\",\"valueRequired\":true,\"valueName\":\"search_term_string\"}}],\"inLanguage\":\"es\"},{\"@type\":\"Organization\",\"@id\":\"https:\\\/\\\/www.cuballama.com\\\/noticias\\\/#organization\",\"name\":\"Cuballama\",\"url\":\"https:\\\/\\\/www.cuballama.com\\\/noticias\\\/\",\"logo\":{\"@type\":\"ImageObject\",\"inLanguage\":\"es\",\"@id\":\"https:\\\/\\\/www.cuballama.com\\\/noticias\\\/#\\\/schema\\\/logo\\\/image\\\/\",\"url\":\"https:\\\/\\\/cdn1.mediawpaccore.net\\\/wp-content\\\/uploads\\\/2021\\\/12\\\/28171206\\\/cbll-logo-color-sm.png\",\"contentUrl\":\"https:\\\/\\\/cdn1.mediawpaccore.net\\\/wp-content\\\/uploads\\\/2021\\\/12\\\/28171206\\\/cbll-logo-color-sm.png\",\"width\":600,\"height\":133,\"caption\":\"Cuballama\"},\"image\":{\"@id\":\"https:\\\/\\\/www.cuballama.com\\\/noticias\\\/#\\\/schema\\\/logo\\\/image\\\/\"},\"sameAs\":[\"https:\\\/\\\/www.facebook.com\\\/CubaLlama\",\"https:\\\/\\\/x.com\\\/cuballama\",\"https:\\\/\\\/www.instagram.com\\\/stories\\\/cuballama_oficial\\\/\",\"https:\\\/\\\/www.youtube.com\\\/channel\\\/UCKkFE-d_axENGZcrc4as0IA\"]},{\"@type\":\"Person\",\"@id\":\"https:\\\/\\\/www.cuballama.com\\\/noticias\\\/#\\\/schema\\\/person\\\/a58502ed4146c8e9f83872e897c76cd2\",\"name\":\"Roberto A.\",\"description\":\"Roberto A. Periodista por decisi\u00f3n propia. Interesado en cualquier tema que me apasione y cada vez m\u00e1s comprometido con la verdad y la objetividad period\u00edstica. Graduado en La Habana hace ya muchos a\u00f1os, luego de una accidentada y polvorienta b\u00fasqueda de informaci\u00f3n sobre un tema in\u00e9dito. La Tesis, por cierto, desapareci\u00f3 de la biblioteca y no se conservan copias de la misma.\",\"url\":\"https:\\\/\\\/www.cuballama.com\\\/noticias\\\/author\\\/roberto\\\/\"}]}<\/script>\n<!-- \/ Yoast SEO plugin. -->","yoast_head_json":{"title":"Marco Antonio Sol\u00eds y Karol G: una colaboraci\u00f3n que brilla en Premios Juventud - Cuballama Noticias","description":"Marco Antonio Sol\u00eds comparte su emoci\u00f3n por la nominaci\u00f3n junto a Karol G en Premios Juventud, gracias a la canci\u00f3n \"Coleccionando Heridas\".","robots":{"index":"index","follow":"follow","max-snippet":"max-snippet:-1","max-image-preview":"max-image-preview:large","max-video-preview":"max-video-preview:-1"},"canonical":"https:\/\/www.cuballama.com\/noticias\/marco-antonio-solis-y-karol-g-una-colaboracion-que-brilla-en-premios-juventud\/","og_locale":"es_ES","og_type":"article","og_title":"Marco Antonio Sol\u00eds y Karol G: una colaboraci\u00f3n que brilla en Premios Juventud - Cuballama Noticias","og_description":"Marco Antonio Sol\u00eds comparte su emoci\u00f3n por la nominaci\u00f3n junto a Karol G en Premios Juventud, gracias a la canci\u00f3n \"Coleccionando Heridas\".","og_url":"https:\/\/www.cuballama.com\/noticias\/marco-antonio-solis-y-karol-g-una-colaboracion-que-brilla-en-premios-juventud\/","og_site_name":"Cuballama Noticias","article_publisher":"https:\/\/www.facebook.com\/CubaLlama","article_published_time":"2026-09-04T19:31:53+00:00","article_modified_time":"2026-09-04T19:31:57+00:00","og_image":[{"width":1020,"height":536,"url":"https:\/\/cdn1.mediawpaccore.net\/wp-content\/uploads\/2026\/09\/03104322\/image-20.png","type":"image\/png"}],"author":"Roberto A.","twitter_card":"summary_large_image","twitter_creator":"@cuballama","twitter_site":"@cuballama","twitter_misc":{"Escrito por":"Roberto A.","Tiempo de lectura":"3 minutos"},"schema":{"@context":"https:\/\/schema.org","@graph":[{"@type":"Article","@id":"https:\/\/www.cuballama.com\/noticias\/marco-antonio-solis-y-karol-g-una-colaboracion-que-brilla-en-premios-juventud\/#article","isPartOf":{"@id":"https:\/\/www.cuballama.com\/noticias\/marco-antonio-solis-y-karol-g-una-colaboracion-que-brilla-en-premios-juventud\/"},"author":{"name":"Roberto A.","@id":"https:\/\/www.cuballama.com\/noticias\/#\/schema\/person\/a58502ed4146c8e9f83872e897c76cd2"},"headline":"Marco Antonio Sol\u00eds y Karol G: una colaboraci\u00f3n que brilla en Premios Juventud","datePublished":"2026-09-04T19:31:53+00:00","dateModified":"2026-09-04T19:31:57+00:00","mainEntityOfPage":{"@id":"https:\/\/www.cuballama.com\/noticias\/marco-antonio-solis-y-karol-g-una-colaboracion-que-brilla-en-premios-juventud\/"},"wordCount":569,"commentCount":0,"publisher":{"@id":"https:\/\/www.cuballama.com\/noticias\/#organization"},"image":{"@id":"https:\/\/www.cuballama.com\/noticias\/marco-antonio-solis-y-karol-g-una-colaboracion-que-brilla-en-premios-juventud\/#primaryimage"},"thumbnailUrl":"https:\/\/cdn1.mediawpaccore.net\/wp-content\/uploads\/2026\/09\/03104322\/image-20.png","keywords":["Colaboraciones","Far\u00e1ndula","Karol G","Marco Antonio Sol\u00eds","M\u00fasica Latina","nominaciones","Premios Juventud","Tropicoqueta"],"articleSection":["Far\u00e1ndula","Noticias"],"inLanguage":"es","potentialAction":[{"@type":"CommentAction","name":"Comment","target":["https:\/\/www.cuballama.com\/noticias\/marco-antonio-solis-y-karol-g-una-colaboracion-que-brilla-en-premios-juventud\/#respond"]}]},{"@type":"WebPage","@id":"https:\/\/www.cuballama.com\/noticias\/marco-antonio-solis-y-karol-g-una-colaboracion-que-brilla-en-premios-juventud\/","url":"https:\/\/www.cuballama.com\/noticias\/marco-antonio-solis-y-karol-g-una-colaboracion-que-brilla-en-premios-juventud\/","name":"Marco Antonio Sol\u00eds y Karol G: una colaboraci\u00f3n que brilla en Premios Juventud - Cuballama Noticias","isPartOf":{"@id":"https:\/\/www.cuballama.com\/noticias\/#website"},"primaryImageOfPage":{"@id":"https:\/\/www.cuballama.com\/noticias\/marco-antonio-solis-y-karol-g-una-colaboracion-que-brilla-en-premios-juventud\/#primaryimage"},"image":{"@id":"https:\/\/www.cuballama.com\/noticias\/marco-antonio-solis-y-karol-g-una-colaboracion-que-brilla-en-premios-juventud\/#primaryimage"},"thumbnailUrl":"https:\/\/cdn1.mediawpaccore.net\/wp-content\/uploads\/2026\/09\/03104322\/image-20.png","datePublished":"2026-09-04T19:31:53+00:00","dateModified":"2026-09-04T19:31:57+00:00","description":"Marco Antonio Sol\u00eds comparte su emoci\u00f3n por la nominaci\u00f3n junto a Karol G en Premios Juventud, gracias a la canci\u00f3n \"Coleccionando Heridas\".","breadcrumb":{"@id":"https:\/\/www.cuballama.com\/noticias\/marco-antonio-solis-y-karol-g-una-colaboracion-que-brilla-en-premios-juventud\/#breadcrumb"},"inLanguage":"es","potentialAction":[{"@type":"ReadAction","target":["https:\/\/www.cuballama.com\/noticias\/marco-antonio-solis-y-karol-g-una-colaboracion-que-brilla-en-premios-juventud\/"]}]},{"@type":"ImageObject","inLanguage":"es","@id":"https:\/\/www.cuballama.com\/noticias\/marco-antonio-solis-y-karol-g-una-colaboracion-que-brilla-en-premios-juventud\/#primaryimage","url":"https:\/\/cdn1.mediawpaccore.net\/wp-content\/uploads\/2026\/09\/03104322\/image-20.png","contentUrl":"https:\/\/cdn1.mediawpaccore.net\/wp-content\/uploads\/2026\/09\/03104322\/image-20.png","width":1020,"height":536,"caption":"Foto: Generada por la IA"},{"@type":"BreadcrumbList","@id":"https:\/\/www.cuballama.com\/noticias\/marco-antonio-solis-y-karol-g-una-colaboracion-que-brilla-en-premios-juventud\/#breadcrumb","itemListElement":[{"@type":"ListItem","position":1,"name":"Home","item":"https:\/\/www.cuballama.com\/noticias\/"},{"@type":"ListItem","position":2,"name":"Marco Antonio Sol\u00eds y Karol G: una colaboraci\u00f3n que brilla en Premios Juventud"}]},{"@type":"WebSite","@id":"https:\/\/www.cuballama.com\/noticias\/#website","url":"https:\/\/www.cuballama.com\/noticias\/","name":"Cuballama Noticias","description":"Medio digital sobre Cuba y el mundo","publisher":{"@id":"https:\/\/www.cuballama.com\/noticias\/#organization"},"potentialAction":[{"@type":"SearchAction","target":{"@type":"EntryPoint","urlTemplate":"https:\/\/www.cuballama.com\/noticias\/?s={search_term_string}"},"query-input":{"@type":"PropertyValueSpecification","valueRequired":true,"valueName":"search_term_string"}}],"inLanguage":"es"},{"@type":"Organization","@id":"https:\/\/www.cuballama.com\/noticias\/#organization","name":"Cuballama","url":"https:\/\/www.cuballama.com\/noticias\/","logo":{"@type":"ImageObject","inLanguage":"es","@id":"https:\/\/www.cuballama.com\/noticias\/#\/schema\/logo\/image\/","url":"https:\/\/cdn1.mediawpaccore.net\/wp-content\/uploads\/2021\/12\/28171206\/cbll-logo-color-sm.png","contentUrl":"https:\/\/cdn1.mediawpaccore.net\/wp-content\/uploads\/2021\/12\/28171206\/cbll-logo-color-sm.png","width":600,"height":133,"caption":"Cuballama"},"image":{"@id":"https:\/\/www.cuballama.com\/noticias\/#\/schema\/logo\/image\/"},"sameAs":["https:\/\/www.facebook.com\/CubaLlama","https:\/\/x.com\/cuballama","https:\/\/www.instagram.com\/stories\/cuballama_oficial\/","https:\/\/www.youtube.com\/channel\/UCKkFE-d_axENGZcrc4as0IA"]},{"@type":"Person","@id":"https:\/\/www.cuballama.com\/noticias\/#\/schema\/person\/a58502ed4146c8e9f83872e897c76cd2","name":"Roberto A.","description":"Roberto A. Periodista por decisi\u00f3n propia. Interesado en cualquier tema que me apasione y cada vez m\u00e1s comprometido con la verdad y la objetividad period\u00edstica. Graduado en La Habana hace ya muchos a\u00f1os, luego de una accidentada y polvorienta b\u00fasqueda de informaci\u00f3n sobre un tema in\u00e9dito. La Tesis, por cierto, desapareci\u00f3 de la biblioteca y no se conservan copias de la misma.","url":"https:\/\/www.cuballama.com\/noticias\/author\/roberto\/"}]}},"_links":{"self":[{"href":"https:\/\/www.cuballama.com\/noticias\/wp-json\/wp\/v2\/posts\/256029","targetHints":{"allow":["GET"]}}],"collection":[{"href":"https:\/\/www.cuballama.com\/noticias\/wp-json\/wp\/v2\/posts"}],"about":[{"href":"https:\/\/www.cuballama.com\/noticias\/wp-json\/wp\/v2\/types\/post"}],"author":[{"embeddable":true,"href":"https:\/\/www.cuballama.com\/noticias\/wp-json\/wp\/v2\/users\/13"}],"replies":[{"embeddable":true,"href":"https:\/\/www.cuballama.com\/noticias\/wp-json\/wp\/v2\/comments?post=256029"}],"version-history":[{"count":3,"href":"https:\/\/www.cuballama.com\/noticias\/wp-json\/wp\/v2\/posts\/256029\/revisions"}],"predecessor-version":[{"id":256037,"href":"https:\/\/www.cuballama.com\/noticias\/wp-json\/wp\/v2\/posts\/256029\/revisions\/256037"}],"wp:featuredmedia":[{"embeddable":true,"href":"https:\/\/www.cuballama.com\/noticias\/wp-json\/wp\/v2\/media\/256035"}],"wp:attachment":[{"href":"https:\/\/www.cuballama.com\/noticias\/wp-json\/wp\/v2\/media?parent=256029"}],"wp:term":[{"taxonomy":"category","embeddable":true,"href":"https:\/\/www.cuballama.com\/noticias\/wp-json\/wp\/v2\/categories?post=256029"},{"taxonomy":"post_tag","embeddable":true,"href":"https:\/\/www.cuballama.com\/noticias\/wp-json\/wp\/v2\/tags?post=256029"}],"curies":[{"name":"wp","href":"https:\/\/api.w.org\/{rel}","templated":true}]}}