{"id":256024,"date":"2026-09-03T13:36:49","date_gmt":"2026-09-03T17:36:49","guid":{"rendered":"https:\/\/www.cuballama.com\/noticias\/?p=256024"},"modified":"2026-09-03T13:36:55","modified_gmt":"2026-09-03T17:36:55","slug":"wisin-presenta-hoy-3-de-septiembre-su-universidad-del-perreo-el-mismo-dia-que-actua-en-premios-juventud","status":"publish","type":"post","link":"https:\/\/www.cuballama.com\/noticias\/wisin-presenta-hoy-3-de-septiembre-su-universidad-del-perreo-el-mismo-dia-que-actua-en-premios-juventud\/","title":{"rendered":"Wisin presenta hoy 3 de septiembre su \u00abUniversidad del Perreo\u00bb el mismo d\u00eda que act\u00faa en Premios Juventud"},"content":{"rendered":"\n<h2 class=\"wp-block-heading\">El artista puertorrique\u00f1o estrena hoy su nuevo \u00e1lbum conceptual, que busca repasar la historia del reguet\u00f3n con Ivy Queen como primera \u00abprofesora invitada\u00bb, coincidiendo con su actuaci\u00f3n en la gala de Premios Juventud 2026.<\/h2>\n\n\n\n<p class=\"wp-block-paragraph\">Wisin lanza este 3 de septiembre \u00abLa Universidad del Perreo\u00bb, su nuevo \u00e1lbum, concebido como un proyecto que combina m\u00fasica con un concepto educativo sobre la historia del reguet\u00f3n. El artista puertorrique\u00f1o lo ha descrito como una iniciativa que busca \u00abmezclar la m\u00fasica con el estudio\u00bb y rendir homenaje a los pioneros del g\u00e9nero, en momentos en que tambi\u00e9n se prepara para actuar esta misma noche en la gala de los Premios Juventud 2026, en Starlite Marbella.<\/p>\n\n\n\n<p class=\"wp-block-paragraph\">El adelanto del proyecto lleg\u00f3 a finales de agosto con el sencillo \u00abHasta Abajo\u00bb, en el que Ivy Queen aparece como la primera \u00abprofesora invitada\u00bb de la llamada universidad, presentando el tema como la \u00abprimera lecci\u00f3n\u00bb dentro del concepto que ha construido Wisin. La cantante puertorrique\u00f1a, una de las voces fundacionales del reguet\u00f3n, encarna en el video musical el papel de instructora, en l\u00ednea con la idea de reconectar a las nuevas generaciones con el sonido original del g\u00e9nero.<\/p>\n\n\n\n<p class=\"wp-block-paragraph\">El material promocional del \u00e1lbum ha mostrado tambi\u00e9n im\u00e1genes de otros nombres ligados a la historia temprana del reguet\u00f3n underground, como Jowell, Randy y Franco El Gorila, lo que ha alimentado la expectativa sobre futuras colaboraciones dentro del proyecto, aunque hasta el momento solo la participaci\u00f3n de Ivy Queen ha sido confirmada oficialmente como parte de la \u00abUniversidad del Perreo\u00bb.<\/p>\n\n\n\n<p class=\"wp-block-paragraph\">Wisin llega adem\u00e1s a Premios Juventud 2026 como uno de los artistas nominados de la noche, compitiendo en las categor\u00edas de Mezcla Tropical y Mejor \u00c1lbum Urbano, y tiene previsto interpretar un popurr\u00ed con tres de sus canciones durante la transmisi\u00f3n de la gala, que se celebra por primera vez en Europa, en Marbella, Espa\u00f1a.<\/p>\n\n\n\n<p class=\"wp-block-paragraph\">El anuncio del \u00e1lbum gener\u00f3 reacciones divididas en redes sociales, donde varios usuarios recibieron el concepto de la \u00abUniversidad del Perreo\u00bb con bromas, mientras otros lo celebraron como un reconocimiento necesario al legado cultural del reguet\u00f3n. El propio Wisin ha insistido en entrevistas en que el proyecto busca, ante todo, honrar a quienes construyeron el g\u00e9nero desde sus or\u00edgenes, m\u00e1s all\u00e1 del tono desenfadado con el que se ha presentado p\u00fablicamente la propuesta.<\/p>\n\n\n\n<p class=\"wp-block-paragraph\">Por ahora, no hay confirmaci\u00f3n oficial de una lista completa de colaboradores del \u00e1lbum ni de futuras \u00abclases\u00bb o entregas del proyecto; esos detalles, seg\u00fan los propios reportes, se ir\u00e1n revelando en las pr\u00f3ximas semanas.<\/p>\n\n\n\n<p class=\"wp-block-paragraph\">El lanzamiento llega en un momento de alta visibilidad para Wisin, que adem\u00e1s de su participaci\u00f3n en Premios Juventud atraviesa un a\u00f1o activo en el circuito de festivales y giras urbanas en espa\u00f1ol. La narrativa de la \u00abuniversidad\u00bb se apoya en un recurso que el g\u00e9nero ha usado antes \u2014presentar la nueva generaci\u00f3n del reguet\u00f3n como heredera directa de sus fundadores\u2014, y busca posicionar el \u00e1lbum tanto como producto musical como pieza de reivindicaci\u00f3n hist\u00f3rica para artistas que definieron el sonido original del movimiento antes de su explosi\u00f3n comercial internacional.<\/p>\n\n\n\n<figure class=\"wp-block-embed is-type-video is-provider-youtube wp-block-embed-youtube wp-embed-aspect-9-16 wp-has-aspect-ratio\"><div class=\"wp-block-embed__wrapper\">\n<div class=\"youtube-embed\" data-video_id=\"\"><iframe loading=\"lazy\" title=\"Wisin revela que &amp;apos;La Universidad del Perreo&amp;apos; se inaugura en esta edici\u00f3n de Premios Juventud | #gyf\" width=\"563\" height=\"1000\" src=\"https:\/\/www.youtube.com\/embed\/80vPQajCfFw?feature=oembed&#038;enablejsapi=1\" frameborder=\"0\" allow=\"accelerometer; autoplay; clipboard-write; encrypted-media; gyroscope; picture-in-picture; web-share\" referrerpolicy=\"strict-origin-when-cross-origin\" allowfullscreen><\/iframe><\/div>\n<\/div><\/figure>\n\n\n\n<p class=\"wp-block-paragraph\">[FUENTES]<br>El Diario NY, \u00abWisin saca su primer sencillo de la Universidad del Perreo con Ivy Queen\u00bb, <a href=\"https:\/\/eldiariony.com\/2026\/08\/28\/wisin-saca-su-primer-sencillo-de-la-universidad-del-perreo-con-ivy-queen\/\" target=\"_blank\" rel=\"noreferrer noopener nofollow\">https:\/\/eldiariony.com\/2026\/08\/28\/wisin-saca-su-primer-sencillo-de-la-universidad-del-perreo-con-ivy-queen\/<\/a><br>Publimetro, \u00abWisin inaugur\u00f3 su Universidad del Perreo junto a Ivy Queen y otros lanzamientos que escuchar este fin de semana\u00bb, <a href=\"https:\/\/www.publimetro.co\/entretenimiento\/2026\/08\/28\/wisin-inauguro-su-universidad-del-perreo-junto-a-ivy-queen-y-otros-lanzamientos-que-escuchar-este-fin-de-semana\/\" target=\"_blank\" rel=\"noreferrer noopener nofollow\">https:\/\/www.publimetro.co\/entretenimiento\/2026\/08\/28\/wisin-inauguro-su-universidad-del-perreo-junto-a-ivy-queen-y-otros-lanzamientos-que-escuchar-este-fin-de-semana\/<\/a><br>Expreso.ec, \u00abWisin anuncia el \u00e1lbum &#8216;Universidad del Perreo&#8217; y confirma estreno 3 de septiembre\u00bb, <a href=\"https:\/\/www.expreso.ec\/entretenimiento\/wisin-anuncia-album-universidad-perreo-confirma-estreno-3-septiembre-293485.html\" target=\"_blank\" rel=\"noreferrer noopener nofollow\">https:\/\/www.expreso.ec\/entretenimiento\/wisin-anuncia-album-universidad-perreo-confirma-estreno-3-septiembre-293485.html<\/a><br>El Metropolitano Digital, \u00ab\u00c1ngela Aguilar, Wisin y Camilo actuar\u00e1n en la gala europea de los Premios Juventud\u00bb, <a href=\"https:\/\/www.elmetropolitanodigital.com\/2026\/08\/angela-aguilar-wisin-y-camilo-actuaran-en-la-gala-europea-de-los-premios-juventud\/\" target=\"_blank\" rel=\"noreferrer noopener nofollow\">https:\/\/www.elmetropolitanodigital.com\/2026\/08\/angela-aguilar-wisin-y-camilo-actuaran-en-la-gala-europea-de-los-premios-juventud\/<\/a><br>Canal &#8211; El Gordo Y La Flaca, \u00abWisin revela que &#8216;La Universidad del Perreo&#8217; se inaugura en esta edici\u00f3n de Premios Juventud\u00bb, <a href=\"https:\/\/www.youtube.com\/shorts\/80vPQajCfFw\">https:\/\/www.youtube.com\/shorts\/80vPQajCfFw<\/a><\/p>\n","protected":false},"excerpt":{"rendered":"<p>Wisin estrena este 3 de septiembre \u00abLa Universidad del Perreo\u00bb, su nuevo \u00e1lbum conceptual dedicado a repasar la historia y el sonido original del reguet\u00f3n. Ivy Queen debut\u00f3 como primera \u00abprofesora invitada\u00bb en el sencillo \u00abHasta Abajo\u00bb, adelantado a finales de agosto. El lanzamiento coincide con la actuaci\u00f3n de Wisin esta misma noche en los Premios Juventud 2026.<\/p>\n","protected":false},"author":13,"featured_media":209965,"comment_status":"open","ping_status":"closed","sticky":false,"template":"","format":"standard","meta":{"_acf_changed":false,"footnotes":""},"categories":[443,18],"tags":[20464,268,10837,260,10394,349,37872,3563],"class_list":["post-256024","post","type-post","status-publish","format-standard","has-post-thumbnail","category-farandula","category-noticias","tag-cultura-pop","tag-farandula","tag-ivy-queen","tag-musica-urbana","tag-premios-juventud","tag-regueton","tag-universidad-del-perreo","tag-wisin"],"acf":[],"yoast_head":"<!-- This site is optimized with the Yoast SEO plugin v28.3 - https:\/\/yoast.com\/product\/yoast-seo-wordpress\/ -->\n<title>Wisin lanza hoy su \u00e1lbum &quot;La Universidad del Perreo&quot; con Ivy Queen como primera &quot;profesora&quot; - Cuballama Noticias<\/title>\n<meta name=\"description\" content=\"Wisin lanza su \u00e1lbum &quot;La Universidad del Perreo&quot; este 3 de septiembre, con Ivy Queen como primera profesora invitada, el mismo d\u00eda que act\u00faa en Premios Juventud.\" \/>\n<meta name=\"robots\" content=\"index, follow, max-snippet:-1, max-image-preview:large, max-video-preview:-1\" \/>\n<link rel=\"canonical\" href=\"https:\/\/www.cuballama.com\/noticias\/wisin-presenta-hoy-3-de-septiembre-su-universidad-del-perreo-el-mismo-dia-que-actua-en-premios-juventud\/\" \/>\n<meta property=\"og:locale\" content=\"es_ES\" \/>\n<meta property=\"og:type\" content=\"article\" \/>\n<meta property=\"og:title\" content=\"Wisin lanza hoy su \u00e1lbum &quot;La Universidad del Perreo&quot; con Ivy Queen como primera &quot;profesora&quot; - Cuballama Noticias\" \/>\n<meta property=\"og:description\" content=\"Wisin lanza su \u00e1lbum &quot;La Universidad del Perreo&quot; este 3 de septiembre, con Ivy Queen como primera profesora invitada, el mismo d\u00eda que act\u00faa en Premios Juventud.\" \/>\n<meta property=\"og:url\" content=\"https:\/\/www.cuballama.com\/noticias\/wisin-presenta-hoy-3-de-septiembre-su-universidad-del-perreo-el-mismo-dia-que-actua-en-premios-juventud\/\" \/>\n<meta property=\"og:site_name\" content=\"Cuballama Noticias\" \/>\n<meta property=\"article:publisher\" content=\"https:\/\/www.facebook.com\/CubaLlama\" \/>\n<meta property=\"article:published_time\" content=\"2026-09-03T17:36:49+00:00\" \/>\n<meta property=\"article:modified_time\" content=\"2026-09-03T17:36:55+00:00\" \/>\n<meta property=\"og:image\" content=\"https:\/\/cdn1.mediawpaccore.net\/wp-content\/uploads\/2025\/06\/10064343\/image-27-e1749552286779.png\" \/>\n\t<meta property=\"og:image:width\" content=\"916\" \/>\n\t<meta property=\"og:image:height\" content=\"455\" \/>\n\t<meta property=\"og:image:type\" content=\"image\/png\" \/>\n<meta name=\"author\" content=\"Roberto A.\" \/>\n<meta name=\"twitter:card\" content=\"summary_large_image\" \/>\n<meta name=\"twitter:creator\" content=\"@cuballama\" \/>\n<meta name=\"twitter:site\" content=\"@cuballama\" \/>\n<meta name=\"twitter:label1\" content=\"Escrito por\" \/>\n\t<meta name=\"twitter:data1\" content=\"Roberto A.\" \/>\n\t<meta name=\"twitter:label2\" content=\"Tiempo de lectura\" \/>\n\t<meta name=\"twitter:data2\" content=\"3 minutos\" \/>\n<script type=\"application\/ld+json\" class=\"yoast-schema-graph\">{\"@context\":\"https:\\\/\\\/schema.org\",\"@graph\":[{\"@type\":\"Article\",\"@id\":\"https:\\\/\\\/www.cuballama.com\\\/noticias\\\/wisin-presenta-hoy-3-de-septiembre-su-universidad-del-perreo-el-mismo-dia-que-actua-en-premios-juventud\\\/#article\",\"isPartOf\":{\"@id\":\"https:\\\/\\\/www.cuballama.com\\\/noticias\\\/wisin-presenta-hoy-3-de-septiembre-su-universidad-del-perreo-el-mismo-dia-que-actua-en-premios-juventud\\\/\"},\"author\":{\"name\":\"Roberto A.\",\"@id\":\"https:\\\/\\\/www.cuballama.com\\\/noticias\\\/#\\\/schema\\\/person\\\/a58502ed4146c8e9f83872e897c76cd2\"},\"headline\":\"Wisin presenta hoy 3 de septiembre su \u00abUniversidad del Perreo\u00bb el mismo d\u00eda que act\u00faa en Premios Juventud\",\"datePublished\":\"2026-09-03T17:36:49+00:00\",\"dateModified\":\"2026-09-03T17:36:55+00:00\",\"mainEntityOfPage\":{\"@id\":\"https:\\\/\\\/www.cuballama.com\\\/noticias\\\/wisin-presenta-hoy-3-de-septiembre-su-universidad-del-perreo-el-mismo-dia-que-actua-en-premios-juventud\\\/\"},\"wordCount\":686,\"commentCount\":0,\"publisher\":{\"@id\":\"https:\\\/\\\/www.cuballama.com\\\/noticias\\\/#organization\"},\"image\":{\"@id\":\"https:\\\/\\\/www.cuballama.com\\\/noticias\\\/wisin-presenta-hoy-3-de-septiembre-su-universidad-del-perreo-el-mismo-dia-que-actua-en-premios-juventud\\\/#primaryimage\"},\"thumbnailUrl\":\"https:\\\/\\\/cdn1.mediawpaccore.net\\\/wp-content\\\/uploads\\\/2025\\\/06\\\/10064343\\\/image-27-e1749552286779.png\",\"keywords\":[\"Cultura Pop\",\"Far\u00e1ndula\",\"Ivy Queen\",\"M\u00fasica urbana\",\"Premios Juventud\",\"reguet\u00f3n\",\"Universidad del Perreo\",\"Wisin\"],\"articleSection\":[\"Far\u00e1ndula\",\"Noticias\"],\"inLanguage\":\"es\",\"potentialAction\":[{\"@type\":\"CommentAction\",\"name\":\"Comment\",\"target\":[\"https:\\\/\\\/www.cuballama.com\\\/noticias\\\/wisin-presenta-hoy-3-de-septiembre-su-universidad-del-perreo-el-mismo-dia-que-actua-en-premios-juventud\\\/#respond\"]}]},{\"@type\":\"WebPage\",\"@id\":\"https:\\\/\\\/www.cuballama.com\\\/noticias\\\/wisin-presenta-hoy-3-de-septiembre-su-universidad-del-perreo-el-mismo-dia-que-actua-en-premios-juventud\\\/\",\"url\":\"https:\\\/\\\/www.cuballama.com\\\/noticias\\\/wisin-presenta-hoy-3-de-septiembre-su-universidad-del-perreo-el-mismo-dia-que-actua-en-premios-juventud\\\/\",\"name\":\"Wisin lanza hoy su \u00e1lbum \\\"La Universidad del Perreo\\\" con Ivy Queen como primera \\\"profesora\\\" - Cuballama Noticias\",\"isPartOf\":{\"@id\":\"https:\\\/\\\/www.cuballama.com\\\/noticias\\\/#website\"},\"primaryImageOfPage\":{\"@id\":\"https:\\\/\\\/www.cuballama.com\\\/noticias\\\/wisin-presenta-hoy-3-de-septiembre-su-universidad-del-perreo-el-mismo-dia-que-actua-en-premios-juventud\\\/#primaryimage\"},\"image\":{\"@id\":\"https:\\\/\\\/www.cuballama.com\\\/noticias\\\/wisin-presenta-hoy-3-de-septiembre-su-universidad-del-perreo-el-mismo-dia-que-actua-en-premios-juventud\\\/#primaryimage\"},\"thumbnailUrl\":\"https:\\\/\\\/cdn1.mediawpaccore.net\\\/wp-content\\\/uploads\\\/2025\\\/06\\\/10064343\\\/image-27-e1749552286779.png\",\"datePublished\":\"2026-09-03T17:36:49+00:00\",\"dateModified\":\"2026-09-03T17:36:55+00:00\",\"description\":\"Wisin lanza su \u00e1lbum \\\"La Universidad del Perreo\\\" este 3 de septiembre, con Ivy Queen como primera profesora invitada, el mismo d\u00eda que act\u00faa en Premios Juventud.\",\"breadcrumb\":{\"@id\":\"https:\\\/\\\/www.cuballama.com\\\/noticias\\\/wisin-presenta-hoy-3-de-septiembre-su-universidad-del-perreo-el-mismo-dia-que-actua-en-premios-juventud\\\/#breadcrumb\"},\"inLanguage\":\"es\",\"potentialAction\":[{\"@type\":\"ReadAction\",\"target\":[\"https:\\\/\\\/www.cuballama.com\\\/noticias\\\/wisin-presenta-hoy-3-de-septiembre-su-universidad-del-perreo-el-mismo-dia-que-actua-en-premios-juventud\\\/\"]}]},{\"@type\":\"ImageObject\",\"inLanguage\":\"es\",\"@id\":\"https:\\\/\\\/www.cuballama.com\\\/noticias\\\/wisin-presenta-hoy-3-de-septiembre-su-universidad-del-perreo-el-mismo-dia-que-actua-en-premios-juventud\\\/#primaryimage\",\"url\":\"https:\\\/\\\/cdn1.mediawpaccore.net\\\/wp-content\\\/uploads\\\/2025\\\/06\\\/10064343\\\/image-27-e1749552286779.png\",\"contentUrl\":\"https:\\\/\\\/cdn1.mediawpaccore.net\\\/wp-content\\\/uploads\\\/2025\\\/06\\\/10064343\\\/image-27-e1749552286779.png\",\"width\":916,\"height\":455,\"caption\":\"Foto: V\u00eda Instagram \\\/ @wisin\"},{\"@type\":\"BreadcrumbList\",\"@id\":\"https:\\\/\\\/www.cuballama.com\\\/noticias\\\/wisin-presenta-hoy-3-de-septiembre-su-universidad-del-perreo-el-mismo-dia-que-actua-en-premios-juventud\\\/#breadcrumb\",\"itemListElement\":[{\"@type\":\"ListItem\",\"position\":1,\"name\":\"Home\",\"item\":\"https:\\\/\\\/www.cuballama.com\\\/noticias\\\/\"},{\"@type\":\"ListItem\",\"position\":2,\"name\":\"Wisin presenta hoy 3 de septiembre su \u00abUniversidad del Perreo\u00bb el mismo d\u00eda que act\u00faa en Premios Juventud\"}]},{\"@type\":\"WebSite\",\"@id\":\"https:\\\/\\\/www.cuballama.com\\\/noticias\\\/#website\",\"url\":\"https:\\\/\\\/www.cuballama.com\\\/noticias\\\/\",\"name\":\"Cuballama Noticias\",\"description\":\"Medio digital sobre Cuba y el mundo\",\"publisher\":{\"@id\":\"https:\\\/\\\/www.cuballama.com\\\/noticias\\\/#organization\"},\"potentialAction\":[{\"@type\":\"SearchAction\",\"target\":{\"@type\":\"EntryPoint\",\"urlTemplate\":\"https:\\\/\\\/www.cuballama.com\\\/noticias\\\/?s={search_term_string}\"},\"query-input\":{\"@type\":\"PropertyValueSpecification\",\"valueRequired\":true,\"valueName\":\"search_term_string\"}}],\"inLanguage\":\"es\"},{\"@type\":\"Organization\",\"@id\":\"https:\\\/\\\/www.cuballama.com\\\/noticias\\\/#organization\",\"name\":\"Cuballama\",\"url\":\"https:\\\/\\\/www.cuballama.com\\\/noticias\\\/\",\"logo\":{\"@type\":\"ImageObject\",\"inLanguage\":\"es\",\"@id\":\"https:\\\/\\\/www.cuballama.com\\\/noticias\\\/#\\\/schema\\\/logo\\\/image\\\/\",\"url\":\"https:\\\/\\\/cdn1.mediawpaccore.net\\\/wp-content\\\/uploads\\\/2021\\\/12\\\/28171206\\\/cbll-logo-color-sm.png\",\"contentUrl\":\"https:\\\/\\\/cdn1.mediawpaccore.net\\\/wp-content\\\/uploads\\\/2021\\\/12\\\/28171206\\\/cbll-logo-color-sm.png\",\"width\":600,\"height\":133,\"caption\":\"Cuballama\"},\"image\":{\"@id\":\"https:\\\/\\\/www.cuballama.com\\\/noticias\\\/#\\\/schema\\\/logo\\\/image\\\/\"},\"sameAs\":[\"https:\\\/\\\/www.facebook.com\\\/CubaLlama\",\"https:\\\/\\\/x.com\\\/cuballama\",\"https:\\\/\\\/www.instagram.com\\\/stories\\\/cuballama_oficial\\\/\",\"https:\\\/\\\/www.youtube.com\\\/channel\\\/UCKkFE-d_axENGZcrc4as0IA\"]},{\"@type\":\"Person\",\"@id\":\"https:\\\/\\\/www.cuballama.com\\\/noticias\\\/#\\\/schema\\\/person\\\/a58502ed4146c8e9f83872e897c76cd2\",\"name\":\"Roberto A.\",\"description\":\"Roberto A. Periodista por decisi\u00f3n propia. Interesado en cualquier tema que me apasione y cada vez m\u00e1s comprometido con la verdad y la objetividad period\u00edstica. Graduado en La Habana hace ya muchos a\u00f1os, luego de una accidentada y polvorienta b\u00fasqueda de informaci\u00f3n sobre un tema in\u00e9dito. La Tesis, por cierto, desapareci\u00f3 de la biblioteca y no se conservan copias de la misma.\",\"url\":\"https:\\\/\\\/www.cuballama.com\\\/noticias\\\/author\\\/roberto\\\/\"}]}<\/script>\n<!-- \/ Yoast SEO plugin. -->","yoast_head_json":{"title":"Wisin lanza hoy su \u00e1lbum \"La Universidad del Perreo\" con Ivy Queen como primera \"profesora\" - Cuballama Noticias","description":"Wisin lanza su \u00e1lbum \"La Universidad del Perreo\" este 3 de septiembre, con Ivy Queen como primera profesora invitada, el mismo d\u00eda que act\u00faa en Premios Juventud.","robots":{"index":"index","follow":"follow","max-snippet":"max-snippet:-1","max-image-preview":"max-image-preview:large","max-video-preview":"max-video-preview:-1"},"canonical":"https:\/\/www.cuballama.com\/noticias\/wisin-presenta-hoy-3-de-septiembre-su-universidad-del-perreo-el-mismo-dia-que-actua-en-premios-juventud\/","og_locale":"es_ES","og_type":"article","og_title":"Wisin lanza hoy su \u00e1lbum \"La Universidad del Perreo\" con Ivy Queen como primera \"profesora\" - Cuballama Noticias","og_description":"Wisin lanza su \u00e1lbum \"La Universidad del Perreo\" este 3 de septiembre, con Ivy Queen como primera profesora invitada, el mismo d\u00eda que act\u00faa en Premios Juventud.","og_url":"https:\/\/www.cuballama.com\/noticias\/wisin-presenta-hoy-3-de-septiembre-su-universidad-del-perreo-el-mismo-dia-que-actua-en-premios-juventud\/","og_site_name":"Cuballama Noticias","article_publisher":"https:\/\/www.facebook.com\/CubaLlama","article_published_time":"2026-09-03T17:36:49+00:00","article_modified_time":"2026-09-03T17:36:55+00:00","og_image":[{"width":916,"height":455,"url":"https:\/\/cdn1.mediawpaccore.net\/wp-content\/uploads\/2025\/06\/10064343\/image-27-e1749552286779.png","type":"image\/png"}],"author":"Roberto A.","twitter_card":"summary_large_image","twitter_creator":"@cuballama","twitter_site":"@cuballama","twitter_misc":{"Escrito por":"Roberto A.","Tiempo de lectura":"3 minutos"},"schema":{"@context":"https:\/\/schema.org","@graph":[{"@type":"Article","@id":"https:\/\/www.cuballama.com\/noticias\/wisin-presenta-hoy-3-de-septiembre-su-universidad-del-perreo-el-mismo-dia-que-actua-en-premios-juventud\/#article","isPartOf":{"@id":"https:\/\/www.cuballama.com\/noticias\/wisin-presenta-hoy-3-de-septiembre-su-universidad-del-perreo-el-mismo-dia-que-actua-en-premios-juventud\/"},"author":{"name":"Roberto A.","@id":"https:\/\/www.cuballama.com\/noticias\/#\/schema\/person\/a58502ed4146c8e9f83872e897c76cd2"},"headline":"Wisin presenta hoy 3 de septiembre su \u00abUniversidad del Perreo\u00bb el mismo d\u00eda que act\u00faa en Premios Juventud","datePublished":"2026-09-03T17:36:49+00:00","dateModified":"2026-09-03T17:36:55+00:00","mainEntityOfPage":{"@id":"https:\/\/www.cuballama.com\/noticias\/wisin-presenta-hoy-3-de-septiembre-su-universidad-del-perreo-el-mismo-dia-que-actua-en-premios-juventud\/"},"wordCount":686,"commentCount":0,"publisher":{"@id":"https:\/\/www.cuballama.com\/noticias\/#organization"},"image":{"@id":"https:\/\/www.cuballama.com\/noticias\/wisin-presenta-hoy-3-de-septiembre-su-universidad-del-perreo-el-mismo-dia-que-actua-en-premios-juventud\/#primaryimage"},"thumbnailUrl":"https:\/\/cdn1.mediawpaccore.net\/wp-content\/uploads\/2025\/06\/10064343\/image-27-e1749552286779.png","keywords":["Cultura Pop","Far\u00e1ndula","Ivy Queen","M\u00fasica urbana","Premios Juventud","reguet\u00f3n","Universidad del Perreo","Wisin"],"articleSection":["Far\u00e1ndula","Noticias"],"inLanguage":"es","potentialAction":[{"@type":"CommentAction","name":"Comment","target":["https:\/\/www.cuballama.com\/noticias\/wisin-presenta-hoy-3-de-septiembre-su-universidad-del-perreo-el-mismo-dia-que-actua-en-premios-juventud\/#respond"]}]},{"@type":"WebPage","@id":"https:\/\/www.cuballama.com\/noticias\/wisin-presenta-hoy-3-de-septiembre-su-universidad-del-perreo-el-mismo-dia-que-actua-en-premios-juventud\/","url":"https:\/\/www.cuballama.com\/noticias\/wisin-presenta-hoy-3-de-septiembre-su-universidad-del-perreo-el-mismo-dia-que-actua-en-premios-juventud\/","name":"Wisin lanza hoy su \u00e1lbum \"La Universidad del Perreo\" con Ivy Queen como primera \"profesora\" - Cuballama Noticias","isPartOf":{"@id":"https:\/\/www.cuballama.com\/noticias\/#website"},"primaryImageOfPage":{"@id":"https:\/\/www.cuballama.com\/noticias\/wisin-presenta-hoy-3-de-septiembre-su-universidad-del-perreo-el-mismo-dia-que-actua-en-premios-juventud\/#primaryimage"},"image":{"@id":"https:\/\/www.cuballama.com\/noticias\/wisin-presenta-hoy-3-de-septiembre-su-universidad-del-perreo-el-mismo-dia-que-actua-en-premios-juventud\/#primaryimage"},"thumbnailUrl":"https:\/\/cdn1.mediawpaccore.net\/wp-content\/uploads\/2025\/06\/10064343\/image-27-e1749552286779.png","datePublished":"2026-09-03T17:36:49+00:00","dateModified":"2026-09-03T17:36:55+00:00","description":"Wisin lanza su \u00e1lbum \"La Universidad del Perreo\" este 3 de septiembre, con Ivy Queen como primera profesora invitada, el mismo d\u00eda que act\u00faa en Premios Juventud.","breadcrumb":{"@id":"https:\/\/www.cuballama.com\/noticias\/wisin-presenta-hoy-3-de-septiembre-su-universidad-del-perreo-el-mismo-dia-que-actua-en-premios-juventud\/#breadcrumb"},"inLanguage":"es","potentialAction":[{"@type":"ReadAction","target":["https:\/\/www.cuballama.com\/noticias\/wisin-presenta-hoy-3-de-septiembre-su-universidad-del-perreo-el-mismo-dia-que-actua-en-premios-juventud\/"]}]},{"@type":"ImageObject","inLanguage":"es","@id":"https:\/\/www.cuballama.com\/noticias\/wisin-presenta-hoy-3-de-septiembre-su-universidad-del-perreo-el-mismo-dia-que-actua-en-premios-juventud\/#primaryimage","url":"https:\/\/cdn1.mediawpaccore.net\/wp-content\/uploads\/2025\/06\/10064343\/image-27-e1749552286779.png","contentUrl":"https:\/\/cdn1.mediawpaccore.net\/wp-content\/uploads\/2025\/06\/10064343\/image-27-e1749552286779.png","width":916,"height":455,"caption":"Foto: V\u00eda Instagram \/ @wisin"},{"@type":"BreadcrumbList","@id":"https:\/\/www.cuballama.com\/noticias\/wisin-presenta-hoy-3-de-septiembre-su-universidad-del-perreo-el-mismo-dia-que-actua-en-premios-juventud\/#breadcrumb","itemListElement":[{"@type":"ListItem","position":1,"name":"Home","item":"https:\/\/www.cuballama.com\/noticias\/"},{"@type":"ListItem","position":2,"name":"Wisin presenta hoy 3 de septiembre su \u00abUniversidad del Perreo\u00bb el mismo d\u00eda que act\u00faa en Premios Juventud"}]},{"@type":"WebSite","@id":"https:\/\/www.cuballama.com\/noticias\/#website","url":"https:\/\/www.cuballama.com\/noticias\/","name":"Cuballama Noticias","description":"Medio digital sobre Cuba y el mundo","publisher":{"@id":"https:\/\/www.cuballama.com\/noticias\/#organization"},"potentialAction":[{"@type":"SearchAction","target":{"@type":"EntryPoint","urlTemplate":"https:\/\/www.cuballama.com\/noticias\/?s={search_term_string}"},"query-input":{"@type":"PropertyValueSpecification","valueRequired":true,"valueName":"search_term_string"}}],"inLanguage":"es"},{"@type":"Organization","@id":"https:\/\/www.cuballama.com\/noticias\/#organization","name":"Cuballama","url":"https:\/\/www.cuballama.com\/noticias\/","logo":{"@type":"ImageObject","inLanguage":"es","@id":"https:\/\/www.cuballama.com\/noticias\/#\/schema\/logo\/image\/","url":"https:\/\/cdn1.mediawpaccore.net\/wp-content\/uploads\/2021\/12\/28171206\/cbll-logo-color-sm.png","contentUrl":"https:\/\/cdn1.mediawpaccore.net\/wp-content\/uploads\/2021\/12\/28171206\/cbll-logo-color-sm.png","width":600,"height":133,"caption":"Cuballama"},"image":{"@id":"https:\/\/www.cuballama.com\/noticias\/#\/schema\/logo\/image\/"},"sameAs":["https:\/\/www.facebook.com\/CubaLlama","https:\/\/x.com\/cuballama","https:\/\/www.instagram.com\/stories\/cuballama_oficial\/","https:\/\/www.youtube.com\/channel\/UCKkFE-d_axENGZcrc4as0IA"]},{"@type":"Person","@id":"https:\/\/www.cuballama.com\/noticias\/#\/schema\/person\/a58502ed4146c8e9f83872e897c76cd2","name":"Roberto A.","description":"Roberto A. Periodista por decisi\u00f3n propia. Interesado en cualquier tema que me apasione y cada vez m\u00e1s comprometido con la verdad y la objetividad period\u00edstica. Graduado en La Habana hace ya muchos a\u00f1os, luego de una accidentada y polvorienta b\u00fasqueda de informaci\u00f3n sobre un tema in\u00e9dito. La Tesis, por cierto, desapareci\u00f3 de la biblioteca y no se conservan copias de la misma.","url":"https:\/\/www.cuballama.com\/noticias\/author\/roberto\/"}]}},"_links":{"self":[{"href":"https:\/\/www.cuballama.com\/noticias\/wp-json\/wp\/v2\/posts\/256024","targetHints":{"allow":["GET"]}}],"collection":[{"href":"https:\/\/www.cuballama.com\/noticias\/wp-json\/wp\/v2\/posts"}],"about":[{"href":"https:\/\/www.cuballama.com\/noticias\/wp-json\/wp\/v2\/types\/post"}],"author":[{"embeddable":true,"href":"https:\/\/www.cuballama.com\/noticias\/wp-json\/wp\/v2\/users\/13"}],"replies":[{"embeddable":true,"href":"https:\/\/www.cuballama.com\/noticias\/wp-json\/wp\/v2\/comments?post=256024"}],"version-history":[{"count":3,"href":"https:\/\/www.cuballama.com\/noticias\/wp-json\/wp\/v2\/posts\/256024\/revisions"}],"predecessor-version":[{"id":256039,"href":"https:\/\/www.cuballama.com\/noticias\/wp-json\/wp\/v2\/posts\/256024\/revisions\/256039"}],"wp:featuredmedia":[{"embeddable":true,"href":"https:\/\/www.cuballama.com\/noticias\/wp-json\/wp\/v2\/media\/209965"}],"wp:attachment":[{"href":"https:\/\/www.cuballama.com\/noticias\/wp-json\/wp\/v2\/media?parent=256024"}],"wp:term":[{"taxonomy":"category","embeddable":true,"href":"https:\/\/www.cuballama.com\/noticias\/wp-json\/wp\/v2\/categories?post=256024"},{"taxonomy":"post_tag","embeddable":true,"href":"https:\/\/www.cuballama.com\/noticias\/wp-json\/wp\/v2\/tags?post=256024"}],"curies":[{"name":"wp","href":"https:\/\/api.w.org\/{rel}","templated":true}]}}