{"id":256022,"date":"2026-09-03T13:33:54","date_gmt":"2026-09-03T17:33:54","guid":{"rendered":"https:\/\/www.cuballama.com\/noticias\/?p=256022"},"modified":"2026-09-03T13:34:02","modified_gmt":"2026-09-03T17:34:02","slug":"el-gordo-y-la-flaca-repasan-los-outfits-mas-iconicos-y-que-marcaron-historia-en-los-premios-juventud","status":"publish","type":"post","link":"https:\/\/www.cuballama.com\/noticias\/el-gordo-y-la-flaca-repasan-los-outfits-mas-iconicos-y-que-marcaron-historia-en-los-premios-juventud\/","title":{"rendered":"El Gordo y La Flaca repasan los outfits m\u00e1s ic\u00f3nicos y que marcaron historia en los Premios Juventud"},"content":{"rendered":"\n<h2 class=\"wp-block-heading\">Un recorrido por los estilos que han dejado huella en la alfombra roja de Premios Juventud, entre aciertos celebrados y outfits que se volvieron blanco de burlas.<\/h2>\n\n\n\n<p class=\"wp-block-paragraph\">Los Premios Juventud siempre han sido un escaparate de talento y moda, donde las estrellas latinas deslumbran con sus outfits. En un reciente episodio de \u00abEl Gordo y La Flaca\u00bb, Lili Estefan y Ra\u00fal de Molina hicieron un recorrido por los looks m\u00e1s ic\u00f3nicos que han marcado la historia de esta celebraci\u00f3n. Seg\u00fan comentaron en el programa, la moda ha evolucionado, pero hay ciertos estilos que han dejado una huella imborrable.<\/p>\n\n\n\n<p class=\"wp-block-paragraph\">Uno de los momentos destacados fue el vestido transparente que luci\u00f3 Danna Paola en 2023, que caus\u00f3 sensaci\u00f3n y gener\u00f3 una ola de comentarios, entre elogios y cr\u00edticas, por su dise\u00f1o atrevido. Los presentadores destacaron el impacto visual que caus\u00f3 en la audiencia esa noche. Este tipo de vestimenta, que combina juventud y audacia, es lo que se espera ver en Premios Juventud.<\/p>\n\n\n\n<p class=\"wp-block-paragraph\">Otro outfit memorable mencionado fue el de Belinda en 2012, que se destac\u00f3 por su frescura y brillo. Con un fondo de hielo, su look fue considerado apropiado y juvenil, capturando la atenci\u00f3n de todos los presentes; ese mismo a\u00f1o, Belinda figur\u00f3 entre las mejores vestidas de la gala. Becky G tambi\u00e9n fue parte de la conversaci\u00f3n, con un look del 2021 que la hizo lucir como una sirena, un estilo que, seg\u00fan el programa, siempre es bien recibido en estos eventos.<\/p>\n\n\n\n<p class=\"wp-block-paragraph\">Sin embargo, no todos los looks han sido bien recibidos. El programa tambi\u00e9n record\u00f3 algunos de los atuendos que generaron controversia. Por ejemplo, el vestido de Geraldine Baz\u00e1n, que fue criticado en redes sociales por su dise\u00f1o poco favorecedor. \u00abParec\u00eda un jam\u00f3n\u00bb, comentaron los presentadores, refiri\u00e9ndose a la percepci\u00f3n negativa que tuvo entre los espectadores.<\/p>\n\n\n\n<p class=\"wp-block-paragraph\">El vestido de Aracely Ar\u00e1mbula en 2004 tambi\u00e9n fue objeto de burlas, ya que muchos lo compararon con una lechuga. Este tipo de comentarios demuestra c\u00f3mo la moda en Premios Juventud puede ser tanto un acierto como un error, dependiendo de la percepci\u00f3n del p\u00fablico.<\/p>\n\n\n\n<figure class=\"wp-block-embed is-type-video is-provider-youtube wp-block-embed-youtube wp-embed-aspect-16-9 wp-has-aspect-ratio\"><div class=\"wp-block-embed__wrapper\">\n<div class=\"youtube-embed\" data-video_id=\"FvwrV6EsQUY\"><iframe loading=\"lazy\" title=\"La moda de Premios Juventud que ha hecho historia | El Gordo y La Flaca\" width=\"696\" height=\"392\" src=\"https:\/\/www.youtube.com\/embed\/FvwrV6EsQUY?feature=oembed&#038;enablejsapi=1\" frameborder=\"0\" allow=\"accelerometer; autoplay; clipboard-write; encrypted-media; gyroscope; picture-in-picture; web-share\" referrerpolicy=\"strict-origin-when-cross-origin\" allowfullscreen><\/iframe><\/div>\n<\/div><\/figure>\n\n\n\n<p class=\"wp-block-paragraph\">La conversaci\u00f3n sobre moda en el programa no solo se limit\u00f3 a los looks exitosos, sino que tambi\u00e9n abord\u00f3 la importancia de la percepci\u00f3n en la industria del entretenimiento. Seg\u00fan el video, la l\u00ednea entre lo sexy y lo vulgar es delgada, y a menudo, las cr\u00edticas pueden ser implacables. Esto resalta la presi\u00f3n que enfrentan las celebridades al elegir sus atuendos para eventos tan visibles.<\/p>\n\n\n\n<p class=\"wp-block-paragraph\">Con la edici\u00f3n 2026 de Premios Juventud celebr\u00e1ndose esta misma noche en Starlite Marbella, los fan\u00e1ticos est\u00e1n ansiosos por ver qu\u00e9 sorpresas traer\u00e1n las estrellas en la alfombra roja.<\/p>\n\n\n\n<p class=\"wp-block-paragraph\">[FUENTES]<br>Canal &#8211; El Gordo Y La Flaca, \u00abLa moda de Premios Juventud que ha hecho historia\u00bb, <a href=\"https:\/\/www.youtube.com\/watch?v=FvwrV6EsQUY\">https:\/\/www.youtube.com\/watch?v=FvwrV6EsQUY<\/a><br>Qui\u00e9n, \u00abEiza y Belinda las mejor vestidas de los Premios Juventud\u00bb, <a href=\"https:\/\/www.quien.com\/espectaculos\/2012\/07\/20\/eiza-y-belinda-las-mas-guapas-de-los-premios-juven\">https:\/\/www.quien.com\/espectaculos\/2012\/07\/20\/eiza-y-belinda-las-mas-guapas-de-los-premios-juven<\/a><br>El Diario NY, \u00abDanna Paola recibe cr\u00edticas por el vestido que mostr\u00f3 en Premios Juventud\u00bb, <a href=\"https:\/\/eldiariony.com\/2023\/07\/21\/danna-paola-recibe-criticas-por-el-vestido-que-mostro-en-premios-juventud\/\">https:\/\/eldiariony.com\/2023\/07\/21\/danna-paola-recibe-criticas-por-el-vestido-que-mostro-en-premios-juventud\/<\/a><\/p>\n","protected":false},"excerpt":{"rendered":"<p>Los Premios Juventud siempre han sido un escaparate de moda tanto como de m\u00fasica. En un repaso de \u00abEl Gordo y La Flaca\u00bb, Lili Estefan y Ra\u00fal de Molina recorrieron los looks m\u00e1s recordados de la alfombra roja: desde el vestido transparente de Danna Paola en 2023 hasta los atuendos que se convirtieron en blanco de burlas, como el de Aracely Ar\u00e1mbula en 2004.<\/p>\n","protected":false},"author":13,"featured_media":98226,"comment_status":"open","ping_status":"closed","sticky":false,"template":"","format":"standard","meta":{"_acf_changed":false,"footnotes":""},"categories":[443,18],"tags":[18382,1568,268,14938,37871,719,10394,18102],"class_list":["post-256022","post","type-post","status-publish","format-standard","has-post-thumbnail","category-farandula","category-noticias","tag-alfombra-roja","tag-celebridades","tag-farandula","tag-lili-estefan","tag-looks-iconicos","tag-moda","tag-premios-juventud","tag-raul-de-molina"],"acf":[],"yoast_head":"<!-- This site is optimized with the Yoast SEO plugin v28.3 - https:\/\/yoast.com\/product\/yoast-seo-wordpress\/ -->\n<title>El Gordo y La Flaca repasan los outfits m\u00e1s ic\u00f3nicos y que marcaron historia en los Premios Juventud - Cuballama Noticias<\/title>\n<meta name=\"description\" content=\"Revive los looks m\u00e1s memorables de Premios Juventud seg\u00fan El Gordo y La Flaca, desde el vestido transparente de Danna Paola hasta los atuendos m\u00e1s criticados de la historia.\" \/>\n<meta name=\"robots\" content=\"index, follow, max-snippet:-1, max-image-preview:large, max-video-preview:-1\" \/>\n<link rel=\"canonical\" href=\"https:\/\/www.cuballama.com\/noticias\/el-gordo-y-la-flaca-repasan-los-outfits-mas-iconicos-y-que-marcaron-historia-en-los-premios-juventud\/\" \/>\n<meta property=\"og:locale\" content=\"es_ES\" \/>\n<meta property=\"og:type\" content=\"article\" \/>\n<meta property=\"og:title\" content=\"El Gordo y La Flaca repasan los outfits m\u00e1s ic\u00f3nicos y que marcaron historia en los Premios Juventud - Cuballama Noticias\" \/>\n<meta property=\"og:description\" content=\"Revive los looks m\u00e1s memorables de Premios Juventud seg\u00fan El Gordo y La Flaca, desde el vestido transparente de Danna Paola hasta los atuendos m\u00e1s criticados de la historia.\" \/>\n<meta property=\"og:url\" content=\"https:\/\/www.cuballama.com\/noticias\/el-gordo-y-la-flaca-repasan-los-outfits-mas-iconicos-y-que-marcaron-historia-en-los-premios-juventud\/\" \/>\n<meta property=\"og:site_name\" content=\"Cuballama Noticias\" \/>\n<meta property=\"article:publisher\" content=\"https:\/\/www.facebook.com\/CubaLlama\" \/>\n<meta property=\"article:published_time\" content=\"2026-09-03T17:33:54+00:00\" \/>\n<meta property=\"article:modified_time\" content=\"2026-09-03T17:34:02+00:00\" \/>\n<meta property=\"og:image\" content=\"https:\/\/cdn1.mediawpaccore.net\/wp-content\/uploads\/2022\/07\/22121815\/karolg-premios-juventud.jpg\" \/>\n\t<meta property=\"og:image:width\" content=\"1067\" \/>\n\t<meta property=\"og:image:height\" content=\"851\" \/>\n\t<meta property=\"og:image:type\" content=\"image\/jpeg\" \/>\n<meta name=\"author\" content=\"Roberto A.\" \/>\n<meta name=\"twitter:card\" content=\"summary_large_image\" \/>\n<meta name=\"twitter:creator\" content=\"@cuballama\" \/>\n<meta name=\"twitter:site\" content=\"@cuballama\" \/>\n<meta name=\"twitter:label1\" content=\"Escrito por\" \/>\n\t<meta name=\"twitter:data1\" content=\"Roberto A.\" \/>\n\t<meta name=\"twitter:label2\" content=\"Tiempo de lectura\" \/>\n\t<meta name=\"twitter:data2\" content=\"3 minutos\" \/>\n<script type=\"application\/ld+json\" class=\"yoast-schema-graph\">{\"@context\":\"https:\\\/\\\/schema.org\",\"@graph\":[{\"@type\":\"Article\",\"@id\":\"https:\\\/\\\/www.cuballama.com\\\/noticias\\\/el-gordo-y-la-flaca-repasan-los-outfits-mas-iconicos-y-que-marcaron-historia-en-los-premios-juventud\\\/#article\",\"isPartOf\":{\"@id\":\"https:\\\/\\\/www.cuballama.com\\\/noticias\\\/el-gordo-y-la-flaca-repasan-los-outfits-mas-iconicos-y-que-marcaron-historia-en-los-premios-juventud\\\/\"},\"author\":{\"name\":\"Roberto A.\",\"@id\":\"https:\\\/\\\/www.cuballama.com\\\/noticias\\\/#\\\/schema\\\/person\\\/a58502ed4146c8e9f83872e897c76cd2\"},\"headline\":\"El Gordo y La Flaca repasan los outfits m\u00e1s ic\u00f3nicos y que marcaron historia en los Premios Juventud\",\"datePublished\":\"2026-09-03T17:33:54+00:00\",\"dateModified\":\"2026-09-03T17:34:02+00:00\",\"mainEntityOfPage\":{\"@id\":\"https:\\\/\\\/www.cuballama.com\\\/noticias\\\/el-gordo-y-la-flaca-repasan-los-outfits-mas-iconicos-y-que-marcaron-historia-en-los-premios-juventud\\\/\"},\"wordCount\":561,\"commentCount\":0,\"publisher\":{\"@id\":\"https:\\\/\\\/www.cuballama.com\\\/noticias\\\/#organization\"},\"image\":{\"@id\":\"https:\\\/\\\/www.cuballama.com\\\/noticias\\\/el-gordo-y-la-flaca-repasan-los-outfits-mas-iconicos-y-que-marcaron-historia-en-los-premios-juventud\\\/#primaryimage\"},\"thumbnailUrl\":\"https:\\\/\\\/cdn1.mediawpaccore.net\\\/wp-content\\\/uploads\\\/2022\\\/07\\\/22121815\\\/karolg-premios-juventud.jpg\",\"keywords\":[\"alfombra roja\",\"celebridades\",\"Far\u00e1ndula\",\"Lili Estefan\",\"looks ic\u00f3nicos\",\"Moda\",\"Premios Juventud\",\"Ra\u00fal de Molina\"],\"articleSection\":[\"Far\u00e1ndula\",\"Noticias\"],\"inLanguage\":\"es\",\"potentialAction\":[{\"@type\":\"CommentAction\",\"name\":\"Comment\",\"target\":[\"https:\\\/\\\/www.cuballama.com\\\/noticias\\\/el-gordo-y-la-flaca-repasan-los-outfits-mas-iconicos-y-que-marcaron-historia-en-los-premios-juventud\\\/#respond\"]}]},{\"@type\":\"WebPage\",\"@id\":\"https:\\\/\\\/www.cuballama.com\\\/noticias\\\/el-gordo-y-la-flaca-repasan-los-outfits-mas-iconicos-y-que-marcaron-historia-en-los-premios-juventud\\\/\",\"url\":\"https:\\\/\\\/www.cuballama.com\\\/noticias\\\/el-gordo-y-la-flaca-repasan-los-outfits-mas-iconicos-y-que-marcaron-historia-en-los-premios-juventud\\\/\",\"name\":\"El Gordo y La Flaca repasan los outfits m\u00e1s ic\u00f3nicos y que marcaron historia en los Premios Juventud - Cuballama Noticias\",\"isPartOf\":{\"@id\":\"https:\\\/\\\/www.cuballama.com\\\/noticias\\\/#website\"},\"primaryImageOfPage\":{\"@id\":\"https:\\\/\\\/www.cuballama.com\\\/noticias\\\/el-gordo-y-la-flaca-repasan-los-outfits-mas-iconicos-y-que-marcaron-historia-en-los-premios-juventud\\\/#primaryimage\"},\"image\":{\"@id\":\"https:\\\/\\\/www.cuballama.com\\\/noticias\\\/el-gordo-y-la-flaca-repasan-los-outfits-mas-iconicos-y-que-marcaron-historia-en-los-premios-juventud\\\/#primaryimage\"},\"thumbnailUrl\":\"https:\\\/\\\/cdn1.mediawpaccore.net\\\/wp-content\\\/uploads\\\/2022\\\/07\\\/22121815\\\/karolg-premios-juventud.jpg\",\"datePublished\":\"2026-09-03T17:33:54+00:00\",\"dateModified\":\"2026-09-03T17:34:02+00:00\",\"description\":\"Revive los looks m\u00e1s memorables de Premios Juventud seg\u00fan El Gordo y La Flaca, desde el vestido transparente de Danna Paola hasta los atuendos m\u00e1s criticados de la historia.\",\"breadcrumb\":{\"@id\":\"https:\\\/\\\/www.cuballama.com\\\/noticias\\\/el-gordo-y-la-flaca-repasan-los-outfits-mas-iconicos-y-que-marcaron-historia-en-los-premios-juventud\\\/#breadcrumb\"},\"inLanguage\":\"es\",\"potentialAction\":[{\"@type\":\"ReadAction\",\"target\":[\"https:\\\/\\\/www.cuballama.com\\\/noticias\\\/el-gordo-y-la-flaca-repasan-los-outfits-mas-iconicos-y-que-marcaron-historia-en-los-premios-juventud\\\/\"]}]},{\"@type\":\"ImageObject\",\"inLanguage\":\"es\",\"@id\":\"https:\\\/\\\/www.cuballama.com\\\/noticias\\\/el-gordo-y-la-flaca-repasan-los-outfits-mas-iconicos-y-que-marcaron-historia-en-los-premios-juventud\\\/#primaryimage\",\"url\":\"https:\\\/\\\/cdn1.mediawpaccore.net\\\/wp-content\\\/uploads\\\/2022\\\/07\\\/22121815\\\/karolg-premios-juventud.jpg\",\"contentUrl\":\"https:\\\/\\\/cdn1.mediawpaccore.net\\\/wp-content\\\/uploads\\\/2022\\\/07\\\/22121815\\\/karolg-premios-juventud.jpg\",\"width\":1067,\"height\":851,\"caption\":\"Foto: IG @karolg.legend\"},{\"@type\":\"BreadcrumbList\",\"@id\":\"https:\\\/\\\/www.cuballama.com\\\/noticias\\\/el-gordo-y-la-flaca-repasan-los-outfits-mas-iconicos-y-que-marcaron-historia-en-los-premios-juventud\\\/#breadcrumb\",\"itemListElement\":[{\"@type\":\"ListItem\",\"position\":1,\"name\":\"Home\",\"item\":\"https:\\\/\\\/www.cuballama.com\\\/noticias\\\/\"},{\"@type\":\"ListItem\",\"position\":2,\"name\":\"El Gordo y La Flaca repasan los outfits m\u00e1s ic\u00f3nicos y que marcaron historia en los Premios Juventud\"}]},{\"@type\":\"WebSite\",\"@id\":\"https:\\\/\\\/www.cuballama.com\\\/noticias\\\/#website\",\"url\":\"https:\\\/\\\/www.cuballama.com\\\/noticias\\\/\",\"name\":\"Cuballama Noticias\",\"description\":\"Medio digital sobre Cuba y el mundo\",\"publisher\":{\"@id\":\"https:\\\/\\\/www.cuballama.com\\\/noticias\\\/#organization\"},\"potentialAction\":[{\"@type\":\"SearchAction\",\"target\":{\"@type\":\"EntryPoint\",\"urlTemplate\":\"https:\\\/\\\/www.cuballama.com\\\/noticias\\\/?s={search_term_string}\"},\"query-input\":{\"@type\":\"PropertyValueSpecification\",\"valueRequired\":true,\"valueName\":\"search_term_string\"}}],\"inLanguage\":\"es\"},{\"@type\":\"Organization\",\"@id\":\"https:\\\/\\\/www.cuballama.com\\\/noticias\\\/#organization\",\"name\":\"Cuballama\",\"url\":\"https:\\\/\\\/www.cuballama.com\\\/noticias\\\/\",\"logo\":{\"@type\":\"ImageObject\",\"inLanguage\":\"es\",\"@id\":\"https:\\\/\\\/www.cuballama.com\\\/noticias\\\/#\\\/schema\\\/logo\\\/image\\\/\",\"url\":\"https:\\\/\\\/cdn1.mediawpaccore.net\\\/wp-content\\\/uploads\\\/2021\\\/12\\\/28171206\\\/cbll-logo-color-sm.png\",\"contentUrl\":\"https:\\\/\\\/cdn1.mediawpaccore.net\\\/wp-content\\\/uploads\\\/2021\\\/12\\\/28171206\\\/cbll-logo-color-sm.png\",\"width\":600,\"height\":133,\"caption\":\"Cuballama\"},\"image\":{\"@id\":\"https:\\\/\\\/www.cuballama.com\\\/noticias\\\/#\\\/schema\\\/logo\\\/image\\\/\"},\"sameAs\":[\"https:\\\/\\\/www.facebook.com\\\/CubaLlama\",\"https:\\\/\\\/x.com\\\/cuballama\",\"https:\\\/\\\/www.instagram.com\\\/stories\\\/cuballama_oficial\\\/\",\"https:\\\/\\\/www.youtube.com\\\/channel\\\/UCKkFE-d_axENGZcrc4as0IA\"]},{\"@type\":\"Person\",\"@id\":\"https:\\\/\\\/www.cuballama.com\\\/noticias\\\/#\\\/schema\\\/person\\\/a58502ed4146c8e9f83872e897c76cd2\",\"name\":\"Roberto A.\",\"description\":\"Roberto A. Periodista por decisi\u00f3n propia. Interesado en cualquier tema que me apasione y cada vez m\u00e1s comprometido con la verdad y la objetividad period\u00edstica. Graduado en La Habana hace ya muchos a\u00f1os, luego de una accidentada y polvorienta b\u00fasqueda de informaci\u00f3n sobre un tema in\u00e9dito. La Tesis, por cierto, desapareci\u00f3 de la biblioteca y no se conservan copias de la misma.\",\"url\":\"https:\\\/\\\/www.cuballama.com\\\/noticias\\\/author\\\/roberto\\\/\"}]}<\/script>\n<!-- \/ Yoast SEO plugin. -->","yoast_head_json":{"title":"El Gordo y La Flaca repasan los outfits m\u00e1s ic\u00f3nicos y que marcaron historia en los Premios Juventud - Cuballama Noticias","description":"Revive los looks m\u00e1s memorables de Premios Juventud seg\u00fan El Gordo y La Flaca, desde el vestido transparente de Danna Paola hasta los atuendos m\u00e1s criticados de la historia.","robots":{"index":"index","follow":"follow","max-snippet":"max-snippet:-1","max-image-preview":"max-image-preview:large","max-video-preview":"max-video-preview:-1"},"canonical":"https:\/\/www.cuballama.com\/noticias\/el-gordo-y-la-flaca-repasan-los-outfits-mas-iconicos-y-que-marcaron-historia-en-los-premios-juventud\/","og_locale":"es_ES","og_type":"article","og_title":"El Gordo y La Flaca repasan los outfits m\u00e1s ic\u00f3nicos y que marcaron historia en los Premios Juventud - Cuballama Noticias","og_description":"Revive los looks m\u00e1s memorables de Premios Juventud seg\u00fan El Gordo y La Flaca, desde el vestido transparente de Danna Paola hasta los atuendos m\u00e1s criticados de la historia.","og_url":"https:\/\/www.cuballama.com\/noticias\/el-gordo-y-la-flaca-repasan-los-outfits-mas-iconicos-y-que-marcaron-historia-en-los-premios-juventud\/","og_site_name":"Cuballama Noticias","article_publisher":"https:\/\/www.facebook.com\/CubaLlama","article_published_time":"2026-09-03T17:33:54+00:00","article_modified_time":"2026-09-03T17:34:02+00:00","og_image":[{"width":1067,"height":851,"url":"https:\/\/cdn1.mediawpaccore.net\/wp-content\/uploads\/2022\/07\/22121815\/karolg-premios-juventud.jpg","type":"image\/jpeg"}],"author":"Roberto A.","twitter_card":"summary_large_image","twitter_creator":"@cuballama","twitter_site":"@cuballama","twitter_misc":{"Escrito por":"Roberto A.","Tiempo de lectura":"3 minutos"},"schema":{"@context":"https:\/\/schema.org","@graph":[{"@type":"Article","@id":"https:\/\/www.cuballama.com\/noticias\/el-gordo-y-la-flaca-repasan-los-outfits-mas-iconicos-y-que-marcaron-historia-en-los-premios-juventud\/#article","isPartOf":{"@id":"https:\/\/www.cuballama.com\/noticias\/el-gordo-y-la-flaca-repasan-los-outfits-mas-iconicos-y-que-marcaron-historia-en-los-premios-juventud\/"},"author":{"name":"Roberto A.","@id":"https:\/\/www.cuballama.com\/noticias\/#\/schema\/person\/a58502ed4146c8e9f83872e897c76cd2"},"headline":"El Gordo y La Flaca repasan los outfits m\u00e1s ic\u00f3nicos y que marcaron historia en los Premios Juventud","datePublished":"2026-09-03T17:33:54+00:00","dateModified":"2026-09-03T17:34:02+00:00","mainEntityOfPage":{"@id":"https:\/\/www.cuballama.com\/noticias\/el-gordo-y-la-flaca-repasan-los-outfits-mas-iconicos-y-que-marcaron-historia-en-los-premios-juventud\/"},"wordCount":561,"commentCount":0,"publisher":{"@id":"https:\/\/www.cuballama.com\/noticias\/#organization"},"image":{"@id":"https:\/\/www.cuballama.com\/noticias\/el-gordo-y-la-flaca-repasan-los-outfits-mas-iconicos-y-que-marcaron-historia-en-los-premios-juventud\/#primaryimage"},"thumbnailUrl":"https:\/\/cdn1.mediawpaccore.net\/wp-content\/uploads\/2022\/07\/22121815\/karolg-premios-juventud.jpg","keywords":["alfombra roja","celebridades","Far\u00e1ndula","Lili Estefan","looks ic\u00f3nicos","Moda","Premios Juventud","Ra\u00fal de Molina"],"articleSection":["Far\u00e1ndula","Noticias"],"inLanguage":"es","potentialAction":[{"@type":"CommentAction","name":"Comment","target":["https:\/\/www.cuballama.com\/noticias\/el-gordo-y-la-flaca-repasan-los-outfits-mas-iconicos-y-que-marcaron-historia-en-los-premios-juventud\/#respond"]}]},{"@type":"WebPage","@id":"https:\/\/www.cuballama.com\/noticias\/el-gordo-y-la-flaca-repasan-los-outfits-mas-iconicos-y-que-marcaron-historia-en-los-premios-juventud\/","url":"https:\/\/www.cuballama.com\/noticias\/el-gordo-y-la-flaca-repasan-los-outfits-mas-iconicos-y-que-marcaron-historia-en-los-premios-juventud\/","name":"El Gordo y La Flaca repasan los outfits m\u00e1s ic\u00f3nicos y que marcaron historia en los Premios Juventud - Cuballama Noticias","isPartOf":{"@id":"https:\/\/www.cuballama.com\/noticias\/#website"},"primaryImageOfPage":{"@id":"https:\/\/www.cuballama.com\/noticias\/el-gordo-y-la-flaca-repasan-los-outfits-mas-iconicos-y-que-marcaron-historia-en-los-premios-juventud\/#primaryimage"},"image":{"@id":"https:\/\/www.cuballama.com\/noticias\/el-gordo-y-la-flaca-repasan-los-outfits-mas-iconicos-y-que-marcaron-historia-en-los-premios-juventud\/#primaryimage"},"thumbnailUrl":"https:\/\/cdn1.mediawpaccore.net\/wp-content\/uploads\/2022\/07\/22121815\/karolg-premios-juventud.jpg","datePublished":"2026-09-03T17:33:54+00:00","dateModified":"2026-09-03T17:34:02+00:00","description":"Revive los looks m\u00e1s memorables de Premios Juventud seg\u00fan El Gordo y La Flaca, desde el vestido transparente de Danna Paola hasta los atuendos m\u00e1s criticados de la historia.","breadcrumb":{"@id":"https:\/\/www.cuballama.com\/noticias\/el-gordo-y-la-flaca-repasan-los-outfits-mas-iconicos-y-que-marcaron-historia-en-los-premios-juventud\/#breadcrumb"},"inLanguage":"es","potentialAction":[{"@type":"ReadAction","target":["https:\/\/www.cuballama.com\/noticias\/el-gordo-y-la-flaca-repasan-los-outfits-mas-iconicos-y-que-marcaron-historia-en-los-premios-juventud\/"]}]},{"@type":"ImageObject","inLanguage":"es","@id":"https:\/\/www.cuballama.com\/noticias\/el-gordo-y-la-flaca-repasan-los-outfits-mas-iconicos-y-que-marcaron-historia-en-los-premios-juventud\/#primaryimage","url":"https:\/\/cdn1.mediawpaccore.net\/wp-content\/uploads\/2022\/07\/22121815\/karolg-premios-juventud.jpg","contentUrl":"https:\/\/cdn1.mediawpaccore.net\/wp-content\/uploads\/2022\/07\/22121815\/karolg-premios-juventud.jpg","width":1067,"height":851,"caption":"Foto: IG @karolg.legend"},{"@type":"BreadcrumbList","@id":"https:\/\/www.cuballama.com\/noticias\/el-gordo-y-la-flaca-repasan-los-outfits-mas-iconicos-y-que-marcaron-historia-en-los-premios-juventud\/#breadcrumb","itemListElement":[{"@type":"ListItem","position":1,"name":"Home","item":"https:\/\/www.cuballama.com\/noticias\/"},{"@type":"ListItem","position":2,"name":"El Gordo y La Flaca repasan los outfits m\u00e1s ic\u00f3nicos y que marcaron historia en los Premios Juventud"}]},{"@type":"WebSite","@id":"https:\/\/www.cuballama.com\/noticias\/#website","url":"https:\/\/www.cuballama.com\/noticias\/","name":"Cuballama Noticias","description":"Medio digital sobre Cuba y el mundo","publisher":{"@id":"https:\/\/www.cuballama.com\/noticias\/#organization"},"potentialAction":[{"@type":"SearchAction","target":{"@type":"EntryPoint","urlTemplate":"https:\/\/www.cuballama.com\/noticias\/?s={search_term_string}"},"query-input":{"@type":"PropertyValueSpecification","valueRequired":true,"valueName":"search_term_string"}}],"inLanguage":"es"},{"@type":"Organization","@id":"https:\/\/www.cuballama.com\/noticias\/#organization","name":"Cuballama","url":"https:\/\/www.cuballama.com\/noticias\/","logo":{"@type":"ImageObject","inLanguage":"es","@id":"https:\/\/www.cuballama.com\/noticias\/#\/schema\/logo\/image\/","url":"https:\/\/cdn1.mediawpaccore.net\/wp-content\/uploads\/2021\/12\/28171206\/cbll-logo-color-sm.png","contentUrl":"https:\/\/cdn1.mediawpaccore.net\/wp-content\/uploads\/2021\/12\/28171206\/cbll-logo-color-sm.png","width":600,"height":133,"caption":"Cuballama"},"image":{"@id":"https:\/\/www.cuballama.com\/noticias\/#\/schema\/logo\/image\/"},"sameAs":["https:\/\/www.facebook.com\/CubaLlama","https:\/\/x.com\/cuballama","https:\/\/www.instagram.com\/stories\/cuballama_oficial\/","https:\/\/www.youtube.com\/channel\/UCKkFE-d_axENGZcrc4as0IA"]},{"@type":"Person","@id":"https:\/\/www.cuballama.com\/noticias\/#\/schema\/person\/a58502ed4146c8e9f83872e897c76cd2","name":"Roberto A.","description":"Roberto A. Periodista por decisi\u00f3n propia. Interesado en cualquier tema que me apasione y cada vez m\u00e1s comprometido con la verdad y la objetividad period\u00edstica. Graduado en La Habana hace ya muchos a\u00f1os, luego de una accidentada y polvorienta b\u00fasqueda de informaci\u00f3n sobre un tema in\u00e9dito. La Tesis, por cierto, desapareci\u00f3 de la biblioteca y no se conservan copias de la misma.","url":"https:\/\/www.cuballama.com\/noticias\/author\/roberto\/"}]}},"_links":{"self":[{"href":"https:\/\/www.cuballama.com\/noticias\/wp-json\/wp\/v2\/posts\/256022","targetHints":{"allow":["GET"]}}],"collection":[{"href":"https:\/\/www.cuballama.com\/noticias\/wp-json\/wp\/v2\/posts"}],"about":[{"href":"https:\/\/www.cuballama.com\/noticias\/wp-json\/wp\/v2\/types\/post"}],"author":[{"embeddable":true,"href":"https:\/\/www.cuballama.com\/noticias\/wp-json\/wp\/v2\/users\/13"}],"replies":[{"embeddable":true,"href":"https:\/\/www.cuballama.com\/noticias\/wp-json\/wp\/v2\/comments?post=256022"}],"version-history":[{"count":2,"href":"https:\/\/www.cuballama.com\/noticias\/wp-json\/wp\/v2\/posts\/256022\/revisions"}],"predecessor-version":[{"id":256064,"href":"https:\/\/www.cuballama.com\/noticias\/wp-json\/wp\/v2\/posts\/256022\/revisions\/256064"}],"wp:featuredmedia":[{"embeddable":true,"href":"https:\/\/www.cuballama.com\/noticias\/wp-json\/wp\/v2\/media\/98226"}],"wp:attachment":[{"href":"https:\/\/www.cuballama.com\/noticias\/wp-json\/wp\/v2\/media?parent=256022"}],"wp:term":[{"taxonomy":"category","embeddable":true,"href":"https:\/\/www.cuballama.com\/noticias\/wp-json\/wp\/v2\/categories?post=256022"},{"taxonomy":"post_tag","embeddable":true,"href":"https:\/\/www.cuballama.com\/noticias\/wp-json\/wp\/v2\/tags?post=256022"}],"curies":[{"name":"wp","href":"https:\/\/api.w.org\/{rel}","templated":true}]}}