{"id":256020,"date":"2026-09-05T20:26:45","date_gmt":"2026-09-06T00:26:45","guid":{"rendered":"https:\/\/www.cuballama.com\/noticias\/?p=256020"},"modified":"2026-09-05T20:26:49","modified_gmt":"2026-09-06T00:26:49","slug":"fatima-bosch-responde-a-rumores-de-demanda-de-nawat-itsaragrisil-y-defiende-el-respeto-hacia-las-mujeres","status":"publish","type":"post","link":"https:\/\/www.cuballama.com\/noticias\/fatima-bosch-responde-a-rumores-de-demanda-de-nawat-itsaragrisil-y-defiende-el-respeto-hacia-las-mujeres\/","title":{"rendered":"F\u00e1tima Bosch responde a rumores de demanda de Nawat Itsaragrisil y defiende el respeto hacia las mujeres"},"content":{"rendered":"\n<h2 class=\"wp-block-heading\">La ex Miss Universo fue abordada por la prensa en el aeropuerto de la Ciudad de M\u00e9xico, donde asegur\u00f3 no haber sido notificada de la demanda por difamaci\u00f3n que Nawat Itsaragrisil, extitular de Miss Universo Tailandia, present\u00f3 en su contra en noviembre de 2025.<\/h2>\n\n\n\n<p class=\"wp-block-paragraph\">F\u00e1tima Bosch, la tabasque\u00f1a coronada Miss Universo 2025, fue abordada por la prensa el 2 de septiembre en el Aeropuerto Internacional de la Ciudad de M\u00e9xico, donde se le pregunt\u00f3 sobre la demanda por difamaci\u00f3n que el extitular de Miss Universo Tailandia, Nawat Itsaragrisil, present\u00f3 en su contra. Ante la avalancha de reporteros que la esperaban antes de abordar un vuelo, Bosch fue clara: \u00abYo hasta el d\u00eda de hoy no he recibido nada, ninguna notificaci\u00f3n acerca de ninguna demanda.\u00bb<\/p>\n\n\n\n<p class=\"wp-block-paragraph\">El conflicto entre ambos se remonta al 4 de noviembre de 2025, durante las actividades previas a la final de Miss Universo en Tailandia. Seg\u00fan se ha reportado, Nawat cuestion\u00f3 a Bosch sobre asuntos relacionados con las actividades promocionales del certamen; la discusi\u00f3n escal\u00f3 al punto de que el empresario pidi\u00f3 a personal de seguridad que la retirara del lugar. Bosch asegur\u00f3 en su momento haber sido insultada, algo que Nawat ha negado p\u00fablicamente. Ocho d\u00edas despu\u00e9s, el 12 de noviembre de 2025, Nawat present\u00f3 en Tailandia una demanda por difamaci\u00f3n, acusaciones falsas y difusi\u00f3n de informaci\u00f3n falsa; en agosto de 2026 anunci\u00f3 avances hacia una posible orden de arresto en su contra.<\/p>\n\n\n\n<p class=\"wp-block-paragraph\">Sobre el episodio del aeropuerto, Bosch explic\u00f3 que la situaci\u00f3n qued\u00f3 registrada en video y que fue presenciada por todos los presentes, y lament\u00f3 que el incidente siga generando controversia meses despu\u00e9s. \u00abDesgraciadamente, mucha gente tiene que usar mi nombre para hacer pol\u00e9mica o hacerse relevante\u00bb, coment\u00f3, dejando entrever su frustraci\u00f3n ante la exposici\u00f3n medi\u00e1tica constante.<\/p>\n\n\n\n<figure class=\"wp-block-embed is-type-video is-provider-youtube wp-block-embed-youtube wp-embed-aspect-16-9 wp-has-aspect-ratio\"><div class=\"wp-block-embed__wrapper\">\n<div class=\"youtube-embed\" data-video_id=\"Rg4kG3Wb09w\"><iframe loading=\"lazy\" title=\"Famosos ARV: F\u00e1tima Bosch habla de la demanda de Nawat en su contra\" width=\"696\" height=\"392\" src=\"https:\/\/www.youtube.com\/embed\/Rg4kG3Wb09w?feature=oembed&#038;enablejsapi=1\" frameborder=\"0\" allow=\"accelerometer; autoplay; clipboard-write; encrypted-media; gyroscope; picture-in-picture; web-share\" referrerpolicy=\"strict-origin-when-cross-origin\" allowfullscreen><\/iframe><\/div>\n<\/div><\/figure>\n\n\n\n<p class=\"wp-block-paragraph\">La modelo tambi\u00e9n aprovech\u00f3 el encuentro para reflexionar sobre el respeto hacia las mujeres. \u00abCreo que como sociedad deber\u00edamos de reflexionar que en pleno siglo 21 no puede ser que exigir el respeto b\u00e1sico hacia una mujer sea algo que nos siga escandalizando\u00bb, afirm\u00f3. Sobre la prisa con la que sali\u00f3 del aeropuerto, explic\u00f3 que llevaba mes y medio de gira de trabajo y defendi\u00f3 su derecho a actuar con premura cuando lo considera necesario: \u00abSoy un ser humano antes que nada, no soy servidora p\u00fablica, no le debo explicaciones a nadie si no quiero.\u00bb<\/p>\n\n\n\n<p class=\"wp-block-paragraph\">Pese a la controversia, Bosch se ha mantenido enfocada en sus compromisos como reina, que se extienden hasta la entrega de la corona en noviembre de 2026. La mexicana, dise\u00f1adora de profesi\u00f3n, ha se\u00f1alado adem\u00e1s que no tiene intenci\u00f3n de dedicarse a la actuaci\u00f3n ni a la conducci\u00f3n televisiva una vez concluya su reinado, una postura poco com\u00fan entre las ganadoras del certamen. Hasta el momento, ni Bosch ni su equipo legal han confirmado si presentar\u00e1n una contrademanda contra Nawat Itsaragrisil.<\/p>\n\n\n\n<figure class=\"wp-block-embed is-type-video is-provider-youtube wp-block-embed-youtube wp-embed-aspect-16-9 wp-has-aspect-ratio\"><div class=\"wp-block-embed__wrapper\">\n<div class=\"youtube-embed\" data-video_id=\"ZYEQpigUBEA\"><iframe loading=\"lazy\" title=\"F\u00e1tima Bosch rompe el silencio sobre la supuesta demanda de Nawat Itsaragrisil | El Gordo y La Flaca\" width=\"696\" height=\"392\" src=\"https:\/\/www.youtube.com\/embed\/ZYEQpigUBEA?feature=oembed&#038;enablejsapi=1\" frameborder=\"0\" allow=\"accelerometer; autoplay; clipboard-write; encrypted-media; gyroscope; picture-in-picture; web-share\" referrerpolicy=\"strict-origin-when-cross-origin\" allowfullscreen><\/iframe><\/div>\n<\/div><\/figure>\n\n\n\n<p class=\"wp-block-paragraph\">[FUENTES]<br>El Financiero, \u00abF\u00e1tima Bosch afirma que no la han notificado por demanda de Nawat\u00bb, <a href=\"https:\/\/www.elfinanciero.com.mx\/entretenimiento\/2026\/09\/02\/fatima-bosch-afirma-que-no-la-han-notificado-por-demanda-de-nawat\/\" target=\"_blank\" rel=\"noreferrer noopener nofollow\">https:\/\/www.elfinanciero.com.mx\/entretenimiento\/2026\/09\/02\/fatima-bosch-afirma-que-no-la-han-notificado-por-demanda-de-nawat\/<\/a><br>Milenio, \u00abNawat Itsaragrisil demanda penalmente a F\u00e1tima Bosch, Miss Universo\u00bb, <a href=\"https:\/\/www.milenio.com\/espectaculos\/famosos\/nawat-itsaragrisil-demanda-fatima-bosch-miss-universo-difamacion\" target=\"_blank\" rel=\"noreferrer noopener nofollow\">https:\/\/www.milenio.com\/espectaculos\/famosos\/nawat-itsaragrisil-demanda-fatima-bosch-miss-universo-difamacion<\/a><br>Infobae, \u00abF\u00e1tima Bosch acusa de intimidaci\u00f3n a Nawat Itsaragrisil ante posible orden de arresto\u00bb, <a href=\"https:\/\/www.infobae.com\/mexico\/2026\/08\/23\/fatima-bosch-acusa-de-intimidacion-a-nawat-itsaragrisil-ante-posible-orden-de-arresto\/\" target=\"_blank\" rel=\"noreferrer noopener nofollow\">https:\/\/www.infobae.com\/mexico\/2026\/08\/23\/fatima-bosch-acusa-de-intimidacion-a-nawat-itsaragrisil-ante-posible-orden-de-arresto\/<\/a><br>Canal &#8211; Al Rojo Vivo, \u00abFamosos ARV: F\u00e1tima Bosch habla de la demanda de Nawat en su contra\u00bb, <a href=\"https:\/\/www.youtube.com\/watch?v=Rg4kG3Wb09w\" target=\"_blank\" rel=\"noreferrer noopener nofollow\">https:\/\/www.youtube.com\/watch?v=Rg4kG3Wb09w<\/a><br>Canal &#8211; El Gordo Y La Flaca, \u00abF\u00e1tima Bosch rompe el silencio sobre la supuesta demanda de Nawat Itsaragrisil\u00bb, <a href=\"https:\/\/www.youtube.com\/watch?v=ZYEQpigUBEA\" target=\"_blank\" rel=\"noreferrer noopener nofollow\">https:\/\/www.youtube.com\/watch?v=ZYEQpigUBEA<\/a><\/p>\n","protected":false},"excerpt":{"rendered":"<p>La actual Miss Universo, F\u00e1tima Bosch, rompi\u00f3 el silencio sobre la demanda por difamaci\u00f3n que Nawat Itsaragrisil, extitular de Miss Universo Tailandia, present\u00f3 en su contra tras un altercado en noviembre de 2025. En un encuentro con la prensa en el aeropuerto de la Ciudad de M\u00e9xico, la mexicana asegur\u00f3 no haber sido notificada oficialmente y aprovech\u00f3 para hablar sobre el respeto hacia las mujeres.<\/p>\n","protected":false},"author":13,"featured_media":254939,"comment_status":"open","ping_status":"closed","sticky":false,"template":"","format":"standard","meta":{"_acf_changed":false,"footnotes":""},"categories":[443,18],"tags":[1196,268,37612,12915,37615,37613,37870,447],"class_list":["post-256020","post","type-post","status-publish","format-standard","has-post-thumbnail","category-farandula","category-noticias","tag-demanda","tag-farandula","tag-fatima-bosch","tag-miss-universo","tag-miss-universo-2025","tag-nawat-itsaragrisil","tag-respeto-a-la-mujer","tag-tailandia"],"acf":[],"yoast_head":"<!-- This site is optimized with the Yoast SEO plugin v28.3 - https:\/\/yoast.com\/product\/yoast-seo-wordpress\/ -->\n<title>F\u00e1tima Bosch responde a rumores de demanda de Nawat Itsaragrisil y defiende el respeto hacia las mujeres - Cuballama Noticias<\/title>\n<meta name=\"description\" content=\"F\u00e1tima Bosch, Miss Universo 2025, responde a los rumores de una demanda de Nawat Itsaragrisil y asegura no haber recibido ninguna notificaci\u00f3n oficial.\" \/>\n<meta name=\"robots\" content=\"index, follow, max-snippet:-1, max-image-preview:large, max-video-preview:-1\" \/>\n<link rel=\"canonical\" href=\"https:\/\/www.cuballama.com\/noticias\/fatima-bosch-responde-a-rumores-de-demanda-de-nawat-itsaragrisil-y-defiende-el-respeto-hacia-las-mujeres\/\" \/>\n<meta property=\"og:locale\" content=\"es_ES\" \/>\n<meta property=\"og:type\" content=\"article\" \/>\n<meta property=\"og:title\" content=\"F\u00e1tima Bosch responde a rumores de demanda de Nawat Itsaragrisil y defiende el respeto hacia las mujeres - Cuballama Noticias\" \/>\n<meta property=\"og:description\" content=\"F\u00e1tima Bosch, Miss Universo 2025, responde a los rumores de una demanda de Nawat Itsaragrisil y asegura no haber recibido ninguna notificaci\u00f3n oficial.\" \/>\n<meta property=\"og:url\" content=\"https:\/\/www.cuballama.com\/noticias\/fatima-bosch-responde-a-rumores-de-demanda-de-nawat-itsaragrisil-y-defiende-el-respeto-hacia-las-mujeres\/\" \/>\n<meta property=\"og:site_name\" content=\"Cuballama Noticias\" \/>\n<meta property=\"article:publisher\" content=\"https:\/\/www.facebook.com\/CubaLlama\" \/>\n<meta property=\"article:published_time\" content=\"2026-09-06T00:26:45+00:00\" \/>\n<meta property=\"article:modified_time\" content=\"2026-09-06T00:26:49+00:00\" \/>\n<meta property=\"og:image\" content=\"https:\/\/cdn1.mediawpaccore.net\/wp-content\/uploads\/2026\/08\/25115400\/xxxxxccccccccddd-29-1024x576.png\" \/>\n\t<meta property=\"og:image:width\" content=\"1024\" \/>\n\t<meta property=\"og:image:height\" content=\"576\" \/>\n\t<meta property=\"og:image:type\" content=\"image\/png\" \/>\n<meta name=\"author\" content=\"Roberto A.\" \/>\n<meta name=\"twitter:card\" content=\"summary_large_image\" \/>\n<meta name=\"twitter:creator\" content=\"@cuballama\" \/>\n<meta name=\"twitter:site\" content=\"@cuballama\" \/>\n<meta name=\"twitter:label1\" content=\"Escrito por\" \/>\n\t<meta name=\"twitter:data1\" content=\"Roberto A.\" \/>\n\t<meta name=\"twitter:label2\" content=\"Tiempo de lectura\" \/>\n\t<meta name=\"twitter:data2\" content=\"3 minutos\" \/>\n<script type=\"application\/ld+json\" class=\"yoast-schema-graph\">{\"@context\":\"https:\\\/\\\/schema.org\",\"@graph\":[{\"@type\":\"Article\",\"@id\":\"https:\\\/\\\/www.cuballama.com\\\/noticias\\\/fatima-bosch-responde-a-rumores-de-demanda-de-nawat-itsaragrisil-y-defiende-el-respeto-hacia-las-mujeres\\\/#article\",\"isPartOf\":{\"@id\":\"https:\\\/\\\/www.cuballama.com\\\/noticias\\\/fatima-bosch-responde-a-rumores-de-demanda-de-nawat-itsaragrisil-y-defiende-el-respeto-hacia-las-mujeres\\\/\"},\"author\":{\"name\":\"Roberto A.\",\"@id\":\"https:\\\/\\\/www.cuballama.com\\\/noticias\\\/#\\\/schema\\\/person\\\/a58502ed4146c8e9f83872e897c76cd2\"},\"headline\":\"F\u00e1tima Bosch responde a rumores de demanda de Nawat Itsaragrisil y defiende el respeto hacia las mujeres\",\"datePublished\":\"2026-09-06T00:26:45+00:00\",\"dateModified\":\"2026-09-06T00:26:49+00:00\",\"mainEntityOfPage\":{\"@id\":\"https:\\\/\\\/www.cuballama.com\\\/noticias\\\/fatima-bosch-responde-a-rumores-de-demanda-de-nawat-itsaragrisil-y-defiende-el-respeto-hacia-las-mujeres\\\/\"},\"wordCount\":648,\"commentCount\":0,\"publisher\":{\"@id\":\"https:\\\/\\\/www.cuballama.com\\\/noticias\\\/#organization\"},\"image\":{\"@id\":\"https:\\\/\\\/www.cuballama.com\\\/noticias\\\/fatima-bosch-responde-a-rumores-de-demanda-de-nawat-itsaragrisil-y-defiende-el-respeto-hacia-las-mujeres\\\/#primaryimage\"},\"thumbnailUrl\":\"https:\\\/\\\/cdn1.mediawpaccore.net\\\/wp-content\\\/uploads\\\/2026\\\/08\\\/25115400\\\/xxxxxccccccccddd-29.png\",\"keywords\":[\"demanda\",\"Far\u00e1ndula\",\"F\u00e1tima Bosch\",\"Miss Universo\",\"Miss Universo 2025\",\"Nawat Itsaragrisil\",\"respeto a la mujer\",\"Tailandia\"],\"articleSection\":[\"Far\u00e1ndula\",\"Noticias\"],\"inLanguage\":\"es\",\"potentialAction\":[{\"@type\":\"CommentAction\",\"name\":\"Comment\",\"target\":[\"https:\\\/\\\/www.cuballama.com\\\/noticias\\\/fatima-bosch-responde-a-rumores-de-demanda-de-nawat-itsaragrisil-y-defiende-el-respeto-hacia-las-mujeres\\\/#respond\"]}]},{\"@type\":\"WebPage\",\"@id\":\"https:\\\/\\\/www.cuballama.com\\\/noticias\\\/fatima-bosch-responde-a-rumores-de-demanda-de-nawat-itsaragrisil-y-defiende-el-respeto-hacia-las-mujeres\\\/\",\"url\":\"https:\\\/\\\/www.cuballama.com\\\/noticias\\\/fatima-bosch-responde-a-rumores-de-demanda-de-nawat-itsaragrisil-y-defiende-el-respeto-hacia-las-mujeres\\\/\",\"name\":\"F\u00e1tima Bosch responde a rumores de demanda de Nawat Itsaragrisil y defiende el respeto hacia las mujeres - Cuballama Noticias\",\"isPartOf\":{\"@id\":\"https:\\\/\\\/www.cuballama.com\\\/noticias\\\/#website\"},\"primaryImageOfPage\":{\"@id\":\"https:\\\/\\\/www.cuballama.com\\\/noticias\\\/fatima-bosch-responde-a-rumores-de-demanda-de-nawat-itsaragrisil-y-defiende-el-respeto-hacia-las-mujeres\\\/#primaryimage\"},\"image\":{\"@id\":\"https:\\\/\\\/www.cuballama.com\\\/noticias\\\/fatima-bosch-responde-a-rumores-de-demanda-de-nawat-itsaragrisil-y-defiende-el-respeto-hacia-las-mujeres\\\/#primaryimage\"},\"thumbnailUrl\":\"https:\\\/\\\/cdn1.mediawpaccore.net\\\/wp-content\\\/uploads\\\/2026\\\/08\\\/25115400\\\/xxxxxccccccccddd-29.png\",\"datePublished\":\"2026-09-06T00:26:45+00:00\",\"dateModified\":\"2026-09-06T00:26:49+00:00\",\"description\":\"F\u00e1tima Bosch, Miss Universo 2025, responde a los rumores de una demanda de Nawat Itsaragrisil y asegura no haber recibido ninguna notificaci\u00f3n oficial.\",\"breadcrumb\":{\"@id\":\"https:\\\/\\\/www.cuballama.com\\\/noticias\\\/fatima-bosch-responde-a-rumores-de-demanda-de-nawat-itsaragrisil-y-defiende-el-respeto-hacia-las-mujeres\\\/#breadcrumb\"},\"inLanguage\":\"es\",\"potentialAction\":[{\"@type\":\"ReadAction\",\"target\":[\"https:\\\/\\\/www.cuballama.com\\\/noticias\\\/fatima-bosch-responde-a-rumores-de-demanda-de-nawat-itsaragrisil-y-defiende-el-respeto-hacia-las-mujeres\\\/\"]}]},{\"@type\":\"ImageObject\",\"inLanguage\":\"es\",\"@id\":\"https:\\\/\\\/www.cuballama.com\\\/noticias\\\/fatima-bosch-responde-a-rumores-de-demanda-de-nawat-itsaragrisil-y-defiende-el-respeto-hacia-las-mujeres\\\/#primaryimage\",\"url\":\"https:\\\/\\\/cdn1.mediawpaccore.net\\\/wp-content\\\/uploads\\\/2026\\\/08\\\/25115400\\\/xxxxxccccccccddd-29.png\",\"contentUrl\":\"https:\\\/\\\/cdn1.mediawpaccore.net\\\/wp-content\\\/uploads\\\/2026\\\/08\\\/25115400\\\/xxxxxccccccccddd-29.png\",\"width\":1920,\"height\":1080,\"caption\":\"Fotos tomadas de los perfiles de Instagram de Nawat Itsaragrisil y F\u00e1tima Bosch\"},{\"@type\":\"BreadcrumbList\",\"@id\":\"https:\\\/\\\/www.cuballama.com\\\/noticias\\\/fatima-bosch-responde-a-rumores-de-demanda-de-nawat-itsaragrisil-y-defiende-el-respeto-hacia-las-mujeres\\\/#breadcrumb\",\"itemListElement\":[{\"@type\":\"ListItem\",\"position\":1,\"name\":\"Home\",\"item\":\"https:\\\/\\\/www.cuballama.com\\\/noticias\\\/\"},{\"@type\":\"ListItem\",\"position\":2,\"name\":\"F\u00e1tima Bosch responde a rumores de demanda de Nawat Itsaragrisil y defiende el respeto hacia las mujeres\"}]},{\"@type\":\"WebSite\",\"@id\":\"https:\\\/\\\/www.cuballama.com\\\/noticias\\\/#website\",\"url\":\"https:\\\/\\\/www.cuballama.com\\\/noticias\\\/\",\"name\":\"Cuballama Noticias\",\"description\":\"Medio digital sobre Cuba y el mundo\",\"publisher\":{\"@id\":\"https:\\\/\\\/www.cuballama.com\\\/noticias\\\/#organization\"},\"potentialAction\":[{\"@type\":\"SearchAction\",\"target\":{\"@type\":\"EntryPoint\",\"urlTemplate\":\"https:\\\/\\\/www.cuballama.com\\\/noticias\\\/?s={search_term_string}\"},\"query-input\":{\"@type\":\"PropertyValueSpecification\",\"valueRequired\":true,\"valueName\":\"search_term_string\"}}],\"inLanguage\":\"es\"},{\"@type\":\"Organization\",\"@id\":\"https:\\\/\\\/www.cuballama.com\\\/noticias\\\/#organization\",\"name\":\"Cuballama\",\"url\":\"https:\\\/\\\/www.cuballama.com\\\/noticias\\\/\",\"logo\":{\"@type\":\"ImageObject\",\"inLanguage\":\"es\",\"@id\":\"https:\\\/\\\/www.cuballama.com\\\/noticias\\\/#\\\/schema\\\/logo\\\/image\\\/\",\"url\":\"https:\\\/\\\/cdn1.mediawpaccore.net\\\/wp-content\\\/uploads\\\/2021\\\/12\\\/28171206\\\/cbll-logo-color-sm.png\",\"contentUrl\":\"https:\\\/\\\/cdn1.mediawpaccore.net\\\/wp-content\\\/uploads\\\/2021\\\/12\\\/28171206\\\/cbll-logo-color-sm.png\",\"width\":600,\"height\":133,\"caption\":\"Cuballama\"},\"image\":{\"@id\":\"https:\\\/\\\/www.cuballama.com\\\/noticias\\\/#\\\/schema\\\/logo\\\/image\\\/\"},\"sameAs\":[\"https:\\\/\\\/www.facebook.com\\\/CubaLlama\",\"https:\\\/\\\/x.com\\\/cuballama\",\"https:\\\/\\\/www.instagram.com\\\/stories\\\/cuballama_oficial\\\/\",\"https:\\\/\\\/www.youtube.com\\\/channel\\\/UCKkFE-d_axENGZcrc4as0IA\"]},{\"@type\":\"Person\",\"@id\":\"https:\\\/\\\/www.cuballama.com\\\/noticias\\\/#\\\/schema\\\/person\\\/a58502ed4146c8e9f83872e897c76cd2\",\"name\":\"Roberto A.\",\"description\":\"Roberto A. Periodista por decisi\u00f3n propia. Interesado en cualquier tema que me apasione y cada vez m\u00e1s comprometido con la verdad y la objetividad period\u00edstica. Graduado en La Habana hace ya muchos a\u00f1os, luego de una accidentada y polvorienta b\u00fasqueda de informaci\u00f3n sobre un tema in\u00e9dito. La Tesis, por cierto, desapareci\u00f3 de la biblioteca y no se conservan copias de la misma.\",\"url\":\"https:\\\/\\\/www.cuballama.com\\\/noticias\\\/author\\\/roberto\\\/\"}]}<\/script>\n<!-- \/ Yoast SEO plugin. -->","yoast_head_json":{"title":"F\u00e1tima Bosch responde a rumores de demanda de Nawat Itsaragrisil y defiende el respeto hacia las mujeres - Cuballama Noticias","description":"F\u00e1tima Bosch, Miss Universo 2025, responde a los rumores de una demanda de Nawat Itsaragrisil y asegura no haber recibido ninguna notificaci\u00f3n oficial.","robots":{"index":"index","follow":"follow","max-snippet":"max-snippet:-1","max-image-preview":"max-image-preview:large","max-video-preview":"max-video-preview:-1"},"canonical":"https:\/\/www.cuballama.com\/noticias\/fatima-bosch-responde-a-rumores-de-demanda-de-nawat-itsaragrisil-y-defiende-el-respeto-hacia-las-mujeres\/","og_locale":"es_ES","og_type":"article","og_title":"F\u00e1tima Bosch responde a rumores de demanda de Nawat Itsaragrisil y defiende el respeto hacia las mujeres - Cuballama Noticias","og_description":"F\u00e1tima Bosch, Miss Universo 2025, responde a los rumores de una demanda de Nawat Itsaragrisil y asegura no haber recibido ninguna notificaci\u00f3n oficial.","og_url":"https:\/\/www.cuballama.com\/noticias\/fatima-bosch-responde-a-rumores-de-demanda-de-nawat-itsaragrisil-y-defiende-el-respeto-hacia-las-mujeres\/","og_site_name":"Cuballama Noticias","article_publisher":"https:\/\/www.facebook.com\/CubaLlama","article_published_time":"2026-09-06T00:26:45+00:00","article_modified_time":"2026-09-06T00:26:49+00:00","og_image":[{"width":1024,"height":576,"url":"https:\/\/cdn1.mediawpaccore.net\/wp-content\/uploads\/2026\/08\/25115400\/xxxxxccccccccddd-29-1024x576.png","type":"image\/png"}],"author":"Roberto A.","twitter_card":"summary_large_image","twitter_creator":"@cuballama","twitter_site":"@cuballama","twitter_misc":{"Escrito por":"Roberto A.","Tiempo de lectura":"3 minutos"},"schema":{"@context":"https:\/\/schema.org","@graph":[{"@type":"Article","@id":"https:\/\/www.cuballama.com\/noticias\/fatima-bosch-responde-a-rumores-de-demanda-de-nawat-itsaragrisil-y-defiende-el-respeto-hacia-las-mujeres\/#article","isPartOf":{"@id":"https:\/\/www.cuballama.com\/noticias\/fatima-bosch-responde-a-rumores-de-demanda-de-nawat-itsaragrisil-y-defiende-el-respeto-hacia-las-mujeres\/"},"author":{"name":"Roberto A.","@id":"https:\/\/www.cuballama.com\/noticias\/#\/schema\/person\/a58502ed4146c8e9f83872e897c76cd2"},"headline":"F\u00e1tima Bosch responde a rumores de demanda de Nawat Itsaragrisil y defiende el respeto hacia las mujeres","datePublished":"2026-09-06T00:26:45+00:00","dateModified":"2026-09-06T00:26:49+00:00","mainEntityOfPage":{"@id":"https:\/\/www.cuballama.com\/noticias\/fatima-bosch-responde-a-rumores-de-demanda-de-nawat-itsaragrisil-y-defiende-el-respeto-hacia-las-mujeres\/"},"wordCount":648,"commentCount":0,"publisher":{"@id":"https:\/\/www.cuballama.com\/noticias\/#organization"},"image":{"@id":"https:\/\/www.cuballama.com\/noticias\/fatima-bosch-responde-a-rumores-de-demanda-de-nawat-itsaragrisil-y-defiende-el-respeto-hacia-las-mujeres\/#primaryimage"},"thumbnailUrl":"https:\/\/cdn1.mediawpaccore.net\/wp-content\/uploads\/2026\/08\/25115400\/xxxxxccccccccddd-29.png","keywords":["demanda","Far\u00e1ndula","F\u00e1tima Bosch","Miss Universo","Miss Universo 2025","Nawat Itsaragrisil","respeto a la mujer","Tailandia"],"articleSection":["Far\u00e1ndula","Noticias"],"inLanguage":"es","potentialAction":[{"@type":"CommentAction","name":"Comment","target":["https:\/\/www.cuballama.com\/noticias\/fatima-bosch-responde-a-rumores-de-demanda-de-nawat-itsaragrisil-y-defiende-el-respeto-hacia-las-mujeres\/#respond"]}]},{"@type":"WebPage","@id":"https:\/\/www.cuballama.com\/noticias\/fatima-bosch-responde-a-rumores-de-demanda-de-nawat-itsaragrisil-y-defiende-el-respeto-hacia-las-mujeres\/","url":"https:\/\/www.cuballama.com\/noticias\/fatima-bosch-responde-a-rumores-de-demanda-de-nawat-itsaragrisil-y-defiende-el-respeto-hacia-las-mujeres\/","name":"F\u00e1tima Bosch responde a rumores de demanda de Nawat Itsaragrisil y defiende el respeto hacia las mujeres - Cuballama Noticias","isPartOf":{"@id":"https:\/\/www.cuballama.com\/noticias\/#website"},"primaryImageOfPage":{"@id":"https:\/\/www.cuballama.com\/noticias\/fatima-bosch-responde-a-rumores-de-demanda-de-nawat-itsaragrisil-y-defiende-el-respeto-hacia-las-mujeres\/#primaryimage"},"image":{"@id":"https:\/\/www.cuballama.com\/noticias\/fatima-bosch-responde-a-rumores-de-demanda-de-nawat-itsaragrisil-y-defiende-el-respeto-hacia-las-mujeres\/#primaryimage"},"thumbnailUrl":"https:\/\/cdn1.mediawpaccore.net\/wp-content\/uploads\/2026\/08\/25115400\/xxxxxccccccccddd-29.png","datePublished":"2026-09-06T00:26:45+00:00","dateModified":"2026-09-06T00:26:49+00:00","description":"F\u00e1tima Bosch, Miss Universo 2025, responde a los rumores de una demanda de Nawat Itsaragrisil y asegura no haber recibido ninguna notificaci\u00f3n oficial.","breadcrumb":{"@id":"https:\/\/www.cuballama.com\/noticias\/fatima-bosch-responde-a-rumores-de-demanda-de-nawat-itsaragrisil-y-defiende-el-respeto-hacia-las-mujeres\/#breadcrumb"},"inLanguage":"es","potentialAction":[{"@type":"ReadAction","target":["https:\/\/www.cuballama.com\/noticias\/fatima-bosch-responde-a-rumores-de-demanda-de-nawat-itsaragrisil-y-defiende-el-respeto-hacia-las-mujeres\/"]}]},{"@type":"ImageObject","inLanguage":"es","@id":"https:\/\/www.cuballama.com\/noticias\/fatima-bosch-responde-a-rumores-de-demanda-de-nawat-itsaragrisil-y-defiende-el-respeto-hacia-las-mujeres\/#primaryimage","url":"https:\/\/cdn1.mediawpaccore.net\/wp-content\/uploads\/2026\/08\/25115400\/xxxxxccccccccddd-29.png","contentUrl":"https:\/\/cdn1.mediawpaccore.net\/wp-content\/uploads\/2026\/08\/25115400\/xxxxxccccccccddd-29.png","width":1920,"height":1080,"caption":"Fotos tomadas de los perfiles de Instagram de Nawat Itsaragrisil y F\u00e1tima Bosch"},{"@type":"BreadcrumbList","@id":"https:\/\/www.cuballama.com\/noticias\/fatima-bosch-responde-a-rumores-de-demanda-de-nawat-itsaragrisil-y-defiende-el-respeto-hacia-las-mujeres\/#breadcrumb","itemListElement":[{"@type":"ListItem","position":1,"name":"Home","item":"https:\/\/www.cuballama.com\/noticias\/"},{"@type":"ListItem","position":2,"name":"F\u00e1tima Bosch responde a rumores de demanda de Nawat Itsaragrisil y defiende el respeto hacia las mujeres"}]},{"@type":"WebSite","@id":"https:\/\/www.cuballama.com\/noticias\/#website","url":"https:\/\/www.cuballama.com\/noticias\/","name":"Cuballama Noticias","description":"Medio digital sobre Cuba y el mundo","publisher":{"@id":"https:\/\/www.cuballama.com\/noticias\/#organization"},"potentialAction":[{"@type":"SearchAction","target":{"@type":"EntryPoint","urlTemplate":"https:\/\/www.cuballama.com\/noticias\/?s={search_term_string}"},"query-input":{"@type":"PropertyValueSpecification","valueRequired":true,"valueName":"search_term_string"}}],"inLanguage":"es"},{"@type":"Organization","@id":"https:\/\/www.cuballama.com\/noticias\/#organization","name":"Cuballama","url":"https:\/\/www.cuballama.com\/noticias\/","logo":{"@type":"ImageObject","inLanguage":"es","@id":"https:\/\/www.cuballama.com\/noticias\/#\/schema\/logo\/image\/","url":"https:\/\/cdn1.mediawpaccore.net\/wp-content\/uploads\/2021\/12\/28171206\/cbll-logo-color-sm.png","contentUrl":"https:\/\/cdn1.mediawpaccore.net\/wp-content\/uploads\/2021\/12\/28171206\/cbll-logo-color-sm.png","width":600,"height":133,"caption":"Cuballama"},"image":{"@id":"https:\/\/www.cuballama.com\/noticias\/#\/schema\/logo\/image\/"},"sameAs":["https:\/\/www.facebook.com\/CubaLlama","https:\/\/x.com\/cuballama","https:\/\/www.instagram.com\/stories\/cuballama_oficial\/","https:\/\/www.youtube.com\/channel\/UCKkFE-d_axENGZcrc4as0IA"]},{"@type":"Person","@id":"https:\/\/www.cuballama.com\/noticias\/#\/schema\/person\/a58502ed4146c8e9f83872e897c76cd2","name":"Roberto A.","description":"Roberto A. Periodista por decisi\u00f3n propia. Interesado en cualquier tema que me apasione y cada vez m\u00e1s comprometido con la verdad y la objetividad period\u00edstica. Graduado en La Habana hace ya muchos a\u00f1os, luego de una accidentada y polvorienta b\u00fasqueda de informaci\u00f3n sobre un tema in\u00e9dito. La Tesis, por cierto, desapareci\u00f3 de la biblioteca y no se conservan copias de la misma.","url":"https:\/\/www.cuballama.com\/noticias\/author\/roberto\/"}]}},"_links":{"self":[{"href":"https:\/\/www.cuballama.com\/noticias\/wp-json\/wp\/v2\/posts\/256020","targetHints":{"allow":["GET"]}}],"collection":[{"href":"https:\/\/www.cuballama.com\/noticias\/wp-json\/wp\/v2\/posts"}],"about":[{"href":"https:\/\/www.cuballama.com\/noticias\/wp-json\/wp\/v2\/types\/post"}],"author":[{"embeddable":true,"href":"https:\/\/www.cuballama.com\/noticias\/wp-json\/wp\/v2\/users\/13"}],"replies":[{"embeddable":true,"href":"https:\/\/www.cuballama.com\/noticias\/wp-json\/wp\/v2\/comments?post=256020"}],"version-history":[{"count":2,"href":"https:\/\/www.cuballama.com\/noticias\/wp-json\/wp\/v2\/posts\/256020\/revisions"}],"predecessor-version":[{"id":256218,"href":"https:\/\/www.cuballama.com\/noticias\/wp-json\/wp\/v2\/posts\/256020\/revisions\/256218"}],"wp:featuredmedia":[{"embeddable":true,"href":"https:\/\/www.cuballama.com\/noticias\/wp-json\/wp\/v2\/media\/254939"}],"wp:attachment":[{"href":"https:\/\/www.cuballama.com\/noticias\/wp-json\/wp\/v2\/media?parent=256020"}],"wp:term":[{"taxonomy":"category","embeddable":true,"href":"https:\/\/www.cuballama.com\/noticias\/wp-json\/wp\/v2\/categories?post=256020"},{"taxonomy":"post_tag","embeddable":true,"href":"https:\/\/www.cuballama.com\/noticias\/wp-json\/wp\/v2\/tags?post=256020"}],"curies":[{"name":"wp","href":"https:\/\/api.w.org\/{rel}","templated":true}]}}