{"id":256011,"date":"2026-09-03T13:35:30","date_gmt":"2026-09-03T17:35:30","guid":{"rendered":"https:\/\/www.cuballama.com\/noticias\/?p=256011"},"modified":"2026-09-03T13:35:35","modified_gmt":"2026-09-03T17:35:35","slug":"amaia-montero-regresa-a-los-premios-juventud-con-la-oreja-de-van-gogh-en-una-noche-compartida-con-quevedo","status":"publish","type":"post","link":"https:\/\/www.cuballama.com\/noticias\/amaia-montero-regresa-a-los-premios-juventud-con-la-oreja-de-van-gogh-en-una-noche-compartida-con-quevedo\/","title":{"rendered":"Amaia Montero regresa a los Premios Juventud con La Oreja de Van Gogh en una noche compartida con Quevedo"},"content":{"rendered":"\n<h2 class=\"wp-block-heading\">El reencuentro de Amaia Montero con La Oreja de Van Gogh llega a los Premios Juventud 2026. <\/h2>\n\n\n\n<h2 class=\"wp-block-heading\">La cantante act\u00faa esta noche en Starlite Marbella junto a la banda a la que regres\u00f3 este a\u00f1o tras 30 a\u00f1os de trayectoria conjunta, en una gala de los Premios Juventud que tambi\u00e9n re\u00fane a Quevedo, Eladio Carri\u00f3n y Elena Rose, entre otros artistas.<\/h2>\n\n\n\n<p class=\"wp-block-paragraph\">Amaia Montero act\u00faa esta noche en los Premios Juventud 2026, celebrados en Starlite Marbella, como parte del regreso de la cantante a La Oreja de Van Gogh, la banda que fund\u00f3 y a la que volvi\u00f3 este a\u00f1o tras una separaci\u00f3n que se prolong\u00f3 por m\u00e1s de una d\u00e9cada. La actuaci\u00f3n coincide con la conmemoraci\u00f3n de los 30 a\u00f1os de trayectoria del grupo espa\u00f1ol y marca su debut sobre el escenario de la ceremonia.<\/p>\n\n\n\n<p class=\"wp-block-paragraph\">La Oreja de Van Gogh interpretar\u00e1 \u00abRosas\u00bb, canci\u00f3n que este a\u00f1o se convirti\u00f3 en la primera de una banda espa\u00f1ola en superar los 1.000 millones de reproducciones en Spotify. El grupo llega adem\u00e1s nominado en dos categor\u00edas de la gala: Grupo o D\u00fao Favorito del A\u00f1o y Mejor Euro-Song, y recibir\u00e1 el premio \u00abAgente de Cambio\u00bb en reconocimiento a su compromiso social, que incluye la iniciativa \u00abGuitarras Solidarias\u00bb, puesta en marcha en apoyo a las v\u00edctimas de la DANA que golpe\u00f3 Espa\u00f1a.<\/p>\n\n\n\n<p class=\"wp-block-paragraph\">La ceremonia de este 3 de septiembre re\u00fane en un mismo cartel a Amaia Montero con el canario Quevedo, confirmado previamente como uno de los artistas de la gala, adem\u00e1s de Eladio Carri\u00f3n, que llega con seis nominaciones, y Elena Rose, nominada en cinco categor\u00edas, entre ellas Artista Premios Juventud Femenina. El programa de actuaciones incluye tambi\u00e9n el debut televisivo de la colaboraci\u00f3n afro-pop de Alleh y Elena Rose, una presentaci\u00f3n de Camila Fern\u00e1ndez y una colaboraci\u00f3n de Silvestre Dangond con la propia Elena Rose.<\/p>\n\n\n\n<p class=\"wp-block-paragraph\">Los Premios Juventud se transmiten desde Starlite Marbella a las 7:00 p.m. hora del Este de Estados Unidos (6:00 p.m. hora central, 4:00 p.m. hora del Pac\u00edfico) y a las 5:00 p.m. en M\u00e9xico por el Canal 5, con cobertura simult\u00e1nea en Univision, UNIM\u00c1S, Galavisi\u00f3n, ViX y YouTube.<\/p>\n\n\n\n<p class=\"wp-block-paragraph\">El regreso de Amaia Montero a La Oreja de Van Gogh ha sido uno de los movimientos m\u00e1s comentados de la industria musical en espa\u00f1ol este a\u00f1o, despu\u00e9s de que la cantante donostiarra dejara la agrupaci\u00f3n en 2007 para iniciar una carrera en solitario. Su reincorporaci\u00f3n se anunci\u00f3 como parte de la celebraci\u00f3n del trig\u00e9simo aniversario de la banda, y la actuaci\u00f3n de esta noche en Marbella es, hasta el momento, una de sus apariciones p\u00fablicas de mayor exposici\u00f3n desde el anuncio del regreso, al compartir cartel con algunos de los nombres m\u00e1s escuchados del pop urbano y el reguet\u00f3n en espa\u00f1ol, como el propio Quevedo y Eladio Carri\u00f3n.<\/p>\n\n\n\n<p class=\"wp-block-paragraph\">Hasta el momento no hay registro verificable de declaraciones cruzadas entre Amaia Montero y Quevedo en torno a esta edici\u00f3n de los Premios Juventud; ambos artistas figuran confirmados en el mismo evento, pero cualquier interacci\u00f3n puntual entre ellos durante la noche \u2014en alfombra roja, backstage o en redes sociales\u2014 deber\u00e1 confirmarse con la cobertura que se genere a partir de la propia gala.<\/p>\n\n\n\n<p class=\"wp-block-paragraph\">[FUENTES]<br>Corporate Televisa Univision, \u00abPremios Juventud Recognizes La Oreja de Van Gogh as Agents of Change and Expands Lineup for its Historic Marbella Show\u00bb, <a href=\"https:\/\/corporate.televisaunivision.com\/press\/2026\/08\/20\/premios-juventud-recognizes-la-oreja-de-van-gogh-as-agents-of-change-and-expands-lineup-for-its-historic-marbella-show\/\" target=\"_blank\" rel=\"noreferrer noopener nofollow\">https:\/\/corporate.televisaunivision.com\/press\/2026\/08\/20\/premios-juventud-recognizes-la-oreja-de-van-gogh-as-agents-of-change-and-expands-lineup-for-its-historic-marbella-show\/<\/a><br>Canarias7, \u00abQuevedo actuar\u00e1 en la gala de los Premios Juventud en Marbella\u00bb, <a href=\"https:\/\/www.canarias7.es\/cultura\/musica\/quevedo-actuara-gala-premios-juventud-marbella-20260814173552-nt.html\" target=\"_blank\" rel=\"noreferrer noopener nofollow\">https:\/\/www.canarias7.es\/cultura\/musica\/quevedo-actuara-gala-premios-juventud-marbella-20260814173552-nt.html<\/a><\/p>\n\n\n\n<p class=\"wp-block-paragraph\"><\/p>\n","protected":false},"excerpt":{"rendered":"<p>Amaia Montero sube esta noche al escenario de los Premios Juventud 2026 en Marbella junto a La Oreja de Van Gogh, la banda a la que regres\u00f3 este a\u00f1o como vocalista tras 30 a\u00f1os de trayectoria conjunta. El grupo interpretar\u00e1 \u00abRosas\u00bb, su debut en el escenario de la ceremonia, en una gala que tambi\u00e9n cuenta con Quevedo, Eladio Carri\u00f3n y Elena Rose.<\/p>\n","protected":false},"author":13,"featured_media":256042,"comment_status":"open","ping_status":"closed","sticky":false,"template":"","format":"standard","meta":{"_acf_changed":false,"footnotes":""},"categories":[443,18],"tags":[13929,268,13930,36641,11063,10394,18018,37879],"class_list":["post-256011","post","type-post","status-publish","format-standard","has-post-thumbnail","category-farandula","category-noticias","tag-amaia-montero","tag-farandula","tag-la-oreja-de-van-gogh","tag-marbella","tag-musica-2","tag-premios-juventud","tag-quevedo","tag-starlite"],"acf":[],"yoast_head":"<!-- This site is optimized with the Yoast SEO plugin v28.3 - https:\/\/yoast.com\/product\/yoast-seo-wordpress\/ -->\n<title>Amaia Montero regresa a los Premios Juventud con La Oreja de Van Gogh en una noche compartida con Quevedo - Cuballama Noticias<\/title>\n<meta name=\"description\" content=\"Amaia Montero act\u00faa hoy con La Oreja de Van Gogh en los Premios Juventud 2026 en Marbella, en el marco de su regreso a la banda y de dos nominaciones del grupo.\" \/>\n<meta name=\"robots\" content=\"index, follow, max-snippet:-1, max-image-preview:large, max-video-preview:-1\" \/>\n<link rel=\"canonical\" href=\"https:\/\/www.cuballama.com\/noticias\/amaia-montero-regresa-a-los-premios-juventud-con-la-oreja-de-van-gogh-en-una-noche-compartida-con-quevedo\/\" \/>\n<meta property=\"og:locale\" content=\"es_ES\" \/>\n<meta property=\"og:type\" content=\"article\" \/>\n<meta property=\"og:title\" content=\"Amaia Montero regresa a los Premios Juventud con La Oreja de Van Gogh en una noche compartida con Quevedo - Cuballama Noticias\" \/>\n<meta property=\"og:description\" content=\"Amaia Montero act\u00faa hoy con La Oreja de Van Gogh en los Premios Juventud 2026 en Marbella, en el marco de su regreso a la banda y de dos nominaciones del grupo.\" \/>\n<meta property=\"og:url\" content=\"https:\/\/www.cuballama.com\/noticias\/amaia-montero-regresa-a-los-premios-juventud-con-la-oreja-de-van-gogh-en-una-noche-compartida-con-quevedo\/\" \/>\n<meta property=\"og:site_name\" content=\"Cuballama Noticias\" \/>\n<meta property=\"article:publisher\" content=\"https:\/\/www.facebook.com\/CubaLlama\" \/>\n<meta property=\"article:published_time\" content=\"2026-09-03T17:35:30+00:00\" \/>\n<meta property=\"article:modified_time\" content=\"2026-09-03T17:35:35+00:00\" \/>\n<meta property=\"og:image\" content=\"https:\/\/cdn1.mediawpaccore.net\/wp-content\/uploads\/2026\/09\/03110300\/image-22.png\" \/>\n\t<meta property=\"og:image:width\" content=\"756\" \/>\n\t<meta property=\"og:image:height\" content=\"406\" \/>\n\t<meta property=\"og:image:type\" content=\"image\/png\" \/>\n<meta name=\"author\" content=\"Roberto A.\" \/>\n<meta name=\"twitter:card\" content=\"summary_large_image\" \/>\n<meta name=\"twitter:creator\" content=\"@cuballama\" \/>\n<meta name=\"twitter:site\" content=\"@cuballama\" \/>\n<meta name=\"twitter:label1\" content=\"Escrito por\" \/>\n\t<meta name=\"twitter:data1\" content=\"Roberto A.\" \/>\n\t<meta name=\"twitter:label2\" content=\"Tiempo de lectura\" \/>\n\t<meta name=\"twitter:data2\" content=\"3 minutos\" \/>\n<script type=\"application\/ld+json\" class=\"yoast-schema-graph\">{\"@context\":\"https:\\\/\\\/schema.org\",\"@graph\":[{\"@type\":\"Article\",\"@id\":\"https:\\\/\\\/www.cuballama.com\\\/noticias\\\/amaia-montero-regresa-a-los-premios-juventud-con-la-oreja-de-van-gogh-en-una-noche-compartida-con-quevedo\\\/#article\",\"isPartOf\":{\"@id\":\"https:\\\/\\\/www.cuballama.com\\\/noticias\\\/amaia-montero-regresa-a-los-premios-juventud-con-la-oreja-de-van-gogh-en-una-noche-compartida-con-quevedo\\\/\"},\"author\":{\"name\":\"Roberto A.\",\"@id\":\"https:\\\/\\\/www.cuballama.com\\\/noticias\\\/#\\\/schema\\\/person\\\/a58502ed4146c8e9f83872e897c76cd2\"},\"headline\":\"Amaia Montero regresa a los Premios Juventud con La Oreja de Van Gogh en una noche compartida con Quevedo\",\"datePublished\":\"2026-09-03T17:35:30+00:00\",\"dateModified\":\"2026-09-03T17:35:35+00:00\",\"mainEntityOfPage\":{\"@id\":\"https:\\\/\\\/www.cuballama.com\\\/noticias\\\/amaia-montero-regresa-a-los-premios-juventud-con-la-oreja-de-van-gogh-en-una-noche-compartida-con-quevedo\\\/\"},\"wordCount\":639,\"commentCount\":0,\"publisher\":{\"@id\":\"https:\\\/\\\/www.cuballama.com\\\/noticias\\\/#organization\"},\"image\":{\"@id\":\"https:\\\/\\\/www.cuballama.com\\\/noticias\\\/amaia-montero-regresa-a-los-premios-juventud-con-la-oreja-de-van-gogh-en-una-noche-compartida-con-quevedo\\\/#primaryimage\"},\"thumbnailUrl\":\"https:\\\/\\\/cdn1.mediawpaccore.net\\\/wp-content\\\/uploads\\\/2026\\\/09\\\/03110300\\\/image-22.png\",\"keywords\":[\"Amaia Montero\",\"Far\u00e1ndula\",\"La Oreja de Van Gogh\",\"Marbella\",\"M\u00fasica\",\"Premios Juventud\",\"Quevedo\",\"Starlite\"],\"articleSection\":[\"Far\u00e1ndula\",\"Noticias\"],\"inLanguage\":\"es\",\"potentialAction\":[{\"@type\":\"CommentAction\",\"name\":\"Comment\",\"target\":[\"https:\\\/\\\/www.cuballama.com\\\/noticias\\\/amaia-montero-regresa-a-los-premios-juventud-con-la-oreja-de-van-gogh-en-una-noche-compartida-con-quevedo\\\/#respond\"]}]},{\"@type\":\"WebPage\",\"@id\":\"https:\\\/\\\/www.cuballama.com\\\/noticias\\\/amaia-montero-regresa-a-los-premios-juventud-con-la-oreja-de-van-gogh-en-una-noche-compartida-con-quevedo\\\/\",\"url\":\"https:\\\/\\\/www.cuballama.com\\\/noticias\\\/amaia-montero-regresa-a-los-premios-juventud-con-la-oreja-de-van-gogh-en-una-noche-compartida-con-quevedo\\\/\",\"name\":\"Amaia Montero regresa a los Premios Juventud con La Oreja de Van Gogh en una noche compartida con Quevedo - Cuballama Noticias\",\"isPartOf\":{\"@id\":\"https:\\\/\\\/www.cuballama.com\\\/noticias\\\/#website\"},\"primaryImageOfPage\":{\"@id\":\"https:\\\/\\\/www.cuballama.com\\\/noticias\\\/amaia-montero-regresa-a-los-premios-juventud-con-la-oreja-de-van-gogh-en-una-noche-compartida-con-quevedo\\\/#primaryimage\"},\"image\":{\"@id\":\"https:\\\/\\\/www.cuballama.com\\\/noticias\\\/amaia-montero-regresa-a-los-premios-juventud-con-la-oreja-de-van-gogh-en-una-noche-compartida-con-quevedo\\\/#primaryimage\"},\"thumbnailUrl\":\"https:\\\/\\\/cdn1.mediawpaccore.net\\\/wp-content\\\/uploads\\\/2026\\\/09\\\/03110300\\\/image-22.png\",\"datePublished\":\"2026-09-03T17:35:30+00:00\",\"dateModified\":\"2026-09-03T17:35:35+00:00\",\"description\":\"Amaia Montero act\u00faa hoy con La Oreja de Van Gogh en los Premios Juventud 2026 en Marbella, en el marco de su regreso a la banda y de dos nominaciones del grupo.\",\"breadcrumb\":{\"@id\":\"https:\\\/\\\/www.cuballama.com\\\/noticias\\\/amaia-montero-regresa-a-los-premios-juventud-con-la-oreja-de-van-gogh-en-una-noche-compartida-con-quevedo\\\/#breadcrumb\"},\"inLanguage\":\"es\",\"potentialAction\":[{\"@type\":\"ReadAction\",\"target\":[\"https:\\\/\\\/www.cuballama.com\\\/noticias\\\/amaia-montero-regresa-a-los-premios-juventud-con-la-oreja-de-van-gogh-en-una-noche-compartida-con-quevedo\\\/\"]}]},{\"@type\":\"ImageObject\",\"inLanguage\":\"es\",\"@id\":\"https:\\\/\\\/www.cuballama.com\\\/noticias\\\/amaia-montero-regresa-a-los-premios-juventud-con-la-oreja-de-van-gogh-en-una-noche-compartida-con-quevedo\\\/#primaryimage\",\"url\":\"https:\\\/\\\/cdn1.mediawpaccore.net\\\/wp-content\\\/uploads\\\/2026\\\/09\\\/03110300\\\/image-22.png\",\"contentUrl\":\"https:\\\/\\\/cdn1.mediawpaccore.net\\\/wp-content\\\/uploads\\\/2026\\\/09\\\/03110300\\\/image-22.png\",\"width\":756,\"height\":406,\"caption\":\"Foto: V\u00eda Amaia Montero \\\/ Instagram\"},{\"@type\":\"BreadcrumbList\",\"@id\":\"https:\\\/\\\/www.cuballama.com\\\/noticias\\\/amaia-montero-regresa-a-los-premios-juventud-con-la-oreja-de-van-gogh-en-una-noche-compartida-con-quevedo\\\/#breadcrumb\",\"itemListElement\":[{\"@type\":\"ListItem\",\"position\":1,\"name\":\"Home\",\"item\":\"https:\\\/\\\/www.cuballama.com\\\/noticias\\\/\"},{\"@type\":\"ListItem\",\"position\":2,\"name\":\"Amaia Montero regresa a los Premios Juventud con La Oreja de Van Gogh en una noche compartida con Quevedo\"}]},{\"@type\":\"WebSite\",\"@id\":\"https:\\\/\\\/www.cuballama.com\\\/noticias\\\/#website\",\"url\":\"https:\\\/\\\/www.cuballama.com\\\/noticias\\\/\",\"name\":\"Cuballama Noticias\",\"description\":\"Medio digital sobre Cuba y el mundo\",\"publisher\":{\"@id\":\"https:\\\/\\\/www.cuballama.com\\\/noticias\\\/#organization\"},\"potentialAction\":[{\"@type\":\"SearchAction\",\"target\":{\"@type\":\"EntryPoint\",\"urlTemplate\":\"https:\\\/\\\/www.cuballama.com\\\/noticias\\\/?s={search_term_string}\"},\"query-input\":{\"@type\":\"PropertyValueSpecification\",\"valueRequired\":true,\"valueName\":\"search_term_string\"}}],\"inLanguage\":\"es\"},{\"@type\":\"Organization\",\"@id\":\"https:\\\/\\\/www.cuballama.com\\\/noticias\\\/#organization\",\"name\":\"Cuballama\",\"url\":\"https:\\\/\\\/www.cuballama.com\\\/noticias\\\/\",\"logo\":{\"@type\":\"ImageObject\",\"inLanguage\":\"es\",\"@id\":\"https:\\\/\\\/www.cuballama.com\\\/noticias\\\/#\\\/schema\\\/logo\\\/image\\\/\",\"url\":\"https:\\\/\\\/cdn1.mediawpaccore.net\\\/wp-content\\\/uploads\\\/2021\\\/12\\\/28171206\\\/cbll-logo-color-sm.png\",\"contentUrl\":\"https:\\\/\\\/cdn1.mediawpaccore.net\\\/wp-content\\\/uploads\\\/2021\\\/12\\\/28171206\\\/cbll-logo-color-sm.png\",\"width\":600,\"height\":133,\"caption\":\"Cuballama\"},\"image\":{\"@id\":\"https:\\\/\\\/www.cuballama.com\\\/noticias\\\/#\\\/schema\\\/logo\\\/image\\\/\"},\"sameAs\":[\"https:\\\/\\\/www.facebook.com\\\/CubaLlama\",\"https:\\\/\\\/x.com\\\/cuballama\",\"https:\\\/\\\/www.instagram.com\\\/stories\\\/cuballama_oficial\\\/\",\"https:\\\/\\\/www.youtube.com\\\/channel\\\/UCKkFE-d_axENGZcrc4as0IA\"]},{\"@type\":\"Person\",\"@id\":\"https:\\\/\\\/www.cuballama.com\\\/noticias\\\/#\\\/schema\\\/person\\\/a58502ed4146c8e9f83872e897c76cd2\",\"name\":\"Roberto A.\",\"description\":\"Roberto A. Periodista por decisi\u00f3n propia. Interesado en cualquier tema que me apasione y cada vez m\u00e1s comprometido con la verdad y la objetividad period\u00edstica. Graduado en La Habana hace ya muchos a\u00f1os, luego de una accidentada y polvorienta b\u00fasqueda de informaci\u00f3n sobre un tema in\u00e9dito. La Tesis, por cierto, desapareci\u00f3 de la biblioteca y no se conservan copias de la misma.\",\"url\":\"https:\\\/\\\/www.cuballama.com\\\/noticias\\\/author\\\/roberto\\\/\"}]}<\/script>\n<!-- \/ Yoast SEO plugin. -->","yoast_head_json":{"title":"Amaia Montero regresa a los Premios Juventud con La Oreja de Van Gogh en una noche compartida con Quevedo - Cuballama Noticias","description":"Amaia Montero act\u00faa hoy con La Oreja de Van Gogh en los Premios Juventud 2026 en Marbella, en el marco de su regreso a la banda y de dos nominaciones del grupo.","robots":{"index":"index","follow":"follow","max-snippet":"max-snippet:-1","max-image-preview":"max-image-preview:large","max-video-preview":"max-video-preview:-1"},"canonical":"https:\/\/www.cuballama.com\/noticias\/amaia-montero-regresa-a-los-premios-juventud-con-la-oreja-de-van-gogh-en-una-noche-compartida-con-quevedo\/","og_locale":"es_ES","og_type":"article","og_title":"Amaia Montero regresa a los Premios Juventud con La Oreja de Van Gogh en una noche compartida con Quevedo - Cuballama Noticias","og_description":"Amaia Montero act\u00faa hoy con La Oreja de Van Gogh en los Premios Juventud 2026 en Marbella, en el marco de su regreso a la banda y de dos nominaciones del grupo.","og_url":"https:\/\/www.cuballama.com\/noticias\/amaia-montero-regresa-a-los-premios-juventud-con-la-oreja-de-van-gogh-en-una-noche-compartida-con-quevedo\/","og_site_name":"Cuballama Noticias","article_publisher":"https:\/\/www.facebook.com\/CubaLlama","article_published_time":"2026-09-03T17:35:30+00:00","article_modified_time":"2026-09-03T17:35:35+00:00","og_image":[{"width":756,"height":406,"url":"https:\/\/cdn1.mediawpaccore.net\/wp-content\/uploads\/2026\/09\/03110300\/image-22.png","type":"image\/png"}],"author":"Roberto A.","twitter_card":"summary_large_image","twitter_creator":"@cuballama","twitter_site":"@cuballama","twitter_misc":{"Escrito por":"Roberto A.","Tiempo de lectura":"3 minutos"},"schema":{"@context":"https:\/\/schema.org","@graph":[{"@type":"Article","@id":"https:\/\/www.cuballama.com\/noticias\/amaia-montero-regresa-a-los-premios-juventud-con-la-oreja-de-van-gogh-en-una-noche-compartida-con-quevedo\/#article","isPartOf":{"@id":"https:\/\/www.cuballama.com\/noticias\/amaia-montero-regresa-a-los-premios-juventud-con-la-oreja-de-van-gogh-en-una-noche-compartida-con-quevedo\/"},"author":{"name":"Roberto A.","@id":"https:\/\/www.cuballama.com\/noticias\/#\/schema\/person\/a58502ed4146c8e9f83872e897c76cd2"},"headline":"Amaia Montero regresa a los Premios Juventud con La Oreja de Van Gogh en una noche compartida con Quevedo","datePublished":"2026-09-03T17:35:30+00:00","dateModified":"2026-09-03T17:35:35+00:00","mainEntityOfPage":{"@id":"https:\/\/www.cuballama.com\/noticias\/amaia-montero-regresa-a-los-premios-juventud-con-la-oreja-de-van-gogh-en-una-noche-compartida-con-quevedo\/"},"wordCount":639,"commentCount":0,"publisher":{"@id":"https:\/\/www.cuballama.com\/noticias\/#organization"},"image":{"@id":"https:\/\/www.cuballama.com\/noticias\/amaia-montero-regresa-a-los-premios-juventud-con-la-oreja-de-van-gogh-en-una-noche-compartida-con-quevedo\/#primaryimage"},"thumbnailUrl":"https:\/\/cdn1.mediawpaccore.net\/wp-content\/uploads\/2026\/09\/03110300\/image-22.png","keywords":["Amaia Montero","Far\u00e1ndula","La Oreja de Van Gogh","Marbella","M\u00fasica","Premios Juventud","Quevedo","Starlite"],"articleSection":["Far\u00e1ndula","Noticias"],"inLanguage":"es","potentialAction":[{"@type":"CommentAction","name":"Comment","target":["https:\/\/www.cuballama.com\/noticias\/amaia-montero-regresa-a-los-premios-juventud-con-la-oreja-de-van-gogh-en-una-noche-compartida-con-quevedo\/#respond"]}]},{"@type":"WebPage","@id":"https:\/\/www.cuballama.com\/noticias\/amaia-montero-regresa-a-los-premios-juventud-con-la-oreja-de-van-gogh-en-una-noche-compartida-con-quevedo\/","url":"https:\/\/www.cuballama.com\/noticias\/amaia-montero-regresa-a-los-premios-juventud-con-la-oreja-de-van-gogh-en-una-noche-compartida-con-quevedo\/","name":"Amaia Montero regresa a los Premios Juventud con La Oreja de Van Gogh en una noche compartida con Quevedo - Cuballama Noticias","isPartOf":{"@id":"https:\/\/www.cuballama.com\/noticias\/#website"},"primaryImageOfPage":{"@id":"https:\/\/www.cuballama.com\/noticias\/amaia-montero-regresa-a-los-premios-juventud-con-la-oreja-de-van-gogh-en-una-noche-compartida-con-quevedo\/#primaryimage"},"image":{"@id":"https:\/\/www.cuballama.com\/noticias\/amaia-montero-regresa-a-los-premios-juventud-con-la-oreja-de-van-gogh-en-una-noche-compartida-con-quevedo\/#primaryimage"},"thumbnailUrl":"https:\/\/cdn1.mediawpaccore.net\/wp-content\/uploads\/2026\/09\/03110300\/image-22.png","datePublished":"2026-09-03T17:35:30+00:00","dateModified":"2026-09-03T17:35:35+00:00","description":"Amaia Montero act\u00faa hoy con La Oreja de Van Gogh en los Premios Juventud 2026 en Marbella, en el marco de su regreso a la banda y de dos nominaciones del grupo.","breadcrumb":{"@id":"https:\/\/www.cuballama.com\/noticias\/amaia-montero-regresa-a-los-premios-juventud-con-la-oreja-de-van-gogh-en-una-noche-compartida-con-quevedo\/#breadcrumb"},"inLanguage":"es","potentialAction":[{"@type":"ReadAction","target":["https:\/\/www.cuballama.com\/noticias\/amaia-montero-regresa-a-los-premios-juventud-con-la-oreja-de-van-gogh-en-una-noche-compartida-con-quevedo\/"]}]},{"@type":"ImageObject","inLanguage":"es","@id":"https:\/\/www.cuballama.com\/noticias\/amaia-montero-regresa-a-los-premios-juventud-con-la-oreja-de-van-gogh-en-una-noche-compartida-con-quevedo\/#primaryimage","url":"https:\/\/cdn1.mediawpaccore.net\/wp-content\/uploads\/2026\/09\/03110300\/image-22.png","contentUrl":"https:\/\/cdn1.mediawpaccore.net\/wp-content\/uploads\/2026\/09\/03110300\/image-22.png","width":756,"height":406,"caption":"Foto: V\u00eda Amaia Montero \/ Instagram"},{"@type":"BreadcrumbList","@id":"https:\/\/www.cuballama.com\/noticias\/amaia-montero-regresa-a-los-premios-juventud-con-la-oreja-de-van-gogh-en-una-noche-compartida-con-quevedo\/#breadcrumb","itemListElement":[{"@type":"ListItem","position":1,"name":"Home","item":"https:\/\/www.cuballama.com\/noticias\/"},{"@type":"ListItem","position":2,"name":"Amaia Montero regresa a los Premios Juventud con La Oreja de Van Gogh en una noche compartida con Quevedo"}]},{"@type":"WebSite","@id":"https:\/\/www.cuballama.com\/noticias\/#website","url":"https:\/\/www.cuballama.com\/noticias\/","name":"Cuballama Noticias","description":"Medio digital sobre Cuba y el mundo","publisher":{"@id":"https:\/\/www.cuballama.com\/noticias\/#organization"},"potentialAction":[{"@type":"SearchAction","target":{"@type":"EntryPoint","urlTemplate":"https:\/\/www.cuballama.com\/noticias\/?s={search_term_string}"},"query-input":{"@type":"PropertyValueSpecification","valueRequired":true,"valueName":"search_term_string"}}],"inLanguage":"es"},{"@type":"Organization","@id":"https:\/\/www.cuballama.com\/noticias\/#organization","name":"Cuballama","url":"https:\/\/www.cuballama.com\/noticias\/","logo":{"@type":"ImageObject","inLanguage":"es","@id":"https:\/\/www.cuballama.com\/noticias\/#\/schema\/logo\/image\/","url":"https:\/\/cdn1.mediawpaccore.net\/wp-content\/uploads\/2021\/12\/28171206\/cbll-logo-color-sm.png","contentUrl":"https:\/\/cdn1.mediawpaccore.net\/wp-content\/uploads\/2021\/12\/28171206\/cbll-logo-color-sm.png","width":600,"height":133,"caption":"Cuballama"},"image":{"@id":"https:\/\/www.cuballama.com\/noticias\/#\/schema\/logo\/image\/"},"sameAs":["https:\/\/www.facebook.com\/CubaLlama","https:\/\/x.com\/cuballama","https:\/\/www.instagram.com\/stories\/cuballama_oficial\/","https:\/\/www.youtube.com\/channel\/UCKkFE-d_axENGZcrc4as0IA"]},{"@type":"Person","@id":"https:\/\/www.cuballama.com\/noticias\/#\/schema\/person\/a58502ed4146c8e9f83872e897c76cd2","name":"Roberto A.","description":"Roberto A. Periodista por decisi\u00f3n propia. Interesado en cualquier tema que me apasione y cada vez m\u00e1s comprometido con la verdad y la objetividad period\u00edstica. Graduado en La Habana hace ya muchos a\u00f1os, luego de una accidentada y polvorienta b\u00fasqueda de informaci\u00f3n sobre un tema in\u00e9dito. La Tesis, por cierto, desapareci\u00f3 de la biblioteca y no se conservan copias de la misma.","url":"https:\/\/www.cuballama.com\/noticias\/author\/roberto\/"}]}},"_links":{"self":[{"href":"https:\/\/www.cuballama.com\/noticias\/wp-json\/wp\/v2\/posts\/256011","targetHints":{"allow":["GET"]}}],"collection":[{"href":"https:\/\/www.cuballama.com\/noticias\/wp-json\/wp\/v2\/posts"}],"about":[{"href":"https:\/\/www.cuballama.com\/noticias\/wp-json\/wp\/v2\/types\/post"}],"author":[{"embeddable":true,"href":"https:\/\/www.cuballama.com\/noticias\/wp-json\/wp\/v2\/users\/13"}],"replies":[{"embeddable":true,"href":"https:\/\/www.cuballama.com\/noticias\/wp-json\/wp\/v2\/comments?post=256011"}],"version-history":[{"count":2,"href":"https:\/\/www.cuballama.com\/noticias\/wp-json\/wp\/v2\/posts\/256011\/revisions"}],"predecessor-version":[{"id":256043,"href":"https:\/\/www.cuballama.com\/noticias\/wp-json\/wp\/v2\/posts\/256011\/revisions\/256043"}],"wp:featuredmedia":[{"embeddable":true,"href":"https:\/\/www.cuballama.com\/noticias\/wp-json\/wp\/v2\/media\/256042"}],"wp:attachment":[{"href":"https:\/\/www.cuballama.com\/noticias\/wp-json\/wp\/v2\/media?parent=256011"}],"wp:term":[{"taxonomy":"category","embeddable":true,"href":"https:\/\/www.cuballama.com\/noticias\/wp-json\/wp\/v2\/categories?post=256011"},{"taxonomy":"post_tag","embeddable":true,"href":"https:\/\/www.cuballama.com\/noticias\/wp-json\/wp\/v2\/tags?post=256011"}],"curies":[{"name":"wp","href":"https:\/\/api.w.org\/{rel}","templated":true}]}}