{"id":256006,"date":"2026-09-03T11:45:35","date_gmt":"2026-09-03T15:45:35","guid":{"rendered":"https:\/\/www.cuballama.com\/noticias\/?p=256006"},"modified":"2026-09-03T11:45:39","modified_gmt":"2026-09-03T15:45:39","slug":"ultrack-y-claudia-artiles-terminan-en-el-hospital-que-les-paso","status":"publish","type":"post","link":"https:\/\/www.cuballama.com\/noticias\/ultrack-y-claudia-artiles-terminan-en-el-hospital-que-les-paso\/","title":{"rendered":"Ultrack y Claudia Artiles terminan en el hospital \u00bfQu\u00e9 les pas\u00f3?"},"content":{"rendered":"\n<p class=\"wp-block-paragraph\">Los creadores de contenido cubanos Ultrack y Claudia Artiles preocuparon a sus seguidores despu\u00e9s de aparecer recibiendo atenci\u00f3n m\u00e9dica en una cl\u00ednica, luego de amanecer con un fuerte malestar que oblig\u00f3 a la pareja a buscar ayuda profesional.<\/p>\n\n\n\n<p class=\"wp-block-paragraph\">\u201cAmanecimos como si nos hubiera pasado un tren por arriba\u201d, cont\u00f3 Ultrack, cuyo nombre real es Jorge Batista, en un <a href=\"https:\/\/www.tiktok.com\/@ultrackplay\/video\/7681026171819085069\" target=\"_blank\" rel=\"noreferrer noopener\">video publicado en su cuenta de TikTok<\/a>.<\/p>\n\n\n\n<p class=\"wp-block-paragraph\">Seg\u00fan explic\u00f3 el influencer, Claudia fue quien present\u00f3 los s\u00edntomas m\u00e1s fuertes. La joven se levant\u00f3 con dolor de cabeza y v\u00f3mitos y permanec\u00eda visiblemente indispuesta mientras su pareja documentaba lo ocurrido.<\/p>\n\n\n\n<p class=\"wp-block-paragraph\">\u201cEst\u00e1 hecha le\u00f1a\u201d, coment\u00f3 Ultrack mientras mostraba a Claudia recostada, antes de explicar que ambos decidieron acudir a una cl\u00ednica cercana para recibir tratamiento.<\/p>\n\n\n\n<p class=\"wp-block-paragraph\">Una vez en el centro m\u00e9dico, la pareja recibi\u00f3 suero y vitaminas, mientras que a Claudia tambi\u00e9n le administraron una inyecci\u00f3n para aliviar el dolor de cabeza. Ultrack se mostr\u00f3 optimista ante la c\u00e1mara y asegur\u00f3 que esperaba que los medicamentos les permitieran recuperarse r\u00e1pidamente. \u201cDe aqu\u00ed a un ratico, cuando nos pongan todos los medicamentos, vamos a salir de aqu\u00ed nuevos\u201d, dijo.<\/p>\n\n\n\n<figure class=\"wp-block-embed is-type-video is-provider-tiktok wp-block-embed-tiktok\"><div class=\"wp-block-embed__wrapper\">\n<blockquote class=\"tiktok-embed\" cite=\"https:\/\/www.tiktok.com\/@ultrackplay\/video\/7681026171819085069\" data-video-id=\"7681026171819085069\" data-embed-from=\"oembed\" style=\"max-width:605px; min-width:325px;\"> <section> <a target=\"_blank\" title=\"@ultrackplay\" href=\"https:\/\/www.tiktok.com\/@ultrackplay?refer=embed\">@ultrackplay<\/a> <p>Enfermos as\u00ed amanecimos <\/p> <a target=\"_blank\" title=\"\u266c Amber Glass - Tilly and the Wire\" href=\"https:\/\/www.tiktok.com\/music\/Amber-Glass-7679806882470430771?refer=embed\">\u266c Amber Glass &#8211; Tilly and the Wire<\/a> <\/section> <\/blockquote> <script async src=\"https:\/\/www.tiktok.com\/embed.js\"><\/script>\n<\/div><\/figure>\n\n\n\n<p class=\"wp-block-paragraph\">El creador de contenido tambi\u00e9n advirti\u00f3 a los seguidores de Claudia que probablemente ella no realizar\u00eda su habitual transmisi\u00f3n en directo debido a su estado de salud. \u201cPosiblemente hoy no haga live, as\u00ed que no la esperen, que se siente mal\u201d, se\u00f1al\u00f3.<\/p>\n\n\n\n<p class=\"wp-block-paragraph\">Hasta el momento, ninguno de los dos ha revelado p\u00fablicamente un diagn\u00f3stico espec\u00edfico que explique qu\u00e9 provoc\u00f3 el malestar. Por ello, no est\u00e1 confirmado si los s\u00edntomas estuvieron relacionados con alg\u00fan virus, una intoxicaci\u00f3n alimentaria u otra condici\u00f3n.<\/p>\n\n\n\n<p class=\"wp-block-paragraph\">Las im\u00e1genes generaron numerosos mensajes de preocupaci\u00f3n y deseos de pronta recuperaci\u00f3n entre los seguidores de una pareja que comparte buena parte de su vida cotidiana ante las c\u00e1maras.<\/p>\n\n\n\n<h2 class=\"wp-block-heading\">Un a\u00f1o marcado por varios episodios personales para Claudia Artiles<\/h2>\n\n\n\n<p class=\"wp-block-paragraph\">El nuevo contratiempo de salud llega despu\u00e9s de meses especialmente intensos para Claudia Artiles. A finales de 2025, la influencer anunci\u00f3 que esperaba un beb\u00e9 junto a Ultrack, un embarazo que hab\u00eda sido descubierto precisamente mientras se realizaba <a href=\"https:\/\/www.cuballama.com\/noticias\/claudia-artiles-y-ultrack-estan-esperando-un-bebe-fue-inesperado-pero-llega-con-luz\/\" target=\"_blank\" rel=\"noreferrer noopener\">los an\u00e1lisis previos a una cirug\u00eda est\u00e9tica<\/a>.<\/p>\n\n\n\n<blockquote class=\"instagram-media\" data-instgrm-captioned data-instgrm-permalink=\"https:\/\/www.instagram.com\/p\/Db1vM_zFQk0\/?utm_source=ig_embed&amp;utm_campaign=loading\" data-instgrm-version=\"14\" style=\" background:#FFF; border:0; border-radius:3px; box-shadow:0 0 1px 0 rgba(0,0,0,0.5),0 1px 10px 0 rgba(0,0,0,0.15); margin: 1px; max-width:540px; min-width:326px; padding:0; width:99.375%; width:-webkit-calc(100% - 2px); width:calc(100% - 2px);\"><div style=\"padding:16px;\"> <a href=\"https:\/\/www.instagram.com\/p\/Db1vM_zFQk0\/?utm_source=ig_embed&amp;utm_campaign=loading\" style=\" background:#FFFFFF; line-height:0; padding:0 0; text-align:center; text-decoration:none; width:100%;\" target=\"_blank\"> <div style=\" display: flex; flex-direction: row; align-items: center;\"> <div style=\"background-color: #F4F4F4; border-radius: 50%; flex-grow: 0; height: 40px; margin-right: 14px; width: 40px;\"><\/div> <div style=\"display: flex; flex-direction: column; flex-grow: 1; justify-content: center;\"> <div style=\" background-color: #F4F4F4; border-radius: 4px; flex-grow: 0; height: 14px; margin-bottom: 6px; width: 100px;\"><\/div> <div style=\" background-color: #F4F4F4; border-radius: 4px; flex-grow: 0; height: 14px; width: 60px;\"><\/div><\/div><\/div><div style=\"padding: 19% 0;\"><\/div> <div style=\"display:block; height:50px; margin:0 auto 12px; width:50px;\"><svg width=\"50px\" height=\"50px\" viewBox=\"0 0 60 60\" version=\"1.1\" xmlns=\"https:\/\/www.w3.org\/2000\/svg\" xmlns:xlink=\"https:\/\/www.w3.org\/1999\/xlink\"><g stroke=\"none\" stroke-width=\"1\" fill=\"none\" fill-rule=\"evenodd\"><g transform=\"translate(-511.000000, -20.000000)\" fill=\"#000000\"><g><path d=\"M556.869,30.41 C554.814,30.41 553.148,32.076 553.148,34.131 C553.148,36.186 554.814,37.852 556.869,37.852 C558.924,37.852 560.59,36.186 560.59,34.131 C560.59,32.076 558.924,30.41 556.869,30.41 M541,60.657 C535.114,60.657 530.342,55.887 530.342,50 C530.342,44.114 535.114,39.342 541,39.342 C546.887,39.342 551.658,44.114 551.658,50 C551.658,55.887 546.887,60.657 541,60.657 M541,33.886 C532.1,33.886 524.886,41.1 524.886,50 C524.886,58.899 532.1,66.113 541,66.113 C549.9,66.113 557.115,58.899 557.115,50 C557.115,41.1 549.9,33.886 541,33.886 M565.378,62.101 C565.244,65.022 564.756,66.606 564.346,67.663 C563.803,69.06 563.154,70.057 562.106,71.106 C561.058,72.155 560.06,72.803 558.662,73.347 C557.607,73.757 556.021,74.244 553.102,74.378 C549.944,74.521 548.997,74.552 541,74.552 C533.003,74.552 532.056,74.521 528.898,74.378 C525.979,74.244 524.393,73.757 523.338,73.347 C521.94,72.803 520.942,72.155 519.894,71.106 C518.846,70.057 518.197,69.06 517.654,67.663 C517.244,66.606 516.755,65.022 516.623,62.101 C516.479,58.943 516.448,57.996 516.448,50 C516.448,42.003 516.479,41.056 516.623,37.899 C516.755,34.978 517.244,33.391 517.654,32.338 C518.197,30.938 518.846,29.942 519.894,28.894 C520.942,27.846 521.94,27.196 523.338,26.654 C524.393,26.244 525.979,25.756 528.898,25.623 C532.057,25.479 533.004,25.448 541,25.448 C548.997,25.448 549.943,25.479 553.102,25.623 C556.021,25.756 557.607,26.244 558.662,26.654 C560.06,27.196 561.058,27.846 562.106,28.894 C563.154,29.942 563.803,30.938 564.346,32.338 C564.756,33.391 565.244,34.978 565.378,37.899 C565.522,41.056 565.552,42.003 565.552,50 C565.552,57.996 565.522,58.943 565.378,62.101 M570.82,37.631 C570.674,34.438 570.167,32.258 569.425,30.349 C568.659,28.377 567.633,26.702 565.965,25.035 C564.297,23.368 562.623,22.342 560.652,21.575 C558.743,20.834 556.562,20.326 553.369,20.18 C550.169,20.033 549.148,20 541,20 C532.853,20 531.831,20.033 528.631,20.18 C525.438,20.326 523.257,20.834 521.349,21.575 C519.376,22.342 517.703,23.368 516.035,25.035 C514.368,26.702 513.342,28.377 512.574,30.349 C511.834,32.258 511.326,34.438 511.181,37.631 C511.035,40.831 511,41.851 511,50 C511,58.147 511.035,59.17 511.181,62.369 C511.326,65.562 511.834,67.743 512.574,69.651 C513.342,71.625 514.368,73.296 516.035,74.965 C517.703,76.634 519.376,77.658 521.349,78.425 C523.257,79.167 525.438,79.673 528.631,79.82 C531.831,79.965 532.853,80.001 541,80.001 C549.148,80.001 550.169,79.965 553.369,79.82 C556.562,79.673 558.743,79.167 560.652,78.425 C562.623,77.658 564.297,76.634 565.965,74.965 C567.633,73.296 568.659,71.625 569.425,69.651 C570.167,67.743 570.674,65.562 570.82,62.369 C570.966,59.17 571,58.147 571,50 C571,41.851 570.966,40.831 570.82,37.631\"><\/path><\/g><\/g><\/g><\/svg><\/div><div style=\"padding-top: 8px;\"> <div style=\" color:#3897f0; font-family:Arial,sans-serif; font-size:14px; font-style:normal; font-weight:550; line-height:18px;\">Ver esta publicaci\u00f3n en Instagram<\/div><\/div><div style=\"padding: 12.5% 0;\"><\/div> <div style=\"display: flex; flex-direction: row; margin-bottom: 14px; align-items: center;\"><div> <div style=\"background-color: #F4F4F4; border-radius: 50%; height: 12.5px; width: 12.5px; transform: translateX(0px) translateY(7px);\"><\/div> <div style=\"background-color: #F4F4F4; height: 12.5px; transform: rotate(-45deg) translateX(3px) translateY(1px); width: 12.5px; flex-grow: 0; margin-right: 14px; margin-left: 2px;\"><\/div> <div style=\"background-color: #F4F4F4; border-radius: 50%; height: 12.5px; width: 12.5px; transform: translateX(9px) translateY(-18px);\"><\/div><\/div><div style=\"margin-left: 8px;\"> <div style=\" background-color: #F4F4F4; border-radius: 50%; flex-grow: 0; height: 20px; width: 20px;\"><\/div> <div style=\" width: 0; height: 0; border-top: 2px solid transparent; border-left: 6px solid #f4f4f4; border-bottom: 2px solid transparent; transform: translateX(16px) translateY(-4px) rotate(30deg)\"><\/div><\/div><div style=\"margin-left: auto;\"> <div style=\" width: 0px; border-top: 8px solid #F4F4F4; border-right: 8px solid transparent; transform: translateY(16px);\"><\/div> <div style=\" background-color: #F4F4F4; flex-grow: 0; height: 12px; width: 16px; transform: translateY(-4px);\"><\/div> <div style=\" width: 0; height: 0; border-top: 8px solid #F4F4F4; border-left: 8px solid transparent; transform: translateY(-4px) translateX(8px);\"><\/div><\/div><\/div> <div style=\"display: flex; flex-direction: column; flex-grow: 1; justify-content: center; margin-bottom: 24px;\"> <div style=\" background-color: #F4F4F4; border-radius: 4px; flex-grow: 0; height: 14px; margin-bottom: 6px; width: 224px;\"><\/div> <div style=\" background-color: #F4F4F4; border-radius: 4px; flex-grow: 0; height: 14px; width: 144px;\"><\/div><\/div><\/a><p style=\" color:#c9c8cd; font-family:Arial,sans-serif; font-size:14px; line-height:17px; margin-bottom:0; margin-top:8px; overflow:hidden; padding:8px 0 7px; text-align:center; text-overflow:ellipsis; white-space:nowrap;\"><a href=\"https:\/\/www.instagram.com\/p\/Db1vM_zFQk0\/?utm_source=ig_embed&amp;utm_campaign=loading\" style=\" color:#c9c8cd; font-family:Arial,sans-serif; font-size:14px; font-style:normal; font-weight:normal; line-height:17px; text-decoration:none;\" target=\"_blank\">Una publicaci\u00f3n compartida de Claudia Artiles (@claudiaartilesa)<\/a><\/p><\/div><\/blockquote>\n<script async src=\"\/\/www.instagram.com\/embed.js\"><\/script>\n\n\n\n<p class=\"wp-block-paragraph\">Sin embargo, a comienzos de 2026 la pareja atraves\u00f3 la p\u00e9rdida del embarazo. Claudia lleg\u00f3 a mostrarse muy afectada p\u00fablicamente durante las semanas posteriores, y <a href=\"https:\/\/www.cuballama.com\/noticias\/el-video-mas-sensible-de-claudia-artiles-esto-es-uno-de-los-videos-que-no-queria-hacer\/\" target=\"_blank\" rel=\"noreferrer noopener\">comparti\u00f3 con sus seguidores algunos de los momentos m\u00e1s dif\u00edciles de aquel proceso<\/a>.<\/p>\n\n\n\n<p class=\"wp-block-paragraph\">Meses despu\u00e9s retom\u00f3 sus planes de transformaci\u00f3n f\u00edsica y el 28 de abril se someti\u00f3 a una intervenci\u00f3n que incluy\u00f3 levantamiento de senos, liposucci\u00f3n 360 y un mini tummy tuck, procedimientos que <a href=\"https:\/\/www.cuballama.com\/noticias\/lipo-en-los-brazos-y-un-mini-tummy-tuck-claudia-artiles-revela-todo-lo-que-se-hizo-en-su-cirugia-plastica\/\" target=\"_blank\" rel=\"noreferrer noopener\">ella misma detall\u00f3 antes de entrar al quir\u00f3fano<\/a>.<\/p>\n\n\n\n<p class=\"wp-block-paragraph\">La recuperaci\u00f3n tambi\u00e9n fue documentada pr\u00e1cticamente paso a paso en redes sociales. Apenas unas semanas despu\u00e9s de la operaci\u00f3n, Claudia comenz\u00f3 a ense\u00f1ar los cambios en su figura y posteriormente asegur\u00f3 que estaba satisfecha con <a href=\"https:\/\/www.cuballama.com\/noticias\/claudia-artiles-muestra-como-quedo-su-cuerpo-a-un-mes-de-su-cirugia-plastica-estoy-amando-este-resultado\/\" target=\"_blank\" rel=\"noreferrer noopener\">los resultados obtenidos tras la cirug\u00eda pl\u00e1stica<\/a>.<\/p>\n\n\n\n<p class=\"wp-block-paragraph\">Por su parte, Ultrack ha permanecido muy presente durante estos episodios, y ambos han convertido su relaci\u00f3n, sus problemas cotidianos y sus momentos familiares en parte habitual del contenido que comparten con su numerosa audiencia.<\/p>\n\n\n\n<p class=\"wp-block-paragraph\">La visita a la cl\u00ednica vuelve ahora a colocar a la pareja en el centro de la atenci\u00f3n de sus seguidores, aunque por el momento todo apunta a un episodio puntual y ninguno de los dos ha informado sobre complicaciones de mayor gravedad.<\/p>\n","protected":false},"excerpt":{"rendered":"<p>\u201cAmanecimos como si nos hubiera pasado un tren por arriba\u201d, cont\u00f3 Ultrack<\/p>\n","protected":false},"author":27,"featured_media":256056,"comment_status":"open","ping_status":"closed","sticky":false,"template":"","format":"standard","meta":{"_acf_changed":false,"footnotes":""},"categories":[443],"tags":[23580,8394,17763],"class_list":["post-256006","post","type-post","status-publish","format-standard","has-post-thumbnail","category-farandula","tag-claudia-artiles","tag-influencers-cubanos","tag-ultrack"],"acf":[],"yoast_head":"<!-- This site is optimized with the Yoast SEO plugin v28.3 - https:\/\/yoast.com\/product\/yoast-seo-wordpress\/ -->\n<title>Ultrack y Claudia Artiles terminan en el hospital \u00bfQu\u00e9 les pas\u00f3? - Cuballama Noticias<\/title>\n<meta name=\"description\" content=\"Los creadores de contenido cubanos Ultrack y Claudia Artiles preocuparon a sus seguidores despu\u00e9s de aparecer recibiendo atenci\u00f3n m\u00e9dica\" \/>\n<meta name=\"robots\" content=\"index, follow, max-snippet:-1, max-image-preview:large, max-video-preview:-1\" \/>\n<link rel=\"canonical\" href=\"https:\/\/www.cuballama.com\/noticias\/ultrack-y-claudia-artiles-terminan-en-el-hospital-que-les-paso\/\" \/>\n<meta property=\"og:locale\" content=\"es_ES\" \/>\n<meta property=\"og:type\" content=\"article\" \/>\n<meta property=\"og:title\" content=\"Ultrack y Claudia Artiles terminan en el hospital \u00bfQu\u00e9 les pas\u00f3? - Cuballama Noticias\" \/>\n<meta property=\"og:description\" content=\"Los creadores de contenido cubanos Ultrack y Claudia Artiles preocuparon a sus seguidores despu\u00e9s de aparecer recibiendo atenci\u00f3n m\u00e9dica\" \/>\n<meta property=\"og:url\" content=\"https:\/\/www.cuballama.com\/noticias\/ultrack-y-claudia-artiles-terminan-en-el-hospital-que-les-paso\/\" \/>\n<meta property=\"og:site_name\" content=\"Cuballama Noticias\" \/>\n<meta property=\"article:publisher\" content=\"https:\/\/www.facebook.com\/CubaLlama\" \/>\n<meta property=\"article:published_time\" content=\"2026-09-03T15:45:35+00:00\" \/>\n<meta property=\"article:modified_time\" content=\"2026-09-03T15:45:39+00:00\" \/>\n<meta property=\"og:image\" content=\"https:\/\/cdn1.mediawpaccore.net\/wp-content\/uploads\/2026\/09\/03114502\/Ultrack-y-Claudia-Artiles-terminan-en-el-hospital-%C2%BFQue-les-paso.jpeg\" \/>\n\t<meta property=\"og:image:width\" content=\"1869\" \/>\n\t<meta property=\"og:image:height\" content=\"1358\" \/>\n\t<meta property=\"og:image:type\" content=\"image\/jpeg\" \/>\n<meta name=\"author\" content=\"Rafa\" \/>\n<meta name=\"twitter:card\" content=\"summary_large_image\" \/>\n<meta name=\"twitter:creator\" content=\"@cuballama\" \/>\n<meta name=\"twitter:site\" content=\"@cuballama\" \/>\n<meta name=\"twitter:label1\" content=\"Escrito por\" \/>\n\t<meta name=\"twitter:data1\" content=\"Rafa\" \/>\n\t<meta name=\"twitter:label2\" content=\"Tiempo de lectura\" \/>\n\t<meta name=\"twitter:data2\" content=\"3 minutos\" \/>\n<script type=\"application\/ld+json\" class=\"yoast-schema-graph\">{\"@context\":\"https:\\\/\\\/schema.org\",\"@graph\":[{\"@type\":\"Article\",\"@id\":\"https:\\\/\\\/www.cuballama.com\\\/noticias\\\/ultrack-y-claudia-artiles-terminan-en-el-hospital-que-les-paso\\\/#article\",\"isPartOf\":{\"@id\":\"https:\\\/\\\/www.cuballama.com\\\/noticias\\\/ultrack-y-claudia-artiles-terminan-en-el-hospital-que-les-paso\\\/\"},\"author\":{\"name\":\"Rafa\",\"@id\":\"https:\\\/\\\/www.cuballama.com\\\/noticias\\\/#\\\/schema\\\/person\\\/0f97914526a658755f00e59ec2a832f2\"},\"headline\":\"Ultrack y Claudia Artiles terminan en el hospital \u00bfQu\u00e9 les pas\u00f3?\",\"datePublished\":\"2026-09-03T15:45:35+00:00\",\"dateModified\":\"2026-09-03T15:45:39+00:00\",\"mainEntityOfPage\":{\"@id\":\"https:\\\/\\\/www.cuballama.com\\\/noticias\\\/ultrack-y-claudia-artiles-terminan-en-el-hospital-que-les-paso\\\/\"},\"wordCount\":631,\"commentCount\":0,\"publisher\":{\"@id\":\"https:\\\/\\\/www.cuballama.com\\\/noticias\\\/#organization\"},\"image\":{\"@id\":\"https:\\\/\\\/www.cuballama.com\\\/noticias\\\/ultrack-y-claudia-artiles-terminan-en-el-hospital-que-les-paso\\\/#primaryimage\"},\"thumbnailUrl\":\"https:\\\/\\\/cdn1.mediawpaccore.net\\\/wp-content\\\/uploads\\\/2026\\\/09\\\/03114502\\\/Ultrack-y-Claudia-Artiles-terminan-en-el-hospital-%C2%BFQue-les-paso.jpeg\",\"keywords\":[\"Claudia Artiles\",\"Influencers cubanos\",\"Ultrack\"],\"articleSection\":[\"Far\u00e1ndula\"],\"inLanguage\":\"es\",\"potentialAction\":[{\"@type\":\"CommentAction\",\"name\":\"Comment\",\"target\":[\"https:\\\/\\\/www.cuballama.com\\\/noticias\\\/ultrack-y-claudia-artiles-terminan-en-el-hospital-que-les-paso\\\/#respond\"]}]},{\"@type\":\"WebPage\",\"@id\":\"https:\\\/\\\/www.cuballama.com\\\/noticias\\\/ultrack-y-claudia-artiles-terminan-en-el-hospital-que-les-paso\\\/\",\"url\":\"https:\\\/\\\/www.cuballama.com\\\/noticias\\\/ultrack-y-claudia-artiles-terminan-en-el-hospital-que-les-paso\\\/\",\"name\":\"Ultrack y Claudia Artiles terminan en el hospital \u00bfQu\u00e9 les pas\u00f3? - Cuballama Noticias\",\"isPartOf\":{\"@id\":\"https:\\\/\\\/www.cuballama.com\\\/noticias\\\/#website\"},\"primaryImageOfPage\":{\"@id\":\"https:\\\/\\\/www.cuballama.com\\\/noticias\\\/ultrack-y-claudia-artiles-terminan-en-el-hospital-que-les-paso\\\/#primaryimage\"},\"image\":{\"@id\":\"https:\\\/\\\/www.cuballama.com\\\/noticias\\\/ultrack-y-claudia-artiles-terminan-en-el-hospital-que-les-paso\\\/#primaryimage\"},\"thumbnailUrl\":\"https:\\\/\\\/cdn1.mediawpaccore.net\\\/wp-content\\\/uploads\\\/2026\\\/09\\\/03114502\\\/Ultrack-y-Claudia-Artiles-terminan-en-el-hospital-%C2%BFQue-les-paso.jpeg\",\"datePublished\":\"2026-09-03T15:45:35+00:00\",\"dateModified\":\"2026-09-03T15:45:39+00:00\",\"description\":\"Los creadores de contenido cubanos Ultrack y Claudia Artiles preocuparon a sus seguidores despu\u00e9s de aparecer recibiendo atenci\u00f3n m\u00e9dica\",\"breadcrumb\":{\"@id\":\"https:\\\/\\\/www.cuballama.com\\\/noticias\\\/ultrack-y-claudia-artiles-terminan-en-el-hospital-que-les-paso\\\/#breadcrumb\"},\"inLanguage\":\"es\",\"potentialAction\":[{\"@type\":\"ReadAction\",\"target\":[\"https:\\\/\\\/www.cuballama.com\\\/noticias\\\/ultrack-y-claudia-artiles-terminan-en-el-hospital-que-les-paso\\\/\"]}]},{\"@type\":\"ImageObject\",\"inLanguage\":\"es\",\"@id\":\"https:\\\/\\\/www.cuballama.com\\\/noticias\\\/ultrack-y-claudia-artiles-terminan-en-el-hospital-que-les-paso\\\/#primaryimage\",\"url\":\"https:\\\/\\\/cdn1.mediawpaccore.net\\\/wp-content\\\/uploads\\\/2026\\\/09\\\/03114502\\\/Ultrack-y-Claudia-Artiles-terminan-en-el-hospital-%C2%BFQue-les-paso.jpeg\",\"contentUrl\":\"https:\\\/\\\/cdn1.mediawpaccore.net\\\/wp-content\\\/uploads\\\/2026\\\/09\\\/03114502\\\/Ultrack-y-Claudia-Artiles-terminan-en-el-hospital-%C2%BFQue-les-paso.jpeg\",\"width\":1869,\"height\":1358,\"caption\":\"Ultrack y Claudia Artiles terminan en el hospital \u00bfQu\u00e9 les pas\u00f3? (Foto: Ultrack \\\/ TikTok)\"},{\"@type\":\"BreadcrumbList\",\"@id\":\"https:\\\/\\\/www.cuballama.com\\\/noticias\\\/ultrack-y-claudia-artiles-terminan-en-el-hospital-que-les-paso\\\/#breadcrumb\",\"itemListElement\":[{\"@type\":\"ListItem\",\"position\":1,\"name\":\"Home\",\"item\":\"https:\\\/\\\/www.cuballama.com\\\/noticias\\\/\"},{\"@type\":\"ListItem\",\"position\":2,\"name\":\"Ultrack y Claudia Artiles terminan en el hospital \u00bfQu\u00e9 les pas\u00f3?\"}]},{\"@type\":\"WebSite\",\"@id\":\"https:\\\/\\\/www.cuballama.com\\\/noticias\\\/#website\",\"url\":\"https:\\\/\\\/www.cuballama.com\\\/noticias\\\/\",\"name\":\"Cuballama Noticias\",\"description\":\"Medio digital sobre Cuba y el mundo\",\"publisher\":{\"@id\":\"https:\\\/\\\/www.cuballama.com\\\/noticias\\\/#organization\"},\"potentialAction\":[{\"@type\":\"SearchAction\",\"target\":{\"@type\":\"EntryPoint\",\"urlTemplate\":\"https:\\\/\\\/www.cuballama.com\\\/noticias\\\/?s={search_term_string}\"},\"query-input\":{\"@type\":\"PropertyValueSpecification\",\"valueRequired\":true,\"valueName\":\"search_term_string\"}}],\"inLanguage\":\"es\"},{\"@type\":\"Organization\",\"@id\":\"https:\\\/\\\/www.cuballama.com\\\/noticias\\\/#organization\",\"name\":\"Cuballama\",\"url\":\"https:\\\/\\\/www.cuballama.com\\\/noticias\\\/\",\"logo\":{\"@type\":\"ImageObject\",\"inLanguage\":\"es\",\"@id\":\"https:\\\/\\\/www.cuballama.com\\\/noticias\\\/#\\\/schema\\\/logo\\\/image\\\/\",\"url\":\"https:\\\/\\\/cdn1.mediawpaccore.net\\\/wp-content\\\/uploads\\\/2021\\\/12\\\/28171206\\\/cbll-logo-color-sm.png\",\"contentUrl\":\"https:\\\/\\\/cdn1.mediawpaccore.net\\\/wp-content\\\/uploads\\\/2021\\\/12\\\/28171206\\\/cbll-logo-color-sm.png\",\"width\":600,\"height\":133,\"caption\":\"Cuballama\"},\"image\":{\"@id\":\"https:\\\/\\\/www.cuballama.com\\\/noticias\\\/#\\\/schema\\\/logo\\\/image\\\/\"},\"sameAs\":[\"https:\\\/\\\/www.facebook.com\\\/CubaLlama\",\"https:\\\/\\\/x.com\\\/cuballama\",\"https:\\\/\\\/www.instagram.com\\\/stories\\\/cuballama_oficial\\\/\",\"https:\\\/\\\/www.youtube.com\\\/channel\\\/UCKkFE-d_axENGZcrc4as0IA\"]},{\"@type\":\"Person\",\"@id\":\"https:\\\/\\\/www.cuballama.com\\\/noticias\\\/#\\\/schema\\\/person\\\/0f97914526a658755f00e59ec2a832f2\",\"name\":\"Rafa\",\"url\":\"https:\\\/\\\/www.cuballama.com\\\/noticias\\\/author\\\/rafa\\\/\"}]}<\/script>\n<!-- \/ Yoast SEO plugin. -->","yoast_head_json":{"title":"Ultrack y Claudia Artiles terminan en el hospital \u00bfQu\u00e9 les pas\u00f3? - Cuballama Noticias","description":"Los creadores de contenido cubanos Ultrack y Claudia Artiles preocuparon a sus seguidores despu\u00e9s de aparecer recibiendo atenci\u00f3n m\u00e9dica","robots":{"index":"index","follow":"follow","max-snippet":"max-snippet:-1","max-image-preview":"max-image-preview:large","max-video-preview":"max-video-preview:-1"},"canonical":"https:\/\/www.cuballama.com\/noticias\/ultrack-y-claudia-artiles-terminan-en-el-hospital-que-les-paso\/","og_locale":"es_ES","og_type":"article","og_title":"Ultrack y Claudia Artiles terminan en el hospital \u00bfQu\u00e9 les pas\u00f3? - Cuballama Noticias","og_description":"Los creadores de contenido cubanos Ultrack y Claudia Artiles preocuparon a sus seguidores despu\u00e9s de aparecer recibiendo atenci\u00f3n m\u00e9dica","og_url":"https:\/\/www.cuballama.com\/noticias\/ultrack-y-claudia-artiles-terminan-en-el-hospital-que-les-paso\/","og_site_name":"Cuballama Noticias","article_publisher":"https:\/\/www.facebook.com\/CubaLlama","article_published_time":"2026-09-03T15:45:35+00:00","article_modified_time":"2026-09-03T15:45:39+00:00","og_image":[{"width":1869,"height":1358,"url":"https:\/\/cdn1.mediawpaccore.net\/wp-content\/uploads\/2026\/09\/03114502\/Ultrack-y-Claudia-Artiles-terminan-en-el-hospital-%C2%BFQue-les-paso.jpeg","type":"image\/jpeg"}],"author":"Rafa","twitter_card":"summary_large_image","twitter_creator":"@cuballama","twitter_site":"@cuballama","twitter_misc":{"Escrito por":"Rafa","Tiempo de lectura":"3 minutos"},"schema":{"@context":"https:\/\/schema.org","@graph":[{"@type":"Article","@id":"https:\/\/www.cuballama.com\/noticias\/ultrack-y-claudia-artiles-terminan-en-el-hospital-que-les-paso\/#article","isPartOf":{"@id":"https:\/\/www.cuballama.com\/noticias\/ultrack-y-claudia-artiles-terminan-en-el-hospital-que-les-paso\/"},"author":{"name":"Rafa","@id":"https:\/\/www.cuballama.com\/noticias\/#\/schema\/person\/0f97914526a658755f00e59ec2a832f2"},"headline":"Ultrack y Claudia Artiles terminan en el hospital \u00bfQu\u00e9 les pas\u00f3?","datePublished":"2026-09-03T15:45:35+00:00","dateModified":"2026-09-03T15:45:39+00:00","mainEntityOfPage":{"@id":"https:\/\/www.cuballama.com\/noticias\/ultrack-y-claudia-artiles-terminan-en-el-hospital-que-les-paso\/"},"wordCount":631,"commentCount":0,"publisher":{"@id":"https:\/\/www.cuballama.com\/noticias\/#organization"},"image":{"@id":"https:\/\/www.cuballama.com\/noticias\/ultrack-y-claudia-artiles-terminan-en-el-hospital-que-les-paso\/#primaryimage"},"thumbnailUrl":"https:\/\/cdn1.mediawpaccore.net\/wp-content\/uploads\/2026\/09\/03114502\/Ultrack-y-Claudia-Artiles-terminan-en-el-hospital-%C2%BFQue-les-paso.jpeg","keywords":["Claudia Artiles","Influencers cubanos","Ultrack"],"articleSection":["Far\u00e1ndula"],"inLanguage":"es","potentialAction":[{"@type":"CommentAction","name":"Comment","target":["https:\/\/www.cuballama.com\/noticias\/ultrack-y-claudia-artiles-terminan-en-el-hospital-que-les-paso\/#respond"]}]},{"@type":"WebPage","@id":"https:\/\/www.cuballama.com\/noticias\/ultrack-y-claudia-artiles-terminan-en-el-hospital-que-les-paso\/","url":"https:\/\/www.cuballama.com\/noticias\/ultrack-y-claudia-artiles-terminan-en-el-hospital-que-les-paso\/","name":"Ultrack y Claudia Artiles terminan en el hospital \u00bfQu\u00e9 les pas\u00f3? - Cuballama Noticias","isPartOf":{"@id":"https:\/\/www.cuballama.com\/noticias\/#website"},"primaryImageOfPage":{"@id":"https:\/\/www.cuballama.com\/noticias\/ultrack-y-claudia-artiles-terminan-en-el-hospital-que-les-paso\/#primaryimage"},"image":{"@id":"https:\/\/www.cuballama.com\/noticias\/ultrack-y-claudia-artiles-terminan-en-el-hospital-que-les-paso\/#primaryimage"},"thumbnailUrl":"https:\/\/cdn1.mediawpaccore.net\/wp-content\/uploads\/2026\/09\/03114502\/Ultrack-y-Claudia-Artiles-terminan-en-el-hospital-%C2%BFQue-les-paso.jpeg","datePublished":"2026-09-03T15:45:35+00:00","dateModified":"2026-09-03T15:45:39+00:00","description":"Los creadores de contenido cubanos Ultrack y Claudia Artiles preocuparon a sus seguidores despu\u00e9s de aparecer recibiendo atenci\u00f3n m\u00e9dica","breadcrumb":{"@id":"https:\/\/www.cuballama.com\/noticias\/ultrack-y-claudia-artiles-terminan-en-el-hospital-que-les-paso\/#breadcrumb"},"inLanguage":"es","potentialAction":[{"@type":"ReadAction","target":["https:\/\/www.cuballama.com\/noticias\/ultrack-y-claudia-artiles-terminan-en-el-hospital-que-les-paso\/"]}]},{"@type":"ImageObject","inLanguage":"es","@id":"https:\/\/www.cuballama.com\/noticias\/ultrack-y-claudia-artiles-terminan-en-el-hospital-que-les-paso\/#primaryimage","url":"https:\/\/cdn1.mediawpaccore.net\/wp-content\/uploads\/2026\/09\/03114502\/Ultrack-y-Claudia-Artiles-terminan-en-el-hospital-%C2%BFQue-les-paso.jpeg","contentUrl":"https:\/\/cdn1.mediawpaccore.net\/wp-content\/uploads\/2026\/09\/03114502\/Ultrack-y-Claudia-Artiles-terminan-en-el-hospital-%C2%BFQue-les-paso.jpeg","width":1869,"height":1358,"caption":"Ultrack y Claudia Artiles terminan en el hospital \u00bfQu\u00e9 les pas\u00f3? (Foto: Ultrack \/ TikTok)"},{"@type":"BreadcrumbList","@id":"https:\/\/www.cuballama.com\/noticias\/ultrack-y-claudia-artiles-terminan-en-el-hospital-que-les-paso\/#breadcrumb","itemListElement":[{"@type":"ListItem","position":1,"name":"Home","item":"https:\/\/www.cuballama.com\/noticias\/"},{"@type":"ListItem","position":2,"name":"Ultrack y Claudia Artiles terminan en el hospital \u00bfQu\u00e9 les pas\u00f3?"}]},{"@type":"WebSite","@id":"https:\/\/www.cuballama.com\/noticias\/#website","url":"https:\/\/www.cuballama.com\/noticias\/","name":"Cuballama Noticias","description":"Medio digital sobre Cuba y el mundo","publisher":{"@id":"https:\/\/www.cuballama.com\/noticias\/#organization"},"potentialAction":[{"@type":"SearchAction","target":{"@type":"EntryPoint","urlTemplate":"https:\/\/www.cuballama.com\/noticias\/?s={search_term_string}"},"query-input":{"@type":"PropertyValueSpecification","valueRequired":true,"valueName":"search_term_string"}}],"inLanguage":"es"},{"@type":"Organization","@id":"https:\/\/www.cuballama.com\/noticias\/#organization","name":"Cuballama","url":"https:\/\/www.cuballama.com\/noticias\/","logo":{"@type":"ImageObject","inLanguage":"es","@id":"https:\/\/www.cuballama.com\/noticias\/#\/schema\/logo\/image\/","url":"https:\/\/cdn1.mediawpaccore.net\/wp-content\/uploads\/2021\/12\/28171206\/cbll-logo-color-sm.png","contentUrl":"https:\/\/cdn1.mediawpaccore.net\/wp-content\/uploads\/2021\/12\/28171206\/cbll-logo-color-sm.png","width":600,"height":133,"caption":"Cuballama"},"image":{"@id":"https:\/\/www.cuballama.com\/noticias\/#\/schema\/logo\/image\/"},"sameAs":["https:\/\/www.facebook.com\/CubaLlama","https:\/\/x.com\/cuballama","https:\/\/www.instagram.com\/stories\/cuballama_oficial\/","https:\/\/www.youtube.com\/channel\/UCKkFE-d_axENGZcrc4as0IA"]},{"@type":"Person","@id":"https:\/\/www.cuballama.com\/noticias\/#\/schema\/person\/0f97914526a658755f00e59ec2a832f2","name":"Rafa","url":"https:\/\/www.cuballama.com\/noticias\/author\/rafa\/"}]}},"_links":{"self":[{"href":"https:\/\/www.cuballama.com\/noticias\/wp-json\/wp\/v2\/posts\/256006","targetHints":{"allow":["GET"]}}],"collection":[{"href":"https:\/\/www.cuballama.com\/noticias\/wp-json\/wp\/v2\/posts"}],"about":[{"href":"https:\/\/www.cuballama.com\/noticias\/wp-json\/wp\/v2\/types\/post"}],"author":[{"embeddable":true,"href":"https:\/\/www.cuballama.com\/noticias\/wp-json\/wp\/v2\/users\/27"}],"replies":[{"embeddable":true,"href":"https:\/\/www.cuballama.com\/noticias\/wp-json\/wp\/v2\/comments?post=256006"}],"version-history":[{"count":1,"href":"https:\/\/www.cuballama.com\/noticias\/wp-json\/wp\/v2\/posts\/256006\/revisions"}],"predecessor-version":[{"id":256057,"href":"https:\/\/www.cuballama.com\/noticias\/wp-json\/wp\/v2\/posts\/256006\/revisions\/256057"}],"wp:featuredmedia":[{"embeddable":true,"href":"https:\/\/www.cuballama.com\/noticias\/wp-json\/wp\/v2\/media\/256056"}],"wp:attachment":[{"href":"https:\/\/www.cuballama.com\/noticias\/wp-json\/wp\/v2\/media?parent=256006"}],"wp:term":[{"taxonomy":"category","embeddable":true,"href":"https:\/\/www.cuballama.com\/noticias\/wp-json\/wp\/v2\/categories?post=256006"},{"taxonomy":"post_tag","embeddable":true,"href":"https:\/\/www.cuballama.com\/noticias\/wp-json\/wp\/v2\/tags?post=256006"}],"curies":[{"name":"wp","href":"https:\/\/api.w.org\/{rel}","templated":true}]}}