{"id":256005,"date":"2026-09-05T20:27:12","date_gmt":"2026-09-06T00:27:12","guid":{"rendered":"https:\/\/www.cuballama.com\/noticias\/?p=256005"},"modified":"2026-09-05T20:27:17","modified_gmt":"2026-09-06T00:27:17","slug":"miley-cyrus-reaparece-consternada-tras-la-muerte-de-su-madrina-dolly-parton","status":"publish","type":"post","link":"https:\/\/www.cuballama.com\/noticias\/miley-cyrus-reaparece-consternada-tras-la-muerte-de-su-madrina-dolly-parton\/","title":{"rendered":"Miley Cyrus reaparece consternada tras la muerte de su madrina Dolly Parton"},"content":{"rendered":"\n<h2 class=\"wp-block-heading\">\u00abTengo un \u00e1ngel a mi lado\u00bb: as\u00ed fue el mensaje de Miley Cyrus tras la muerte de Dolly Parton. La cantante fue vista por primera vez en p\u00fablico desde el fallecimiento de Parton, ocurrido el 25 de agosto tras una breve lucha contra el c\u00e1ncer; en un mensaje privado, Cyrus dijo que el dolor de perder a su \u00abt\u00eda Dolly\u00bb era \u00abm\u00e1s de lo que se siente correcto compartir\u00bb.<\/h2>\n\n\n\n<p class=\"wp-block-paragraph\">Miley Cyrus reapareci\u00f3 en p\u00fablico el mi\u00e9rcoles 26 de agosto por primera vez desde la muerte de su madrina, la cantante Dolly Parton, en una llegada a un estudio de grabaci\u00f3n de Los \u00c1ngeles que reflej\u00f3 el momento de duelo que atraviesa. <\/p>\n\n\n\n<p class=\"wp-block-paragraph\">Cyrus fue fotografiada vestida completamente de negro \u2014camiseta, pantal\u00f3n, zapatos y bolso\u2014 y con gafas de sol, con un semblante que varios medios describieron como \u00abserio\u00bb y \u00abconsternado\u00bb. Lleg\u00f3 al estudio con equipo de audio, lo que sugiere que se dispon\u00eda a trabajar, seg\u00fan report\u00f3 TMZ. Su madre, Tish Cyrus, tambi\u00e9n fue fotografiada saliendo del mismo lugar horas m\u00e1s tarde.<\/p>\n\n\n\n<p class=\"wp-block-paragraph\">Dolly Parton muri\u00f3 el martes 25 de agosto en el Vanderbilt-Ingram Cancer Center de Nashville, a los 80 a\u00f1os, tras una breve lucha contra el c\u00e1ncer que, seg\u00fan reportes, tom\u00f3 por sorpresa incluso a su c\u00edrculo m\u00e1s cercano pese a que se conoc\u00eda su enfermedad.<\/p>\n\n\n\n<p class=\"wp-block-paragraph\">En un mensaje que Cyrus decidi\u00f3 mantener mayormente privado, la cantante escribi\u00f3 que \u00abla sensaci\u00f3n de perder a mi t\u00eda Dolly es m\u00e1s de lo que se siente correcto compartir\u00bb y a\u00f1adi\u00f3 que prefer\u00eda guardar esos \u00abmomentos sagrados\u00bb para s\u00ed misma. Cyrus se\u00f1al\u00f3 tambi\u00e9n que Parton querr\u00eda verla procesar la p\u00e9rdida a trav\u00e9s de la composici\u00f3n musical y mantenerse fuerte, y cerr\u00f3 su mensaje afirmando: \u00abTengo un \u00e1ngel a mi lado. Siempre lo he tenido\u00bb.<\/p>\n\n\n\n<blockquote class=\"instagram-media\" data-instgrm-captioned data-instgrm-permalink=\"https:\/\/www.instagram.com\/p\/DcgpAKZSFVX\/?utm_source=ig_embed&amp;utm_campaign=loading\" data-instgrm-version=\"14\" style=\" background:#FFF; border:0; border-radius:3px; box-shadow:0 0 1px 0 rgba(0,0,0,0.5),0 1px 10px 0 rgba(0,0,0,0.15); margin: 1px; max-width:540px; min-width:326px; padding:0; width:99.375%; width:-webkit-calc(100% - 2px); width:calc(100% - 2px);\"><div style=\"padding:16px;\"> <a href=\"https:\/\/www.instagram.com\/p\/DcgpAKZSFVX\/?utm_source=ig_embed&amp;utm_campaign=loading\" style=\" background:#FFFFFF; line-height:0; padding:0 0; text-align:center; text-decoration:none; width:100%;\" target=\"_blank\"> <div style=\" display: flex; flex-direction: row; align-items: center;\"> <div style=\"background-color: #F4F4F4; border-radius: 50%; flex-grow: 0; height: 40px; margin-right: 14px; width: 40px;\"><\/div> <div style=\"display: flex; flex-direction: column; flex-grow: 1; justify-content: center;\"> <div style=\" background-color: #F4F4F4; border-radius: 4px; flex-grow: 0; height: 14px; margin-bottom: 6px; width: 100px;\"><\/div> <div style=\" background-color: #F4F4F4; border-radius: 4px; flex-grow: 0; height: 14px; width: 60px;\"><\/div><\/div><\/div><div style=\"padding: 19% 0;\"><\/div> <div style=\"display:block; height:50px; margin:0 auto 12px; width:50px;\"><svg width=\"50px\" height=\"50px\" viewBox=\"0 0 60 60\" version=\"1.1\" xmlns=\"https:\/\/www.w3.org\/2000\/svg\" xmlns:xlink=\"https:\/\/www.w3.org\/1999\/xlink\"><g stroke=\"none\" stroke-width=\"1\" fill=\"none\" fill-rule=\"evenodd\"><g transform=\"translate(-511.000000, -20.000000)\" fill=\"#000000\"><g><path d=\"M556.869,30.41 C554.814,30.41 553.148,32.076 553.148,34.131 C553.148,36.186 554.814,37.852 556.869,37.852 C558.924,37.852 560.59,36.186 560.59,34.131 C560.59,32.076 558.924,30.41 556.869,30.41 M541,60.657 C535.114,60.657 530.342,55.887 530.342,50 C530.342,44.114 535.114,39.342 541,39.342 C546.887,39.342 551.658,44.114 551.658,50 C551.658,55.887 546.887,60.657 541,60.657 M541,33.886 C532.1,33.886 524.886,41.1 524.886,50 C524.886,58.899 532.1,66.113 541,66.113 C549.9,66.113 557.115,58.899 557.115,50 C557.115,41.1 549.9,33.886 541,33.886 M565.378,62.101 C565.244,65.022 564.756,66.606 564.346,67.663 C563.803,69.06 563.154,70.057 562.106,71.106 C561.058,72.155 560.06,72.803 558.662,73.347 C557.607,73.757 556.021,74.244 553.102,74.378 C549.944,74.521 548.997,74.552 541,74.552 C533.003,74.552 532.056,74.521 528.898,74.378 C525.979,74.244 524.393,73.757 523.338,73.347 C521.94,72.803 520.942,72.155 519.894,71.106 C518.846,70.057 518.197,69.06 517.654,67.663 C517.244,66.606 516.755,65.022 516.623,62.101 C516.479,58.943 516.448,57.996 516.448,50 C516.448,42.003 516.479,41.056 516.623,37.899 C516.755,34.978 517.244,33.391 517.654,32.338 C518.197,30.938 518.846,29.942 519.894,28.894 C520.942,27.846 521.94,27.196 523.338,26.654 C524.393,26.244 525.979,25.756 528.898,25.623 C532.057,25.479 533.004,25.448 541,25.448 C548.997,25.448 549.943,25.479 553.102,25.623 C556.021,25.756 557.607,26.244 558.662,26.654 C560.06,27.196 561.058,27.846 562.106,28.894 C563.154,29.942 563.803,30.938 564.346,32.338 C564.756,33.391 565.244,34.978 565.378,37.899 C565.522,41.056 565.552,42.003 565.552,50 C565.552,57.996 565.522,58.943 565.378,62.101 M570.82,37.631 C570.674,34.438 570.167,32.258 569.425,30.349 C568.659,28.377 567.633,26.702 565.965,25.035 C564.297,23.368 562.623,22.342 560.652,21.575 C558.743,20.834 556.562,20.326 553.369,20.18 C550.169,20.033 549.148,20 541,20 C532.853,20 531.831,20.033 528.631,20.18 C525.438,20.326 523.257,20.834 521.349,21.575 C519.376,22.342 517.703,23.368 516.035,25.035 C514.368,26.702 513.342,28.377 512.574,30.349 C511.834,32.258 511.326,34.438 511.181,37.631 C511.035,40.831 511,41.851 511,50 C511,58.147 511.035,59.17 511.181,62.369 C511.326,65.562 511.834,67.743 512.574,69.651 C513.342,71.625 514.368,73.296 516.035,74.965 C517.703,76.634 519.376,77.658 521.349,78.425 C523.257,79.167 525.438,79.673 528.631,79.82 C531.831,79.965 532.853,80.001 541,80.001 C549.148,80.001 550.169,79.965 553.369,79.82 C556.562,79.673 558.743,79.167 560.652,78.425 C562.623,77.658 564.297,76.634 565.965,74.965 C567.633,73.296 568.659,71.625 569.425,69.651 C570.167,67.743 570.674,65.562 570.82,62.369 C570.966,59.17 571,58.147 571,50 C571,41.851 570.966,40.831 570.82,37.631\"><\/path><\/g><\/g><\/g><\/svg><\/div><div style=\"padding-top: 8px;\"> <div style=\" color:#3897f0; font-family:Arial,sans-serif; font-size:14px; font-style:normal; font-weight:550; line-height:18px;\">Ver esta publicaci\u00f3n en Instagram<\/div><\/div><div style=\"padding: 12.5% 0;\"><\/div> <div style=\"display: flex; flex-direction: row; margin-bottom: 14px; align-items: center;\"><div> <div style=\"background-color: #F4F4F4; border-radius: 50%; height: 12.5px; width: 12.5px; transform: translateX(0px) translateY(7px);\"><\/div> <div style=\"background-color: #F4F4F4; height: 12.5px; transform: rotate(-45deg) translateX(3px) translateY(1px); width: 12.5px; flex-grow: 0; margin-right: 14px; margin-left: 2px;\"><\/div> <div style=\"background-color: #F4F4F4; border-radius: 50%; height: 12.5px; width: 12.5px; transform: translateX(9px) translateY(-18px);\"><\/div><\/div><div style=\"margin-left: 8px;\"> <div style=\" background-color: #F4F4F4; border-radius: 50%; flex-grow: 0; height: 20px; width: 20px;\"><\/div> <div style=\" width: 0; height: 0; border-top: 2px solid transparent; border-left: 6px solid #f4f4f4; border-bottom: 2px solid transparent; transform: translateX(16px) translateY(-4px) rotate(30deg)\"><\/div><\/div><div style=\"margin-left: auto;\"> <div style=\" width: 0px; border-top: 8px solid #F4F4F4; border-right: 8px solid transparent; transform: translateY(16px);\"><\/div> <div style=\" background-color: #F4F4F4; flex-grow: 0; height: 12px; width: 16px; transform: translateY(-4px);\"><\/div> <div style=\" width: 0; height: 0; border-top: 8px solid #F4F4F4; border-left: 8px solid transparent; transform: translateY(-4px) translateX(8px);\"><\/div><\/div><\/div> <div style=\"display: flex; flex-direction: column; flex-grow: 1; justify-content: center; margin-bottom: 24px;\"> <div style=\" background-color: #F4F4F4; border-radius: 4px; flex-grow: 0; height: 14px; margin-bottom: 6px; width: 224px;\"><\/div> <div style=\" background-color: #F4F4F4; border-radius: 4px; flex-grow: 0; height: 14px; width: 144px;\"><\/div><\/div><\/a><p style=\" color:#c9c8cd; font-family:Arial,sans-serif; font-size:14px; line-height:17px; margin-bottom:0; margin-top:8px; overflow:hidden; padding:8px 0 7px; text-align:center; text-overflow:ellipsis; white-space:nowrap;\"><a href=\"https:\/\/www.instagram.com\/p\/DcgpAKZSFVX\/?utm_source=ig_embed&amp;utm_campaign=loading\" style=\" color:#c9c8cd; font-family:Arial,sans-serif; font-size:14px; font-style:normal; font-weight:normal; line-height:17px; text-decoration:none;\" target=\"_blank\">Una publicaci\u00f3n compartida por MILEY (@miley)<\/a><\/p><\/div><\/blockquote>\n<script async src=\"\/\/www.instagram.com\/embed.js\"><\/script>\n\n\n\n<p class=\"wp-block-paragraph\">El v\u00ednculo entre ambas se remonta al nacimiento de Cyrus, cuando su padre, Billy Ray Cyrus, le pidi\u00f3 a Parton que fuera su madrina honoraria. La propia Parton confirm\u00f3 ese lazo en una entrevista con ABC News en 2009, en la que asegur\u00f3 conocer a Miley \u00abdesde que era beb\u00e9\u00bb y quererla \u00abcomo a una hija\u00bb. Con el paso de los a\u00f1os, Cyrus lleg\u00f3 a describir a Parton como una figura que funcion\u00f3 \u00abcomo una madre\u00bb en su vida. Ambas colaboraron musicalmente en varias ocasiones, entre ellas una versi\u00f3n conjunta de \u00abWrecking Ball\u00bb y m\u00faltiples apariciones televisivas compartidas; la propia Parton lleg\u00f3 a describir esas colaboraciones como \u00abalgo realmente m\u00e1gico\u00bb.<\/p>\n\n\n\n<iframe loading=\"lazy\" src=\"https:\/\/abcnews.com\/video\/embed?id=135963474\" width=\"640\" height=\"360\" allow=\"encrypted-media\" allowFullScreen frameBorder=\"0\"><\/iframe>\n\n\n\n<p class=\"wp-block-paragraph\">Conocida como la \u00abReina del Country\u00bb, Parton vendi\u00f3 m\u00e1s de 100 millones de discos a lo largo de su carrera y compuso m\u00e1s de 3.000 canciones, entre ellas cl\u00e1sicos como \u00abI Will Always Love You\u00bb y \u00abJolene\u00bb. Gan\u00f3 11 premios Grammy y tres Emmy, sum\u00f3 dos nominaciones al \u00d3scar y construy\u00f3 un imperio de negocios que incluy\u00f3 el parque tem\u00e1tico Dollywood. Su muerte fue recibida como una p\u00e9rdida mayor dentro de la industria musical, y Cyrus figura entre las figuras m\u00e1s cercanas a ella dentro y fuera del \u00e1mbito familiar.<\/p>\n\n\n\n<p class=\"wp-block-paragraph\">[FUENTES]<br>TMZ, \u00abMiley Cyrus Looking Solemn After Dolly Parton&#8217;s Death\u00bb, <a href=\"https:\/\/www.tmz.com\/2026\/08\/26\/miley-cyrus-first-sighting-after-dolly-parton-death\/\" target=\"_blank\" rel=\"noreferrer noopener nofollow\">https:\/\/www.tmz.com\/2026\/08\/26\/miley-cyrus-first-sighting-after-dolly-parton-death\/<\/a><br>ABC News, \u00abMiley Cyrus remembers godmother Dolly Parton after her death at 80\u00bb, <a href=\"https:\/\/abcnews.com\/GMA\/Family\/miley-cyrus-remembers-godmother-dolly-parton-after-death\/story?id=135952791\" target=\"_blank\" rel=\"noreferrer noopener nofollow\">https:\/\/abcnews.com\/GMA\/Family\/miley-cyrus-remembers-godmother-dolly-parton-after-death\/story?id=135952791<\/a><br>KTLA, \u00abMiley Cyrus breaks silence on Dolly Parton&#8217;s death: &#8216;I will always love her'\u00bb, <a href=\"https:\/\/ktla.com\/entertainment\/miley-cyrus-breaks-silence-on-dolly-partons-death-i-will-always-love-her-and-want-to-make-her-proud\/\" target=\"_blank\" rel=\"noreferrer noopener nofollow\">https:\/\/ktla.com\/entertainment\/miley-cyrus-breaks-silence-on-dolly-partons-death-i-will-always-love-her-and-want-to-make-her-proud\/<\/a><\/p>\n","protected":false},"excerpt":{"rendered":"<p>Miley Cyrus fue fotografiada por primera vez desde la muerte de Dolly Parton, su madrina y una de las figuras m\u00e1s cercanas de su vida. La cantante, de semblante serio, lleg\u00f3 a un estudio de grabaci\u00f3n en Los \u00c1ngeles pocos d\u00edas despu\u00e9s de despedir a Parton, fallecida el 25 de agosto a los 80 a\u00f1os.<\/p>\n","protected":false},"author":13,"featured_media":256051,"comment_status":"open","ping_status":"closed","sticky":false,"template":"","format":"standard","meta":{"_acf_changed":false,"footnotes":""},"categories":[443,18],"tags":[1568,22683,268,22945,2589,22595,27320,26935],"class_list":["post-256005","post","type-post","status-publish","format-standard","has-post-thumbnail","category-farandula","category-noticias","tag-celebridades","tag-dolly-parton","tag-farandula","tag-miley-cyrus","tag-muerte","tag-musica-country","tag-nashville","tag-tributo"],"acf":[],"yoast_head":"<!-- This site is optimized with the Yoast SEO plugin v28.3 - https:\/\/yoast.com\/product\/yoast-seo-wordpress\/ -->\n<title>Miley Cyrus reaparece consternada tras la muerte de su madrina Dolly Parton - Cuballama Noticias<\/title>\n<meta name=\"description\" content=\"Miley Cyrus reaparece en p\u00fablico visiblemente afectada, una semana despu\u00e9s de la muerte de su madrina Dolly Parton a los 80 a\u00f1os tras una breve lucha contra el c\u00e1ncer.\" \/>\n<meta name=\"robots\" content=\"index, follow, max-snippet:-1, max-image-preview:large, max-video-preview:-1\" \/>\n<link rel=\"canonical\" href=\"https:\/\/www.cuballama.com\/noticias\/miley-cyrus-reaparece-consternada-tras-la-muerte-de-su-madrina-dolly-parton\/\" \/>\n<meta property=\"og:locale\" content=\"es_ES\" \/>\n<meta property=\"og:type\" content=\"article\" \/>\n<meta property=\"og:title\" content=\"Miley Cyrus reaparece consternada tras la muerte de su madrina Dolly Parton - Cuballama Noticias\" \/>\n<meta property=\"og:description\" content=\"Miley Cyrus reaparece en p\u00fablico visiblemente afectada, una semana despu\u00e9s de la muerte de su madrina Dolly Parton a los 80 a\u00f1os tras una breve lucha contra el c\u00e1ncer.\" \/>\n<meta property=\"og:url\" content=\"https:\/\/www.cuballama.com\/noticias\/miley-cyrus-reaparece-consternada-tras-la-muerte-de-su-madrina-dolly-parton\/\" \/>\n<meta property=\"og:site_name\" content=\"Cuballama Noticias\" \/>\n<meta property=\"article:publisher\" content=\"https:\/\/www.facebook.com\/CubaLlama\" \/>\n<meta property=\"article:published_time\" content=\"2026-09-06T00:27:12+00:00\" \/>\n<meta property=\"article:modified_time\" content=\"2026-09-06T00:27:17+00:00\" \/>\n<meta property=\"og:image\" content=\"https:\/\/cdn1.mediawpaccore.net\/wp-content\/uploads\/2026\/09\/03113917\/image-25.png\" \/>\n\t<meta property=\"og:image:width\" content=\"986\" \/>\n\t<meta property=\"og:image:height\" content=\"514\" \/>\n\t<meta property=\"og:image:type\" content=\"image\/png\" \/>\n<meta name=\"author\" content=\"Roberto A.\" \/>\n<meta name=\"twitter:card\" content=\"summary_large_image\" \/>\n<meta name=\"twitter:creator\" content=\"@cuballama\" \/>\n<meta name=\"twitter:site\" content=\"@cuballama\" \/>\n<meta name=\"twitter:label1\" content=\"Escrito por\" \/>\n\t<meta name=\"twitter:data1\" content=\"Roberto A.\" \/>\n\t<meta name=\"twitter:label2\" content=\"Tiempo de lectura\" \/>\n\t<meta name=\"twitter:data2\" content=\"3 minutos\" \/>\n<script type=\"application\/ld+json\" class=\"yoast-schema-graph\">{\"@context\":\"https:\\\/\\\/schema.org\",\"@graph\":[{\"@type\":\"Article\",\"@id\":\"https:\\\/\\\/www.cuballama.com\\\/noticias\\\/miley-cyrus-reaparece-consternada-tras-la-muerte-de-su-madrina-dolly-parton\\\/#article\",\"isPartOf\":{\"@id\":\"https:\\\/\\\/www.cuballama.com\\\/noticias\\\/miley-cyrus-reaparece-consternada-tras-la-muerte-de-su-madrina-dolly-parton\\\/\"},\"author\":{\"name\":\"Roberto A.\",\"@id\":\"https:\\\/\\\/www.cuballama.com\\\/noticias\\\/#\\\/schema\\\/person\\\/a58502ed4146c8e9f83872e897c76cd2\"},\"headline\":\"Miley Cyrus reaparece consternada tras la muerte de su madrina Dolly Parton\",\"datePublished\":\"2026-09-06T00:27:12+00:00\",\"dateModified\":\"2026-09-06T00:27:17+00:00\",\"mainEntityOfPage\":{\"@id\":\"https:\\\/\\\/www.cuballama.com\\\/noticias\\\/miley-cyrus-reaparece-consternada-tras-la-muerte-de-su-madrina-dolly-parton\\\/\"},\"wordCount\":604,\"commentCount\":0,\"publisher\":{\"@id\":\"https:\\\/\\\/www.cuballama.com\\\/noticias\\\/#organization\"},\"image\":{\"@id\":\"https:\\\/\\\/www.cuballama.com\\\/noticias\\\/miley-cyrus-reaparece-consternada-tras-la-muerte-de-su-madrina-dolly-parton\\\/#primaryimage\"},\"thumbnailUrl\":\"https:\\\/\\\/cdn1.mediawpaccore.net\\\/wp-content\\\/uploads\\\/2026\\\/09\\\/03113917\\\/image-25.png\",\"keywords\":[\"celebridades\",\"Dolly Parton\",\"Far\u00e1ndula\",\"Miley Cyrus\",\"muerte\",\"M\u00fasica Country\",\"Nashville\",\"tributo\"],\"articleSection\":[\"Far\u00e1ndula\",\"Noticias\"],\"inLanguage\":\"es\",\"potentialAction\":[{\"@type\":\"CommentAction\",\"name\":\"Comment\",\"target\":[\"https:\\\/\\\/www.cuballama.com\\\/noticias\\\/miley-cyrus-reaparece-consternada-tras-la-muerte-de-su-madrina-dolly-parton\\\/#respond\"]}]},{\"@type\":\"WebPage\",\"@id\":\"https:\\\/\\\/www.cuballama.com\\\/noticias\\\/miley-cyrus-reaparece-consternada-tras-la-muerte-de-su-madrina-dolly-parton\\\/\",\"url\":\"https:\\\/\\\/www.cuballama.com\\\/noticias\\\/miley-cyrus-reaparece-consternada-tras-la-muerte-de-su-madrina-dolly-parton\\\/\",\"name\":\"Miley Cyrus reaparece consternada tras la muerte de su madrina Dolly Parton - Cuballama Noticias\",\"isPartOf\":{\"@id\":\"https:\\\/\\\/www.cuballama.com\\\/noticias\\\/#website\"},\"primaryImageOfPage\":{\"@id\":\"https:\\\/\\\/www.cuballama.com\\\/noticias\\\/miley-cyrus-reaparece-consternada-tras-la-muerte-de-su-madrina-dolly-parton\\\/#primaryimage\"},\"image\":{\"@id\":\"https:\\\/\\\/www.cuballama.com\\\/noticias\\\/miley-cyrus-reaparece-consternada-tras-la-muerte-de-su-madrina-dolly-parton\\\/#primaryimage\"},\"thumbnailUrl\":\"https:\\\/\\\/cdn1.mediawpaccore.net\\\/wp-content\\\/uploads\\\/2026\\\/09\\\/03113917\\\/image-25.png\",\"datePublished\":\"2026-09-06T00:27:12+00:00\",\"dateModified\":\"2026-09-06T00:27:17+00:00\",\"description\":\"Miley Cyrus reaparece en p\u00fablico visiblemente afectada, una semana despu\u00e9s de la muerte de su madrina Dolly Parton a los 80 a\u00f1os tras una breve lucha contra el c\u00e1ncer.\",\"breadcrumb\":{\"@id\":\"https:\\\/\\\/www.cuballama.com\\\/noticias\\\/miley-cyrus-reaparece-consternada-tras-la-muerte-de-su-madrina-dolly-parton\\\/#breadcrumb\"},\"inLanguage\":\"es\",\"potentialAction\":[{\"@type\":\"ReadAction\",\"target\":[\"https:\\\/\\\/www.cuballama.com\\\/noticias\\\/miley-cyrus-reaparece-consternada-tras-la-muerte-de-su-madrina-dolly-parton\\\/\"]}]},{\"@type\":\"ImageObject\",\"inLanguage\":\"es\",\"@id\":\"https:\\\/\\\/www.cuballama.com\\\/noticias\\\/miley-cyrus-reaparece-consternada-tras-la-muerte-de-su-madrina-dolly-parton\\\/#primaryimage\",\"url\":\"https:\\\/\\\/cdn1.mediawpaccore.net\\\/wp-content\\\/uploads\\\/2026\\\/09\\\/03113917\\\/image-25.png\",\"contentUrl\":\"https:\\\/\\\/cdn1.mediawpaccore.net\\\/wp-content\\\/uploads\\\/2026\\\/09\\\/03113917\\\/image-25.png\",\"width\":986,\"height\":514,\"caption\":\"Foto que muestra a Miley Cyrus y Dolly Parton juntas (generada por la IA)\"},{\"@type\":\"BreadcrumbList\",\"@id\":\"https:\\\/\\\/www.cuballama.com\\\/noticias\\\/miley-cyrus-reaparece-consternada-tras-la-muerte-de-su-madrina-dolly-parton\\\/#breadcrumb\",\"itemListElement\":[{\"@type\":\"ListItem\",\"position\":1,\"name\":\"Home\",\"item\":\"https:\\\/\\\/www.cuballama.com\\\/noticias\\\/\"},{\"@type\":\"ListItem\",\"position\":2,\"name\":\"Miley Cyrus reaparece consternada tras la muerte de su madrina Dolly Parton\"}]},{\"@type\":\"WebSite\",\"@id\":\"https:\\\/\\\/www.cuballama.com\\\/noticias\\\/#website\",\"url\":\"https:\\\/\\\/www.cuballama.com\\\/noticias\\\/\",\"name\":\"Cuballama Noticias\",\"description\":\"Medio digital sobre Cuba y el mundo\",\"publisher\":{\"@id\":\"https:\\\/\\\/www.cuballama.com\\\/noticias\\\/#organization\"},\"potentialAction\":[{\"@type\":\"SearchAction\",\"target\":{\"@type\":\"EntryPoint\",\"urlTemplate\":\"https:\\\/\\\/www.cuballama.com\\\/noticias\\\/?s={search_term_string}\"},\"query-input\":{\"@type\":\"PropertyValueSpecification\",\"valueRequired\":true,\"valueName\":\"search_term_string\"}}],\"inLanguage\":\"es\"},{\"@type\":\"Organization\",\"@id\":\"https:\\\/\\\/www.cuballama.com\\\/noticias\\\/#organization\",\"name\":\"Cuballama\",\"url\":\"https:\\\/\\\/www.cuballama.com\\\/noticias\\\/\",\"logo\":{\"@type\":\"ImageObject\",\"inLanguage\":\"es\",\"@id\":\"https:\\\/\\\/www.cuballama.com\\\/noticias\\\/#\\\/schema\\\/logo\\\/image\\\/\",\"url\":\"https:\\\/\\\/cdn1.mediawpaccore.net\\\/wp-content\\\/uploads\\\/2021\\\/12\\\/28171206\\\/cbll-logo-color-sm.png\",\"contentUrl\":\"https:\\\/\\\/cdn1.mediawpaccore.net\\\/wp-content\\\/uploads\\\/2021\\\/12\\\/28171206\\\/cbll-logo-color-sm.png\",\"width\":600,\"height\":133,\"caption\":\"Cuballama\"},\"image\":{\"@id\":\"https:\\\/\\\/www.cuballama.com\\\/noticias\\\/#\\\/schema\\\/logo\\\/image\\\/\"},\"sameAs\":[\"https:\\\/\\\/www.facebook.com\\\/CubaLlama\",\"https:\\\/\\\/x.com\\\/cuballama\",\"https:\\\/\\\/www.instagram.com\\\/stories\\\/cuballama_oficial\\\/\",\"https:\\\/\\\/www.youtube.com\\\/channel\\\/UCKkFE-d_axENGZcrc4as0IA\"]},{\"@type\":\"Person\",\"@id\":\"https:\\\/\\\/www.cuballama.com\\\/noticias\\\/#\\\/schema\\\/person\\\/a58502ed4146c8e9f83872e897c76cd2\",\"name\":\"Roberto A.\",\"description\":\"Roberto A. Periodista por decisi\u00f3n propia. Interesado en cualquier tema que me apasione y cada vez m\u00e1s comprometido con la verdad y la objetividad period\u00edstica. Graduado en La Habana hace ya muchos a\u00f1os, luego de una accidentada y polvorienta b\u00fasqueda de informaci\u00f3n sobre un tema in\u00e9dito. La Tesis, por cierto, desapareci\u00f3 de la biblioteca y no se conservan copias de la misma.\",\"url\":\"https:\\\/\\\/www.cuballama.com\\\/noticias\\\/author\\\/roberto\\\/\"}]}<\/script>\n<!-- \/ Yoast SEO plugin. -->","yoast_head_json":{"title":"Miley Cyrus reaparece consternada tras la muerte de su madrina Dolly Parton - Cuballama Noticias","description":"Miley Cyrus reaparece en p\u00fablico visiblemente afectada, una semana despu\u00e9s de la muerte de su madrina Dolly Parton a los 80 a\u00f1os tras una breve lucha contra el c\u00e1ncer.","robots":{"index":"index","follow":"follow","max-snippet":"max-snippet:-1","max-image-preview":"max-image-preview:large","max-video-preview":"max-video-preview:-1"},"canonical":"https:\/\/www.cuballama.com\/noticias\/miley-cyrus-reaparece-consternada-tras-la-muerte-de-su-madrina-dolly-parton\/","og_locale":"es_ES","og_type":"article","og_title":"Miley Cyrus reaparece consternada tras la muerte de su madrina Dolly Parton - Cuballama Noticias","og_description":"Miley Cyrus reaparece en p\u00fablico visiblemente afectada, una semana despu\u00e9s de la muerte de su madrina Dolly Parton a los 80 a\u00f1os tras una breve lucha contra el c\u00e1ncer.","og_url":"https:\/\/www.cuballama.com\/noticias\/miley-cyrus-reaparece-consternada-tras-la-muerte-de-su-madrina-dolly-parton\/","og_site_name":"Cuballama Noticias","article_publisher":"https:\/\/www.facebook.com\/CubaLlama","article_published_time":"2026-09-06T00:27:12+00:00","article_modified_time":"2026-09-06T00:27:17+00:00","og_image":[{"width":986,"height":514,"url":"https:\/\/cdn1.mediawpaccore.net\/wp-content\/uploads\/2026\/09\/03113917\/image-25.png","type":"image\/png"}],"author":"Roberto A.","twitter_card":"summary_large_image","twitter_creator":"@cuballama","twitter_site":"@cuballama","twitter_misc":{"Escrito por":"Roberto A.","Tiempo de lectura":"3 minutos"},"schema":{"@context":"https:\/\/schema.org","@graph":[{"@type":"Article","@id":"https:\/\/www.cuballama.com\/noticias\/miley-cyrus-reaparece-consternada-tras-la-muerte-de-su-madrina-dolly-parton\/#article","isPartOf":{"@id":"https:\/\/www.cuballama.com\/noticias\/miley-cyrus-reaparece-consternada-tras-la-muerte-de-su-madrina-dolly-parton\/"},"author":{"name":"Roberto A.","@id":"https:\/\/www.cuballama.com\/noticias\/#\/schema\/person\/a58502ed4146c8e9f83872e897c76cd2"},"headline":"Miley Cyrus reaparece consternada tras la muerte de su madrina Dolly Parton","datePublished":"2026-09-06T00:27:12+00:00","dateModified":"2026-09-06T00:27:17+00:00","mainEntityOfPage":{"@id":"https:\/\/www.cuballama.com\/noticias\/miley-cyrus-reaparece-consternada-tras-la-muerte-de-su-madrina-dolly-parton\/"},"wordCount":604,"commentCount":0,"publisher":{"@id":"https:\/\/www.cuballama.com\/noticias\/#organization"},"image":{"@id":"https:\/\/www.cuballama.com\/noticias\/miley-cyrus-reaparece-consternada-tras-la-muerte-de-su-madrina-dolly-parton\/#primaryimage"},"thumbnailUrl":"https:\/\/cdn1.mediawpaccore.net\/wp-content\/uploads\/2026\/09\/03113917\/image-25.png","keywords":["celebridades","Dolly Parton","Far\u00e1ndula","Miley Cyrus","muerte","M\u00fasica Country","Nashville","tributo"],"articleSection":["Far\u00e1ndula","Noticias"],"inLanguage":"es","potentialAction":[{"@type":"CommentAction","name":"Comment","target":["https:\/\/www.cuballama.com\/noticias\/miley-cyrus-reaparece-consternada-tras-la-muerte-de-su-madrina-dolly-parton\/#respond"]}]},{"@type":"WebPage","@id":"https:\/\/www.cuballama.com\/noticias\/miley-cyrus-reaparece-consternada-tras-la-muerte-de-su-madrina-dolly-parton\/","url":"https:\/\/www.cuballama.com\/noticias\/miley-cyrus-reaparece-consternada-tras-la-muerte-de-su-madrina-dolly-parton\/","name":"Miley Cyrus reaparece consternada tras la muerte de su madrina Dolly Parton - Cuballama Noticias","isPartOf":{"@id":"https:\/\/www.cuballama.com\/noticias\/#website"},"primaryImageOfPage":{"@id":"https:\/\/www.cuballama.com\/noticias\/miley-cyrus-reaparece-consternada-tras-la-muerte-de-su-madrina-dolly-parton\/#primaryimage"},"image":{"@id":"https:\/\/www.cuballama.com\/noticias\/miley-cyrus-reaparece-consternada-tras-la-muerte-de-su-madrina-dolly-parton\/#primaryimage"},"thumbnailUrl":"https:\/\/cdn1.mediawpaccore.net\/wp-content\/uploads\/2026\/09\/03113917\/image-25.png","datePublished":"2026-09-06T00:27:12+00:00","dateModified":"2026-09-06T00:27:17+00:00","description":"Miley Cyrus reaparece en p\u00fablico visiblemente afectada, una semana despu\u00e9s de la muerte de su madrina Dolly Parton a los 80 a\u00f1os tras una breve lucha contra el c\u00e1ncer.","breadcrumb":{"@id":"https:\/\/www.cuballama.com\/noticias\/miley-cyrus-reaparece-consternada-tras-la-muerte-de-su-madrina-dolly-parton\/#breadcrumb"},"inLanguage":"es","potentialAction":[{"@type":"ReadAction","target":["https:\/\/www.cuballama.com\/noticias\/miley-cyrus-reaparece-consternada-tras-la-muerte-de-su-madrina-dolly-parton\/"]}]},{"@type":"ImageObject","inLanguage":"es","@id":"https:\/\/www.cuballama.com\/noticias\/miley-cyrus-reaparece-consternada-tras-la-muerte-de-su-madrina-dolly-parton\/#primaryimage","url":"https:\/\/cdn1.mediawpaccore.net\/wp-content\/uploads\/2026\/09\/03113917\/image-25.png","contentUrl":"https:\/\/cdn1.mediawpaccore.net\/wp-content\/uploads\/2026\/09\/03113917\/image-25.png","width":986,"height":514,"caption":"Foto que muestra a Miley Cyrus y Dolly Parton juntas (generada por la IA)"},{"@type":"BreadcrumbList","@id":"https:\/\/www.cuballama.com\/noticias\/miley-cyrus-reaparece-consternada-tras-la-muerte-de-su-madrina-dolly-parton\/#breadcrumb","itemListElement":[{"@type":"ListItem","position":1,"name":"Home","item":"https:\/\/www.cuballama.com\/noticias\/"},{"@type":"ListItem","position":2,"name":"Miley Cyrus reaparece consternada tras la muerte de su madrina Dolly Parton"}]},{"@type":"WebSite","@id":"https:\/\/www.cuballama.com\/noticias\/#website","url":"https:\/\/www.cuballama.com\/noticias\/","name":"Cuballama Noticias","description":"Medio digital sobre Cuba y el mundo","publisher":{"@id":"https:\/\/www.cuballama.com\/noticias\/#organization"},"potentialAction":[{"@type":"SearchAction","target":{"@type":"EntryPoint","urlTemplate":"https:\/\/www.cuballama.com\/noticias\/?s={search_term_string}"},"query-input":{"@type":"PropertyValueSpecification","valueRequired":true,"valueName":"search_term_string"}}],"inLanguage":"es"},{"@type":"Organization","@id":"https:\/\/www.cuballama.com\/noticias\/#organization","name":"Cuballama","url":"https:\/\/www.cuballama.com\/noticias\/","logo":{"@type":"ImageObject","inLanguage":"es","@id":"https:\/\/www.cuballama.com\/noticias\/#\/schema\/logo\/image\/","url":"https:\/\/cdn1.mediawpaccore.net\/wp-content\/uploads\/2021\/12\/28171206\/cbll-logo-color-sm.png","contentUrl":"https:\/\/cdn1.mediawpaccore.net\/wp-content\/uploads\/2021\/12\/28171206\/cbll-logo-color-sm.png","width":600,"height":133,"caption":"Cuballama"},"image":{"@id":"https:\/\/www.cuballama.com\/noticias\/#\/schema\/logo\/image\/"},"sameAs":["https:\/\/www.facebook.com\/CubaLlama","https:\/\/x.com\/cuballama","https:\/\/www.instagram.com\/stories\/cuballama_oficial\/","https:\/\/www.youtube.com\/channel\/UCKkFE-d_axENGZcrc4as0IA"]},{"@type":"Person","@id":"https:\/\/www.cuballama.com\/noticias\/#\/schema\/person\/a58502ed4146c8e9f83872e897c76cd2","name":"Roberto A.","description":"Roberto A. Periodista por decisi\u00f3n propia. Interesado en cualquier tema que me apasione y cada vez m\u00e1s comprometido con la verdad y la objetividad period\u00edstica. Graduado en La Habana hace ya muchos a\u00f1os, luego de una accidentada y polvorienta b\u00fasqueda de informaci\u00f3n sobre un tema in\u00e9dito. La Tesis, por cierto, desapareci\u00f3 de la biblioteca y no se conservan copias de la misma.","url":"https:\/\/www.cuballama.com\/noticias\/author\/roberto\/"}]}},"_links":{"self":[{"href":"https:\/\/www.cuballama.com\/noticias\/wp-json\/wp\/v2\/posts\/256005","targetHints":{"allow":["GET"]}}],"collection":[{"href":"https:\/\/www.cuballama.com\/noticias\/wp-json\/wp\/v2\/posts"}],"about":[{"href":"https:\/\/www.cuballama.com\/noticias\/wp-json\/wp\/v2\/types\/post"}],"author":[{"embeddable":true,"href":"https:\/\/www.cuballama.com\/noticias\/wp-json\/wp\/v2\/users\/13"}],"replies":[{"embeddable":true,"href":"https:\/\/www.cuballama.com\/noticias\/wp-json\/wp\/v2\/comments?post=256005"}],"version-history":[{"count":2,"href":"https:\/\/www.cuballama.com\/noticias\/wp-json\/wp\/v2\/posts\/256005\/revisions"}],"predecessor-version":[{"id":256052,"href":"https:\/\/www.cuballama.com\/noticias\/wp-json\/wp\/v2\/posts\/256005\/revisions\/256052"}],"wp:featuredmedia":[{"embeddable":true,"href":"https:\/\/www.cuballama.com\/noticias\/wp-json\/wp\/v2\/media\/256051"}],"wp:attachment":[{"href":"https:\/\/www.cuballama.com\/noticias\/wp-json\/wp\/v2\/media?parent=256005"}],"wp:term":[{"taxonomy":"category","embeddable":true,"href":"https:\/\/www.cuballama.com\/noticias\/wp-json\/wp\/v2\/categories?post=256005"},{"taxonomy":"post_tag","embeddable":true,"href":"https:\/\/www.cuballama.com\/noticias\/wp-json\/wp\/v2\/tags?post=256005"}],"curies":[{"name":"wp","href":"https:\/\/api.w.org\/{rel}","templated":true}]}}