{"id":256003,"date":"2026-09-05T20:27:56","date_gmt":"2026-09-06T00:27:56","guid":{"rendered":"https:\/\/www.cuballama.com\/noticias\/?p=256003"},"modified":"2026-09-05T20:27:58","modified_gmt":"2026-09-06T00:27:58","slug":"revelan-la-causa-de-muerte-de-tim-curry-el-actor-de-the-rocky-horror-picture-show","status":"publish","type":"post","link":"https:\/\/www.cuballama.com\/noticias\/revelan-la-causa-de-muerte-de-tim-curry-el-actor-de-the-rocky-horror-picture-show\/","title":{"rendered":"Revelan la causa de muerte de Tim Curry, el actor de \u00abThe Rocky Horror Picture Show\u00bb"},"content":{"rendered":"\n<h2 class=\"wp-block-heading\">Tim Curry muri\u00f3 por una enfermedad coronaria, seg\u00fan los documentos oficiales conocidos una semana despu\u00e9s de su fallecimiento<\/h2>\n\n\n\n<h2 class=\"wp-block-heading\">El actor brit\u00e1nico, c\u00e9lebre por su papel de Dr. Frank-N-Furter, falleci\u00f3 a los 80 a\u00f1os en su casa de Los \u00c1ngeles; las autoridades sanitarias del condado confirmaron que padec\u00eda adem\u00e1s c\u00e1ncer de ri\u00f1\u00f3n y arrastraba secuelas de un infarto cerebral sufrido en 2012.<\/h2>\n\n\n\n<p class=\"wp-block-paragraph\">El actor brit\u00e1nico Tim Curry, c\u00e9lebre por interpretar al Dr. Frank-N-Furter en \u00abThe Rocky Horror Picture Show\u00bb, muri\u00f3 el martes 25 de agosto en su vivienda del \u00e1rea de Los \u00c1ngeles a los 80 a\u00f1os, seg\u00fan confirmaron documentos oficiales revelados una semana despu\u00e9s de su fallecimiento. <\/p>\n\n\n\n<p class=\"wp-block-paragraph\">De acuerdo con los registros obtenidos por la revista People y confirmados por TMZ, el Departamento de Salud P\u00fablica del condado de Los \u00c1ngeles determin\u00f3 que la causa principal de la muerte fue una enfermedad de las arterias coronarias. Los mismos documentos se\u00f1alan como causas contribuyentes un c\u00e1ncer de ri\u00f1\u00f3n y las secuelas de un accidente cerebrovascular que Curry sufri\u00f3 en 2012. Fuentes policiales citadas por TMZ descartaron cualquier indicio de muerte violenta.<\/p>\n\n\n\n<p class=\"wp-block-paragraph\">El infarto cerebral de 2012 marc\u00f3 un antes y un despu\u00e9s en la vida del actor: le afect\u00f3 de forma permanente la movilidad y lo oblig\u00f3 a usar silla de ruedas durante sus \u00faltimos a\u00f1os. Pese a las limitaciones f\u00edsicas, Curry hizo una rara aparici\u00f3n p\u00fablica en abril de este a\u00f1o en un pub de North Hollywood, acompa\u00f1ado por un cuidador. En los meses previos a su muerte tambi\u00e9n trabajaba en la pel\u00edcula de terror \u00abStream 2: Sudden Death\u00bb.<\/p>\n\n\n\n<p class=\"wp-block-paragraph\">Nacido en Cheshire, Inglaterra, Curry construy\u00f3 una carrera de m\u00e1s de cinco d\u00e9cadas entre el cine, el teatro y la televisi\u00f3n. Su papel m\u00e1s recordado sigue siendo el cient\u00edfico transg\u00e9nero Dr. Frank-N-Furter en \u00abThe Rocky Horror Picture Show\u00bb (1975), un personaje que lo convirti\u00f3 en \u00edcono de culto. Tambi\u00e9n dio voz al payaso Pennywise en la adaptaci\u00f3n televisiva de \u00abIt\u00bb (1990), interpret\u00f3 al conserje del hotel en \u00abHome Alone 2: Lost in New York\u00bb y encarn\u00f3 al mayordomo Wadsworth en la comedia \u00abClue\u00bb.<\/p>\n\n\n\n<p class=\"wp-block-paragraph\">Curry nunca se cas\u00f3 ni tuvo hijos y mantuvo su vida personal alejada del foco medi\u00e1tico durante d\u00e9cadas, hasta que en 2025 public\u00f3 sus memorias, tituladas \u00abVagabond\u00bb, donde abri\u00f3 una ventana poco habitual a su historia personal y a las secuelas del infarto que hab\u00eda sufrido a\u00f1os antes.<\/p>\n\n\n\n<p class=\"wp-block-paragraph\">Su carrera no se limit\u00f3 al cine: en teatro recibi\u00f3 tres nominaciones al Tony, por \u00abAmadeus\u00bb (1980), \u00abMy Favorite Year\u00bb (1992) y \u00abSpamalot\u00bb (2005), musical por el que adem\u00e1s gan\u00f3 un WhatsOnStage Award y sum\u00f3 una nominaci\u00f3n al Olivier. En el terreno de la voz, gan\u00f3 un premio Daytime Emmy por su interpretaci\u00f3n del Capit\u00e1n Garfio en \u00abPeter Pan and the Pirates\u00bb y prest\u00f3 su voz durante a\u00f1os al personaje de Sir Nigel Thornberry en la serie animada \u00abThe Wild Thornberrys\u00bb, adem\u00e1s de dar vida al canciller Palpatine en \u00abStar Wars: The Clone Wars\u00bb.<\/p>\n\n\n\n<p class=\"wp-block-paragraph\">La revelaci\u00f3n de la causa de muerte llega una semana despu\u00e9s de que se diera a conocer su fallecimiento, un lapso habitual cuando la confirmaci\u00f3n oficial depende de la publicaci\u00f3n de los registros del forense o de las autoridades sanitarias locales. Hasta el momento no se han reportado declaraciones p\u00fablicas de familiares o excompa\u00f1eros de reparto sobre las circunstancias reveladas en los documentos.<\/p>\n\n\n\n<p class=\"wp-block-paragraph\">[FUENTES]<br>The Hollywood Reporter, \u00abTim Curry&#8217;s Cause of Death Revealed\u00bb, <a href=\"https:\/\/www.hollywoodreporter.com\/news\/general-news\/tim-curry-cause-of-death-1236688715\/\">https:\/\/ww<\/a><a href=\"https:\/\/www.hollywoodreporter.com\/news\/general-news\/tim-curry-cause-of-death-1236688715\/\" target=\"_blank\" rel=\"noreferrer noopener nofollow\">w<\/a><a href=\"https:\/\/www.hollywoodreporter.com\/news\/general-news\/tim-curry-cause-of-death-1236688715\/\">.hollywoodreporter.com\/news\/general-news\/tim-curry-cause-of-death-1236688715\/<\/a><br>TMZ, \u00abTim Curry&#8217;s Cause of Death Revealed\u00bb, <a href=\"https:\/\/www.tmz.com\/2026\/09\/02\/tim-curry-cause-of-death\/\">https:\/\/www.tmz.com\/2026\/09\/02\/tim-curry-cause-of<\/a><a href=\"https:\/\/www.tmz.com\/2026\/09\/02\/tim-curry-cause-of-death\/\" target=\"_blank\" rel=\"noreferrer noopener nofollow\">&#8211;<\/a><a href=\"https:\/\/www.tmz.com\/2026\/09\/02\/tim-curry-cause-of-death\/\">death\/<\/a><br>Fox10 (WALA), \u00abTim Curry&#8217;s cause of death was coronary artery disease, documents show\u00bb, <a href=\"https:\/\/www.fox10tv.com\/2026\/09\/02\/actor-tim-currys-cause-death-revealed\/\" target=\"_blank\" rel=\"noreferrer noopener nofollow\">https:\/\/www.fox10tv.com\/2026\/09\/02\/actor-tim-currys-cause-death-revealed\/<\/a><\/p>\n","protected":false},"excerpt":{"rendered":"<p>Una semana despu\u00e9s de conocerse su fallecimiento, documentos oficiales han revelado la causa de muerte de Tim Curry: una enfermedad coronaria, agravada por un c\u00e1ncer de ri\u00f1\u00f3n y por las secuelas del infarto cerebral que sufri\u00f3 en 2012. El actor, de 80 a\u00f1os, muri\u00f3 en su casa de Los \u00c1ngeles.<\/p>\n","protected":false},"author":13,"featured_media":256055,"comment_status":"open","ping_status":"closed","sticky":false,"template":"","format":"standard","meta":{"_acf_changed":false,"footnotes":""},"categories":[443,18],"tags":[31428,35789,353,268,450,918,37885,37886],"class_list":["post-256003","post","type-post","status-publish","format-standard","has-post-thumbnail","category-farandula","category-noticias","tag-actores-fallecidos","tag-causa-de-muerte","tag-cine","tag-farandula","tag-hollywood","tag-obituario","tag-rocky-horror-picture-show","tag-tim-curry"],"acf":[],"yoast_head":"<!-- This site is optimized with the Yoast SEO plugin v28.3 - https:\/\/yoast.com\/product\/yoast-seo-wordpress\/ -->\n<title>Revelan la causa de muerte de Tim Curry, el actor de &quot;The Rocky Horror Picture Show&quot; - Cuballama Noticias<\/title>\n<meta name=\"description\" content=\"Documentos oficiales revelan que Tim Curry, protagonista de &quot;The Rocky Horror Picture Show&quot;, muri\u00f3 por una enfermedad coronaria a los 80 a\u00f1os.\" \/>\n<meta name=\"robots\" content=\"index, follow, max-snippet:-1, max-image-preview:large, max-video-preview:-1\" \/>\n<link rel=\"canonical\" href=\"https:\/\/www.cuballama.com\/noticias\/revelan-la-causa-de-muerte-de-tim-curry-el-actor-de-the-rocky-horror-picture-show\/\" \/>\n<meta property=\"og:locale\" content=\"es_ES\" \/>\n<meta property=\"og:type\" content=\"article\" \/>\n<meta property=\"og:title\" content=\"Revelan la causa de muerte de Tim Curry, el actor de &quot;The Rocky Horror Picture Show&quot; - Cuballama Noticias\" \/>\n<meta property=\"og:description\" content=\"Documentos oficiales revelan que Tim Curry, protagonista de &quot;The Rocky Horror Picture Show&quot;, muri\u00f3 por una enfermedad coronaria a los 80 a\u00f1os.\" \/>\n<meta property=\"og:url\" content=\"https:\/\/www.cuballama.com\/noticias\/revelan-la-causa-de-muerte-de-tim-curry-el-actor-de-the-rocky-horror-picture-show\/\" \/>\n<meta property=\"og:site_name\" content=\"Cuballama Noticias\" \/>\n<meta property=\"article:publisher\" content=\"https:\/\/www.facebook.com\/CubaLlama\" \/>\n<meta property=\"article:published_time\" content=\"2026-09-06T00:27:56+00:00\" \/>\n<meta property=\"article:modified_time\" content=\"2026-09-06T00:27:58+00:00\" \/>\n<meta property=\"og:image\" content=\"https:\/\/cdn1.mediawpaccore.net\/wp-content\/uploads\/2026\/09\/03114447\/image-26.png\" \/>\n\t<meta property=\"og:image:width\" content=\"990\" \/>\n\t<meta property=\"og:image:height\" content=\"516\" \/>\n\t<meta property=\"og:image:type\" content=\"image\/png\" \/>\n<meta name=\"author\" content=\"Roberto A.\" \/>\n<meta name=\"twitter:card\" content=\"summary_large_image\" \/>\n<meta name=\"twitter:creator\" content=\"@cuballama\" \/>\n<meta name=\"twitter:site\" content=\"@cuballama\" \/>\n<meta name=\"twitter:label1\" content=\"Escrito por\" \/>\n\t<meta name=\"twitter:data1\" content=\"Roberto A.\" \/>\n\t<meta name=\"twitter:label2\" content=\"Tiempo de lectura\" \/>\n\t<meta name=\"twitter:data2\" content=\"3 minutos\" \/>\n<script type=\"application\/ld+json\" class=\"yoast-schema-graph\">{\"@context\":\"https:\\\/\\\/schema.org\",\"@graph\":[{\"@type\":\"Article\",\"@id\":\"https:\\\/\\\/www.cuballama.com\\\/noticias\\\/revelan-la-causa-de-muerte-de-tim-curry-el-actor-de-the-rocky-horror-picture-show\\\/#article\",\"isPartOf\":{\"@id\":\"https:\\\/\\\/www.cuballama.com\\\/noticias\\\/revelan-la-causa-de-muerte-de-tim-curry-el-actor-de-the-rocky-horror-picture-show\\\/\"},\"author\":{\"name\":\"Roberto A.\",\"@id\":\"https:\\\/\\\/www.cuballama.com\\\/noticias\\\/#\\\/schema\\\/person\\\/a58502ed4146c8e9f83872e897c76cd2\"},\"headline\":\"Revelan la causa de muerte de Tim Curry, el actor de \u00abThe Rocky Horror Picture Show\u00bb\",\"datePublished\":\"2026-09-06T00:27:56+00:00\",\"dateModified\":\"2026-09-06T00:27:58+00:00\",\"mainEntityOfPage\":{\"@id\":\"https:\\\/\\\/www.cuballama.com\\\/noticias\\\/revelan-la-causa-de-muerte-de-tim-curry-el-actor-de-the-rocky-horror-picture-show\\\/\"},\"wordCount\":654,\"commentCount\":0,\"publisher\":{\"@id\":\"https:\\\/\\\/www.cuballama.com\\\/noticias\\\/#organization\"},\"image\":{\"@id\":\"https:\\\/\\\/www.cuballama.com\\\/noticias\\\/revelan-la-causa-de-muerte-de-tim-curry-el-actor-de-the-rocky-horror-picture-show\\\/#primaryimage\"},\"thumbnailUrl\":\"https:\\\/\\\/cdn1.mediawpaccore.net\\\/wp-content\\\/uploads\\\/2026\\\/09\\\/03114447\\\/image-26.png\",\"keywords\":[\"actores fallecidos\",\"causa de muerte\",\"Cine\",\"Far\u00e1ndula\",\"Hollywood\",\"obituario\",\"Rocky Horror Picture Show\",\"Tim Curry\"],\"articleSection\":[\"Far\u00e1ndula\",\"Noticias\"],\"inLanguage\":\"es\",\"potentialAction\":[{\"@type\":\"CommentAction\",\"name\":\"Comment\",\"target\":[\"https:\\\/\\\/www.cuballama.com\\\/noticias\\\/revelan-la-causa-de-muerte-de-tim-curry-el-actor-de-the-rocky-horror-picture-show\\\/#respond\"]}]},{\"@type\":\"WebPage\",\"@id\":\"https:\\\/\\\/www.cuballama.com\\\/noticias\\\/revelan-la-causa-de-muerte-de-tim-curry-el-actor-de-the-rocky-horror-picture-show\\\/\",\"url\":\"https:\\\/\\\/www.cuballama.com\\\/noticias\\\/revelan-la-causa-de-muerte-de-tim-curry-el-actor-de-the-rocky-horror-picture-show\\\/\",\"name\":\"Revelan la causa de muerte de Tim Curry, el actor de \\\"The Rocky Horror Picture Show\\\" - Cuballama Noticias\",\"isPartOf\":{\"@id\":\"https:\\\/\\\/www.cuballama.com\\\/noticias\\\/#website\"},\"primaryImageOfPage\":{\"@id\":\"https:\\\/\\\/www.cuballama.com\\\/noticias\\\/revelan-la-causa-de-muerte-de-tim-curry-el-actor-de-the-rocky-horror-picture-show\\\/#primaryimage\"},\"image\":{\"@id\":\"https:\\\/\\\/www.cuballama.com\\\/noticias\\\/revelan-la-causa-de-muerte-de-tim-curry-el-actor-de-the-rocky-horror-picture-show\\\/#primaryimage\"},\"thumbnailUrl\":\"https:\\\/\\\/cdn1.mediawpaccore.net\\\/wp-content\\\/uploads\\\/2026\\\/09\\\/03114447\\\/image-26.png\",\"datePublished\":\"2026-09-06T00:27:56+00:00\",\"dateModified\":\"2026-09-06T00:27:58+00:00\",\"description\":\"Documentos oficiales revelan que Tim Curry, protagonista de \\\"The Rocky Horror Picture Show\\\", muri\u00f3 por una enfermedad coronaria a los 80 a\u00f1os.\",\"breadcrumb\":{\"@id\":\"https:\\\/\\\/www.cuballama.com\\\/noticias\\\/revelan-la-causa-de-muerte-de-tim-curry-el-actor-de-the-rocky-horror-picture-show\\\/#breadcrumb\"},\"inLanguage\":\"es\",\"potentialAction\":[{\"@type\":\"ReadAction\",\"target\":[\"https:\\\/\\\/www.cuballama.com\\\/noticias\\\/revelan-la-causa-de-muerte-de-tim-curry-el-actor-de-the-rocky-horror-picture-show\\\/\"]}]},{\"@type\":\"ImageObject\",\"inLanguage\":\"es\",\"@id\":\"https:\\\/\\\/www.cuballama.com\\\/noticias\\\/revelan-la-causa-de-muerte-de-tim-curry-el-actor-de-the-rocky-horror-picture-show\\\/#primaryimage\",\"url\":\"https:\\\/\\\/cdn1.mediawpaccore.net\\\/wp-content\\\/uploads\\\/2026\\\/09\\\/03114447\\\/image-26.png\",\"contentUrl\":\"https:\\\/\\\/cdn1.mediawpaccore.net\\\/wp-content\\\/uploads\\\/2026\\\/09\\\/03114447\\\/image-26.png\",\"width\":990,\"height\":516,\"caption\":\"Tim Curry durante el Governor\u2019s Ball de la 47\u00aa edici\u00f3n de los premios Emmy, el 11 de septiembre de 1995. Foto: Alan Light \\\/ Flickr, bajo licencia Creative Commons Attribution 2.0 (CC BY 2.0). Imagen recortada a partir del archivo original.\"},{\"@type\":\"BreadcrumbList\",\"@id\":\"https:\\\/\\\/www.cuballama.com\\\/noticias\\\/revelan-la-causa-de-muerte-de-tim-curry-el-actor-de-the-rocky-horror-picture-show\\\/#breadcrumb\",\"itemListElement\":[{\"@type\":\"ListItem\",\"position\":1,\"name\":\"Home\",\"item\":\"https:\\\/\\\/www.cuballama.com\\\/noticias\\\/\"},{\"@type\":\"ListItem\",\"position\":2,\"name\":\"Revelan la causa de muerte de Tim Curry, el actor de \u00abThe Rocky Horror Picture Show\u00bb\"}]},{\"@type\":\"WebSite\",\"@id\":\"https:\\\/\\\/www.cuballama.com\\\/noticias\\\/#website\",\"url\":\"https:\\\/\\\/www.cuballama.com\\\/noticias\\\/\",\"name\":\"Cuballama Noticias\",\"description\":\"Medio digital sobre Cuba y el mundo\",\"publisher\":{\"@id\":\"https:\\\/\\\/www.cuballama.com\\\/noticias\\\/#organization\"},\"potentialAction\":[{\"@type\":\"SearchAction\",\"target\":{\"@type\":\"EntryPoint\",\"urlTemplate\":\"https:\\\/\\\/www.cuballama.com\\\/noticias\\\/?s={search_term_string}\"},\"query-input\":{\"@type\":\"PropertyValueSpecification\",\"valueRequired\":true,\"valueName\":\"search_term_string\"}}],\"inLanguage\":\"es\"},{\"@type\":\"Organization\",\"@id\":\"https:\\\/\\\/www.cuballama.com\\\/noticias\\\/#organization\",\"name\":\"Cuballama\",\"url\":\"https:\\\/\\\/www.cuballama.com\\\/noticias\\\/\",\"logo\":{\"@type\":\"ImageObject\",\"inLanguage\":\"es\",\"@id\":\"https:\\\/\\\/www.cuballama.com\\\/noticias\\\/#\\\/schema\\\/logo\\\/image\\\/\",\"url\":\"https:\\\/\\\/cdn1.mediawpaccore.net\\\/wp-content\\\/uploads\\\/2021\\\/12\\\/28171206\\\/cbll-logo-color-sm.png\",\"contentUrl\":\"https:\\\/\\\/cdn1.mediawpaccore.net\\\/wp-content\\\/uploads\\\/2021\\\/12\\\/28171206\\\/cbll-logo-color-sm.png\",\"width\":600,\"height\":133,\"caption\":\"Cuballama\"},\"image\":{\"@id\":\"https:\\\/\\\/www.cuballama.com\\\/noticias\\\/#\\\/schema\\\/logo\\\/image\\\/\"},\"sameAs\":[\"https:\\\/\\\/www.facebook.com\\\/CubaLlama\",\"https:\\\/\\\/x.com\\\/cuballama\",\"https:\\\/\\\/www.instagram.com\\\/stories\\\/cuballama_oficial\\\/\",\"https:\\\/\\\/www.youtube.com\\\/channel\\\/UCKkFE-d_axENGZcrc4as0IA\"]},{\"@type\":\"Person\",\"@id\":\"https:\\\/\\\/www.cuballama.com\\\/noticias\\\/#\\\/schema\\\/person\\\/a58502ed4146c8e9f83872e897c76cd2\",\"name\":\"Roberto A.\",\"description\":\"Roberto A. Periodista por decisi\u00f3n propia. Interesado en cualquier tema que me apasione y cada vez m\u00e1s comprometido con la verdad y la objetividad period\u00edstica. Graduado en La Habana hace ya muchos a\u00f1os, luego de una accidentada y polvorienta b\u00fasqueda de informaci\u00f3n sobre un tema in\u00e9dito. La Tesis, por cierto, desapareci\u00f3 de la biblioteca y no se conservan copias de la misma.\",\"url\":\"https:\\\/\\\/www.cuballama.com\\\/noticias\\\/author\\\/roberto\\\/\"}]}<\/script>\n<!-- \/ Yoast SEO plugin. -->","yoast_head_json":{"title":"Revelan la causa de muerte de Tim Curry, el actor de \"The Rocky Horror Picture Show\" - Cuballama Noticias","description":"Documentos oficiales revelan que Tim Curry, protagonista de \"The Rocky Horror Picture Show\", muri\u00f3 por una enfermedad coronaria a los 80 a\u00f1os.","robots":{"index":"index","follow":"follow","max-snippet":"max-snippet:-1","max-image-preview":"max-image-preview:large","max-video-preview":"max-video-preview:-1"},"canonical":"https:\/\/www.cuballama.com\/noticias\/revelan-la-causa-de-muerte-de-tim-curry-el-actor-de-the-rocky-horror-picture-show\/","og_locale":"es_ES","og_type":"article","og_title":"Revelan la causa de muerte de Tim Curry, el actor de \"The Rocky Horror Picture Show\" - Cuballama Noticias","og_description":"Documentos oficiales revelan que Tim Curry, protagonista de \"The Rocky Horror Picture Show\", muri\u00f3 por una enfermedad coronaria a los 80 a\u00f1os.","og_url":"https:\/\/www.cuballama.com\/noticias\/revelan-la-causa-de-muerte-de-tim-curry-el-actor-de-the-rocky-horror-picture-show\/","og_site_name":"Cuballama Noticias","article_publisher":"https:\/\/www.facebook.com\/CubaLlama","article_published_time":"2026-09-06T00:27:56+00:00","article_modified_time":"2026-09-06T00:27:58+00:00","og_image":[{"width":990,"height":516,"url":"https:\/\/cdn1.mediawpaccore.net\/wp-content\/uploads\/2026\/09\/03114447\/image-26.png","type":"image\/png"}],"author":"Roberto A.","twitter_card":"summary_large_image","twitter_creator":"@cuballama","twitter_site":"@cuballama","twitter_misc":{"Escrito por":"Roberto A.","Tiempo de lectura":"3 minutos"},"schema":{"@context":"https:\/\/schema.org","@graph":[{"@type":"Article","@id":"https:\/\/www.cuballama.com\/noticias\/revelan-la-causa-de-muerte-de-tim-curry-el-actor-de-the-rocky-horror-picture-show\/#article","isPartOf":{"@id":"https:\/\/www.cuballama.com\/noticias\/revelan-la-causa-de-muerte-de-tim-curry-el-actor-de-the-rocky-horror-picture-show\/"},"author":{"name":"Roberto A.","@id":"https:\/\/www.cuballama.com\/noticias\/#\/schema\/person\/a58502ed4146c8e9f83872e897c76cd2"},"headline":"Revelan la causa de muerte de Tim Curry, el actor de \u00abThe Rocky Horror Picture Show\u00bb","datePublished":"2026-09-06T00:27:56+00:00","dateModified":"2026-09-06T00:27:58+00:00","mainEntityOfPage":{"@id":"https:\/\/www.cuballama.com\/noticias\/revelan-la-causa-de-muerte-de-tim-curry-el-actor-de-the-rocky-horror-picture-show\/"},"wordCount":654,"commentCount":0,"publisher":{"@id":"https:\/\/www.cuballama.com\/noticias\/#organization"},"image":{"@id":"https:\/\/www.cuballama.com\/noticias\/revelan-la-causa-de-muerte-de-tim-curry-el-actor-de-the-rocky-horror-picture-show\/#primaryimage"},"thumbnailUrl":"https:\/\/cdn1.mediawpaccore.net\/wp-content\/uploads\/2026\/09\/03114447\/image-26.png","keywords":["actores fallecidos","causa de muerte","Cine","Far\u00e1ndula","Hollywood","obituario","Rocky Horror Picture Show","Tim Curry"],"articleSection":["Far\u00e1ndula","Noticias"],"inLanguage":"es","potentialAction":[{"@type":"CommentAction","name":"Comment","target":["https:\/\/www.cuballama.com\/noticias\/revelan-la-causa-de-muerte-de-tim-curry-el-actor-de-the-rocky-horror-picture-show\/#respond"]}]},{"@type":"WebPage","@id":"https:\/\/www.cuballama.com\/noticias\/revelan-la-causa-de-muerte-de-tim-curry-el-actor-de-the-rocky-horror-picture-show\/","url":"https:\/\/www.cuballama.com\/noticias\/revelan-la-causa-de-muerte-de-tim-curry-el-actor-de-the-rocky-horror-picture-show\/","name":"Revelan la causa de muerte de Tim Curry, el actor de \"The Rocky Horror Picture Show\" - Cuballama Noticias","isPartOf":{"@id":"https:\/\/www.cuballama.com\/noticias\/#website"},"primaryImageOfPage":{"@id":"https:\/\/www.cuballama.com\/noticias\/revelan-la-causa-de-muerte-de-tim-curry-el-actor-de-the-rocky-horror-picture-show\/#primaryimage"},"image":{"@id":"https:\/\/www.cuballama.com\/noticias\/revelan-la-causa-de-muerte-de-tim-curry-el-actor-de-the-rocky-horror-picture-show\/#primaryimage"},"thumbnailUrl":"https:\/\/cdn1.mediawpaccore.net\/wp-content\/uploads\/2026\/09\/03114447\/image-26.png","datePublished":"2026-09-06T00:27:56+00:00","dateModified":"2026-09-06T00:27:58+00:00","description":"Documentos oficiales revelan que Tim Curry, protagonista de \"The Rocky Horror Picture Show\", muri\u00f3 por una enfermedad coronaria a los 80 a\u00f1os.","breadcrumb":{"@id":"https:\/\/www.cuballama.com\/noticias\/revelan-la-causa-de-muerte-de-tim-curry-el-actor-de-the-rocky-horror-picture-show\/#breadcrumb"},"inLanguage":"es","potentialAction":[{"@type":"ReadAction","target":["https:\/\/www.cuballama.com\/noticias\/revelan-la-causa-de-muerte-de-tim-curry-el-actor-de-the-rocky-horror-picture-show\/"]}]},{"@type":"ImageObject","inLanguage":"es","@id":"https:\/\/www.cuballama.com\/noticias\/revelan-la-causa-de-muerte-de-tim-curry-el-actor-de-the-rocky-horror-picture-show\/#primaryimage","url":"https:\/\/cdn1.mediawpaccore.net\/wp-content\/uploads\/2026\/09\/03114447\/image-26.png","contentUrl":"https:\/\/cdn1.mediawpaccore.net\/wp-content\/uploads\/2026\/09\/03114447\/image-26.png","width":990,"height":516,"caption":"Tim Curry durante el Governor\u2019s Ball de la 47\u00aa edici\u00f3n de los premios Emmy, el 11 de septiembre de 1995. Foto: Alan Light \/ Flickr, bajo licencia Creative Commons Attribution 2.0 (CC BY 2.0). Imagen recortada a partir del archivo original."},{"@type":"BreadcrumbList","@id":"https:\/\/www.cuballama.com\/noticias\/revelan-la-causa-de-muerte-de-tim-curry-el-actor-de-the-rocky-horror-picture-show\/#breadcrumb","itemListElement":[{"@type":"ListItem","position":1,"name":"Home","item":"https:\/\/www.cuballama.com\/noticias\/"},{"@type":"ListItem","position":2,"name":"Revelan la causa de muerte de Tim Curry, el actor de \u00abThe Rocky Horror Picture Show\u00bb"}]},{"@type":"WebSite","@id":"https:\/\/www.cuballama.com\/noticias\/#website","url":"https:\/\/www.cuballama.com\/noticias\/","name":"Cuballama Noticias","description":"Medio digital sobre Cuba y el mundo","publisher":{"@id":"https:\/\/www.cuballama.com\/noticias\/#organization"},"potentialAction":[{"@type":"SearchAction","target":{"@type":"EntryPoint","urlTemplate":"https:\/\/www.cuballama.com\/noticias\/?s={search_term_string}"},"query-input":{"@type":"PropertyValueSpecification","valueRequired":true,"valueName":"search_term_string"}}],"inLanguage":"es"},{"@type":"Organization","@id":"https:\/\/www.cuballama.com\/noticias\/#organization","name":"Cuballama","url":"https:\/\/www.cuballama.com\/noticias\/","logo":{"@type":"ImageObject","inLanguage":"es","@id":"https:\/\/www.cuballama.com\/noticias\/#\/schema\/logo\/image\/","url":"https:\/\/cdn1.mediawpaccore.net\/wp-content\/uploads\/2021\/12\/28171206\/cbll-logo-color-sm.png","contentUrl":"https:\/\/cdn1.mediawpaccore.net\/wp-content\/uploads\/2021\/12\/28171206\/cbll-logo-color-sm.png","width":600,"height":133,"caption":"Cuballama"},"image":{"@id":"https:\/\/www.cuballama.com\/noticias\/#\/schema\/logo\/image\/"},"sameAs":["https:\/\/www.facebook.com\/CubaLlama","https:\/\/x.com\/cuballama","https:\/\/www.instagram.com\/stories\/cuballama_oficial\/","https:\/\/www.youtube.com\/channel\/UCKkFE-d_axENGZcrc4as0IA"]},{"@type":"Person","@id":"https:\/\/www.cuballama.com\/noticias\/#\/schema\/person\/a58502ed4146c8e9f83872e897c76cd2","name":"Roberto A.","description":"Roberto A. Periodista por decisi\u00f3n propia. Interesado en cualquier tema que me apasione y cada vez m\u00e1s comprometido con la verdad y la objetividad period\u00edstica. Graduado en La Habana hace ya muchos a\u00f1os, luego de una accidentada y polvorienta b\u00fasqueda de informaci\u00f3n sobre un tema in\u00e9dito. La Tesis, por cierto, desapareci\u00f3 de la biblioteca y no se conservan copias de la misma.","url":"https:\/\/www.cuballama.com\/noticias\/author\/roberto\/"}]}},"_links":{"self":[{"href":"https:\/\/www.cuballama.com\/noticias\/wp-json\/wp\/v2\/posts\/256003","targetHints":{"allow":["GET"]}}],"collection":[{"href":"https:\/\/www.cuballama.com\/noticias\/wp-json\/wp\/v2\/posts"}],"about":[{"href":"https:\/\/www.cuballama.com\/noticias\/wp-json\/wp\/v2\/types\/post"}],"author":[{"embeddable":true,"href":"https:\/\/www.cuballama.com\/noticias\/wp-json\/wp\/v2\/users\/13"}],"replies":[{"embeddable":true,"href":"https:\/\/www.cuballama.com\/noticias\/wp-json\/wp\/v2\/comments?post=256003"}],"version-history":[{"count":3,"href":"https:\/\/www.cuballama.com\/noticias\/wp-json\/wp\/v2\/posts\/256003\/revisions"}],"predecessor-version":[{"id":256058,"href":"https:\/\/www.cuballama.com\/noticias\/wp-json\/wp\/v2\/posts\/256003\/revisions\/256058"}],"wp:featuredmedia":[{"embeddable":true,"href":"https:\/\/www.cuballama.com\/noticias\/wp-json\/wp\/v2\/media\/256055"}],"wp:attachment":[{"href":"https:\/\/www.cuballama.com\/noticias\/wp-json\/wp\/v2\/media?parent=256003"}],"wp:term":[{"taxonomy":"category","embeddable":true,"href":"https:\/\/www.cuballama.com\/noticias\/wp-json\/wp\/v2\/categories?post=256003"},{"taxonomy":"post_tag","embeddable":true,"href":"https:\/\/www.cuballama.com\/noticias\/wp-json\/wp\/v2\/tags?post=256003"}],"curies":[{"name":"wp","href":"https:\/\/api.w.org\/{rel}","templated":true}]}}