{"id":255995,"date":"2026-09-04T15:31:26","date_gmt":"2026-09-04T19:31:26","guid":{"rendered":"https:\/\/www.cuballama.com\/noticias\/?p=255995"},"modified":"2026-09-04T15:31:30","modified_gmt":"2026-09-04T19:31:30","slug":"no-era-culpa-del-bloqueo-entonces-cuba-aprueba-decreto-para-que-empresas-privadas-puedan-tener-mas-de-100-empleados","status":"publish","type":"post","link":"https:\/\/www.cuballama.com\/noticias\/no-era-culpa-del-bloqueo-entonces-cuba-aprueba-decreto-para-que-empresas-privadas-puedan-tener-mas-de-100-empleados\/","title":{"rendered":"No era culpa del bloqueo entonces. Cuba aprueba decreto para que empresas privadas puedan tener m\u00e1s de 100 empleados"},"content":{"rendered":"\n<h2 class=\"wp-block-heading\">Cuba: el r\u00e9gimen permite empresas privadas con m\u00e1s de 100 trabajadores. El reciente decreto busca fomentar el crecimiento econ\u00f3mico, aunque el control estatal sigue siendo fuerte.<\/h2>\n\n\n\n<h2 class=\"wp-block-heading\">El nuevo decreto permite por primera vez que las empresas privadas cubanas superen los 100 trabajadores, una restricci\u00f3n que durante a\u00f1os el propio r\u00e9gimen impuso por decisi\u00f3n pol\u00edtica y que ahora reconoce poder levantar sin necesidad de que cambie el embargo estadounidense.<\/h2>\n\n\n\n<p class=\"wp-block-paragraph\">El r\u00e9gimen cubano ha dado un paso significativo en su pol\u00edtica econ\u00f3mica al aprobar un decreto que permite, por primera vez, la creaci\u00f3n de empresas privadas con m\u00e1s de 100 empleados. La medida, presentada por las autoridades como un intento de estimular el crecimiento econ\u00f3mico y generar empleo, pone tambi\u00e9n en evidencia un dato inc\u00f3modo para el discurso oficial: el l\u00edmite al tama\u00f1o de las empresas privadas no era una consecuencia del embargo estadounidense, como durante d\u00e9cadas ha sostenido el r\u00e9gimen, sino una restricci\u00f3n autoimpuesta que el propio Estado ha decidido levantar cuando lo ha considerado conveniente.<\/p>\n\n\n\n<p class=\"wp-block-paragraph\">Hasta ahora, la iniciativa privada en Cuba estaba pr\u00e1cticamente circunscrita a peque\u00f1os negocios familiares y cooperativas, con topes de empleados fijados por el propio gobierno. La posibilidad de operar empresas con m\u00e1s de 100 trabajadores representa una novedad en un pa\u00eds donde el sector privado ha estado hist\u00f3ricamente subordinado al control estatal, no por mandato de terceros, sino por dise\u00f1o de la propia pol\u00edtica econ\u00f3mica cubana.<\/p>\n\n\n\n<p class=\"wp-block-paragraph\">El decreto se enmarca dentro de una serie de reformas econ\u00f3micas implementadas en los \u00faltimos a\u00f1os y busca facilitar la inversi\u00f3n privada y diversificar una econom\u00eda que ha estado dominada hist\u00f3ricamente por el sector estatal. El r\u00e9gimen espera que la nueva normativa ayude a revitalizar sectores productivos como el turismo, la agricultura y la manufactura, golpeados con particular dureza por la crisis econ\u00f3mica y por la pandemia de covid-19, y que contribuya a generar empleo en un pa\u00eds donde la tasa de desempleo ha aumentado en los \u00faltimos a\u00f1os.<\/p>\n\n\n\n<p class=\"wp-block-paragraph\">El anuncio ha sido recibido con inter\u00e9s por analistas y empresarios, que ven en la decisi\u00f3n una oportunidad para fomentar la iniciativa privada y atraer inversiones. Sin embargo, el control del r\u00e9gimen sobre estas nuevas empresas seguir\u00e1 siendo riguroso: la normativa establece un marco regulatorio estricto que limita la autonom\u00eda y la capacidad de crecimiento real de los emprendedores, lo que abre interrogantes sobre el verdadero alcance de la apertura.<\/p>\n\n\n\n<p class=\"wp-block-paragraph\">El contexto en el que llega la medida es complejo. La econom\u00eda cubana lleva varios a\u00f1os en recesi\u00f3n, y a las sanciones internacionales y la falta de inversi\u00f3n extranjera se suma una gesti\u00f3n interna que numerosos analistas califican de ineficaz. La implementaci\u00f3n del decreto coincide adem\u00e1s con un creciente descontento social por la escasez de alimentos, medicinas y otros bienes b\u00e1sicos, por lo que la apertura a empresas privadas de mayor tama\u00f1o tambi\u00e9n puede leerse como un intento del r\u00e9gimen de aliviar las tensiones sociales sin ceder en el terreno de las libertades econ\u00f3micas y pol\u00edticas.<\/p>\n\n\n\n<p class=\"wp-block-paragraph\">Expertos en econom\u00eda cubana advierten que, si bien la medida puede suponer un paso positivo, la falta de un marco legal claro, la inflaci\u00f3n, la escasez de insumos, la ineficiencia administrativa y la continua represi\u00f3n de la disidencia podr\u00edan limitar su impacto real. La historia reciente de Cuba est\u00e1 marcada por reformas econ\u00f3micas anunciadas con expectativas de apertura que terminaron revertidas ante la presi\u00f3n pol\u00edtica y social, sin que se produjera el cambio estructural necesario para sostenerlas en el tiempo.<\/p>\n\n\n\n<p class=\"wp-block-paragraph\">En el fondo, el propio decreto desmonta parte de la narrativa oficial: si el r\u00e9gimen puede autorizar hoy, por decisi\u00f3n propia, que las empresas privadas superen los 100 empleados, es porque el techo que mantuvo durante a\u00f1os a esas empresas limitadas a negocios peque\u00f1os no depend\u00eda del bloqueo estadounidense, sino de una elecci\u00f3n pol\u00edtica interna que ahora, ante la profundidad de la crisis, se ha visto obligada a modificar.<\/p>\n\n\n\n<p class=\"wp-block-paragraph\">En conclusi\u00f3n, el nuevo decreto que permite empresas privadas con m\u00e1s de 100 empleados es un intento del r\u00e9gimen cubano de revitalizar la econom\u00eda en medio de una crisis prolongada. Su efectividad depender\u00e1 de si el Estado logra equilibrar el control que insiste en mantener con la apertura real que la inversi\u00f3n y el emprendimiento necesitan para prosperar, y de si las autoridades reconocen que buena parte de las restricciones que han asfixiado a la iniciativa privada cubana han sido, como demuestra esta misma medida, decisiones propias antes que imposiciones externas.<\/p>\n\n\n\n<p class=\"wp-block-paragraph\">[FUENTES]<br><a href=\"https:\/\/news.google.com\/rss\/articles\/CBMilwFBVV95cUxQVFduTUxEdkpuSGFCaFJLaXhzaXlzM2dLVDMxZUxTUkJUcEVTSU5UUk1lalBHaF9KdXk3VHNWakdzdktSRUt4bVpKMVZmaGpfall5UXB1MEdGODkyd0NNWW04X3hveE9Lb2g5REJ4YUhBc3REMUEwMFFyNmN2MnNZRl9MZl8zV2pUM2cxMTk2ZVczM09DTVhN0gGXAUFVX3lxTE1sMzdoeXZwRWpHY00xMGFGbzdCajdMX1p6SUt1b1Y5WUVEQlJyVm1QeVhmaVpsa0djcFVIUkE5QkpCaFYtanV3TTNZdFg4dlRjcXZHNlFhdWJvSHhRSG9LOGwwYmlCcFBQOEtCTG02MmtsZmNpY09nNnV2TnZhR0IxTjB1Zl9SWHRnN1NsVkJhbDlDenBmVlk?oc=5\" target=\"_blank\" rel=\"noreferrer noopener nofollow\">Milenio, \u00abCuba aprueba decreto para la creaci\u00f3n de empresas privadas con m\u00e1s de 100 empleados\u00bb <\/a><\/p>\n\n\n\n<p class=\"wp-block-paragraph\"><a href=\"https:\/\/news.google.com\/rss\/articles\/CBMirgJBVV95cUxPVkROdWNuWW5NdGQ4UlJtdjU3aEVfOGhhWndySDd6bWx3cHpNWXdMMjhiRzVPNld3ZVhrcThaREo1ekVRdEJ2YWszVU9pel9lOEp4Y1NaTHZhVDl4N2g3ckRJdzRqVjVWRzNFWHJZWU5xMm43b2dxQ19Fa1l6Q3BpWmdxbl9ZYll3NThuWTQ2bjhEN18yMzNiRENjNmQtNG9Ndk1jaXdpQTNKT1NncV9wWE1EX3FSRXd6XzZzR05abXZ3aFVnM3QxMnF4WDF1dlg3VloyS0ZuS2pJRG1ZSFZGRnhBN182ZzF0eTkyamlZWXhUeGNTRVRieUxUTTBDOC1GV3dSOFVJZkozU01zazY1dUcxUGcyVFhYTl9SVmJWZUkyaGIwdC15Z0xWYWIyQQ?oc=5\" target=\"_blank\" rel=\"noreferrer noopener\">El Pa\u00eds Uruguay, \u00abNuevo giro en la econom\u00eda cubana: el r\u00e9gimen da luz verde a empresas privadas con m\u00e1s de 100 empleados\u00bb<\/a><\/p>\n\n\n\n<p class=\"wp-block-paragraph\"><\/p>\n","protected":false},"excerpt":{"rendered":"<p>El r\u00e9gimen de la isla ha aprobado un nuevo decreto que permite la creaci\u00f3n de empresas privadas con m\u00e1s de 100 empleados. Este cambio busca impulsar la econom\u00eda cubana, aunque el control estatal permanece.<\/p>\n","protected":false},"author":13,"featured_media":256001,"comment_status":"open","ping_status":"closed","sticky":false,"template":"","format":"standard","meta":{"_acf_changed":false,"footnotes":""},"categories":[18,955],"tags":[2439,6354,11,2160,37866,6948,1491,956,18515,8624,4549,9815],"class_list":["post-255995","post","type-post","status-publish","format-standard","has-post-thumbnail","category-noticias","category-noticias-de-cuba","tag-bloqueo","tag-crisis-economica","tag-cuba","tag-decreto","tag-desarrollo-economico","tag-economia-cubana","tag-embargo","tag-empleo","tag-empresas-privadas","tag-inversion","tag-reformas","tag-regimen-cubano"],"acf":[],"yoast_head":"<!-- This site is optimized with the Yoast SEO plugin v28.3 - https:\/\/yoast.com\/product\/yoast-seo-wordpress\/ -->\n<title>No era culpa del bloqueo entonces. Cuba aprueba decreto para que empresas privadas puedan tener m\u00e1s de 100 empleados - Cuballama Noticias<\/title>\n<meta name=\"description\" content=\"El r\u00e9gimen cubano aprueba un decreto que permite la creaci\u00f3n de empresas privadas con m\u00e1s de 100 empleados, buscando impulsar la econom\u00eda.\" \/>\n<meta name=\"robots\" content=\"index, follow, max-snippet:-1, max-image-preview:large, max-video-preview:-1\" \/>\n<link rel=\"canonical\" href=\"https:\/\/www.cuballama.com\/noticias\/no-era-culpa-del-bloqueo-entonces-cuba-aprueba-decreto-para-que-empresas-privadas-puedan-tener-mas-de-100-empleados\/\" \/>\n<meta property=\"og:locale\" content=\"es_ES\" \/>\n<meta property=\"og:type\" content=\"article\" \/>\n<meta property=\"og:title\" content=\"No era culpa del bloqueo entonces. Cuba aprueba decreto para que empresas privadas puedan tener m\u00e1s de 100 empleados - Cuballama Noticias\" \/>\n<meta property=\"og:description\" content=\"El r\u00e9gimen cubano aprueba un decreto que permite la creaci\u00f3n de empresas privadas con m\u00e1s de 100 empleados, buscando impulsar la econom\u00eda.\" \/>\n<meta property=\"og:url\" content=\"https:\/\/www.cuballama.com\/noticias\/no-era-culpa-del-bloqueo-entonces-cuba-aprueba-decreto-para-que-empresas-privadas-puedan-tener-mas-de-100-empleados\/\" \/>\n<meta property=\"og:site_name\" content=\"Cuballama Noticias\" \/>\n<meta property=\"article:publisher\" content=\"https:\/\/www.facebook.com\/CubaLlama\" \/>\n<meta property=\"article:published_time\" content=\"2026-09-04T19:31:26+00:00\" \/>\n<meta property=\"article:modified_time\" content=\"2026-09-04T19:31:30+00:00\" \/>\n<meta property=\"og:image\" content=\"https:\/\/cdn1.mediawpaccore.net\/wp-content\/uploads\/2026\/09\/03095648\/image-19.png\" \/>\n\t<meta property=\"og:image:width\" content=\"1024\" \/>\n\t<meta property=\"og:image:height\" content=\"538\" \/>\n\t<meta property=\"og:image:type\" content=\"image\/png\" \/>\n<meta name=\"author\" content=\"Roberto A.\" \/>\n<meta name=\"twitter:card\" content=\"summary_large_image\" \/>\n<meta name=\"twitter:creator\" content=\"@cuballama\" \/>\n<meta name=\"twitter:site\" content=\"@cuballama\" \/>\n<meta name=\"twitter:label1\" content=\"Escrito por\" \/>\n\t<meta name=\"twitter:data1\" content=\"Roberto A.\" \/>\n\t<meta name=\"twitter:label2\" content=\"Tiempo de lectura\" \/>\n\t<meta name=\"twitter:data2\" content=\"4 minutos\" \/>\n<script type=\"application\/ld+json\" class=\"yoast-schema-graph\">{\"@context\":\"https:\\\/\\\/schema.org\",\"@graph\":[{\"@type\":\"Article\",\"@id\":\"https:\\\/\\\/www.cuballama.com\\\/noticias\\\/no-era-culpa-del-bloqueo-entonces-cuba-aprueba-decreto-para-que-empresas-privadas-puedan-tener-mas-de-100-empleados\\\/#article\",\"isPartOf\":{\"@id\":\"https:\\\/\\\/www.cuballama.com\\\/noticias\\\/no-era-culpa-del-bloqueo-entonces-cuba-aprueba-decreto-para-que-empresas-privadas-puedan-tener-mas-de-100-empleados\\\/\"},\"author\":{\"name\":\"Roberto A.\",\"@id\":\"https:\\\/\\\/www.cuballama.com\\\/noticias\\\/#\\\/schema\\\/person\\\/a58502ed4146c8e9f83872e897c76cd2\"},\"headline\":\"No era culpa del bloqueo entonces. Cuba aprueba decreto para que empresas privadas puedan tener m\u00e1s de 100 empleados\",\"datePublished\":\"2026-09-04T19:31:26+00:00\",\"dateModified\":\"2026-09-04T19:31:30+00:00\",\"mainEntityOfPage\":{\"@id\":\"https:\\\/\\\/www.cuballama.com\\\/noticias\\\/no-era-culpa-del-bloqueo-entonces-cuba-aprueba-decreto-para-que-empresas-privadas-puedan-tener-mas-de-100-empleados\\\/\"},\"wordCount\":855,\"commentCount\":0,\"publisher\":{\"@id\":\"https:\\\/\\\/www.cuballama.com\\\/noticias\\\/#organization\"},\"image\":{\"@id\":\"https:\\\/\\\/www.cuballama.com\\\/noticias\\\/no-era-culpa-del-bloqueo-entonces-cuba-aprueba-decreto-para-que-empresas-privadas-puedan-tener-mas-de-100-empleados\\\/#primaryimage\"},\"thumbnailUrl\":\"https:\\\/\\\/cdn1.mediawpaccore.net\\\/wp-content\\\/uploads\\\/2026\\\/09\\\/03095648\\\/image-19.png\",\"keywords\":[\"Bloqueo\",\"crisis econ\u00f3mica\",\"Cuba\",\"decreto\",\"desarrollo econ\u00f3mico\",\"econom\u00eda cubana\",\"Embargo\",\"empleo\",\"Empresas privadas\",\"inversi\u00f3n\",\"Reformas\",\"R\u00e9gimen cubano\"],\"articleSection\":[\"Noticias\",\"Noticias de Cuba\"],\"inLanguage\":\"es\",\"potentialAction\":[{\"@type\":\"CommentAction\",\"name\":\"Comment\",\"target\":[\"https:\\\/\\\/www.cuballama.com\\\/noticias\\\/no-era-culpa-del-bloqueo-entonces-cuba-aprueba-decreto-para-que-empresas-privadas-puedan-tener-mas-de-100-empleados\\\/#respond\"]}]},{\"@type\":\"WebPage\",\"@id\":\"https:\\\/\\\/www.cuballama.com\\\/noticias\\\/no-era-culpa-del-bloqueo-entonces-cuba-aprueba-decreto-para-que-empresas-privadas-puedan-tener-mas-de-100-empleados\\\/\",\"url\":\"https:\\\/\\\/www.cuballama.com\\\/noticias\\\/no-era-culpa-del-bloqueo-entonces-cuba-aprueba-decreto-para-que-empresas-privadas-puedan-tener-mas-de-100-empleados\\\/\",\"name\":\"No era culpa del bloqueo entonces. Cuba aprueba decreto para que empresas privadas puedan tener m\u00e1s de 100 empleados - Cuballama Noticias\",\"isPartOf\":{\"@id\":\"https:\\\/\\\/www.cuballama.com\\\/noticias\\\/#website\"},\"primaryImageOfPage\":{\"@id\":\"https:\\\/\\\/www.cuballama.com\\\/noticias\\\/no-era-culpa-del-bloqueo-entonces-cuba-aprueba-decreto-para-que-empresas-privadas-puedan-tener-mas-de-100-empleados\\\/#primaryimage\"},\"image\":{\"@id\":\"https:\\\/\\\/www.cuballama.com\\\/noticias\\\/no-era-culpa-del-bloqueo-entonces-cuba-aprueba-decreto-para-que-empresas-privadas-puedan-tener-mas-de-100-empleados\\\/#primaryimage\"},\"thumbnailUrl\":\"https:\\\/\\\/cdn1.mediawpaccore.net\\\/wp-content\\\/uploads\\\/2026\\\/09\\\/03095648\\\/image-19.png\",\"datePublished\":\"2026-09-04T19:31:26+00:00\",\"dateModified\":\"2026-09-04T19:31:30+00:00\",\"description\":\"El r\u00e9gimen cubano aprueba un decreto que permite la creaci\u00f3n de empresas privadas con m\u00e1s de 100 empleados, buscando impulsar la econom\u00eda.\",\"breadcrumb\":{\"@id\":\"https:\\\/\\\/www.cuballama.com\\\/noticias\\\/no-era-culpa-del-bloqueo-entonces-cuba-aprueba-decreto-para-que-empresas-privadas-puedan-tener-mas-de-100-empleados\\\/#breadcrumb\"},\"inLanguage\":\"es\",\"potentialAction\":[{\"@type\":\"ReadAction\",\"target\":[\"https:\\\/\\\/www.cuballama.com\\\/noticias\\\/no-era-culpa-del-bloqueo-entonces-cuba-aprueba-decreto-para-que-empresas-privadas-puedan-tener-mas-de-100-empleados\\\/\"]}]},{\"@type\":\"ImageObject\",\"inLanguage\":\"es\",\"@id\":\"https:\\\/\\\/www.cuballama.com\\\/noticias\\\/no-era-culpa-del-bloqueo-entonces-cuba-aprueba-decreto-para-que-empresas-privadas-puedan-tener-mas-de-100-empleados\\\/#primaryimage\",\"url\":\"https:\\\/\\\/cdn1.mediawpaccore.net\\\/wp-content\\\/uploads\\\/2026\\\/09\\\/03095648\\\/image-19.png\",\"contentUrl\":\"https:\\\/\\\/cdn1.mediawpaccore.net\\\/wp-content\\\/uploads\\\/2026\\\/09\\\/03095648\\\/image-19.png\",\"width\":1024,\"height\":538,\"caption\":\"Foto: Generada por la IA\"},{\"@type\":\"BreadcrumbList\",\"@id\":\"https:\\\/\\\/www.cuballama.com\\\/noticias\\\/no-era-culpa-del-bloqueo-entonces-cuba-aprueba-decreto-para-que-empresas-privadas-puedan-tener-mas-de-100-empleados\\\/#breadcrumb\",\"itemListElement\":[{\"@type\":\"ListItem\",\"position\":1,\"name\":\"Home\",\"item\":\"https:\\\/\\\/www.cuballama.com\\\/noticias\\\/\"},{\"@type\":\"ListItem\",\"position\":2,\"name\":\"No era culpa del bloqueo entonces. Cuba aprueba decreto para que empresas privadas puedan tener m\u00e1s de 100 empleados\"}]},{\"@type\":\"WebSite\",\"@id\":\"https:\\\/\\\/www.cuballama.com\\\/noticias\\\/#website\",\"url\":\"https:\\\/\\\/www.cuballama.com\\\/noticias\\\/\",\"name\":\"Cuballama Noticias\",\"description\":\"Medio digital sobre Cuba y el mundo\",\"publisher\":{\"@id\":\"https:\\\/\\\/www.cuballama.com\\\/noticias\\\/#organization\"},\"potentialAction\":[{\"@type\":\"SearchAction\",\"target\":{\"@type\":\"EntryPoint\",\"urlTemplate\":\"https:\\\/\\\/www.cuballama.com\\\/noticias\\\/?s={search_term_string}\"},\"query-input\":{\"@type\":\"PropertyValueSpecification\",\"valueRequired\":true,\"valueName\":\"search_term_string\"}}],\"inLanguage\":\"es\"},{\"@type\":\"Organization\",\"@id\":\"https:\\\/\\\/www.cuballama.com\\\/noticias\\\/#organization\",\"name\":\"Cuballama\",\"url\":\"https:\\\/\\\/www.cuballama.com\\\/noticias\\\/\",\"logo\":{\"@type\":\"ImageObject\",\"inLanguage\":\"es\",\"@id\":\"https:\\\/\\\/www.cuballama.com\\\/noticias\\\/#\\\/schema\\\/logo\\\/image\\\/\",\"url\":\"https:\\\/\\\/cdn1.mediawpaccore.net\\\/wp-content\\\/uploads\\\/2021\\\/12\\\/28171206\\\/cbll-logo-color-sm.png\",\"contentUrl\":\"https:\\\/\\\/cdn1.mediawpaccore.net\\\/wp-content\\\/uploads\\\/2021\\\/12\\\/28171206\\\/cbll-logo-color-sm.png\",\"width\":600,\"height\":133,\"caption\":\"Cuballama\"},\"image\":{\"@id\":\"https:\\\/\\\/www.cuballama.com\\\/noticias\\\/#\\\/schema\\\/logo\\\/image\\\/\"},\"sameAs\":[\"https:\\\/\\\/www.facebook.com\\\/CubaLlama\",\"https:\\\/\\\/x.com\\\/cuballama\",\"https:\\\/\\\/www.instagram.com\\\/stories\\\/cuballama_oficial\\\/\",\"https:\\\/\\\/www.youtube.com\\\/channel\\\/UCKkFE-d_axENGZcrc4as0IA\"]},{\"@type\":\"Person\",\"@id\":\"https:\\\/\\\/www.cuballama.com\\\/noticias\\\/#\\\/schema\\\/person\\\/a58502ed4146c8e9f83872e897c76cd2\",\"name\":\"Roberto A.\",\"description\":\"Roberto A. Periodista por decisi\u00f3n propia. Interesado en cualquier tema que me apasione y cada vez m\u00e1s comprometido con la verdad y la objetividad period\u00edstica. Graduado en La Habana hace ya muchos a\u00f1os, luego de una accidentada y polvorienta b\u00fasqueda de informaci\u00f3n sobre un tema in\u00e9dito. La Tesis, por cierto, desapareci\u00f3 de la biblioteca y no se conservan copias de la misma.\",\"url\":\"https:\\\/\\\/www.cuballama.com\\\/noticias\\\/author\\\/roberto\\\/\"}]}<\/script>\n<!-- \/ Yoast SEO plugin. -->","yoast_head_json":{"title":"No era culpa del bloqueo entonces. Cuba aprueba decreto para que empresas privadas puedan tener m\u00e1s de 100 empleados - Cuballama Noticias","description":"El r\u00e9gimen cubano aprueba un decreto que permite la creaci\u00f3n de empresas privadas con m\u00e1s de 100 empleados, buscando impulsar la econom\u00eda.","robots":{"index":"index","follow":"follow","max-snippet":"max-snippet:-1","max-image-preview":"max-image-preview:large","max-video-preview":"max-video-preview:-1"},"canonical":"https:\/\/www.cuballama.com\/noticias\/no-era-culpa-del-bloqueo-entonces-cuba-aprueba-decreto-para-que-empresas-privadas-puedan-tener-mas-de-100-empleados\/","og_locale":"es_ES","og_type":"article","og_title":"No era culpa del bloqueo entonces. Cuba aprueba decreto para que empresas privadas puedan tener m\u00e1s de 100 empleados - Cuballama Noticias","og_description":"El r\u00e9gimen cubano aprueba un decreto que permite la creaci\u00f3n de empresas privadas con m\u00e1s de 100 empleados, buscando impulsar la econom\u00eda.","og_url":"https:\/\/www.cuballama.com\/noticias\/no-era-culpa-del-bloqueo-entonces-cuba-aprueba-decreto-para-que-empresas-privadas-puedan-tener-mas-de-100-empleados\/","og_site_name":"Cuballama Noticias","article_publisher":"https:\/\/www.facebook.com\/CubaLlama","article_published_time":"2026-09-04T19:31:26+00:00","article_modified_time":"2026-09-04T19:31:30+00:00","og_image":[{"width":1024,"height":538,"url":"https:\/\/cdn1.mediawpaccore.net\/wp-content\/uploads\/2026\/09\/03095648\/image-19.png","type":"image\/png"}],"author":"Roberto A.","twitter_card":"summary_large_image","twitter_creator":"@cuballama","twitter_site":"@cuballama","twitter_misc":{"Escrito por":"Roberto A.","Tiempo de lectura":"4 minutos"},"schema":{"@context":"https:\/\/schema.org","@graph":[{"@type":"Article","@id":"https:\/\/www.cuballama.com\/noticias\/no-era-culpa-del-bloqueo-entonces-cuba-aprueba-decreto-para-que-empresas-privadas-puedan-tener-mas-de-100-empleados\/#article","isPartOf":{"@id":"https:\/\/www.cuballama.com\/noticias\/no-era-culpa-del-bloqueo-entonces-cuba-aprueba-decreto-para-que-empresas-privadas-puedan-tener-mas-de-100-empleados\/"},"author":{"name":"Roberto A.","@id":"https:\/\/www.cuballama.com\/noticias\/#\/schema\/person\/a58502ed4146c8e9f83872e897c76cd2"},"headline":"No era culpa del bloqueo entonces. Cuba aprueba decreto para que empresas privadas puedan tener m\u00e1s de 100 empleados","datePublished":"2026-09-04T19:31:26+00:00","dateModified":"2026-09-04T19:31:30+00:00","mainEntityOfPage":{"@id":"https:\/\/www.cuballama.com\/noticias\/no-era-culpa-del-bloqueo-entonces-cuba-aprueba-decreto-para-que-empresas-privadas-puedan-tener-mas-de-100-empleados\/"},"wordCount":855,"commentCount":0,"publisher":{"@id":"https:\/\/www.cuballama.com\/noticias\/#organization"},"image":{"@id":"https:\/\/www.cuballama.com\/noticias\/no-era-culpa-del-bloqueo-entonces-cuba-aprueba-decreto-para-que-empresas-privadas-puedan-tener-mas-de-100-empleados\/#primaryimage"},"thumbnailUrl":"https:\/\/cdn1.mediawpaccore.net\/wp-content\/uploads\/2026\/09\/03095648\/image-19.png","keywords":["Bloqueo","crisis econ\u00f3mica","Cuba","decreto","desarrollo econ\u00f3mico","econom\u00eda cubana","Embargo","empleo","Empresas privadas","inversi\u00f3n","Reformas","R\u00e9gimen cubano"],"articleSection":["Noticias","Noticias de Cuba"],"inLanguage":"es","potentialAction":[{"@type":"CommentAction","name":"Comment","target":["https:\/\/www.cuballama.com\/noticias\/no-era-culpa-del-bloqueo-entonces-cuba-aprueba-decreto-para-que-empresas-privadas-puedan-tener-mas-de-100-empleados\/#respond"]}]},{"@type":"WebPage","@id":"https:\/\/www.cuballama.com\/noticias\/no-era-culpa-del-bloqueo-entonces-cuba-aprueba-decreto-para-que-empresas-privadas-puedan-tener-mas-de-100-empleados\/","url":"https:\/\/www.cuballama.com\/noticias\/no-era-culpa-del-bloqueo-entonces-cuba-aprueba-decreto-para-que-empresas-privadas-puedan-tener-mas-de-100-empleados\/","name":"No era culpa del bloqueo entonces. Cuba aprueba decreto para que empresas privadas puedan tener m\u00e1s de 100 empleados - Cuballama Noticias","isPartOf":{"@id":"https:\/\/www.cuballama.com\/noticias\/#website"},"primaryImageOfPage":{"@id":"https:\/\/www.cuballama.com\/noticias\/no-era-culpa-del-bloqueo-entonces-cuba-aprueba-decreto-para-que-empresas-privadas-puedan-tener-mas-de-100-empleados\/#primaryimage"},"image":{"@id":"https:\/\/www.cuballama.com\/noticias\/no-era-culpa-del-bloqueo-entonces-cuba-aprueba-decreto-para-que-empresas-privadas-puedan-tener-mas-de-100-empleados\/#primaryimage"},"thumbnailUrl":"https:\/\/cdn1.mediawpaccore.net\/wp-content\/uploads\/2026\/09\/03095648\/image-19.png","datePublished":"2026-09-04T19:31:26+00:00","dateModified":"2026-09-04T19:31:30+00:00","description":"El r\u00e9gimen cubano aprueba un decreto que permite la creaci\u00f3n de empresas privadas con m\u00e1s de 100 empleados, buscando impulsar la econom\u00eda.","breadcrumb":{"@id":"https:\/\/www.cuballama.com\/noticias\/no-era-culpa-del-bloqueo-entonces-cuba-aprueba-decreto-para-que-empresas-privadas-puedan-tener-mas-de-100-empleados\/#breadcrumb"},"inLanguage":"es","potentialAction":[{"@type":"ReadAction","target":["https:\/\/www.cuballama.com\/noticias\/no-era-culpa-del-bloqueo-entonces-cuba-aprueba-decreto-para-que-empresas-privadas-puedan-tener-mas-de-100-empleados\/"]}]},{"@type":"ImageObject","inLanguage":"es","@id":"https:\/\/www.cuballama.com\/noticias\/no-era-culpa-del-bloqueo-entonces-cuba-aprueba-decreto-para-que-empresas-privadas-puedan-tener-mas-de-100-empleados\/#primaryimage","url":"https:\/\/cdn1.mediawpaccore.net\/wp-content\/uploads\/2026\/09\/03095648\/image-19.png","contentUrl":"https:\/\/cdn1.mediawpaccore.net\/wp-content\/uploads\/2026\/09\/03095648\/image-19.png","width":1024,"height":538,"caption":"Foto: Generada por la IA"},{"@type":"BreadcrumbList","@id":"https:\/\/www.cuballama.com\/noticias\/no-era-culpa-del-bloqueo-entonces-cuba-aprueba-decreto-para-que-empresas-privadas-puedan-tener-mas-de-100-empleados\/#breadcrumb","itemListElement":[{"@type":"ListItem","position":1,"name":"Home","item":"https:\/\/www.cuballama.com\/noticias\/"},{"@type":"ListItem","position":2,"name":"No era culpa del bloqueo entonces. Cuba aprueba decreto para que empresas privadas puedan tener m\u00e1s de 100 empleados"}]},{"@type":"WebSite","@id":"https:\/\/www.cuballama.com\/noticias\/#website","url":"https:\/\/www.cuballama.com\/noticias\/","name":"Cuballama Noticias","description":"Medio digital sobre Cuba y el mundo","publisher":{"@id":"https:\/\/www.cuballama.com\/noticias\/#organization"},"potentialAction":[{"@type":"SearchAction","target":{"@type":"EntryPoint","urlTemplate":"https:\/\/www.cuballama.com\/noticias\/?s={search_term_string}"},"query-input":{"@type":"PropertyValueSpecification","valueRequired":true,"valueName":"search_term_string"}}],"inLanguage":"es"},{"@type":"Organization","@id":"https:\/\/www.cuballama.com\/noticias\/#organization","name":"Cuballama","url":"https:\/\/www.cuballama.com\/noticias\/","logo":{"@type":"ImageObject","inLanguage":"es","@id":"https:\/\/www.cuballama.com\/noticias\/#\/schema\/logo\/image\/","url":"https:\/\/cdn1.mediawpaccore.net\/wp-content\/uploads\/2021\/12\/28171206\/cbll-logo-color-sm.png","contentUrl":"https:\/\/cdn1.mediawpaccore.net\/wp-content\/uploads\/2021\/12\/28171206\/cbll-logo-color-sm.png","width":600,"height":133,"caption":"Cuballama"},"image":{"@id":"https:\/\/www.cuballama.com\/noticias\/#\/schema\/logo\/image\/"},"sameAs":["https:\/\/www.facebook.com\/CubaLlama","https:\/\/x.com\/cuballama","https:\/\/www.instagram.com\/stories\/cuballama_oficial\/","https:\/\/www.youtube.com\/channel\/UCKkFE-d_axENGZcrc4as0IA"]},{"@type":"Person","@id":"https:\/\/www.cuballama.com\/noticias\/#\/schema\/person\/a58502ed4146c8e9f83872e897c76cd2","name":"Roberto A.","description":"Roberto A. Periodista por decisi\u00f3n propia. Interesado en cualquier tema que me apasione y cada vez m\u00e1s comprometido con la verdad y la objetividad period\u00edstica. Graduado en La Habana hace ya muchos a\u00f1os, luego de una accidentada y polvorienta b\u00fasqueda de informaci\u00f3n sobre un tema in\u00e9dito. La Tesis, por cierto, desapareci\u00f3 de la biblioteca y no se conservan copias de la misma.","url":"https:\/\/www.cuballama.com\/noticias\/author\/roberto\/"}]}},"_links":{"self":[{"href":"https:\/\/www.cuballama.com\/noticias\/wp-json\/wp\/v2\/posts\/255995","targetHints":{"allow":["GET"]}}],"collection":[{"href":"https:\/\/www.cuballama.com\/noticias\/wp-json\/wp\/v2\/posts"}],"about":[{"href":"https:\/\/www.cuballama.com\/noticias\/wp-json\/wp\/v2\/types\/post"}],"author":[{"embeddable":true,"href":"https:\/\/www.cuballama.com\/noticias\/wp-json\/wp\/v2\/users\/13"}],"replies":[{"embeddable":true,"href":"https:\/\/www.cuballama.com\/noticias\/wp-json\/wp\/v2\/comments?post=255995"}],"version-history":[{"count":3,"href":"https:\/\/www.cuballama.com\/noticias\/wp-json\/wp\/v2\/posts\/255995\/revisions"}],"predecessor-version":[{"id":256002,"href":"https:\/\/www.cuballama.com\/noticias\/wp-json\/wp\/v2\/posts\/255995\/revisions\/256002"}],"wp:featuredmedia":[{"embeddable":true,"href":"https:\/\/www.cuballama.com\/noticias\/wp-json\/wp\/v2\/media\/256001"}],"wp:attachment":[{"href":"https:\/\/www.cuballama.com\/noticias\/wp-json\/wp\/v2\/media?parent=255995"}],"wp:term":[{"taxonomy":"category","embeddable":true,"href":"https:\/\/www.cuballama.com\/noticias\/wp-json\/wp\/v2\/categories?post=255995"},{"taxonomy":"post_tag","embeddable":true,"href":"https:\/\/www.cuballama.com\/noticias\/wp-json\/wp\/v2\/tags?post=255995"}],"curies":[{"name":"wp","href":"https:\/\/api.w.org\/{rel}","templated":true}]}}