{"id":255955,"date":"2026-09-03T08:11:52","date_gmt":"2026-09-03T12:11:52","guid":{"rendered":"https:\/\/www.cuballama.com\/noticias\/?p=255955"},"modified":"2026-09-03T08:14:09","modified_gmt":"2026-09-03T12:14:09","slug":"arrestan-a-tres-cubanos-por-oleada-de-robos-a-comercios-del-sur-de-florida","status":"publish","type":"post","link":"https:\/\/www.cuballama.com\/noticias\/arrestan-a-tres-cubanos-por-oleada-de-robos-a-comercios-del-sur-de-florida\/","title":{"rendered":"Arrestan a tres cubanos por oleada de robos a comercios del sur de Florida"},"content":{"rendered":"\n<p class=\"wp-block-paragraph\">Tres ciudadanos cubanos residentes en el condado de Miami-Dade, Florida, fueron detenidos tras una investigaci\u00f3n sobre una oleada de robos a comercios en el sur del estado, que comenz\u00f3 en febrero pasado.<\/p>\n\n\n\n<p class=\"wp-block-paragraph\">Seg\u00fan report\u00f3 <em>Local 10<\/em>, los sospechosos, identificados como Reinier Bustillo G\u00f3mez, de 43 a\u00f1os; Jos\u00e9 Solano Montelier, de 37; y Yoandrys Cu\u00e9, de 41, utilizaban furgonetas de carga y pasamonta\u00f1as para sustraer equipos electr\u00f3nicos.<\/p>\n\n\n\n<p class=\"wp-block-paragraph\">Tras la investigaci\u00f3n, que involucr\u00f3 a la Oficina del Sheriff de Miami-Dade y a las polic\u00edas de Doral, Sweetwater y Medley, as\u00ed como a la Oficina del Sheriff del condado de Broward, los tres detenidos enfrentan diversos cargos, entre los que destacan el hurto mayor de veh\u00edculo, la agresi\u00f3n agravada contra un agente, la resistencia violenta a la autoridad y la posesi\u00f3n de herramientas para cometer robos.<\/p>\n\n\n\n<p class=\"wp-block-paragraph\">Uno de los robos investigados ocurri\u00f3 el 11 de agosto en Universal Freight Logistics, en Doral, donde tres hombres enmascarados llegaron en una furgoneta Ford Econoline blanca, forzaron la entrada con una palanca y desviaron una c\u00e1mara de seguridad.<\/p>\n\n\n\n<p class=\"wp-block-paragraph\">Seg\u00fan denunci\u00f3 el propietario, en apenas tres minutos los ladrones se llevaron tel\u00e9fonos iPhone y Samsung valorados en unos 200.000 d\u00f3lares y provocaron m\u00e1s de mil d\u00f3lares en da\u00f1os.<\/p>\n\n\n\n<p class=\"wp-block-paragraph\">Las autoridades resaltaron que uno de los sospechosos us\u00f3 un dispositivo que los investigadores creen que podr\u00eda ser un inhibidor de se\u00f1al, capaz de interferir con determinados sistemas de alarma, GPS y comunicaciones por radio.<\/p>\n\n\n\n<p class=\"wp-block-paragraph\">Finalmente, los hombres fueron arrestados despu\u00e9s de que agentes los vigilaran mientras recorr\u00edan una zona de almacenes: Bustillo G\u00f3mez en una Dodge Caravan negra vinculada a la investigaci\u00f3n y Solano Montelier en una Ford Econoline robada el 27 de agosto a la empresa Global Turbine Services y valorada en unos 58.000 d\u00f3lares.<\/p>\n\n\n\n<p class=\"wp-block-paragraph\">Los investigadores dijeron que sus movimientos fueron \u201cdeliberados y met\u00f3dicos\u201d y consideraron que buscaban posibles puntos de entrada y vulnerabilidades.<\/p>\n\n\n\n<p class=\"wp-block-paragraph\">Seg\u00fan los informes de arresto, Cu\u00e9 intent\u00f3 huir y desech\u00f3 unos guantes y un pasamonta\u00f1as negro y Solano Montelier empuj\u00f3 a un sargento antes de ser capturado.<\/p>\n\n\n\n<p class=\"wp-block-paragraph\">Por su parte, mientras intentaba escapar en la Caravan, Bustillo G\u00f3mez golpe\u00f3 la pierna del agente y dej\u00f3 uno de sus pies atrapado debajo de una de las ruedas delanteras del veh\u00edculo.<\/p>\n\n\n\n<p class=\"wp-block-paragraph\">Dentro de la furgoneta robada, cuya placa hab\u00eda sido sustituida por una placa tambi\u00e9n reportada como robada, los agentes encontraron una palanca y contenedores similares a los utilizados en otros robos investigados.<\/p>\n\n\n\n<p class=\"wp-block-paragraph\">Los tres hombres se acogieron a su derecho a permanecer en silencio y fueron trasladados al Centro Correccional Turner Guilford Knight.&nbsp;<\/p>\n\n\n\n<p class=\"wp-block-paragraph\"><\/p>\n","protected":false},"excerpt":{"rendered":"<p>Los hombres utilizaban furgonetas de carga y pasamonta\u00f1as para sustraer equipos electr\u00f3nicos.<\/p>\n","protected":false},"author":30,"featured_media":255958,"comment_status":"open","ping_status":"closed","sticky":false,"template":"","format":"standard","meta":{"_acf_changed":false,"footnotes":""},"categories":[18,954],"tags":[18621,11050,941,11181],"class_list":["post-255955","post","type-post","status-publish","format-standard","has-post-thumbnail","category-noticias","category-noticias-de-florida","tag-cubanos-detenidos","tag-cubanos-en-miami","tag-destacado","tag-robos-en-florida"],"acf":[],"yoast_head":"<!-- This site is optimized with the Yoast SEO plugin v28.3 - https:\/\/yoast.com\/product\/yoast-seo-wordpress\/ -->\n<title>Arrestan a tres cubanos por oleada de robos a comercios del sur de Florida - Cuballama Noticias<\/title>\n<meta name=\"description\" content=\"Tres ciudadanos cubanos residentes en el condado de Miami-Dade fueron detenidos por una oleada de robos a comercios en el sur de Florida.\" \/>\n<meta name=\"robots\" content=\"index, follow, max-snippet:-1, max-image-preview:large, max-video-preview:-1\" \/>\n<link rel=\"canonical\" href=\"https:\/\/www.cuballama.com\/noticias\/arrestan-a-tres-cubanos-por-oleada-de-robos-a-comercios-del-sur-de-florida\/\" \/>\n<meta property=\"og:locale\" content=\"es_ES\" \/>\n<meta property=\"og:type\" content=\"article\" \/>\n<meta property=\"og:title\" content=\"Arrestan a tres cubanos por oleada de robos a comercios del sur de Florida - Cuballama Noticias\" \/>\n<meta property=\"og:description\" content=\"Tres ciudadanos cubanos residentes en el condado de Miami-Dade fueron detenidos por una oleada de robos a comercios en el sur de Florida.\" \/>\n<meta property=\"og:url\" content=\"https:\/\/www.cuballama.com\/noticias\/arrestan-a-tres-cubanos-por-oleada-de-robos-a-comercios-del-sur-de-florida\/\" \/>\n<meta property=\"og:site_name\" content=\"Cuballama Noticias\" \/>\n<meta property=\"article:publisher\" content=\"https:\/\/www.facebook.com\/CubaLlama\" \/>\n<meta property=\"article:published_time\" content=\"2026-09-03T12:11:52+00:00\" \/>\n<meta property=\"article:modified_time\" content=\"2026-09-03T12:14:09+00:00\" \/>\n<meta property=\"og:image\" content=\"https:\/\/cdn1.mediawpaccore.net\/wp-content\/uploads\/2026\/09\/03080537\/Simple-three-in-a-row3.jpg\" \/>\n\t<meta property=\"og:image:width\" content=\"1200\" \/>\n\t<meta property=\"og:image:height\" content=\"630\" \/>\n\t<meta property=\"og:image:type\" content=\"image\/jpeg\" \/>\n<meta name=\"author\" content=\"Kathy\" \/>\n<meta name=\"twitter:card\" content=\"summary_large_image\" \/>\n<meta name=\"twitter:creator\" content=\"@cuballama\" \/>\n<meta name=\"twitter:site\" content=\"@cuballama\" \/>\n<meta name=\"twitter:label1\" content=\"Escrito por\" \/>\n\t<meta name=\"twitter:data1\" content=\"Kathy\" \/>\n\t<meta name=\"twitter:label2\" content=\"Tiempo de lectura\" \/>\n\t<meta name=\"twitter:data2\" content=\"3 minutos\" \/>\n<script type=\"application\/ld+json\" class=\"yoast-schema-graph\">{\"@context\":\"https:\\\/\\\/schema.org\",\"@graph\":[{\"@type\":\"Article\",\"@id\":\"https:\\\/\\\/www.cuballama.com\\\/noticias\\\/arrestan-a-tres-cubanos-por-oleada-de-robos-a-comercios-del-sur-de-florida\\\/#article\",\"isPartOf\":{\"@id\":\"https:\\\/\\\/www.cuballama.com\\\/noticias\\\/arrestan-a-tres-cubanos-por-oleada-de-robos-a-comercios-del-sur-de-florida\\\/\"},\"author\":{\"name\":\"Kathy\",\"@id\":\"https:\\\/\\\/www.cuballama.com\\\/noticias\\\/#\\\/schema\\\/person\\\/86cd3e3f4974437f031211213bf892d5\"},\"headline\":\"Arrestan a tres cubanos por oleada de robos a comercios del sur de Florida\",\"datePublished\":\"2026-09-03T12:11:52+00:00\",\"dateModified\":\"2026-09-03T12:14:09+00:00\",\"mainEntityOfPage\":{\"@id\":\"https:\\\/\\\/www.cuballama.com\\\/noticias\\\/arrestan-a-tres-cubanos-por-oleada-de-robos-a-comercios-del-sur-de-florida\\\/\"},\"wordCount\":459,\"commentCount\":0,\"publisher\":{\"@id\":\"https:\\\/\\\/www.cuballama.com\\\/noticias\\\/#organization\"},\"image\":{\"@id\":\"https:\\\/\\\/www.cuballama.com\\\/noticias\\\/arrestan-a-tres-cubanos-por-oleada-de-robos-a-comercios-del-sur-de-florida\\\/#primaryimage\"},\"thumbnailUrl\":\"https:\\\/\\\/cdn1.mediawpaccore.net\\\/wp-content\\\/uploads\\\/2026\\\/09\\\/03080537\\\/Simple-three-in-a-row3.jpg\",\"keywords\":[\"cubanos detenidos\",\"cubanos en Miami\",\"destacado\",\"robos en Florida\"],\"articleSection\":[\"Noticias\",\"Noticias de Florida\"],\"inLanguage\":\"es\",\"potentialAction\":[{\"@type\":\"CommentAction\",\"name\":\"Comment\",\"target\":[\"https:\\\/\\\/www.cuballama.com\\\/noticias\\\/arrestan-a-tres-cubanos-por-oleada-de-robos-a-comercios-del-sur-de-florida\\\/#respond\"]}]},{\"@type\":\"WebPage\",\"@id\":\"https:\\\/\\\/www.cuballama.com\\\/noticias\\\/arrestan-a-tres-cubanos-por-oleada-de-robos-a-comercios-del-sur-de-florida\\\/\",\"url\":\"https:\\\/\\\/www.cuballama.com\\\/noticias\\\/arrestan-a-tres-cubanos-por-oleada-de-robos-a-comercios-del-sur-de-florida\\\/\",\"name\":\"Arrestan a tres cubanos por oleada de robos a comercios del sur de Florida - Cuballama Noticias\",\"isPartOf\":{\"@id\":\"https:\\\/\\\/www.cuballama.com\\\/noticias\\\/#website\"},\"primaryImageOfPage\":{\"@id\":\"https:\\\/\\\/www.cuballama.com\\\/noticias\\\/arrestan-a-tres-cubanos-por-oleada-de-robos-a-comercios-del-sur-de-florida\\\/#primaryimage\"},\"image\":{\"@id\":\"https:\\\/\\\/www.cuballama.com\\\/noticias\\\/arrestan-a-tres-cubanos-por-oleada-de-robos-a-comercios-del-sur-de-florida\\\/#primaryimage\"},\"thumbnailUrl\":\"https:\\\/\\\/cdn1.mediawpaccore.net\\\/wp-content\\\/uploads\\\/2026\\\/09\\\/03080537\\\/Simple-three-in-a-row3.jpg\",\"datePublished\":\"2026-09-03T12:11:52+00:00\",\"dateModified\":\"2026-09-03T12:14:09+00:00\",\"description\":\"Tres ciudadanos cubanos residentes en el condado de Miami-Dade fueron detenidos por una oleada de robos a comercios en el sur de Florida.\",\"breadcrumb\":{\"@id\":\"https:\\\/\\\/www.cuballama.com\\\/noticias\\\/arrestan-a-tres-cubanos-por-oleada-de-robos-a-comercios-del-sur-de-florida\\\/#breadcrumb\"},\"inLanguage\":\"es\",\"potentialAction\":[{\"@type\":\"ReadAction\",\"target\":[\"https:\\\/\\\/www.cuballama.com\\\/noticias\\\/arrestan-a-tres-cubanos-por-oleada-de-robos-a-comercios-del-sur-de-florida\\\/\"]}]},{\"@type\":\"ImageObject\",\"inLanguage\":\"es\",\"@id\":\"https:\\\/\\\/www.cuballama.com\\\/noticias\\\/arrestan-a-tres-cubanos-por-oleada-de-robos-a-comercios-del-sur-de-florida\\\/#primaryimage\",\"url\":\"https:\\\/\\\/cdn1.mediawpaccore.net\\\/wp-content\\\/uploads\\\/2026\\\/09\\\/03080537\\\/Simple-three-in-a-row3.jpg\",\"contentUrl\":\"https:\\\/\\\/cdn1.mediawpaccore.net\\\/wp-content\\\/uploads\\\/2026\\\/09\\\/03080537\\\/Simple-three-in-a-row3.jpg\",\"width\":1200,\"height\":630,\"caption\":\"Reinier Bustillo G\u00f3mez, Yoandrys Cu\u00e9 y Jos\u00e9 Solano Montelier, de izquierda a derecha. Foto: Miami-Dade Corrections & Rehabilitation.\"},{\"@type\":\"BreadcrumbList\",\"@id\":\"https:\\\/\\\/www.cuballama.com\\\/noticias\\\/arrestan-a-tres-cubanos-por-oleada-de-robos-a-comercios-del-sur-de-florida\\\/#breadcrumb\",\"itemListElement\":[{\"@type\":\"ListItem\",\"position\":1,\"name\":\"Home\",\"item\":\"https:\\\/\\\/www.cuballama.com\\\/noticias\\\/\"},{\"@type\":\"ListItem\",\"position\":2,\"name\":\"Arrestan a tres cubanos por oleada de robos a comercios del sur de Florida\"}]},{\"@type\":\"WebSite\",\"@id\":\"https:\\\/\\\/www.cuballama.com\\\/noticias\\\/#website\",\"url\":\"https:\\\/\\\/www.cuballama.com\\\/noticias\\\/\",\"name\":\"Cuballama Noticias\",\"description\":\"Medio digital sobre Cuba y el mundo\",\"publisher\":{\"@id\":\"https:\\\/\\\/www.cuballama.com\\\/noticias\\\/#organization\"},\"potentialAction\":[{\"@type\":\"SearchAction\",\"target\":{\"@type\":\"EntryPoint\",\"urlTemplate\":\"https:\\\/\\\/www.cuballama.com\\\/noticias\\\/?s={search_term_string}\"},\"query-input\":{\"@type\":\"PropertyValueSpecification\",\"valueRequired\":true,\"valueName\":\"search_term_string\"}}],\"inLanguage\":\"es\"},{\"@type\":\"Organization\",\"@id\":\"https:\\\/\\\/www.cuballama.com\\\/noticias\\\/#organization\",\"name\":\"Cuballama\",\"url\":\"https:\\\/\\\/www.cuballama.com\\\/noticias\\\/\",\"logo\":{\"@type\":\"ImageObject\",\"inLanguage\":\"es\",\"@id\":\"https:\\\/\\\/www.cuballama.com\\\/noticias\\\/#\\\/schema\\\/logo\\\/image\\\/\",\"url\":\"https:\\\/\\\/cdn1.mediawpaccore.net\\\/wp-content\\\/uploads\\\/2021\\\/12\\\/28171206\\\/cbll-logo-color-sm.png\",\"contentUrl\":\"https:\\\/\\\/cdn1.mediawpaccore.net\\\/wp-content\\\/uploads\\\/2021\\\/12\\\/28171206\\\/cbll-logo-color-sm.png\",\"width\":600,\"height\":133,\"caption\":\"Cuballama\"},\"image\":{\"@id\":\"https:\\\/\\\/www.cuballama.com\\\/noticias\\\/#\\\/schema\\\/logo\\\/image\\\/\"},\"sameAs\":[\"https:\\\/\\\/www.facebook.com\\\/CubaLlama\",\"https:\\\/\\\/x.com\\\/cuballama\",\"https:\\\/\\\/www.instagram.com\\\/stories\\\/cuballama_oficial\\\/\",\"https:\\\/\\\/www.youtube.com\\\/channel\\\/UCKkFE-d_axENGZcrc4as0IA\"]},{\"@type\":\"Person\",\"@id\":\"https:\\\/\\\/www.cuballama.com\\\/noticias\\\/#\\\/schema\\\/person\\\/86cd3e3f4974437f031211213bf892d5\",\"name\":\"Kathy\",\"url\":\"https:\\\/\\\/www.cuballama.com\\\/noticias\\\/author\\\/kathy\\\/\"}]}<\/script>\n<!-- \/ Yoast SEO plugin. -->","yoast_head_json":{"title":"Arrestan a tres cubanos por oleada de robos a comercios del sur de Florida - Cuballama Noticias","description":"Tres ciudadanos cubanos residentes en el condado de Miami-Dade fueron detenidos por una oleada de robos a comercios en el sur de Florida.","robots":{"index":"index","follow":"follow","max-snippet":"max-snippet:-1","max-image-preview":"max-image-preview:large","max-video-preview":"max-video-preview:-1"},"canonical":"https:\/\/www.cuballama.com\/noticias\/arrestan-a-tres-cubanos-por-oleada-de-robos-a-comercios-del-sur-de-florida\/","og_locale":"es_ES","og_type":"article","og_title":"Arrestan a tres cubanos por oleada de robos a comercios del sur de Florida - Cuballama Noticias","og_description":"Tres ciudadanos cubanos residentes en el condado de Miami-Dade fueron detenidos por una oleada de robos a comercios en el sur de Florida.","og_url":"https:\/\/www.cuballama.com\/noticias\/arrestan-a-tres-cubanos-por-oleada-de-robos-a-comercios-del-sur-de-florida\/","og_site_name":"Cuballama Noticias","article_publisher":"https:\/\/www.facebook.com\/CubaLlama","article_published_time":"2026-09-03T12:11:52+00:00","article_modified_time":"2026-09-03T12:14:09+00:00","og_image":[{"width":1200,"height":630,"url":"https:\/\/cdn1.mediawpaccore.net\/wp-content\/uploads\/2026\/09\/03080537\/Simple-three-in-a-row3.jpg","type":"image\/jpeg"}],"author":"Kathy","twitter_card":"summary_large_image","twitter_creator":"@cuballama","twitter_site":"@cuballama","twitter_misc":{"Escrito por":"Kathy","Tiempo de lectura":"3 minutos"},"schema":{"@context":"https:\/\/schema.org","@graph":[{"@type":"Article","@id":"https:\/\/www.cuballama.com\/noticias\/arrestan-a-tres-cubanos-por-oleada-de-robos-a-comercios-del-sur-de-florida\/#article","isPartOf":{"@id":"https:\/\/www.cuballama.com\/noticias\/arrestan-a-tres-cubanos-por-oleada-de-robos-a-comercios-del-sur-de-florida\/"},"author":{"name":"Kathy","@id":"https:\/\/www.cuballama.com\/noticias\/#\/schema\/person\/86cd3e3f4974437f031211213bf892d5"},"headline":"Arrestan a tres cubanos por oleada de robos a comercios del sur de Florida","datePublished":"2026-09-03T12:11:52+00:00","dateModified":"2026-09-03T12:14:09+00:00","mainEntityOfPage":{"@id":"https:\/\/www.cuballama.com\/noticias\/arrestan-a-tres-cubanos-por-oleada-de-robos-a-comercios-del-sur-de-florida\/"},"wordCount":459,"commentCount":0,"publisher":{"@id":"https:\/\/www.cuballama.com\/noticias\/#organization"},"image":{"@id":"https:\/\/www.cuballama.com\/noticias\/arrestan-a-tres-cubanos-por-oleada-de-robos-a-comercios-del-sur-de-florida\/#primaryimage"},"thumbnailUrl":"https:\/\/cdn1.mediawpaccore.net\/wp-content\/uploads\/2026\/09\/03080537\/Simple-three-in-a-row3.jpg","keywords":["cubanos detenidos","cubanos en Miami","destacado","robos en Florida"],"articleSection":["Noticias","Noticias de Florida"],"inLanguage":"es","potentialAction":[{"@type":"CommentAction","name":"Comment","target":["https:\/\/www.cuballama.com\/noticias\/arrestan-a-tres-cubanos-por-oleada-de-robos-a-comercios-del-sur-de-florida\/#respond"]}]},{"@type":"WebPage","@id":"https:\/\/www.cuballama.com\/noticias\/arrestan-a-tres-cubanos-por-oleada-de-robos-a-comercios-del-sur-de-florida\/","url":"https:\/\/www.cuballama.com\/noticias\/arrestan-a-tres-cubanos-por-oleada-de-robos-a-comercios-del-sur-de-florida\/","name":"Arrestan a tres cubanos por oleada de robos a comercios del sur de Florida - Cuballama Noticias","isPartOf":{"@id":"https:\/\/www.cuballama.com\/noticias\/#website"},"primaryImageOfPage":{"@id":"https:\/\/www.cuballama.com\/noticias\/arrestan-a-tres-cubanos-por-oleada-de-robos-a-comercios-del-sur-de-florida\/#primaryimage"},"image":{"@id":"https:\/\/www.cuballama.com\/noticias\/arrestan-a-tres-cubanos-por-oleada-de-robos-a-comercios-del-sur-de-florida\/#primaryimage"},"thumbnailUrl":"https:\/\/cdn1.mediawpaccore.net\/wp-content\/uploads\/2026\/09\/03080537\/Simple-three-in-a-row3.jpg","datePublished":"2026-09-03T12:11:52+00:00","dateModified":"2026-09-03T12:14:09+00:00","description":"Tres ciudadanos cubanos residentes en el condado de Miami-Dade fueron detenidos por una oleada de robos a comercios en el sur de Florida.","breadcrumb":{"@id":"https:\/\/www.cuballama.com\/noticias\/arrestan-a-tres-cubanos-por-oleada-de-robos-a-comercios-del-sur-de-florida\/#breadcrumb"},"inLanguage":"es","potentialAction":[{"@type":"ReadAction","target":["https:\/\/www.cuballama.com\/noticias\/arrestan-a-tres-cubanos-por-oleada-de-robos-a-comercios-del-sur-de-florida\/"]}]},{"@type":"ImageObject","inLanguage":"es","@id":"https:\/\/www.cuballama.com\/noticias\/arrestan-a-tres-cubanos-por-oleada-de-robos-a-comercios-del-sur-de-florida\/#primaryimage","url":"https:\/\/cdn1.mediawpaccore.net\/wp-content\/uploads\/2026\/09\/03080537\/Simple-three-in-a-row3.jpg","contentUrl":"https:\/\/cdn1.mediawpaccore.net\/wp-content\/uploads\/2026\/09\/03080537\/Simple-three-in-a-row3.jpg","width":1200,"height":630,"caption":"Reinier Bustillo G\u00f3mez, Yoandrys Cu\u00e9 y Jos\u00e9 Solano Montelier, de izquierda a derecha. Foto: Miami-Dade Corrections & Rehabilitation."},{"@type":"BreadcrumbList","@id":"https:\/\/www.cuballama.com\/noticias\/arrestan-a-tres-cubanos-por-oleada-de-robos-a-comercios-del-sur-de-florida\/#breadcrumb","itemListElement":[{"@type":"ListItem","position":1,"name":"Home","item":"https:\/\/www.cuballama.com\/noticias\/"},{"@type":"ListItem","position":2,"name":"Arrestan a tres cubanos por oleada de robos a comercios del sur de Florida"}]},{"@type":"WebSite","@id":"https:\/\/www.cuballama.com\/noticias\/#website","url":"https:\/\/www.cuballama.com\/noticias\/","name":"Cuballama Noticias","description":"Medio digital sobre Cuba y el mundo","publisher":{"@id":"https:\/\/www.cuballama.com\/noticias\/#organization"},"potentialAction":[{"@type":"SearchAction","target":{"@type":"EntryPoint","urlTemplate":"https:\/\/www.cuballama.com\/noticias\/?s={search_term_string}"},"query-input":{"@type":"PropertyValueSpecification","valueRequired":true,"valueName":"search_term_string"}}],"inLanguage":"es"},{"@type":"Organization","@id":"https:\/\/www.cuballama.com\/noticias\/#organization","name":"Cuballama","url":"https:\/\/www.cuballama.com\/noticias\/","logo":{"@type":"ImageObject","inLanguage":"es","@id":"https:\/\/www.cuballama.com\/noticias\/#\/schema\/logo\/image\/","url":"https:\/\/cdn1.mediawpaccore.net\/wp-content\/uploads\/2021\/12\/28171206\/cbll-logo-color-sm.png","contentUrl":"https:\/\/cdn1.mediawpaccore.net\/wp-content\/uploads\/2021\/12\/28171206\/cbll-logo-color-sm.png","width":600,"height":133,"caption":"Cuballama"},"image":{"@id":"https:\/\/www.cuballama.com\/noticias\/#\/schema\/logo\/image\/"},"sameAs":["https:\/\/www.facebook.com\/CubaLlama","https:\/\/x.com\/cuballama","https:\/\/www.instagram.com\/stories\/cuballama_oficial\/","https:\/\/www.youtube.com\/channel\/UCKkFE-d_axENGZcrc4as0IA"]},{"@type":"Person","@id":"https:\/\/www.cuballama.com\/noticias\/#\/schema\/person\/86cd3e3f4974437f031211213bf892d5","name":"Kathy","url":"https:\/\/www.cuballama.com\/noticias\/author\/kathy\/"}]}},"_links":{"self":[{"href":"https:\/\/www.cuballama.com\/noticias\/wp-json\/wp\/v2\/posts\/255955","targetHints":{"allow":["GET"]}}],"collection":[{"href":"https:\/\/www.cuballama.com\/noticias\/wp-json\/wp\/v2\/posts"}],"about":[{"href":"https:\/\/www.cuballama.com\/noticias\/wp-json\/wp\/v2\/types\/post"}],"author":[{"embeddable":true,"href":"https:\/\/www.cuballama.com\/noticias\/wp-json\/wp\/v2\/users\/30"}],"replies":[{"embeddable":true,"href":"https:\/\/www.cuballama.com\/noticias\/wp-json\/wp\/v2\/comments?post=255955"}],"version-history":[{"count":2,"href":"https:\/\/www.cuballama.com\/noticias\/wp-json\/wp\/v2\/posts\/255955\/revisions"}],"predecessor-version":[{"id":255963,"href":"https:\/\/www.cuballama.com\/noticias\/wp-json\/wp\/v2\/posts\/255955\/revisions\/255963"}],"wp:featuredmedia":[{"embeddable":true,"href":"https:\/\/www.cuballama.com\/noticias\/wp-json\/wp\/v2\/media\/255958"}],"wp:attachment":[{"href":"https:\/\/www.cuballama.com\/noticias\/wp-json\/wp\/v2\/media?parent=255955"}],"wp:term":[{"taxonomy":"category","embeddable":true,"href":"https:\/\/www.cuballama.com\/noticias\/wp-json\/wp\/v2\/categories?post=255955"},{"taxonomy":"post_tag","embeddable":true,"href":"https:\/\/www.cuballama.com\/noticias\/wp-json\/wp\/v2\/tags?post=255955"}],"curies":[{"name":"wp","href":"https:\/\/api.w.org\/{rel}","templated":true}]}}