{"id":255950,"date":"2026-09-03T12:57:08","date_gmt":"2026-09-03T16:57:08","guid":{"rendered":"https:\/\/www.cuballama.com\/noticias\/?p=255950"},"modified":"2026-09-03T13:00:11","modified_gmt":"2026-09-03T17:00:11","slug":"ee-uu-deporta-a-presunto-espia-cubano-que-fue-hombre-de-confianza-de-posada-carriles","status":"publish","type":"post","link":"https:\/\/www.cuballama.com\/noticias\/ee-uu-deporta-a-presunto-espia-cubano-que-fue-hombre-de-confianza-de-posada-carriles\/","title":{"rendered":"EE.UU. deporta a presunto esp\u00eda cubano que fue hombre de confianza de Posada Carriles"},"content":{"rendered":"\n<p class=\"wp-block-paragraph\">Fernando Armando Vald\u00e9s P\u00e9rez, de 61 a\u00f1os y residente en Kendall, en el condado de Miami-Dade, Florida, fue arrestado y expulsado de Estados Unidos el pasado agosto tras ser se\u00f1alado como agente de la inteligencia cubana.<\/p>\n\n\n\n<p class=\"wp-block-paragraph\">Seg\u00fan inform\u00f3 este mi\u00e9rcoles el Departamento de Inmigraci\u00f3n y Control de Aduanas (ICE), Vald\u00e9s, quien cuenta con doble ciudadan\u00eda cubana y guatemalteca, mantuvo estrechos v\u00ednculos con Luis Posada Carriles por m\u00e1s veinte a\u00f1os y pudo ser una fuente clave para rastrear los pasos del activista anticastrista hasta su muerte.<\/p>\n\n\n\n<p class=\"wp-block-paragraph\">V\u00e1ld\u00e9s fue detenido en el Aeropuerto Internacional de Miami el 10 de julio, y deportado a Guatemala el 7 de agosto tras cumplir un debido proceso de revisi\u00f3n de su caso, seg\u00fan confirmaron fuentes consultadas por <em>Caf\u00e9 Fuerte<\/em>.<\/p>\n\n\n\n<p class=\"wp-block-paragraph\">De acuerdo con el comunicado de ICE, el presunto esp\u00eda fue expulsado \u201ctras determinarse mediante investigaci\u00f3n que hab\u00eda obtenido fraudulentamente el estatus de residente permanente legal mientras ocultaba su afiliaci\u00f3n con el r\u00e9gimen cubano\u201d.<\/p>\n\n\n\n<iframe loading=\"lazy\" src=\"https:\/\/www.facebook.com\/plugins\/post.php?href=https%3A%2F%2Fwww.facebook.com%2Fwilfredo.cancioisla%2Fposts%2Fpfbid0aWEwyHFKXAZ4eupgegNzoj56a28cocs1Uy2JieQEAUPow6n4PWWqnmXFKyUDk1eEl&#038;show_text=true&#038;width=500\" width=\"500\" height=\"484\" style=\"border:none;overflow:hidden\" scrolling=\"no\" frameborder=\"0\" allowfullscreen=\"true\" allow=\"autoplay; clipboard-write; encrypted-media; picture-in-picture; web-share\"><\/iframe>\n\n\n\n<p class=\"wp-block-paragraph\">\u201cLos investigadores determinaron que Vald\u00e9s actuaba como un activo de inteligencia cubana encargado de infiltrarse y reportar informaci\u00f3n sobre las comunidades de exiliados y disidentes cubanos en Am\u00e9rica Latina y Estados Unidos, actividades que realizaba desde mediados de la d\u00e9cada de 1990\u201d, destac\u00f3 el documento.&nbsp;<\/p>\n\n\n\n<p class=\"wp-block-paragraph\">\u201cVald\u00e9s se gan\u00f3 la confianza del fallecido disidente anticastrista Luis Posada Carriles y mantuvo una estrecha cercan\u00eda con otras figuras destacadas de origen cubano y cubanoamericano en el sur de Florida hasta el momento de su detenci\u00f3n\u201d, a\u00f1adi\u00f3 la agencia tras una detenci\u00f3n que fue resultado de una operaci\u00f3n administrativa de control migratorio llevada a cabo por ICE, la oficina del FBI en Miami y la Oficina de Aduanas y Protecci\u00f3n Fronteriza (CBP).&nbsp;<\/p>\n\n\n\n<p class=\"wp-block-paragraph\">\u201cVald\u00e9s ocult\u00f3 deliberada y conscientemente su verdadera posici\u00f3n y su v\u00ednculo con el r\u00e9gimen cubano al solicitar y obtener el estatus de residente permanente legal, enga\u00f1ando as\u00ed intencionadamente a las autoridades migratorias de Estados Unidos\u201d, subrayaron los investigadores.<\/p>\n\n\n\n<p class=\"wp-block-paragraph\">\u201cEra un tipo extremadamente habilidoso, que se ganaba a cualquiera\u201d, declar\u00f3 a <em>Caf\u00e9 Fuerte<\/em> el empresario y activista anticastrista Santiago \u00c1lvarez, estrecho colaborador de Posada Carriles, sobre Vald\u00e9s.&nbsp;<\/p>\n\n\n\n<p class=\"wp-block-paragraph\">Seg\u00fan relat\u00f3 \u00c1lvarez, Vald\u00e9s habr\u00eda conocido a Posada Carriles cuando el veterano combatiente de Bah\u00eda de Cochinos y exagente de la CIA viajaba por varios pa\u00edses de Centroam\u00e9rica, entre ellos Guatemal, y habr\u00eda tenido una relaci\u00f3n cercana con \u00e9l hasta su muerte, en 2018.&nbsp;<\/p>\n\n\n\n<p class=\"wp-block-paragraph\"><\/p>\n","protected":false},"excerpt":{"rendered":"<p>El hombre fue expulsado tras determinarse que hab\u00eda obtenido fraudulentamente el estatus de residente permanente legal.<\/p>\n","protected":false},"author":30,"featured_media":255954,"comment_status":"open","ping_status":"closed","sticky":false,"template":"","format":"standard","meta":{"_acf_changed":false,"footnotes":""},"categories":[18,11024],"tags":[32390,31867,11050,941,37864,32941,37865],"class_list":["post-255950","post","type-post","status-publish","format-standard","has-post-thumbnail","category-noticias","category-noticias-de-miami","tag-agente","tag-cubano-deportado","tag-cubanos-en-miami","tag-destacado","tag-espia-cubano","tag-exilio-cubano-en-miami","tag-luis-posada-carriles"],"acf":[],"yoast_head":"<!-- This site is optimized with the Yoast SEO plugin v28.3 - https:\/\/yoast.com\/product\/yoast-seo-wordpress\/ -->\n<title>EE.UU. deporta a agente cubano que fue hombre de confianza de Posada Carriles - Cuballama Noticias<\/title>\n<meta name=\"description\" content=\"Fernando Armando Vald\u00e9s P\u00e9rez fue arrestado y expulsado de Estados Unidos tras ser se\u00f1alado como agente de la inteligencia cubana.\" \/>\n<meta name=\"robots\" content=\"index, follow, max-snippet:-1, max-image-preview:large, max-video-preview:-1\" \/>\n<link rel=\"canonical\" href=\"https:\/\/www.cuballama.com\/noticias\/ee-uu-deporta-a-presunto-espia-cubano-que-fue-hombre-de-confianza-de-posada-carriles\/\" \/>\n<meta property=\"og:locale\" content=\"es_ES\" \/>\n<meta property=\"og:type\" content=\"article\" \/>\n<meta property=\"og:title\" content=\"EE.UU. deporta a agente cubano que fue hombre de confianza de Posada Carriles - Cuballama Noticias\" \/>\n<meta property=\"og:description\" content=\"Fernando Armando Vald\u00e9s P\u00e9rez fue arrestado y expulsado de Estados Unidos tras ser se\u00f1alado como agente de la inteligencia cubana.\" \/>\n<meta property=\"og:url\" content=\"https:\/\/www.cuballama.com\/noticias\/ee-uu-deporta-a-presunto-espia-cubano-que-fue-hombre-de-confianza-de-posada-carriles\/\" \/>\n<meta property=\"og:site_name\" content=\"Cuballama Noticias\" \/>\n<meta property=\"article:publisher\" content=\"https:\/\/www.facebook.com\/CubaLlama\" \/>\n<meta property=\"article:published_time\" content=\"2026-09-03T16:57:08+00:00\" \/>\n<meta property=\"article:modified_time\" content=\"2026-09-03T17:00:11+00:00\" \/>\n<meta property=\"og:image\" content=\"https:\/\/cdn1.mediawpaccore.net\/wp-content\/uploads\/2026\/09\/03073833\/image.jpg\" \/>\n\t<meta property=\"og:image:width\" content=\"1200\" \/>\n\t<meta property=\"og:image:height\" content=\"630\" \/>\n\t<meta property=\"og:image:type\" content=\"image\/jpeg\" \/>\n<meta name=\"author\" content=\"Kathy\" \/>\n<meta name=\"twitter:card\" content=\"summary_large_image\" \/>\n<meta name=\"twitter:creator\" content=\"@cuballama\" \/>\n<meta name=\"twitter:site\" content=\"@cuballama\" \/>\n<meta name=\"twitter:label1\" content=\"Escrito por\" \/>\n\t<meta name=\"twitter:data1\" content=\"Kathy\" \/>\n\t<meta name=\"twitter:label2\" content=\"Tiempo de lectura\" \/>\n\t<meta name=\"twitter:data2\" content=\"2 minutos\" \/>\n<script type=\"application\/ld+json\" class=\"yoast-schema-graph\">{\"@context\":\"https:\\\/\\\/schema.org\",\"@graph\":[{\"@type\":\"Article\",\"@id\":\"https:\\\/\\\/www.cuballama.com\\\/noticias\\\/ee-uu-deporta-a-presunto-espia-cubano-que-fue-hombre-de-confianza-de-posada-carriles\\\/#article\",\"isPartOf\":{\"@id\":\"https:\\\/\\\/www.cuballama.com\\\/noticias\\\/ee-uu-deporta-a-presunto-espia-cubano-que-fue-hombre-de-confianza-de-posada-carriles\\\/\"},\"author\":{\"name\":\"Kathy\",\"@id\":\"https:\\\/\\\/www.cuballama.com\\\/noticias\\\/#\\\/schema\\\/person\\\/86cd3e3f4974437f031211213bf892d5\"},\"headline\":\"EE.UU. deporta a presunto esp\u00eda cubano que fue hombre de confianza de Posada Carriles\",\"datePublished\":\"2026-09-03T16:57:08+00:00\",\"dateModified\":\"2026-09-03T17:00:11+00:00\",\"mainEntityOfPage\":{\"@id\":\"https:\\\/\\\/www.cuballama.com\\\/noticias\\\/ee-uu-deporta-a-presunto-espia-cubano-que-fue-hombre-de-confianza-de-posada-carriles\\\/\"},\"wordCount\":446,\"commentCount\":0,\"publisher\":{\"@id\":\"https:\\\/\\\/www.cuballama.com\\\/noticias\\\/#organization\"},\"image\":{\"@id\":\"https:\\\/\\\/www.cuballama.com\\\/noticias\\\/ee-uu-deporta-a-presunto-espia-cubano-que-fue-hombre-de-confianza-de-posada-carriles\\\/#primaryimage\"},\"thumbnailUrl\":\"https:\\\/\\\/cdn1.mediawpaccore.net\\\/wp-content\\\/uploads\\\/2026\\\/09\\\/03073833\\\/image.jpg\",\"keywords\":[\"agente\",\"cubano deportado\",\"cubanos en Miami\",\"destacado\",\"esp\u00eda cubano\",\"Exilio Cubano en Miami\",\"Luis Posada Carriles\"],\"articleSection\":[\"Noticias\",\"Noticias de Miami\"],\"inLanguage\":\"es\",\"potentialAction\":[{\"@type\":\"CommentAction\",\"name\":\"Comment\",\"target\":[\"https:\\\/\\\/www.cuballama.com\\\/noticias\\\/ee-uu-deporta-a-presunto-espia-cubano-que-fue-hombre-de-confianza-de-posada-carriles\\\/#respond\"]}]},{\"@type\":\"WebPage\",\"@id\":\"https:\\\/\\\/www.cuballama.com\\\/noticias\\\/ee-uu-deporta-a-presunto-espia-cubano-que-fue-hombre-de-confianza-de-posada-carriles\\\/\",\"url\":\"https:\\\/\\\/www.cuballama.com\\\/noticias\\\/ee-uu-deporta-a-presunto-espia-cubano-que-fue-hombre-de-confianza-de-posada-carriles\\\/\",\"name\":\"EE.UU. deporta a agente cubano que fue hombre de confianza de Posada Carriles - Cuballama Noticias\",\"isPartOf\":{\"@id\":\"https:\\\/\\\/www.cuballama.com\\\/noticias\\\/#website\"},\"primaryImageOfPage\":{\"@id\":\"https:\\\/\\\/www.cuballama.com\\\/noticias\\\/ee-uu-deporta-a-presunto-espia-cubano-que-fue-hombre-de-confianza-de-posada-carriles\\\/#primaryimage\"},\"image\":{\"@id\":\"https:\\\/\\\/www.cuballama.com\\\/noticias\\\/ee-uu-deporta-a-presunto-espia-cubano-que-fue-hombre-de-confianza-de-posada-carriles\\\/#primaryimage\"},\"thumbnailUrl\":\"https:\\\/\\\/cdn1.mediawpaccore.net\\\/wp-content\\\/uploads\\\/2026\\\/09\\\/03073833\\\/image.jpg\",\"datePublished\":\"2026-09-03T16:57:08+00:00\",\"dateModified\":\"2026-09-03T17:00:11+00:00\",\"description\":\"Fernando Armando Vald\u00e9s P\u00e9rez fue arrestado y expulsado de Estados Unidos tras ser se\u00f1alado como agente de la inteligencia cubana.\",\"breadcrumb\":{\"@id\":\"https:\\\/\\\/www.cuballama.com\\\/noticias\\\/ee-uu-deporta-a-presunto-espia-cubano-que-fue-hombre-de-confianza-de-posada-carriles\\\/#breadcrumb\"},\"inLanguage\":\"es\",\"potentialAction\":[{\"@type\":\"ReadAction\",\"target\":[\"https:\\\/\\\/www.cuballama.com\\\/noticias\\\/ee-uu-deporta-a-presunto-espia-cubano-que-fue-hombre-de-confianza-de-posada-carriles\\\/\"]}]},{\"@type\":\"ImageObject\",\"inLanguage\":\"es\",\"@id\":\"https:\\\/\\\/www.cuballama.com\\\/noticias\\\/ee-uu-deporta-a-presunto-espia-cubano-que-fue-hombre-de-confianza-de-posada-carriles\\\/#primaryimage\",\"url\":\"https:\\\/\\\/cdn1.mediawpaccore.net\\\/wp-content\\\/uploads\\\/2026\\\/09\\\/03073833\\\/image.jpg\",\"contentUrl\":\"https:\\\/\\\/cdn1.mediawpaccore.net\\\/wp-content\\\/uploads\\\/2026\\\/09\\\/03073833\\\/image.jpg\",\"width\":1200,\"height\":630,\"caption\":\"Fernando Armando Vald\u00e9s P\u00e9rez. Foto: ICE.\"},{\"@type\":\"BreadcrumbList\",\"@id\":\"https:\\\/\\\/www.cuballama.com\\\/noticias\\\/ee-uu-deporta-a-presunto-espia-cubano-que-fue-hombre-de-confianza-de-posada-carriles\\\/#breadcrumb\",\"itemListElement\":[{\"@type\":\"ListItem\",\"position\":1,\"name\":\"Home\",\"item\":\"https:\\\/\\\/www.cuballama.com\\\/noticias\\\/\"},{\"@type\":\"ListItem\",\"position\":2,\"name\":\"EE.UU. deporta a presunto esp\u00eda cubano que fue hombre de confianza de Posada Carriles\"}]},{\"@type\":\"WebSite\",\"@id\":\"https:\\\/\\\/www.cuballama.com\\\/noticias\\\/#website\",\"url\":\"https:\\\/\\\/www.cuballama.com\\\/noticias\\\/\",\"name\":\"Cuballama Noticias\",\"description\":\"Medio digital sobre Cuba y el mundo\",\"publisher\":{\"@id\":\"https:\\\/\\\/www.cuballama.com\\\/noticias\\\/#organization\"},\"potentialAction\":[{\"@type\":\"SearchAction\",\"target\":{\"@type\":\"EntryPoint\",\"urlTemplate\":\"https:\\\/\\\/www.cuballama.com\\\/noticias\\\/?s={search_term_string}\"},\"query-input\":{\"@type\":\"PropertyValueSpecification\",\"valueRequired\":true,\"valueName\":\"search_term_string\"}}],\"inLanguage\":\"es\"},{\"@type\":\"Organization\",\"@id\":\"https:\\\/\\\/www.cuballama.com\\\/noticias\\\/#organization\",\"name\":\"Cuballama\",\"url\":\"https:\\\/\\\/www.cuballama.com\\\/noticias\\\/\",\"logo\":{\"@type\":\"ImageObject\",\"inLanguage\":\"es\",\"@id\":\"https:\\\/\\\/www.cuballama.com\\\/noticias\\\/#\\\/schema\\\/logo\\\/image\\\/\",\"url\":\"https:\\\/\\\/cdn1.mediawpaccore.net\\\/wp-content\\\/uploads\\\/2021\\\/12\\\/28171206\\\/cbll-logo-color-sm.png\",\"contentUrl\":\"https:\\\/\\\/cdn1.mediawpaccore.net\\\/wp-content\\\/uploads\\\/2021\\\/12\\\/28171206\\\/cbll-logo-color-sm.png\",\"width\":600,\"height\":133,\"caption\":\"Cuballama\"},\"image\":{\"@id\":\"https:\\\/\\\/www.cuballama.com\\\/noticias\\\/#\\\/schema\\\/logo\\\/image\\\/\"},\"sameAs\":[\"https:\\\/\\\/www.facebook.com\\\/CubaLlama\",\"https:\\\/\\\/x.com\\\/cuballama\",\"https:\\\/\\\/www.instagram.com\\\/stories\\\/cuballama_oficial\\\/\",\"https:\\\/\\\/www.youtube.com\\\/channel\\\/UCKkFE-d_axENGZcrc4as0IA\"]},{\"@type\":\"Person\",\"@id\":\"https:\\\/\\\/www.cuballama.com\\\/noticias\\\/#\\\/schema\\\/person\\\/86cd3e3f4974437f031211213bf892d5\",\"name\":\"Kathy\",\"url\":\"https:\\\/\\\/www.cuballama.com\\\/noticias\\\/author\\\/kathy\\\/\"}]}<\/script>\n<!-- \/ Yoast SEO plugin. -->","yoast_head_json":{"title":"EE.UU. deporta a agente cubano que fue hombre de confianza de Posada Carriles - Cuballama Noticias","description":"Fernando Armando Vald\u00e9s P\u00e9rez fue arrestado y expulsado de Estados Unidos tras ser se\u00f1alado como agente de la inteligencia cubana.","robots":{"index":"index","follow":"follow","max-snippet":"max-snippet:-1","max-image-preview":"max-image-preview:large","max-video-preview":"max-video-preview:-1"},"canonical":"https:\/\/www.cuballama.com\/noticias\/ee-uu-deporta-a-presunto-espia-cubano-que-fue-hombre-de-confianza-de-posada-carriles\/","og_locale":"es_ES","og_type":"article","og_title":"EE.UU. deporta a agente cubano que fue hombre de confianza de Posada Carriles - Cuballama Noticias","og_description":"Fernando Armando Vald\u00e9s P\u00e9rez fue arrestado y expulsado de Estados Unidos tras ser se\u00f1alado como agente de la inteligencia cubana.","og_url":"https:\/\/www.cuballama.com\/noticias\/ee-uu-deporta-a-presunto-espia-cubano-que-fue-hombre-de-confianza-de-posada-carriles\/","og_site_name":"Cuballama Noticias","article_publisher":"https:\/\/www.facebook.com\/CubaLlama","article_published_time":"2026-09-03T16:57:08+00:00","article_modified_time":"2026-09-03T17:00:11+00:00","og_image":[{"width":1200,"height":630,"url":"https:\/\/cdn1.mediawpaccore.net\/wp-content\/uploads\/2026\/09\/03073833\/image.jpg","type":"image\/jpeg"}],"author":"Kathy","twitter_card":"summary_large_image","twitter_creator":"@cuballama","twitter_site":"@cuballama","twitter_misc":{"Escrito por":"Kathy","Tiempo de lectura":"2 minutos"},"schema":{"@context":"https:\/\/schema.org","@graph":[{"@type":"Article","@id":"https:\/\/www.cuballama.com\/noticias\/ee-uu-deporta-a-presunto-espia-cubano-que-fue-hombre-de-confianza-de-posada-carriles\/#article","isPartOf":{"@id":"https:\/\/www.cuballama.com\/noticias\/ee-uu-deporta-a-presunto-espia-cubano-que-fue-hombre-de-confianza-de-posada-carriles\/"},"author":{"name":"Kathy","@id":"https:\/\/www.cuballama.com\/noticias\/#\/schema\/person\/86cd3e3f4974437f031211213bf892d5"},"headline":"EE.UU. deporta a presunto esp\u00eda cubano que fue hombre de confianza de Posada Carriles","datePublished":"2026-09-03T16:57:08+00:00","dateModified":"2026-09-03T17:00:11+00:00","mainEntityOfPage":{"@id":"https:\/\/www.cuballama.com\/noticias\/ee-uu-deporta-a-presunto-espia-cubano-que-fue-hombre-de-confianza-de-posada-carriles\/"},"wordCount":446,"commentCount":0,"publisher":{"@id":"https:\/\/www.cuballama.com\/noticias\/#organization"},"image":{"@id":"https:\/\/www.cuballama.com\/noticias\/ee-uu-deporta-a-presunto-espia-cubano-que-fue-hombre-de-confianza-de-posada-carriles\/#primaryimage"},"thumbnailUrl":"https:\/\/cdn1.mediawpaccore.net\/wp-content\/uploads\/2026\/09\/03073833\/image.jpg","keywords":["agente","cubano deportado","cubanos en Miami","destacado","esp\u00eda cubano","Exilio Cubano en Miami","Luis Posada Carriles"],"articleSection":["Noticias","Noticias de Miami"],"inLanguage":"es","potentialAction":[{"@type":"CommentAction","name":"Comment","target":["https:\/\/www.cuballama.com\/noticias\/ee-uu-deporta-a-presunto-espia-cubano-que-fue-hombre-de-confianza-de-posada-carriles\/#respond"]}]},{"@type":"WebPage","@id":"https:\/\/www.cuballama.com\/noticias\/ee-uu-deporta-a-presunto-espia-cubano-que-fue-hombre-de-confianza-de-posada-carriles\/","url":"https:\/\/www.cuballama.com\/noticias\/ee-uu-deporta-a-presunto-espia-cubano-que-fue-hombre-de-confianza-de-posada-carriles\/","name":"EE.UU. deporta a agente cubano que fue hombre de confianza de Posada Carriles - Cuballama Noticias","isPartOf":{"@id":"https:\/\/www.cuballama.com\/noticias\/#website"},"primaryImageOfPage":{"@id":"https:\/\/www.cuballama.com\/noticias\/ee-uu-deporta-a-presunto-espia-cubano-que-fue-hombre-de-confianza-de-posada-carriles\/#primaryimage"},"image":{"@id":"https:\/\/www.cuballama.com\/noticias\/ee-uu-deporta-a-presunto-espia-cubano-que-fue-hombre-de-confianza-de-posada-carriles\/#primaryimage"},"thumbnailUrl":"https:\/\/cdn1.mediawpaccore.net\/wp-content\/uploads\/2026\/09\/03073833\/image.jpg","datePublished":"2026-09-03T16:57:08+00:00","dateModified":"2026-09-03T17:00:11+00:00","description":"Fernando Armando Vald\u00e9s P\u00e9rez fue arrestado y expulsado de Estados Unidos tras ser se\u00f1alado como agente de la inteligencia cubana.","breadcrumb":{"@id":"https:\/\/www.cuballama.com\/noticias\/ee-uu-deporta-a-presunto-espia-cubano-que-fue-hombre-de-confianza-de-posada-carriles\/#breadcrumb"},"inLanguage":"es","potentialAction":[{"@type":"ReadAction","target":["https:\/\/www.cuballama.com\/noticias\/ee-uu-deporta-a-presunto-espia-cubano-que-fue-hombre-de-confianza-de-posada-carriles\/"]}]},{"@type":"ImageObject","inLanguage":"es","@id":"https:\/\/www.cuballama.com\/noticias\/ee-uu-deporta-a-presunto-espia-cubano-que-fue-hombre-de-confianza-de-posada-carriles\/#primaryimage","url":"https:\/\/cdn1.mediawpaccore.net\/wp-content\/uploads\/2026\/09\/03073833\/image.jpg","contentUrl":"https:\/\/cdn1.mediawpaccore.net\/wp-content\/uploads\/2026\/09\/03073833\/image.jpg","width":1200,"height":630,"caption":"Fernando Armando Vald\u00e9s P\u00e9rez. Foto: ICE."},{"@type":"BreadcrumbList","@id":"https:\/\/www.cuballama.com\/noticias\/ee-uu-deporta-a-presunto-espia-cubano-que-fue-hombre-de-confianza-de-posada-carriles\/#breadcrumb","itemListElement":[{"@type":"ListItem","position":1,"name":"Home","item":"https:\/\/www.cuballama.com\/noticias\/"},{"@type":"ListItem","position":2,"name":"EE.UU. deporta a presunto esp\u00eda cubano que fue hombre de confianza de Posada Carriles"}]},{"@type":"WebSite","@id":"https:\/\/www.cuballama.com\/noticias\/#website","url":"https:\/\/www.cuballama.com\/noticias\/","name":"Cuballama Noticias","description":"Medio digital sobre Cuba y el mundo","publisher":{"@id":"https:\/\/www.cuballama.com\/noticias\/#organization"},"potentialAction":[{"@type":"SearchAction","target":{"@type":"EntryPoint","urlTemplate":"https:\/\/www.cuballama.com\/noticias\/?s={search_term_string}"},"query-input":{"@type":"PropertyValueSpecification","valueRequired":true,"valueName":"search_term_string"}}],"inLanguage":"es"},{"@type":"Organization","@id":"https:\/\/www.cuballama.com\/noticias\/#organization","name":"Cuballama","url":"https:\/\/www.cuballama.com\/noticias\/","logo":{"@type":"ImageObject","inLanguage":"es","@id":"https:\/\/www.cuballama.com\/noticias\/#\/schema\/logo\/image\/","url":"https:\/\/cdn1.mediawpaccore.net\/wp-content\/uploads\/2021\/12\/28171206\/cbll-logo-color-sm.png","contentUrl":"https:\/\/cdn1.mediawpaccore.net\/wp-content\/uploads\/2021\/12\/28171206\/cbll-logo-color-sm.png","width":600,"height":133,"caption":"Cuballama"},"image":{"@id":"https:\/\/www.cuballama.com\/noticias\/#\/schema\/logo\/image\/"},"sameAs":["https:\/\/www.facebook.com\/CubaLlama","https:\/\/x.com\/cuballama","https:\/\/www.instagram.com\/stories\/cuballama_oficial\/","https:\/\/www.youtube.com\/channel\/UCKkFE-d_axENGZcrc4as0IA"]},{"@type":"Person","@id":"https:\/\/www.cuballama.com\/noticias\/#\/schema\/person\/86cd3e3f4974437f031211213bf892d5","name":"Kathy","url":"https:\/\/www.cuballama.com\/noticias\/author\/kathy\/"}]}},"_links":{"self":[{"href":"https:\/\/www.cuballama.com\/noticias\/wp-json\/wp\/v2\/posts\/255950","targetHints":{"allow":["GET"]}}],"collection":[{"href":"https:\/\/www.cuballama.com\/noticias\/wp-json\/wp\/v2\/posts"}],"about":[{"href":"https:\/\/www.cuballama.com\/noticias\/wp-json\/wp\/v2\/types\/post"}],"author":[{"embeddable":true,"href":"https:\/\/www.cuballama.com\/noticias\/wp-json\/wp\/v2\/users\/30"}],"replies":[{"embeddable":true,"href":"https:\/\/www.cuballama.com\/noticias\/wp-json\/wp\/v2\/comments?post=255950"}],"version-history":[{"count":3,"href":"https:\/\/www.cuballama.com\/noticias\/wp-json\/wp\/v2\/posts\/255950\/revisions"}],"predecessor-version":[{"id":256071,"href":"https:\/\/www.cuballama.com\/noticias\/wp-json\/wp\/v2\/posts\/255950\/revisions\/256071"}],"wp:featuredmedia":[{"embeddable":true,"href":"https:\/\/www.cuballama.com\/noticias\/wp-json\/wp\/v2\/media\/255954"}],"wp:attachment":[{"href":"https:\/\/www.cuballama.com\/noticias\/wp-json\/wp\/v2\/media?parent=255950"}],"wp:term":[{"taxonomy":"category","embeddable":true,"href":"https:\/\/www.cuballama.com\/noticias\/wp-json\/wp\/v2\/categories?post=255950"},{"taxonomy":"post_tag","embeddable":true,"href":"https:\/\/www.cuballama.com\/noticias\/wp-json\/wp\/v2\/tags?post=255950"}],"curies":[{"name":"wp","href":"https:\/\/api.w.org\/{rel}","templated":true}]}}